{"id":7708,"date":"2020-12-18T18:15:34","date_gmt":"2020-12-18T18:15:34","guid":{"rendered":"https:\/\/vasasbasket.hu\/?p=7708"},"modified":"2020-12-18T18:15:34","modified_gmt":"2020-12-18T18:15:34","slug":"elszenvedte-masodik-vereseget-junior-csapatunk","status":"publish","type":"post","link":"https:\/\/vasasbasket.hu\/index.php\/elszenvedte-masodik-vereseget-junior-csapatunk\/","title":{"rendered":"Elszenvedte m\u00e1sodik veres\u00e9g\u00e9t junior csapatunk"},"content":{"rendered":"<p><strong>A hi\u00e1nyz\u00f3kkal fel\u00e1ll\u00f3 U18-as csapatunk szerd\u00e1n a Csata DSE otthon\u00e1ban l\u00e9pett p\u00e1ly\u00e1ra. Beragadtunk a rajtn\u00e1l, hi\u00e1nyzott a t\u0171z, \u00edgy ellenfel\u00fcnk gy\u0151zni tudott, csapatunk pedig elszenvedte az alapszakasz m\u00e1sodik m\u00e1sodik veres\u00e9g\u00e9t.<\/strong><\/p>\n<p><em>&#8222;A megszokott energia \u00e9s koncentr\u00e1ci\u00f3 hi\u00e1nyzott a csapatb\u00f3l, rengeteg hib\u00e1t v\u00e9tett\u00fcnk t\u00e1mad\u00e1sban \u00e9s v\u00e9dekez\u00e9sben egyar\u00e1nt. K\u00e9zbe adtuk ellenfel\u00fcnknek az ir\u00e1ny\u00edt\u00e1st, mely egyre agressz\u00edvabban \u00e9s hat\u00e9konyabban j\u00e1tszott. Keret\u00fcnk sem volt teljes, h\u00e1rom j\u00e1t\u00e9kosunk is hi\u00e1nyzott s\u00e9r\u00fcl\u00e9s miatt a tal\u00e1lkoz\u00f3r\u00f3l, nem tudtuk megfelel\u0151en sz\u00e9tosztani a szerepeket. Ennek ellen\u00e9re k\u00e9pesek lett\u00fcnk volna sokkal jobb j\u00e1t\u00e9kra, ha jobb d\u00f6nt\u00e9seket hozunk \u00e9s nem hib\u00e1zunk annyit. Rem\u00e9lem mindenki lesz\u0171ri a tanuls\u00e1gokat, hiszen a veres\u00e9g mindig f\u00e1jdalmas, azonban az ahogy j\u00e1tszottunk m\u00e9g f\u00e1j\u00f3bb. Fontos, hogy csapatk\u00e9nt k\u00fczdj\u00fcnk tov\u00e1bb , hiszen sok munka kell m\u00e9g ahhoz, hogy el\u00e9rj\u00fck c\u00e9ljainkat. K\u00fcl\u00f6n kiemeln\u00e9m <\/em><span style=\"color: #000000;\"><em>Bartos Blanka (11 IBM, 7 pont, 2\/2 tripla, 2 szerzett labda), Kun Rita (12 IBM, 3 pont, 9 lepattan\u00f3) \u00e9s Kuncz Petra (9 IBM, 7 pont, 5 lepattan\u00f3, 4 kiharcolt fault) j\u00e1t\u00e9k\u00e1t&#8221;<\/em> &#8211; mondta a csapat edz\u0151je, Igor Skocovski.\u00a0<\/span><\/p>\n<p>Csata DSE <strong>&#8211; Vasas Akad\u00e9mia 80-47 <\/strong>(24-15, 24-9, 19-3, 13-20)<br \/>\n<em>Pontszerz\u0151k:<\/em><br \/>\n<strong>Csata DSE:<\/strong> Balogh L. 15, Rakita L. 10, Polg\u00e1ri M. 14, Kastl D. 4, Strausz E, 14, Farkas L., Gy\u00f6ngy\u00f6si J. 15, Bajz\u00e1th L., Farkas Sz., Gelei K. 8<br \/>\n<strong>Vasas Akad\u00e9mia:<\/strong> Antal F. 6, Van Rijs L.2, D\u00fal T. 3, Sikl\u00f3s D. 6., Kuncz P. 7, L\u0151rinczy P. 13, Kun R. 3, Nagy L., Bartos B. 7, Vukmir A., Kuncz B. 2, T\u00f3bel L.<\/p>\n","protected":false},"excerpt":{"rendered":"<p>A hi\u00e1nyz\u00f3kkal fel\u00e1ll\u00f3 U18-as csapatunk szerd\u00e1n a Csata DSE otthon\u00e1ban l\u00e9pett p\u00e1ly\u00e1ra. Beragadtunk a rajtn\u00e1l, hi\u00e1nyzott a t\u0171z, \u00edgy ellenfel\u00fcnk gy\u0151zni tudott, csapatunk pedig elszenvedte az alapszakasz m\u00e1sodik m\u00e1sodik veres\u00e9g\u00e9t. &#8222;A megszokott energia \u00e9s koncentr\u00e1ci\u00f3 hi\u00e1nyzott a csapatb\u00f3l, rengeteg hib\u00e1t v\u00e9tett\u00fcnk t\u00e1mad\u00e1sban \u00e9s v\u00e9dekez\u00e9sben egyar\u00e1nt. K\u00e9zbe adtuk ellenfel\u00fcnknek az ir\u00e1ny\u00edt\u00e1st, mely egyre agressz\u00edvabban \u00e9s hat\u00e9konyabban&#8230;<\/p>\n","protected":false},"author":1,"featured_media":7709,"comment_status":"closed","ping_status":"open","sticky":false,"template":"","format":"standard","meta":{"footnotes":""},"categories":[50,92],"tags":[],"class_list":["post-7708","post","type-post","status-publish","format-standard","has-post-thumbnail","hentry","category-junior","category-hirek"],"yoast_head":"<!-- This site is optimized with the Yoast SEO plugin v26.0 - https:\/\/yoast.com\/wordpress\/plugins\/seo\/ -->\n<title>Elszenvedte m\u00e1sodik veres\u00e9g\u00e9t junior csapatunk - Vasas n\u0151i kos\u00e1rlabda<\/title>\n<meta name=\"robots\" content=\"index, follow, max-snippet:-1, max-image-preview:large, max-video-preview:-1\" \/>\n<link rel=\"canonical\" href=\"https:\/\/vasasbasket.hu\/index.php\/elszenvedte-masodik-vereseget-junior-csapatunk\/\" \/>\n<meta property=\"og:locale\" content=\"hu_HU\" \/>\n<meta property=\"og:type\" content=\"article\" \/>\n<meta property=\"og:title\" content=\"Elszenvedte m\u00e1sodik veres\u00e9g\u00e9t junior csapatunk - Vasas n\u0151i kos\u00e1rlabda\" \/>\n<meta property=\"og:description\" content=\"A hi\u00e1nyz\u00f3kkal fel\u00e1ll\u00f3 U18-as csapatunk szerd\u00e1n a Csata DSE otthon\u00e1ban l\u00e9pett p\u00e1ly\u00e1ra. Beragadtunk a rajtn\u00e1l, hi\u00e1nyzott a t\u0171z, \u00edgy ellenfel\u00fcnk gy\u0151zni tudott, csapatunk pedig elszenvedte az alapszakasz m\u00e1sodik m\u00e1sodik veres\u00e9g\u00e9t. &#8222;A megszokott energia \u00e9s koncentr\u00e1ci\u00f3 hi\u00e1nyzott a csapatb\u00f3l, rengeteg hib\u00e1t v\u00e9tett\u00fcnk t\u00e1mad\u00e1sban \u00e9s v\u00e9dekez\u00e9sben egyar\u00e1nt. K\u00e9zbe adtuk ellenfel\u00fcnknek az ir\u00e1ny\u00edt\u00e1st, mely egyre agressz\u00edvabban \u00e9s hat\u00e9konyabban...\" \/>\n<meta property=\"og:url\" content=\"https:\/\/vasasbasket.hu\/index.php\/elszenvedte-masodik-vereseget-junior-csapatunk\/\" \/>\n<meta property=\"og:site_name\" content=\"Vasas n\u0151i kos\u00e1rlabda\" \/>\n<meta property=\"article:publisher\" content=\"https:\/\/www.facebook.com\/vasaswbasket\/\" \/>\n<meta property=\"article:published_time\" content=\"2020-12-18T18:15:34+00:00\" \/>\n<meta property=\"og:image\" content=\"https:\/\/vasasbasket.hu\/wp-content\/uploads\/2020\/12\/87544691_496024628017173_2375742463789760512_n-1-scaled.jpg\" \/>\n\t<meta property=\"og:image:width\" content=\"2560\" \/>\n\t<meta property=\"og:image:height\" content=\"1920\" \/>\n\t<meta property=\"og:image:type\" content=\"image\/jpeg\" \/>\n<meta name=\"author\" content=\"admin\" \/>\n<meta name=\"twitter:card\" content=\"summary_large_image\" \/>\n<meta name=\"twitter:label1\" content=\"Szerz\u0151:\" \/>\n\t<meta name=\"twitter:data1\" content=\"admin\" \/>\n\t<meta name=\"twitter:label2\" content=\"Becs\u00fclt olvas\u00e1si id\u0151\" \/>\n\t<meta name=\"twitter:data2\" content=\"2 perc\" \/>\n<script type=\"application\/ld+json\" class=\"yoast-schema-graph\">{\"@context\":\"https:\/\/schema.org\",\"@graph\":[{\"@type\":\"Article\",\"@id\":\"https:\/\/vasasbasket.hu\/index.php\/elszenvedte-masodik-vereseget-junior-csapatunk\/#article\",\"isPartOf\":{\"@id\":\"https:\/\/vasasbasket.hu\/index.php\/elszenvedte-masodik-vereseget-junior-csapatunk\/\"},\"author\":{\"name\":\"admin\",\"@id\":\"https:\/\/vasasbasket.hu\/#\/schema\/person\/f1085f4d2c6582d8d0f977e92de2edee\"},\"headline\":\"Elszenvedte m\u00e1sodik veres\u00e9g\u00e9t junior csapatunk\",\"datePublished\":\"2020-12-18T18:15:34+00:00\",\"mainEntityOfPage\":{\"@id\":\"https:\/\/vasasbasket.hu\/index.php\/elszenvedte-masodik-vereseget-junior-csapatunk\/\"},\"wordCount\":311,\"publisher\":{\"@id\":\"https:\/\/vasasbasket.hu\/#organization\"},\"image\":{\"@id\":\"https:\/\/vasasbasket.hu\/index.php\/elszenvedte-masodik-vereseget-junior-csapatunk\/#primaryimage\"},\"thumbnailUrl\":\"https:\/\/vasasbasket.hu\/wp-content\/uploads\/2020\/12\/87544691_496024628017173_2375742463789760512_n-1-scaled.jpg\",\"articleSection\":[\"Junior\",\"\u00d6sszes H\u00edr\"],\"inLanguage\":\"hu\"},{\"@type\":\"WebPage\",\"@id\":\"https:\/\/vasasbasket.hu\/index.php\/elszenvedte-masodik-vereseget-junior-csapatunk\/\",\"url\":\"https:\/\/vasasbasket.hu\/index.php\/elszenvedte-masodik-vereseget-junior-csapatunk\/\",\"name\":\"Elszenvedte m\u00e1sodik veres\u00e9g\u00e9t junior csapatunk - Vasas n\u0151i kos\u00e1rlabda\",\"isPartOf\":{\"@id\":\"https:\/\/vasasbasket.hu\/#website\"},\"primaryImageOfPage\":{\"@id\":\"https:\/\/vasasbasket.hu\/index.php\/elszenvedte-masodik-vereseget-junior-csapatunk\/#primaryimage\"},\"image\":{\"@id\":\"https:\/\/vasasbasket.hu\/index.php\/elszenvedte-masodik-vereseget-junior-csapatunk\/#primaryimage\"},\"thumbnailUrl\":\"https:\/\/vasasbasket.hu\/wp-content\/uploads\/2020\/12\/87544691_496024628017173_2375742463789760512_n-1-scaled.jpg\",\"datePublished\":\"2020-12-18T18:15:34+00:00\",\"breadcrumb\":{\"@id\":\"https:\/\/vasasbasket.hu\/index.php\/elszenvedte-masodik-vereseget-junior-csapatunk\/#breadcrumb\"},\"inLanguage\":\"hu\",\"potentialAction\":[{\"@type\":\"ReadAction\",\"target\":[\"https:\/\/vasasbasket.hu\/index.php\/elszenvedte-masodik-vereseget-junior-csapatunk\/\"]}]},{\"@type\":\"ImageObject\",\"inLanguage\":\"hu\",\"@id\":\"https:\/\/vasasbasket.hu\/index.php\/elszenvedte-masodik-vereseget-junior-csapatunk\/#primaryimage\",\"url\":\"https:\/\/vasasbasket.hu\/wp-content\/uploads\/2020\/12\/87544691_496024628017173_2375742463789760512_n-1-scaled.jpg\",\"contentUrl\":\"https:\/\/vasasbasket.hu\/wp-content\/uploads\/2020\/12\/87544691_496024628017173_2375742463789760512_n-1-scaled.jpg\",\"width\":2560,\"height\":1920},{\"@type\":\"BreadcrumbList\",\"@id\":\"https:\/\/vasasbasket.hu\/index.php\/elszenvedte-masodik-vereseget-junior-csapatunk\/#breadcrumb\",\"itemListElement\":[{\"@type\":\"ListItem\",\"position\":1,\"name\":\"Kezd\u0151lap\",\"item\":\"https:\/\/vasasbasket.hu\/\"},{\"@type\":\"ListItem\",\"position\":2,\"name\":\"Elszenvedte m\u00e1sodik veres\u00e9g\u00e9t junior csapatunk\"}]},{\"@type\":\"WebSite\",\"@id\":\"https:\/\/vasasbasket.hu\/#website\",\"url\":\"https:\/\/vasasbasket.hu\/\",\"name\":\"Vasas n\u0151i kos\u00e1rlabda\",\"description\":\"Vasas Basket N\u0151i\",\"publisher\":{\"@id\":\"https:\/\/vasasbasket.hu\/#organization\"},\"potentialAction\":[{\"@type\":\"SearchAction\",\"target\":{\"@type\":\"EntryPoint\",\"urlTemplate\":\"https:\/\/vasasbasket.hu\/?s={search_term_string}\"},\"query-input\":{\"@type\":\"PropertyValueSpecification\",\"valueRequired\":true,\"valueName\":\"search_term_string\"}}],\"inLanguage\":\"hu\"},{\"@type\":\"Organization\",\"@id\":\"https:\/\/vasasbasket.hu\/#organization\",\"name\":\"Vasas n\u0151i kos\u00e1rlabda\",\"url\":\"https:\/\/vasasbasket.hu\/\",\"logo\":{\"@type\":\"ImageObject\",\"inLanguage\":\"hu\",\"@id\":\"https:\/\/vasasbasket.hu\/#\/schema\/logo\/image\/\",\"url\":\"https:\/\/vasasbasket.hu\/wp-content\/uploads\/2017\/03\/vasas_cimer_1200.jpg\",\"contentUrl\":\"https:\/\/vasasbasket.hu\/wp-content\/uploads\/2017\/03\/vasas_cimer_1200.jpg\",\"width\":1200,\"height\":1200,\"caption\":\"Vasas n\u0151i kos\u00e1rlabda\"},\"image\":{\"@id\":\"https:\/\/vasasbasket.hu\/#\/schema\/logo\/image\/\"},\"sameAs\":[\"https:\/\/www.facebook.com\/vasaswbasket\/\"]},{\"@type\":\"Person\",\"@id\":\"https:\/\/vasasbasket.hu\/#\/schema\/person\/f1085f4d2c6582d8d0f977e92de2edee\",\"name\":\"admin\",\"image\":{\"@type\":\"ImageObject\",\"inLanguage\":\"hu\",\"@id\":\"https:\/\/vasasbasket.hu\/#\/schema\/person\/image\/\",\"url\":\"https:\/\/secure.gravatar.com\/avatar\/645c92f7d9cfe02bd93ce2d1cfa11cd3a268bdfe65486552ff04b193cea07634?s=96&d=mm&r=g\",\"contentUrl\":\"https:\/\/secure.gravatar.com\/avatar\/645c92f7d9cfe02bd93ce2d1cfa11cd3a268bdfe65486552ff04b193cea07634?s=96&d=mm&r=g\",\"caption\":\"admin\"},\"url\":\"https:\/\/vasasbasket.hu\/index.php\/author\/admin\/\"}]}<\/script>\n<!-- \/ Yoast SEO plugin. -->","yoast_head_json":{"title":"Elszenvedte m\u00e1sodik veres\u00e9g\u00e9t junior csapatunk - Vasas n\u0151i kos\u00e1rlabda","robots":{"index":"index","follow":"follow","max-snippet":"max-snippet:-1","max-image-preview":"max-image-preview:large","max-video-preview":"max-video-preview:-1"},"canonical":"https:\/\/vasasbasket.hu\/index.php\/elszenvedte-masodik-vereseget-junior-csapatunk\/","og_locale":"hu_HU","og_type":"article","og_title":"Elszenvedte m\u00e1sodik veres\u00e9g\u00e9t junior csapatunk - Vasas n\u0151i kos\u00e1rlabda","og_description":"A hi\u00e1nyz\u00f3kkal fel\u00e1ll\u00f3 U18-as csapatunk szerd\u00e1n a Csata DSE otthon\u00e1ban l\u00e9pett p\u00e1ly\u00e1ra. Beragadtunk a rajtn\u00e1l, hi\u00e1nyzott a t\u0171z, \u00edgy ellenfel\u00fcnk gy\u0151zni tudott, csapatunk pedig elszenvedte az alapszakasz m\u00e1sodik m\u00e1sodik veres\u00e9g\u00e9t. &#8222;A megszokott energia \u00e9s koncentr\u00e1ci\u00f3 hi\u00e1nyzott a csapatb\u00f3l, rengeteg hib\u00e1t v\u00e9tett\u00fcnk t\u00e1mad\u00e1sban \u00e9s v\u00e9dekez\u00e9sben egyar\u00e1nt. K\u00e9zbe adtuk ellenfel\u00fcnknek az ir\u00e1ny\u00edt\u00e1st, mely egyre agressz\u00edvabban \u00e9s hat\u00e9konyabban...","og_url":"https:\/\/vasasbasket.hu\/index.php\/elszenvedte-masodik-vereseget-junior-csapatunk\/","og_site_name":"Vasas n\u0151i kos\u00e1rlabda","article_publisher":"https:\/\/www.facebook.com\/vasaswbasket\/","article_published_time":"2020-12-18T18:15:34+00:00","og_image":[{"width":2560,"height":1920,"url":"https:\/\/vasasbasket.hu\/wp-content\/uploads\/2020\/12\/87544691_496024628017173_2375742463789760512_n-1-scaled.jpg","type":"image\/jpeg"}],"author":"admin","twitter_card":"summary_large_image","twitter_misc":{"Szerz\u0151:":"admin","Becs\u00fclt olvas\u00e1si id\u0151":"2 perc"},"schema":{"@context":"https:\/\/schema.org","@graph":[{"@type":"Article","@id":"https:\/\/vasasbasket.hu\/index.php\/elszenvedte-masodik-vereseget-junior-csapatunk\/#article","isPartOf":{"@id":"https:\/\/vasasbasket.hu\/index.php\/elszenvedte-masodik-vereseget-junior-csapatunk\/"},"author":{"name":"admin","@id":"https:\/\/vasasbasket.hu\/#\/schema\/person\/f1085f4d2c6582d8d0f977e92de2edee"},"headline":"Elszenvedte m\u00e1sodik veres\u00e9g\u00e9t junior csapatunk","datePublished":"2020-12-18T18:15:34+00:00","mainEntityOfPage":{"@id":"https:\/\/vasasbasket.hu\/index.php\/elszenvedte-masodik-vereseget-junior-csapatunk\/"},"wordCount":311,"publisher":{"@id":"https:\/\/vasasbasket.hu\/#organization"},"image":{"@id":"https:\/\/vasasbasket.hu\/index.php\/elszenvedte-masodik-vereseget-junior-csapatunk\/#primaryimage"},"thumbnailUrl":"https:\/\/vasasbasket.hu\/wp-content\/uploads\/2020\/12\/87544691_496024628017173_2375742463789760512_n-1-scaled.jpg","articleSection":["Junior","\u00d6sszes H\u00edr"],"inLanguage":"hu"},{"@type":"WebPage","@id":"https:\/\/vasasbasket.hu\/index.php\/elszenvedte-masodik-vereseget-junior-csapatunk\/","url":"https:\/\/vasasbasket.hu\/index.php\/elszenvedte-masodik-vereseget-junior-csapatunk\/","name":"Elszenvedte m\u00e1sodik veres\u00e9g\u00e9t junior csapatunk - Vasas n\u0151i kos\u00e1rlabda","isPartOf":{"@id":"https:\/\/vasasbasket.hu\/#website"},"primaryImageOfPage":{"@id":"https:\/\/vasasbasket.hu\/index.php\/elszenvedte-masodik-vereseget-junior-csapatunk\/#primaryimage"},"image":{"@id":"https:\/\/vasasbasket.hu\/index.php\/elszenvedte-masodik-vereseget-junior-csapatunk\/#primaryimage"},"thumbnailUrl":"https:\/\/vasasbasket.hu\/wp-content\/uploads\/2020\/12\/87544691_496024628017173_2375742463789760512_n-1-scaled.jpg","datePublished":"2020-12-18T18:15:34+00:00","breadcrumb":{"@id":"https:\/\/vasasbasket.hu\/index.php\/elszenvedte-masodik-vereseget-junior-csapatunk\/#breadcrumb"},"inLanguage":"hu","potentialAction":[{"@type":"ReadAction","target":["https:\/\/vasasbasket.hu\/index.php\/elszenvedte-masodik-vereseget-junior-csapatunk\/"]}]},{"@type":"ImageObject","inLanguage":"hu","@id":"https:\/\/vasasbasket.hu\/index.php\/elszenvedte-masodik-vereseget-junior-csapatunk\/#primaryimage","url":"https:\/\/vasasbasket.hu\/wp-content\/uploads\/2020\/12\/87544691_496024628017173_2375742463789760512_n-1-scaled.jpg","contentUrl":"https:\/\/vasasbasket.hu\/wp-content\/uploads\/2020\/12\/87544691_496024628017173_2375742463789760512_n-1-scaled.jpg","width":2560,"height":1920},{"@type":"BreadcrumbList","@id":"https:\/\/vasasbasket.hu\/index.php\/elszenvedte-masodik-vereseget-junior-csapatunk\/#breadcrumb","itemListElement":[{"@type":"ListItem","position":1,"name":"Kezd\u0151lap","item":"https:\/\/vasasbasket.hu\/"},{"@type":"ListItem","position":2,"name":"Elszenvedte m\u00e1sodik veres\u00e9g\u00e9t junior csapatunk"}]},{"@type":"WebSite","@id":"https:\/\/vasasbasket.hu\/#website","url":"https:\/\/vasasbasket.hu\/","name":"Vasas n\u0151i kos\u00e1rlabda","description":"Vasas Basket N\u0151i","publisher":{"@id":"https:\/\/vasasbasket.hu\/#organization"},"potentialAction":[{"@type":"SearchAction","target":{"@type":"EntryPoint","urlTemplate":"https:\/\/vasasbasket.hu\/?s={search_term_string}"},"query-input":{"@type":"PropertyValueSpecification","valueRequired":true,"valueName":"search_term_string"}}],"inLanguage":"hu"},{"@type":"Organization","@id":"https:\/\/vasasbasket.hu\/#organization","name":"Vasas n\u0151i kos\u00e1rlabda","url":"https:\/\/vasasbasket.hu\/","logo":{"@type":"ImageObject","inLanguage":"hu","@id":"https:\/\/vasasbasket.hu\/#\/schema\/logo\/image\/","url":"https:\/\/vasasbasket.hu\/wp-content\/uploads\/2017\/03\/vasas_cimer_1200.jpg","contentUrl":"https:\/\/vasasbasket.hu\/wp-content\/uploads\/2017\/03\/vasas_cimer_1200.jpg","width":1200,"height":1200,"caption":"Vasas n\u0151i kos\u00e1rlabda"},"image":{"@id":"https:\/\/vasasbasket.hu\/#\/schema\/logo\/image\/"},"sameAs":["https:\/\/www.facebook.com\/vasaswbasket\/"]},{"@type":"Person","@id":"https:\/\/vasasbasket.hu\/#\/schema\/person\/f1085f4d2c6582d8d0f977e92de2edee","name":"admin","image":{"@type":"ImageObject","inLanguage":"hu","@id":"https:\/\/vasasbasket.hu\/#\/schema\/person\/image\/","url":"https:\/\/secure.gravatar.com\/avatar\/645c92f7d9cfe02bd93ce2d1cfa11cd3a268bdfe65486552ff04b193cea07634?s=96&d=mm&r=g","contentUrl":"https:\/\/secure.gravatar.com\/avatar\/645c92f7d9cfe02bd93ce2d1cfa11cd3a268bdfe65486552ff04b193cea07634?s=96&d=mm&r=g","caption":"admin"},"url":"https:\/\/vasasbasket.hu\/index.php\/author\/admin\/"}]}},"_links":{"self":[{"href":"https:\/\/vasasbasket.hu\/index.php\/wp-json\/wp\/v2\/posts\/7708","targetHints":{"allow":["GET"]}}],"collection":[{"href":"https:\/\/vasasbasket.hu\/index.php\/wp-json\/wp\/v2\/posts"}],"about":[{"href":"https:\/\/vasasbasket.hu\/index.php\/wp-json\/wp\/v2\/types\/post"}],"author":[{"embeddable":true,"href":"https:\/\/vasasbasket.hu\/index.php\/wp-json\/wp\/v2\/users\/1"}],"replies":[{"embeddable":true,"href":"https:\/\/vasasbasket.hu\/index.php\/wp-json\/wp\/v2\/comments?post=7708"}],"version-history":[{"count":1,"href":"https:\/\/vasasbasket.hu\/index.php\/wp-json\/wp\/v2\/posts\/7708\/revisions"}],"predecessor-version":[{"id":7710,"href":"https:\/\/vasasbasket.hu\/index.php\/wp-json\/wp\/v2\/posts\/7708\/revisions\/7710"}],"wp:featuredmedia":[{"embeddable":true,"href":"https:\/\/vasasbasket.hu\/index.php\/wp-json\/wp\/v2\/media\/7709"}],"wp:attachment":[{"href":"https:\/\/vasasbasket.hu\/index.php\/wp-json\/wp\/v2\/media?parent=7708"}],"wp:term":[{"taxonomy":"category","embeddable":true,"href":"https:\/\/vasasbasket.hu\/index.php\/wp-json\/wp\/v2\/categories?post=7708"},{"taxonomy":"post_tag","embeddable":true,"href":"https:\/\/vasasbasket.hu\/index.php\/wp-json\/wp\/v2\/tags?post=7708"}],"curies":[{"name":"wp","href":"https:\/\/api.w.org\/{rel}","templated":true}]}}