{"id":7277,"date":"2020-10-15T18:03:42","date_gmt":"2020-10-15T18:03:42","guid":{"rendered":"http:\/\/vasasbasket.hu\/?p=7277"},"modified":"2020-10-15T20:49:58","modified_gmt":"2020-10-15T20:49:58","slug":"u12-es-korosztalyunk-is-megkezdte-a-szezont","status":"publish","type":"post","link":"https:\/\/vasasbasket.hu\/index.php\/u12-es-korosztalyunk-is-megkezdte-a-szezont\/","title":{"rendered":"U12-es koroszt\u00e1lyunk is megkezdte a szezont"},"content":{"rendered":"<p><strong>Elrajtolt a Vasas Amazonok id\u00e9nye, l\u00e1nyaink a Csata \u00e9s a BEAC ellen l\u00e9ptek p\u00e1ly\u00e1ra a nyit\u00e1nyon. Mindk\u00e9t tal\u00e1lkoz\u00f3 komoly k\u00fczdelmet hozott, a kezdeti neh\u00e9zs\u00e9gek ut\u00e1n azonban siker\u00fclt bezsebelni egy gy\u0151zelmet.<\/strong><\/p>\n<p><em>&#8222;Az \u00e9v els\u0151 gyerek meccse d\u00f6c\u00f6g\u0151sen indult, a h\u00e9ten h\u00e1rom j\u00e1t\u00e9kos nem tudott edzeni k\u00fcl\u00f6nb\u00f6z\u0151 okok miatt, \u00edgy a legnagyobb kih\u00edv\u00e1st az jelentette, hogy vas\u00e1rnap reggelre 12 j\u00e1t\u00e9kosunk \u00e1lljon harcra k\u00e9szen a p\u00e1lya sz\u00e9l\u00e9n. Kev\u00e9s lehet\u0151s\u00e9g\u00fcnk volt egy\u00fctt edzeni \u00e9s ez sajnos meg is l\u00e1tszott az els\u0151 meccsen. T\u00f6bb pontatlan passzunkat is kos\u00e1rra v\u00e1ltotta ellenfel\u00fcnk, akiknek rengeteg gyorsind\u00edt\u00e1st engedt\u00fcnk. A m\u00e1sodik f\u00e9lid\u0151re siker\u00fclt picit \u00f6sszeszedni magunkat, a k\u00e9t csapat k\u00f6z\u00f6tti k\u00fcl\u00f6nbs\u00e9g azonban a meccs v\u00e9g\u00e9ig megmaradt. Arra k\u00e9rtem a l\u00e1nyokat, hogy kapj\u00e1k \u00f6ssze magukat, hiszem m\u00e9g egy m\u00e9rk\u0151z\u00e9s h\u00e1tra van. Hatalmas pozit\u00edvum sz\u00e1momra, hogy a csajok egyt\u0151l-egyik v\u00e9gig k\u00fczd\u00f6ttek, a h\u00e1tr\u00e1nyunk ellen\u00e9re sem vesz\u00edtett\u00e9k el lelkesed\u00e9s\u00fcket&#8221;<\/em> &#8211; mondta a csapat edz\u0151je, Farkas Fanni.<\/p>\n<p><strong>Vasas Amazonok &#8211;<\/strong> Csata Csillagok <strong>35-64<br \/>\n<\/strong><em>Pontszerz\u0151k:<\/em><br \/>\n<strong>Vasas Amazonok:<\/strong> Toman Zs\u00f3fi 8, Bodn\u00e1r S\u00e1ri 7, Firle-Kiss Bora 5, Tompa Non\u00f3 4, Karli D\u00f3ri 3, Bacsa Szonja 2, P\u00e1cza Blanki 2, Bogd\u00e1n Fanni 1, M\u00e1rton Lia 1, B\u00e9res-Nagy Szofi 1, Marton Szilvi 1<\/p>\n<p><em>&#8222;A m\u00e1sodik meccsre nem volt sok id\u0151nk felk\u00e9sz\u00fclni, az el\u0151z\u0151 meccs hib\u00e1ib\u00f3l pr\u00f3b\u00e1ltunk tanulni, illetve a pozit\u00edvumokb\u00f3l \u00e9p\u00edtkezni. Fantasztikus j\u00e1t\u00e9kkal kezdt\u00fck a m\u00e9rk\u0151z\u00e9st, els\u0151 \u00f6t\u00f6s\u00fcnknek siker\u00fclt az eg\u00e9sz m\u00e9rk\u0151z\u00e9s hangulat\u00e1t megalapoznia. Agressz\u00edv v\u00e9dekez\u00e9s, gyorsind\u00edt\u00e1sok, gy\u00f6ny\u00f6r\u0171 passzok \u00e9s szuper egy-egy j\u00e1t\u00e9kok voltak jellemz\u0151ek a csapatra. B\u00fcszke vagyok a l\u00e1nyokra, hogy \u00edgy \u00f6sszeszedt\u00e9k magukat, igazi csapatk\u00e9nt arattak ma gy\u0151zelmet&#8221;<\/em> &#8211; \u00e9rt\u00e9kelt Farkas Fanni.<\/p>\n<p>BEAC \u00dajbuda <strong>&#8211; Vasas Amazonok 58-66<br \/>\n<\/strong><em>Pontszerz\u0151k:<\/em><br \/>\n<strong>Vasas Amazonok:<\/strong> Bodn\u00e1r S\u00e1ri 13, T\u00f3th Frotti 12, P\u00e1cza Blanki 10, Karli D\u00f3ri 9, Toman Zs\u00f3fi 5, Bogd\u00e1n Fanni 5, Firle-Kiss Bora 5, Tompa Non\u00f3 4, Marton Szilvi 3<\/p>\n<p>&nbsp;<\/p>\n","protected":false},"excerpt":{"rendered":"<p>Elrajtolt a Vasas Amazonok id\u00e9nye, l\u00e1nyaink a Csata \u00e9s a BEAC ellen l\u00e9ptek p\u00e1ly\u00e1ra a nyit\u00e1nyon. Mindk\u00e9t tal\u00e1lkoz\u00f3 komoly k\u00fczdelmet hozott, a kezdeti neh\u00e9zs\u00e9gek ut\u00e1n azonban siker\u00fclt bezsebelni egy gy\u0151zelmet. &#8222;Az \u00e9v els\u0151 gyerek meccse d\u00f6c\u00f6g\u0151sen indult, a h\u00e9ten h\u00e1rom j\u00e1t\u00e9kos nem tudott edzeni k\u00fcl\u00f6nb\u00f6z\u0151 okok miatt, \u00edgy a legnagyobb kih\u00edv\u00e1st az jelentette, hogy vas\u00e1rnap&#8230;<\/p>\n","protected":false},"author":1,"featured_media":7285,"comment_status":"closed","ping_status":"open","sticky":false,"template":"","format":"standard","meta":{"footnotes":""},"categories":[73,92],"tags":[],"class_list":["post-7277","post","type-post","status-publish","format-standard","has-post-thumbnail","hentry","category-gyerek","category-hirek"],"yoast_head":"<!-- This site is optimized with the Yoast SEO plugin v26.0 - https:\/\/yoast.com\/wordpress\/plugins\/seo\/ -->\n<title>U12-es koroszt\u00e1lyunk is megkezdte a szezont - Vasas n\u0151i kos\u00e1rlabda<\/title>\n<meta name=\"robots\" content=\"index, follow, max-snippet:-1, max-image-preview:large, max-video-preview:-1\" \/>\n<link rel=\"canonical\" href=\"https:\/\/vasasbasket.hu\/index.php\/u12-es-korosztalyunk-is-megkezdte-a-szezont\/\" \/>\n<meta property=\"og:locale\" content=\"hu_HU\" \/>\n<meta property=\"og:type\" content=\"article\" \/>\n<meta property=\"og:title\" content=\"U12-es koroszt\u00e1lyunk is megkezdte a szezont - Vasas n\u0151i kos\u00e1rlabda\" \/>\n<meta property=\"og:description\" content=\"Elrajtolt a Vasas Amazonok id\u00e9nye, l\u00e1nyaink a Csata \u00e9s a BEAC ellen l\u00e9ptek p\u00e1ly\u00e1ra a nyit\u00e1nyon. Mindk\u00e9t tal\u00e1lkoz\u00f3 komoly k\u00fczdelmet hozott, a kezdeti neh\u00e9zs\u00e9gek ut\u00e1n azonban siker\u00fclt bezsebelni egy gy\u0151zelmet. &#8222;Az \u00e9v els\u0151 gyerek meccse d\u00f6c\u00f6g\u0151sen indult, a h\u00e9ten h\u00e1rom j\u00e1t\u00e9kos nem tudott edzeni k\u00fcl\u00f6nb\u00f6z\u0151 okok miatt, \u00edgy a legnagyobb kih\u00edv\u00e1st az jelentette, hogy vas\u00e1rnap...\" \/>\n<meta property=\"og:url\" content=\"https:\/\/vasasbasket.hu\/index.php\/u12-es-korosztalyunk-is-megkezdte-a-szezont\/\" \/>\n<meta property=\"og:site_name\" content=\"Vasas n\u0151i kos\u00e1rlabda\" \/>\n<meta property=\"article:publisher\" content=\"https:\/\/www.facebook.com\/vasaswbasket\/\" \/>\n<meta property=\"article:published_time\" content=\"2020-10-15T18:03:42+00:00\" \/>\n<meta property=\"article:modified_time\" content=\"2020-10-15T20:49:58+00:00\" \/>\n<meta property=\"og:image\" content=\"https:\/\/vasasbasket.hu\/wp-content\/uploads\/2020\/10\/IMG_4107-1-rotated-e1602794985198.jpeg\" \/>\n\t<meta property=\"og:image:width\" content=\"600\" \/>\n\t<meta property=\"og:image:height\" content=\"416\" \/>\n\t<meta property=\"og:image:type\" content=\"image\/jpeg\" \/>\n<meta name=\"author\" content=\"admin\" \/>\n<meta name=\"twitter:card\" content=\"summary_large_image\" \/>\n<meta name=\"twitter:label1\" content=\"Szerz\u0151:\" \/>\n\t<meta name=\"twitter:data1\" content=\"admin\" \/>\n\t<meta name=\"twitter:label2\" content=\"Becs\u00fclt olvas\u00e1si id\u0151\" \/>\n\t<meta name=\"twitter:data2\" content=\"2 perc\" \/>\n<script type=\"application\/ld+json\" class=\"yoast-schema-graph\">{\"@context\":\"https:\/\/schema.org\",\"@graph\":[{\"@type\":\"Article\",\"@id\":\"https:\/\/vasasbasket.hu\/index.php\/u12-es-korosztalyunk-is-megkezdte-a-szezont\/#article\",\"isPartOf\":{\"@id\":\"https:\/\/vasasbasket.hu\/index.php\/u12-es-korosztalyunk-is-megkezdte-a-szezont\/\"},\"author\":{\"name\":\"admin\",\"@id\":\"https:\/\/vasasbasket.hu\/#\/schema\/person\/f1085f4d2c6582d8d0f977e92de2edee\"},\"headline\":\"U12-es koroszt\u00e1lyunk is megkezdte a szezont\",\"datePublished\":\"2020-10-15T18:03:42+00:00\",\"dateModified\":\"2020-10-15T20:49:58+00:00\",\"mainEntityOfPage\":{\"@id\":\"https:\/\/vasasbasket.hu\/index.php\/u12-es-korosztalyunk-is-megkezdte-a-szezont\/\"},\"wordCount\":409,\"publisher\":{\"@id\":\"https:\/\/vasasbasket.hu\/#organization\"},\"image\":{\"@id\":\"https:\/\/vasasbasket.hu\/index.php\/u12-es-korosztalyunk-is-megkezdte-a-szezont\/#primaryimage\"},\"thumbnailUrl\":\"https:\/\/vasasbasket.hu\/wp-content\/uploads\/2020\/10\/IMG_4107-1-rotated-e1602794985198.jpeg\",\"articleSection\":[\"Gyerek\",\"\u00d6sszes H\u00edr\"],\"inLanguage\":\"hu\"},{\"@type\":\"WebPage\",\"@id\":\"https:\/\/vasasbasket.hu\/index.php\/u12-es-korosztalyunk-is-megkezdte-a-szezont\/\",\"url\":\"https:\/\/vasasbasket.hu\/index.php\/u12-es-korosztalyunk-is-megkezdte-a-szezont\/\",\"name\":\"U12-es koroszt\u00e1lyunk is megkezdte a szezont - Vasas n\u0151i kos\u00e1rlabda\",\"isPartOf\":{\"@id\":\"https:\/\/vasasbasket.hu\/#website\"},\"primaryImageOfPage\":{\"@id\":\"https:\/\/vasasbasket.hu\/index.php\/u12-es-korosztalyunk-is-megkezdte-a-szezont\/#primaryimage\"},\"image\":{\"@id\":\"https:\/\/vasasbasket.hu\/index.php\/u12-es-korosztalyunk-is-megkezdte-a-szezont\/#primaryimage\"},\"thumbnailUrl\":\"https:\/\/vasasbasket.hu\/wp-content\/uploads\/2020\/10\/IMG_4107-1-rotated-e1602794985198.jpeg\",\"datePublished\":\"2020-10-15T18:03:42+00:00\",\"dateModified\":\"2020-10-15T20:49:58+00:00\",\"breadcrumb\":{\"@id\":\"https:\/\/vasasbasket.hu\/index.php\/u12-es-korosztalyunk-is-megkezdte-a-szezont\/#breadcrumb\"},\"inLanguage\":\"hu\",\"potentialAction\":[{\"@type\":\"ReadAction\",\"target\":[\"https:\/\/vasasbasket.hu\/index.php\/u12-es-korosztalyunk-is-megkezdte-a-szezont\/\"]}]},{\"@type\":\"ImageObject\",\"inLanguage\":\"hu\",\"@id\":\"https:\/\/vasasbasket.hu\/index.php\/u12-es-korosztalyunk-is-megkezdte-a-szezont\/#primaryimage\",\"url\":\"https:\/\/vasasbasket.hu\/wp-content\/uploads\/2020\/10\/IMG_4107-1-rotated-e1602794985198.jpeg\",\"contentUrl\":\"https:\/\/vasasbasket.hu\/wp-content\/uploads\/2020\/10\/IMG_4107-1-rotated-e1602794985198.jpeg\",\"width\":600,\"height\":416},{\"@type\":\"BreadcrumbList\",\"@id\":\"https:\/\/vasasbasket.hu\/index.php\/u12-es-korosztalyunk-is-megkezdte-a-szezont\/#breadcrumb\",\"itemListElement\":[{\"@type\":\"ListItem\",\"position\":1,\"name\":\"Kezd\u0151lap\",\"item\":\"https:\/\/vasasbasket.hu\/\"},{\"@type\":\"ListItem\",\"position\":2,\"name\":\"U12-es koroszt\u00e1lyunk is megkezdte a szezont\"}]},{\"@type\":\"WebSite\",\"@id\":\"https:\/\/vasasbasket.hu\/#website\",\"url\":\"https:\/\/vasasbasket.hu\/\",\"name\":\"Vasas n\u0151i kos\u00e1rlabda\",\"description\":\"Vasas Basket N\u0151i\",\"publisher\":{\"@id\":\"https:\/\/vasasbasket.hu\/#organization\"},\"potentialAction\":[{\"@type\":\"SearchAction\",\"target\":{\"@type\":\"EntryPoint\",\"urlTemplate\":\"https:\/\/vasasbasket.hu\/?s={search_term_string}\"},\"query-input\":{\"@type\":\"PropertyValueSpecification\",\"valueRequired\":true,\"valueName\":\"search_term_string\"}}],\"inLanguage\":\"hu\"},{\"@type\":\"Organization\",\"@id\":\"https:\/\/vasasbasket.hu\/#organization\",\"name\":\"Vasas n\u0151i kos\u00e1rlabda\",\"url\":\"https:\/\/vasasbasket.hu\/\",\"logo\":{\"@type\":\"ImageObject\",\"inLanguage\":\"hu\",\"@id\":\"https:\/\/vasasbasket.hu\/#\/schema\/logo\/image\/\",\"url\":\"https:\/\/vasasbasket.hu\/wp-content\/uploads\/2017\/03\/vasas_cimer_1200.jpg\",\"contentUrl\":\"https:\/\/vasasbasket.hu\/wp-content\/uploads\/2017\/03\/vasas_cimer_1200.jpg\",\"width\":1200,\"height\":1200,\"caption\":\"Vasas n\u0151i kos\u00e1rlabda\"},\"image\":{\"@id\":\"https:\/\/vasasbasket.hu\/#\/schema\/logo\/image\/\"},\"sameAs\":[\"https:\/\/www.facebook.com\/vasaswbasket\/\"]},{\"@type\":\"Person\",\"@id\":\"https:\/\/vasasbasket.hu\/#\/schema\/person\/f1085f4d2c6582d8d0f977e92de2edee\",\"name\":\"admin\",\"image\":{\"@type\":\"ImageObject\",\"inLanguage\":\"hu\",\"@id\":\"https:\/\/vasasbasket.hu\/#\/schema\/person\/image\/\",\"url\":\"https:\/\/secure.gravatar.com\/avatar\/645c92f7d9cfe02bd93ce2d1cfa11cd3a268bdfe65486552ff04b193cea07634?s=96&d=mm&r=g\",\"contentUrl\":\"https:\/\/secure.gravatar.com\/avatar\/645c92f7d9cfe02bd93ce2d1cfa11cd3a268bdfe65486552ff04b193cea07634?s=96&d=mm&r=g\",\"caption\":\"admin\"},\"url\":\"https:\/\/vasasbasket.hu\/index.php\/author\/admin\/\"}]}<\/script>\n<!-- \/ Yoast SEO plugin. -->","yoast_head_json":{"title":"U12-es koroszt\u00e1lyunk is megkezdte a szezont - Vasas n\u0151i kos\u00e1rlabda","robots":{"index":"index","follow":"follow","max-snippet":"max-snippet:-1","max-image-preview":"max-image-preview:large","max-video-preview":"max-video-preview:-1"},"canonical":"https:\/\/vasasbasket.hu\/index.php\/u12-es-korosztalyunk-is-megkezdte-a-szezont\/","og_locale":"hu_HU","og_type":"article","og_title":"U12-es koroszt\u00e1lyunk is megkezdte a szezont - Vasas n\u0151i kos\u00e1rlabda","og_description":"Elrajtolt a Vasas Amazonok id\u00e9nye, l\u00e1nyaink a Csata \u00e9s a BEAC ellen l\u00e9ptek p\u00e1ly\u00e1ra a nyit\u00e1nyon. Mindk\u00e9t tal\u00e1lkoz\u00f3 komoly k\u00fczdelmet hozott, a kezdeti neh\u00e9zs\u00e9gek ut\u00e1n azonban siker\u00fclt bezsebelni egy gy\u0151zelmet. &#8222;Az \u00e9v els\u0151 gyerek meccse d\u00f6c\u00f6g\u0151sen indult, a h\u00e9ten h\u00e1rom j\u00e1t\u00e9kos nem tudott edzeni k\u00fcl\u00f6nb\u00f6z\u0151 okok miatt, \u00edgy a legnagyobb kih\u00edv\u00e1st az jelentette, hogy vas\u00e1rnap...","og_url":"https:\/\/vasasbasket.hu\/index.php\/u12-es-korosztalyunk-is-megkezdte-a-szezont\/","og_site_name":"Vasas n\u0151i kos\u00e1rlabda","article_publisher":"https:\/\/www.facebook.com\/vasaswbasket\/","article_published_time":"2020-10-15T18:03:42+00:00","article_modified_time":"2020-10-15T20:49:58+00:00","og_image":[{"width":600,"height":416,"url":"https:\/\/vasasbasket.hu\/wp-content\/uploads\/2020\/10\/IMG_4107-1-rotated-e1602794985198.jpeg","type":"image\/jpeg"}],"author":"admin","twitter_card":"summary_large_image","twitter_misc":{"Szerz\u0151:":"admin","Becs\u00fclt olvas\u00e1si id\u0151":"2 perc"},"schema":{"@context":"https:\/\/schema.org","@graph":[{"@type":"Article","@id":"https:\/\/vasasbasket.hu\/index.php\/u12-es-korosztalyunk-is-megkezdte-a-szezont\/#article","isPartOf":{"@id":"https:\/\/vasasbasket.hu\/index.php\/u12-es-korosztalyunk-is-megkezdte-a-szezont\/"},"author":{"name":"admin","@id":"https:\/\/vasasbasket.hu\/#\/schema\/person\/f1085f4d2c6582d8d0f977e92de2edee"},"headline":"U12-es koroszt\u00e1lyunk is megkezdte a szezont","datePublished":"2020-10-15T18:03:42+00:00","dateModified":"2020-10-15T20:49:58+00:00","mainEntityOfPage":{"@id":"https:\/\/vasasbasket.hu\/index.php\/u12-es-korosztalyunk-is-megkezdte-a-szezont\/"},"wordCount":409,"publisher":{"@id":"https:\/\/vasasbasket.hu\/#organization"},"image":{"@id":"https:\/\/vasasbasket.hu\/index.php\/u12-es-korosztalyunk-is-megkezdte-a-szezont\/#primaryimage"},"thumbnailUrl":"https:\/\/vasasbasket.hu\/wp-content\/uploads\/2020\/10\/IMG_4107-1-rotated-e1602794985198.jpeg","articleSection":["Gyerek","\u00d6sszes H\u00edr"],"inLanguage":"hu"},{"@type":"WebPage","@id":"https:\/\/vasasbasket.hu\/index.php\/u12-es-korosztalyunk-is-megkezdte-a-szezont\/","url":"https:\/\/vasasbasket.hu\/index.php\/u12-es-korosztalyunk-is-megkezdte-a-szezont\/","name":"U12-es koroszt\u00e1lyunk is megkezdte a szezont - Vasas n\u0151i kos\u00e1rlabda","isPartOf":{"@id":"https:\/\/vasasbasket.hu\/#website"},"primaryImageOfPage":{"@id":"https:\/\/vasasbasket.hu\/index.php\/u12-es-korosztalyunk-is-megkezdte-a-szezont\/#primaryimage"},"image":{"@id":"https:\/\/vasasbasket.hu\/index.php\/u12-es-korosztalyunk-is-megkezdte-a-szezont\/#primaryimage"},"thumbnailUrl":"https:\/\/vasasbasket.hu\/wp-content\/uploads\/2020\/10\/IMG_4107-1-rotated-e1602794985198.jpeg","datePublished":"2020-10-15T18:03:42+00:00","dateModified":"2020-10-15T20:49:58+00:00","breadcrumb":{"@id":"https:\/\/vasasbasket.hu\/index.php\/u12-es-korosztalyunk-is-megkezdte-a-szezont\/#breadcrumb"},"inLanguage":"hu","potentialAction":[{"@type":"ReadAction","target":["https:\/\/vasasbasket.hu\/index.php\/u12-es-korosztalyunk-is-megkezdte-a-szezont\/"]}]},{"@type":"ImageObject","inLanguage":"hu","@id":"https:\/\/vasasbasket.hu\/index.php\/u12-es-korosztalyunk-is-megkezdte-a-szezont\/#primaryimage","url":"https:\/\/vasasbasket.hu\/wp-content\/uploads\/2020\/10\/IMG_4107-1-rotated-e1602794985198.jpeg","contentUrl":"https:\/\/vasasbasket.hu\/wp-content\/uploads\/2020\/10\/IMG_4107-1-rotated-e1602794985198.jpeg","width":600,"height":416},{"@type":"BreadcrumbList","@id":"https:\/\/vasasbasket.hu\/index.php\/u12-es-korosztalyunk-is-megkezdte-a-szezont\/#breadcrumb","itemListElement":[{"@type":"ListItem","position":1,"name":"Kezd\u0151lap","item":"https:\/\/vasasbasket.hu\/"},{"@type":"ListItem","position":2,"name":"U12-es koroszt\u00e1lyunk is megkezdte a szezont"}]},{"@type":"WebSite","@id":"https:\/\/vasasbasket.hu\/#website","url":"https:\/\/vasasbasket.hu\/","name":"Vasas n\u0151i kos\u00e1rlabda","description":"Vasas Basket N\u0151i","publisher":{"@id":"https:\/\/vasasbasket.hu\/#organization"},"potentialAction":[{"@type":"SearchAction","target":{"@type":"EntryPoint","urlTemplate":"https:\/\/vasasbasket.hu\/?s={search_term_string}"},"query-input":{"@type":"PropertyValueSpecification","valueRequired":true,"valueName":"search_term_string"}}],"inLanguage":"hu"},{"@type":"Organization","@id":"https:\/\/vasasbasket.hu\/#organization","name":"Vasas n\u0151i kos\u00e1rlabda","url":"https:\/\/vasasbasket.hu\/","logo":{"@type":"ImageObject","inLanguage":"hu","@id":"https:\/\/vasasbasket.hu\/#\/schema\/logo\/image\/","url":"https:\/\/vasasbasket.hu\/wp-content\/uploads\/2017\/03\/vasas_cimer_1200.jpg","contentUrl":"https:\/\/vasasbasket.hu\/wp-content\/uploads\/2017\/03\/vasas_cimer_1200.jpg","width":1200,"height":1200,"caption":"Vasas n\u0151i kos\u00e1rlabda"},"image":{"@id":"https:\/\/vasasbasket.hu\/#\/schema\/logo\/image\/"},"sameAs":["https:\/\/www.facebook.com\/vasaswbasket\/"]},{"@type":"Person","@id":"https:\/\/vasasbasket.hu\/#\/schema\/person\/f1085f4d2c6582d8d0f977e92de2edee","name":"admin","image":{"@type":"ImageObject","inLanguage":"hu","@id":"https:\/\/vasasbasket.hu\/#\/schema\/person\/image\/","url":"https:\/\/secure.gravatar.com\/avatar\/645c92f7d9cfe02bd93ce2d1cfa11cd3a268bdfe65486552ff04b193cea07634?s=96&d=mm&r=g","contentUrl":"https:\/\/secure.gravatar.com\/avatar\/645c92f7d9cfe02bd93ce2d1cfa11cd3a268bdfe65486552ff04b193cea07634?s=96&d=mm&r=g","caption":"admin"},"url":"https:\/\/vasasbasket.hu\/index.php\/author\/admin\/"}]}},"_links":{"self":[{"href":"https:\/\/vasasbasket.hu\/index.php\/wp-json\/wp\/v2\/posts\/7277","targetHints":{"allow":["GET"]}}],"collection":[{"href":"https:\/\/vasasbasket.hu\/index.php\/wp-json\/wp\/v2\/posts"}],"about":[{"href":"https:\/\/vasasbasket.hu\/index.php\/wp-json\/wp\/v2\/types\/post"}],"author":[{"embeddable":true,"href":"https:\/\/vasasbasket.hu\/index.php\/wp-json\/wp\/v2\/users\/1"}],"replies":[{"embeddable":true,"href":"https:\/\/vasasbasket.hu\/index.php\/wp-json\/wp\/v2\/comments?post=7277"}],"version-history":[{"count":1,"href":"https:\/\/vasasbasket.hu\/index.php\/wp-json\/wp\/v2\/posts\/7277\/revisions"}],"predecessor-version":[{"id":7278,"href":"https:\/\/vasasbasket.hu\/index.php\/wp-json\/wp\/v2\/posts\/7277\/revisions\/7278"}],"wp:featuredmedia":[{"embeddable":true,"href":"https:\/\/vasasbasket.hu\/index.php\/wp-json\/wp\/v2\/media\/7285"}],"wp:attachment":[{"href":"https:\/\/vasasbasket.hu\/index.php\/wp-json\/wp\/v2\/media?parent=7277"}],"wp:term":[{"taxonomy":"category","embeddable":true,"href":"https:\/\/vasasbasket.hu\/index.php\/wp-json\/wp\/v2\/categories?post=7277"},{"taxonomy":"post_tag","embeddable":true,"href":"https:\/\/vasasbasket.hu\/index.php\/wp-json\/wp\/v2\/tags?post=7277"}],"curies":[{"name":"wp","href":"https:\/\/api.w.org\/{rel}","templated":true}]}}