{"id":7259,"date":"2020-10-12T18:07:36","date_gmt":"2020-10-12T18:07:36","guid":{"rendered":"http:\/\/vasasbasket.hu\/?p=7259"},"modified":"2020-10-12T18:07:36","modified_gmt":"2020-10-12T18:07:36","slug":"gyozelemmel-rajtoltak-a-juniorok","status":"publish","type":"post","link":"https:\/\/vasasbasket.hu\/index.php\/gyozelemmel-rajtoltak-a-juniorok\/","title":{"rendered":"Gy\u0151zelemmel rajtoltak a juniorok"},"content":{"rendered":"<p><strong>U18-as csapatunk sz\u00e1m\u00e1ra is megkezd\u0151d\u00f6tt a bajnoks\u00e1g, Igor Skocovski l\u00e1nyai Baj\u00e1ra l\u00e1togattak, ahol magabiztos gy\u0151zelmet arattak.<\/strong><\/p>\n<p><em>&#8222;Kicsit \u00e1lmosan kezdt\u00fck els\u0151 junior bajnoki m\u00e9rk\u0151z\u00e9s\u00fcnket, \u00f6t percet k\u00f6vet\u0151en 6-6 volt az \u00e1ll\u00e1s \u00e9s \u00fagy t\u0171nt, neh\u00e9z m\u00e9rk\u0151z\u00e9s v\u00e1r r\u00e1nk. A hatodik perct\u0151l kezdve stabiliz\u00e1l\u00f3dott a v\u00e9dekez\u00e9s\u00fcnk \u00e9s pontos t\u00e1mad\u00e1sokat hajtottunk v\u00e9gre. Ennek k\u00f6sz\u00f6nhet\u0151en 18-11-es el\u0151nnyel z\u00e1rtuk a j\u00e1t\u00e9kr\u00e9szt. A m\u00e1sodik negyedben szintet l\u00e9pt\u00fcnk, j\u00f3 csapatmunka jellemzett minket. Ellenfel\u00fcnk z\u00f3n\u00e1ra v\u00e1ltott, nem volt azonban t\u00fal eredm\u00e9nyes, hiszen \u00fcltek t\u00e1voli k\u00eds\u00e9rleteink. A f\u00e9lid\u0151 ut\u00e1n \u00f6t percig m\u00e9g a leger\u0151sebb kerettel j\u00e1tszottunk, 53-24-n\u00e9l pedig elkezdt\u00fcnk m\u00e9lyebb rot\u00e1ci\u00f3val j\u00e1tszani. L\u00e1that\u00f3 volt n\u00e9mi visszaes\u00e9s teljes\u00edtm\u00e9ny\u00fcnk, a fiataloknak azonban nagyon fontosak ezek a m\u00e9rk\u0151z\u00e9sek, mi pedig maxim\u00e1lis bizalmat szavazunk nekik. Mindenki kihozta mag\u00e1b\u00f3l a maximumot, \u00edgy dics\u00e9retet \u00e9rdemelnek a l\u00e1nyok. D\u00fal Terka (17 IBM, 15 pont, 6\/4 tripla, 3 szerzet labda), Kuncz Petra (23 IBM, 14 pont, 10 lepattan\u00f3, 3 blokk ) \u00e9s Kun Rita (17 IBM, 11 pont, 7 lepattan\u00f3) nagyon sz\u00e9p munk\u00e1t v\u00e9geztek. Gratul\u00e1lok a l\u00e1nyoknak, fontos gy\u0151zelmet arattunk&#8221;<\/em> &#8211; mondta a csapat edz\u0151je, Igor Skocovski.<\/p>\n<p>Bajai Noi Kosarlabda Klub <strong>&#8211; Vasas Akademia 51-67<\/strong> ( 11-18, 13-28, 8-13, 19-8 )<br \/>\n<em>Pontszerz\u0151k:<\/em><br \/>\n<strong>Bajai Noi Kosarlabda Klub: <\/strong>P\u00e1lfi V. 3, Kov\u00e1cs B. 2, D\u00f3czi M., Schubert L. 3, Tam\u00e1s G. 19, Schubert L. 3, Ors\u00f3s D., M\u00e1rton P., Renkus E. 9, Szab\u00f3 D. 7, Szakonyi K. 8, Szili D.,<br \/>\n<strong>Vasas Akademia:<\/strong> Antal F. 5, Van Rijs L. 4, D\u00fal T. 15, Van Rijs D., Kuncz P. 14, L\u0151rinczy P. 8, Nagy L. 4, Kun R. 11, Kuncz B. 4, Vukmir A., H\u00e1mori B.,T\u00f3bel L. 2<\/p>\n","protected":false},"excerpt":{"rendered":"<p>U18-as csapatunk sz\u00e1m\u00e1ra is megkezd\u0151d\u00f6tt a bajnoks\u00e1g, Igor Skocovski l\u00e1nyai Baj\u00e1ra l\u00e1togattak, ahol magabiztos gy\u0151zelmet arattak. &#8222;Kicsit \u00e1lmosan kezdt\u00fck els\u0151 junior bajnoki m\u00e9rk\u0151z\u00e9s\u00fcnket, \u00f6t percet k\u00f6vet\u0151en 6-6 volt az \u00e1ll\u00e1s \u00e9s \u00fagy t\u0171nt, neh\u00e9z m\u00e9rk\u0151z\u00e9s v\u00e1r r\u00e1nk. A hatodik perct\u0151l kezdve stabiliz\u00e1l\u00f3dott a v\u00e9dekez\u00e9s\u00fcnk \u00e9s pontos t\u00e1mad\u00e1sokat hajtottunk v\u00e9gre. Ennek k\u00f6sz\u00f6nhet\u0151en 18-11-es el\u0151nnyel z\u00e1rtuk a&#8230;<\/p>\n","protected":false},"author":1,"featured_media":7260,"comment_status":"closed","ping_status":"open","sticky":false,"template":"","format":"standard","meta":{"footnotes":""},"categories":[50,92],"tags":[],"class_list":["post-7259","post","type-post","status-publish","format-standard","has-post-thumbnail","hentry","category-junior","category-hirek"],"yoast_head":"<!-- This site is optimized with the Yoast SEO plugin v26.0 - https:\/\/yoast.com\/wordpress\/plugins\/seo\/ -->\n<title>Gy\u0151zelemmel rajtoltak a juniorok - Vasas n\u0151i kos\u00e1rlabda<\/title>\n<meta name=\"robots\" content=\"index, follow, max-snippet:-1, max-image-preview:large, max-video-preview:-1\" \/>\n<link rel=\"canonical\" href=\"https:\/\/vasasbasket.hu\/index.php\/gyozelemmel-rajtoltak-a-juniorok\/\" \/>\n<meta property=\"og:locale\" content=\"hu_HU\" \/>\n<meta property=\"og:type\" content=\"article\" \/>\n<meta property=\"og:title\" content=\"Gy\u0151zelemmel rajtoltak a juniorok - Vasas n\u0151i kos\u00e1rlabda\" \/>\n<meta property=\"og:description\" content=\"U18-as csapatunk sz\u00e1m\u00e1ra is megkezd\u0151d\u00f6tt a bajnoks\u00e1g, Igor Skocovski l\u00e1nyai Baj\u00e1ra l\u00e1togattak, ahol magabiztos gy\u0151zelmet arattak. &#8222;Kicsit \u00e1lmosan kezdt\u00fck els\u0151 junior bajnoki m\u00e9rk\u0151z\u00e9s\u00fcnket, \u00f6t percet k\u00f6vet\u0151en 6-6 volt az \u00e1ll\u00e1s \u00e9s \u00fagy t\u0171nt, neh\u00e9z m\u00e9rk\u0151z\u00e9s v\u00e1r r\u00e1nk. A hatodik perct\u0151l kezdve stabiliz\u00e1l\u00f3dott a v\u00e9dekez\u00e9s\u00fcnk \u00e9s pontos t\u00e1mad\u00e1sokat hajtottunk v\u00e9gre. Ennek k\u00f6sz\u00f6nhet\u0151en 18-11-es el\u0151nnyel z\u00e1rtuk a...\" \/>\n<meta property=\"og:url\" content=\"https:\/\/vasasbasket.hu\/index.php\/gyozelemmel-rajtoltak-a-juniorok\/\" \/>\n<meta property=\"og:site_name\" content=\"Vasas n\u0151i kos\u00e1rlabda\" \/>\n<meta property=\"article:publisher\" content=\"https:\/\/www.facebook.com\/vasaswbasket\/\" \/>\n<meta property=\"article:published_time\" content=\"2020-10-12T18:07:36+00:00\" \/>\n<meta property=\"og:image\" content=\"https:\/\/vasasbasket.hu\/wp-content\/uploads\/2020\/10\/kosarlabda.jpg\" \/>\n\t<meta property=\"og:image:width\" content=\"435\" \/>\n\t<meta property=\"og:image:height\" content=\"436\" \/>\n\t<meta property=\"og:image:type\" content=\"image\/jpeg\" \/>\n<meta name=\"author\" content=\"admin\" \/>\n<meta name=\"twitter:card\" content=\"summary_large_image\" \/>\n<meta name=\"twitter:label1\" content=\"Szerz\u0151:\" \/>\n\t<meta name=\"twitter:data1\" content=\"admin\" \/>\n\t<meta name=\"twitter:label2\" content=\"Becs\u00fclt olvas\u00e1si id\u0151\" \/>\n\t<meta name=\"twitter:data2\" content=\"2 perc\" \/>\n<script type=\"application\/ld+json\" class=\"yoast-schema-graph\">{\"@context\":\"https:\/\/schema.org\",\"@graph\":[{\"@type\":\"Article\",\"@id\":\"https:\/\/vasasbasket.hu\/index.php\/gyozelemmel-rajtoltak-a-juniorok\/#article\",\"isPartOf\":{\"@id\":\"https:\/\/vasasbasket.hu\/index.php\/gyozelemmel-rajtoltak-a-juniorok\/\"},\"author\":{\"name\":\"admin\",\"@id\":\"https:\/\/vasasbasket.hu\/#\/schema\/person\/f1085f4d2c6582d8d0f977e92de2edee\"},\"headline\":\"Gy\u0151zelemmel rajtoltak a juniorok\",\"datePublished\":\"2020-10-12T18:07:36+00:00\",\"mainEntityOfPage\":{\"@id\":\"https:\/\/vasasbasket.hu\/index.php\/gyozelemmel-rajtoltak-a-juniorok\/\"},\"wordCount\":332,\"publisher\":{\"@id\":\"https:\/\/vasasbasket.hu\/#organization\"},\"image\":{\"@id\":\"https:\/\/vasasbasket.hu\/index.php\/gyozelemmel-rajtoltak-a-juniorok\/#primaryimage\"},\"thumbnailUrl\":\"https:\/\/vasasbasket.hu\/wp-content\/uploads\/2020\/10\/kosarlabda.jpg\",\"articleSection\":[\"Junior\",\"\u00d6sszes H\u00edr\"],\"inLanguage\":\"hu\"},{\"@type\":\"WebPage\",\"@id\":\"https:\/\/vasasbasket.hu\/index.php\/gyozelemmel-rajtoltak-a-juniorok\/\",\"url\":\"https:\/\/vasasbasket.hu\/index.php\/gyozelemmel-rajtoltak-a-juniorok\/\",\"name\":\"Gy\u0151zelemmel rajtoltak a juniorok - Vasas n\u0151i kos\u00e1rlabda\",\"isPartOf\":{\"@id\":\"https:\/\/vasasbasket.hu\/#website\"},\"primaryImageOfPage\":{\"@id\":\"https:\/\/vasasbasket.hu\/index.php\/gyozelemmel-rajtoltak-a-juniorok\/#primaryimage\"},\"image\":{\"@id\":\"https:\/\/vasasbasket.hu\/index.php\/gyozelemmel-rajtoltak-a-juniorok\/#primaryimage\"},\"thumbnailUrl\":\"https:\/\/vasasbasket.hu\/wp-content\/uploads\/2020\/10\/kosarlabda.jpg\",\"datePublished\":\"2020-10-12T18:07:36+00:00\",\"breadcrumb\":{\"@id\":\"https:\/\/vasasbasket.hu\/index.php\/gyozelemmel-rajtoltak-a-juniorok\/#breadcrumb\"},\"inLanguage\":\"hu\",\"potentialAction\":[{\"@type\":\"ReadAction\",\"target\":[\"https:\/\/vasasbasket.hu\/index.php\/gyozelemmel-rajtoltak-a-juniorok\/\"]}]},{\"@type\":\"ImageObject\",\"inLanguage\":\"hu\",\"@id\":\"https:\/\/vasasbasket.hu\/index.php\/gyozelemmel-rajtoltak-a-juniorok\/#primaryimage\",\"url\":\"https:\/\/vasasbasket.hu\/wp-content\/uploads\/2020\/10\/kosarlabda.jpg\",\"contentUrl\":\"https:\/\/vasasbasket.hu\/wp-content\/uploads\/2020\/10\/kosarlabda.jpg\",\"width\":435,\"height\":436},{\"@type\":\"BreadcrumbList\",\"@id\":\"https:\/\/vasasbasket.hu\/index.php\/gyozelemmel-rajtoltak-a-juniorok\/#breadcrumb\",\"itemListElement\":[{\"@type\":\"ListItem\",\"position\":1,\"name\":\"Kezd\u0151lap\",\"item\":\"https:\/\/vasasbasket.hu\/\"},{\"@type\":\"ListItem\",\"position\":2,\"name\":\"Gy\u0151zelemmel rajtoltak a juniorok\"}]},{\"@type\":\"WebSite\",\"@id\":\"https:\/\/vasasbasket.hu\/#website\",\"url\":\"https:\/\/vasasbasket.hu\/\",\"name\":\"Vasas n\u0151i kos\u00e1rlabda\",\"description\":\"Vasas Basket N\u0151i\",\"publisher\":{\"@id\":\"https:\/\/vasasbasket.hu\/#organization\"},\"potentialAction\":[{\"@type\":\"SearchAction\",\"target\":{\"@type\":\"EntryPoint\",\"urlTemplate\":\"https:\/\/vasasbasket.hu\/?s={search_term_string}\"},\"query-input\":{\"@type\":\"PropertyValueSpecification\",\"valueRequired\":true,\"valueName\":\"search_term_string\"}}],\"inLanguage\":\"hu\"},{\"@type\":\"Organization\",\"@id\":\"https:\/\/vasasbasket.hu\/#organization\",\"name\":\"Vasas n\u0151i kos\u00e1rlabda\",\"url\":\"https:\/\/vasasbasket.hu\/\",\"logo\":{\"@type\":\"ImageObject\",\"inLanguage\":\"hu\",\"@id\":\"https:\/\/vasasbasket.hu\/#\/schema\/logo\/image\/\",\"url\":\"https:\/\/vasasbasket.hu\/wp-content\/uploads\/2017\/03\/vasas_cimer_1200.jpg\",\"contentUrl\":\"https:\/\/vasasbasket.hu\/wp-content\/uploads\/2017\/03\/vasas_cimer_1200.jpg\",\"width\":1200,\"height\":1200,\"caption\":\"Vasas n\u0151i kos\u00e1rlabda\"},\"image\":{\"@id\":\"https:\/\/vasasbasket.hu\/#\/schema\/logo\/image\/\"},\"sameAs\":[\"https:\/\/www.facebook.com\/vasaswbasket\/\"]},{\"@type\":\"Person\",\"@id\":\"https:\/\/vasasbasket.hu\/#\/schema\/person\/f1085f4d2c6582d8d0f977e92de2edee\",\"name\":\"admin\",\"image\":{\"@type\":\"ImageObject\",\"inLanguage\":\"hu\",\"@id\":\"https:\/\/vasasbasket.hu\/#\/schema\/person\/image\/\",\"url\":\"https:\/\/secure.gravatar.com\/avatar\/645c92f7d9cfe02bd93ce2d1cfa11cd3a268bdfe65486552ff04b193cea07634?s=96&d=mm&r=g\",\"contentUrl\":\"https:\/\/secure.gravatar.com\/avatar\/645c92f7d9cfe02bd93ce2d1cfa11cd3a268bdfe65486552ff04b193cea07634?s=96&d=mm&r=g\",\"caption\":\"admin\"},\"url\":\"https:\/\/vasasbasket.hu\/index.php\/author\/admin\/\"}]}<\/script>\n<!-- \/ Yoast SEO plugin. -->","yoast_head_json":{"title":"Gy\u0151zelemmel rajtoltak a juniorok - Vasas n\u0151i kos\u00e1rlabda","robots":{"index":"index","follow":"follow","max-snippet":"max-snippet:-1","max-image-preview":"max-image-preview:large","max-video-preview":"max-video-preview:-1"},"canonical":"https:\/\/vasasbasket.hu\/index.php\/gyozelemmel-rajtoltak-a-juniorok\/","og_locale":"hu_HU","og_type":"article","og_title":"Gy\u0151zelemmel rajtoltak a juniorok - Vasas n\u0151i kos\u00e1rlabda","og_description":"U18-as csapatunk sz\u00e1m\u00e1ra is megkezd\u0151d\u00f6tt a bajnoks\u00e1g, Igor Skocovski l\u00e1nyai Baj\u00e1ra l\u00e1togattak, ahol magabiztos gy\u0151zelmet arattak. &#8222;Kicsit \u00e1lmosan kezdt\u00fck els\u0151 junior bajnoki m\u00e9rk\u0151z\u00e9s\u00fcnket, \u00f6t percet k\u00f6vet\u0151en 6-6 volt az \u00e1ll\u00e1s \u00e9s \u00fagy t\u0171nt, neh\u00e9z m\u00e9rk\u0151z\u00e9s v\u00e1r r\u00e1nk. A hatodik perct\u0151l kezdve stabiliz\u00e1l\u00f3dott a v\u00e9dekez\u00e9s\u00fcnk \u00e9s pontos t\u00e1mad\u00e1sokat hajtottunk v\u00e9gre. Ennek k\u00f6sz\u00f6nhet\u0151en 18-11-es el\u0151nnyel z\u00e1rtuk a...","og_url":"https:\/\/vasasbasket.hu\/index.php\/gyozelemmel-rajtoltak-a-juniorok\/","og_site_name":"Vasas n\u0151i kos\u00e1rlabda","article_publisher":"https:\/\/www.facebook.com\/vasaswbasket\/","article_published_time":"2020-10-12T18:07:36+00:00","og_image":[{"width":435,"height":436,"url":"https:\/\/vasasbasket.hu\/wp-content\/uploads\/2020\/10\/kosarlabda.jpg","type":"image\/jpeg"}],"author":"admin","twitter_card":"summary_large_image","twitter_misc":{"Szerz\u0151:":"admin","Becs\u00fclt olvas\u00e1si id\u0151":"2 perc"},"schema":{"@context":"https:\/\/schema.org","@graph":[{"@type":"Article","@id":"https:\/\/vasasbasket.hu\/index.php\/gyozelemmel-rajtoltak-a-juniorok\/#article","isPartOf":{"@id":"https:\/\/vasasbasket.hu\/index.php\/gyozelemmel-rajtoltak-a-juniorok\/"},"author":{"name":"admin","@id":"https:\/\/vasasbasket.hu\/#\/schema\/person\/f1085f4d2c6582d8d0f977e92de2edee"},"headline":"Gy\u0151zelemmel rajtoltak a juniorok","datePublished":"2020-10-12T18:07:36+00:00","mainEntityOfPage":{"@id":"https:\/\/vasasbasket.hu\/index.php\/gyozelemmel-rajtoltak-a-juniorok\/"},"wordCount":332,"publisher":{"@id":"https:\/\/vasasbasket.hu\/#organization"},"image":{"@id":"https:\/\/vasasbasket.hu\/index.php\/gyozelemmel-rajtoltak-a-juniorok\/#primaryimage"},"thumbnailUrl":"https:\/\/vasasbasket.hu\/wp-content\/uploads\/2020\/10\/kosarlabda.jpg","articleSection":["Junior","\u00d6sszes H\u00edr"],"inLanguage":"hu"},{"@type":"WebPage","@id":"https:\/\/vasasbasket.hu\/index.php\/gyozelemmel-rajtoltak-a-juniorok\/","url":"https:\/\/vasasbasket.hu\/index.php\/gyozelemmel-rajtoltak-a-juniorok\/","name":"Gy\u0151zelemmel rajtoltak a juniorok - Vasas n\u0151i kos\u00e1rlabda","isPartOf":{"@id":"https:\/\/vasasbasket.hu\/#website"},"primaryImageOfPage":{"@id":"https:\/\/vasasbasket.hu\/index.php\/gyozelemmel-rajtoltak-a-juniorok\/#primaryimage"},"image":{"@id":"https:\/\/vasasbasket.hu\/index.php\/gyozelemmel-rajtoltak-a-juniorok\/#primaryimage"},"thumbnailUrl":"https:\/\/vasasbasket.hu\/wp-content\/uploads\/2020\/10\/kosarlabda.jpg","datePublished":"2020-10-12T18:07:36+00:00","breadcrumb":{"@id":"https:\/\/vasasbasket.hu\/index.php\/gyozelemmel-rajtoltak-a-juniorok\/#breadcrumb"},"inLanguage":"hu","potentialAction":[{"@type":"ReadAction","target":["https:\/\/vasasbasket.hu\/index.php\/gyozelemmel-rajtoltak-a-juniorok\/"]}]},{"@type":"ImageObject","inLanguage":"hu","@id":"https:\/\/vasasbasket.hu\/index.php\/gyozelemmel-rajtoltak-a-juniorok\/#primaryimage","url":"https:\/\/vasasbasket.hu\/wp-content\/uploads\/2020\/10\/kosarlabda.jpg","contentUrl":"https:\/\/vasasbasket.hu\/wp-content\/uploads\/2020\/10\/kosarlabda.jpg","width":435,"height":436},{"@type":"BreadcrumbList","@id":"https:\/\/vasasbasket.hu\/index.php\/gyozelemmel-rajtoltak-a-juniorok\/#breadcrumb","itemListElement":[{"@type":"ListItem","position":1,"name":"Kezd\u0151lap","item":"https:\/\/vasasbasket.hu\/"},{"@type":"ListItem","position":2,"name":"Gy\u0151zelemmel rajtoltak a juniorok"}]},{"@type":"WebSite","@id":"https:\/\/vasasbasket.hu\/#website","url":"https:\/\/vasasbasket.hu\/","name":"Vasas n\u0151i kos\u00e1rlabda","description":"Vasas Basket N\u0151i","publisher":{"@id":"https:\/\/vasasbasket.hu\/#organization"},"potentialAction":[{"@type":"SearchAction","target":{"@type":"EntryPoint","urlTemplate":"https:\/\/vasasbasket.hu\/?s={search_term_string}"},"query-input":{"@type":"PropertyValueSpecification","valueRequired":true,"valueName":"search_term_string"}}],"inLanguage":"hu"},{"@type":"Organization","@id":"https:\/\/vasasbasket.hu\/#organization","name":"Vasas n\u0151i kos\u00e1rlabda","url":"https:\/\/vasasbasket.hu\/","logo":{"@type":"ImageObject","inLanguage":"hu","@id":"https:\/\/vasasbasket.hu\/#\/schema\/logo\/image\/","url":"https:\/\/vasasbasket.hu\/wp-content\/uploads\/2017\/03\/vasas_cimer_1200.jpg","contentUrl":"https:\/\/vasasbasket.hu\/wp-content\/uploads\/2017\/03\/vasas_cimer_1200.jpg","width":1200,"height":1200,"caption":"Vasas n\u0151i kos\u00e1rlabda"},"image":{"@id":"https:\/\/vasasbasket.hu\/#\/schema\/logo\/image\/"},"sameAs":["https:\/\/www.facebook.com\/vasaswbasket\/"]},{"@type":"Person","@id":"https:\/\/vasasbasket.hu\/#\/schema\/person\/f1085f4d2c6582d8d0f977e92de2edee","name":"admin","image":{"@type":"ImageObject","inLanguage":"hu","@id":"https:\/\/vasasbasket.hu\/#\/schema\/person\/image\/","url":"https:\/\/secure.gravatar.com\/avatar\/645c92f7d9cfe02bd93ce2d1cfa11cd3a268bdfe65486552ff04b193cea07634?s=96&d=mm&r=g","contentUrl":"https:\/\/secure.gravatar.com\/avatar\/645c92f7d9cfe02bd93ce2d1cfa11cd3a268bdfe65486552ff04b193cea07634?s=96&d=mm&r=g","caption":"admin"},"url":"https:\/\/vasasbasket.hu\/index.php\/author\/admin\/"}]}},"_links":{"self":[{"href":"https:\/\/vasasbasket.hu\/index.php\/wp-json\/wp\/v2\/posts\/7259","targetHints":{"allow":["GET"]}}],"collection":[{"href":"https:\/\/vasasbasket.hu\/index.php\/wp-json\/wp\/v2\/posts"}],"about":[{"href":"https:\/\/vasasbasket.hu\/index.php\/wp-json\/wp\/v2\/types\/post"}],"author":[{"embeddable":true,"href":"https:\/\/vasasbasket.hu\/index.php\/wp-json\/wp\/v2\/users\/1"}],"replies":[{"embeddable":true,"href":"https:\/\/vasasbasket.hu\/index.php\/wp-json\/wp\/v2\/comments?post=7259"}],"version-history":[{"count":1,"href":"https:\/\/vasasbasket.hu\/index.php\/wp-json\/wp\/v2\/posts\/7259\/revisions"}],"predecessor-version":[{"id":7261,"href":"https:\/\/vasasbasket.hu\/index.php\/wp-json\/wp\/v2\/posts\/7259\/revisions\/7261"}],"wp:featuredmedia":[{"embeddable":true,"href":"https:\/\/vasasbasket.hu\/index.php\/wp-json\/wp\/v2\/media\/7260"}],"wp:attachment":[{"href":"https:\/\/vasasbasket.hu\/index.php\/wp-json\/wp\/v2\/media?parent=7259"}],"wp:term":[{"taxonomy":"category","embeddable":true,"href":"https:\/\/vasasbasket.hu\/index.php\/wp-json\/wp\/v2\/categories?post=7259"},{"taxonomy":"post_tag","embeddable":true,"href":"https:\/\/vasasbasket.hu\/index.php\/wp-json\/wp\/v2\/tags?post=7259"}],"curies":[{"name":"wp","href":"https:\/\/api.w.org\/{rel}","templated":true}]}}