{"id":7058,"date":"2020-08-31T06:35:56","date_gmt":"2020-08-31T06:35:56","guid":{"rendered":"http:\/\/vasasbasket.hu\/?p=7058"},"modified":"2020-08-31T06:35:56","modified_gmt":"2020-08-31T06:35:56","slug":"a-magyar-a-valogatott-aranyermes-debrecenben","status":"publish","type":"post","link":"https:\/\/vasasbasket.hu\/index.php\/a-magyar-a-valogatott-aranyermes-debrecenben\/","title":{"rendered":"A magyar \u201cA\u201d v\u00e1logatott arany\u00e9rmes Debrecenben"},"content":{"rendered":"<p><strong>A magyar \u201cA\u201d v\u00e1logatott 12-10-re legy\u0151zte \u00c9sztorsz\u00e1got \u00e9s megnyerte a debreceni 3\u00d73-as ifj\u00fas\u00e1gi fesztiv\u00e1l le\u00e1ny kos\u00e1rlabda torn\u00e1j\u00e1t. A torna MVP-je a Vasas Akad\u00e9mia j\u00e1t\u00e9kosa, Szerencs\u00e9s Tamara lett. Az All-Star csapatba Tamara mellett Mad\u00e1r Esztert is bev\u00e1lasztott\u00e1k.<\/strong><\/p>\n<p>A h\u00e1rom Vasas Akad\u00e9mia j\u00e1t\u00e9kossal fel\u00e1ll\u00f3\u00a0magyar \u201cA\u201d jel\u0171 v\u00e1logatott a h\u00e9tv\u00e9g\u00e9n veretlen\u00fcl nyerte meg a debreceni 3\u00d73-as ifj\u00fas\u00e1gi fesztiv\u00e1lt Debrecenben.<\/p>\n<p><img loading=\"lazy\" decoding=\"async\" class=\" wp-image-7059 aligncenter\" src=\"http:\/\/vasasbasket.hu\/wp-content\/uploads\/2020\/08\/hun3-1024x576-1.png\" alt=\"\" width=\"601\" height=\"338\" srcset=\"https:\/\/vasasbasket.hu\/wp-content\/uploads\/2020\/08\/hun3-1024x576-1.png 1024w, https:\/\/vasasbasket.hu\/wp-content\/uploads\/2020\/08\/hun3-1024x576-1-570x321.png 570w, https:\/\/vasasbasket.hu\/wp-content\/uploads\/2020\/08\/hun3-1024x576-1-440x248.png 440w, https:\/\/vasasbasket.hu\/wp-content\/uploads\/2020\/08\/hun3-1024x576-1-300x169.png 300w, https:\/\/vasasbasket.hu\/wp-content\/uploads\/2020\/08\/hun3-1024x576-1-768x432.png 768w, https:\/\/vasasbasket.hu\/wp-content\/uploads\/2020\/08\/hun3-1024x576-1-128x72.png 128w, https:\/\/vasasbasket.hu\/wp-content\/uploads\/2020\/08\/hun3-1024x576-1-32x18.png 32w, https:\/\/vasasbasket.hu\/wp-content\/uploads\/2020\/08\/hun3-1024x576-1-98x55.png 98w\" sizes=\"auto, (max-width: 601px) 100vw, 601px\" \/><\/p>\n<p>A Salamon Zs\u00f3fi\u00e1val fel\u00e1ll\u00f3 &#8222;B&#8221; csapat v\u00e9g\u00fcl az \u00f6t\u00f6dik helyen z\u00e1rt.<\/p>\n<p>Gratul\u00e1lunk l\u00e1nyok!<\/p>\n","protected":false},"excerpt":{"rendered":"<p>A magyar \u201cA\u201d v\u00e1logatott 12-10-re legy\u0151zte \u00c9sztorsz\u00e1got \u00e9s megnyerte a debreceni 3\u00d73-as ifj\u00fas\u00e1gi fesztiv\u00e1l le\u00e1ny kos\u00e1rlabda torn\u00e1j\u00e1t. A torna MVP-je a Vasas Akad\u00e9mia j\u00e1t\u00e9kosa, Szerencs\u00e9s Tamara lett. Az All-Star csapatba Tamara mellett Mad\u00e1r Esztert is bev\u00e1lasztott\u00e1k. A h\u00e1rom Vasas Akad\u00e9mia j\u00e1t\u00e9kossal fel\u00e1ll\u00f3\u00a0magyar \u201cA\u201d jel\u0171 v\u00e1logatott a h\u00e9tv\u00e9g\u00e9n veretlen\u00fcl nyerte meg a debreceni 3\u00d73-as ifj\u00fas\u00e1gi fesztiv\u00e1lt&#8230;<\/p>\n","protected":false},"author":1,"featured_media":7060,"comment_status":"closed","ping_status":"open","sticky":false,"template":"","format":"standard","meta":{"footnotes":""},"categories":[91,92],"tags":[],"class_list":["post-7058","post","type-post","status-publish","format-standard","has-post-thumbnail","hentry","category-vasas","category-hirek"],"yoast_head":"<!-- This site is optimized with the Yoast SEO plugin v26.0 - https:\/\/yoast.com\/wordpress\/plugins\/seo\/ -->\n<title>A magyar \u201cA\u201d v\u00e1logatott arany\u00e9rmes Debrecenben - Vasas n\u0151i kos\u00e1rlabda<\/title>\n<meta name=\"robots\" content=\"index, follow, max-snippet:-1, max-image-preview:large, max-video-preview:-1\" \/>\n<link rel=\"canonical\" href=\"https:\/\/vasasbasket.hu\/index.php\/a-magyar-a-valogatott-aranyermes-debrecenben\/\" \/>\n<meta property=\"og:locale\" content=\"hu_HU\" \/>\n<meta property=\"og:type\" content=\"article\" \/>\n<meta property=\"og:title\" content=\"A magyar \u201cA\u201d v\u00e1logatott arany\u00e9rmes Debrecenben - Vasas n\u0151i kos\u00e1rlabda\" \/>\n<meta property=\"og:description\" content=\"A magyar \u201cA\u201d v\u00e1logatott 12-10-re legy\u0151zte \u00c9sztorsz\u00e1got \u00e9s megnyerte a debreceni 3\u00d73-as ifj\u00fas\u00e1gi fesztiv\u00e1l le\u00e1ny kos\u00e1rlabda torn\u00e1j\u00e1t. A torna MVP-je a Vasas Akad\u00e9mia j\u00e1t\u00e9kosa, Szerencs\u00e9s Tamara lett. Az All-Star csapatba Tamara mellett Mad\u00e1r Esztert is bev\u00e1lasztott\u00e1k. A h\u00e1rom Vasas Akad\u00e9mia j\u00e1t\u00e9kossal fel\u00e1ll\u00f3\u00a0magyar \u201cA\u201d jel\u0171 v\u00e1logatott a h\u00e9tv\u00e9g\u00e9n veretlen\u00fcl nyerte meg a debreceni 3\u00d73-as ifj\u00fas\u00e1gi fesztiv\u00e1lt...\" \/>\n<meta property=\"og:url\" content=\"https:\/\/vasasbasket.hu\/index.php\/a-magyar-a-valogatott-aranyermes-debrecenben\/\" \/>\n<meta property=\"og:site_name\" content=\"Vasas n\u0151i kos\u00e1rlabda\" \/>\n<meta property=\"article:publisher\" content=\"https:\/\/www.facebook.com\/vasaswbasket\/\" \/>\n<meta property=\"article:published_time\" content=\"2020-08-31T06:35:56+00:00\" \/>\n<meta property=\"og:image\" content=\"https:\/\/vasasbasket.hu\/wp-content\/uploads\/2020\/08\/hun5-1024x576-1.png\" \/>\n\t<meta property=\"og:image:width\" content=\"1024\" \/>\n\t<meta property=\"og:image:height\" content=\"576\" \/>\n\t<meta property=\"og:image:type\" content=\"image\/png\" \/>\n<meta name=\"author\" content=\"admin\" \/>\n<meta name=\"twitter:card\" content=\"summary_large_image\" \/>\n<meta name=\"twitter:label1\" content=\"Szerz\u0151:\" \/>\n\t<meta name=\"twitter:data1\" content=\"admin\" \/>\n\t<meta name=\"twitter:label2\" content=\"Becs\u00fclt olvas\u00e1si id\u0151\" \/>\n\t<meta name=\"twitter:data2\" content=\"1 perc\" \/>\n<script type=\"application\/ld+json\" class=\"yoast-schema-graph\">{\"@context\":\"https:\/\/schema.org\",\"@graph\":[{\"@type\":\"Article\",\"@id\":\"https:\/\/vasasbasket.hu\/index.php\/a-magyar-a-valogatott-aranyermes-debrecenben\/#article\",\"isPartOf\":{\"@id\":\"https:\/\/vasasbasket.hu\/index.php\/a-magyar-a-valogatott-aranyermes-debrecenben\/\"},\"author\":{\"name\":\"admin\",\"@id\":\"https:\/\/vasasbasket.hu\/#\/schema\/person\/f1085f4d2c6582d8d0f977e92de2edee\"},\"headline\":\"A magyar \u201cA\u201d v\u00e1logatott arany\u00e9rmes Debrecenben\",\"datePublished\":\"2020-08-31T06:35:56+00:00\",\"mainEntityOfPage\":{\"@id\":\"https:\/\/vasasbasket.hu\/index.php\/a-magyar-a-valogatott-aranyermes-debrecenben\/\"},\"wordCount\":118,\"publisher\":{\"@id\":\"https:\/\/vasasbasket.hu\/#organization\"},\"image\":{\"@id\":\"https:\/\/vasasbasket.hu\/index.php\/a-magyar-a-valogatott-aranyermes-debrecenben\/#primaryimage\"},\"thumbnailUrl\":\"https:\/\/vasasbasket.hu\/wp-content\/uploads\/2020\/08\/hun5-1024x576-1.png\",\"articleSection\":[\"V\u00e1logatott H\u00edrek\",\"\u00d6sszes H\u00edr\"],\"inLanguage\":\"hu\"},{\"@type\":\"WebPage\",\"@id\":\"https:\/\/vasasbasket.hu\/index.php\/a-magyar-a-valogatott-aranyermes-debrecenben\/\",\"url\":\"https:\/\/vasasbasket.hu\/index.php\/a-magyar-a-valogatott-aranyermes-debrecenben\/\",\"name\":\"A magyar \u201cA\u201d v\u00e1logatott arany\u00e9rmes Debrecenben - Vasas n\u0151i kos\u00e1rlabda\",\"isPartOf\":{\"@id\":\"https:\/\/vasasbasket.hu\/#website\"},\"primaryImageOfPage\":{\"@id\":\"https:\/\/vasasbasket.hu\/index.php\/a-magyar-a-valogatott-aranyermes-debrecenben\/#primaryimage\"},\"image\":{\"@id\":\"https:\/\/vasasbasket.hu\/index.php\/a-magyar-a-valogatott-aranyermes-debrecenben\/#primaryimage\"},\"thumbnailUrl\":\"https:\/\/vasasbasket.hu\/wp-content\/uploads\/2020\/08\/hun5-1024x576-1.png\",\"datePublished\":\"2020-08-31T06:35:56+00:00\",\"breadcrumb\":{\"@id\":\"https:\/\/vasasbasket.hu\/index.php\/a-magyar-a-valogatott-aranyermes-debrecenben\/#breadcrumb\"},\"inLanguage\":\"hu\",\"potentialAction\":[{\"@type\":\"ReadAction\",\"target\":[\"https:\/\/vasasbasket.hu\/index.php\/a-magyar-a-valogatott-aranyermes-debrecenben\/\"]}]},{\"@type\":\"ImageObject\",\"inLanguage\":\"hu\",\"@id\":\"https:\/\/vasasbasket.hu\/index.php\/a-magyar-a-valogatott-aranyermes-debrecenben\/#primaryimage\",\"url\":\"https:\/\/vasasbasket.hu\/wp-content\/uploads\/2020\/08\/hun5-1024x576-1.png\",\"contentUrl\":\"https:\/\/vasasbasket.hu\/wp-content\/uploads\/2020\/08\/hun5-1024x576-1.png\",\"width\":1024,\"height\":576},{\"@type\":\"BreadcrumbList\",\"@id\":\"https:\/\/vasasbasket.hu\/index.php\/a-magyar-a-valogatott-aranyermes-debrecenben\/#breadcrumb\",\"itemListElement\":[{\"@type\":\"ListItem\",\"position\":1,\"name\":\"Kezd\u0151lap\",\"item\":\"https:\/\/vasasbasket.hu\/\"},{\"@type\":\"ListItem\",\"position\":2,\"name\":\"A magyar \u201cA\u201d v\u00e1logatott arany\u00e9rmes Debrecenben\"}]},{\"@type\":\"WebSite\",\"@id\":\"https:\/\/vasasbasket.hu\/#website\",\"url\":\"https:\/\/vasasbasket.hu\/\",\"name\":\"Vasas n\u0151i kos\u00e1rlabda\",\"description\":\"Vasas Basket N\u0151i\",\"publisher\":{\"@id\":\"https:\/\/vasasbasket.hu\/#organization\"},\"potentialAction\":[{\"@type\":\"SearchAction\",\"target\":{\"@type\":\"EntryPoint\",\"urlTemplate\":\"https:\/\/vasasbasket.hu\/?s={search_term_string}\"},\"query-input\":{\"@type\":\"PropertyValueSpecification\",\"valueRequired\":true,\"valueName\":\"search_term_string\"}}],\"inLanguage\":\"hu\"},{\"@type\":\"Organization\",\"@id\":\"https:\/\/vasasbasket.hu\/#organization\",\"name\":\"Vasas n\u0151i kos\u00e1rlabda\",\"url\":\"https:\/\/vasasbasket.hu\/\",\"logo\":{\"@type\":\"ImageObject\",\"inLanguage\":\"hu\",\"@id\":\"https:\/\/vasasbasket.hu\/#\/schema\/logo\/image\/\",\"url\":\"https:\/\/vasasbasket.hu\/wp-content\/uploads\/2017\/03\/vasas_cimer_1200.jpg\",\"contentUrl\":\"https:\/\/vasasbasket.hu\/wp-content\/uploads\/2017\/03\/vasas_cimer_1200.jpg\",\"width\":1200,\"height\":1200,\"caption\":\"Vasas n\u0151i kos\u00e1rlabda\"},\"image\":{\"@id\":\"https:\/\/vasasbasket.hu\/#\/schema\/logo\/image\/\"},\"sameAs\":[\"https:\/\/www.facebook.com\/vasaswbasket\/\"]},{\"@type\":\"Person\",\"@id\":\"https:\/\/vasasbasket.hu\/#\/schema\/person\/f1085f4d2c6582d8d0f977e92de2edee\",\"name\":\"admin\",\"image\":{\"@type\":\"ImageObject\",\"inLanguage\":\"hu\",\"@id\":\"https:\/\/vasasbasket.hu\/#\/schema\/person\/image\/\",\"url\":\"https:\/\/secure.gravatar.com\/avatar\/645c92f7d9cfe02bd93ce2d1cfa11cd3a268bdfe65486552ff04b193cea07634?s=96&d=mm&r=g\",\"contentUrl\":\"https:\/\/secure.gravatar.com\/avatar\/645c92f7d9cfe02bd93ce2d1cfa11cd3a268bdfe65486552ff04b193cea07634?s=96&d=mm&r=g\",\"caption\":\"admin\"},\"url\":\"https:\/\/vasasbasket.hu\/index.php\/author\/admin\/\"}]}<\/script>\n<!-- \/ Yoast SEO plugin. -->","yoast_head_json":{"title":"A magyar \u201cA\u201d v\u00e1logatott arany\u00e9rmes Debrecenben - Vasas n\u0151i kos\u00e1rlabda","robots":{"index":"index","follow":"follow","max-snippet":"max-snippet:-1","max-image-preview":"max-image-preview:large","max-video-preview":"max-video-preview:-1"},"canonical":"https:\/\/vasasbasket.hu\/index.php\/a-magyar-a-valogatott-aranyermes-debrecenben\/","og_locale":"hu_HU","og_type":"article","og_title":"A magyar \u201cA\u201d v\u00e1logatott arany\u00e9rmes Debrecenben - Vasas n\u0151i kos\u00e1rlabda","og_description":"A magyar \u201cA\u201d v\u00e1logatott 12-10-re legy\u0151zte \u00c9sztorsz\u00e1got \u00e9s megnyerte a debreceni 3\u00d73-as ifj\u00fas\u00e1gi fesztiv\u00e1l le\u00e1ny kos\u00e1rlabda torn\u00e1j\u00e1t. A torna MVP-je a Vasas Akad\u00e9mia j\u00e1t\u00e9kosa, Szerencs\u00e9s Tamara lett. Az All-Star csapatba Tamara mellett Mad\u00e1r Esztert is bev\u00e1lasztott\u00e1k. A h\u00e1rom Vasas Akad\u00e9mia j\u00e1t\u00e9kossal fel\u00e1ll\u00f3\u00a0magyar \u201cA\u201d jel\u0171 v\u00e1logatott a h\u00e9tv\u00e9g\u00e9n veretlen\u00fcl nyerte meg a debreceni 3\u00d73-as ifj\u00fas\u00e1gi fesztiv\u00e1lt...","og_url":"https:\/\/vasasbasket.hu\/index.php\/a-magyar-a-valogatott-aranyermes-debrecenben\/","og_site_name":"Vasas n\u0151i kos\u00e1rlabda","article_publisher":"https:\/\/www.facebook.com\/vasaswbasket\/","article_published_time":"2020-08-31T06:35:56+00:00","og_image":[{"width":1024,"height":576,"url":"https:\/\/vasasbasket.hu\/wp-content\/uploads\/2020\/08\/hun5-1024x576-1.png","type":"image\/png"}],"author":"admin","twitter_card":"summary_large_image","twitter_misc":{"Szerz\u0151:":"admin","Becs\u00fclt olvas\u00e1si id\u0151":"1 perc"},"schema":{"@context":"https:\/\/schema.org","@graph":[{"@type":"Article","@id":"https:\/\/vasasbasket.hu\/index.php\/a-magyar-a-valogatott-aranyermes-debrecenben\/#article","isPartOf":{"@id":"https:\/\/vasasbasket.hu\/index.php\/a-magyar-a-valogatott-aranyermes-debrecenben\/"},"author":{"name":"admin","@id":"https:\/\/vasasbasket.hu\/#\/schema\/person\/f1085f4d2c6582d8d0f977e92de2edee"},"headline":"A magyar \u201cA\u201d v\u00e1logatott arany\u00e9rmes Debrecenben","datePublished":"2020-08-31T06:35:56+00:00","mainEntityOfPage":{"@id":"https:\/\/vasasbasket.hu\/index.php\/a-magyar-a-valogatott-aranyermes-debrecenben\/"},"wordCount":118,"publisher":{"@id":"https:\/\/vasasbasket.hu\/#organization"},"image":{"@id":"https:\/\/vasasbasket.hu\/index.php\/a-magyar-a-valogatott-aranyermes-debrecenben\/#primaryimage"},"thumbnailUrl":"https:\/\/vasasbasket.hu\/wp-content\/uploads\/2020\/08\/hun5-1024x576-1.png","articleSection":["V\u00e1logatott H\u00edrek","\u00d6sszes H\u00edr"],"inLanguage":"hu"},{"@type":"WebPage","@id":"https:\/\/vasasbasket.hu\/index.php\/a-magyar-a-valogatott-aranyermes-debrecenben\/","url":"https:\/\/vasasbasket.hu\/index.php\/a-magyar-a-valogatott-aranyermes-debrecenben\/","name":"A magyar \u201cA\u201d v\u00e1logatott arany\u00e9rmes Debrecenben - Vasas n\u0151i kos\u00e1rlabda","isPartOf":{"@id":"https:\/\/vasasbasket.hu\/#website"},"primaryImageOfPage":{"@id":"https:\/\/vasasbasket.hu\/index.php\/a-magyar-a-valogatott-aranyermes-debrecenben\/#primaryimage"},"image":{"@id":"https:\/\/vasasbasket.hu\/index.php\/a-magyar-a-valogatott-aranyermes-debrecenben\/#primaryimage"},"thumbnailUrl":"https:\/\/vasasbasket.hu\/wp-content\/uploads\/2020\/08\/hun5-1024x576-1.png","datePublished":"2020-08-31T06:35:56+00:00","breadcrumb":{"@id":"https:\/\/vasasbasket.hu\/index.php\/a-magyar-a-valogatott-aranyermes-debrecenben\/#breadcrumb"},"inLanguage":"hu","potentialAction":[{"@type":"ReadAction","target":["https:\/\/vasasbasket.hu\/index.php\/a-magyar-a-valogatott-aranyermes-debrecenben\/"]}]},{"@type":"ImageObject","inLanguage":"hu","@id":"https:\/\/vasasbasket.hu\/index.php\/a-magyar-a-valogatott-aranyermes-debrecenben\/#primaryimage","url":"https:\/\/vasasbasket.hu\/wp-content\/uploads\/2020\/08\/hun5-1024x576-1.png","contentUrl":"https:\/\/vasasbasket.hu\/wp-content\/uploads\/2020\/08\/hun5-1024x576-1.png","width":1024,"height":576},{"@type":"BreadcrumbList","@id":"https:\/\/vasasbasket.hu\/index.php\/a-magyar-a-valogatott-aranyermes-debrecenben\/#breadcrumb","itemListElement":[{"@type":"ListItem","position":1,"name":"Kezd\u0151lap","item":"https:\/\/vasasbasket.hu\/"},{"@type":"ListItem","position":2,"name":"A magyar \u201cA\u201d v\u00e1logatott arany\u00e9rmes Debrecenben"}]},{"@type":"WebSite","@id":"https:\/\/vasasbasket.hu\/#website","url":"https:\/\/vasasbasket.hu\/","name":"Vasas n\u0151i kos\u00e1rlabda","description":"Vasas Basket N\u0151i","publisher":{"@id":"https:\/\/vasasbasket.hu\/#organization"},"potentialAction":[{"@type":"SearchAction","target":{"@type":"EntryPoint","urlTemplate":"https:\/\/vasasbasket.hu\/?s={search_term_string}"},"query-input":{"@type":"PropertyValueSpecification","valueRequired":true,"valueName":"search_term_string"}}],"inLanguage":"hu"},{"@type":"Organization","@id":"https:\/\/vasasbasket.hu\/#organization","name":"Vasas n\u0151i kos\u00e1rlabda","url":"https:\/\/vasasbasket.hu\/","logo":{"@type":"ImageObject","inLanguage":"hu","@id":"https:\/\/vasasbasket.hu\/#\/schema\/logo\/image\/","url":"https:\/\/vasasbasket.hu\/wp-content\/uploads\/2017\/03\/vasas_cimer_1200.jpg","contentUrl":"https:\/\/vasasbasket.hu\/wp-content\/uploads\/2017\/03\/vasas_cimer_1200.jpg","width":1200,"height":1200,"caption":"Vasas n\u0151i kos\u00e1rlabda"},"image":{"@id":"https:\/\/vasasbasket.hu\/#\/schema\/logo\/image\/"},"sameAs":["https:\/\/www.facebook.com\/vasaswbasket\/"]},{"@type":"Person","@id":"https:\/\/vasasbasket.hu\/#\/schema\/person\/f1085f4d2c6582d8d0f977e92de2edee","name":"admin","image":{"@type":"ImageObject","inLanguage":"hu","@id":"https:\/\/vasasbasket.hu\/#\/schema\/person\/image\/","url":"https:\/\/secure.gravatar.com\/avatar\/645c92f7d9cfe02bd93ce2d1cfa11cd3a268bdfe65486552ff04b193cea07634?s=96&d=mm&r=g","contentUrl":"https:\/\/secure.gravatar.com\/avatar\/645c92f7d9cfe02bd93ce2d1cfa11cd3a268bdfe65486552ff04b193cea07634?s=96&d=mm&r=g","caption":"admin"},"url":"https:\/\/vasasbasket.hu\/index.php\/author\/admin\/"}]}},"_links":{"self":[{"href":"https:\/\/vasasbasket.hu\/index.php\/wp-json\/wp\/v2\/posts\/7058","targetHints":{"allow":["GET"]}}],"collection":[{"href":"https:\/\/vasasbasket.hu\/index.php\/wp-json\/wp\/v2\/posts"}],"about":[{"href":"https:\/\/vasasbasket.hu\/index.php\/wp-json\/wp\/v2\/types\/post"}],"author":[{"embeddable":true,"href":"https:\/\/vasasbasket.hu\/index.php\/wp-json\/wp\/v2\/users\/1"}],"replies":[{"embeddable":true,"href":"https:\/\/vasasbasket.hu\/index.php\/wp-json\/wp\/v2\/comments?post=7058"}],"version-history":[{"count":1,"href":"https:\/\/vasasbasket.hu\/index.php\/wp-json\/wp\/v2\/posts\/7058\/revisions"}],"predecessor-version":[{"id":7061,"href":"https:\/\/vasasbasket.hu\/index.php\/wp-json\/wp\/v2\/posts\/7058\/revisions\/7061"}],"wp:featuredmedia":[{"embeddable":true,"href":"https:\/\/vasasbasket.hu\/index.php\/wp-json\/wp\/v2\/media\/7060"}],"wp:attachment":[{"href":"https:\/\/vasasbasket.hu\/index.php\/wp-json\/wp\/v2\/media?parent=7058"}],"wp:term":[{"taxonomy":"category","embeddable":true,"href":"https:\/\/vasasbasket.hu\/index.php\/wp-json\/wp\/v2\/categories?post=7058"},{"taxonomy":"post_tag","embeddable":true,"href":"https:\/\/vasasbasket.hu\/index.php\/wp-json\/wp\/v2\/tags?post=7058"}],"curies":[{"name":"wp","href":"https:\/\/api.w.org\/{rel}","templated":true}]}}