{"id":7048,"date":"2020-08-25T20:55:30","date_gmt":"2020-08-25T20:55:30","guid":{"rendered":"http:\/\/vasasbasket.hu\/?p=7048"},"modified":"2020-08-25T20:56:01","modified_gmt":"2020-08-25T20:56:01","slug":"szerdan-rajtol-a-3x3-ifjusagi-fesztival-debrecenben","status":"publish","type":"post","link":"https:\/\/vasasbasket.hu\/index.php\/szerdan-rajtol-a-3x3-ifjusagi-fesztival-debrecenben\/","title":{"rendered":"Szerd\u00e1n rajtol a 3&#215;3-as ifj\u00fas\u00e1gi fesztiv\u00e1l Debrecenben."},"content":{"rendered":"<p><strong>A pand\u00e9mia miatt esem\u00e9nyszeg\u00e9ny nyarat z\u00e1rhatunk v\u00e1logatott torn\u00e1k tekintet\u00e9ben, gyakorlatilag minden Eb \u00e9s vb t\u00f6rl\u00e9sre vagy halaszt\u00e1sra ker\u00fclt. Kiv\u00e9telt \u00e9lvezett volna ez al\u00f3l a debreceni U18-as 3&#215;3 vil\u00e1gbajnoks\u00e1g, amire g\u0151zer\u0151vel k\u00e9sz\u00fcltek a nemzetek. Vil\u00e1gbajnokot nem, gy\u0151ztest azonban fognak hirdetni Debrecenben, ahol nemzetk\u00f6zi ifj\u00fas\u00e1gi fesztiv\u00e1l ker\u00fcl megrendez\u00e9sre a h\u00e9ten a vb helyett.<\/strong><\/p>\n<p>A magyar v\u00e1logatott k\u00e9t csapattal is r\u00e9szt vesz a torn\u00e1n Izrael, Csehorsz\u00e1g, Szlov\u00e9nia \u00e9s \u00c9sztorsz\u00e1g mellett.<\/p>\n<p>A Vasas Akad\u00e9mia er\u0151sen \u00e9rintett a fesztiv\u00e1lon, hiszen \u00f6sszesen n\u00e9gy j\u00e1t\u00e9kost ad a v\u00e1logatottnak. Mad\u00e1r Eszter, Mudra Viola, Salamon Zs\u00f3fia \u00e9s Szerencs\u00e9s Tamara is beker\u00fcltek a legjobbak k\u00f6z\u00e9. A torna r\u00f6gt\u00f6n a k\u00e9t magyar csapat p\u00e1rharc\u00e1val kezd\u0151dik szerd\u00e1n, gy\u0151ztest pedig vas\u00e1rnap fognak hirdetni.<\/p>\n<p><strong>Youth Festival 2020 Debrecen szerdai program:<\/strong><\/p>\n<p>13:30 Dob\u00f3verseny-kvalifik\u00e1ci\u00f3<\/p>\n<p>13:45 Magyarorsz\u00e1g &#8222;A&#8221; \u2013 Magyarorsz\u00e1g &#8222;B&#8221; (n\u0151i)<\/p>\n<p>14:10 Szlov\u00e9nia\u2013Csehorsz\u00e1g (n\u0151i)<\/p>\n<p>14:35 Magyarorsz\u00e1g \u2013 Izrael (f\u00e9rfi)<\/p>\n<p>15:00 Debrecen \u2013 Szlov\u00e9nia (f\u00e9rfi)<\/p>\n<p>15:35 Debrecen \u2013 \u00c9sztorsz\u00e1g (n\u0151i)<\/p>\n<p>16:00 Izrael \u2013 Magyarorsz\u00e1g &#8222;A&#8221; (n\u0151i)<\/p>\n<p>16:25 Szerbia U23 \u2013 Magyarorsz\u00e1g U23 (f\u00e9rfi)<\/p>\n<p>16:50 Magyarorsz\u00e1g \u2013 Szerbia U20 (f\u00e9rfi)<\/p>\n<p>17:25 Magyarorsz\u00e1g &#8222;B&#8221; \u2013 Szlov\u00e9nia (n\u0151i)<\/p>\n<p>17:50 Csehorsz\u00e1g \u2013 Debrecen (n\u0151i))<\/p>\n<p>18:15 Izrael \u2013 Debrecen (f\u00e9rfi)<\/p>\n<p>18:40 Szlov\u00e9nia &#8211; Szerbia U23 (f\u00e9rfi)<\/p>\n<p>19:15 \u00c9sztorsz\u00e1g &#8211; Izrael (n\u0151i)<\/p>\n<p>19:40 Magyarorsz\u00e1g U23 &#8211; Szerbia U20 (f\u00e9rfi)<\/p>\n","protected":false},"excerpt":{"rendered":"<p>A pand\u00e9mia miatt esem\u00e9nyszeg\u00e9ny nyarat z\u00e1rhatunk v\u00e1logatott torn\u00e1k tekintet\u00e9ben, gyakorlatilag minden Eb \u00e9s vb t\u00f6rl\u00e9sre vagy halaszt\u00e1sra ker\u00fclt. Kiv\u00e9telt \u00e9lvezett volna ez al\u00f3l a debreceni U18-as 3&#215;3 vil\u00e1gbajnoks\u00e1g, amire g\u0151zer\u0151vel k\u00e9sz\u00fcltek a nemzetek. Vil\u00e1gbajnokot nem, gy\u0151ztest azonban fognak hirdetni Debrecenben, ahol nemzetk\u00f6zi ifj\u00fas\u00e1gi fesztiv\u00e1l ker\u00fcl megrendez\u00e9sre a h\u00e9ten a vb helyett. A magyar v\u00e1logatott k\u00e9t&#8230;<\/p>\n","protected":false},"author":1,"featured_media":7049,"comment_status":"closed","ping_status":"open","sticky":false,"template":"","format":"standard","meta":{"footnotes":""},"categories":[50,91,92],"tags":[],"class_list":["post-7048","post","type-post","status-publish","format-standard","has-post-thumbnail","hentry","category-junior","category-vasas","category-hirek"],"yoast_head":"<!-- This site is optimized with the Yoast SEO plugin v26.0 - https:\/\/yoast.com\/wordpress\/plugins\/seo\/ -->\n<title>Szerd\u00e1n rajtol a 3x3-as ifj\u00fas\u00e1gi fesztiv\u00e1l Debrecenben. - Vasas n\u0151i kos\u00e1rlabda<\/title>\n<meta name=\"robots\" content=\"index, follow, max-snippet:-1, max-image-preview:large, max-video-preview:-1\" \/>\n<link rel=\"canonical\" href=\"https:\/\/vasasbasket.hu\/index.php\/szerdan-rajtol-a-3x3-ifjusagi-fesztival-debrecenben\/\" \/>\n<meta property=\"og:locale\" content=\"hu_HU\" \/>\n<meta property=\"og:type\" content=\"article\" \/>\n<meta property=\"og:title\" content=\"Szerd\u00e1n rajtol a 3x3-as ifj\u00fas\u00e1gi fesztiv\u00e1l Debrecenben. - Vasas n\u0151i kos\u00e1rlabda\" \/>\n<meta property=\"og:description\" content=\"A pand\u00e9mia miatt esem\u00e9nyszeg\u00e9ny nyarat z\u00e1rhatunk v\u00e1logatott torn\u00e1k tekintet\u00e9ben, gyakorlatilag minden Eb \u00e9s vb t\u00f6rl\u00e9sre vagy halaszt\u00e1sra ker\u00fclt. Kiv\u00e9telt \u00e9lvezett volna ez al\u00f3l a debreceni U18-as 3&#215;3 vil\u00e1gbajnoks\u00e1g, amire g\u0151zer\u0151vel k\u00e9sz\u00fcltek a nemzetek. Vil\u00e1gbajnokot nem, gy\u0151ztest azonban fognak hirdetni Debrecenben, ahol nemzetk\u00f6zi ifj\u00fas\u00e1gi fesztiv\u00e1l ker\u00fcl megrendez\u00e9sre a h\u00e9ten a vb helyett. A magyar v\u00e1logatott k\u00e9t...\" \/>\n<meta property=\"og:url\" content=\"https:\/\/vasasbasket.hu\/index.php\/szerdan-rajtol-a-3x3-ifjusagi-fesztival-debrecenben\/\" \/>\n<meta property=\"og:site_name\" content=\"Vasas n\u0151i kos\u00e1rlabda\" \/>\n<meta property=\"article:publisher\" content=\"https:\/\/www.facebook.com\/vasaswbasket\/\" \/>\n<meta property=\"article:published_time\" content=\"2020-08-25T20:55:30+00:00\" \/>\n<meta property=\"article:modified_time\" content=\"2020-08-25T20:56:01+00:00\" \/>\n<meta property=\"og:image\" content=\"https:\/\/vasasbasket.hu\/wp-content\/uploads\/2020\/08\/Prd_MzkqP0mgy0Sj6NwhMQ.jpg\" \/>\n\t<meta property=\"og:image:width\" content=\"730\" \/>\n\t<meta property=\"og:image:height\" content=\"404\" \/>\n\t<meta property=\"og:image:type\" content=\"image\/jpeg\" \/>\n<meta name=\"author\" content=\"admin\" \/>\n<meta name=\"twitter:card\" content=\"summary_large_image\" \/>\n<meta name=\"twitter:label1\" content=\"Szerz\u0151:\" \/>\n\t<meta name=\"twitter:data1\" content=\"admin\" \/>\n\t<meta name=\"twitter:label2\" content=\"Becs\u00fclt olvas\u00e1si id\u0151\" \/>\n\t<meta name=\"twitter:data2\" content=\"1 perc\" \/>\n<script type=\"application\/ld+json\" class=\"yoast-schema-graph\">{\"@context\":\"https:\/\/schema.org\",\"@graph\":[{\"@type\":\"Article\",\"@id\":\"https:\/\/vasasbasket.hu\/index.php\/szerdan-rajtol-a-3x3-ifjusagi-fesztival-debrecenben\/#article\",\"isPartOf\":{\"@id\":\"https:\/\/vasasbasket.hu\/index.php\/szerdan-rajtol-a-3x3-ifjusagi-fesztival-debrecenben\/\"},\"author\":{\"name\":\"admin\",\"@id\":\"https:\/\/vasasbasket.hu\/#\/schema\/person\/f1085f4d2c6582d8d0f977e92de2edee\"},\"headline\":\"Szerd\u00e1n rajtol a 3&#215;3-as ifj\u00fas\u00e1gi fesztiv\u00e1l Debrecenben.\",\"datePublished\":\"2020-08-25T20:55:30+00:00\",\"dateModified\":\"2020-08-25T20:56:01+00:00\",\"mainEntityOfPage\":{\"@id\":\"https:\/\/vasasbasket.hu\/index.php\/szerdan-rajtol-a-3x3-ifjusagi-fesztival-debrecenben\/\"},\"wordCount\":272,\"publisher\":{\"@id\":\"https:\/\/vasasbasket.hu\/#organization\"},\"image\":{\"@id\":\"https:\/\/vasasbasket.hu\/index.php\/szerdan-rajtol-a-3x3-ifjusagi-fesztival-debrecenben\/#primaryimage\"},\"thumbnailUrl\":\"https:\/\/vasasbasket.hu\/wp-content\/uploads\/2020\/08\/Prd_MzkqP0mgy0Sj6NwhMQ.jpg\",\"articleSection\":[\"Junior\",\"V\u00e1logatott H\u00edrek\",\"\u00d6sszes H\u00edr\"],\"inLanguage\":\"hu\"},{\"@type\":\"WebPage\",\"@id\":\"https:\/\/vasasbasket.hu\/index.php\/szerdan-rajtol-a-3x3-ifjusagi-fesztival-debrecenben\/\",\"url\":\"https:\/\/vasasbasket.hu\/index.php\/szerdan-rajtol-a-3x3-ifjusagi-fesztival-debrecenben\/\",\"name\":\"Szerd\u00e1n rajtol a 3x3-as ifj\u00fas\u00e1gi fesztiv\u00e1l Debrecenben. - Vasas n\u0151i kos\u00e1rlabda\",\"isPartOf\":{\"@id\":\"https:\/\/vasasbasket.hu\/#website\"},\"primaryImageOfPage\":{\"@id\":\"https:\/\/vasasbasket.hu\/index.php\/szerdan-rajtol-a-3x3-ifjusagi-fesztival-debrecenben\/#primaryimage\"},\"image\":{\"@id\":\"https:\/\/vasasbasket.hu\/index.php\/szerdan-rajtol-a-3x3-ifjusagi-fesztival-debrecenben\/#primaryimage\"},\"thumbnailUrl\":\"https:\/\/vasasbasket.hu\/wp-content\/uploads\/2020\/08\/Prd_MzkqP0mgy0Sj6NwhMQ.jpg\",\"datePublished\":\"2020-08-25T20:55:30+00:00\",\"dateModified\":\"2020-08-25T20:56:01+00:00\",\"breadcrumb\":{\"@id\":\"https:\/\/vasasbasket.hu\/index.php\/szerdan-rajtol-a-3x3-ifjusagi-fesztival-debrecenben\/#breadcrumb\"},\"inLanguage\":\"hu\",\"potentialAction\":[{\"@type\":\"ReadAction\",\"target\":[\"https:\/\/vasasbasket.hu\/index.php\/szerdan-rajtol-a-3x3-ifjusagi-fesztival-debrecenben\/\"]}]},{\"@type\":\"ImageObject\",\"inLanguage\":\"hu\",\"@id\":\"https:\/\/vasasbasket.hu\/index.php\/szerdan-rajtol-a-3x3-ifjusagi-fesztival-debrecenben\/#primaryimage\",\"url\":\"https:\/\/vasasbasket.hu\/wp-content\/uploads\/2020\/08\/Prd_MzkqP0mgy0Sj6NwhMQ.jpg\",\"contentUrl\":\"https:\/\/vasasbasket.hu\/wp-content\/uploads\/2020\/08\/Prd_MzkqP0mgy0Sj6NwhMQ.jpg\",\"width\":730,\"height\":404,\"caption\":\"Forr\u00e1s: FIBA\"},{\"@type\":\"BreadcrumbList\",\"@id\":\"https:\/\/vasasbasket.hu\/index.php\/szerdan-rajtol-a-3x3-ifjusagi-fesztival-debrecenben\/#breadcrumb\",\"itemListElement\":[{\"@type\":\"ListItem\",\"position\":1,\"name\":\"Kezd\u0151lap\",\"item\":\"https:\/\/vasasbasket.hu\/\"},{\"@type\":\"ListItem\",\"position\":2,\"name\":\"Szerd\u00e1n rajtol a 3&#215;3-as ifj\u00fas\u00e1gi fesztiv\u00e1l Debrecenben.\"}]},{\"@type\":\"WebSite\",\"@id\":\"https:\/\/vasasbasket.hu\/#website\",\"url\":\"https:\/\/vasasbasket.hu\/\",\"name\":\"Vasas n\u0151i kos\u00e1rlabda\",\"description\":\"Vasas Basket N\u0151i\",\"publisher\":{\"@id\":\"https:\/\/vasasbasket.hu\/#organization\"},\"potentialAction\":[{\"@type\":\"SearchAction\",\"target\":{\"@type\":\"EntryPoint\",\"urlTemplate\":\"https:\/\/vasasbasket.hu\/?s={search_term_string}\"},\"query-input\":{\"@type\":\"PropertyValueSpecification\",\"valueRequired\":true,\"valueName\":\"search_term_string\"}}],\"inLanguage\":\"hu\"},{\"@type\":\"Organization\",\"@id\":\"https:\/\/vasasbasket.hu\/#organization\",\"name\":\"Vasas n\u0151i kos\u00e1rlabda\",\"url\":\"https:\/\/vasasbasket.hu\/\",\"logo\":{\"@type\":\"ImageObject\",\"inLanguage\":\"hu\",\"@id\":\"https:\/\/vasasbasket.hu\/#\/schema\/logo\/image\/\",\"url\":\"https:\/\/vasasbasket.hu\/wp-content\/uploads\/2017\/03\/vasas_cimer_1200.jpg\",\"contentUrl\":\"https:\/\/vasasbasket.hu\/wp-content\/uploads\/2017\/03\/vasas_cimer_1200.jpg\",\"width\":1200,\"height\":1200,\"caption\":\"Vasas n\u0151i kos\u00e1rlabda\"},\"image\":{\"@id\":\"https:\/\/vasasbasket.hu\/#\/schema\/logo\/image\/\"},\"sameAs\":[\"https:\/\/www.facebook.com\/vasaswbasket\/\"]},{\"@type\":\"Person\",\"@id\":\"https:\/\/vasasbasket.hu\/#\/schema\/person\/f1085f4d2c6582d8d0f977e92de2edee\",\"name\":\"admin\",\"image\":{\"@type\":\"ImageObject\",\"inLanguage\":\"hu\",\"@id\":\"https:\/\/vasasbasket.hu\/#\/schema\/person\/image\/\",\"url\":\"https:\/\/secure.gravatar.com\/avatar\/645c92f7d9cfe02bd93ce2d1cfa11cd3a268bdfe65486552ff04b193cea07634?s=96&d=mm&r=g\",\"contentUrl\":\"https:\/\/secure.gravatar.com\/avatar\/645c92f7d9cfe02bd93ce2d1cfa11cd3a268bdfe65486552ff04b193cea07634?s=96&d=mm&r=g\",\"caption\":\"admin\"},\"url\":\"https:\/\/vasasbasket.hu\/index.php\/author\/admin\/\"}]}<\/script>\n<!-- \/ Yoast SEO plugin. -->","yoast_head_json":{"title":"Szerd\u00e1n rajtol a 3x3-as ifj\u00fas\u00e1gi fesztiv\u00e1l Debrecenben. - Vasas n\u0151i kos\u00e1rlabda","robots":{"index":"index","follow":"follow","max-snippet":"max-snippet:-1","max-image-preview":"max-image-preview:large","max-video-preview":"max-video-preview:-1"},"canonical":"https:\/\/vasasbasket.hu\/index.php\/szerdan-rajtol-a-3x3-ifjusagi-fesztival-debrecenben\/","og_locale":"hu_HU","og_type":"article","og_title":"Szerd\u00e1n rajtol a 3x3-as ifj\u00fas\u00e1gi fesztiv\u00e1l Debrecenben. - Vasas n\u0151i kos\u00e1rlabda","og_description":"A pand\u00e9mia miatt esem\u00e9nyszeg\u00e9ny nyarat z\u00e1rhatunk v\u00e1logatott torn\u00e1k tekintet\u00e9ben, gyakorlatilag minden Eb \u00e9s vb t\u00f6rl\u00e9sre vagy halaszt\u00e1sra ker\u00fclt. Kiv\u00e9telt \u00e9lvezett volna ez al\u00f3l a debreceni U18-as 3&#215;3 vil\u00e1gbajnoks\u00e1g, amire g\u0151zer\u0151vel k\u00e9sz\u00fcltek a nemzetek. Vil\u00e1gbajnokot nem, gy\u0151ztest azonban fognak hirdetni Debrecenben, ahol nemzetk\u00f6zi ifj\u00fas\u00e1gi fesztiv\u00e1l ker\u00fcl megrendez\u00e9sre a h\u00e9ten a vb helyett. A magyar v\u00e1logatott k\u00e9t...","og_url":"https:\/\/vasasbasket.hu\/index.php\/szerdan-rajtol-a-3x3-ifjusagi-fesztival-debrecenben\/","og_site_name":"Vasas n\u0151i kos\u00e1rlabda","article_publisher":"https:\/\/www.facebook.com\/vasaswbasket\/","article_published_time":"2020-08-25T20:55:30+00:00","article_modified_time":"2020-08-25T20:56:01+00:00","og_image":[{"width":730,"height":404,"url":"https:\/\/vasasbasket.hu\/wp-content\/uploads\/2020\/08\/Prd_MzkqP0mgy0Sj6NwhMQ.jpg","type":"image\/jpeg"}],"author":"admin","twitter_card":"summary_large_image","twitter_misc":{"Szerz\u0151:":"admin","Becs\u00fclt olvas\u00e1si id\u0151":"1 perc"},"schema":{"@context":"https:\/\/schema.org","@graph":[{"@type":"Article","@id":"https:\/\/vasasbasket.hu\/index.php\/szerdan-rajtol-a-3x3-ifjusagi-fesztival-debrecenben\/#article","isPartOf":{"@id":"https:\/\/vasasbasket.hu\/index.php\/szerdan-rajtol-a-3x3-ifjusagi-fesztival-debrecenben\/"},"author":{"name":"admin","@id":"https:\/\/vasasbasket.hu\/#\/schema\/person\/f1085f4d2c6582d8d0f977e92de2edee"},"headline":"Szerd\u00e1n rajtol a 3&#215;3-as ifj\u00fas\u00e1gi fesztiv\u00e1l Debrecenben.","datePublished":"2020-08-25T20:55:30+00:00","dateModified":"2020-08-25T20:56:01+00:00","mainEntityOfPage":{"@id":"https:\/\/vasasbasket.hu\/index.php\/szerdan-rajtol-a-3x3-ifjusagi-fesztival-debrecenben\/"},"wordCount":272,"publisher":{"@id":"https:\/\/vasasbasket.hu\/#organization"},"image":{"@id":"https:\/\/vasasbasket.hu\/index.php\/szerdan-rajtol-a-3x3-ifjusagi-fesztival-debrecenben\/#primaryimage"},"thumbnailUrl":"https:\/\/vasasbasket.hu\/wp-content\/uploads\/2020\/08\/Prd_MzkqP0mgy0Sj6NwhMQ.jpg","articleSection":["Junior","V\u00e1logatott H\u00edrek","\u00d6sszes H\u00edr"],"inLanguage":"hu"},{"@type":"WebPage","@id":"https:\/\/vasasbasket.hu\/index.php\/szerdan-rajtol-a-3x3-ifjusagi-fesztival-debrecenben\/","url":"https:\/\/vasasbasket.hu\/index.php\/szerdan-rajtol-a-3x3-ifjusagi-fesztival-debrecenben\/","name":"Szerd\u00e1n rajtol a 3x3-as ifj\u00fas\u00e1gi fesztiv\u00e1l Debrecenben. - Vasas n\u0151i kos\u00e1rlabda","isPartOf":{"@id":"https:\/\/vasasbasket.hu\/#website"},"primaryImageOfPage":{"@id":"https:\/\/vasasbasket.hu\/index.php\/szerdan-rajtol-a-3x3-ifjusagi-fesztival-debrecenben\/#primaryimage"},"image":{"@id":"https:\/\/vasasbasket.hu\/index.php\/szerdan-rajtol-a-3x3-ifjusagi-fesztival-debrecenben\/#primaryimage"},"thumbnailUrl":"https:\/\/vasasbasket.hu\/wp-content\/uploads\/2020\/08\/Prd_MzkqP0mgy0Sj6NwhMQ.jpg","datePublished":"2020-08-25T20:55:30+00:00","dateModified":"2020-08-25T20:56:01+00:00","breadcrumb":{"@id":"https:\/\/vasasbasket.hu\/index.php\/szerdan-rajtol-a-3x3-ifjusagi-fesztival-debrecenben\/#breadcrumb"},"inLanguage":"hu","potentialAction":[{"@type":"ReadAction","target":["https:\/\/vasasbasket.hu\/index.php\/szerdan-rajtol-a-3x3-ifjusagi-fesztival-debrecenben\/"]}]},{"@type":"ImageObject","inLanguage":"hu","@id":"https:\/\/vasasbasket.hu\/index.php\/szerdan-rajtol-a-3x3-ifjusagi-fesztival-debrecenben\/#primaryimage","url":"https:\/\/vasasbasket.hu\/wp-content\/uploads\/2020\/08\/Prd_MzkqP0mgy0Sj6NwhMQ.jpg","contentUrl":"https:\/\/vasasbasket.hu\/wp-content\/uploads\/2020\/08\/Prd_MzkqP0mgy0Sj6NwhMQ.jpg","width":730,"height":404,"caption":"Forr\u00e1s: FIBA"},{"@type":"BreadcrumbList","@id":"https:\/\/vasasbasket.hu\/index.php\/szerdan-rajtol-a-3x3-ifjusagi-fesztival-debrecenben\/#breadcrumb","itemListElement":[{"@type":"ListItem","position":1,"name":"Kezd\u0151lap","item":"https:\/\/vasasbasket.hu\/"},{"@type":"ListItem","position":2,"name":"Szerd\u00e1n rajtol a 3&#215;3-as ifj\u00fas\u00e1gi fesztiv\u00e1l Debrecenben."}]},{"@type":"WebSite","@id":"https:\/\/vasasbasket.hu\/#website","url":"https:\/\/vasasbasket.hu\/","name":"Vasas n\u0151i kos\u00e1rlabda","description":"Vasas Basket N\u0151i","publisher":{"@id":"https:\/\/vasasbasket.hu\/#organization"},"potentialAction":[{"@type":"SearchAction","target":{"@type":"EntryPoint","urlTemplate":"https:\/\/vasasbasket.hu\/?s={search_term_string}"},"query-input":{"@type":"PropertyValueSpecification","valueRequired":true,"valueName":"search_term_string"}}],"inLanguage":"hu"},{"@type":"Organization","@id":"https:\/\/vasasbasket.hu\/#organization","name":"Vasas n\u0151i kos\u00e1rlabda","url":"https:\/\/vasasbasket.hu\/","logo":{"@type":"ImageObject","inLanguage":"hu","@id":"https:\/\/vasasbasket.hu\/#\/schema\/logo\/image\/","url":"https:\/\/vasasbasket.hu\/wp-content\/uploads\/2017\/03\/vasas_cimer_1200.jpg","contentUrl":"https:\/\/vasasbasket.hu\/wp-content\/uploads\/2017\/03\/vasas_cimer_1200.jpg","width":1200,"height":1200,"caption":"Vasas n\u0151i kos\u00e1rlabda"},"image":{"@id":"https:\/\/vasasbasket.hu\/#\/schema\/logo\/image\/"},"sameAs":["https:\/\/www.facebook.com\/vasaswbasket\/"]},{"@type":"Person","@id":"https:\/\/vasasbasket.hu\/#\/schema\/person\/f1085f4d2c6582d8d0f977e92de2edee","name":"admin","image":{"@type":"ImageObject","inLanguage":"hu","@id":"https:\/\/vasasbasket.hu\/#\/schema\/person\/image\/","url":"https:\/\/secure.gravatar.com\/avatar\/645c92f7d9cfe02bd93ce2d1cfa11cd3a268bdfe65486552ff04b193cea07634?s=96&d=mm&r=g","contentUrl":"https:\/\/secure.gravatar.com\/avatar\/645c92f7d9cfe02bd93ce2d1cfa11cd3a268bdfe65486552ff04b193cea07634?s=96&d=mm&r=g","caption":"admin"},"url":"https:\/\/vasasbasket.hu\/index.php\/author\/admin\/"}]}},"_links":{"self":[{"href":"https:\/\/vasasbasket.hu\/index.php\/wp-json\/wp\/v2\/posts\/7048","targetHints":{"allow":["GET"]}}],"collection":[{"href":"https:\/\/vasasbasket.hu\/index.php\/wp-json\/wp\/v2\/posts"}],"about":[{"href":"https:\/\/vasasbasket.hu\/index.php\/wp-json\/wp\/v2\/types\/post"}],"author":[{"embeddable":true,"href":"https:\/\/vasasbasket.hu\/index.php\/wp-json\/wp\/v2\/users\/1"}],"replies":[{"embeddable":true,"href":"https:\/\/vasasbasket.hu\/index.php\/wp-json\/wp\/v2\/comments?post=7048"}],"version-history":[{"count":2,"href":"https:\/\/vasasbasket.hu\/index.php\/wp-json\/wp\/v2\/posts\/7048\/revisions"}],"predecessor-version":[{"id":7051,"href":"https:\/\/vasasbasket.hu\/index.php\/wp-json\/wp\/v2\/posts\/7048\/revisions\/7051"}],"wp:featuredmedia":[{"embeddable":true,"href":"https:\/\/vasasbasket.hu\/index.php\/wp-json\/wp\/v2\/media\/7049"}],"wp:attachment":[{"href":"https:\/\/vasasbasket.hu\/index.php\/wp-json\/wp\/v2\/media?parent=7048"}],"wp:term":[{"taxonomy":"category","embeddable":true,"href":"https:\/\/vasasbasket.hu\/index.php\/wp-json\/wp\/v2\/categories?post=7048"},{"taxonomy":"post_tag","embeddable":true,"href":"https:\/\/vasasbasket.hu\/index.php\/wp-json\/wp\/v2\/tags?post=7048"}],"curies":[{"name":"wp","href":"https:\/\/api.w.org\/{rel}","templated":true}]}}