{"id":6975,"date":"2020-04-24T07:44:50","date_gmt":"2020-04-24T07:44:50","guid":{"rendered":"http:\/\/vasasbasket.hu\/?p=6975"},"modified":"2020-04-24T07:44:50","modified_gmt":"2020-04-24T07:44:50","slug":"49-12-avagy-jovoben-az-ero","status":"publish","type":"post","link":"https:\/\/vasasbasket.hu\/index.php\/49-12-avagy-jovoben-az-ero\/","title":{"rendered":"49\/12 &#8211; avagy j\u00f6v\u0151ben az er\u0151"},"content":{"rendered":"<p><strong>A mai napon a <a href=\"https:\/\/wbasket.hu\/akik-a-kovetkezo-szezonban-is-u20-as-jatekosok-lehetnek-az-elvonalban\/\">wbasket.hu tette k\u00f6zz\u00e9<\/a> j\u00e1t\u00e9kosok azon list\u00e1j\u00e1t, akikre az U20-as szab\u00e1ly miatt nagyon sz\u00e1m\u00edtanak az NBI\/A-s csapatok a k\u00f6vetkez\u0151 szezonban. A 49 f\u0151s list\u00e1b\u00f3l 12 j\u00e1t\u00e9kos volt vagy jelenleg is a Vasas Akad\u00e9mia j\u00e1t\u00e9kosa, r\u00e1ad\u00e1sul a Vasasnak volt a legt\u00f6bb nevezett U20-as j\u00e1t\u00e9kosa a tavalyi feln\u0151tt bajnoks\u00e1gban, sz\u00e1m szerint kilenc.<\/strong><\/p>\n<p>Ut\u00e1np\u00f3tl\u00e1snevel\u00e9s szempontj\u00e1b\u00f3l nagyon hasznos \u00f6ssze\u00e1ll\u00edt\u00e1s k\u00e9sz\u00fclt a <a href=\"https:\/\/wbasket.hu\/\">wbasket.hu<\/a>-n, ahol felsorolt\u00e1k azokat a h\u00fasz \u00e9v alatti j\u00e1t\u00e9kosokat, akik tov\u00e1bbra is rendelkez\u00e9sre \u00e1llnak majd a feln\u0151tt csapatok r\u00e9sz\u00e9re az U20-as szab\u00e1ly \u00e9rtelm\u00e9ben. Statisztikai mutat\u00f3k alapj\u00e1n h\u00e1rom j\u00e1t\u00e9kos ker\u00fclt kiemel\u00e9sre a 49 f\u0151s list\u00e1b\u00f3l. A p\u00e9csiek fiatalja, Wentzel N\u00f3ra, a tavalyi \u00e9vben Gy\u0151rbe igazol\u00f3 Vasas Akad\u00e9mia nevel\u00e9s, Dombai R\u00e9ka, valamint feln\u0151tt csapatunk egyik alappill\u00e9re, T\u00f3th Orsolya.<img loading=\"lazy\" decoding=\"async\" class=\" wp-image-6978 aligncenter\" src=\"http:\/\/vasasbasket.hu\/wp-content\/uploads\/2020\/04\/2019.12.21.-11-of-67-1024x683.jpg\" alt=\"\" width=\"599\" height=\"400\" srcset=\"https:\/\/vasasbasket.hu\/wp-content\/uploads\/2020\/04\/2019.12.21.-11-of-67-1024x683.jpg 1024w, https:\/\/vasasbasket.hu\/wp-content\/uploads\/2020\/04\/2019.12.21.-11-of-67-570x380.jpg 570w, https:\/\/vasasbasket.hu\/wp-content\/uploads\/2020\/04\/2019.12.21.-11-of-67-440x293.jpg 440w, https:\/\/vasasbasket.hu\/wp-content\/uploads\/2020\/04\/2019.12.21.-11-of-67-300x200.jpg 300w, https:\/\/vasasbasket.hu\/wp-content\/uploads\/2020\/04\/2019.12.21.-11-of-67-768x512.jpg 768w, https:\/\/vasasbasket.hu\/wp-content\/uploads\/2020\/04\/2019.12.21.-11-of-67-128x85.jpg 128w, https:\/\/vasasbasket.hu\/wp-content\/uploads\/2020\/04\/2019.12.21.-11-of-67-32x21.jpg 32w, https:\/\/vasasbasket.hu\/wp-content\/uploads\/2020\/04\/2019.12.21.-11-of-67-360x240.jpg 360w, https:\/\/vasasbasket.hu\/wp-content\/uploads\/2020\/04\/2019.12.21.-11-of-67-98x65.jpg 98w, https:\/\/vasasbasket.hu\/wp-content\/uploads\/2020\/04\/2019.12.21.-11-of-67.jpg 1500w\" sizes=\"auto, (max-width: 599px) 100vw, 599px\" \/>A lista egy\u00e9rtelm\u0171en szakmai k\u00e9pz\u00e9s\u00fcnk megkoron\u00e1z\u00e1sa, hiszen a 49 j\u00e1t\u00e9kosb\u00f3l 12 n\u00e9v szorosan kapcsol\u00f3dik Pasar\u00e9thez \u00e9s a Vasas Akad\u00e9mi\u00e1hoz. Ez azt jelenti, hogy minden negyedik fiatal tehets\u00e9g a Vasas n\u00f6vend\u00e9ke volt vagy m\u00e9g most is az.<\/p>\n<p><em>&#8222;\u00d6r\u00fcl\u00f6k, hogy megjelent egy olyan cikk, amely feket\u00e9n-feh\u00e9ren megmutatja a val\u00f3s\u00e1got, valamint azt, hogy milyen munka folyik a Vasas Akad\u00e9mi\u00e1n. Mindig hangoztatjuk, hogy a mi utunk egy kicsit m\u00e1s, hiszen alapvet\u0151 c\u00e9lunk, hogy A csoportos, v\u00e1logatott, Euroliga j\u00e1t\u00e9kosokat nevelj\u00fcnk. Ezt a c\u00e9lt csak akkor tudjuk el\u00e9rni, ha megfelel\u0151 k\u00e9pz\u00e9st tudunk ny\u00fajtani fiataljainknak, \u00e9s j\u00e1t\u00e9klehet\u0151s\u00e9get biztos\u00edtunk a bizony\u00edt\u00e1sra. A sz\u00f6vets\u00e9g j\u00f3 d\u00f6nt\u00e9st hozott anno az U20-as szab\u00e1llyal, de a Vasasban ilyen szab\u00e1ly n\u00e9lk\u00fcl is \u00e9rv\u00e9nyes\u00fclni tudnak tehets\u00e9geink, hiszen ez a strat\u00e9gi\u00e1nk. J\u00e1t\u00e9kosaink t\u00f6retlen fejl\u0151d\u00e9s\u00e9t mindig az eredm\u00e9ny el\u00e9 helyezz\u00fck, legyen sz\u00f3 ut\u00e1np\u00f3tl\u00e1s koroszt\u00e1lyr\u00f3l vagy a feln\u0151tt csapatr\u00f3l. Biztos\u00edtjuk nekik a sz\u00fcks\u00e9ges perceket a p\u00e1ly\u00e1n, ami elengedhetetlen a fejl\u0151d\u00e9shez. B\u00fcszk\u00e9k vagyunk arra, hogy a k\u00f6zz\u00e9tett list\u00e1n minden negyedik j\u00e1t\u00e9kos Vasas Akad\u00e9mia nevel\u00e9s, \u00e9s mindent megtesz\u00fcnk annak \u00e9rdek\u00e9ben, hogy ez az ar\u00e1ny tov\u00e1bb emelkedjen, hiszen a j\u00f6v\u0151t a jelenben kell megalapozni&#8221;<\/em>\u00a0&#8211; mondta a Vasas Akad\u00e9mia szakmai igazgat\u00f3ja, Krivacsevics Dragoljub.<\/p>\n","protected":false},"excerpt":{"rendered":"<p>A mai napon a wbasket.hu tette k\u00f6zz\u00e9 j\u00e1t\u00e9kosok azon list\u00e1j\u00e1t, akikre az U20-as szab\u00e1ly miatt nagyon sz\u00e1m\u00edtanak az NBI\/A-s csapatok a k\u00f6vetkez\u0151 szezonban. A 49 f\u0151s list\u00e1b\u00f3l 12 j\u00e1t\u00e9kos volt vagy jelenleg is a Vasas Akad\u00e9mia j\u00e1t\u00e9kosa, r\u00e1ad\u00e1sul a Vasasnak volt a legt\u00f6bb nevezett U20-as j\u00e1t\u00e9kosa a tavalyi feln\u0151tt bajnoks\u00e1gban, sz\u00e1m szerint kilenc. Ut\u00e1np\u00f3tl\u00e1snevel\u00e9s szempontj\u00e1b\u00f3l&#8230;<\/p>\n","protected":false},"author":1,"featured_media":6977,"comment_status":"closed","ping_status":"open","sticky":false,"template":"","format":"standard","meta":{"footnotes":""},"categories":[92],"tags":[],"class_list":["post-6975","post","type-post","status-publish","format-standard","has-post-thumbnail","hentry","category-hirek"],"yoast_head":"<!-- This site is optimized with the Yoast SEO plugin v26.0 - https:\/\/yoast.com\/wordpress\/plugins\/seo\/ -->\n<title>49\/12 - avagy j\u00f6v\u0151ben az er\u0151 - Vasas n\u0151i kos\u00e1rlabda<\/title>\n<meta name=\"robots\" content=\"index, follow, max-snippet:-1, max-image-preview:large, max-video-preview:-1\" \/>\n<link rel=\"canonical\" href=\"https:\/\/vasasbasket.hu\/index.php\/49-12-avagy-jovoben-az-ero\/\" \/>\n<meta property=\"og:locale\" content=\"hu_HU\" \/>\n<meta property=\"og:type\" content=\"article\" \/>\n<meta property=\"og:title\" content=\"49\/12 - avagy j\u00f6v\u0151ben az er\u0151 - Vasas n\u0151i kos\u00e1rlabda\" \/>\n<meta property=\"og:description\" content=\"A mai napon a wbasket.hu tette k\u00f6zz\u00e9 j\u00e1t\u00e9kosok azon list\u00e1j\u00e1t, akikre az U20-as szab\u00e1ly miatt nagyon sz\u00e1m\u00edtanak az NBI\/A-s csapatok a k\u00f6vetkez\u0151 szezonban. A 49 f\u0151s list\u00e1b\u00f3l 12 j\u00e1t\u00e9kos volt vagy jelenleg is a Vasas Akad\u00e9mia j\u00e1t\u00e9kosa, r\u00e1ad\u00e1sul a Vasasnak volt a legt\u00f6bb nevezett U20-as j\u00e1t\u00e9kosa a tavalyi feln\u0151tt bajnoks\u00e1gban, sz\u00e1m szerint kilenc. Ut\u00e1np\u00f3tl\u00e1snevel\u00e9s szempontj\u00e1b\u00f3l...\" \/>\n<meta property=\"og:url\" content=\"https:\/\/vasasbasket.hu\/index.php\/49-12-avagy-jovoben-az-ero\/\" \/>\n<meta property=\"og:site_name\" content=\"Vasas n\u0151i kos\u00e1rlabda\" \/>\n<meta property=\"article:publisher\" content=\"https:\/\/www.facebook.com\/vasaswbasket\/\" \/>\n<meta property=\"article:published_time\" content=\"2020-04-24T07:44:50+00:00\" \/>\n<meta property=\"og:image\" content=\"https:\/\/vasasbasket.hu\/wp-content\/uploads\/2020\/04\/2019.11.30.-23-of-57.jpg\" \/>\n\t<meta property=\"og:image:width\" content=\"1500\" \/>\n\t<meta property=\"og:image:height\" content=\"1000\" \/>\n\t<meta property=\"og:image:type\" content=\"image\/jpeg\" \/>\n<meta name=\"author\" content=\"admin\" \/>\n<meta name=\"twitter:card\" content=\"summary_large_image\" \/>\n<meta name=\"twitter:label1\" content=\"Szerz\u0151:\" \/>\n\t<meta name=\"twitter:data1\" content=\"admin\" \/>\n\t<meta name=\"twitter:label2\" content=\"Becs\u00fclt olvas\u00e1si id\u0151\" \/>\n\t<meta name=\"twitter:data2\" content=\"2 perc\" \/>\n<script type=\"application\/ld+json\" class=\"yoast-schema-graph\">{\"@context\":\"https:\/\/schema.org\",\"@graph\":[{\"@type\":\"Article\",\"@id\":\"https:\/\/vasasbasket.hu\/index.php\/49-12-avagy-jovoben-az-ero\/#article\",\"isPartOf\":{\"@id\":\"https:\/\/vasasbasket.hu\/index.php\/49-12-avagy-jovoben-az-ero\/\"},\"author\":{\"name\":\"admin\",\"@id\":\"https:\/\/vasasbasket.hu\/#\/schema\/person\/f1085f4d2c6582d8d0f977e92de2edee\"},\"headline\":\"49\/12 &#8211; avagy j\u00f6v\u0151ben az er\u0151\",\"datePublished\":\"2020-04-24T07:44:50+00:00\",\"mainEntityOfPage\":{\"@id\":\"https:\/\/vasasbasket.hu\/index.php\/49-12-avagy-jovoben-az-ero\/\"},\"wordCount\":471,\"publisher\":{\"@id\":\"https:\/\/vasasbasket.hu\/#organization\"},\"image\":{\"@id\":\"https:\/\/vasasbasket.hu\/index.php\/49-12-avagy-jovoben-az-ero\/#primaryimage\"},\"thumbnailUrl\":\"https:\/\/vasasbasket.hu\/wp-content\/uploads\/2020\/04\/2019.11.30.-23-of-57.jpg\",\"articleSection\":[\"\u00d6sszes H\u00edr\"],\"inLanguage\":\"hu\"},{\"@type\":\"WebPage\",\"@id\":\"https:\/\/vasasbasket.hu\/index.php\/49-12-avagy-jovoben-az-ero\/\",\"url\":\"https:\/\/vasasbasket.hu\/index.php\/49-12-avagy-jovoben-az-ero\/\",\"name\":\"49\/12 - avagy j\u00f6v\u0151ben az er\u0151 - Vasas n\u0151i kos\u00e1rlabda\",\"isPartOf\":{\"@id\":\"https:\/\/vasasbasket.hu\/#website\"},\"primaryImageOfPage\":{\"@id\":\"https:\/\/vasasbasket.hu\/index.php\/49-12-avagy-jovoben-az-ero\/#primaryimage\"},\"image\":{\"@id\":\"https:\/\/vasasbasket.hu\/index.php\/49-12-avagy-jovoben-az-ero\/#primaryimage\"},\"thumbnailUrl\":\"https:\/\/vasasbasket.hu\/wp-content\/uploads\/2020\/04\/2019.11.30.-23-of-57.jpg\",\"datePublished\":\"2020-04-24T07:44:50+00:00\",\"breadcrumb\":{\"@id\":\"https:\/\/vasasbasket.hu\/index.php\/49-12-avagy-jovoben-az-ero\/#breadcrumb\"},\"inLanguage\":\"hu\",\"potentialAction\":[{\"@type\":\"ReadAction\",\"target\":[\"https:\/\/vasasbasket.hu\/index.php\/49-12-avagy-jovoben-az-ero\/\"]}]},{\"@type\":\"ImageObject\",\"inLanguage\":\"hu\",\"@id\":\"https:\/\/vasasbasket.hu\/index.php\/49-12-avagy-jovoben-az-ero\/#primaryimage\",\"url\":\"https:\/\/vasasbasket.hu\/wp-content\/uploads\/2020\/04\/2019.11.30.-23-of-57.jpg\",\"contentUrl\":\"https:\/\/vasasbasket.hu\/wp-content\/uploads\/2020\/04\/2019.11.30.-23-of-57.jpg\",\"width\":1500,\"height\":1000},{\"@type\":\"BreadcrumbList\",\"@id\":\"https:\/\/vasasbasket.hu\/index.php\/49-12-avagy-jovoben-az-ero\/#breadcrumb\",\"itemListElement\":[{\"@type\":\"ListItem\",\"position\":1,\"name\":\"Kezd\u0151lap\",\"item\":\"https:\/\/vasasbasket.hu\/\"},{\"@type\":\"ListItem\",\"position\":2,\"name\":\"49\/12 &#8211; avagy j\u00f6v\u0151ben az er\u0151\"}]},{\"@type\":\"WebSite\",\"@id\":\"https:\/\/vasasbasket.hu\/#website\",\"url\":\"https:\/\/vasasbasket.hu\/\",\"name\":\"Vasas n\u0151i kos\u00e1rlabda\",\"description\":\"Vasas Basket N\u0151i\",\"publisher\":{\"@id\":\"https:\/\/vasasbasket.hu\/#organization\"},\"potentialAction\":[{\"@type\":\"SearchAction\",\"target\":{\"@type\":\"EntryPoint\",\"urlTemplate\":\"https:\/\/vasasbasket.hu\/?s={search_term_string}\"},\"query-input\":{\"@type\":\"PropertyValueSpecification\",\"valueRequired\":true,\"valueName\":\"search_term_string\"}}],\"inLanguage\":\"hu\"},{\"@type\":\"Organization\",\"@id\":\"https:\/\/vasasbasket.hu\/#organization\",\"name\":\"Vasas n\u0151i kos\u00e1rlabda\",\"url\":\"https:\/\/vasasbasket.hu\/\",\"logo\":{\"@type\":\"ImageObject\",\"inLanguage\":\"hu\",\"@id\":\"https:\/\/vasasbasket.hu\/#\/schema\/logo\/image\/\",\"url\":\"https:\/\/vasasbasket.hu\/wp-content\/uploads\/2017\/03\/vasas_cimer_1200.jpg\",\"contentUrl\":\"https:\/\/vasasbasket.hu\/wp-content\/uploads\/2017\/03\/vasas_cimer_1200.jpg\",\"width\":1200,\"height\":1200,\"caption\":\"Vasas n\u0151i kos\u00e1rlabda\"},\"image\":{\"@id\":\"https:\/\/vasasbasket.hu\/#\/schema\/logo\/image\/\"},\"sameAs\":[\"https:\/\/www.facebook.com\/vasaswbasket\/\"]},{\"@type\":\"Person\",\"@id\":\"https:\/\/vasasbasket.hu\/#\/schema\/person\/f1085f4d2c6582d8d0f977e92de2edee\",\"name\":\"admin\",\"image\":{\"@type\":\"ImageObject\",\"inLanguage\":\"hu\",\"@id\":\"https:\/\/vasasbasket.hu\/#\/schema\/person\/image\/\",\"url\":\"https:\/\/secure.gravatar.com\/avatar\/645c92f7d9cfe02bd93ce2d1cfa11cd3a268bdfe65486552ff04b193cea07634?s=96&d=mm&r=g\",\"contentUrl\":\"https:\/\/secure.gravatar.com\/avatar\/645c92f7d9cfe02bd93ce2d1cfa11cd3a268bdfe65486552ff04b193cea07634?s=96&d=mm&r=g\",\"caption\":\"admin\"},\"url\":\"https:\/\/vasasbasket.hu\/index.php\/author\/admin\/\"}]}<\/script>\n<!-- \/ Yoast SEO plugin. -->","yoast_head_json":{"title":"49\/12 - avagy j\u00f6v\u0151ben az er\u0151 - Vasas n\u0151i kos\u00e1rlabda","robots":{"index":"index","follow":"follow","max-snippet":"max-snippet:-1","max-image-preview":"max-image-preview:large","max-video-preview":"max-video-preview:-1"},"canonical":"https:\/\/vasasbasket.hu\/index.php\/49-12-avagy-jovoben-az-ero\/","og_locale":"hu_HU","og_type":"article","og_title":"49\/12 - avagy j\u00f6v\u0151ben az er\u0151 - Vasas n\u0151i kos\u00e1rlabda","og_description":"A mai napon a wbasket.hu tette k\u00f6zz\u00e9 j\u00e1t\u00e9kosok azon list\u00e1j\u00e1t, akikre az U20-as szab\u00e1ly miatt nagyon sz\u00e1m\u00edtanak az NBI\/A-s csapatok a k\u00f6vetkez\u0151 szezonban. A 49 f\u0151s list\u00e1b\u00f3l 12 j\u00e1t\u00e9kos volt vagy jelenleg is a Vasas Akad\u00e9mia j\u00e1t\u00e9kosa, r\u00e1ad\u00e1sul a Vasasnak volt a legt\u00f6bb nevezett U20-as j\u00e1t\u00e9kosa a tavalyi feln\u0151tt bajnoks\u00e1gban, sz\u00e1m szerint kilenc. Ut\u00e1np\u00f3tl\u00e1snevel\u00e9s szempontj\u00e1b\u00f3l...","og_url":"https:\/\/vasasbasket.hu\/index.php\/49-12-avagy-jovoben-az-ero\/","og_site_name":"Vasas n\u0151i kos\u00e1rlabda","article_publisher":"https:\/\/www.facebook.com\/vasaswbasket\/","article_published_time":"2020-04-24T07:44:50+00:00","og_image":[{"width":1500,"height":1000,"url":"https:\/\/vasasbasket.hu\/wp-content\/uploads\/2020\/04\/2019.11.30.-23-of-57.jpg","type":"image\/jpeg"}],"author":"admin","twitter_card":"summary_large_image","twitter_misc":{"Szerz\u0151:":"admin","Becs\u00fclt olvas\u00e1si id\u0151":"2 perc"},"schema":{"@context":"https:\/\/schema.org","@graph":[{"@type":"Article","@id":"https:\/\/vasasbasket.hu\/index.php\/49-12-avagy-jovoben-az-ero\/#article","isPartOf":{"@id":"https:\/\/vasasbasket.hu\/index.php\/49-12-avagy-jovoben-az-ero\/"},"author":{"name":"admin","@id":"https:\/\/vasasbasket.hu\/#\/schema\/person\/f1085f4d2c6582d8d0f977e92de2edee"},"headline":"49\/12 &#8211; avagy j\u00f6v\u0151ben az er\u0151","datePublished":"2020-04-24T07:44:50+00:00","mainEntityOfPage":{"@id":"https:\/\/vasasbasket.hu\/index.php\/49-12-avagy-jovoben-az-ero\/"},"wordCount":471,"publisher":{"@id":"https:\/\/vasasbasket.hu\/#organization"},"image":{"@id":"https:\/\/vasasbasket.hu\/index.php\/49-12-avagy-jovoben-az-ero\/#primaryimage"},"thumbnailUrl":"https:\/\/vasasbasket.hu\/wp-content\/uploads\/2020\/04\/2019.11.30.-23-of-57.jpg","articleSection":["\u00d6sszes H\u00edr"],"inLanguage":"hu"},{"@type":"WebPage","@id":"https:\/\/vasasbasket.hu\/index.php\/49-12-avagy-jovoben-az-ero\/","url":"https:\/\/vasasbasket.hu\/index.php\/49-12-avagy-jovoben-az-ero\/","name":"49\/12 - avagy j\u00f6v\u0151ben az er\u0151 - Vasas n\u0151i kos\u00e1rlabda","isPartOf":{"@id":"https:\/\/vasasbasket.hu\/#website"},"primaryImageOfPage":{"@id":"https:\/\/vasasbasket.hu\/index.php\/49-12-avagy-jovoben-az-ero\/#primaryimage"},"image":{"@id":"https:\/\/vasasbasket.hu\/index.php\/49-12-avagy-jovoben-az-ero\/#primaryimage"},"thumbnailUrl":"https:\/\/vasasbasket.hu\/wp-content\/uploads\/2020\/04\/2019.11.30.-23-of-57.jpg","datePublished":"2020-04-24T07:44:50+00:00","breadcrumb":{"@id":"https:\/\/vasasbasket.hu\/index.php\/49-12-avagy-jovoben-az-ero\/#breadcrumb"},"inLanguage":"hu","potentialAction":[{"@type":"ReadAction","target":["https:\/\/vasasbasket.hu\/index.php\/49-12-avagy-jovoben-az-ero\/"]}]},{"@type":"ImageObject","inLanguage":"hu","@id":"https:\/\/vasasbasket.hu\/index.php\/49-12-avagy-jovoben-az-ero\/#primaryimage","url":"https:\/\/vasasbasket.hu\/wp-content\/uploads\/2020\/04\/2019.11.30.-23-of-57.jpg","contentUrl":"https:\/\/vasasbasket.hu\/wp-content\/uploads\/2020\/04\/2019.11.30.-23-of-57.jpg","width":1500,"height":1000},{"@type":"BreadcrumbList","@id":"https:\/\/vasasbasket.hu\/index.php\/49-12-avagy-jovoben-az-ero\/#breadcrumb","itemListElement":[{"@type":"ListItem","position":1,"name":"Kezd\u0151lap","item":"https:\/\/vasasbasket.hu\/"},{"@type":"ListItem","position":2,"name":"49\/12 &#8211; avagy j\u00f6v\u0151ben az er\u0151"}]},{"@type":"WebSite","@id":"https:\/\/vasasbasket.hu\/#website","url":"https:\/\/vasasbasket.hu\/","name":"Vasas n\u0151i kos\u00e1rlabda","description":"Vasas Basket N\u0151i","publisher":{"@id":"https:\/\/vasasbasket.hu\/#organization"},"potentialAction":[{"@type":"SearchAction","target":{"@type":"EntryPoint","urlTemplate":"https:\/\/vasasbasket.hu\/?s={search_term_string}"},"query-input":{"@type":"PropertyValueSpecification","valueRequired":true,"valueName":"search_term_string"}}],"inLanguage":"hu"},{"@type":"Organization","@id":"https:\/\/vasasbasket.hu\/#organization","name":"Vasas n\u0151i kos\u00e1rlabda","url":"https:\/\/vasasbasket.hu\/","logo":{"@type":"ImageObject","inLanguage":"hu","@id":"https:\/\/vasasbasket.hu\/#\/schema\/logo\/image\/","url":"https:\/\/vasasbasket.hu\/wp-content\/uploads\/2017\/03\/vasas_cimer_1200.jpg","contentUrl":"https:\/\/vasasbasket.hu\/wp-content\/uploads\/2017\/03\/vasas_cimer_1200.jpg","width":1200,"height":1200,"caption":"Vasas n\u0151i kos\u00e1rlabda"},"image":{"@id":"https:\/\/vasasbasket.hu\/#\/schema\/logo\/image\/"},"sameAs":["https:\/\/www.facebook.com\/vasaswbasket\/"]},{"@type":"Person","@id":"https:\/\/vasasbasket.hu\/#\/schema\/person\/f1085f4d2c6582d8d0f977e92de2edee","name":"admin","image":{"@type":"ImageObject","inLanguage":"hu","@id":"https:\/\/vasasbasket.hu\/#\/schema\/person\/image\/","url":"https:\/\/secure.gravatar.com\/avatar\/645c92f7d9cfe02bd93ce2d1cfa11cd3a268bdfe65486552ff04b193cea07634?s=96&d=mm&r=g","contentUrl":"https:\/\/secure.gravatar.com\/avatar\/645c92f7d9cfe02bd93ce2d1cfa11cd3a268bdfe65486552ff04b193cea07634?s=96&d=mm&r=g","caption":"admin"},"url":"https:\/\/vasasbasket.hu\/index.php\/author\/admin\/"}]}},"_links":{"self":[{"href":"https:\/\/vasasbasket.hu\/index.php\/wp-json\/wp\/v2\/posts\/6975","targetHints":{"allow":["GET"]}}],"collection":[{"href":"https:\/\/vasasbasket.hu\/index.php\/wp-json\/wp\/v2\/posts"}],"about":[{"href":"https:\/\/vasasbasket.hu\/index.php\/wp-json\/wp\/v2\/types\/post"}],"author":[{"embeddable":true,"href":"https:\/\/vasasbasket.hu\/index.php\/wp-json\/wp\/v2\/users\/1"}],"replies":[{"embeddable":true,"href":"https:\/\/vasasbasket.hu\/index.php\/wp-json\/wp\/v2\/comments?post=6975"}],"version-history":[{"count":2,"href":"https:\/\/vasasbasket.hu\/index.php\/wp-json\/wp\/v2\/posts\/6975\/revisions"}],"predecessor-version":[{"id":6980,"href":"https:\/\/vasasbasket.hu\/index.php\/wp-json\/wp\/v2\/posts\/6975\/revisions\/6980"}],"wp:featuredmedia":[{"embeddable":true,"href":"https:\/\/vasasbasket.hu\/index.php\/wp-json\/wp\/v2\/media\/6977"}],"wp:attachment":[{"href":"https:\/\/vasasbasket.hu\/index.php\/wp-json\/wp\/v2\/media?parent=6975"}],"wp:term":[{"taxonomy":"category","embeddable":true,"href":"https:\/\/vasasbasket.hu\/index.php\/wp-json\/wp\/v2\/categories?post=6975"},{"taxonomy":"post_tag","embeddable":true,"href":"https:\/\/vasasbasket.hu\/index.php\/wp-json\/wp\/v2\/tags?post=6975"}],"curies":[{"name":"wp","href":"https:\/\/api.w.org\/{rel}","templated":true}]}}