{"id":6915,"date":"2020-03-17T23:33:00","date_gmt":"2020-03-17T23:33:00","guid":{"rendered":"http:\/\/vasasbasket.hu\/?p=6915"},"modified":"2020-03-17T23:33:00","modified_gmt":"2020-03-17T23:33:00","slug":"lezarult-a-bajnoksag-vege-a-2019-20-as-szezonnak","status":"publish","type":"post","link":"https:\/\/vasasbasket.hu\/index.php\/lezarult-a-bajnoksag-vege-a-2019-20-as-szezonnak\/","title":{"rendered":"Lez\u00e1rult a bajnoks\u00e1g, v\u00e9ge a 2019\/20-as szezonnak"},"content":{"rendered":"<p><strong>A Magyar Kos\u00e1rlabd\u00e1z\u00f3k Orsz\u00e1gos Sz\u00f6vets\u00e9ge lez\u00e1rta minden koroszt\u00e1ly bajnoks\u00e1g\u00e1t. A csapatok az eddigi eredm\u00e9nyek alapj\u00e1n z\u00e1rt\u00e1k a szezont, bajnokot \u00e9s kies\u0151t azonban nem hirdetett a sz\u00f6vets\u00e9g, \u00edgy a k\u00f6vetkez\u0151 \u00e9vad v\u00e1ltozatlan fel\u00e1ll\u00e1sban fog elkezd\u0151dni.<\/strong><\/p>\n<p>A koronav\u00edrus terjed\u00e9se miatt a Magyar Kos\u00e1rlabd\u00e1z\u00f3k Orsz\u00e1gos Sz\u00f6vets\u00e9ge m\u00e1rcius 13-\u00e1n felf\u00fcggesztette valamennyi versenysorozat\u00e1t az ut\u00e1np\u00f3tl\u00e1s koroszt\u00e1lyokkal bez\u00e1r\u00f3lag. A tov\u00e1bbiakr\u00f3l m\u00e1rcius 17-\u00e9n tartott \u00e9rtekezletet az eln\u00f6ks\u00e9g, a vesz\u00e9lyhelyzetre val\u00f3 tekintettel internetes kapcsolat seg\u00edts\u00e9g\u00e9vel.<\/p>\n<p>A sz\u00f6vets\u00e9g el\u0151zetesen megk\u00e9rdezte az els\u0151 \u00e9s m\u00e1sodik vonal klubjait arr\u00f3l, hogy mik\u00e9nt \u00e1llnak a bajnoks\u00e1g folytat\u00e1s\u00e1hoz.<\/p>\n<p>A be\u00e9rkezett v\u00e9lem\u00e9nyek alapj\u00e1n d\u00f6nt\u0151 t\u00f6bbs\u00e9get kapott az a javaslat, hogy a bajnoks\u00e1gokat az eddigi eredm\u00e9nyek alapj\u00e1n fejezz\u00e9k be. Ezt elfogadva az eln\u00f6ks\u00e9g \u00fagy d\u00f6nt\u00f6tt, hogy befejezettnek nyilv\u00e1n\u00edtja a 2019\/2020-as bajnoks\u00e1gokat minden koroszt\u00e1lyban, mindk\u00e9t nemben. Bajnokot nem hirdetnek, mint ahogyan kies\u0151 sem lesz id\u00e9n. A nemzetk\u00f6zi kup\u00e1s szerepl\u00e9ssel kapcsolatban nem hoztak most hat\u00e1rozatot.<\/p>\n<p style=\"text-align: right;\"><em>Forr\u00e1s: MKOSZ<\/em><\/p>\n","protected":false},"excerpt":{"rendered":"<p>A Magyar Kos\u00e1rlabd\u00e1z\u00f3k Orsz\u00e1gos Sz\u00f6vets\u00e9ge lez\u00e1rta minden koroszt\u00e1ly bajnoks\u00e1g\u00e1t. A csapatok az eddigi eredm\u00e9nyek alapj\u00e1n z\u00e1rt\u00e1k a szezont, bajnokot \u00e9s kies\u0151t azonban nem hirdetett a sz\u00f6vets\u00e9g, \u00edgy a k\u00f6vetkez\u0151 \u00e9vad v\u00e1ltozatlan fel\u00e1ll\u00e1sban fog elkezd\u0151dni. A koronav\u00edrus terjed\u00e9se miatt a Magyar Kos\u00e1rlabd\u00e1z\u00f3k Orsz\u00e1gos Sz\u00f6vets\u00e9ge m\u00e1rcius 13-\u00e1n felf\u00fcggesztette valamennyi versenysorozat\u00e1t az ut\u00e1np\u00f3tl\u00e1s koroszt\u00e1lyokkal bez\u00e1r\u00f3lag. A tov\u00e1bbiakr\u00f3l m\u00e1rcius&#8230;<\/p>\n","protected":false},"author":1,"featured_media":6913,"comment_status":"closed","ping_status":"open","sticky":false,"template":"","format":"standard","meta":{"footnotes":""},"categories":[92],"tags":[],"class_list":["post-6915","post","type-post","status-publish","format-standard","has-post-thumbnail","hentry","category-hirek"],"yoast_head":"<!-- This site is optimized with the Yoast SEO plugin v26.0 - https:\/\/yoast.com\/wordpress\/plugins\/seo\/ -->\n<title>Lez\u00e1rult a bajnoks\u00e1g, v\u00e9ge a 2019\/20-as szezonnak - Vasas n\u0151i kos\u00e1rlabda<\/title>\n<meta name=\"robots\" content=\"index, follow, max-snippet:-1, max-image-preview:large, max-video-preview:-1\" \/>\n<link rel=\"canonical\" href=\"https:\/\/vasasbasket.hu\/index.php\/lezarult-a-bajnoksag-vege-a-2019-20-as-szezonnak\/\" \/>\n<meta property=\"og:locale\" content=\"hu_HU\" \/>\n<meta property=\"og:type\" content=\"article\" \/>\n<meta property=\"og:title\" content=\"Lez\u00e1rult a bajnoks\u00e1g, v\u00e9ge a 2019\/20-as szezonnak - Vasas n\u0151i kos\u00e1rlabda\" \/>\n<meta property=\"og:description\" content=\"A Magyar Kos\u00e1rlabd\u00e1z\u00f3k Orsz\u00e1gos Sz\u00f6vets\u00e9ge lez\u00e1rta minden koroszt\u00e1ly bajnoks\u00e1g\u00e1t. A csapatok az eddigi eredm\u00e9nyek alapj\u00e1n z\u00e1rt\u00e1k a szezont, bajnokot \u00e9s kies\u0151t azonban nem hirdetett a sz\u00f6vets\u00e9g, \u00edgy a k\u00f6vetkez\u0151 \u00e9vad v\u00e1ltozatlan fel\u00e1ll\u00e1sban fog elkezd\u0151dni. A koronav\u00edrus terjed\u00e9se miatt a Magyar Kos\u00e1rlabd\u00e1z\u00f3k Orsz\u00e1gos Sz\u00f6vets\u00e9ge m\u00e1rcius 13-\u00e1n felf\u00fcggesztette valamennyi versenysorozat\u00e1t az ut\u00e1np\u00f3tl\u00e1s koroszt\u00e1lyokkal bez\u00e1r\u00f3lag. A tov\u00e1bbiakr\u00f3l m\u00e1rcius...\" \/>\n<meta property=\"og:url\" content=\"https:\/\/vasasbasket.hu\/index.php\/lezarult-a-bajnoksag-vege-a-2019-20-as-szezonnak\/\" \/>\n<meta property=\"og:site_name\" content=\"Vasas n\u0151i kos\u00e1rlabda\" \/>\n<meta property=\"article:publisher\" content=\"https:\/\/www.facebook.com\/vasaswbasket\/\" \/>\n<meta property=\"article:published_time\" content=\"2020-03-17T23:33:00+00:00\" \/>\n<meta property=\"og:image\" content=\"https:\/\/vasasbasket.hu\/wp-content\/uploads\/2020\/03\/52775_mkoszlogo3.jpg\" \/>\n\t<meta property=\"og:image:width\" content=\"512\" \/>\n\t<meta property=\"og:image:height\" content=\"256\" \/>\n\t<meta property=\"og:image:type\" content=\"image\/jpeg\" \/>\n<meta name=\"author\" content=\"admin\" \/>\n<meta name=\"twitter:card\" content=\"summary_large_image\" \/>\n<meta name=\"twitter:label1\" content=\"Szerz\u0151:\" \/>\n\t<meta name=\"twitter:data1\" content=\"admin\" \/>\n\t<meta name=\"twitter:label2\" content=\"Becs\u00fclt olvas\u00e1si id\u0151\" \/>\n\t<meta name=\"twitter:data2\" content=\"1 perc\" \/>\n<script type=\"application\/ld+json\" class=\"yoast-schema-graph\">{\"@context\":\"https:\/\/schema.org\",\"@graph\":[{\"@type\":\"Article\",\"@id\":\"https:\/\/vasasbasket.hu\/index.php\/lezarult-a-bajnoksag-vege-a-2019-20-as-szezonnak\/#article\",\"isPartOf\":{\"@id\":\"https:\/\/vasasbasket.hu\/index.php\/lezarult-a-bajnoksag-vege-a-2019-20-as-szezonnak\/\"},\"author\":{\"name\":\"admin\",\"@id\":\"https:\/\/vasasbasket.hu\/#\/schema\/person\/f1085f4d2c6582d8d0f977e92de2edee\"},\"headline\":\"Lez\u00e1rult a bajnoks\u00e1g, v\u00e9ge a 2019\/20-as szezonnak\",\"datePublished\":\"2020-03-17T23:33:00+00:00\",\"mainEntityOfPage\":{\"@id\":\"https:\/\/vasasbasket.hu\/index.php\/lezarult-a-bajnoksag-vege-a-2019-20-as-szezonnak\/\"},\"wordCount\":235,\"publisher\":{\"@id\":\"https:\/\/vasasbasket.hu\/#organization\"},\"image\":{\"@id\":\"https:\/\/vasasbasket.hu\/index.php\/lezarult-a-bajnoksag-vege-a-2019-20-as-szezonnak\/#primaryimage\"},\"thumbnailUrl\":\"https:\/\/vasasbasket.hu\/wp-content\/uploads\/2020\/03\/52775_mkoszlogo3.jpg\",\"articleSection\":[\"\u00d6sszes H\u00edr\"],\"inLanguage\":\"hu\"},{\"@type\":\"WebPage\",\"@id\":\"https:\/\/vasasbasket.hu\/index.php\/lezarult-a-bajnoksag-vege-a-2019-20-as-szezonnak\/\",\"url\":\"https:\/\/vasasbasket.hu\/index.php\/lezarult-a-bajnoksag-vege-a-2019-20-as-szezonnak\/\",\"name\":\"Lez\u00e1rult a bajnoks\u00e1g, v\u00e9ge a 2019\/20-as szezonnak - Vasas n\u0151i kos\u00e1rlabda\",\"isPartOf\":{\"@id\":\"https:\/\/vasasbasket.hu\/#website\"},\"primaryImageOfPage\":{\"@id\":\"https:\/\/vasasbasket.hu\/index.php\/lezarult-a-bajnoksag-vege-a-2019-20-as-szezonnak\/#primaryimage\"},\"image\":{\"@id\":\"https:\/\/vasasbasket.hu\/index.php\/lezarult-a-bajnoksag-vege-a-2019-20-as-szezonnak\/#primaryimage\"},\"thumbnailUrl\":\"https:\/\/vasasbasket.hu\/wp-content\/uploads\/2020\/03\/52775_mkoszlogo3.jpg\",\"datePublished\":\"2020-03-17T23:33:00+00:00\",\"breadcrumb\":{\"@id\":\"https:\/\/vasasbasket.hu\/index.php\/lezarult-a-bajnoksag-vege-a-2019-20-as-szezonnak\/#breadcrumb\"},\"inLanguage\":\"hu\",\"potentialAction\":[{\"@type\":\"ReadAction\",\"target\":[\"https:\/\/vasasbasket.hu\/index.php\/lezarult-a-bajnoksag-vege-a-2019-20-as-szezonnak\/\"]}]},{\"@type\":\"ImageObject\",\"inLanguage\":\"hu\",\"@id\":\"https:\/\/vasasbasket.hu\/index.php\/lezarult-a-bajnoksag-vege-a-2019-20-as-szezonnak\/#primaryimage\",\"url\":\"https:\/\/vasasbasket.hu\/wp-content\/uploads\/2020\/03\/52775_mkoszlogo3.jpg\",\"contentUrl\":\"https:\/\/vasasbasket.hu\/wp-content\/uploads\/2020\/03\/52775_mkoszlogo3.jpg\",\"width\":512,\"height\":256},{\"@type\":\"BreadcrumbList\",\"@id\":\"https:\/\/vasasbasket.hu\/index.php\/lezarult-a-bajnoksag-vege-a-2019-20-as-szezonnak\/#breadcrumb\",\"itemListElement\":[{\"@type\":\"ListItem\",\"position\":1,\"name\":\"Kezd\u0151lap\",\"item\":\"https:\/\/vasasbasket.hu\/\"},{\"@type\":\"ListItem\",\"position\":2,\"name\":\"Lez\u00e1rult a bajnoks\u00e1g, v\u00e9ge a 2019\/20-as szezonnak\"}]},{\"@type\":\"WebSite\",\"@id\":\"https:\/\/vasasbasket.hu\/#website\",\"url\":\"https:\/\/vasasbasket.hu\/\",\"name\":\"Vasas n\u0151i kos\u00e1rlabda\",\"description\":\"Vasas Basket N\u0151i\",\"publisher\":{\"@id\":\"https:\/\/vasasbasket.hu\/#organization\"},\"potentialAction\":[{\"@type\":\"SearchAction\",\"target\":{\"@type\":\"EntryPoint\",\"urlTemplate\":\"https:\/\/vasasbasket.hu\/?s={search_term_string}\"},\"query-input\":{\"@type\":\"PropertyValueSpecification\",\"valueRequired\":true,\"valueName\":\"search_term_string\"}}],\"inLanguage\":\"hu\"},{\"@type\":\"Organization\",\"@id\":\"https:\/\/vasasbasket.hu\/#organization\",\"name\":\"Vasas n\u0151i kos\u00e1rlabda\",\"url\":\"https:\/\/vasasbasket.hu\/\",\"logo\":{\"@type\":\"ImageObject\",\"inLanguage\":\"hu\",\"@id\":\"https:\/\/vasasbasket.hu\/#\/schema\/logo\/image\/\",\"url\":\"https:\/\/vasasbasket.hu\/wp-content\/uploads\/2017\/03\/vasas_cimer_1200.jpg\",\"contentUrl\":\"https:\/\/vasasbasket.hu\/wp-content\/uploads\/2017\/03\/vasas_cimer_1200.jpg\",\"width\":1200,\"height\":1200,\"caption\":\"Vasas n\u0151i kos\u00e1rlabda\"},\"image\":{\"@id\":\"https:\/\/vasasbasket.hu\/#\/schema\/logo\/image\/\"},\"sameAs\":[\"https:\/\/www.facebook.com\/vasaswbasket\/\"]},{\"@type\":\"Person\",\"@id\":\"https:\/\/vasasbasket.hu\/#\/schema\/person\/f1085f4d2c6582d8d0f977e92de2edee\",\"name\":\"admin\",\"image\":{\"@type\":\"ImageObject\",\"inLanguage\":\"hu\",\"@id\":\"https:\/\/vasasbasket.hu\/#\/schema\/person\/image\/\",\"url\":\"https:\/\/secure.gravatar.com\/avatar\/645c92f7d9cfe02bd93ce2d1cfa11cd3a268bdfe65486552ff04b193cea07634?s=96&d=mm&r=g\",\"contentUrl\":\"https:\/\/secure.gravatar.com\/avatar\/645c92f7d9cfe02bd93ce2d1cfa11cd3a268bdfe65486552ff04b193cea07634?s=96&d=mm&r=g\",\"caption\":\"admin\"},\"url\":\"https:\/\/vasasbasket.hu\/index.php\/author\/admin\/\"}]}<\/script>\n<!-- \/ Yoast SEO plugin. -->","yoast_head_json":{"title":"Lez\u00e1rult a bajnoks\u00e1g, v\u00e9ge a 2019\/20-as szezonnak - Vasas n\u0151i kos\u00e1rlabda","robots":{"index":"index","follow":"follow","max-snippet":"max-snippet:-1","max-image-preview":"max-image-preview:large","max-video-preview":"max-video-preview:-1"},"canonical":"https:\/\/vasasbasket.hu\/index.php\/lezarult-a-bajnoksag-vege-a-2019-20-as-szezonnak\/","og_locale":"hu_HU","og_type":"article","og_title":"Lez\u00e1rult a bajnoks\u00e1g, v\u00e9ge a 2019\/20-as szezonnak - Vasas n\u0151i kos\u00e1rlabda","og_description":"A Magyar Kos\u00e1rlabd\u00e1z\u00f3k Orsz\u00e1gos Sz\u00f6vets\u00e9ge lez\u00e1rta minden koroszt\u00e1ly bajnoks\u00e1g\u00e1t. A csapatok az eddigi eredm\u00e9nyek alapj\u00e1n z\u00e1rt\u00e1k a szezont, bajnokot \u00e9s kies\u0151t azonban nem hirdetett a sz\u00f6vets\u00e9g, \u00edgy a k\u00f6vetkez\u0151 \u00e9vad v\u00e1ltozatlan fel\u00e1ll\u00e1sban fog elkezd\u0151dni. A koronav\u00edrus terjed\u00e9se miatt a Magyar Kos\u00e1rlabd\u00e1z\u00f3k Orsz\u00e1gos Sz\u00f6vets\u00e9ge m\u00e1rcius 13-\u00e1n felf\u00fcggesztette valamennyi versenysorozat\u00e1t az ut\u00e1np\u00f3tl\u00e1s koroszt\u00e1lyokkal bez\u00e1r\u00f3lag. A tov\u00e1bbiakr\u00f3l m\u00e1rcius...","og_url":"https:\/\/vasasbasket.hu\/index.php\/lezarult-a-bajnoksag-vege-a-2019-20-as-szezonnak\/","og_site_name":"Vasas n\u0151i kos\u00e1rlabda","article_publisher":"https:\/\/www.facebook.com\/vasaswbasket\/","article_published_time":"2020-03-17T23:33:00+00:00","og_image":[{"width":512,"height":256,"url":"https:\/\/vasasbasket.hu\/wp-content\/uploads\/2020\/03\/52775_mkoszlogo3.jpg","type":"image\/jpeg"}],"author":"admin","twitter_card":"summary_large_image","twitter_misc":{"Szerz\u0151:":"admin","Becs\u00fclt olvas\u00e1si id\u0151":"1 perc"},"schema":{"@context":"https:\/\/schema.org","@graph":[{"@type":"Article","@id":"https:\/\/vasasbasket.hu\/index.php\/lezarult-a-bajnoksag-vege-a-2019-20-as-szezonnak\/#article","isPartOf":{"@id":"https:\/\/vasasbasket.hu\/index.php\/lezarult-a-bajnoksag-vege-a-2019-20-as-szezonnak\/"},"author":{"name":"admin","@id":"https:\/\/vasasbasket.hu\/#\/schema\/person\/f1085f4d2c6582d8d0f977e92de2edee"},"headline":"Lez\u00e1rult a bajnoks\u00e1g, v\u00e9ge a 2019\/20-as szezonnak","datePublished":"2020-03-17T23:33:00+00:00","mainEntityOfPage":{"@id":"https:\/\/vasasbasket.hu\/index.php\/lezarult-a-bajnoksag-vege-a-2019-20-as-szezonnak\/"},"wordCount":235,"publisher":{"@id":"https:\/\/vasasbasket.hu\/#organization"},"image":{"@id":"https:\/\/vasasbasket.hu\/index.php\/lezarult-a-bajnoksag-vege-a-2019-20-as-szezonnak\/#primaryimage"},"thumbnailUrl":"https:\/\/vasasbasket.hu\/wp-content\/uploads\/2020\/03\/52775_mkoszlogo3.jpg","articleSection":["\u00d6sszes H\u00edr"],"inLanguage":"hu"},{"@type":"WebPage","@id":"https:\/\/vasasbasket.hu\/index.php\/lezarult-a-bajnoksag-vege-a-2019-20-as-szezonnak\/","url":"https:\/\/vasasbasket.hu\/index.php\/lezarult-a-bajnoksag-vege-a-2019-20-as-szezonnak\/","name":"Lez\u00e1rult a bajnoks\u00e1g, v\u00e9ge a 2019\/20-as szezonnak - Vasas n\u0151i kos\u00e1rlabda","isPartOf":{"@id":"https:\/\/vasasbasket.hu\/#website"},"primaryImageOfPage":{"@id":"https:\/\/vasasbasket.hu\/index.php\/lezarult-a-bajnoksag-vege-a-2019-20-as-szezonnak\/#primaryimage"},"image":{"@id":"https:\/\/vasasbasket.hu\/index.php\/lezarult-a-bajnoksag-vege-a-2019-20-as-szezonnak\/#primaryimage"},"thumbnailUrl":"https:\/\/vasasbasket.hu\/wp-content\/uploads\/2020\/03\/52775_mkoszlogo3.jpg","datePublished":"2020-03-17T23:33:00+00:00","breadcrumb":{"@id":"https:\/\/vasasbasket.hu\/index.php\/lezarult-a-bajnoksag-vege-a-2019-20-as-szezonnak\/#breadcrumb"},"inLanguage":"hu","potentialAction":[{"@type":"ReadAction","target":["https:\/\/vasasbasket.hu\/index.php\/lezarult-a-bajnoksag-vege-a-2019-20-as-szezonnak\/"]}]},{"@type":"ImageObject","inLanguage":"hu","@id":"https:\/\/vasasbasket.hu\/index.php\/lezarult-a-bajnoksag-vege-a-2019-20-as-szezonnak\/#primaryimage","url":"https:\/\/vasasbasket.hu\/wp-content\/uploads\/2020\/03\/52775_mkoszlogo3.jpg","contentUrl":"https:\/\/vasasbasket.hu\/wp-content\/uploads\/2020\/03\/52775_mkoszlogo3.jpg","width":512,"height":256},{"@type":"BreadcrumbList","@id":"https:\/\/vasasbasket.hu\/index.php\/lezarult-a-bajnoksag-vege-a-2019-20-as-szezonnak\/#breadcrumb","itemListElement":[{"@type":"ListItem","position":1,"name":"Kezd\u0151lap","item":"https:\/\/vasasbasket.hu\/"},{"@type":"ListItem","position":2,"name":"Lez\u00e1rult a bajnoks\u00e1g, v\u00e9ge a 2019\/20-as szezonnak"}]},{"@type":"WebSite","@id":"https:\/\/vasasbasket.hu\/#website","url":"https:\/\/vasasbasket.hu\/","name":"Vasas n\u0151i kos\u00e1rlabda","description":"Vasas Basket N\u0151i","publisher":{"@id":"https:\/\/vasasbasket.hu\/#organization"},"potentialAction":[{"@type":"SearchAction","target":{"@type":"EntryPoint","urlTemplate":"https:\/\/vasasbasket.hu\/?s={search_term_string}"},"query-input":{"@type":"PropertyValueSpecification","valueRequired":true,"valueName":"search_term_string"}}],"inLanguage":"hu"},{"@type":"Organization","@id":"https:\/\/vasasbasket.hu\/#organization","name":"Vasas n\u0151i kos\u00e1rlabda","url":"https:\/\/vasasbasket.hu\/","logo":{"@type":"ImageObject","inLanguage":"hu","@id":"https:\/\/vasasbasket.hu\/#\/schema\/logo\/image\/","url":"https:\/\/vasasbasket.hu\/wp-content\/uploads\/2017\/03\/vasas_cimer_1200.jpg","contentUrl":"https:\/\/vasasbasket.hu\/wp-content\/uploads\/2017\/03\/vasas_cimer_1200.jpg","width":1200,"height":1200,"caption":"Vasas n\u0151i kos\u00e1rlabda"},"image":{"@id":"https:\/\/vasasbasket.hu\/#\/schema\/logo\/image\/"},"sameAs":["https:\/\/www.facebook.com\/vasaswbasket\/"]},{"@type":"Person","@id":"https:\/\/vasasbasket.hu\/#\/schema\/person\/f1085f4d2c6582d8d0f977e92de2edee","name":"admin","image":{"@type":"ImageObject","inLanguage":"hu","@id":"https:\/\/vasasbasket.hu\/#\/schema\/person\/image\/","url":"https:\/\/secure.gravatar.com\/avatar\/645c92f7d9cfe02bd93ce2d1cfa11cd3a268bdfe65486552ff04b193cea07634?s=96&d=mm&r=g","contentUrl":"https:\/\/secure.gravatar.com\/avatar\/645c92f7d9cfe02bd93ce2d1cfa11cd3a268bdfe65486552ff04b193cea07634?s=96&d=mm&r=g","caption":"admin"},"url":"https:\/\/vasasbasket.hu\/index.php\/author\/admin\/"}]}},"_links":{"self":[{"href":"https:\/\/vasasbasket.hu\/index.php\/wp-json\/wp\/v2\/posts\/6915","targetHints":{"allow":["GET"]}}],"collection":[{"href":"https:\/\/vasasbasket.hu\/index.php\/wp-json\/wp\/v2\/posts"}],"about":[{"href":"https:\/\/vasasbasket.hu\/index.php\/wp-json\/wp\/v2\/types\/post"}],"author":[{"embeddable":true,"href":"https:\/\/vasasbasket.hu\/index.php\/wp-json\/wp\/v2\/users\/1"}],"replies":[{"embeddable":true,"href":"https:\/\/vasasbasket.hu\/index.php\/wp-json\/wp\/v2\/comments?post=6915"}],"version-history":[{"count":1,"href":"https:\/\/vasasbasket.hu\/index.php\/wp-json\/wp\/v2\/posts\/6915\/revisions"}],"predecessor-version":[{"id":6916,"href":"https:\/\/vasasbasket.hu\/index.php\/wp-json\/wp\/v2\/posts\/6915\/revisions\/6916"}],"wp:featuredmedia":[{"embeddable":true,"href":"https:\/\/vasasbasket.hu\/index.php\/wp-json\/wp\/v2\/media\/6913"}],"wp:attachment":[{"href":"https:\/\/vasasbasket.hu\/index.php\/wp-json\/wp\/v2\/media?parent=6915"}],"wp:term":[{"taxonomy":"category","embeddable":true,"href":"https:\/\/vasasbasket.hu\/index.php\/wp-json\/wp\/v2\/categories?post=6915"},{"taxonomy":"post_tag","embeddable":true,"href":"https:\/\/vasasbasket.hu\/index.php\/wp-json\/wp\/v2\/tags?post=6915"}],"curies":[{"name":"wp","href":"https:\/\/api.w.org\/{rel}","templated":true}]}}