{"id":6912,"date":"2020-03-13T18:12:57","date_gmt":"2020-03-13T18:12:57","guid":{"rendered":"http:\/\/vasasbasket.hu\/?p=6912"},"modified":"2020-03-13T18:12:57","modified_gmt":"2020-03-13T18:12:57","slug":"elmarad-a-holnapi-meccs-szunetel-a-bajnoksag","status":"publish","type":"post","link":"https:\/\/vasasbasket.hu\/index.php\/elmarad-a-holnapi-meccs-szunetel-a-bajnoksag\/","title":{"rendered":"Elmarad a holnapi meccs, sz\u00fcnetel a bajnoks\u00e1g"},"content":{"rendered":"<p><strong>A mai napon d\u00f6nt\u00e9s sz\u00fcletett arr\u00f3l, hogy az MKOSZ minden versenyrendszer\u00e9t felf\u00fcggeszti, \u00edgy a holnapi Vasas Akad\u00e9mia &#8211; ZTE NKK tal\u00e1lkoz\u00f3 is elmarad. Al\u00e1bb az Sz\u00f6vets\u00e9g k\u00f6zlem\u00e9ny\u00e9t olvashatj\u00e1k.<\/strong><\/p>\n<p>A Magyar Kos\u00e1rlabd\u00e1z\u00f3k Orsz\u00e1gos Sz\u00f6vets\u00e9ge Magyarorsz\u00e1g Korm\u00e1ny\u00e1nak 2020. m\u00e1rcius 11-\u00e9n hozott rendelet\u00e9vel \u00f6sszhangban \u00e9rtes\u00edtette tagszervezeteit a m\u00e9rk\u0151z\u00e9sek n\u00e9z\u0151k n\u00e9lk\u00fcl t\u00f6rt\u00e9n\u0151 megszervez\u00e9s\u00e9nek felt\u00e9teleir\u0151l.<\/p>\n<p>Az MKOSZ r\u00e9sz\u00e9re a tagszervezeteinkt\u0151l mai napon be\u00e9rkezett \u00edr\u00e1sbeli nyilatkozatok alapj\u00e1n egy\u00e9rtelm\u0171v\u00e9 v\u00e1lt, hogy a kos\u00e1rlabda versenyrendszer m\u00e9rk\u0151z\u00e9seinek t\u00falnyom\u00f3 t\u00f6bbs\u00e9ge a korm\u00e1nyrendeletnek megfelel\u0151 felt\u00e9telekkel sem bonyol\u00edthat\u00f3 le a sportol\u00f3k, sportszakemberek v\u00e9delme, illetve a sportl\u00e9tes\u00edtm\u00e9nyek, iskolai tornatermek bez\u00e1r\u00e1sa ok\u00e1n.<\/p>\n<p>Mivel jelen k\u00f6r\u00fclm\u00e9nyek k\u00f6z\u00f6tt \u00e9rt\u00e9kelhet\u0151 versenyrendszer nem \u00fczemeltethet\u0151, az MKOSZ 2020. m\u00e1rcius 14-\u00e9n 00.00 \u00f3r\u00e1t\u00f3l koroszt\u00e1lyra val\u00f3 tekintet n\u00e9lk\u00fcl minden versenyrendszer\u00e9t felf\u00fcggeszti!<\/p>\n<p>A 2019\/2020-as szezonnal kapcsolatos v\u00e9gs\u0151 d\u00f6nt\u00e9st az MKOSZ Eln\u00f6ks\u00e9ge a 2020. m\u00e1rcius 17-\u00e9n 13.00-t\u00f3l tartand\u00f3, az NB I. A csoportos sportszervezetek vezet\u0151ivel k\u00f6z\u00f6sen megrendezend\u0151 rendk\u00edv\u00fcli \u00fcl\u00e9s\u00e9n hozza meg.<\/p>\n","protected":false},"excerpt":{"rendered":"<p>A mai napon d\u00f6nt\u00e9s sz\u00fcletett arr\u00f3l, hogy az MKOSZ minden versenyrendszer\u00e9t felf\u00fcggeszti, \u00edgy a holnapi Vasas Akad\u00e9mia &#8211; ZTE NKK tal\u00e1lkoz\u00f3 is elmarad. Al\u00e1bb az Sz\u00f6vets\u00e9g k\u00f6zlem\u00e9ny\u00e9t olvashatj\u00e1k. A Magyar Kos\u00e1rlabd\u00e1z\u00f3k Orsz\u00e1gos Sz\u00f6vets\u00e9ge Magyarorsz\u00e1g Korm\u00e1ny\u00e1nak 2020. m\u00e1rcius 11-\u00e9n hozott rendelet\u00e9vel \u00f6sszhangban \u00e9rtes\u00edtette tagszervezeteit a m\u00e9rk\u0151z\u00e9sek n\u00e9z\u0151k n\u00e9lk\u00fcl t\u00f6rt\u00e9n\u0151 megszervez\u00e9s\u00e9nek felt\u00e9teleir\u0151l. Az MKOSZ r\u00e9sz\u00e9re a tagszervezeteinkt\u0151l&#8230;<\/p>\n","protected":false},"author":1,"featured_media":6913,"comment_status":"closed","ping_status":"open","sticky":false,"template":"","format":"standard","meta":{"footnotes":""},"categories":[92],"tags":[],"class_list":["post-6912","post","type-post","status-publish","format-standard","has-post-thumbnail","hentry","category-hirek"],"yoast_head":"<!-- This site is optimized with the Yoast SEO plugin v26.0 - https:\/\/yoast.com\/wordpress\/plugins\/seo\/ -->\n<title>Elmarad a holnapi meccs, sz\u00fcnetel a bajnoks\u00e1g - Vasas n\u0151i kos\u00e1rlabda<\/title>\n<meta name=\"robots\" content=\"index, follow, max-snippet:-1, max-image-preview:large, max-video-preview:-1\" \/>\n<link rel=\"canonical\" href=\"https:\/\/vasasbasket.hu\/index.php\/elmarad-a-holnapi-meccs-szunetel-a-bajnoksag\/\" \/>\n<meta property=\"og:locale\" content=\"hu_HU\" \/>\n<meta property=\"og:type\" content=\"article\" \/>\n<meta property=\"og:title\" content=\"Elmarad a holnapi meccs, sz\u00fcnetel a bajnoks\u00e1g - Vasas n\u0151i kos\u00e1rlabda\" \/>\n<meta property=\"og:description\" content=\"A mai napon d\u00f6nt\u00e9s sz\u00fcletett arr\u00f3l, hogy az MKOSZ minden versenyrendszer\u00e9t felf\u00fcggeszti, \u00edgy a holnapi Vasas Akad\u00e9mia &#8211; ZTE NKK tal\u00e1lkoz\u00f3 is elmarad. Al\u00e1bb az Sz\u00f6vets\u00e9g k\u00f6zlem\u00e9ny\u00e9t olvashatj\u00e1k. A Magyar Kos\u00e1rlabd\u00e1z\u00f3k Orsz\u00e1gos Sz\u00f6vets\u00e9ge Magyarorsz\u00e1g Korm\u00e1ny\u00e1nak 2020. m\u00e1rcius 11-\u00e9n hozott rendelet\u00e9vel \u00f6sszhangban \u00e9rtes\u00edtette tagszervezeteit a m\u00e9rk\u0151z\u00e9sek n\u00e9z\u0151k n\u00e9lk\u00fcl t\u00f6rt\u00e9n\u0151 megszervez\u00e9s\u00e9nek felt\u00e9teleir\u0151l. Az MKOSZ r\u00e9sz\u00e9re a tagszervezeteinkt\u0151l...\" \/>\n<meta property=\"og:url\" content=\"https:\/\/vasasbasket.hu\/index.php\/elmarad-a-holnapi-meccs-szunetel-a-bajnoksag\/\" \/>\n<meta property=\"og:site_name\" content=\"Vasas n\u0151i kos\u00e1rlabda\" \/>\n<meta property=\"article:publisher\" content=\"https:\/\/www.facebook.com\/vasaswbasket\/\" \/>\n<meta property=\"article:published_time\" content=\"2020-03-13T18:12:57+00:00\" \/>\n<meta property=\"og:image\" content=\"https:\/\/vasasbasket.hu\/wp-content\/uploads\/2020\/03\/52775_mkoszlogo3.jpg\" \/>\n\t<meta property=\"og:image:width\" content=\"512\" \/>\n\t<meta property=\"og:image:height\" content=\"256\" \/>\n\t<meta property=\"og:image:type\" content=\"image\/jpeg\" \/>\n<meta name=\"author\" content=\"admin\" \/>\n<meta name=\"twitter:card\" content=\"summary_large_image\" \/>\n<meta name=\"twitter:label1\" content=\"Szerz\u0151:\" \/>\n\t<meta name=\"twitter:data1\" content=\"admin\" \/>\n\t<meta name=\"twitter:label2\" content=\"Becs\u00fclt olvas\u00e1si id\u0151\" \/>\n\t<meta name=\"twitter:data2\" content=\"1 perc\" \/>\n<script type=\"application\/ld+json\" class=\"yoast-schema-graph\">{\"@context\":\"https:\/\/schema.org\",\"@graph\":[{\"@type\":\"Article\",\"@id\":\"https:\/\/vasasbasket.hu\/index.php\/elmarad-a-holnapi-meccs-szunetel-a-bajnoksag\/#article\",\"isPartOf\":{\"@id\":\"https:\/\/vasasbasket.hu\/index.php\/elmarad-a-holnapi-meccs-szunetel-a-bajnoksag\/\"},\"author\":{\"name\":\"admin\",\"@id\":\"https:\/\/vasasbasket.hu\/#\/schema\/person\/f1085f4d2c6582d8d0f977e92de2edee\"},\"headline\":\"Elmarad a holnapi meccs, sz\u00fcnetel a bajnoks\u00e1g\",\"datePublished\":\"2020-03-13T18:12:57+00:00\",\"mainEntityOfPage\":{\"@id\":\"https:\/\/vasasbasket.hu\/index.php\/elmarad-a-holnapi-meccs-szunetel-a-bajnoksag\/\"},\"wordCount\":241,\"publisher\":{\"@id\":\"https:\/\/vasasbasket.hu\/#organization\"},\"image\":{\"@id\":\"https:\/\/vasasbasket.hu\/index.php\/elmarad-a-holnapi-meccs-szunetel-a-bajnoksag\/#primaryimage\"},\"thumbnailUrl\":\"https:\/\/vasasbasket.hu\/wp-content\/uploads\/2020\/03\/52775_mkoszlogo3.jpg\",\"articleSection\":[\"\u00d6sszes H\u00edr\"],\"inLanguage\":\"hu\"},{\"@type\":\"WebPage\",\"@id\":\"https:\/\/vasasbasket.hu\/index.php\/elmarad-a-holnapi-meccs-szunetel-a-bajnoksag\/\",\"url\":\"https:\/\/vasasbasket.hu\/index.php\/elmarad-a-holnapi-meccs-szunetel-a-bajnoksag\/\",\"name\":\"Elmarad a holnapi meccs, sz\u00fcnetel a bajnoks\u00e1g - Vasas n\u0151i kos\u00e1rlabda\",\"isPartOf\":{\"@id\":\"https:\/\/vasasbasket.hu\/#website\"},\"primaryImageOfPage\":{\"@id\":\"https:\/\/vasasbasket.hu\/index.php\/elmarad-a-holnapi-meccs-szunetel-a-bajnoksag\/#primaryimage\"},\"image\":{\"@id\":\"https:\/\/vasasbasket.hu\/index.php\/elmarad-a-holnapi-meccs-szunetel-a-bajnoksag\/#primaryimage\"},\"thumbnailUrl\":\"https:\/\/vasasbasket.hu\/wp-content\/uploads\/2020\/03\/52775_mkoszlogo3.jpg\",\"datePublished\":\"2020-03-13T18:12:57+00:00\",\"breadcrumb\":{\"@id\":\"https:\/\/vasasbasket.hu\/index.php\/elmarad-a-holnapi-meccs-szunetel-a-bajnoksag\/#breadcrumb\"},\"inLanguage\":\"hu\",\"potentialAction\":[{\"@type\":\"ReadAction\",\"target\":[\"https:\/\/vasasbasket.hu\/index.php\/elmarad-a-holnapi-meccs-szunetel-a-bajnoksag\/\"]}]},{\"@type\":\"ImageObject\",\"inLanguage\":\"hu\",\"@id\":\"https:\/\/vasasbasket.hu\/index.php\/elmarad-a-holnapi-meccs-szunetel-a-bajnoksag\/#primaryimage\",\"url\":\"https:\/\/vasasbasket.hu\/wp-content\/uploads\/2020\/03\/52775_mkoszlogo3.jpg\",\"contentUrl\":\"https:\/\/vasasbasket.hu\/wp-content\/uploads\/2020\/03\/52775_mkoszlogo3.jpg\",\"width\":512,\"height\":256},{\"@type\":\"BreadcrumbList\",\"@id\":\"https:\/\/vasasbasket.hu\/index.php\/elmarad-a-holnapi-meccs-szunetel-a-bajnoksag\/#breadcrumb\",\"itemListElement\":[{\"@type\":\"ListItem\",\"position\":1,\"name\":\"Kezd\u0151lap\",\"item\":\"https:\/\/vasasbasket.hu\/\"},{\"@type\":\"ListItem\",\"position\":2,\"name\":\"Elmarad a holnapi meccs, sz\u00fcnetel a bajnoks\u00e1g\"}]},{\"@type\":\"WebSite\",\"@id\":\"https:\/\/vasasbasket.hu\/#website\",\"url\":\"https:\/\/vasasbasket.hu\/\",\"name\":\"Vasas n\u0151i kos\u00e1rlabda\",\"description\":\"Vasas Basket N\u0151i\",\"publisher\":{\"@id\":\"https:\/\/vasasbasket.hu\/#organization\"},\"potentialAction\":[{\"@type\":\"SearchAction\",\"target\":{\"@type\":\"EntryPoint\",\"urlTemplate\":\"https:\/\/vasasbasket.hu\/?s={search_term_string}\"},\"query-input\":{\"@type\":\"PropertyValueSpecification\",\"valueRequired\":true,\"valueName\":\"search_term_string\"}}],\"inLanguage\":\"hu\"},{\"@type\":\"Organization\",\"@id\":\"https:\/\/vasasbasket.hu\/#organization\",\"name\":\"Vasas n\u0151i kos\u00e1rlabda\",\"url\":\"https:\/\/vasasbasket.hu\/\",\"logo\":{\"@type\":\"ImageObject\",\"inLanguage\":\"hu\",\"@id\":\"https:\/\/vasasbasket.hu\/#\/schema\/logo\/image\/\",\"url\":\"https:\/\/vasasbasket.hu\/wp-content\/uploads\/2017\/03\/vasas_cimer_1200.jpg\",\"contentUrl\":\"https:\/\/vasasbasket.hu\/wp-content\/uploads\/2017\/03\/vasas_cimer_1200.jpg\",\"width\":1200,\"height\":1200,\"caption\":\"Vasas n\u0151i kos\u00e1rlabda\"},\"image\":{\"@id\":\"https:\/\/vasasbasket.hu\/#\/schema\/logo\/image\/\"},\"sameAs\":[\"https:\/\/www.facebook.com\/vasaswbasket\/\"]},{\"@type\":\"Person\",\"@id\":\"https:\/\/vasasbasket.hu\/#\/schema\/person\/f1085f4d2c6582d8d0f977e92de2edee\",\"name\":\"admin\",\"image\":{\"@type\":\"ImageObject\",\"inLanguage\":\"hu\",\"@id\":\"https:\/\/vasasbasket.hu\/#\/schema\/person\/image\/\",\"url\":\"https:\/\/secure.gravatar.com\/avatar\/645c92f7d9cfe02bd93ce2d1cfa11cd3a268bdfe65486552ff04b193cea07634?s=96&d=mm&r=g\",\"contentUrl\":\"https:\/\/secure.gravatar.com\/avatar\/645c92f7d9cfe02bd93ce2d1cfa11cd3a268bdfe65486552ff04b193cea07634?s=96&d=mm&r=g\",\"caption\":\"admin\"},\"url\":\"https:\/\/vasasbasket.hu\/index.php\/author\/admin\/\"}]}<\/script>\n<!-- \/ Yoast SEO plugin. -->","yoast_head_json":{"title":"Elmarad a holnapi meccs, sz\u00fcnetel a bajnoks\u00e1g - Vasas n\u0151i kos\u00e1rlabda","robots":{"index":"index","follow":"follow","max-snippet":"max-snippet:-1","max-image-preview":"max-image-preview:large","max-video-preview":"max-video-preview:-1"},"canonical":"https:\/\/vasasbasket.hu\/index.php\/elmarad-a-holnapi-meccs-szunetel-a-bajnoksag\/","og_locale":"hu_HU","og_type":"article","og_title":"Elmarad a holnapi meccs, sz\u00fcnetel a bajnoks\u00e1g - Vasas n\u0151i kos\u00e1rlabda","og_description":"A mai napon d\u00f6nt\u00e9s sz\u00fcletett arr\u00f3l, hogy az MKOSZ minden versenyrendszer\u00e9t felf\u00fcggeszti, \u00edgy a holnapi Vasas Akad\u00e9mia &#8211; ZTE NKK tal\u00e1lkoz\u00f3 is elmarad. Al\u00e1bb az Sz\u00f6vets\u00e9g k\u00f6zlem\u00e9ny\u00e9t olvashatj\u00e1k. A Magyar Kos\u00e1rlabd\u00e1z\u00f3k Orsz\u00e1gos Sz\u00f6vets\u00e9ge Magyarorsz\u00e1g Korm\u00e1ny\u00e1nak 2020. m\u00e1rcius 11-\u00e9n hozott rendelet\u00e9vel \u00f6sszhangban \u00e9rtes\u00edtette tagszervezeteit a m\u00e9rk\u0151z\u00e9sek n\u00e9z\u0151k n\u00e9lk\u00fcl t\u00f6rt\u00e9n\u0151 megszervez\u00e9s\u00e9nek felt\u00e9teleir\u0151l. Az MKOSZ r\u00e9sz\u00e9re a tagszervezeteinkt\u0151l...","og_url":"https:\/\/vasasbasket.hu\/index.php\/elmarad-a-holnapi-meccs-szunetel-a-bajnoksag\/","og_site_name":"Vasas n\u0151i kos\u00e1rlabda","article_publisher":"https:\/\/www.facebook.com\/vasaswbasket\/","article_published_time":"2020-03-13T18:12:57+00:00","og_image":[{"width":512,"height":256,"url":"https:\/\/vasasbasket.hu\/wp-content\/uploads\/2020\/03\/52775_mkoszlogo3.jpg","type":"image\/jpeg"}],"author":"admin","twitter_card":"summary_large_image","twitter_misc":{"Szerz\u0151:":"admin","Becs\u00fclt olvas\u00e1si id\u0151":"1 perc"},"schema":{"@context":"https:\/\/schema.org","@graph":[{"@type":"Article","@id":"https:\/\/vasasbasket.hu\/index.php\/elmarad-a-holnapi-meccs-szunetel-a-bajnoksag\/#article","isPartOf":{"@id":"https:\/\/vasasbasket.hu\/index.php\/elmarad-a-holnapi-meccs-szunetel-a-bajnoksag\/"},"author":{"name":"admin","@id":"https:\/\/vasasbasket.hu\/#\/schema\/person\/f1085f4d2c6582d8d0f977e92de2edee"},"headline":"Elmarad a holnapi meccs, sz\u00fcnetel a bajnoks\u00e1g","datePublished":"2020-03-13T18:12:57+00:00","mainEntityOfPage":{"@id":"https:\/\/vasasbasket.hu\/index.php\/elmarad-a-holnapi-meccs-szunetel-a-bajnoksag\/"},"wordCount":241,"publisher":{"@id":"https:\/\/vasasbasket.hu\/#organization"},"image":{"@id":"https:\/\/vasasbasket.hu\/index.php\/elmarad-a-holnapi-meccs-szunetel-a-bajnoksag\/#primaryimage"},"thumbnailUrl":"https:\/\/vasasbasket.hu\/wp-content\/uploads\/2020\/03\/52775_mkoszlogo3.jpg","articleSection":["\u00d6sszes H\u00edr"],"inLanguage":"hu"},{"@type":"WebPage","@id":"https:\/\/vasasbasket.hu\/index.php\/elmarad-a-holnapi-meccs-szunetel-a-bajnoksag\/","url":"https:\/\/vasasbasket.hu\/index.php\/elmarad-a-holnapi-meccs-szunetel-a-bajnoksag\/","name":"Elmarad a holnapi meccs, sz\u00fcnetel a bajnoks\u00e1g - Vasas n\u0151i kos\u00e1rlabda","isPartOf":{"@id":"https:\/\/vasasbasket.hu\/#website"},"primaryImageOfPage":{"@id":"https:\/\/vasasbasket.hu\/index.php\/elmarad-a-holnapi-meccs-szunetel-a-bajnoksag\/#primaryimage"},"image":{"@id":"https:\/\/vasasbasket.hu\/index.php\/elmarad-a-holnapi-meccs-szunetel-a-bajnoksag\/#primaryimage"},"thumbnailUrl":"https:\/\/vasasbasket.hu\/wp-content\/uploads\/2020\/03\/52775_mkoszlogo3.jpg","datePublished":"2020-03-13T18:12:57+00:00","breadcrumb":{"@id":"https:\/\/vasasbasket.hu\/index.php\/elmarad-a-holnapi-meccs-szunetel-a-bajnoksag\/#breadcrumb"},"inLanguage":"hu","potentialAction":[{"@type":"ReadAction","target":["https:\/\/vasasbasket.hu\/index.php\/elmarad-a-holnapi-meccs-szunetel-a-bajnoksag\/"]}]},{"@type":"ImageObject","inLanguage":"hu","@id":"https:\/\/vasasbasket.hu\/index.php\/elmarad-a-holnapi-meccs-szunetel-a-bajnoksag\/#primaryimage","url":"https:\/\/vasasbasket.hu\/wp-content\/uploads\/2020\/03\/52775_mkoszlogo3.jpg","contentUrl":"https:\/\/vasasbasket.hu\/wp-content\/uploads\/2020\/03\/52775_mkoszlogo3.jpg","width":512,"height":256},{"@type":"BreadcrumbList","@id":"https:\/\/vasasbasket.hu\/index.php\/elmarad-a-holnapi-meccs-szunetel-a-bajnoksag\/#breadcrumb","itemListElement":[{"@type":"ListItem","position":1,"name":"Kezd\u0151lap","item":"https:\/\/vasasbasket.hu\/"},{"@type":"ListItem","position":2,"name":"Elmarad a holnapi meccs, sz\u00fcnetel a bajnoks\u00e1g"}]},{"@type":"WebSite","@id":"https:\/\/vasasbasket.hu\/#website","url":"https:\/\/vasasbasket.hu\/","name":"Vasas n\u0151i kos\u00e1rlabda","description":"Vasas Basket N\u0151i","publisher":{"@id":"https:\/\/vasasbasket.hu\/#organization"},"potentialAction":[{"@type":"SearchAction","target":{"@type":"EntryPoint","urlTemplate":"https:\/\/vasasbasket.hu\/?s={search_term_string}"},"query-input":{"@type":"PropertyValueSpecification","valueRequired":true,"valueName":"search_term_string"}}],"inLanguage":"hu"},{"@type":"Organization","@id":"https:\/\/vasasbasket.hu\/#organization","name":"Vasas n\u0151i kos\u00e1rlabda","url":"https:\/\/vasasbasket.hu\/","logo":{"@type":"ImageObject","inLanguage":"hu","@id":"https:\/\/vasasbasket.hu\/#\/schema\/logo\/image\/","url":"https:\/\/vasasbasket.hu\/wp-content\/uploads\/2017\/03\/vasas_cimer_1200.jpg","contentUrl":"https:\/\/vasasbasket.hu\/wp-content\/uploads\/2017\/03\/vasas_cimer_1200.jpg","width":1200,"height":1200,"caption":"Vasas n\u0151i kos\u00e1rlabda"},"image":{"@id":"https:\/\/vasasbasket.hu\/#\/schema\/logo\/image\/"},"sameAs":["https:\/\/www.facebook.com\/vasaswbasket\/"]},{"@type":"Person","@id":"https:\/\/vasasbasket.hu\/#\/schema\/person\/f1085f4d2c6582d8d0f977e92de2edee","name":"admin","image":{"@type":"ImageObject","inLanguage":"hu","@id":"https:\/\/vasasbasket.hu\/#\/schema\/person\/image\/","url":"https:\/\/secure.gravatar.com\/avatar\/645c92f7d9cfe02bd93ce2d1cfa11cd3a268bdfe65486552ff04b193cea07634?s=96&d=mm&r=g","contentUrl":"https:\/\/secure.gravatar.com\/avatar\/645c92f7d9cfe02bd93ce2d1cfa11cd3a268bdfe65486552ff04b193cea07634?s=96&d=mm&r=g","caption":"admin"},"url":"https:\/\/vasasbasket.hu\/index.php\/author\/admin\/"}]}},"_links":{"self":[{"href":"https:\/\/vasasbasket.hu\/index.php\/wp-json\/wp\/v2\/posts\/6912","targetHints":{"allow":["GET"]}}],"collection":[{"href":"https:\/\/vasasbasket.hu\/index.php\/wp-json\/wp\/v2\/posts"}],"about":[{"href":"https:\/\/vasasbasket.hu\/index.php\/wp-json\/wp\/v2\/types\/post"}],"author":[{"embeddable":true,"href":"https:\/\/vasasbasket.hu\/index.php\/wp-json\/wp\/v2\/users\/1"}],"replies":[{"embeddable":true,"href":"https:\/\/vasasbasket.hu\/index.php\/wp-json\/wp\/v2\/comments?post=6912"}],"version-history":[{"count":1,"href":"https:\/\/vasasbasket.hu\/index.php\/wp-json\/wp\/v2\/posts\/6912\/revisions"}],"predecessor-version":[{"id":6914,"href":"https:\/\/vasasbasket.hu\/index.php\/wp-json\/wp\/v2\/posts\/6912\/revisions\/6914"}],"wp:featuredmedia":[{"embeddable":true,"href":"https:\/\/vasasbasket.hu\/index.php\/wp-json\/wp\/v2\/media\/6913"}],"wp:attachment":[{"href":"https:\/\/vasasbasket.hu\/index.php\/wp-json\/wp\/v2\/media?parent=6912"}],"wp:term":[{"taxonomy":"category","embeddable":true,"href":"https:\/\/vasasbasket.hu\/index.php\/wp-json\/wp\/v2\/categories?post=6912"},{"taxonomy":"post_tag","embeddable":true,"href":"https:\/\/vasasbasket.hu\/index.php\/wp-json\/wp\/v2\/tags?post=6912"}],"curies":[{"name":"wp","href":"https:\/\/api.w.org\/{rel}","templated":true}]}}