{"id":6897,"date":"2020-03-09T18:17:41","date_gmt":"2020-03-09T18:17:41","guid":{"rendered":"http:\/\/vasasbasket.hu\/?p=6897"},"modified":"2020-03-09T18:17:41","modified_gmt":"2020-03-09T18:17:41","slug":"serdulo-b-csapatunk-is-gyozott-a-hetvegen","status":"publish","type":"post","link":"https:\/\/vasasbasket.hu\/index.php\/serdulo-b-csapatunk-is-gyozott-a-hetvegen\/","title":{"rendered":"Serd\u00fcl\u0151\/B csapatunk is gy\u0151z\u00f6tt a h\u00e9tv\u00e9g\u00e9n"},"content":{"rendered":"<p><strong>A region\u00e1lis bajnoks\u00e1gban szerepl\u0151 serd\u00fcl\u0151\/B csapatunk a BEAC ellen j\u00e1tszott a h\u00e9tv\u00e9g\u00e9n. Nem volt k\u00f6nny\u0171 dolgunk, l\u00e1nyaink azonban begy\u0171jt\u00f6tt\u00e9k a meg\u00e9rdemelt gy\u0151zelmet.<\/strong><\/p>\n<p><em>&#8222;Az ellenf\u00e9l beh\u00faz\u00f3d\u00f3 v\u00e9dekez\u00e9se ellen nem t\u00e1madtunk okosan. T\u00f6bb gyorsind\u00edt\u00e1sra \u00e9s fel\u00e1llt v\u00e9delem ellen sok passzos j\u00e1t\u00e9kra lett volna sz\u00fcks\u00e9g, melyeket csak ritk\u00e1n siker\u00fclt v\u00e9grehajtani. Egy-egy v\u00e9dekez\u00e9s\u00fcnk m\u00e9g mindig hib\u00e1s, melyben gyors javul\u00e1sra lenne sz\u00fcks\u00e9g ahhoz, hogy komolyabb j\u00e1t\u00e9ker\u0151vel rendelkez\u0151 csapatokkal is felvegy\u00fck a versenyt. A m\u00e9rk\u0151z\u00e9s utols\u00f3 perceiben szerzett labd\u00e1kb\u00f3l el\u00e9rt k\u00f6nny\u0171 kosarak biztos\u00edtott\u00e1k a biztos k\u00fcl\u00f6nbs\u00e9get. Gratul\u00e1lok a gy\u0151zelemhez a l\u00e1nyoknak&#8221;<\/em> &#8211; mondta a csapat edz\u0151je, Kert\u00e9sz D\u00e1vid.<\/p>\n<p><strong>Vasas Akad\u00e9mia\/B &#8211;<\/strong> BEAC\/B<strong> 50-41<\/strong> (16-10, 6-13, 12-10, 16-8)<br \/>\n<em>Pontszerz\u0151k:<\/em><strong><br \/>\nVasas Akad\u00e9mia\/B:<\/strong> Schannen Z. 2, D\u00fal F. 6, Lengyel L. 10, \u00c9des L. 6, N\u00e9meth-K. M., Gergely P., Szab\u00f3 F. 6, Csercsa E., V\u00edgh E. 7, Pusk\u00e1s L., Bori L. 2, Kasz\u00e1s L. 5<\/p>\n","protected":false},"excerpt":{"rendered":"<p>A region\u00e1lis bajnoks\u00e1gban szerepl\u0151 serd\u00fcl\u0151\/B csapatunk a BEAC ellen j\u00e1tszott a h\u00e9tv\u00e9g\u00e9n. Nem volt k\u00f6nny\u0171 dolgunk, l\u00e1nyaink azonban begy\u0171jt\u00f6tt\u00e9k a meg\u00e9rdemelt gy\u0151zelmet. &#8222;Az ellenf\u00e9l beh\u00faz\u00f3d\u00f3 v\u00e9dekez\u00e9se ellen nem t\u00e1madtunk okosan. T\u00f6bb gyorsind\u00edt\u00e1sra \u00e9s fel\u00e1llt v\u00e9delem ellen sok passzos j\u00e1t\u00e9kra lett volna sz\u00fcks\u00e9g, melyeket csak ritk\u00e1n siker\u00fclt v\u00e9grehajtani. Egy-egy v\u00e9dekez\u00e9s\u00fcnk m\u00e9g mindig hib\u00e1s, melyben gyors javul\u00e1sra&#8230;<\/p>\n","protected":false},"author":1,"featured_media":6387,"comment_status":"closed","ping_status":"open","sticky":false,"template":"","format":"standard","meta":{"footnotes":""},"categories":[52,92],"tags":[],"class_list":["post-6897","post","type-post","status-publish","format-standard","has-post-thumbnail","hentry","category-serdulo","category-hirek"],"yoast_head":"<!-- This site is optimized with the Yoast SEO plugin v26.0 - https:\/\/yoast.com\/wordpress\/plugins\/seo\/ -->\n<title>Serd\u00fcl\u0151\/B csapatunk is gy\u0151z\u00f6tt a h\u00e9tv\u00e9g\u00e9n - Vasas n\u0151i kos\u00e1rlabda<\/title>\n<meta name=\"robots\" content=\"index, follow, max-snippet:-1, max-image-preview:large, max-video-preview:-1\" \/>\n<link rel=\"canonical\" href=\"https:\/\/vasasbasket.hu\/index.php\/serdulo-b-csapatunk-is-gyozott-a-hetvegen\/\" \/>\n<meta property=\"og:locale\" content=\"hu_HU\" \/>\n<meta property=\"og:type\" content=\"article\" \/>\n<meta property=\"og:title\" content=\"Serd\u00fcl\u0151\/B csapatunk is gy\u0151z\u00f6tt a h\u00e9tv\u00e9g\u00e9n - Vasas n\u0151i kos\u00e1rlabda\" \/>\n<meta property=\"og:description\" content=\"A region\u00e1lis bajnoks\u00e1gban szerepl\u0151 serd\u00fcl\u0151\/B csapatunk a BEAC ellen j\u00e1tszott a h\u00e9tv\u00e9g\u00e9n. Nem volt k\u00f6nny\u0171 dolgunk, l\u00e1nyaink azonban begy\u0171jt\u00f6tt\u00e9k a meg\u00e9rdemelt gy\u0151zelmet. &#8222;Az ellenf\u00e9l beh\u00faz\u00f3d\u00f3 v\u00e9dekez\u00e9se ellen nem t\u00e1madtunk okosan. T\u00f6bb gyorsind\u00edt\u00e1sra \u00e9s fel\u00e1llt v\u00e9delem ellen sok passzos j\u00e1t\u00e9kra lett volna sz\u00fcks\u00e9g, melyeket csak ritk\u00e1n siker\u00fclt v\u00e9grehajtani. Egy-egy v\u00e9dekez\u00e9s\u00fcnk m\u00e9g mindig hib\u00e1s, melyben gyors javul\u00e1sra...\" \/>\n<meta property=\"og:url\" content=\"https:\/\/vasasbasket.hu\/index.php\/serdulo-b-csapatunk-is-gyozott-a-hetvegen\/\" \/>\n<meta property=\"og:site_name\" content=\"Vasas n\u0151i kos\u00e1rlabda\" \/>\n<meta property=\"article:publisher\" content=\"https:\/\/www.facebook.com\/vasaswbasket\/\" \/>\n<meta property=\"article:published_time\" content=\"2020-03-09T18:17:41+00:00\" \/>\n<meta property=\"og:image\" content=\"https:\/\/vasasbasket.hu\/wp-content\/uploads\/2019\/11\/IMG_4372.jpg\" \/>\n\t<meta property=\"og:image:width\" content=\"1500\" \/>\n\t<meta property=\"og:image:height\" content=\"1000\" \/>\n\t<meta property=\"og:image:type\" content=\"image\/jpeg\" \/>\n<meta name=\"author\" content=\"admin\" \/>\n<meta name=\"twitter:card\" content=\"summary_large_image\" \/>\n<meta name=\"twitter:label1\" content=\"Szerz\u0151:\" \/>\n\t<meta name=\"twitter:data1\" content=\"admin\" \/>\n\t<meta name=\"twitter:label2\" content=\"Becs\u00fclt olvas\u00e1si id\u0151\" \/>\n\t<meta name=\"twitter:data2\" content=\"1 perc\" \/>\n<script type=\"application\/ld+json\" class=\"yoast-schema-graph\">{\"@context\":\"https:\/\/schema.org\",\"@graph\":[{\"@type\":\"Article\",\"@id\":\"https:\/\/vasasbasket.hu\/index.php\/serdulo-b-csapatunk-is-gyozott-a-hetvegen\/#article\",\"isPartOf\":{\"@id\":\"https:\/\/vasasbasket.hu\/index.php\/serdulo-b-csapatunk-is-gyozott-a-hetvegen\/\"},\"author\":{\"name\":\"admin\",\"@id\":\"https:\/\/vasasbasket.hu\/#\/schema\/person\/f1085f4d2c6582d8d0f977e92de2edee\"},\"headline\":\"Serd\u00fcl\u0151\/B csapatunk is gy\u0151z\u00f6tt a h\u00e9tv\u00e9g\u00e9n\",\"datePublished\":\"2020-03-09T18:17:41+00:00\",\"mainEntityOfPage\":{\"@id\":\"https:\/\/vasasbasket.hu\/index.php\/serdulo-b-csapatunk-is-gyozott-a-hetvegen\/\"},\"wordCount\":215,\"publisher\":{\"@id\":\"https:\/\/vasasbasket.hu\/#organization\"},\"image\":{\"@id\":\"https:\/\/vasasbasket.hu\/index.php\/serdulo-b-csapatunk-is-gyozott-a-hetvegen\/#primaryimage\"},\"thumbnailUrl\":\"https:\/\/vasasbasket.hu\/wp-content\/uploads\/2019\/11\/IMG_4372.jpg\",\"articleSection\":[\"Serd\u00fcl\u0151\",\"\u00d6sszes H\u00edr\"],\"inLanguage\":\"hu\"},{\"@type\":\"WebPage\",\"@id\":\"https:\/\/vasasbasket.hu\/index.php\/serdulo-b-csapatunk-is-gyozott-a-hetvegen\/\",\"url\":\"https:\/\/vasasbasket.hu\/index.php\/serdulo-b-csapatunk-is-gyozott-a-hetvegen\/\",\"name\":\"Serd\u00fcl\u0151\/B csapatunk is gy\u0151z\u00f6tt a h\u00e9tv\u00e9g\u00e9n - Vasas n\u0151i kos\u00e1rlabda\",\"isPartOf\":{\"@id\":\"https:\/\/vasasbasket.hu\/#website\"},\"primaryImageOfPage\":{\"@id\":\"https:\/\/vasasbasket.hu\/index.php\/serdulo-b-csapatunk-is-gyozott-a-hetvegen\/#primaryimage\"},\"image\":{\"@id\":\"https:\/\/vasasbasket.hu\/index.php\/serdulo-b-csapatunk-is-gyozott-a-hetvegen\/#primaryimage\"},\"thumbnailUrl\":\"https:\/\/vasasbasket.hu\/wp-content\/uploads\/2019\/11\/IMG_4372.jpg\",\"datePublished\":\"2020-03-09T18:17:41+00:00\",\"breadcrumb\":{\"@id\":\"https:\/\/vasasbasket.hu\/index.php\/serdulo-b-csapatunk-is-gyozott-a-hetvegen\/#breadcrumb\"},\"inLanguage\":\"hu\",\"potentialAction\":[{\"@type\":\"ReadAction\",\"target\":[\"https:\/\/vasasbasket.hu\/index.php\/serdulo-b-csapatunk-is-gyozott-a-hetvegen\/\"]}]},{\"@type\":\"ImageObject\",\"inLanguage\":\"hu\",\"@id\":\"https:\/\/vasasbasket.hu\/index.php\/serdulo-b-csapatunk-is-gyozott-a-hetvegen\/#primaryimage\",\"url\":\"https:\/\/vasasbasket.hu\/wp-content\/uploads\/2019\/11\/IMG_4372.jpg\",\"contentUrl\":\"https:\/\/vasasbasket.hu\/wp-content\/uploads\/2019\/11\/IMG_4372.jpg\",\"width\":1500,\"height\":1000},{\"@type\":\"BreadcrumbList\",\"@id\":\"https:\/\/vasasbasket.hu\/index.php\/serdulo-b-csapatunk-is-gyozott-a-hetvegen\/#breadcrumb\",\"itemListElement\":[{\"@type\":\"ListItem\",\"position\":1,\"name\":\"Kezd\u0151lap\",\"item\":\"https:\/\/vasasbasket.hu\/\"},{\"@type\":\"ListItem\",\"position\":2,\"name\":\"Serd\u00fcl\u0151\/B csapatunk is gy\u0151z\u00f6tt a h\u00e9tv\u00e9g\u00e9n\"}]},{\"@type\":\"WebSite\",\"@id\":\"https:\/\/vasasbasket.hu\/#website\",\"url\":\"https:\/\/vasasbasket.hu\/\",\"name\":\"Vasas n\u0151i kos\u00e1rlabda\",\"description\":\"Vasas Basket N\u0151i\",\"publisher\":{\"@id\":\"https:\/\/vasasbasket.hu\/#organization\"},\"potentialAction\":[{\"@type\":\"SearchAction\",\"target\":{\"@type\":\"EntryPoint\",\"urlTemplate\":\"https:\/\/vasasbasket.hu\/?s={search_term_string}\"},\"query-input\":{\"@type\":\"PropertyValueSpecification\",\"valueRequired\":true,\"valueName\":\"search_term_string\"}}],\"inLanguage\":\"hu\"},{\"@type\":\"Organization\",\"@id\":\"https:\/\/vasasbasket.hu\/#organization\",\"name\":\"Vasas n\u0151i kos\u00e1rlabda\",\"url\":\"https:\/\/vasasbasket.hu\/\",\"logo\":{\"@type\":\"ImageObject\",\"inLanguage\":\"hu\",\"@id\":\"https:\/\/vasasbasket.hu\/#\/schema\/logo\/image\/\",\"url\":\"https:\/\/vasasbasket.hu\/wp-content\/uploads\/2017\/03\/vasas_cimer_1200.jpg\",\"contentUrl\":\"https:\/\/vasasbasket.hu\/wp-content\/uploads\/2017\/03\/vasas_cimer_1200.jpg\",\"width\":1200,\"height\":1200,\"caption\":\"Vasas n\u0151i kos\u00e1rlabda\"},\"image\":{\"@id\":\"https:\/\/vasasbasket.hu\/#\/schema\/logo\/image\/\"},\"sameAs\":[\"https:\/\/www.facebook.com\/vasaswbasket\/\"]},{\"@type\":\"Person\",\"@id\":\"https:\/\/vasasbasket.hu\/#\/schema\/person\/f1085f4d2c6582d8d0f977e92de2edee\",\"name\":\"admin\",\"image\":{\"@type\":\"ImageObject\",\"inLanguage\":\"hu\",\"@id\":\"https:\/\/vasasbasket.hu\/#\/schema\/person\/image\/\",\"url\":\"https:\/\/secure.gravatar.com\/avatar\/645c92f7d9cfe02bd93ce2d1cfa11cd3a268bdfe65486552ff04b193cea07634?s=96&d=mm&r=g\",\"contentUrl\":\"https:\/\/secure.gravatar.com\/avatar\/645c92f7d9cfe02bd93ce2d1cfa11cd3a268bdfe65486552ff04b193cea07634?s=96&d=mm&r=g\",\"caption\":\"admin\"},\"url\":\"https:\/\/vasasbasket.hu\/index.php\/author\/admin\/\"}]}<\/script>\n<!-- \/ Yoast SEO plugin. -->","yoast_head_json":{"title":"Serd\u00fcl\u0151\/B csapatunk is gy\u0151z\u00f6tt a h\u00e9tv\u00e9g\u00e9n - Vasas n\u0151i kos\u00e1rlabda","robots":{"index":"index","follow":"follow","max-snippet":"max-snippet:-1","max-image-preview":"max-image-preview:large","max-video-preview":"max-video-preview:-1"},"canonical":"https:\/\/vasasbasket.hu\/index.php\/serdulo-b-csapatunk-is-gyozott-a-hetvegen\/","og_locale":"hu_HU","og_type":"article","og_title":"Serd\u00fcl\u0151\/B csapatunk is gy\u0151z\u00f6tt a h\u00e9tv\u00e9g\u00e9n - Vasas n\u0151i kos\u00e1rlabda","og_description":"A region\u00e1lis bajnoks\u00e1gban szerepl\u0151 serd\u00fcl\u0151\/B csapatunk a BEAC ellen j\u00e1tszott a h\u00e9tv\u00e9g\u00e9n. Nem volt k\u00f6nny\u0171 dolgunk, l\u00e1nyaink azonban begy\u0171jt\u00f6tt\u00e9k a meg\u00e9rdemelt gy\u0151zelmet. &#8222;Az ellenf\u00e9l beh\u00faz\u00f3d\u00f3 v\u00e9dekez\u00e9se ellen nem t\u00e1madtunk okosan. T\u00f6bb gyorsind\u00edt\u00e1sra \u00e9s fel\u00e1llt v\u00e9delem ellen sok passzos j\u00e1t\u00e9kra lett volna sz\u00fcks\u00e9g, melyeket csak ritk\u00e1n siker\u00fclt v\u00e9grehajtani. Egy-egy v\u00e9dekez\u00e9s\u00fcnk m\u00e9g mindig hib\u00e1s, melyben gyors javul\u00e1sra...","og_url":"https:\/\/vasasbasket.hu\/index.php\/serdulo-b-csapatunk-is-gyozott-a-hetvegen\/","og_site_name":"Vasas n\u0151i kos\u00e1rlabda","article_publisher":"https:\/\/www.facebook.com\/vasaswbasket\/","article_published_time":"2020-03-09T18:17:41+00:00","og_image":[{"width":1500,"height":1000,"url":"https:\/\/vasasbasket.hu\/wp-content\/uploads\/2019\/11\/IMG_4372.jpg","type":"image\/jpeg"}],"author":"admin","twitter_card":"summary_large_image","twitter_misc":{"Szerz\u0151:":"admin","Becs\u00fclt olvas\u00e1si id\u0151":"1 perc"},"schema":{"@context":"https:\/\/schema.org","@graph":[{"@type":"Article","@id":"https:\/\/vasasbasket.hu\/index.php\/serdulo-b-csapatunk-is-gyozott-a-hetvegen\/#article","isPartOf":{"@id":"https:\/\/vasasbasket.hu\/index.php\/serdulo-b-csapatunk-is-gyozott-a-hetvegen\/"},"author":{"name":"admin","@id":"https:\/\/vasasbasket.hu\/#\/schema\/person\/f1085f4d2c6582d8d0f977e92de2edee"},"headline":"Serd\u00fcl\u0151\/B csapatunk is gy\u0151z\u00f6tt a h\u00e9tv\u00e9g\u00e9n","datePublished":"2020-03-09T18:17:41+00:00","mainEntityOfPage":{"@id":"https:\/\/vasasbasket.hu\/index.php\/serdulo-b-csapatunk-is-gyozott-a-hetvegen\/"},"wordCount":215,"publisher":{"@id":"https:\/\/vasasbasket.hu\/#organization"},"image":{"@id":"https:\/\/vasasbasket.hu\/index.php\/serdulo-b-csapatunk-is-gyozott-a-hetvegen\/#primaryimage"},"thumbnailUrl":"https:\/\/vasasbasket.hu\/wp-content\/uploads\/2019\/11\/IMG_4372.jpg","articleSection":["Serd\u00fcl\u0151","\u00d6sszes H\u00edr"],"inLanguage":"hu"},{"@type":"WebPage","@id":"https:\/\/vasasbasket.hu\/index.php\/serdulo-b-csapatunk-is-gyozott-a-hetvegen\/","url":"https:\/\/vasasbasket.hu\/index.php\/serdulo-b-csapatunk-is-gyozott-a-hetvegen\/","name":"Serd\u00fcl\u0151\/B csapatunk is gy\u0151z\u00f6tt a h\u00e9tv\u00e9g\u00e9n - Vasas n\u0151i kos\u00e1rlabda","isPartOf":{"@id":"https:\/\/vasasbasket.hu\/#website"},"primaryImageOfPage":{"@id":"https:\/\/vasasbasket.hu\/index.php\/serdulo-b-csapatunk-is-gyozott-a-hetvegen\/#primaryimage"},"image":{"@id":"https:\/\/vasasbasket.hu\/index.php\/serdulo-b-csapatunk-is-gyozott-a-hetvegen\/#primaryimage"},"thumbnailUrl":"https:\/\/vasasbasket.hu\/wp-content\/uploads\/2019\/11\/IMG_4372.jpg","datePublished":"2020-03-09T18:17:41+00:00","breadcrumb":{"@id":"https:\/\/vasasbasket.hu\/index.php\/serdulo-b-csapatunk-is-gyozott-a-hetvegen\/#breadcrumb"},"inLanguage":"hu","potentialAction":[{"@type":"ReadAction","target":["https:\/\/vasasbasket.hu\/index.php\/serdulo-b-csapatunk-is-gyozott-a-hetvegen\/"]}]},{"@type":"ImageObject","inLanguage":"hu","@id":"https:\/\/vasasbasket.hu\/index.php\/serdulo-b-csapatunk-is-gyozott-a-hetvegen\/#primaryimage","url":"https:\/\/vasasbasket.hu\/wp-content\/uploads\/2019\/11\/IMG_4372.jpg","contentUrl":"https:\/\/vasasbasket.hu\/wp-content\/uploads\/2019\/11\/IMG_4372.jpg","width":1500,"height":1000},{"@type":"BreadcrumbList","@id":"https:\/\/vasasbasket.hu\/index.php\/serdulo-b-csapatunk-is-gyozott-a-hetvegen\/#breadcrumb","itemListElement":[{"@type":"ListItem","position":1,"name":"Kezd\u0151lap","item":"https:\/\/vasasbasket.hu\/"},{"@type":"ListItem","position":2,"name":"Serd\u00fcl\u0151\/B csapatunk is gy\u0151z\u00f6tt a h\u00e9tv\u00e9g\u00e9n"}]},{"@type":"WebSite","@id":"https:\/\/vasasbasket.hu\/#website","url":"https:\/\/vasasbasket.hu\/","name":"Vasas n\u0151i kos\u00e1rlabda","description":"Vasas Basket N\u0151i","publisher":{"@id":"https:\/\/vasasbasket.hu\/#organization"},"potentialAction":[{"@type":"SearchAction","target":{"@type":"EntryPoint","urlTemplate":"https:\/\/vasasbasket.hu\/?s={search_term_string}"},"query-input":{"@type":"PropertyValueSpecification","valueRequired":true,"valueName":"search_term_string"}}],"inLanguage":"hu"},{"@type":"Organization","@id":"https:\/\/vasasbasket.hu\/#organization","name":"Vasas n\u0151i kos\u00e1rlabda","url":"https:\/\/vasasbasket.hu\/","logo":{"@type":"ImageObject","inLanguage":"hu","@id":"https:\/\/vasasbasket.hu\/#\/schema\/logo\/image\/","url":"https:\/\/vasasbasket.hu\/wp-content\/uploads\/2017\/03\/vasas_cimer_1200.jpg","contentUrl":"https:\/\/vasasbasket.hu\/wp-content\/uploads\/2017\/03\/vasas_cimer_1200.jpg","width":1200,"height":1200,"caption":"Vasas n\u0151i kos\u00e1rlabda"},"image":{"@id":"https:\/\/vasasbasket.hu\/#\/schema\/logo\/image\/"},"sameAs":["https:\/\/www.facebook.com\/vasaswbasket\/"]},{"@type":"Person","@id":"https:\/\/vasasbasket.hu\/#\/schema\/person\/f1085f4d2c6582d8d0f977e92de2edee","name":"admin","image":{"@type":"ImageObject","inLanguage":"hu","@id":"https:\/\/vasasbasket.hu\/#\/schema\/person\/image\/","url":"https:\/\/secure.gravatar.com\/avatar\/645c92f7d9cfe02bd93ce2d1cfa11cd3a268bdfe65486552ff04b193cea07634?s=96&d=mm&r=g","contentUrl":"https:\/\/secure.gravatar.com\/avatar\/645c92f7d9cfe02bd93ce2d1cfa11cd3a268bdfe65486552ff04b193cea07634?s=96&d=mm&r=g","caption":"admin"},"url":"https:\/\/vasasbasket.hu\/index.php\/author\/admin\/"}]}},"_links":{"self":[{"href":"https:\/\/vasasbasket.hu\/index.php\/wp-json\/wp\/v2\/posts\/6897","targetHints":{"allow":["GET"]}}],"collection":[{"href":"https:\/\/vasasbasket.hu\/index.php\/wp-json\/wp\/v2\/posts"}],"about":[{"href":"https:\/\/vasasbasket.hu\/index.php\/wp-json\/wp\/v2\/types\/post"}],"author":[{"embeddable":true,"href":"https:\/\/vasasbasket.hu\/index.php\/wp-json\/wp\/v2\/users\/1"}],"replies":[{"embeddable":true,"href":"https:\/\/vasasbasket.hu\/index.php\/wp-json\/wp\/v2\/comments?post=6897"}],"version-history":[{"count":1,"href":"https:\/\/vasasbasket.hu\/index.php\/wp-json\/wp\/v2\/posts\/6897\/revisions"}],"predecessor-version":[{"id":6898,"href":"https:\/\/vasasbasket.hu\/index.php\/wp-json\/wp\/v2\/posts\/6897\/revisions\/6898"}],"wp:featuredmedia":[{"embeddable":true,"href":"https:\/\/vasasbasket.hu\/index.php\/wp-json\/wp\/v2\/media\/6387"}],"wp:attachment":[{"href":"https:\/\/vasasbasket.hu\/index.php\/wp-json\/wp\/v2\/media?parent=6897"}],"wp:term":[{"taxonomy":"category","embeddable":true,"href":"https:\/\/vasasbasket.hu\/index.php\/wp-json\/wp\/v2\/categories?post=6897"},{"taxonomy":"post_tag","embeddable":true,"href":"https:\/\/vasasbasket.hu\/index.php\/wp-json\/wp\/v2\/tags?post=6897"}],"curies":[{"name":"wp","href":"https:\/\/api.w.org\/{rel}","templated":true}]}}