{"id":6870,"date":"2020-03-02T17:50:05","date_gmt":"2020-03-02T17:50:05","guid":{"rendered":"http:\/\/vasasbasket.hu\/?p=6870"},"modified":"2020-03-02T17:50:05","modified_gmt":"2020-03-02T17:50:05","slug":"ismet-suru-hete-volt-u12-es-korosztalyunknak","status":"publish","type":"post","link":"https:\/\/vasasbasket.hu\/index.php\/ismet-suru-hete-volt-u12-es-korosztalyunknak\/","title":{"rendered":"Ism\u00e9t s\u0171r\u0171 hete volt U12-es koroszt\u00e1lyunknak"},"content":{"rendered":"<p><strong>Gyerek koroszt\u00e1lyunk mindk\u00e9t csapata kett\u0151 m\u00e9rk\u0151z\u00e9st j\u00e1tszott a h\u00e9tv\u00e9g\u00e9n, az Amazonok egy gy\u0151zelem egy veres\u00e9ggel, a Bolh\u00e1k k\u00e9t gy\u0151zelemmel z\u00e1rtak.<\/strong><\/p>\n<p><em>&#8222;A m\u00e9rk\u0151z\u00e9s els\u0151 perc\u00e9t\u0151l agressz\u00edv v\u00e9dekez\u00e9st \u00e9s ponter\u0151s t\u00e1mad\u00e1sokat ind\u00edtottak ellen\u00fcnk a fi\u00fak, amihez sem er\u0151ben sem gyorsas\u00e1gban nem tudtunk partnerek lenni. Az el\u0151z\u0151 fordul\u00f3kban nem volt probl\u00e9ma az akarattal \u00e9s azzal, hogy sz\u00edvvel-l\u00e9lekkel j\u00e1tszunk, ez most hi\u00e1nyzott. Csak az utols\u00f3 negyedre sz\u00edvtuk fel magunkat, ami az eredm\u00e9nyen is megl\u00e1tszott. Azt meg kell hagyni, hogy ilyen durva v\u00e9dekez\u00e9ssel nem sokszor tal\u00e1lkoztunk, ezt a l\u00e1nyok a saj\u00e1t b\u0151r\u00fck\u00f6n tapasztalt\u00e1k, \u00edgy kem\u00e9nyebben kell dolgoznunk edz\u00e9sen, hogy ne \u00e9rjen meglepet\u00e9s minket. Hiszen a C csoportban m\u00e1r a legjobb csapatokkal ker\u00fcl\u00fcnk \u00f6ssze&#8221;<\/em> &#8211; mondta a csapat edz\u0151je, Ambrus Szandra.<\/p>\n<p>MAFC Gab\u00e1nyi<strong> &#8211; Vasas Amazonok 59-34<\/strong> (15-7, 13+2-7+4, 13-2, 16-14)<br \/>\n<em>Pontszerz\u0151k:<\/em><br \/>\n<strong>Vasas Amazonok:<\/strong> T\u00f3th Frotti 6, Karli D\u00f3ri 5, Galavits Lili 4, P\u00e1cza Blanka 4, Pusk\u00e1s Lili 4, Sz\u00edj-Kris\u00e1nszky Zo\u00e9 3, Muszka Zita 3, Csercsa Eszter 2, Szab\u00f3 Mici 2, Mayr Lara 1, Bori Liza -, Szab\u00f3 No\u00e9mi<\/p>\n<p><em>&#8222;Az els\u0151 perct\u0151l uraltuk a meccset Bori Liza vezet\u00e9s\u00e9vel, viszont k\u00e9t-h\u00e1rom perces r\u00f6vidz\u00e1rlat miatt \u00e1tvette az ellenf\u00e9l a vezet\u00e9st. F\u00e9lid\u0151re siker\u00fclt t\u00edz pontos el\u0151nyt kialak\u00edtanunk. Ez k\u00e9s\u0151bb nagyon fontosnak bizonyult, hiszen a meccs v\u00e9g\u00e9re kilencen maradtunk. Sajnos ketten kisebb s\u00e9r\u00fcl\u00e9st szereztek \u00e9s egy j\u00e1t\u00e9kosunk kipontoz\u00f3dott, viszont ami az els\u0151 meccsen hi\u00e1nyzott a l\u00e1nyokb\u00f3l, az most maxim\u00e1lisan kij\u00f6tt. Mindenki sz\u00edvvel-l\u00e9lekkel k\u00fczd\u00f6tt \u00e9s n\u00e9h\u00e1nyan a saj\u00e1t hat\u00e1raikat t\u00fall\u00e9pve j\u00e1tszottak. Jobbul\u00e1st a l\u00e1nyoknak&#8221;<\/em> &#8211; \u00e9rt\u00e9kelt Ambrus Szandra.<\/p>\n<p><strong>Vasas Amazonok &#8211;<\/strong> K\u00f6l\u00f6k\u00f6s Fi\u00fak <strong>55-37<\/strong> (10-15, 15+2-4+2, 12-12, 13-4)<br \/>\n<em>Pontszerz\u0151k:<\/em><br \/>\n<strong>Vasas Amazonok: <\/strong>Bori Liza 11, Szab\u00f3 Mici 8, Sz\u00edj-Kris\u00e1nyszky Zo\u00e9 7, P\u00e1cza Blanka 7, Csercsa Eszter 6, K\u00e1rp\u00e1thegyi L\u00e9da 5, Muszka Zita 5, Karli D\u00f3ri 5, Pusk\u00e1s Lili 1, T\u00f3th Frotti -, Galavits Lili -, Mayr Lara<img loading=\"lazy\" decoding=\"async\" class=\" wp-image-6874 aligncenter\" src=\"http:\/\/vasasbasket.hu\/wp-content\/uploads\/2020\/03\/IMG_4240-e1583171021755-1024x603.jpeg\" alt=\"\" width=\"501\" height=\"295\" srcset=\"https:\/\/vasasbasket.hu\/wp-content\/uploads\/2020\/03\/IMG_4240-e1583171021755-1024x603.jpeg 1024w, https:\/\/vasasbasket.hu\/wp-content\/uploads\/2020\/03\/IMG_4240-e1583171021755-570x336.jpeg 570w, https:\/\/vasasbasket.hu\/wp-content\/uploads\/2020\/03\/IMG_4240-e1583171021755-440x259.jpeg 440w, https:\/\/vasasbasket.hu\/wp-content\/uploads\/2020\/03\/IMG_4240-e1583171021755-300x177.jpeg 300w, https:\/\/vasasbasket.hu\/wp-content\/uploads\/2020\/03\/IMG_4240-e1583171021755-768x452.jpeg 768w, https:\/\/vasasbasket.hu\/wp-content\/uploads\/2020\/03\/IMG_4240-e1583171021755-128x75.jpeg 128w, https:\/\/vasasbasket.hu\/wp-content\/uploads\/2020\/03\/IMG_4240-e1583171021755-32x19.jpeg 32w, https:\/\/vasasbasket.hu\/wp-content\/uploads\/2020\/03\/IMG_4240-e1583171021755-98x58.jpeg 98w, https:\/\/vasasbasket.hu\/wp-content\/uploads\/2020\/03\/IMG_4240-e1583171021755.jpeg 1488w\" sizes=\"auto, (max-width: 501px) 100vw, 501px\" \/><em><img loading=\"lazy\" decoding=\"async\" class=\" wp-image-6872 alignright\" src=\"http:\/\/vasasbasket.hu\/wp-content\/uploads\/2020\/03\/image0-5-768x1024.jpeg\" alt=\"\" width=\"344\" height=\"459\" srcset=\"https:\/\/vasasbasket.hu\/wp-content\/uploads\/2020\/03\/image0-5-768x1024.jpeg 768w, https:\/\/vasasbasket.hu\/wp-content\/uploads\/2020\/03\/image0-5-570x760.jpeg 570w, https:\/\/vasasbasket.hu\/wp-content\/uploads\/2020\/03\/image0-5-440x587.jpeg 440w, https:\/\/vasasbasket.hu\/wp-content\/uploads\/2020\/03\/image0-5-225x300.jpeg 225w, https:\/\/vasasbasket.hu\/wp-content\/uploads\/2020\/03\/image0-5-96x128.jpeg 96w, https:\/\/vasasbasket.hu\/wp-content\/uploads\/2020\/03\/image0-5-24x32.jpeg 24w, https:\/\/vasasbasket.hu\/wp-content\/uploads\/2020\/03\/image0-5-74x98.jpeg 74w, https:\/\/vasasbasket.hu\/wp-content\/uploads\/2020\/03\/image0-5.jpeg 960w\" sizes=\"auto, (max-width: 344px) 100vw, 344px\" \/>&#8222;A sok betegs\u00e9g \u00e9s s\u00edszezon miatt az els\u0151 m\u00e9rk\u0151z\u00e9sen csak nyolc j\u00e1t\u00e9kos tudott r\u00e9szt venni, azonban a J\u00f3zsefv\u00e1ros elleni meccsnek m\u00e1r Zit\u00e1val \u00e9s Lar\u00e1val kieg\u00e9sz\u00fclve v\u00e1gtunk neki. A l\u00e1nyok v\u00e9gig k\u00fczd\u00f6ttek, csapatk\u00e9nt j\u00e1tszottak, gy\u00f6ny\u00f6r\u0171 egy-egy j\u00e1t\u00e9kokkal, passz-befut\u00e1sokkal, extra k\u00e9zv\u00e1lt\u00e1sokkal \u00f6rvendeztett\u00e9k meg a n\u00e9z\u0151ket. Boldog vagyok, hogy mindk\u00e9t meccsen minden j\u00e1t\u00e9kosunk tudott pontot szerezni. Szeretn\u00e9m k\u00fcl\u00f6n kiemelni Bor\u00e1t, aki b\u00e1tor, ponter\u0151s j\u00e1t\u00e9k\u00e1val ma igazi vez\u00e9re volt csapatunknak&#8221;<\/em> &#8211; mondta a csapat edz\u0151je, Farkas Fanni.<\/p>\n<p>Mal\u00e9v Kobr\u00e1k<strong> &#8211; Vasas Bolh\u00e1k 13-59<br \/>\n<\/strong><em>Pontszerz\u0151k:<\/em><br \/>\n<strong>Vasas Bolh\u00e1k: <\/strong>Firle-Kiss Bora 19, M\u00e1rton Lia 7, K\u00e1rp\u00e1thegyi L\u00e9da 7, Bogd\u00e1n Fanni 6, V\u00e9rtes Vanda 6, Szab\u00f3 No\u00e9mi 5, Tur\u00f3czy Dalma 5, Sz\u0151nyi Zille 4<\/p>\n<p><strong>Vasas Bolh\u00e1k &#8211;<\/strong> J\u00f3zsefv\u00e1rosi KC <strong>62-30<\/strong><br \/>\n<em>Pontszerz\u0151k:<\/em><br \/>\n<strong>Vasas Bolh\u00e1k:<\/strong> Firle-Kiss Bora 16, Muszka Zita 11, Szab\u00f3 No\u00e9mi 9, Mayr Lara 7, V\u00e9rtes Vanda 6, Tur\u00f3czy Dalma 5, Bogd\u00e1n Fanni 4, M\u00e1rton Lia 2, Sz\u0151nyi Zille 1, K\u00e1rp\u00e1thegyi L\u00e9da 1<\/p>\n","protected":false},"excerpt":{"rendered":"<p>Gyerek koroszt\u00e1lyunk mindk\u00e9t csapata kett\u0151 m\u00e9rk\u0151z\u00e9st j\u00e1tszott a h\u00e9tv\u00e9g\u00e9n, az Amazonok egy gy\u0151zelem egy veres\u00e9ggel, a Bolh\u00e1k k\u00e9t gy\u0151zelemmel z\u00e1rtak. &#8222;A m\u00e9rk\u0151z\u00e9s els\u0151 perc\u00e9t\u0151l agressz\u00edv v\u00e9dekez\u00e9st \u00e9s ponter\u0151s t\u00e1mad\u00e1sokat ind\u00edtottak ellen\u00fcnk a fi\u00fak, amihez sem er\u0151ben sem gyorsas\u00e1gban nem tudtunk partnerek lenni. Az el\u0151z\u0151 fordul\u00f3kban nem volt probl\u00e9ma az akarattal \u00e9s azzal, hogy sz\u00edvvel-l\u00e9lekkel j\u00e1tszunk,&#8230;<\/p>\n","protected":false},"author":1,"featured_media":6873,"comment_status":"closed","ping_status":"open","sticky":false,"template":"","format":"standard","meta":{"footnotes":""},"categories":[73,92],"tags":[],"class_list":["post-6870","post","type-post","status-publish","format-standard","has-post-thumbnail","hentry","category-gyerek","category-hirek"],"yoast_head":"<!-- This site is optimized with the Yoast SEO plugin v26.0 - https:\/\/yoast.com\/wordpress\/plugins\/seo\/ -->\n<title>Ism\u00e9t s\u0171r\u0171 hete volt U12-es koroszt\u00e1lyunknak - Vasas n\u0151i kos\u00e1rlabda<\/title>\n<meta name=\"robots\" content=\"index, follow, max-snippet:-1, max-image-preview:large, max-video-preview:-1\" \/>\n<link rel=\"canonical\" href=\"https:\/\/vasasbasket.hu\/index.php\/ismet-suru-hete-volt-u12-es-korosztalyunknak\/\" \/>\n<meta property=\"og:locale\" content=\"hu_HU\" \/>\n<meta property=\"og:type\" content=\"article\" \/>\n<meta property=\"og:title\" content=\"Ism\u00e9t s\u0171r\u0171 hete volt U12-es koroszt\u00e1lyunknak - Vasas n\u0151i kos\u00e1rlabda\" \/>\n<meta property=\"og:description\" content=\"Gyerek koroszt\u00e1lyunk mindk\u00e9t csapata kett\u0151 m\u00e9rk\u0151z\u00e9st j\u00e1tszott a h\u00e9tv\u00e9g\u00e9n, az Amazonok egy gy\u0151zelem egy veres\u00e9ggel, a Bolh\u00e1k k\u00e9t gy\u0151zelemmel z\u00e1rtak. &#8222;A m\u00e9rk\u0151z\u00e9s els\u0151 perc\u00e9t\u0151l agressz\u00edv v\u00e9dekez\u00e9st \u00e9s ponter\u0151s t\u00e1mad\u00e1sokat ind\u00edtottak ellen\u00fcnk a fi\u00fak, amihez sem er\u0151ben sem gyorsas\u00e1gban nem tudtunk partnerek lenni. Az el\u0151z\u0151 fordul\u00f3kban nem volt probl\u00e9ma az akarattal \u00e9s azzal, hogy sz\u00edvvel-l\u00e9lekkel j\u00e1tszunk,...\" \/>\n<meta property=\"og:url\" content=\"https:\/\/vasasbasket.hu\/index.php\/ismet-suru-hete-volt-u12-es-korosztalyunknak\/\" \/>\n<meta property=\"og:site_name\" content=\"Vasas n\u0151i kos\u00e1rlabda\" \/>\n<meta property=\"article:publisher\" content=\"https:\/\/www.facebook.com\/vasaswbasket\/\" \/>\n<meta property=\"article:published_time\" content=\"2020-03-02T17:50:05+00:00\" \/>\n<meta property=\"og:image\" content=\"https:\/\/vasasbasket.hu\/wp-content\/uploads\/2020\/03\/IMG_4230-e1583170579213.jpeg\" \/>\n\t<meta property=\"og:image:width\" content=\"1053\" \/>\n\t<meta property=\"og:image:height\" content=\"750\" \/>\n\t<meta property=\"og:image:type\" content=\"image\/jpeg\" \/>\n<meta name=\"author\" content=\"admin\" \/>\n<meta name=\"twitter:card\" content=\"summary_large_image\" \/>\n<meta name=\"twitter:label1\" content=\"Szerz\u0151:\" \/>\n\t<meta name=\"twitter:data1\" content=\"admin\" \/>\n\t<meta name=\"twitter:label2\" content=\"Becs\u00fclt olvas\u00e1si id\u0151\" \/>\n\t<meta name=\"twitter:data2\" content=\"3 perc\" \/>\n<script type=\"application\/ld+json\" class=\"yoast-schema-graph\">{\"@context\":\"https:\/\/schema.org\",\"@graph\":[{\"@type\":\"Article\",\"@id\":\"https:\/\/vasasbasket.hu\/index.php\/ismet-suru-hete-volt-u12-es-korosztalyunknak\/#article\",\"isPartOf\":{\"@id\":\"https:\/\/vasasbasket.hu\/index.php\/ismet-suru-hete-volt-u12-es-korosztalyunknak\/\"},\"author\":{\"name\":\"admin\",\"@id\":\"https:\/\/vasasbasket.hu\/#\/schema\/person\/f1085f4d2c6582d8d0f977e92de2edee\"},\"headline\":\"Ism\u00e9t s\u0171r\u0171 hete volt U12-es koroszt\u00e1lyunknak\",\"datePublished\":\"2020-03-02T17:50:05+00:00\",\"mainEntityOfPage\":{\"@id\":\"https:\/\/vasasbasket.hu\/index.php\/ismet-suru-hete-volt-u12-es-korosztalyunknak\/\"},\"wordCount\":602,\"publisher\":{\"@id\":\"https:\/\/vasasbasket.hu\/#organization\"},\"image\":{\"@id\":\"https:\/\/vasasbasket.hu\/index.php\/ismet-suru-hete-volt-u12-es-korosztalyunknak\/#primaryimage\"},\"thumbnailUrl\":\"https:\/\/vasasbasket.hu\/wp-content\/uploads\/2020\/03\/IMG_4230-e1583170579213.jpeg\",\"articleSection\":[\"Gyerek\",\"\u00d6sszes H\u00edr\"],\"inLanguage\":\"hu\"},{\"@type\":\"WebPage\",\"@id\":\"https:\/\/vasasbasket.hu\/index.php\/ismet-suru-hete-volt-u12-es-korosztalyunknak\/\",\"url\":\"https:\/\/vasasbasket.hu\/index.php\/ismet-suru-hete-volt-u12-es-korosztalyunknak\/\",\"name\":\"Ism\u00e9t s\u0171r\u0171 hete volt U12-es koroszt\u00e1lyunknak - Vasas n\u0151i kos\u00e1rlabda\",\"isPartOf\":{\"@id\":\"https:\/\/vasasbasket.hu\/#website\"},\"primaryImageOfPage\":{\"@id\":\"https:\/\/vasasbasket.hu\/index.php\/ismet-suru-hete-volt-u12-es-korosztalyunknak\/#primaryimage\"},\"image\":{\"@id\":\"https:\/\/vasasbasket.hu\/index.php\/ismet-suru-hete-volt-u12-es-korosztalyunknak\/#primaryimage\"},\"thumbnailUrl\":\"https:\/\/vasasbasket.hu\/wp-content\/uploads\/2020\/03\/IMG_4230-e1583170579213.jpeg\",\"datePublished\":\"2020-03-02T17:50:05+00:00\",\"breadcrumb\":{\"@id\":\"https:\/\/vasasbasket.hu\/index.php\/ismet-suru-hete-volt-u12-es-korosztalyunknak\/#breadcrumb\"},\"inLanguage\":\"hu\",\"potentialAction\":[{\"@type\":\"ReadAction\",\"target\":[\"https:\/\/vasasbasket.hu\/index.php\/ismet-suru-hete-volt-u12-es-korosztalyunknak\/\"]}]},{\"@type\":\"ImageObject\",\"inLanguage\":\"hu\",\"@id\":\"https:\/\/vasasbasket.hu\/index.php\/ismet-suru-hete-volt-u12-es-korosztalyunknak\/#primaryimage\",\"url\":\"https:\/\/vasasbasket.hu\/wp-content\/uploads\/2020\/03\/IMG_4230-e1583170579213.jpeg\",\"contentUrl\":\"https:\/\/vasasbasket.hu\/wp-content\/uploads\/2020\/03\/IMG_4230-e1583170579213.jpeg\",\"width\":1053,\"height\":750},{\"@type\":\"BreadcrumbList\",\"@id\":\"https:\/\/vasasbasket.hu\/index.php\/ismet-suru-hete-volt-u12-es-korosztalyunknak\/#breadcrumb\",\"itemListElement\":[{\"@type\":\"ListItem\",\"position\":1,\"name\":\"Kezd\u0151lap\",\"item\":\"https:\/\/vasasbasket.hu\/\"},{\"@type\":\"ListItem\",\"position\":2,\"name\":\"Ism\u00e9t s\u0171r\u0171 hete volt U12-es koroszt\u00e1lyunknak\"}]},{\"@type\":\"WebSite\",\"@id\":\"https:\/\/vasasbasket.hu\/#website\",\"url\":\"https:\/\/vasasbasket.hu\/\",\"name\":\"Vasas n\u0151i kos\u00e1rlabda\",\"description\":\"Vasas Basket N\u0151i\",\"publisher\":{\"@id\":\"https:\/\/vasasbasket.hu\/#organization\"},\"potentialAction\":[{\"@type\":\"SearchAction\",\"target\":{\"@type\":\"EntryPoint\",\"urlTemplate\":\"https:\/\/vasasbasket.hu\/?s={search_term_string}\"},\"query-input\":{\"@type\":\"PropertyValueSpecification\",\"valueRequired\":true,\"valueName\":\"search_term_string\"}}],\"inLanguage\":\"hu\"},{\"@type\":\"Organization\",\"@id\":\"https:\/\/vasasbasket.hu\/#organization\",\"name\":\"Vasas n\u0151i kos\u00e1rlabda\",\"url\":\"https:\/\/vasasbasket.hu\/\",\"logo\":{\"@type\":\"ImageObject\",\"inLanguage\":\"hu\",\"@id\":\"https:\/\/vasasbasket.hu\/#\/schema\/logo\/image\/\",\"url\":\"https:\/\/vasasbasket.hu\/wp-content\/uploads\/2017\/03\/vasas_cimer_1200.jpg\",\"contentUrl\":\"https:\/\/vasasbasket.hu\/wp-content\/uploads\/2017\/03\/vasas_cimer_1200.jpg\",\"width\":1200,\"height\":1200,\"caption\":\"Vasas n\u0151i kos\u00e1rlabda\"},\"image\":{\"@id\":\"https:\/\/vasasbasket.hu\/#\/schema\/logo\/image\/\"},\"sameAs\":[\"https:\/\/www.facebook.com\/vasaswbasket\/\"]},{\"@type\":\"Person\",\"@id\":\"https:\/\/vasasbasket.hu\/#\/schema\/person\/f1085f4d2c6582d8d0f977e92de2edee\",\"name\":\"admin\",\"image\":{\"@type\":\"ImageObject\",\"inLanguage\":\"hu\",\"@id\":\"https:\/\/vasasbasket.hu\/#\/schema\/person\/image\/\",\"url\":\"https:\/\/secure.gravatar.com\/avatar\/645c92f7d9cfe02bd93ce2d1cfa11cd3a268bdfe65486552ff04b193cea07634?s=96&d=mm&r=g\",\"contentUrl\":\"https:\/\/secure.gravatar.com\/avatar\/645c92f7d9cfe02bd93ce2d1cfa11cd3a268bdfe65486552ff04b193cea07634?s=96&d=mm&r=g\",\"caption\":\"admin\"},\"url\":\"https:\/\/vasasbasket.hu\/index.php\/author\/admin\/\"}]}<\/script>\n<!-- \/ Yoast SEO plugin. -->","yoast_head_json":{"title":"Ism\u00e9t s\u0171r\u0171 hete volt U12-es koroszt\u00e1lyunknak - Vasas n\u0151i kos\u00e1rlabda","robots":{"index":"index","follow":"follow","max-snippet":"max-snippet:-1","max-image-preview":"max-image-preview:large","max-video-preview":"max-video-preview:-1"},"canonical":"https:\/\/vasasbasket.hu\/index.php\/ismet-suru-hete-volt-u12-es-korosztalyunknak\/","og_locale":"hu_HU","og_type":"article","og_title":"Ism\u00e9t s\u0171r\u0171 hete volt U12-es koroszt\u00e1lyunknak - Vasas n\u0151i kos\u00e1rlabda","og_description":"Gyerek koroszt\u00e1lyunk mindk\u00e9t csapata kett\u0151 m\u00e9rk\u0151z\u00e9st j\u00e1tszott a h\u00e9tv\u00e9g\u00e9n, az Amazonok egy gy\u0151zelem egy veres\u00e9ggel, a Bolh\u00e1k k\u00e9t gy\u0151zelemmel z\u00e1rtak. &#8222;A m\u00e9rk\u0151z\u00e9s els\u0151 perc\u00e9t\u0151l agressz\u00edv v\u00e9dekez\u00e9st \u00e9s ponter\u0151s t\u00e1mad\u00e1sokat ind\u00edtottak ellen\u00fcnk a fi\u00fak, amihez sem er\u0151ben sem gyorsas\u00e1gban nem tudtunk partnerek lenni. Az el\u0151z\u0151 fordul\u00f3kban nem volt probl\u00e9ma az akarattal \u00e9s azzal, hogy sz\u00edvvel-l\u00e9lekkel j\u00e1tszunk,...","og_url":"https:\/\/vasasbasket.hu\/index.php\/ismet-suru-hete-volt-u12-es-korosztalyunknak\/","og_site_name":"Vasas n\u0151i kos\u00e1rlabda","article_publisher":"https:\/\/www.facebook.com\/vasaswbasket\/","article_published_time":"2020-03-02T17:50:05+00:00","og_image":[{"width":1053,"height":750,"url":"https:\/\/vasasbasket.hu\/wp-content\/uploads\/2020\/03\/IMG_4230-e1583170579213.jpeg","type":"image\/jpeg"}],"author":"admin","twitter_card":"summary_large_image","twitter_misc":{"Szerz\u0151:":"admin","Becs\u00fclt olvas\u00e1si id\u0151":"3 perc"},"schema":{"@context":"https:\/\/schema.org","@graph":[{"@type":"Article","@id":"https:\/\/vasasbasket.hu\/index.php\/ismet-suru-hete-volt-u12-es-korosztalyunknak\/#article","isPartOf":{"@id":"https:\/\/vasasbasket.hu\/index.php\/ismet-suru-hete-volt-u12-es-korosztalyunknak\/"},"author":{"name":"admin","@id":"https:\/\/vasasbasket.hu\/#\/schema\/person\/f1085f4d2c6582d8d0f977e92de2edee"},"headline":"Ism\u00e9t s\u0171r\u0171 hete volt U12-es koroszt\u00e1lyunknak","datePublished":"2020-03-02T17:50:05+00:00","mainEntityOfPage":{"@id":"https:\/\/vasasbasket.hu\/index.php\/ismet-suru-hete-volt-u12-es-korosztalyunknak\/"},"wordCount":602,"publisher":{"@id":"https:\/\/vasasbasket.hu\/#organization"},"image":{"@id":"https:\/\/vasasbasket.hu\/index.php\/ismet-suru-hete-volt-u12-es-korosztalyunknak\/#primaryimage"},"thumbnailUrl":"https:\/\/vasasbasket.hu\/wp-content\/uploads\/2020\/03\/IMG_4230-e1583170579213.jpeg","articleSection":["Gyerek","\u00d6sszes H\u00edr"],"inLanguage":"hu"},{"@type":"WebPage","@id":"https:\/\/vasasbasket.hu\/index.php\/ismet-suru-hete-volt-u12-es-korosztalyunknak\/","url":"https:\/\/vasasbasket.hu\/index.php\/ismet-suru-hete-volt-u12-es-korosztalyunknak\/","name":"Ism\u00e9t s\u0171r\u0171 hete volt U12-es koroszt\u00e1lyunknak - Vasas n\u0151i kos\u00e1rlabda","isPartOf":{"@id":"https:\/\/vasasbasket.hu\/#website"},"primaryImageOfPage":{"@id":"https:\/\/vasasbasket.hu\/index.php\/ismet-suru-hete-volt-u12-es-korosztalyunknak\/#primaryimage"},"image":{"@id":"https:\/\/vasasbasket.hu\/index.php\/ismet-suru-hete-volt-u12-es-korosztalyunknak\/#primaryimage"},"thumbnailUrl":"https:\/\/vasasbasket.hu\/wp-content\/uploads\/2020\/03\/IMG_4230-e1583170579213.jpeg","datePublished":"2020-03-02T17:50:05+00:00","breadcrumb":{"@id":"https:\/\/vasasbasket.hu\/index.php\/ismet-suru-hete-volt-u12-es-korosztalyunknak\/#breadcrumb"},"inLanguage":"hu","potentialAction":[{"@type":"ReadAction","target":["https:\/\/vasasbasket.hu\/index.php\/ismet-suru-hete-volt-u12-es-korosztalyunknak\/"]}]},{"@type":"ImageObject","inLanguage":"hu","@id":"https:\/\/vasasbasket.hu\/index.php\/ismet-suru-hete-volt-u12-es-korosztalyunknak\/#primaryimage","url":"https:\/\/vasasbasket.hu\/wp-content\/uploads\/2020\/03\/IMG_4230-e1583170579213.jpeg","contentUrl":"https:\/\/vasasbasket.hu\/wp-content\/uploads\/2020\/03\/IMG_4230-e1583170579213.jpeg","width":1053,"height":750},{"@type":"BreadcrumbList","@id":"https:\/\/vasasbasket.hu\/index.php\/ismet-suru-hete-volt-u12-es-korosztalyunknak\/#breadcrumb","itemListElement":[{"@type":"ListItem","position":1,"name":"Kezd\u0151lap","item":"https:\/\/vasasbasket.hu\/"},{"@type":"ListItem","position":2,"name":"Ism\u00e9t s\u0171r\u0171 hete volt U12-es koroszt\u00e1lyunknak"}]},{"@type":"WebSite","@id":"https:\/\/vasasbasket.hu\/#website","url":"https:\/\/vasasbasket.hu\/","name":"Vasas n\u0151i kos\u00e1rlabda","description":"Vasas Basket N\u0151i","publisher":{"@id":"https:\/\/vasasbasket.hu\/#organization"},"potentialAction":[{"@type":"SearchAction","target":{"@type":"EntryPoint","urlTemplate":"https:\/\/vasasbasket.hu\/?s={search_term_string}"},"query-input":{"@type":"PropertyValueSpecification","valueRequired":true,"valueName":"search_term_string"}}],"inLanguage":"hu"},{"@type":"Organization","@id":"https:\/\/vasasbasket.hu\/#organization","name":"Vasas n\u0151i kos\u00e1rlabda","url":"https:\/\/vasasbasket.hu\/","logo":{"@type":"ImageObject","inLanguage":"hu","@id":"https:\/\/vasasbasket.hu\/#\/schema\/logo\/image\/","url":"https:\/\/vasasbasket.hu\/wp-content\/uploads\/2017\/03\/vasas_cimer_1200.jpg","contentUrl":"https:\/\/vasasbasket.hu\/wp-content\/uploads\/2017\/03\/vasas_cimer_1200.jpg","width":1200,"height":1200,"caption":"Vasas n\u0151i kos\u00e1rlabda"},"image":{"@id":"https:\/\/vasasbasket.hu\/#\/schema\/logo\/image\/"},"sameAs":["https:\/\/www.facebook.com\/vasaswbasket\/"]},{"@type":"Person","@id":"https:\/\/vasasbasket.hu\/#\/schema\/person\/f1085f4d2c6582d8d0f977e92de2edee","name":"admin","image":{"@type":"ImageObject","inLanguage":"hu","@id":"https:\/\/vasasbasket.hu\/#\/schema\/person\/image\/","url":"https:\/\/secure.gravatar.com\/avatar\/645c92f7d9cfe02bd93ce2d1cfa11cd3a268bdfe65486552ff04b193cea07634?s=96&d=mm&r=g","contentUrl":"https:\/\/secure.gravatar.com\/avatar\/645c92f7d9cfe02bd93ce2d1cfa11cd3a268bdfe65486552ff04b193cea07634?s=96&d=mm&r=g","caption":"admin"},"url":"https:\/\/vasasbasket.hu\/index.php\/author\/admin\/"}]}},"_links":{"self":[{"href":"https:\/\/vasasbasket.hu\/index.php\/wp-json\/wp\/v2\/posts\/6870","targetHints":{"allow":["GET"]}}],"collection":[{"href":"https:\/\/vasasbasket.hu\/index.php\/wp-json\/wp\/v2\/posts"}],"about":[{"href":"https:\/\/vasasbasket.hu\/index.php\/wp-json\/wp\/v2\/types\/post"}],"author":[{"embeddable":true,"href":"https:\/\/vasasbasket.hu\/index.php\/wp-json\/wp\/v2\/users\/1"}],"replies":[{"embeddable":true,"href":"https:\/\/vasasbasket.hu\/index.php\/wp-json\/wp\/v2\/comments?post=6870"}],"version-history":[{"count":1,"href":"https:\/\/vasasbasket.hu\/index.php\/wp-json\/wp\/v2\/posts\/6870\/revisions"}],"predecessor-version":[{"id":6875,"href":"https:\/\/vasasbasket.hu\/index.php\/wp-json\/wp\/v2\/posts\/6870\/revisions\/6875"}],"wp:featuredmedia":[{"embeddable":true,"href":"https:\/\/vasasbasket.hu\/index.php\/wp-json\/wp\/v2\/media\/6873"}],"wp:attachment":[{"href":"https:\/\/vasasbasket.hu\/index.php\/wp-json\/wp\/v2\/media?parent=6870"}],"wp:term":[{"taxonomy":"category","embeddable":true,"href":"https:\/\/vasasbasket.hu\/index.php\/wp-json\/wp\/v2\/categories?post=6870"},{"taxonomy":"post_tag","embeddable":true,"href":"https:\/\/vasasbasket.hu\/index.php\/wp-json\/wp\/v2\/tags?post=6870"}],"curies":[{"name":"wp","href":"https:\/\/api.w.org\/{rel}","templated":true}]}}