{"id":6819,"date":"2020-02-21T19:38:06","date_gmt":"2020-02-21T19:38:06","guid":{"rendered":"http:\/\/vasasbasket.hu\/?p=6819"},"modified":"2020-02-21T19:38:06","modified_gmt":"2020-02-21T19:38:06","slug":"kadett-gyozelem-a-junior-bajnokin","status":"publish","type":"post","link":"https:\/\/vasasbasket.hu\/index.php\/kadett-gyozelem-a-junior-bajnokin\/","title":{"rendered":"Kadett gy\u0151zelem a junior bajnokin"},"content":{"rendered":"<p><strong>U16-os csapatunk szoros m\u00e9rk\u0151z\u00e9sen diadalmaskodott a junior bajnoks\u00e1gban a Kecskem\u00e9ti KC ellen. L\u00e1nyaink ezzel a m\u00e1sodik helyen z\u00e1rt\u00e1k a z\u00f6ld csoport r\u00e1j\u00e1tsz\u00e1s\u00e1t.<\/strong><\/p>\n<p><em>&#8222;V\u00e9gig szoros m\u00e9rk\u0151z\u00e9st j\u00e1tszottunk a kecskem\u00e9ti juniorokkal. H\u00e1rom negyedet meg tudtunk nyerni, \u00e9s rendk\u00edv\u00fcl sz\u00edv\u00f3san \u00e9s j\u00f3l tudtunk v\u00e9dekezni. Ha a j\u00e1t\u00e9k n\u00e9h\u00e1ny param\u00e9ter\u00e9ben m\u00e9g fejl\u0151dni tudunk, mint p\u00e9ld\u00e1ul a lepattan\u00f3 szerz\u00e9s, a labdabiztons\u00e1g \u00e9s a dob\u00e1sbiztons\u00e1g, m\u00e9g eredm\u00e9nyesebbek lehet\u00fcnk. V\u00e9dekez\u00e9sben az eg\u00e9sz csapat dics\u00e9retet \u00e9rdemel. A 45 kapott pont mag\u00e1\u00e9rt besz\u00e9l, nagyot k\u00fczd\u00f6ttek a l\u00e1nyok. T\u00edz IBM pont f\u00f6l\u00f6tt teljes\u00edtett Van Rijs Luca (25 IBM, 6 lepattan\u00f3, 8 kiharcolt fault, 4 szerzett labda, 4 assziszt) \u00e9s Antal Fanni (10 IBM, 10 lepattan\u00f3). A legjobb +\/- mutat\u00f3ja, (+12) Aho Tyr\u00e1nak (3 kiharcolt fault, 4 szerzett labda, 3 assziszt) volt, de sz\u00e9p teljes\u00edtm\u00e9ny Vill\u00e1nyi Di\u00e1na 9 lepattan\u00f3ja, T\u00f3bel L\u00edvia 7 szerzett labd\u00e1ja \u00e9s H\u00e1mori Bernadett 4 blokkja. Gratul\u00e1lok a csapatnak a gy\u0151zelemhez \u00e9s az ambici\u00f3zus j\u00e1t\u00e9khoz. Ezzel a gy\u0151zelemmel a junior bajnoks\u00e1gban az als\u00f3h\u00e1zi z\u00f6ld csoport m\u00e1sodik hely\u00e9n v\u00e9gezt\u00fcnk. Ugyanezzel az energi\u00e1val dolgozunk tov\u00e1bb, hogy jav\u00edtsunk a hib\u00e1inkon&#8221;<\/em> &#8211; mondta a csapat edz\u0151je, Di\u00f3sadi De\u00e1k \u00c9va.<\/p>\n<p><strong>Vasas Akad\u00e9mia\/B &#8211;<\/strong> Kecskem\u00e9ti KC\/A <strong>51-45<\/strong> (14-13, 8-9, 18-13, 11-10)<br \/>\n<em>Pontszerz\u0151k:<\/em><br \/>\n<strong>Vasas Akad\u00e9mia\/B:<\/strong> Aho Tyra 7, Van Rijs Luca 18, T\u00f3bel L\u00edvia 7, Vill\u00e1nyi Di\u00e1na 8, Antal Fanni 5\/3, Csere: K\u00e1d\u00e1r Orsolya 2, Szil\u00e1gyi \u00c1gnes 2, H\u00e1mori Bernadett 2, Bartos Blanka, Kir\u00e1ly Alexandra<br \/>\n<strong>Kecskem\u00e9ti KC\/A:<\/strong> Tasi R. 3, Buz\u00e1nczky F. 9, Csomor F. 8, Kiss V. 8, Horv\u00e1th A. 13, Csere: Urb\u00e1n J., Magna G. 2, Bibok L., Baksa A. 2<\/p>\n","protected":false},"excerpt":{"rendered":"<p>U16-os csapatunk szoros m\u00e9rk\u0151z\u00e9sen diadalmaskodott a junior bajnoks\u00e1gban a Kecskem\u00e9ti KC ellen. L\u00e1nyaink ezzel a m\u00e1sodik helyen z\u00e1rt\u00e1k a z\u00f6ld csoport r\u00e1j\u00e1tsz\u00e1s\u00e1t. &#8222;V\u00e9gig szoros m\u00e9rk\u0151z\u00e9st j\u00e1tszottunk a kecskem\u00e9ti juniorokkal. H\u00e1rom negyedet meg tudtunk nyerni, \u00e9s rendk\u00edv\u00fcl sz\u00edv\u00f3san \u00e9s j\u00f3l tudtunk v\u00e9dekezni. Ha a j\u00e1t\u00e9k n\u00e9h\u00e1ny param\u00e9ter\u00e9ben m\u00e9g fejl\u0151dni tudunk, mint p\u00e9ld\u00e1ul a lepattan\u00f3 szerz\u00e9s, a&#8230;<\/p>\n","protected":false},"author":1,"featured_media":6820,"comment_status":"closed","ping_status":"open","sticky":false,"template":"","format":"standard","meta":{"footnotes":""},"categories":[50,92],"tags":[],"class_list":["post-6819","post","type-post","status-publish","format-standard","has-post-thumbnail","hentry","category-junior","category-hirek"],"yoast_head":"<!-- This site is optimized with the Yoast SEO plugin v26.0 - https:\/\/yoast.com\/wordpress\/plugins\/seo\/ -->\n<title>Kadett gy\u0151zelem a junior bajnokin - Vasas n\u0151i kos\u00e1rlabda<\/title>\n<meta name=\"robots\" content=\"index, follow, max-snippet:-1, max-image-preview:large, max-video-preview:-1\" \/>\n<link rel=\"canonical\" href=\"https:\/\/vasasbasket.hu\/index.php\/kadett-gyozelem-a-junior-bajnokin\/\" \/>\n<meta property=\"og:locale\" content=\"hu_HU\" \/>\n<meta property=\"og:type\" content=\"article\" \/>\n<meta property=\"og:title\" content=\"Kadett gy\u0151zelem a junior bajnokin - Vasas n\u0151i kos\u00e1rlabda\" \/>\n<meta property=\"og:description\" content=\"U16-os csapatunk szoros m\u00e9rk\u0151z\u00e9sen diadalmaskodott a junior bajnoks\u00e1gban a Kecskem\u00e9ti KC ellen. L\u00e1nyaink ezzel a m\u00e1sodik helyen z\u00e1rt\u00e1k a z\u00f6ld csoport r\u00e1j\u00e1tsz\u00e1s\u00e1t. &#8222;V\u00e9gig szoros m\u00e9rk\u0151z\u00e9st j\u00e1tszottunk a kecskem\u00e9ti juniorokkal. H\u00e1rom negyedet meg tudtunk nyerni, \u00e9s rendk\u00edv\u00fcl sz\u00edv\u00f3san \u00e9s j\u00f3l tudtunk v\u00e9dekezni. Ha a j\u00e1t\u00e9k n\u00e9h\u00e1ny param\u00e9ter\u00e9ben m\u00e9g fejl\u0151dni tudunk, mint p\u00e9ld\u00e1ul a lepattan\u00f3 szerz\u00e9s, a...\" \/>\n<meta property=\"og:url\" content=\"https:\/\/vasasbasket.hu\/index.php\/kadett-gyozelem-a-junior-bajnokin\/\" \/>\n<meta property=\"og:site_name\" content=\"Vasas n\u0151i kos\u00e1rlabda\" \/>\n<meta property=\"article:publisher\" content=\"https:\/\/www.facebook.com\/vasaswbasket\/\" \/>\n<meta property=\"article:published_time\" content=\"2020-02-21T19:38:06+00:00\" \/>\n<meta property=\"og:image\" content=\"https:\/\/vasasbasket.hu\/wp-content\/uploads\/2020\/02\/IMG_3907.jpg\" \/>\n\t<meta property=\"og:image:width\" content=\"1613\" \/>\n\t<meta property=\"og:image:height\" content=\"1210\" \/>\n\t<meta property=\"og:image:type\" content=\"image\/jpeg\" \/>\n<meta name=\"author\" content=\"admin\" \/>\n<meta name=\"twitter:card\" content=\"summary_large_image\" \/>\n<meta name=\"twitter:label1\" content=\"Szerz\u0151:\" \/>\n\t<meta name=\"twitter:data1\" content=\"admin\" \/>\n\t<meta name=\"twitter:label2\" content=\"Becs\u00fclt olvas\u00e1si id\u0151\" \/>\n\t<meta name=\"twitter:data2\" content=\"2 perc\" \/>\n<script type=\"application\/ld+json\" class=\"yoast-schema-graph\">{\"@context\":\"https:\/\/schema.org\",\"@graph\":[{\"@type\":\"Article\",\"@id\":\"https:\/\/vasasbasket.hu\/index.php\/kadett-gyozelem-a-junior-bajnokin\/#article\",\"isPartOf\":{\"@id\":\"https:\/\/vasasbasket.hu\/index.php\/kadett-gyozelem-a-junior-bajnokin\/\"},\"author\":{\"name\":\"admin\",\"@id\":\"https:\/\/vasasbasket.hu\/#\/schema\/person\/f1085f4d2c6582d8d0f977e92de2edee\"},\"headline\":\"Kadett gy\u0151zelem a junior bajnokin\",\"datePublished\":\"2020-02-21T19:38:06+00:00\",\"mainEntityOfPage\":{\"@id\":\"https:\/\/vasasbasket.hu\/index.php\/kadett-gyozelem-a-junior-bajnokin\/\"},\"wordCount\":336,\"publisher\":{\"@id\":\"https:\/\/vasasbasket.hu\/#organization\"},\"image\":{\"@id\":\"https:\/\/vasasbasket.hu\/index.php\/kadett-gyozelem-a-junior-bajnokin\/#primaryimage\"},\"thumbnailUrl\":\"https:\/\/vasasbasket.hu\/wp-content\/uploads\/2020\/02\/IMG_3907.jpg\",\"articleSection\":[\"Junior\",\"\u00d6sszes H\u00edr\"],\"inLanguage\":\"hu\"},{\"@type\":\"WebPage\",\"@id\":\"https:\/\/vasasbasket.hu\/index.php\/kadett-gyozelem-a-junior-bajnokin\/\",\"url\":\"https:\/\/vasasbasket.hu\/index.php\/kadett-gyozelem-a-junior-bajnokin\/\",\"name\":\"Kadett gy\u0151zelem a junior bajnokin - Vasas n\u0151i kos\u00e1rlabda\",\"isPartOf\":{\"@id\":\"https:\/\/vasasbasket.hu\/#website\"},\"primaryImageOfPage\":{\"@id\":\"https:\/\/vasasbasket.hu\/index.php\/kadett-gyozelem-a-junior-bajnokin\/#primaryimage\"},\"image\":{\"@id\":\"https:\/\/vasasbasket.hu\/index.php\/kadett-gyozelem-a-junior-bajnokin\/#primaryimage\"},\"thumbnailUrl\":\"https:\/\/vasasbasket.hu\/wp-content\/uploads\/2020\/02\/IMG_3907.jpg\",\"datePublished\":\"2020-02-21T19:38:06+00:00\",\"breadcrumb\":{\"@id\":\"https:\/\/vasasbasket.hu\/index.php\/kadett-gyozelem-a-junior-bajnokin\/#breadcrumb\"},\"inLanguage\":\"hu\",\"potentialAction\":[{\"@type\":\"ReadAction\",\"target\":[\"https:\/\/vasasbasket.hu\/index.php\/kadett-gyozelem-a-junior-bajnokin\/\"]}]},{\"@type\":\"ImageObject\",\"inLanguage\":\"hu\",\"@id\":\"https:\/\/vasasbasket.hu\/index.php\/kadett-gyozelem-a-junior-bajnokin\/#primaryimage\",\"url\":\"https:\/\/vasasbasket.hu\/wp-content\/uploads\/2020\/02\/IMG_3907.jpg\",\"contentUrl\":\"https:\/\/vasasbasket.hu\/wp-content\/uploads\/2020\/02\/IMG_3907.jpg\",\"width\":1613,\"height\":1210},{\"@type\":\"BreadcrumbList\",\"@id\":\"https:\/\/vasasbasket.hu\/index.php\/kadett-gyozelem-a-junior-bajnokin\/#breadcrumb\",\"itemListElement\":[{\"@type\":\"ListItem\",\"position\":1,\"name\":\"Kezd\u0151lap\",\"item\":\"https:\/\/vasasbasket.hu\/\"},{\"@type\":\"ListItem\",\"position\":2,\"name\":\"Kadett gy\u0151zelem a junior bajnokin\"}]},{\"@type\":\"WebSite\",\"@id\":\"https:\/\/vasasbasket.hu\/#website\",\"url\":\"https:\/\/vasasbasket.hu\/\",\"name\":\"Vasas n\u0151i kos\u00e1rlabda\",\"description\":\"Vasas Basket N\u0151i\",\"publisher\":{\"@id\":\"https:\/\/vasasbasket.hu\/#organization\"},\"potentialAction\":[{\"@type\":\"SearchAction\",\"target\":{\"@type\":\"EntryPoint\",\"urlTemplate\":\"https:\/\/vasasbasket.hu\/?s={search_term_string}\"},\"query-input\":{\"@type\":\"PropertyValueSpecification\",\"valueRequired\":true,\"valueName\":\"search_term_string\"}}],\"inLanguage\":\"hu\"},{\"@type\":\"Organization\",\"@id\":\"https:\/\/vasasbasket.hu\/#organization\",\"name\":\"Vasas n\u0151i kos\u00e1rlabda\",\"url\":\"https:\/\/vasasbasket.hu\/\",\"logo\":{\"@type\":\"ImageObject\",\"inLanguage\":\"hu\",\"@id\":\"https:\/\/vasasbasket.hu\/#\/schema\/logo\/image\/\",\"url\":\"https:\/\/vasasbasket.hu\/wp-content\/uploads\/2017\/03\/vasas_cimer_1200.jpg\",\"contentUrl\":\"https:\/\/vasasbasket.hu\/wp-content\/uploads\/2017\/03\/vasas_cimer_1200.jpg\",\"width\":1200,\"height\":1200,\"caption\":\"Vasas n\u0151i kos\u00e1rlabda\"},\"image\":{\"@id\":\"https:\/\/vasasbasket.hu\/#\/schema\/logo\/image\/\"},\"sameAs\":[\"https:\/\/www.facebook.com\/vasaswbasket\/\"]},{\"@type\":\"Person\",\"@id\":\"https:\/\/vasasbasket.hu\/#\/schema\/person\/f1085f4d2c6582d8d0f977e92de2edee\",\"name\":\"admin\",\"image\":{\"@type\":\"ImageObject\",\"inLanguage\":\"hu\",\"@id\":\"https:\/\/vasasbasket.hu\/#\/schema\/person\/image\/\",\"url\":\"https:\/\/secure.gravatar.com\/avatar\/645c92f7d9cfe02bd93ce2d1cfa11cd3a268bdfe65486552ff04b193cea07634?s=96&d=mm&r=g\",\"contentUrl\":\"https:\/\/secure.gravatar.com\/avatar\/645c92f7d9cfe02bd93ce2d1cfa11cd3a268bdfe65486552ff04b193cea07634?s=96&d=mm&r=g\",\"caption\":\"admin\"},\"url\":\"https:\/\/vasasbasket.hu\/index.php\/author\/admin\/\"}]}<\/script>\n<!-- \/ Yoast SEO plugin. -->","yoast_head_json":{"title":"Kadett gy\u0151zelem a junior bajnokin - Vasas n\u0151i kos\u00e1rlabda","robots":{"index":"index","follow":"follow","max-snippet":"max-snippet:-1","max-image-preview":"max-image-preview:large","max-video-preview":"max-video-preview:-1"},"canonical":"https:\/\/vasasbasket.hu\/index.php\/kadett-gyozelem-a-junior-bajnokin\/","og_locale":"hu_HU","og_type":"article","og_title":"Kadett gy\u0151zelem a junior bajnokin - Vasas n\u0151i kos\u00e1rlabda","og_description":"U16-os csapatunk szoros m\u00e9rk\u0151z\u00e9sen diadalmaskodott a junior bajnoks\u00e1gban a Kecskem\u00e9ti KC ellen. L\u00e1nyaink ezzel a m\u00e1sodik helyen z\u00e1rt\u00e1k a z\u00f6ld csoport r\u00e1j\u00e1tsz\u00e1s\u00e1t. &#8222;V\u00e9gig szoros m\u00e9rk\u0151z\u00e9st j\u00e1tszottunk a kecskem\u00e9ti juniorokkal. H\u00e1rom negyedet meg tudtunk nyerni, \u00e9s rendk\u00edv\u00fcl sz\u00edv\u00f3san \u00e9s j\u00f3l tudtunk v\u00e9dekezni. Ha a j\u00e1t\u00e9k n\u00e9h\u00e1ny param\u00e9ter\u00e9ben m\u00e9g fejl\u0151dni tudunk, mint p\u00e9ld\u00e1ul a lepattan\u00f3 szerz\u00e9s, a...","og_url":"https:\/\/vasasbasket.hu\/index.php\/kadett-gyozelem-a-junior-bajnokin\/","og_site_name":"Vasas n\u0151i kos\u00e1rlabda","article_publisher":"https:\/\/www.facebook.com\/vasaswbasket\/","article_published_time":"2020-02-21T19:38:06+00:00","og_image":[{"width":1613,"height":1210,"url":"https:\/\/vasasbasket.hu\/wp-content\/uploads\/2020\/02\/IMG_3907.jpg","type":"image\/jpeg"}],"author":"admin","twitter_card":"summary_large_image","twitter_misc":{"Szerz\u0151:":"admin","Becs\u00fclt olvas\u00e1si id\u0151":"2 perc"},"schema":{"@context":"https:\/\/schema.org","@graph":[{"@type":"Article","@id":"https:\/\/vasasbasket.hu\/index.php\/kadett-gyozelem-a-junior-bajnokin\/#article","isPartOf":{"@id":"https:\/\/vasasbasket.hu\/index.php\/kadett-gyozelem-a-junior-bajnokin\/"},"author":{"name":"admin","@id":"https:\/\/vasasbasket.hu\/#\/schema\/person\/f1085f4d2c6582d8d0f977e92de2edee"},"headline":"Kadett gy\u0151zelem a junior bajnokin","datePublished":"2020-02-21T19:38:06+00:00","mainEntityOfPage":{"@id":"https:\/\/vasasbasket.hu\/index.php\/kadett-gyozelem-a-junior-bajnokin\/"},"wordCount":336,"publisher":{"@id":"https:\/\/vasasbasket.hu\/#organization"},"image":{"@id":"https:\/\/vasasbasket.hu\/index.php\/kadett-gyozelem-a-junior-bajnokin\/#primaryimage"},"thumbnailUrl":"https:\/\/vasasbasket.hu\/wp-content\/uploads\/2020\/02\/IMG_3907.jpg","articleSection":["Junior","\u00d6sszes H\u00edr"],"inLanguage":"hu"},{"@type":"WebPage","@id":"https:\/\/vasasbasket.hu\/index.php\/kadett-gyozelem-a-junior-bajnokin\/","url":"https:\/\/vasasbasket.hu\/index.php\/kadett-gyozelem-a-junior-bajnokin\/","name":"Kadett gy\u0151zelem a junior bajnokin - Vasas n\u0151i kos\u00e1rlabda","isPartOf":{"@id":"https:\/\/vasasbasket.hu\/#website"},"primaryImageOfPage":{"@id":"https:\/\/vasasbasket.hu\/index.php\/kadett-gyozelem-a-junior-bajnokin\/#primaryimage"},"image":{"@id":"https:\/\/vasasbasket.hu\/index.php\/kadett-gyozelem-a-junior-bajnokin\/#primaryimage"},"thumbnailUrl":"https:\/\/vasasbasket.hu\/wp-content\/uploads\/2020\/02\/IMG_3907.jpg","datePublished":"2020-02-21T19:38:06+00:00","breadcrumb":{"@id":"https:\/\/vasasbasket.hu\/index.php\/kadett-gyozelem-a-junior-bajnokin\/#breadcrumb"},"inLanguage":"hu","potentialAction":[{"@type":"ReadAction","target":["https:\/\/vasasbasket.hu\/index.php\/kadett-gyozelem-a-junior-bajnokin\/"]}]},{"@type":"ImageObject","inLanguage":"hu","@id":"https:\/\/vasasbasket.hu\/index.php\/kadett-gyozelem-a-junior-bajnokin\/#primaryimage","url":"https:\/\/vasasbasket.hu\/wp-content\/uploads\/2020\/02\/IMG_3907.jpg","contentUrl":"https:\/\/vasasbasket.hu\/wp-content\/uploads\/2020\/02\/IMG_3907.jpg","width":1613,"height":1210},{"@type":"BreadcrumbList","@id":"https:\/\/vasasbasket.hu\/index.php\/kadett-gyozelem-a-junior-bajnokin\/#breadcrumb","itemListElement":[{"@type":"ListItem","position":1,"name":"Kezd\u0151lap","item":"https:\/\/vasasbasket.hu\/"},{"@type":"ListItem","position":2,"name":"Kadett gy\u0151zelem a junior bajnokin"}]},{"@type":"WebSite","@id":"https:\/\/vasasbasket.hu\/#website","url":"https:\/\/vasasbasket.hu\/","name":"Vasas n\u0151i kos\u00e1rlabda","description":"Vasas Basket N\u0151i","publisher":{"@id":"https:\/\/vasasbasket.hu\/#organization"},"potentialAction":[{"@type":"SearchAction","target":{"@type":"EntryPoint","urlTemplate":"https:\/\/vasasbasket.hu\/?s={search_term_string}"},"query-input":{"@type":"PropertyValueSpecification","valueRequired":true,"valueName":"search_term_string"}}],"inLanguage":"hu"},{"@type":"Organization","@id":"https:\/\/vasasbasket.hu\/#organization","name":"Vasas n\u0151i kos\u00e1rlabda","url":"https:\/\/vasasbasket.hu\/","logo":{"@type":"ImageObject","inLanguage":"hu","@id":"https:\/\/vasasbasket.hu\/#\/schema\/logo\/image\/","url":"https:\/\/vasasbasket.hu\/wp-content\/uploads\/2017\/03\/vasas_cimer_1200.jpg","contentUrl":"https:\/\/vasasbasket.hu\/wp-content\/uploads\/2017\/03\/vasas_cimer_1200.jpg","width":1200,"height":1200,"caption":"Vasas n\u0151i kos\u00e1rlabda"},"image":{"@id":"https:\/\/vasasbasket.hu\/#\/schema\/logo\/image\/"},"sameAs":["https:\/\/www.facebook.com\/vasaswbasket\/"]},{"@type":"Person","@id":"https:\/\/vasasbasket.hu\/#\/schema\/person\/f1085f4d2c6582d8d0f977e92de2edee","name":"admin","image":{"@type":"ImageObject","inLanguage":"hu","@id":"https:\/\/vasasbasket.hu\/#\/schema\/person\/image\/","url":"https:\/\/secure.gravatar.com\/avatar\/645c92f7d9cfe02bd93ce2d1cfa11cd3a268bdfe65486552ff04b193cea07634?s=96&d=mm&r=g","contentUrl":"https:\/\/secure.gravatar.com\/avatar\/645c92f7d9cfe02bd93ce2d1cfa11cd3a268bdfe65486552ff04b193cea07634?s=96&d=mm&r=g","caption":"admin"},"url":"https:\/\/vasasbasket.hu\/index.php\/author\/admin\/"}]}},"_links":{"self":[{"href":"https:\/\/vasasbasket.hu\/index.php\/wp-json\/wp\/v2\/posts\/6819","targetHints":{"allow":["GET"]}}],"collection":[{"href":"https:\/\/vasasbasket.hu\/index.php\/wp-json\/wp\/v2\/posts"}],"about":[{"href":"https:\/\/vasasbasket.hu\/index.php\/wp-json\/wp\/v2\/types\/post"}],"author":[{"embeddable":true,"href":"https:\/\/vasasbasket.hu\/index.php\/wp-json\/wp\/v2\/users\/1"}],"replies":[{"embeddable":true,"href":"https:\/\/vasasbasket.hu\/index.php\/wp-json\/wp\/v2\/comments?post=6819"}],"version-history":[{"count":1,"href":"https:\/\/vasasbasket.hu\/index.php\/wp-json\/wp\/v2\/posts\/6819\/revisions"}],"predecessor-version":[{"id":6821,"href":"https:\/\/vasasbasket.hu\/index.php\/wp-json\/wp\/v2\/posts\/6819\/revisions\/6821"}],"wp:featuredmedia":[{"embeddable":true,"href":"https:\/\/vasasbasket.hu\/index.php\/wp-json\/wp\/v2\/media\/6820"}],"wp:attachment":[{"href":"https:\/\/vasasbasket.hu\/index.php\/wp-json\/wp\/v2\/media?parent=6819"}],"wp:term":[{"taxonomy":"category","embeddable":true,"href":"https:\/\/vasasbasket.hu\/index.php\/wp-json\/wp\/v2\/categories?post=6819"},{"taxonomy":"post_tag","embeddable":true,"href":"https:\/\/vasasbasket.hu\/index.php\/wp-json\/wp\/v2\/tags?post=6819"}],"curies":[{"name":"wp","href":"https:\/\/api.w.org\/{rel}","templated":true}]}}