{"id":6817,"date":"2020-02-21T19:26:27","date_gmt":"2020-02-21T19:26:27","guid":{"rendered":"http:\/\/vasasbasket.hu\/?p=6817"},"modified":"2020-02-21T19:26:27","modified_gmt":"2020-02-21T19:26:27","slug":"harom-merkozest-jatszott-serdulo-b-csapatunk-a-hetvegen","status":"publish","type":"post","link":"https:\/\/vasasbasket.hu\/index.php\/harom-merkozest-jatszott-serdulo-b-csapatunk-a-hetvegen\/","title":{"rendered":"H\u00e1rom m\u00e9rk\u0151z\u00e9st j\u00e1tszott serd\u00fcl\u0151 B csapatunk a h\u00e9tv\u00e9g\u00e9n"},"content":{"rendered":"<p><strong>S\u0171r\u0171 hetet z\u00e1rt a Vasas Akad\u00e9mia U14\/B csapata, amely szombaton a Budapest bajnoks\u00e1gban, vas\u00e1rnap pedig a region\u00e1lis serd\u00fcl\u0151 bajnoks\u00e1gban versenyzett.\u00a0<\/strong><\/p>\n<p><em>&#8222;A szombati Budapest bajnoki tal\u00e1lkoz\u00f3n \u00e1test\u00fcnk egy t\u0171zkereszts\u00e9gen, miut\u00e1n orsz\u00e1gos d\u00f6nt\u0151be igyekv\u0151 csapattal j\u00e1tszottunk \u00fagy, hogy n\u00e1lunk n\u00e9gy gyerek kor\u00fa j\u00e1t\u00e9kos volt a keretben. Azzal nem lett volna gond, ha csak a csapd\u00e1s let\u00e1mad\u00e1sb\u00f3l vagy labd\u00e1s\/\u00fcres elz\u00e1r\u00e1sokb\u00f3l kapunk pontot. A sok leind\u00edt\u00e1s nagyon bosszant\u00f3 volt, mert m\u00e9g mindig nem tudunk csapatv\u00e9dekez\u00e9sben gondolkodni. A biztos\u00edt\u00f3 v\u00e9d\u0151 szerepe \u00e9s a labd\u00e1s j\u00e1t\u00e9kos v\u00e9d\u00e9se komoly feladat lesz a k\u00f6zelj\u00f6v\u0151ben. Az els\u0151 negyed ut\u00e1n m\u00e1r mert\u00fcnk kos\u00e1rlabd\u00e1zni \u00e9s lett \u00e9rtelme a m\u00e9rk\u0151z\u00e9snek. Sokat kell m\u00e9g tanulnunk technikailag \u00e9s ut\u00e1na majd mi is r\u00e1t\u00e9rhet\u00fcnk a serd\u00fcl\u0151 koroszt\u00e1ly taktikai elemeire&#8221;<\/em> &#8211; mondta a csapat edz\u0151je, Kert\u00e9sz D\u00e1vid.<\/p>\n<p>T\u00f6rekv\u00e9s SE <strong>&#8211; Vasas Akad\u00e9mia 106-34<\/strong> (47-9,15-11,22-10,22-4)<br \/>\n<em>Pontszerz\u0151k:<\/em><br \/>\n<strong>Vasas Akad\u00e9mia:<\/strong> Kiss K. 4, Szab\u00f3 E. 4, D\u00fal F. 2, Pusk\u00e1s L. 2, Tapodi K., Harmati E. 6, Ilcsik B. 9, Csercsa E., Bori L. 2, N\u00e9meth-K. M. 4, Kasz\u00e1s L. 2<\/p>\n<p><em>&#8222;A rekordhossz\u00fa m\u00e9rk\u0151z\u00e9sen (2 \u00f3ra 20 perc) 67 fault volt a k\u00e9t oldalon. Sok eladott labda \u00e9s kihagyott ziccer miatt nem volt re\u00e1lis es\u00e9ly\u00fcnk a gy\u0151zelemre. Ezek mellett kiemeln\u00e9m Mici, Emma \u00e9s Hal\u00e1sz Luca ponter\u0151s j\u00e1t\u00e9k\u00e1t \u00e9s \u00c9des Luca v\u00e9d\u0151munk\u00e1j\u00e1t&#8221;<\/em> &#8211; mondta Kert\u00e9sz D\u00e1vid.<\/p>\n<p>Radobasket <strong>&#8211; Vasas Akad\u00e9mia\/B 64-59<\/strong> (13-13,13-6,17-20,21-20)<br \/>\n<em>Pontszerz\u0151k:<\/em><br \/>\n<strong>Vasas Akad\u00e9mia\/B:<\/strong> Kiss K., Schannen Z. 5, Szab\u00f3 E. 13, D\u00fal F. 2, Lengyel L. 6, \u00c9des L. 4, Hal\u00e1sz L. 8\/3, Harmati E. 16, Gergely P., Pusk\u00e1s L. 4, Kasz\u00e1s L. 1,<\/p>\n<p><em>&#8222;Nehezen tudtuk ellenfel\u00fcnk fel\u00e1llt v\u00e9dekez\u00e9s\u00e9t felt\u00f6rni, melyet ind\u00edt\u00e1sokkal \u00e9s sok mozg\u00e1ssal kellett volna kev\u00e9sb\u00e9 izgalmass\u00e1 tenni. Gratul\u00e1lok a gy\u0151zelemhez&#8221;<\/em> &#8211; \u00f6sszegezte Kert\u00e9sz D\u00e1vid.<\/p>\n<p><strong>Vasas Akad\u00e9mi\/B &#8211;<\/strong> BEAC\/B <strong>48-39<\/strong> (11-13,9-12,16-4,12-10)<br \/>\n<em>Pontszerz\u0151k:<\/em><br \/>\n<strong>Vasas Akad\u00e9mia\/B:<\/strong>\u00a0Kiss K. 2, Schannen Z. 4, Szab\u00f3 E., D\u00fal F. 6, Lengyel L., \u00c9des L. 2, Tapodi K., Hal\u00e1sz L. 15, Harmati E. 16, Gergely P. 1, N\u00e9meth-K. M. 2, Kasz\u00e1s L.<\/p>\n","protected":false},"excerpt":{"rendered":"<p>S\u0171r\u0171 hetet z\u00e1rt a Vasas Akad\u00e9mia U14\/B csapata, amely szombaton a Budapest bajnoks\u00e1gban, vas\u00e1rnap pedig a region\u00e1lis serd\u00fcl\u0151 bajnoks\u00e1gban versenyzett.\u00a0 &#8222;A szombati Budapest bajnoki tal\u00e1lkoz\u00f3n \u00e1test\u00fcnk egy t\u0171zkereszts\u00e9gen, miut\u00e1n orsz\u00e1gos d\u00f6nt\u0151be igyekv\u0151 csapattal j\u00e1tszottunk \u00fagy, hogy n\u00e1lunk n\u00e9gy gyerek kor\u00fa j\u00e1t\u00e9kos volt a keretben. Azzal nem lett volna gond, ha csak a csapd\u00e1s let\u00e1mad\u00e1sb\u00f3l vagy&#8230;<\/p>\n","protected":false},"author":1,"featured_media":6387,"comment_status":"closed","ping_status":"open","sticky":false,"template":"","format":"standard","meta":{"footnotes":""},"categories":[52,92],"tags":[],"class_list":["post-6817","post","type-post","status-publish","format-standard","has-post-thumbnail","hentry","category-serdulo","category-hirek"],"yoast_head":"<!-- This site is optimized with the Yoast SEO plugin v26.0 - https:\/\/yoast.com\/wordpress\/plugins\/seo\/ -->\n<title>H\u00e1rom m\u00e9rk\u0151z\u00e9st j\u00e1tszott serd\u00fcl\u0151 B csapatunk a h\u00e9tv\u00e9g\u00e9n - Vasas n\u0151i kos\u00e1rlabda<\/title>\n<meta name=\"robots\" content=\"index, follow, max-snippet:-1, max-image-preview:large, max-video-preview:-1\" \/>\n<link rel=\"canonical\" href=\"https:\/\/vasasbasket.hu\/index.php\/harom-merkozest-jatszott-serdulo-b-csapatunk-a-hetvegen\/\" \/>\n<meta property=\"og:locale\" content=\"hu_HU\" \/>\n<meta property=\"og:type\" content=\"article\" \/>\n<meta property=\"og:title\" content=\"H\u00e1rom m\u00e9rk\u0151z\u00e9st j\u00e1tszott serd\u00fcl\u0151 B csapatunk a h\u00e9tv\u00e9g\u00e9n - Vasas n\u0151i kos\u00e1rlabda\" \/>\n<meta property=\"og:description\" content=\"S\u0171r\u0171 hetet z\u00e1rt a Vasas Akad\u00e9mia U14\/B csapata, amely szombaton a Budapest bajnoks\u00e1gban, vas\u00e1rnap pedig a region\u00e1lis serd\u00fcl\u0151 bajnoks\u00e1gban versenyzett.\u00a0 &#8222;A szombati Budapest bajnoki tal\u00e1lkoz\u00f3n \u00e1test\u00fcnk egy t\u0171zkereszts\u00e9gen, miut\u00e1n orsz\u00e1gos d\u00f6nt\u0151be igyekv\u0151 csapattal j\u00e1tszottunk \u00fagy, hogy n\u00e1lunk n\u00e9gy gyerek kor\u00fa j\u00e1t\u00e9kos volt a keretben. Azzal nem lett volna gond, ha csak a csapd\u00e1s let\u00e1mad\u00e1sb\u00f3l vagy...\" \/>\n<meta property=\"og:url\" content=\"https:\/\/vasasbasket.hu\/index.php\/harom-merkozest-jatszott-serdulo-b-csapatunk-a-hetvegen\/\" \/>\n<meta property=\"og:site_name\" content=\"Vasas n\u0151i kos\u00e1rlabda\" \/>\n<meta property=\"article:publisher\" content=\"https:\/\/www.facebook.com\/vasaswbasket\/\" \/>\n<meta property=\"article:published_time\" content=\"2020-02-21T19:26:27+00:00\" \/>\n<meta property=\"og:image\" content=\"https:\/\/vasasbasket.hu\/wp-content\/uploads\/2019\/11\/IMG_4372.jpg\" \/>\n\t<meta property=\"og:image:width\" content=\"1500\" \/>\n\t<meta property=\"og:image:height\" content=\"1000\" \/>\n\t<meta property=\"og:image:type\" content=\"image\/jpeg\" \/>\n<meta name=\"author\" content=\"admin\" \/>\n<meta name=\"twitter:card\" content=\"summary_large_image\" \/>\n<meta name=\"twitter:label1\" content=\"Szerz\u0151:\" \/>\n\t<meta name=\"twitter:data1\" content=\"admin\" \/>\n\t<meta name=\"twitter:label2\" content=\"Becs\u00fclt olvas\u00e1si id\u0151\" \/>\n\t<meta name=\"twitter:data2\" content=\"2 perc\" \/>\n<script type=\"application\/ld+json\" class=\"yoast-schema-graph\">{\"@context\":\"https:\/\/schema.org\",\"@graph\":[{\"@type\":\"Article\",\"@id\":\"https:\/\/vasasbasket.hu\/index.php\/harom-merkozest-jatszott-serdulo-b-csapatunk-a-hetvegen\/#article\",\"isPartOf\":{\"@id\":\"https:\/\/vasasbasket.hu\/index.php\/harom-merkozest-jatszott-serdulo-b-csapatunk-a-hetvegen\/\"},\"author\":{\"name\":\"admin\",\"@id\":\"https:\/\/vasasbasket.hu\/#\/schema\/person\/f1085f4d2c6582d8d0f977e92de2edee\"},\"headline\":\"H\u00e1rom m\u00e9rk\u0151z\u00e9st j\u00e1tszott serd\u00fcl\u0151 B csapatunk a h\u00e9tv\u00e9g\u00e9n\",\"datePublished\":\"2020-02-21T19:26:27+00:00\",\"mainEntityOfPage\":{\"@id\":\"https:\/\/vasasbasket.hu\/index.php\/harom-merkozest-jatszott-serdulo-b-csapatunk-a-hetvegen\/\"},\"wordCount\":434,\"publisher\":{\"@id\":\"https:\/\/vasasbasket.hu\/#organization\"},\"image\":{\"@id\":\"https:\/\/vasasbasket.hu\/index.php\/harom-merkozest-jatszott-serdulo-b-csapatunk-a-hetvegen\/#primaryimage\"},\"thumbnailUrl\":\"https:\/\/vasasbasket.hu\/wp-content\/uploads\/2019\/11\/IMG_4372.jpg\",\"articleSection\":[\"Serd\u00fcl\u0151\",\"\u00d6sszes H\u00edr\"],\"inLanguage\":\"hu\"},{\"@type\":\"WebPage\",\"@id\":\"https:\/\/vasasbasket.hu\/index.php\/harom-merkozest-jatszott-serdulo-b-csapatunk-a-hetvegen\/\",\"url\":\"https:\/\/vasasbasket.hu\/index.php\/harom-merkozest-jatszott-serdulo-b-csapatunk-a-hetvegen\/\",\"name\":\"H\u00e1rom m\u00e9rk\u0151z\u00e9st j\u00e1tszott serd\u00fcl\u0151 B csapatunk a h\u00e9tv\u00e9g\u00e9n - Vasas n\u0151i kos\u00e1rlabda\",\"isPartOf\":{\"@id\":\"https:\/\/vasasbasket.hu\/#website\"},\"primaryImageOfPage\":{\"@id\":\"https:\/\/vasasbasket.hu\/index.php\/harom-merkozest-jatszott-serdulo-b-csapatunk-a-hetvegen\/#primaryimage\"},\"image\":{\"@id\":\"https:\/\/vasasbasket.hu\/index.php\/harom-merkozest-jatszott-serdulo-b-csapatunk-a-hetvegen\/#primaryimage\"},\"thumbnailUrl\":\"https:\/\/vasasbasket.hu\/wp-content\/uploads\/2019\/11\/IMG_4372.jpg\",\"datePublished\":\"2020-02-21T19:26:27+00:00\",\"breadcrumb\":{\"@id\":\"https:\/\/vasasbasket.hu\/index.php\/harom-merkozest-jatszott-serdulo-b-csapatunk-a-hetvegen\/#breadcrumb\"},\"inLanguage\":\"hu\",\"potentialAction\":[{\"@type\":\"ReadAction\",\"target\":[\"https:\/\/vasasbasket.hu\/index.php\/harom-merkozest-jatszott-serdulo-b-csapatunk-a-hetvegen\/\"]}]},{\"@type\":\"ImageObject\",\"inLanguage\":\"hu\",\"@id\":\"https:\/\/vasasbasket.hu\/index.php\/harom-merkozest-jatszott-serdulo-b-csapatunk-a-hetvegen\/#primaryimage\",\"url\":\"https:\/\/vasasbasket.hu\/wp-content\/uploads\/2019\/11\/IMG_4372.jpg\",\"contentUrl\":\"https:\/\/vasasbasket.hu\/wp-content\/uploads\/2019\/11\/IMG_4372.jpg\",\"width\":1500,\"height\":1000},{\"@type\":\"BreadcrumbList\",\"@id\":\"https:\/\/vasasbasket.hu\/index.php\/harom-merkozest-jatszott-serdulo-b-csapatunk-a-hetvegen\/#breadcrumb\",\"itemListElement\":[{\"@type\":\"ListItem\",\"position\":1,\"name\":\"Kezd\u0151lap\",\"item\":\"https:\/\/vasasbasket.hu\/\"},{\"@type\":\"ListItem\",\"position\":2,\"name\":\"H\u00e1rom m\u00e9rk\u0151z\u00e9st j\u00e1tszott serd\u00fcl\u0151 B csapatunk a h\u00e9tv\u00e9g\u00e9n\"}]},{\"@type\":\"WebSite\",\"@id\":\"https:\/\/vasasbasket.hu\/#website\",\"url\":\"https:\/\/vasasbasket.hu\/\",\"name\":\"Vasas n\u0151i kos\u00e1rlabda\",\"description\":\"Vasas Basket N\u0151i\",\"publisher\":{\"@id\":\"https:\/\/vasasbasket.hu\/#organization\"},\"potentialAction\":[{\"@type\":\"SearchAction\",\"target\":{\"@type\":\"EntryPoint\",\"urlTemplate\":\"https:\/\/vasasbasket.hu\/?s={search_term_string}\"},\"query-input\":{\"@type\":\"PropertyValueSpecification\",\"valueRequired\":true,\"valueName\":\"search_term_string\"}}],\"inLanguage\":\"hu\"},{\"@type\":\"Organization\",\"@id\":\"https:\/\/vasasbasket.hu\/#organization\",\"name\":\"Vasas n\u0151i kos\u00e1rlabda\",\"url\":\"https:\/\/vasasbasket.hu\/\",\"logo\":{\"@type\":\"ImageObject\",\"inLanguage\":\"hu\",\"@id\":\"https:\/\/vasasbasket.hu\/#\/schema\/logo\/image\/\",\"url\":\"https:\/\/vasasbasket.hu\/wp-content\/uploads\/2017\/03\/vasas_cimer_1200.jpg\",\"contentUrl\":\"https:\/\/vasasbasket.hu\/wp-content\/uploads\/2017\/03\/vasas_cimer_1200.jpg\",\"width\":1200,\"height\":1200,\"caption\":\"Vasas n\u0151i kos\u00e1rlabda\"},\"image\":{\"@id\":\"https:\/\/vasasbasket.hu\/#\/schema\/logo\/image\/\"},\"sameAs\":[\"https:\/\/www.facebook.com\/vasaswbasket\/\"]},{\"@type\":\"Person\",\"@id\":\"https:\/\/vasasbasket.hu\/#\/schema\/person\/f1085f4d2c6582d8d0f977e92de2edee\",\"name\":\"admin\",\"image\":{\"@type\":\"ImageObject\",\"inLanguage\":\"hu\",\"@id\":\"https:\/\/vasasbasket.hu\/#\/schema\/person\/image\/\",\"url\":\"https:\/\/secure.gravatar.com\/avatar\/645c92f7d9cfe02bd93ce2d1cfa11cd3a268bdfe65486552ff04b193cea07634?s=96&d=mm&r=g\",\"contentUrl\":\"https:\/\/secure.gravatar.com\/avatar\/645c92f7d9cfe02bd93ce2d1cfa11cd3a268bdfe65486552ff04b193cea07634?s=96&d=mm&r=g\",\"caption\":\"admin\"},\"url\":\"https:\/\/vasasbasket.hu\/index.php\/author\/admin\/\"}]}<\/script>\n<!-- \/ Yoast SEO plugin. -->","yoast_head_json":{"title":"H\u00e1rom m\u00e9rk\u0151z\u00e9st j\u00e1tszott serd\u00fcl\u0151 B csapatunk a h\u00e9tv\u00e9g\u00e9n - Vasas n\u0151i kos\u00e1rlabda","robots":{"index":"index","follow":"follow","max-snippet":"max-snippet:-1","max-image-preview":"max-image-preview:large","max-video-preview":"max-video-preview:-1"},"canonical":"https:\/\/vasasbasket.hu\/index.php\/harom-merkozest-jatszott-serdulo-b-csapatunk-a-hetvegen\/","og_locale":"hu_HU","og_type":"article","og_title":"H\u00e1rom m\u00e9rk\u0151z\u00e9st j\u00e1tszott serd\u00fcl\u0151 B csapatunk a h\u00e9tv\u00e9g\u00e9n - Vasas n\u0151i kos\u00e1rlabda","og_description":"S\u0171r\u0171 hetet z\u00e1rt a Vasas Akad\u00e9mia U14\/B csapata, amely szombaton a Budapest bajnoks\u00e1gban, vas\u00e1rnap pedig a region\u00e1lis serd\u00fcl\u0151 bajnoks\u00e1gban versenyzett.\u00a0 &#8222;A szombati Budapest bajnoki tal\u00e1lkoz\u00f3n \u00e1test\u00fcnk egy t\u0171zkereszts\u00e9gen, miut\u00e1n orsz\u00e1gos d\u00f6nt\u0151be igyekv\u0151 csapattal j\u00e1tszottunk \u00fagy, hogy n\u00e1lunk n\u00e9gy gyerek kor\u00fa j\u00e1t\u00e9kos volt a keretben. Azzal nem lett volna gond, ha csak a csapd\u00e1s let\u00e1mad\u00e1sb\u00f3l vagy...","og_url":"https:\/\/vasasbasket.hu\/index.php\/harom-merkozest-jatszott-serdulo-b-csapatunk-a-hetvegen\/","og_site_name":"Vasas n\u0151i kos\u00e1rlabda","article_publisher":"https:\/\/www.facebook.com\/vasaswbasket\/","article_published_time":"2020-02-21T19:26:27+00:00","og_image":[{"width":1500,"height":1000,"url":"https:\/\/vasasbasket.hu\/wp-content\/uploads\/2019\/11\/IMG_4372.jpg","type":"image\/jpeg"}],"author":"admin","twitter_card":"summary_large_image","twitter_misc":{"Szerz\u0151:":"admin","Becs\u00fclt olvas\u00e1si id\u0151":"2 perc"},"schema":{"@context":"https:\/\/schema.org","@graph":[{"@type":"Article","@id":"https:\/\/vasasbasket.hu\/index.php\/harom-merkozest-jatszott-serdulo-b-csapatunk-a-hetvegen\/#article","isPartOf":{"@id":"https:\/\/vasasbasket.hu\/index.php\/harom-merkozest-jatszott-serdulo-b-csapatunk-a-hetvegen\/"},"author":{"name":"admin","@id":"https:\/\/vasasbasket.hu\/#\/schema\/person\/f1085f4d2c6582d8d0f977e92de2edee"},"headline":"H\u00e1rom m\u00e9rk\u0151z\u00e9st j\u00e1tszott serd\u00fcl\u0151 B csapatunk a h\u00e9tv\u00e9g\u00e9n","datePublished":"2020-02-21T19:26:27+00:00","mainEntityOfPage":{"@id":"https:\/\/vasasbasket.hu\/index.php\/harom-merkozest-jatszott-serdulo-b-csapatunk-a-hetvegen\/"},"wordCount":434,"publisher":{"@id":"https:\/\/vasasbasket.hu\/#organization"},"image":{"@id":"https:\/\/vasasbasket.hu\/index.php\/harom-merkozest-jatszott-serdulo-b-csapatunk-a-hetvegen\/#primaryimage"},"thumbnailUrl":"https:\/\/vasasbasket.hu\/wp-content\/uploads\/2019\/11\/IMG_4372.jpg","articleSection":["Serd\u00fcl\u0151","\u00d6sszes H\u00edr"],"inLanguage":"hu"},{"@type":"WebPage","@id":"https:\/\/vasasbasket.hu\/index.php\/harom-merkozest-jatszott-serdulo-b-csapatunk-a-hetvegen\/","url":"https:\/\/vasasbasket.hu\/index.php\/harom-merkozest-jatszott-serdulo-b-csapatunk-a-hetvegen\/","name":"H\u00e1rom m\u00e9rk\u0151z\u00e9st j\u00e1tszott serd\u00fcl\u0151 B csapatunk a h\u00e9tv\u00e9g\u00e9n - Vasas n\u0151i kos\u00e1rlabda","isPartOf":{"@id":"https:\/\/vasasbasket.hu\/#website"},"primaryImageOfPage":{"@id":"https:\/\/vasasbasket.hu\/index.php\/harom-merkozest-jatszott-serdulo-b-csapatunk-a-hetvegen\/#primaryimage"},"image":{"@id":"https:\/\/vasasbasket.hu\/index.php\/harom-merkozest-jatszott-serdulo-b-csapatunk-a-hetvegen\/#primaryimage"},"thumbnailUrl":"https:\/\/vasasbasket.hu\/wp-content\/uploads\/2019\/11\/IMG_4372.jpg","datePublished":"2020-02-21T19:26:27+00:00","breadcrumb":{"@id":"https:\/\/vasasbasket.hu\/index.php\/harom-merkozest-jatszott-serdulo-b-csapatunk-a-hetvegen\/#breadcrumb"},"inLanguage":"hu","potentialAction":[{"@type":"ReadAction","target":["https:\/\/vasasbasket.hu\/index.php\/harom-merkozest-jatszott-serdulo-b-csapatunk-a-hetvegen\/"]}]},{"@type":"ImageObject","inLanguage":"hu","@id":"https:\/\/vasasbasket.hu\/index.php\/harom-merkozest-jatszott-serdulo-b-csapatunk-a-hetvegen\/#primaryimage","url":"https:\/\/vasasbasket.hu\/wp-content\/uploads\/2019\/11\/IMG_4372.jpg","contentUrl":"https:\/\/vasasbasket.hu\/wp-content\/uploads\/2019\/11\/IMG_4372.jpg","width":1500,"height":1000},{"@type":"BreadcrumbList","@id":"https:\/\/vasasbasket.hu\/index.php\/harom-merkozest-jatszott-serdulo-b-csapatunk-a-hetvegen\/#breadcrumb","itemListElement":[{"@type":"ListItem","position":1,"name":"Kezd\u0151lap","item":"https:\/\/vasasbasket.hu\/"},{"@type":"ListItem","position":2,"name":"H\u00e1rom m\u00e9rk\u0151z\u00e9st j\u00e1tszott serd\u00fcl\u0151 B csapatunk a h\u00e9tv\u00e9g\u00e9n"}]},{"@type":"WebSite","@id":"https:\/\/vasasbasket.hu\/#website","url":"https:\/\/vasasbasket.hu\/","name":"Vasas n\u0151i kos\u00e1rlabda","description":"Vasas Basket N\u0151i","publisher":{"@id":"https:\/\/vasasbasket.hu\/#organization"},"potentialAction":[{"@type":"SearchAction","target":{"@type":"EntryPoint","urlTemplate":"https:\/\/vasasbasket.hu\/?s={search_term_string}"},"query-input":{"@type":"PropertyValueSpecification","valueRequired":true,"valueName":"search_term_string"}}],"inLanguage":"hu"},{"@type":"Organization","@id":"https:\/\/vasasbasket.hu\/#organization","name":"Vasas n\u0151i kos\u00e1rlabda","url":"https:\/\/vasasbasket.hu\/","logo":{"@type":"ImageObject","inLanguage":"hu","@id":"https:\/\/vasasbasket.hu\/#\/schema\/logo\/image\/","url":"https:\/\/vasasbasket.hu\/wp-content\/uploads\/2017\/03\/vasas_cimer_1200.jpg","contentUrl":"https:\/\/vasasbasket.hu\/wp-content\/uploads\/2017\/03\/vasas_cimer_1200.jpg","width":1200,"height":1200,"caption":"Vasas n\u0151i kos\u00e1rlabda"},"image":{"@id":"https:\/\/vasasbasket.hu\/#\/schema\/logo\/image\/"},"sameAs":["https:\/\/www.facebook.com\/vasaswbasket\/"]},{"@type":"Person","@id":"https:\/\/vasasbasket.hu\/#\/schema\/person\/f1085f4d2c6582d8d0f977e92de2edee","name":"admin","image":{"@type":"ImageObject","inLanguage":"hu","@id":"https:\/\/vasasbasket.hu\/#\/schema\/person\/image\/","url":"https:\/\/secure.gravatar.com\/avatar\/645c92f7d9cfe02bd93ce2d1cfa11cd3a268bdfe65486552ff04b193cea07634?s=96&d=mm&r=g","contentUrl":"https:\/\/secure.gravatar.com\/avatar\/645c92f7d9cfe02bd93ce2d1cfa11cd3a268bdfe65486552ff04b193cea07634?s=96&d=mm&r=g","caption":"admin"},"url":"https:\/\/vasasbasket.hu\/index.php\/author\/admin\/"}]}},"_links":{"self":[{"href":"https:\/\/vasasbasket.hu\/index.php\/wp-json\/wp\/v2\/posts\/6817","targetHints":{"allow":["GET"]}}],"collection":[{"href":"https:\/\/vasasbasket.hu\/index.php\/wp-json\/wp\/v2\/posts"}],"about":[{"href":"https:\/\/vasasbasket.hu\/index.php\/wp-json\/wp\/v2\/types\/post"}],"author":[{"embeddable":true,"href":"https:\/\/vasasbasket.hu\/index.php\/wp-json\/wp\/v2\/users\/1"}],"replies":[{"embeddable":true,"href":"https:\/\/vasasbasket.hu\/index.php\/wp-json\/wp\/v2\/comments?post=6817"}],"version-history":[{"count":1,"href":"https:\/\/vasasbasket.hu\/index.php\/wp-json\/wp\/v2\/posts\/6817\/revisions"}],"predecessor-version":[{"id":6818,"href":"https:\/\/vasasbasket.hu\/index.php\/wp-json\/wp\/v2\/posts\/6817\/revisions\/6818"}],"wp:featuredmedia":[{"embeddable":true,"href":"https:\/\/vasasbasket.hu\/index.php\/wp-json\/wp\/v2\/media\/6387"}],"wp:attachment":[{"href":"https:\/\/vasasbasket.hu\/index.php\/wp-json\/wp\/v2\/media?parent=6817"}],"wp:term":[{"taxonomy":"category","embeddable":true,"href":"https:\/\/vasasbasket.hu\/index.php\/wp-json\/wp\/v2\/categories?post=6817"},{"taxonomy":"post_tag","embeddable":true,"href":"https:\/\/vasasbasket.hu\/index.php\/wp-json\/wp\/v2\/tags?post=6817"}],"curies":[{"name":"wp","href":"https:\/\/api.w.org\/{rel}","templated":true}]}}