{"id":6803,"date":"2020-02-20T19:39:22","date_gmt":"2020-02-20T19:39:22","guid":{"rendered":"http:\/\/vasasbasket.hu\/?p=6803"},"modified":"2020-02-20T19:39:22","modified_gmt":"2020-02-20T19:39:22","slug":"aranyermesek-a-serdulok","status":"publish","type":"post","link":"https:\/\/vasasbasket.hu\/index.php\/aranyermesek-a-serdulok\/","title":{"rendered":"Arany\u00e9rmesek a serd\u00fcl\u0151k"},"content":{"rendered":"<p><strong>Megnyerte serd\u00fcl\u0151 csapatunk a soproni rendez\u00e9s\u0171 U14-es nemzetk\u00f6zi torn\u00e1t. L\u00e1nyaink a d\u00f6nt\u0151ben azzal a spanyol csapattal tal\u00e1lkoztak, amelyt\u0151l a csoportmeccsek sor\u00e1n egy ponttal kikaptak. Ism\u00e9t szoros p\u00e1rharcot hozott a k\u00e9t g\u00e1rda p\u00e1rharca, ez\u00fattal azonban a Vasas Akad\u00e9mia diadalmaskodott \u00e9s szerzett arany\u00e9rmet.<\/strong><\/p>\n<p><em>&#8222;Nagy izgalommal \u00e9s elsz\u00e1ntan v\u00e1rtuk a torna d\u00f6nt\u0151j\u00e9t, hiszen kor\u00e1bban eml\u00e9kezetes m\u00e9rk\u0151z\u00e9sen vesz\u00edtett\u00fck el a csoportels\u0151s\u00e9get a spanyol csapat ellen. Remek v\u00e9dekez\u00e9ssel kezdt\u00fck a d\u00f6nt\u0151t, \u00e9s nagyon okosan t\u00e1madtunk a spanyolok eg\u00e9sz p\u00e1ly\u00e1s agressz\u00edv csapd\u00e1s let\u00e1mad\u00e1sa ellen. Hatalmas iramot dikt\u00e1lt ellenfel\u00fcnk, de mi sok cser\u00e9vel j\u00e1tszottunk, \u00e9s f\u00e9lid\u0151re siker\u00fclt 16 pontos el\u0151nyt kiharcolnunk. A m\u00e1sodik f\u00e9lid\u0151ben folytat\u00f3dott a hatalmas iram, borzaszt\u00f3an neh\u00e9z volt a kicsi spanyol l\u00e1nyok lend\u00fcletes egy-egy j\u00e1t\u00e9k\u00e1t meg\u00e1ll\u00edtani, \u00e9s a beseg\u00edt\u00e9seinkb\u0151l rendre megtal\u00e1lt\u00e1k az \u00fcres t\u00e1rsakat, akik egyre kevesebbet hib\u00e1ztak a h\u00e1rompontos vonalr\u00f3l. <img loading=\"lazy\" decoding=\"async\" class=\" wp-image-6806 aligncenter\" src=\"http:\/\/vasasbasket.hu\/wp-content\/uploads\/2020\/02\/IMG_0301-scaled-e1582227279177-1024x502.jpg\" alt=\"\" width=\"699\" height=\"343\" srcset=\"https:\/\/vasasbasket.hu\/wp-content\/uploads\/2020\/02\/IMG_0301-scaled-e1582227279177-1024x502.jpg 1024w, https:\/\/vasasbasket.hu\/wp-content\/uploads\/2020\/02\/IMG_0301-scaled-e1582227279177-570x279.jpg 570w, https:\/\/vasasbasket.hu\/wp-content\/uploads\/2020\/02\/IMG_0301-scaled-e1582227279177-440x216.jpg 440w, https:\/\/vasasbasket.hu\/wp-content\/uploads\/2020\/02\/IMG_0301-scaled-e1582227279177-300x147.jpg 300w, https:\/\/vasasbasket.hu\/wp-content\/uploads\/2020\/02\/IMG_0301-scaled-e1582227279177-768x377.jpg 768w, https:\/\/vasasbasket.hu\/wp-content\/uploads\/2020\/02\/IMG_0301-scaled-e1582227279177-1536x753.jpg 1536w, https:\/\/vasasbasket.hu\/wp-content\/uploads\/2020\/02\/IMG_0301-scaled-e1582227279177-2048x1004.jpg 2048w, https:\/\/vasasbasket.hu\/wp-content\/uploads\/2020\/02\/IMG_0301-scaled-e1582227279177-128x63.jpg 128w, https:\/\/vasasbasket.hu\/wp-content\/uploads\/2020\/02\/IMG_0301-scaled-e1582227279177-32x16.jpg 32w, https:\/\/vasasbasket.hu\/wp-content\/uploads\/2020\/02\/IMG_0301-scaled-e1582227279177-98x48.jpg 98w\" sizes=\"auto, (max-width: 699px) 100vw, 699px\" \/>\u00d3ri\u00e1si hajr\u00e1t nyitottak a spanyolok az utols\u00f3 negyedben, mi pedig saj\u00e1t magunknak tett\u00fck ism\u00e9t neh\u00e9zz\u00e9 a m\u00e9rk\u0151z\u00e9st, faultok n\u00e9lk\u00fcl akartunk v\u00e9dekezni \u00e9s ism\u00e9t kor\u00e1n elhitte a csapat, hogy megnyerte a meccset. Szerencs\u00e9re ez\u00fattal higgadtak tudtunk maradni a v\u00e9gj\u00e1t\u00e9kban, az utols\u00f3 pillanatig k\u00fczd\u00f6tt\u00fcnk, vet\u0151dt\u00fcnk minden szabad labd\u00e1\u00e9rt \u00e9s lepattan\u00f3\u00e9rt, valamint volt egy vez\u00e9re a csapatnak R\u00e1tkai Eszti szem\u00e9ly\u00e9ben, aki remek\u00fcl ir\u00e1ny\u00edtotta a csapatot \u00e9s 11 pontot v\u00e1llalt az utols\u00f3 negyedben. Gratul\u00e1lok a l\u00e1nyoknak, igazi csapatk\u00e9nt, harcolva egym\u00e1s\u00e9rt, \u00f3ri\u00e1si k\u00fczdelemben siker\u00fclt megnyerni a nemzetk\u00f6zi torn\u00e1t. Hihetetlen\u00fcl hasznos \u00e9s izgalmas m\u00e9rk\u0151z\u00e9seket j\u00e1tszottunk, rengeteg tapasztalatot szerezt\u00fcnk, m\u00e1r most sokat tanultunk a hib\u00e1inkb\u00f3l \u00e9s jav\u00edtottuk azokat meccsr\u0151l-meccsre&#8221;<\/em> &#8211; \u00e9rt\u00e9kelt a csapat edz\u0151je, E\u00f6rd\u00f6gh Edit.<\/p>\n<p><img loading=\"lazy\" decoding=\"async\" class=\" wp-image-6805 alignright\" src=\"http:\/\/vasasbasket.hu\/wp-content\/uploads\/2020\/02\/IMG_0314-576x1024.jpg\" alt=\"\" width=\"244\" height=\"434\" srcset=\"https:\/\/vasasbasket.hu\/wp-content\/uploads\/2020\/02\/IMG_0314-576x1024.jpg 576w, https:\/\/vasasbasket.hu\/wp-content\/uploads\/2020\/02\/IMG_0314-570x1014.jpg 570w, https:\/\/vasasbasket.hu\/wp-content\/uploads\/2020\/02\/IMG_0314-440x783.jpg 440w, https:\/\/vasasbasket.hu\/wp-content\/uploads\/2020\/02\/IMG_0314-169x300.jpg 169w, https:\/\/vasasbasket.hu\/wp-content\/uploads\/2020\/02\/IMG_0314-72x128.jpg 72w, https:\/\/vasasbasket.hu\/wp-content\/uploads\/2020\/02\/IMG_0314-18x32.jpg 18w, https:\/\/vasasbasket.hu\/wp-content\/uploads\/2020\/02\/IMG_0314-55x98.jpg 55w, https:\/\/vasasbasket.hu\/wp-content\/uploads\/2020\/02\/IMG_0314.jpg 750w\" sizes=\"auto, (max-width: 244px) 100vw, 244px\" \/>A d\u00f6nt\u0151 m\u00e9rk\u0151z\u00e9s \u00e9s a csapatunk legjobbja R\u00e1tkai Eszter lett, aki 20\/3 pontja mell\u00e9 27 IBM pontot gy\u0171jt\u00f6tt (15 lepattan\u00f3, 5 assziszt \u00e9s 3 blokk). Esztin k\u00edv\u00fcl h\u00e1rom j\u00e1t\u00e9kosunk ker\u00fclt m\u00e9g 10 IBM pont f\u00f6l\u00e9, K\u00e1lm\u00e1n Liza (13 IBM, 3 lepattan\u00f3 \u00e9s 5 assziszt labda) Masier Sophie (12 IBM, 7 lepattan\u00f3) \u00e9s Duka Lili (10 IBM, 8 lepattan\u00f3 \u00e9s 2 blokk).<\/p>\n<p>Snatt\u2019s Femen\u00ed Sant Adria <strong>&#8211; Vasas Akad\u00e9mia 52-56<\/strong> (5-14, 11-18, 11-11, 25-13)<br \/>\n<em>Pontszerz\u0151k:<\/em><br \/>\n<strong>Vasas Akad\u00e9mia:<\/strong> R\u00e1tkai Eszter 20\/3, L\u00e1ng-Miticzky Blanka 6, Igaz Eszter 2, Duka Lili 6, Masier Sophia 10, Csere: K\u00e1lm\u00e1n Liza 10, Herzog Bora 4, Hruby Laura, Moln\u00e1r Fruzsina, L\u00e1szl\u00f3 R\u00e9ka 2, Kem\u00e9ny Sz\u00f3fia, Benyovszky Petra<\/p>\n<p>K\u00f6sz\u00f6nj\u00fck a Soproni Darazsak Akad\u00e9mia megh\u00edv\u00e1s\u00e1t, nagyszer\u0171 \u00e9lm\u00e9nyekkel lett\u00fcnk gazdagabbak.<\/p>\n<p><strong>A torna v\u00e9geredm\u00e9nye:<\/strong><br \/>\n<strong>1. VASAS AKAD\u00c9MIA<\/strong><br \/>\n2. Snatt\u2019s Femen\u00ed Sant Adria<br \/>\n3. Soproni Darazsak Akad\u00e9mia<br \/>\n4. Basket Hema SKW<br \/>\n5. BS Riga<br \/>\n6. Umana Reyer Venezia<br \/>\n7. UNI Girona<br \/>\n8. ZKK Cinkarna Celje<br \/>\n<img loading=\"lazy\" decoding=\"async\" class=\" wp-image-6804 aligncenter\" src=\"http:\/\/vasasbasket.hu\/wp-content\/uploads\/2020\/02\/IMG_1253-e1582227228224-1024x627.jpg\" alt=\"\" width=\"700\" height=\"429\" srcset=\"https:\/\/vasasbasket.hu\/wp-content\/uploads\/2020\/02\/IMG_1253-e1582227228224-1024x627.jpg 1024w, https:\/\/vasasbasket.hu\/wp-content\/uploads\/2020\/02\/IMG_1253-e1582227228224-570x349.jpg 570w, https:\/\/vasasbasket.hu\/wp-content\/uploads\/2020\/02\/IMG_1253-e1582227228224-440x269.jpg 440w, https:\/\/vasasbasket.hu\/wp-content\/uploads\/2020\/02\/IMG_1253-e1582227228224-300x184.jpg 300w, https:\/\/vasasbasket.hu\/wp-content\/uploads\/2020\/02\/IMG_1253-e1582227228224-768x470.jpg 768w, https:\/\/vasasbasket.hu\/wp-content\/uploads\/2020\/02\/IMG_1253-e1582227228224-1536x940.jpg 1536w, https:\/\/vasasbasket.hu\/wp-content\/uploads\/2020\/02\/IMG_1253-e1582227228224-2048x1253.jpg 2048w, https:\/\/vasasbasket.hu\/wp-content\/uploads\/2020\/02\/IMG_1253-e1582227228224-128x78.jpg 128w, https:\/\/vasasbasket.hu\/wp-content\/uploads\/2020\/02\/IMG_1253-e1582227228224-32x20.jpg 32w, https:\/\/vasasbasket.hu\/wp-content\/uploads\/2020\/02\/IMG_1253-e1582227228224-98x60.jpg 98w\" sizes=\"auto, (max-width: 700px) 100vw, 700px\" \/><\/p>\n","protected":false},"excerpt":{"rendered":"<p>Megnyerte serd\u00fcl\u0151 csapatunk a soproni rendez\u00e9s\u0171 U14-es nemzetk\u00f6zi torn\u00e1t. L\u00e1nyaink a d\u00f6nt\u0151ben azzal a spanyol csapattal tal\u00e1lkoztak, amelyt\u0151l a csoportmeccsek sor\u00e1n egy ponttal kikaptak. Ism\u00e9t szoros p\u00e1rharcot hozott a k\u00e9t g\u00e1rda p\u00e1rharca, ez\u00fattal azonban a Vasas Akad\u00e9mia diadalmaskodott \u00e9s szerzett arany\u00e9rmet. &#8222;Nagy izgalommal \u00e9s elsz\u00e1ntan v\u00e1rtuk a torna d\u00f6nt\u0151j\u00e9t, hiszen kor\u00e1bban eml\u00e9kezetes m\u00e9rk\u0151z\u00e9sen vesz\u00edtett\u00fck el&#8230;<\/p>\n","protected":false},"author":1,"featured_media":6807,"comment_status":"closed","ping_status":"open","sticky":false,"template":"","format":"standard","meta":{"footnotes":""},"categories":[52,92],"tags":[],"class_list":["post-6803","post","type-post","status-publish","format-standard","has-post-thumbnail","hentry","category-serdulo","category-hirek"],"yoast_head":"<!-- This site is optimized with the Yoast SEO plugin v26.0 - https:\/\/yoast.com\/wordpress\/plugins\/seo\/ -->\n<title>Arany\u00e9rmesek a serd\u00fcl\u0151k - Vasas n\u0151i kos\u00e1rlabda<\/title>\n<meta name=\"robots\" content=\"index, follow, max-snippet:-1, max-image-preview:large, max-video-preview:-1\" \/>\n<link rel=\"canonical\" href=\"https:\/\/vasasbasket.hu\/index.php\/aranyermesek-a-serdulok\/\" \/>\n<meta property=\"og:locale\" content=\"hu_HU\" \/>\n<meta property=\"og:type\" content=\"article\" \/>\n<meta property=\"og:title\" content=\"Arany\u00e9rmesek a serd\u00fcl\u0151k - Vasas n\u0151i kos\u00e1rlabda\" \/>\n<meta property=\"og:description\" content=\"Megnyerte serd\u00fcl\u0151 csapatunk a soproni rendez\u00e9s\u0171 U14-es nemzetk\u00f6zi torn\u00e1t. L\u00e1nyaink a d\u00f6nt\u0151ben azzal a spanyol csapattal tal\u00e1lkoztak, amelyt\u0151l a csoportmeccsek sor\u00e1n egy ponttal kikaptak. Ism\u00e9t szoros p\u00e1rharcot hozott a k\u00e9t g\u00e1rda p\u00e1rharca, ez\u00fattal azonban a Vasas Akad\u00e9mia diadalmaskodott \u00e9s szerzett arany\u00e9rmet. &#8222;Nagy izgalommal \u00e9s elsz\u00e1ntan v\u00e1rtuk a torna d\u00f6nt\u0151j\u00e9t, hiszen kor\u00e1bban eml\u00e9kezetes m\u00e9rk\u0151z\u00e9sen vesz\u00edtett\u00fck el...\" \/>\n<meta property=\"og:url\" content=\"https:\/\/vasasbasket.hu\/index.php\/aranyermesek-a-serdulok\/\" \/>\n<meta property=\"og:site_name\" content=\"Vasas n\u0151i kos\u00e1rlabda\" \/>\n<meta property=\"article:publisher\" content=\"https:\/\/www.facebook.com\/vasaswbasket\/\" \/>\n<meta property=\"article:published_time\" content=\"2020-02-20T19:39:22+00:00\" \/>\n<meta property=\"og:image\" content=\"https:\/\/vasasbasket.hu\/wp-content\/uploads\/2020\/02\/IMG_1248.jpg\" \/>\n\t<meta property=\"og:image:width\" content=\"1800\" \/>\n\t<meta property=\"og:image:height\" content=\"1200\" \/>\n\t<meta property=\"og:image:type\" content=\"image\/jpeg\" \/>\n<meta name=\"author\" content=\"admin\" \/>\n<meta name=\"twitter:card\" content=\"summary_large_image\" \/>\n<meta name=\"twitter:label1\" content=\"Szerz\u0151:\" \/>\n\t<meta name=\"twitter:data1\" content=\"admin\" \/>\n\t<meta name=\"twitter:label2\" content=\"Becs\u00fclt olvas\u00e1si id\u0151\" \/>\n\t<meta name=\"twitter:data2\" content=\"3 perc\" \/>\n<script type=\"application\/ld+json\" class=\"yoast-schema-graph\">{\"@context\":\"https:\/\/schema.org\",\"@graph\":[{\"@type\":\"Article\",\"@id\":\"https:\/\/vasasbasket.hu\/index.php\/aranyermesek-a-serdulok\/#article\",\"isPartOf\":{\"@id\":\"https:\/\/vasasbasket.hu\/index.php\/aranyermesek-a-serdulok\/\"},\"author\":{\"name\":\"admin\",\"@id\":\"https:\/\/vasasbasket.hu\/#\/schema\/person\/f1085f4d2c6582d8d0f977e92de2edee\"},\"headline\":\"Arany\u00e9rmesek a serd\u00fcl\u0151k\",\"datePublished\":\"2020-02-20T19:39:22+00:00\",\"mainEntityOfPage\":{\"@id\":\"https:\/\/vasasbasket.hu\/index.php\/aranyermesek-a-serdulok\/\"},\"wordCount\":541,\"publisher\":{\"@id\":\"https:\/\/vasasbasket.hu\/#organization\"},\"image\":{\"@id\":\"https:\/\/vasasbasket.hu\/index.php\/aranyermesek-a-serdulok\/#primaryimage\"},\"thumbnailUrl\":\"https:\/\/vasasbasket.hu\/wp-content\/uploads\/2020\/02\/IMG_1248.jpg\",\"articleSection\":[\"Serd\u00fcl\u0151\",\"\u00d6sszes H\u00edr\"],\"inLanguage\":\"hu\"},{\"@type\":\"WebPage\",\"@id\":\"https:\/\/vasasbasket.hu\/index.php\/aranyermesek-a-serdulok\/\",\"url\":\"https:\/\/vasasbasket.hu\/index.php\/aranyermesek-a-serdulok\/\",\"name\":\"Arany\u00e9rmesek a serd\u00fcl\u0151k - Vasas n\u0151i kos\u00e1rlabda\",\"isPartOf\":{\"@id\":\"https:\/\/vasasbasket.hu\/#website\"},\"primaryImageOfPage\":{\"@id\":\"https:\/\/vasasbasket.hu\/index.php\/aranyermesek-a-serdulok\/#primaryimage\"},\"image\":{\"@id\":\"https:\/\/vasasbasket.hu\/index.php\/aranyermesek-a-serdulok\/#primaryimage\"},\"thumbnailUrl\":\"https:\/\/vasasbasket.hu\/wp-content\/uploads\/2020\/02\/IMG_1248.jpg\",\"datePublished\":\"2020-02-20T19:39:22+00:00\",\"breadcrumb\":{\"@id\":\"https:\/\/vasasbasket.hu\/index.php\/aranyermesek-a-serdulok\/#breadcrumb\"},\"inLanguage\":\"hu\",\"potentialAction\":[{\"@type\":\"ReadAction\",\"target\":[\"https:\/\/vasasbasket.hu\/index.php\/aranyermesek-a-serdulok\/\"]}]},{\"@type\":\"ImageObject\",\"inLanguage\":\"hu\",\"@id\":\"https:\/\/vasasbasket.hu\/index.php\/aranyermesek-a-serdulok\/#primaryimage\",\"url\":\"https:\/\/vasasbasket.hu\/wp-content\/uploads\/2020\/02\/IMG_1248.jpg\",\"contentUrl\":\"https:\/\/vasasbasket.hu\/wp-content\/uploads\/2020\/02\/IMG_1248.jpg\",\"width\":1800,\"height\":1200},{\"@type\":\"BreadcrumbList\",\"@id\":\"https:\/\/vasasbasket.hu\/index.php\/aranyermesek-a-serdulok\/#breadcrumb\",\"itemListElement\":[{\"@type\":\"ListItem\",\"position\":1,\"name\":\"Kezd\u0151lap\",\"item\":\"https:\/\/vasasbasket.hu\/\"},{\"@type\":\"ListItem\",\"position\":2,\"name\":\"Arany\u00e9rmesek a serd\u00fcl\u0151k\"}]},{\"@type\":\"WebSite\",\"@id\":\"https:\/\/vasasbasket.hu\/#website\",\"url\":\"https:\/\/vasasbasket.hu\/\",\"name\":\"Vasas n\u0151i kos\u00e1rlabda\",\"description\":\"Vasas Basket N\u0151i\",\"publisher\":{\"@id\":\"https:\/\/vasasbasket.hu\/#organization\"},\"potentialAction\":[{\"@type\":\"SearchAction\",\"target\":{\"@type\":\"EntryPoint\",\"urlTemplate\":\"https:\/\/vasasbasket.hu\/?s={search_term_string}\"},\"query-input\":{\"@type\":\"PropertyValueSpecification\",\"valueRequired\":true,\"valueName\":\"search_term_string\"}}],\"inLanguage\":\"hu\"},{\"@type\":\"Organization\",\"@id\":\"https:\/\/vasasbasket.hu\/#organization\",\"name\":\"Vasas n\u0151i kos\u00e1rlabda\",\"url\":\"https:\/\/vasasbasket.hu\/\",\"logo\":{\"@type\":\"ImageObject\",\"inLanguage\":\"hu\",\"@id\":\"https:\/\/vasasbasket.hu\/#\/schema\/logo\/image\/\",\"url\":\"https:\/\/vasasbasket.hu\/wp-content\/uploads\/2017\/03\/vasas_cimer_1200.jpg\",\"contentUrl\":\"https:\/\/vasasbasket.hu\/wp-content\/uploads\/2017\/03\/vasas_cimer_1200.jpg\",\"width\":1200,\"height\":1200,\"caption\":\"Vasas n\u0151i kos\u00e1rlabda\"},\"image\":{\"@id\":\"https:\/\/vasasbasket.hu\/#\/schema\/logo\/image\/\"},\"sameAs\":[\"https:\/\/www.facebook.com\/vasaswbasket\/\"]},{\"@type\":\"Person\",\"@id\":\"https:\/\/vasasbasket.hu\/#\/schema\/person\/f1085f4d2c6582d8d0f977e92de2edee\",\"name\":\"admin\",\"image\":{\"@type\":\"ImageObject\",\"inLanguage\":\"hu\",\"@id\":\"https:\/\/vasasbasket.hu\/#\/schema\/person\/image\/\",\"url\":\"https:\/\/secure.gravatar.com\/avatar\/645c92f7d9cfe02bd93ce2d1cfa11cd3a268bdfe65486552ff04b193cea07634?s=96&d=mm&r=g\",\"contentUrl\":\"https:\/\/secure.gravatar.com\/avatar\/645c92f7d9cfe02bd93ce2d1cfa11cd3a268bdfe65486552ff04b193cea07634?s=96&d=mm&r=g\",\"caption\":\"admin\"},\"url\":\"https:\/\/vasasbasket.hu\/index.php\/author\/admin\/\"}]}<\/script>\n<!-- \/ Yoast SEO plugin. -->","yoast_head_json":{"title":"Arany\u00e9rmesek a serd\u00fcl\u0151k - Vasas n\u0151i kos\u00e1rlabda","robots":{"index":"index","follow":"follow","max-snippet":"max-snippet:-1","max-image-preview":"max-image-preview:large","max-video-preview":"max-video-preview:-1"},"canonical":"https:\/\/vasasbasket.hu\/index.php\/aranyermesek-a-serdulok\/","og_locale":"hu_HU","og_type":"article","og_title":"Arany\u00e9rmesek a serd\u00fcl\u0151k - Vasas n\u0151i kos\u00e1rlabda","og_description":"Megnyerte serd\u00fcl\u0151 csapatunk a soproni rendez\u00e9s\u0171 U14-es nemzetk\u00f6zi torn\u00e1t. L\u00e1nyaink a d\u00f6nt\u0151ben azzal a spanyol csapattal tal\u00e1lkoztak, amelyt\u0151l a csoportmeccsek sor\u00e1n egy ponttal kikaptak. Ism\u00e9t szoros p\u00e1rharcot hozott a k\u00e9t g\u00e1rda p\u00e1rharca, ez\u00fattal azonban a Vasas Akad\u00e9mia diadalmaskodott \u00e9s szerzett arany\u00e9rmet. &#8222;Nagy izgalommal \u00e9s elsz\u00e1ntan v\u00e1rtuk a torna d\u00f6nt\u0151j\u00e9t, hiszen kor\u00e1bban eml\u00e9kezetes m\u00e9rk\u0151z\u00e9sen vesz\u00edtett\u00fck el...","og_url":"https:\/\/vasasbasket.hu\/index.php\/aranyermesek-a-serdulok\/","og_site_name":"Vasas n\u0151i kos\u00e1rlabda","article_publisher":"https:\/\/www.facebook.com\/vasaswbasket\/","article_published_time":"2020-02-20T19:39:22+00:00","og_image":[{"width":1800,"height":1200,"url":"https:\/\/vasasbasket.hu\/wp-content\/uploads\/2020\/02\/IMG_1248.jpg","type":"image\/jpeg"}],"author":"admin","twitter_card":"summary_large_image","twitter_misc":{"Szerz\u0151:":"admin","Becs\u00fclt olvas\u00e1si id\u0151":"3 perc"},"schema":{"@context":"https:\/\/schema.org","@graph":[{"@type":"Article","@id":"https:\/\/vasasbasket.hu\/index.php\/aranyermesek-a-serdulok\/#article","isPartOf":{"@id":"https:\/\/vasasbasket.hu\/index.php\/aranyermesek-a-serdulok\/"},"author":{"name":"admin","@id":"https:\/\/vasasbasket.hu\/#\/schema\/person\/f1085f4d2c6582d8d0f977e92de2edee"},"headline":"Arany\u00e9rmesek a serd\u00fcl\u0151k","datePublished":"2020-02-20T19:39:22+00:00","mainEntityOfPage":{"@id":"https:\/\/vasasbasket.hu\/index.php\/aranyermesek-a-serdulok\/"},"wordCount":541,"publisher":{"@id":"https:\/\/vasasbasket.hu\/#organization"},"image":{"@id":"https:\/\/vasasbasket.hu\/index.php\/aranyermesek-a-serdulok\/#primaryimage"},"thumbnailUrl":"https:\/\/vasasbasket.hu\/wp-content\/uploads\/2020\/02\/IMG_1248.jpg","articleSection":["Serd\u00fcl\u0151","\u00d6sszes H\u00edr"],"inLanguage":"hu"},{"@type":"WebPage","@id":"https:\/\/vasasbasket.hu\/index.php\/aranyermesek-a-serdulok\/","url":"https:\/\/vasasbasket.hu\/index.php\/aranyermesek-a-serdulok\/","name":"Arany\u00e9rmesek a serd\u00fcl\u0151k - Vasas n\u0151i kos\u00e1rlabda","isPartOf":{"@id":"https:\/\/vasasbasket.hu\/#website"},"primaryImageOfPage":{"@id":"https:\/\/vasasbasket.hu\/index.php\/aranyermesek-a-serdulok\/#primaryimage"},"image":{"@id":"https:\/\/vasasbasket.hu\/index.php\/aranyermesek-a-serdulok\/#primaryimage"},"thumbnailUrl":"https:\/\/vasasbasket.hu\/wp-content\/uploads\/2020\/02\/IMG_1248.jpg","datePublished":"2020-02-20T19:39:22+00:00","breadcrumb":{"@id":"https:\/\/vasasbasket.hu\/index.php\/aranyermesek-a-serdulok\/#breadcrumb"},"inLanguage":"hu","potentialAction":[{"@type":"ReadAction","target":["https:\/\/vasasbasket.hu\/index.php\/aranyermesek-a-serdulok\/"]}]},{"@type":"ImageObject","inLanguage":"hu","@id":"https:\/\/vasasbasket.hu\/index.php\/aranyermesek-a-serdulok\/#primaryimage","url":"https:\/\/vasasbasket.hu\/wp-content\/uploads\/2020\/02\/IMG_1248.jpg","contentUrl":"https:\/\/vasasbasket.hu\/wp-content\/uploads\/2020\/02\/IMG_1248.jpg","width":1800,"height":1200},{"@type":"BreadcrumbList","@id":"https:\/\/vasasbasket.hu\/index.php\/aranyermesek-a-serdulok\/#breadcrumb","itemListElement":[{"@type":"ListItem","position":1,"name":"Kezd\u0151lap","item":"https:\/\/vasasbasket.hu\/"},{"@type":"ListItem","position":2,"name":"Arany\u00e9rmesek a serd\u00fcl\u0151k"}]},{"@type":"WebSite","@id":"https:\/\/vasasbasket.hu\/#website","url":"https:\/\/vasasbasket.hu\/","name":"Vasas n\u0151i kos\u00e1rlabda","description":"Vasas Basket N\u0151i","publisher":{"@id":"https:\/\/vasasbasket.hu\/#organization"},"potentialAction":[{"@type":"SearchAction","target":{"@type":"EntryPoint","urlTemplate":"https:\/\/vasasbasket.hu\/?s={search_term_string}"},"query-input":{"@type":"PropertyValueSpecification","valueRequired":true,"valueName":"search_term_string"}}],"inLanguage":"hu"},{"@type":"Organization","@id":"https:\/\/vasasbasket.hu\/#organization","name":"Vasas n\u0151i kos\u00e1rlabda","url":"https:\/\/vasasbasket.hu\/","logo":{"@type":"ImageObject","inLanguage":"hu","@id":"https:\/\/vasasbasket.hu\/#\/schema\/logo\/image\/","url":"https:\/\/vasasbasket.hu\/wp-content\/uploads\/2017\/03\/vasas_cimer_1200.jpg","contentUrl":"https:\/\/vasasbasket.hu\/wp-content\/uploads\/2017\/03\/vasas_cimer_1200.jpg","width":1200,"height":1200,"caption":"Vasas n\u0151i kos\u00e1rlabda"},"image":{"@id":"https:\/\/vasasbasket.hu\/#\/schema\/logo\/image\/"},"sameAs":["https:\/\/www.facebook.com\/vasaswbasket\/"]},{"@type":"Person","@id":"https:\/\/vasasbasket.hu\/#\/schema\/person\/f1085f4d2c6582d8d0f977e92de2edee","name":"admin","image":{"@type":"ImageObject","inLanguage":"hu","@id":"https:\/\/vasasbasket.hu\/#\/schema\/person\/image\/","url":"https:\/\/secure.gravatar.com\/avatar\/645c92f7d9cfe02bd93ce2d1cfa11cd3a268bdfe65486552ff04b193cea07634?s=96&d=mm&r=g","contentUrl":"https:\/\/secure.gravatar.com\/avatar\/645c92f7d9cfe02bd93ce2d1cfa11cd3a268bdfe65486552ff04b193cea07634?s=96&d=mm&r=g","caption":"admin"},"url":"https:\/\/vasasbasket.hu\/index.php\/author\/admin\/"}]}},"_links":{"self":[{"href":"https:\/\/vasasbasket.hu\/index.php\/wp-json\/wp\/v2\/posts\/6803","targetHints":{"allow":["GET"]}}],"collection":[{"href":"https:\/\/vasasbasket.hu\/index.php\/wp-json\/wp\/v2\/posts"}],"about":[{"href":"https:\/\/vasasbasket.hu\/index.php\/wp-json\/wp\/v2\/types\/post"}],"author":[{"embeddable":true,"href":"https:\/\/vasasbasket.hu\/index.php\/wp-json\/wp\/v2\/users\/1"}],"replies":[{"embeddable":true,"href":"https:\/\/vasasbasket.hu\/index.php\/wp-json\/wp\/v2\/comments?post=6803"}],"version-history":[{"count":1,"href":"https:\/\/vasasbasket.hu\/index.php\/wp-json\/wp\/v2\/posts\/6803\/revisions"}],"predecessor-version":[{"id":6808,"href":"https:\/\/vasasbasket.hu\/index.php\/wp-json\/wp\/v2\/posts\/6803\/revisions\/6808"}],"wp:featuredmedia":[{"embeddable":true,"href":"https:\/\/vasasbasket.hu\/index.php\/wp-json\/wp\/v2\/media\/6807"}],"wp:attachment":[{"href":"https:\/\/vasasbasket.hu\/index.php\/wp-json\/wp\/v2\/media?parent=6803"}],"wp:term":[{"taxonomy":"category","embeddable":true,"href":"https:\/\/vasasbasket.hu\/index.php\/wp-json\/wp\/v2\/categories?post=6803"},{"taxonomy":"post_tag","embeddable":true,"href":"https:\/\/vasasbasket.hu\/index.php\/wp-json\/wp\/v2\/tags?post=6803"}],"curies":[{"name":"wp","href":"https:\/\/api.w.org\/{rel}","templated":true}]}}