{"id":6769,"date":"2020-02-17T21:14:45","date_gmt":"2020-02-17T21:14:45","guid":{"rendered":"http:\/\/vasasbasket.hu\/?p=6769"},"modified":"2020-02-17T21:24:37","modified_gmt":"2020-02-17T21:24:37","slug":"egyetlen","status":"publish","type":"post","link":"https:\/\/vasasbasket.hu\/index.php\/egyetlen\/","title":{"rendered":"El\u0151d\u00f6nt\u0151s serd\u00fcl\u0151 csapatunk"},"content":{"rendered":"<p><strong>Az U14 nemzetk\u00f6zi torna harmadik napja a csoporton bel\u00fcli helyez\u00e9sekr\u0151l d\u00f6nt\u00f6tt. A spanyol Sant Adria csapat\u00e1val j\u00e1tszottunk egy \u00f3ri\u00e1si iram\u00fa, izgalmas \u00e9s tanuls\u00e1gos m\u00e9rk\u0151z\u00e9st. Egy hajsz\u00e1l v\u00e1lasztotta el l\u00e1nyainkat a csoportels\u0151s\u00e9gt\u0151l,\u00a0 \u00edgy a Vasas Akad\u00e9mia az el\u0151d\u00f6nt\u0151t a h\u00e1zigazda Soproni Darazsak Akad\u00e9mia ellen fogja v\u00edvni.<\/strong><\/p>\n<p><em><img loading=\"lazy\" decoding=\"async\" class=\" wp-image-6770 alignright\" src=\"http:\/\/vasasbasket.hu\/wp-content\/uploads\/2020\/02\/IMG_0253-768x1024.jpg\" alt=\"\" width=\"301\" height=\"402\" srcset=\"https:\/\/vasasbasket.hu\/wp-content\/uploads\/2020\/02\/IMG_0253-768x1024.jpg 768w, https:\/\/vasasbasket.hu\/wp-content\/uploads\/2020\/02\/IMG_0253-scaled-570x760.jpg 570w, https:\/\/vasasbasket.hu\/wp-content\/uploads\/2020\/02\/IMG_0253-scaled-440x587.jpg 440w, https:\/\/vasasbasket.hu\/wp-content\/uploads\/2020\/02\/IMG_0253-225x300.jpg 225w, https:\/\/vasasbasket.hu\/wp-content\/uploads\/2020\/02\/IMG_0253-1152x1536.jpg 1152w, https:\/\/vasasbasket.hu\/wp-content\/uploads\/2020\/02\/IMG_0253-1536x2048.jpg 1536w, https:\/\/vasasbasket.hu\/wp-content\/uploads\/2020\/02\/IMG_0253-96x128.jpg 96w, https:\/\/vasasbasket.hu\/wp-content\/uploads\/2020\/02\/IMG_0253-24x32.jpg 24w, https:\/\/vasasbasket.hu\/wp-content\/uploads\/2020\/02\/IMG_0253-74x98.jpg 74w, https:\/\/vasasbasket.hu\/wp-content\/uploads\/2020\/02\/IMG_0253-scaled.jpg 1920w\" sizes=\"auto, (max-width: 301px) 100vw, 301px\" \/>&#8222;Az olasz csapat kevesebb elz\u00e1r\u00e1ssal, viszont ann\u00e1l t\u00f6bb egy-egy oszt\u00e1ssal \u00e9s passzbefut\u00e1ssal dolgozott. Sz\u00e9pen v\u00e9dt\u00e9k ezeket a l\u00e1nyok, \u00e9s ellenfel\u00fcnk csapd\u00e1s let\u00e1mad\u00e1s\u00e1t is gyorsan \u00e1tj\u00e1tszott\u00e1k, amib\u0151l k\u00f6nny\u0171 kosarakat szerezt\u00fcnk. \u00d6r\u00fcl\u00f6k, hogy mindenki sokat tudott j\u00e1tszani \u00e9s a saj\u00e1t b\u0151r\u00e9n \u00e9rezhette a folyamatos nyom\u00e1st, tol\u00e1st, harcos \u00e9s kem\u00e9ny v\u00e9dekez\u00e9st. Csapatunk legjobbja L\u00e1ng-Miticzky Blanka lett. A remek csapatmunka mellett szeretn\u00e9m kiemelni Masier Sophie centerj\u00e1t\u00e9k\u00e1t (8 pont, 8 lepattan\u00f3, 4 szerzett labda, 14 IBM pont) valamint Duka Lili harcos v\u00e9dekez\u00e9s\u00e9t (9 pont, 4 szerzett labda, 11 IBM pont)&#8221;<\/em> &#8211; mondta a csapat edz\u0151je, E\u00f6rd\u00f6gh Edit.<\/p>\n<p>REYER Venezia<strong> &#8211; Vasas Akad\u00e9mia 46-73<\/strong> ( 11-20, 8-23, 9-16, 18-14)<br \/>\n<em>Pontszerz\u0151k:<\/em><br \/>\n<strong>Vasas Akad\u00e9mia:<\/strong> L\u00e1ng-Miticzky Blanka 16\/3, R\u00e1tkai Eszter 8, Duka Lili 9, K\u00e1lm\u00e1n Liza 2, Masier Sophia 8 Csere: Igaz Eszter 7, Hruby Laura 2, Kem\u00e9ny Sz\u00f3fia 6, Moln\u00e1r Fruzsina 2, Benyovszki Petra 8, Szab\u00f3 Fl\u00f3ra 5, Herzog Bora<\/p>\n<p><em><img loading=\"lazy\" decoding=\"async\" class=\"wp-image-6772 alignleft\" src=\"http:\/\/vasasbasket.hu\/wp-content\/uploads\/2020\/02\/IMG_0267-1024x768.jpg\" alt=\"\" width=\"350\" height=\"263\" srcset=\"https:\/\/vasasbasket.hu\/wp-content\/uploads\/2020\/02\/IMG_0267-1024x768.jpg 1024w, https:\/\/vasasbasket.hu\/wp-content\/uploads\/2020\/02\/IMG_0267-scaled-570x428.jpg 570w, https:\/\/vasasbasket.hu\/wp-content\/uploads\/2020\/02\/IMG_0267-scaled-440x330.jpg 440w, https:\/\/vasasbasket.hu\/wp-content\/uploads\/2020\/02\/IMG_0267-300x225.jpg 300w, https:\/\/vasasbasket.hu\/wp-content\/uploads\/2020\/02\/IMG_0267-768x576.jpg 768w, https:\/\/vasasbasket.hu\/wp-content\/uploads\/2020\/02\/IMG_0267-1536x1152.jpg 1536w, https:\/\/vasasbasket.hu\/wp-content\/uploads\/2020\/02\/IMG_0267-2048x1536.jpg 2048w, https:\/\/vasasbasket.hu\/wp-content\/uploads\/2020\/02\/IMG_0267-128x96.jpg 128w, https:\/\/vasasbasket.hu\/wp-content\/uploads\/2020\/02\/IMG_0267-32x24.jpg 32w, https:\/\/vasasbasket.hu\/wp-content\/uploads\/2020\/02\/IMG_0267-98x74.jpg 98w\" sizes=\"auto, (max-width: 350px) 100vw, 350px\" \/>&#8222;A csoport z\u00e1r\u00f3meccs\u00e9t a Snatt\u2019s Femen\u00ed Sant Adria ellen j\u00e1tszottuk, ezen a tal\u00e1lkoz\u00f3n a t\u00e9t a csoportels\u0151s\u00e9g volt. Egy ponttal kikapni mindig f\u00e1j\u00f3 f\u0151leg \u00fagy, hogy a 35. percben minden er\u0151nket mozg\u00f3s\u00edtva 14 ponttal vezett\u00fcnk. Meg kell tanulnunk higgadtabban \u00e9s okosabban lej\u00e1tszanunk az utols\u00f3 p\u00e1r perceket f\u0151leg, ha egy mindenre elsz\u00e1nt, a v\u00e9gletekig k\u00fczd\u0151 spanyol csapat az ellenf\u00e9l. Tanulni \u00e9s fejl\u0151dni j\u00f6tt\u00fcnk a torn\u00e1ra, minden meccs negyven percig tart, addig koncentr\u00e1lni \u00e9s harcolni kell mindenkinek. Tudjuk mit \u00e9s miben hib\u00e1ztunk, szeretn\u00e9nk ezeket m\u00e1r kedden kijav\u00edtani az el\u0151d\u00f6nt\u0151ben a hazai csapat ellen. Dics\u00e9ret illeti a csapatot, hiszen sz\u00edv\u00e9t lelk\u00e9t kitette a p\u00e1ly\u00e1ra, j\u00f3l is j\u00e1tszott, k\u00e1r az utols\u00f3 k\u00e9t-h\u00e1rom perces figyelmetlens\u00e9gek\u00e9rt \u00e9s kapkod\u00e1s\u00e9rt. Szeretn\u00e9m kiemelni Masier Sophie dupla-dupla teljes\u00edtm\u00e9ny\u00e9t (14 pont, 13 lepattan\u00f3, 22IBM pont) L\u00e1ng-Miticzky Blanka (15 pont, 4 szerzett labda, 4 g\u00f3lpassz) \u00e9s R\u00e1tkai Eszter (15 pont, 9 lepattan\u00f3, 7 kiharcolt fault, 7 g\u00f3lpassz, 11 IBM pont) mez\u0151nymunk\u00e1j\u00e1t&#8221;<\/em> &#8211; \u00f6sszegezte E\u00f6rd\u00f6gh Edit.<\/p>\n<p><strong>Vasas Akad\u00e9mia \u2013<\/strong> Snatt\u2019s Femen\u00ed Sant Adria <strong>66-67<\/strong> (16-14, 17-13, 18-14, 15-26)<br \/>\n<em>Pontszerz\u0151k:<\/em><br \/>\n<strong>Vasas Akad\u00e9mia:<\/strong> L\u00e1ng-Miticzky Blanka 11\/3, R\u00e1tkai Eszter 15, Duka Lili 5, K\u00e1lm\u00e1n Liza 4, Masier Sophia 14, Igaz Eszter 3, Hruby Laura 5\/3, Kem\u00e9ny Sz\u00f3fia 5, Moln\u00e1r Fruzsina 4, Benyovszki Petra, Szab\u00f3 Fl\u00f3ra, L\u00e1szl\u00f3 R.<\/p>\n","protected":false},"excerpt":{"rendered":"<p>Az U14 nemzetk\u00f6zi torna harmadik napja a csoporton bel\u00fcli helyez\u00e9sekr\u0151l d\u00f6nt\u00f6tt. A spanyol Sant Adria csapat\u00e1val j\u00e1tszottunk egy \u00f3ri\u00e1si iram\u00fa, izgalmas \u00e9s tanuls\u00e1gos m\u00e9rk\u0151z\u00e9st. Egy hajsz\u00e1l v\u00e1lasztotta el l\u00e1nyainkat a csoportels\u0151s\u00e9gt\u0151l,\u00a0 \u00edgy a Vasas Akad\u00e9mia az el\u0151d\u00f6nt\u0151t a h\u00e1zigazda Soproni Darazsak Akad\u00e9mia ellen fogja v\u00edvni. &#8222;Az olasz csapat kevesebb elz\u00e1r\u00e1ssal, viszont ann\u00e1l t\u00f6bb egy-egy oszt\u00e1ssal&#8230;<\/p>\n","protected":false},"author":1,"featured_media":6771,"comment_status":"closed","ping_status":"open","sticky":false,"template":"","format":"standard","meta":{"footnotes":""},"categories":[52,92],"tags":[],"class_list":["post-6769","post","type-post","status-publish","format-standard","has-post-thumbnail","hentry","category-serdulo","category-hirek"],"yoast_head":"<!-- This site is optimized with the Yoast SEO plugin v26.0 - https:\/\/yoast.com\/wordpress\/plugins\/seo\/ -->\n<title>El\u0151d\u00f6nt\u0151s serd\u00fcl\u0151 csapatunk - Vasas n\u0151i kos\u00e1rlabda<\/title>\n<meta name=\"robots\" content=\"index, follow, max-snippet:-1, max-image-preview:large, max-video-preview:-1\" \/>\n<link rel=\"canonical\" href=\"https:\/\/vasasbasket.hu\/index.php\/egyetlen\/\" \/>\n<meta property=\"og:locale\" content=\"hu_HU\" \/>\n<meta property=\"og:type\" content=\"article\" \/>\n<meta property=\"og:title\" content=\"El\u0151d\u00f6nt\u0151s serd\u00fcl\u0151 csapatunk - Vasas n\u0151i kos\u00e1rlabda\" \/>\n<meta property=\"og:description\" content=\"Az U14 nemzetk\u00f6zi torna harmadik napja a csoporton bel\u00fcli helyez\u00e9sekr\u0151l d\u00f6nt\u00f6tt. A spanyol Sant Adria csapat\u00e1val j\u00e1tszottunk egy \u00f3ri\u00e1si iram\u00fa, izgalmas \u00e9s tanuls\u00e1gos m\u00e9rk\u0151z\u00e9st. Egy hajsz\u00e1l v\u00e1lasztotta el l\u00e1nyainkat a csoportels\u0151s\u00e9gt\u0151l,\u00a0 \u00edgy a Vasas Akad\u00e9mia az el\u0151d\u00f6nt\u0151t a h\u00e1zigazda Soproni Darazsak Akad\u00e9mia ellen fogja v\u00edvni. &#8222;Az olasz csapat kevesebb elz\u00e1r\u00e1ssal, viszont ann\u00e1l t\u00f6bb egy-egy oszt\u00e1ssal...\" \/>\n<meta property=\"og:url\" content=\"https:\/\/vasasbasket.hu\/index.php\/egyetlen\/\" \/>\n<meta property=\"og:site_name\" content=\"Vasas n\u0151i kos\u00e1rlabda\" \/>\n<meta property=\"article:publisher\" content=\"https:\/\/www.facebook.com\/vasaswbasket\/\" \/>\n<meta property=\"article:published_time\" content=\"2020-02-17T21:14:45+00:00\" \/>\n<meta property=\"article:modified_time\" content=\"2020-02-17T21:24:37+00:00\" \/>\n<meta property=\"og:image\" content=\"https:\/\/vasasbasket.hu\/wp-content\/uploads\/2020\/02\/IMG_0264-e1581974004668.jpg\" \/>\n\t<meta property=\"og:image:width\" content=\"930\" \/>\n\t<meta property=\"og:image:height\" content=\"740\" \/>\n\t<meta property=\"og:image:type\" content=\"image\/jpeg\" \/>\n<meta name=\"author\" content=\"admin\" \/>\n<meta name=\"twitter:card\" content=\"summary_large_image\" \/>\n<meta name=\"twitter:label1\" content=\"Szerz\u0151:\" \/>\n\t<meta name=\"twitter:data1\" content=\"admin\" \/>\n\t<meta name=\"twitter:label2\" content=\"Becs\u00fclt olvas\u00e1si id\u0151\" \/>\n\t<meta name=\"twitter:data2\" content=\"3 perc\" \/>\n<script type=\"application\/ld+json\" class=\"yoast-schema-graph\">{\"@context\":\"https:\/\/schema.org\",\"@graph\":[{\"@type\":\"Article\",\"@id\":\"https:\/\/vasasbasket.hu\/index.php\/egyetlen\/#article\",\"isPartOf\":{\"@id\":\"https:\/\/vasasbasket.hu\/index.php\/egyetlen\/\"},\"author\":{\"name\":\"admin\",\"@id\":\"https:\/\/vasasbasket.hu\/#\/schema\/person\/f1085f4d2c6582d8d0f977e92de2edee\"},\"headline\":\"El\u0151d\u00f6nt\u0151s serd\u00fcl\u0151 csapatunk\",\"datePublished\":\"2020-02-17T21:14:45+00:00\",\"dateModified\":\"2020-02-17T21:24:37+00:00\",\"mainEntityOfPage\":{\"@id\":\"https:\/\/vasasbasket.hu\/index.php\/egyetlen\/\"},\"wordCount\":509,\"publisher\":{\"@id\":\"https:\/\/vasasbasket.hu\/#organization\"},\"image\":{\"@id\":\"https:\/\/vasasbasket.hu\/index.php\/egyetlen\/#primaryimage\"},\"thumbnailUrl\":\"https:\/\/vasasbasket.hu\/wp-content\/uploads\/2020\/02\/IMG_0264-e1581974004668.jpg\",\"articleSection\":[\"Serd\u00fcl\u0151\",\"\u00d6sszes H\u00edr\"],\"inLanguage\":\"hu\"},{\"@type\":\"WebPage\",\"@id\":\"https:\/\/vasasbasket.hu\/index.php\/egyetlen\/\",\"url\":\"https:\/\/vasasbasket.hu\/index.php\/egyetlen\/\",\"name\":\"El\u0151d\u00f6nt\u0151s serd\u00fcl\u0151 csapatunk - Vasas n\u0151i kos\u00e1rlabda\",\"isPartOf\":{\"@id\":\"https:\/\/vasasbasket.hu\/#website\"},\"primaryImageOfPage\":{\"@id\":\"https:\/\/vasasbasket.hu\/index.php\/egyetlen\/#primaryimage\"},\"image\":{\"@id\":\"https:\/\/vasasbasket.hu\/index.php\/egyetlen\/#primaryimage\"},\"thumbnailUrl\":\"https:\/\/vasasbasket.hu\/wp-content\/uploads\/2020\/02\/IMG_0264-e1581974004668.jpg\",\"datePublished\":\"2020-02-17T21:14:45+00:00\",\"dateModified\":\"2020-02-17T21:24:37+00:00\",\"breadcrumb\":{\"@id\":\"https:\/\/vasasbasket.hu\/index.php\/egyetlen\/#breadcrumb\"},\"inLanguage\":\"hu\",\"potentialAction\":[{\"@type\":\"ReadAction\",\"target\":[\"https:\/\/vasasbasket.hu\/index.php\/egyetlen\/\"]}]},{\"@type\":\"ImageObject\",\"inLanguage\":\"hu\",\"@id\":\"https:\/\/vasasbasket.hu\/index.php\/egyetlen\/#primaryimage\",\"url\":\"https:\/\/vasasbasket.hu\/wp-content\/uploads\/2020\/02\/IMG_0264-e1581974004668.jpg\",\"contentUrl\":\"https:\/\/vasasbasket.hu\/wp-content\/uploads\/2020\/02\/IMG_0264-e1581974004668.jpg\",\"width\":930,\"height\":740},{\"@type\":\"BreadcrumbList\",\"@id\":\"https:\/\/vasasbasket.hu\/index.php\/egyetlen\/#breadcrumb\",\"itemListElement\":[{\"@type\":\"ListItem\",\"position\":1,\"name\":\"Kezd\u0151lap\",\"item\":\"https:\/\/vasasbasket.hu\/\"},{\"@type\":\"ListItem\",\"position\":2,\"name\":\"El\u0151d\u00f6nt\u0151s serd\u00fcl\u0151 csapatunk\"}]},{\"@type\":\"WebSite\",\"@id\":\"https:\/\/vasasbasket.hu\/#website\",\"url\":\"https:\/\/vasasbasket.hu\/\",\"name\":\"Vasas n\u0151i kos\u00e1rlabda\",\"description\":\"Vasas Basket N\u0151i\",\"publisher\":{\"@id\":\"https:\/\/vasasbasket.hu\/#organization\"},\"potentialAction\":[{\"@type\":\"SearchAction\",\"target\":{\"@type\":\"EntryPoint\",\"urlTemplate\":\"https:\/\/vasasbasket.hu\/?s={search_term_string}\"},\"query-input\":{\"@type\":\"PropertyValueSpecification\",\"valueRequired\":true,\"valueName\":\"search_term_string\"}}],\"inLanguage\":\"hu\"},{\"@type\":\"Organization\",\"@id\":\"https:\/\/vasasbasket.hu\/#organization\",\"name\":\"Vasas n\u0151i kos\u00e1rlabda\",\"url\":\"https:\/\/vasasbasket.hu\/\",\"logo\":{\"@type\":\"ImageObject\",\"inLanguage\":\"hu\",\"@id\":\"https:\/\/vasasbasket.hu\/#\/schema\/logo\/image\/\",\"url\":\"https:\/\/vasasbasket.hu\/wp-content\/uploads\/2017\/03\/vasas_cimer_1200.jpg\",\"contentUrl\":\"https:\/\/vasasbasket.hu\/wp-content\/uploads\/2017\/03\/vasas_cimer_1200.jpg\",\"width\":1200,\"height\":1200,\"caption\":\"Vasas n\u0151i kos\u00e1rlabda\"},\"image\":{\"@id\":\"https:\/\/vasasbasket.hu\/#\/schema\/logo\/image\/\"},\"sameAs\":[\"https:\/\/www.facebook.com\/vasaswbasket\/\"]},{\"@type\":\"Person\",\"@id\":\"https:\/\/vasasbasket.hu\/#\/schema\/person\/f1085f4d2c6582d8d0f977e92de2edee\",\"name\":\"admin\",\"image\":{\"@type\":\"ImageObject\",\"inLanguage\":\"hu\",\"@id\":\"https:\/\/vasasbasket.hu\/#\/schema\/person\/image\/\",\"url\":\"https:\/\/secure.gravatar.com\/avatar\/645c92f7d9cfe02bd93ce2d1cfa11cd3a268bdfe65486552ff04b193cea07634?s=96&d=mm&r=g\",\"contentUrl\":\"https:\/\/secure.gravatar.com\/avatar\/645c92f7d9cfe02bd93ce2d1cfa11cd3a268bdfe65486552ff04b193cea07634?s=96&d=mm&r=g\",\"caption\":\"admin\"},\"url\":\"https:\/\/vasasbasket.hu\/index.php\/author\/admin\/\"}]}<\/script>\n<!-- \/ Yoast SEO plugin. -->","yoast_head_json":{"title":"El\u0151d\u00f6nt\u0151s serd\u00fcl\u0151 csapatunk - Vasas n\u0151i kos\u00e1rlabda","robots":{"index":"index","follow":"follow","max-snippet":"max-snippet:-1","max-image-preview":"max-image-preview:large","max-video-preview":"max-video-preview:-1"},"canonical":"https:\/\/vasasbasket.hu\/index.php\/egyetlen\/","og_locale":"hu_HU","og_type":"article","og_title":"El\u0151d\u00f6nt\u0151s serd\u00fcl\u0151 csapatunk - Vasas n\u0151i kos\u00e1rlabda","og_description":"Az U14 nemzetk\u00f6zi torna harmadik napja a csoporton bel\u00fcli helyez\u00e9sekr\u0151l d\u00f6nt\u00f6tt. A spanyol Sant Adria csapat\u00e1val j\u00e1tszottunk egy \u00f3ri\u00e1si iram\u00fa, izgalmas \u00e9s tanuls\u00e1gos m\u00e9rk\u0151z\u00e9st. Egy hajsz\u00e1l v\u00e1lasztotta el l\u00e1nyainkat a csoportels\u0151s\u00e9gt\u0151l,\u00a0 \u00edgy a Vasas Akad\u00e9mia az el\u0151d\u00f6nt\u0151t a h\u00e1zigazda Soproni Darazsak Akad\u00e9mia ellen fogja v\u00edvni. &#8222;Az olasz csapat kevesebb elz\u00e1r\u00e1ssal, viszont ann\u00e1l t\u00f6bb egy-egy oszt\u00e1ssal...","og_url":"https:\/\/vasasbasket.hu\/index.php\/egyetlen\/","og_site_name":"Vasas n\u0151i kos\u00e1rlabda","article_publisher":"https:\/\/www.facebook.com\/vasaswbasket\/","article_published_time":"2020-02-17T21:14:45+00:00","article_modified_time":"2020-02-17T21:24:37+00:00","og_image":[{"width":930,"height":740,"url":"https:\/\/vasasbasket.hu\/wp-content\/uploads\/2020\/02\/IMG_0264-e1581974004668.jpg","type":"image\/jpeg"}],"author":"admin","twitter_card":"summary_large_image","twitter_misc":{"Szerz\u0151:":"admin","Becs\u00fclt olvas\u00e1si id\u0151":"3 perc"},"schema":{"@context":"https:\/\/schema.org","@graph":[{"@type":"Article","@id":"https:\/\/vasasbasket.hu\/index.php\/egyetlen\/#article","isPartOf":{"@id":"https:\/\/vasasbasket.hu\/index.php\/egyetlen\/"},"author":{"name":"admin","@id":"https:\/\/vasasbasket.hu\/#\/schema\/person\/f1085f4d2c6582d8d0f977e92de2edee"},"headline":"El\u0151d\u00f6nt\u0151s serd\u00fcl\u0151 csapatunk","datePublished":"2020-02-17T21:14:45+00:00","dateModified":"2020-02-17T21:24:37+00:00","mainEntityOfPage":{"@id":"https:\/\/vasasbasket.hu\/index.php\/egyetlen\/"},"wordCount":509,"publisher":{"@id":"https:\/\/vasasbasket.hu\/#organization"},"image":{"@id":"https:\/\/vasasbasket.hu\/index.php\/egyetlen\/#primaryimage"},"thumbnailUrl":"https:\/\/vasasbasket.hu\/wp-content\/uploads\/2020\/02\/IMG_0264-e1581974004668.jpg","articleSection":["Serd\u00fcl\u0151","\u00d6sszes H\u00edr"],"inLanguage":"hu"},{"@type":"WebPage","@id":"https:\/\/vasasbasket.hu\/index.php\/egyetlen\/","url":"https:\/\/vasasbasket.hu\/index.php\/egyetlen\/","name":"El\u0151d\u00f6nt\u0151s serd\u00fcl\u0151 csapatunk - Vasas n\u0151i kos\u00e1rlabda","isPartOf":{"@id":"https:\/\/vasasbasket.hu\/#website"},"primaryImageOfPage":{"@id":"https:\/\/vasasbasket.hu\/index.php\/egyetlen\/#primaryimage"},"image":{"@id":"https:\/\/vasasbasket.hu\/index.php\/egyetlen\/#primaryimage"},"thumbnailUrl":"https:\/\/vasasbasket.hu\/wp-content\/uploads\/2020\/02\/IMG_0264-e1581974004668.jpg","datePublished":"2020-02-17T21:14:45+00:00","dateModified":"2020-02-17T21:24:37+00:00","breadcrumb":{"@id":"https:\/\/vasasbasket.hu\/index.php\/egyetlen\/#breadcrumb"},"inLanguage":"hu","potentialAction":[{"@type":"ReadAction","target":["https:\/\/vasasbasket.hu\/index.php\/egyetlen\/"]}]},{"@type":"ImageObject","inLanguage":"hu","@id":"https:\/\/vasasbasket.hu\/index.php\/egyetlen\/#primaryimage","url":"https:\/\/vasasbasket.hu\/wp-content\/uploads\/2020\/02\/IMG_0264-e1581974004668.jpg","contentUrl":"https:\/\/vasasbasket.hu\/wp-content\/uploads\/2020\/02\/IMG_0264-e1581974004668.jpg","width":930,"height":740},{"@type":"BreadcrumbList","@id":"https:\/\/vasasbasket.hu\/index.php\/egyetlen\/#breadcrumb","itemListElement":[{"@type":"ListItem","position":1,"name":"Kezd\u0151lap","item":"https:\/\/vasasbasket.hu\/"},{"@type":"ListItem","position":2,"name":"El\u0151d\u00f6nt\u0151s serd\u00fcl\u0151 csapatunk"}]},{"@type":"WebSite","@id":"https:\/\/vasasbasket.hu\/#website","url":"https:\/\/vasasbasket.hu\/","name":"Vasas n\u0151i kos\u00e1rlabda","description":"Vasas Basket N\u0151i","publisher":{"@id":"https:\/\/vasasbasket.hu\/#organization"},"potentialAction":[{"@type":"SearchAction","target":{"@type":"EntryPoint","urlTemplate":"https:\/\/vasasbasket.hu\/?s={search_term_string}"},"query-input":{"@type":"PropertyValueSpecification","valueRequired":true,"valueName":"search_term_string"}}],"inLanguage":"hu"},{"@type":"Organization","@id":"https:\/\/vasasbasket.hu\/#organization","name":"Vasas n\u0151i kos\u00e1rlabda","url":"https:\/\/vasasbasket.hu\/","logo":{"@type":"ImageObject","inLanguage":"hu","@id":"https:\/\/vasasbasket.hu\/#\/schema\/logo\/image\/","url":"https:\/\/vasasbasket.hu\/wp-content\/uploads\/2017\/03\/vasas_cimer_1200.jpg","contentUrl":"https:\/\/vasasbasket.hu\/wp-content\/uploads\/2017\/03\/vasas_cimer_1200.jpg","width":1200,"height":1200,"caption":"Vasas n\u0151i kos\u00e1rlabda"},"image":{"@id":"https:\/\/vasasbasket.hu\/#\/schema\/logo\/image\/"},"sameAs":["https:\/\/www.facebook.com\/vasaswbasket\/"]},{"@type":"Person","@id":"https:\/\/vasasbasket.hu\/#\/schema\/person\/f1085f4d2c6582d8d0f977e92de2edee","name":"admin","image":{"@type":"ImageObject","inLanguage":"hu","@id":"https:\/\/vasasbasket.hu\/#\/schema\/person\/image\/","url":"https:\/\/secure.gravatar.com\/avatar\/645c92f7d9cfe02bd93ce2d1cfa11cd3a268bdfe65486552ff04b193cea07634?s=96&d=mm&r=g","contentUrl":"https:\/\/secure.gravatar.com\/avatar\/645c92f7d9cfe02bd93ce2d1cfa11cd3a268bdfe65486552ff04b193cea07634?s=96&d=mm&r=g","caption":"admin"},"url":"https:\/\/vasasbasket.hu\/index.php\/author\/admin\/"}]}},"_links":{"self":[{"href":"https:\/\/vasasbasket.hu\/index.php\/wp-json\/wp\/v2\/posts\/6769","targetHints":{"allow":["GET"]}}],"collection":[{"href":"https:\/\/vasasbasket.hu\/index.php\/wp-json\/wp\/v2\/posts"}],"about":[{"href":"https:\/\/vasasbasket.hu\/index.php\/wp-json\/wp\/v2\/types\/post"}],"author":[{"embeddable":true,"href":"https:\/\/vasasbasket.hu\/index.php\/wp-json\/wp\/v2\/users\/1"}],"replies":[{"embeddable":true,"href":"https:\/\/vasasbasket.hu\/index.php\/wp-json\/wp\/v2\/comments?post=6769"}],"version-history":[{"count":10,"href":"https:\/\/vasasbasket.hu\/index.php\/wp-json\/wp\/v2\/posts\/6769\/revisions"}],"predecessor-version":[{"id":6782,"href":"https:\/\/vasasbasket.hu\/index.php\/wp-json\/wp\/v2\/posts\/6769\/revisions\/6782"}],"wp:featuredmedia":[{"embeddable":true,"href":"https:\/\/vasasbasket.hu\/index.php\/wp-json\/wp\/v2\/media\/6771"}],"wp:attachment":[{"href":"https:\/\/vasasbasket.hu\/index.php\/wp-json\/wp\/v2\/media?parent=6769"}],"wp:term":[{"taxonomy":"category","embeddable":true,"href":"https:\/\/vasasbasket.hu\/index.php\/wp-json\/wp\/v2\/categories?post=6769"},{"taxonomy":"post_tag","embeddable":true,"href":"https:\/\/vasasbasket.hu\/index.php\/wp-json\/wp\/v2\/tags?post=6769"}],"curies":[{"name":"wp","href":"https:\/\/api.w.org\/{rel}","templated":true}]}}