{"id":6731,"date":"2020-02-10T21:03:54","date_gmt":"2020-02-10T21:03:54","guid":{"rendered":"http:\/\/vasasbasket.hu\/?p=6731"},"modified":"2020-02-10T21:04:17","modified_gmt":"2020-02-10T21:04:17","slug":"parades-hetvegen-vannak-tul-az-amazonok","status":"publish","type":"post","link":"https:\/\/vasasbasket.hu\/index.php\/parades-hetvegen-vannak-tul-az-amazonok\/","title":{"rendered":"Par\u00e1d\u00e9s h\u00e9tv\u00e9g\u00e9n vannak t\u00fal az Amazonok"},"content":{"rendered":"<p><strong>K\u00e9t alkalommal is p\u00e1ly\u00e1ra l\u00e9ptek az U12-es Vasas Amazonok a h\u00e9tv\u00e9g\u00e9n. L\u00e1nyaink hatalmas k\u00fczdelmet k\u00f6vet\u0151en mindk\u00e9t m\u00e9rk\u0151z\u00e9s\u00fcket megnyert\u00e9k.<\/strong><\/p>\n<p><em>&#8222;A korai meccskezd\u00e9s megl\u00e1tszott a l\u00e1nyokon, \u00e9s egy kisebb r\u00f6vidz\u00e1rlat miatt az els\u0151 f\u00e9lid\u0151 v\u00e9g\u00e9re 10 pontos h\u00e1tr\u00e1nyba ker\u00fclt\u00fcnk. Megbesz\u00e9lt\u00fck, hogy add \u00e9s fuss j\u00e1t\u00e9kb\u00f3l t\u00f6bb k\u00f6nny\u0171 kosarat szerezhet\u00fcnk a fi\u00fak agressz\u00edv v\u00e9dekez\u00e9se ellen, ami olyan j\u00f3l siker\u00fclt, hogy az utols\u00f3 negyedben h\u00fasz pontot dobva megford\u00edtottuk, \u00e9s ezzel meg is nyert\u00fck a m\u00e9rk\u0151z\u00e9st. Kiemeln\u00e9m Szab\u00f3 No\u00e9mi b\u00e1tor j\u00e1t\u00e9k\u00e1t, akinek ez volt id\u00e9n az els\u0151 \u201cA\u201d csapatos m\u00e9rk\u0151z\u00e9se, ahol az egyik legjobb volt a maga 7 pontj\u00e1val. Mindenki beleadott valamit a meccsbe, egy j\u00f3 v\u00e9dekez\u00e9ssel, egy labdaszerz\u00e9ssel, egy lepattan\u00f3val, egy kos\u00e1rral \u00e9s nem mellesleg a lelkes szurkol\u00e1ssal. Le a kalappal mindenki el\u0151tt, hogy h\u00e1tr\u00e1nyb\u00f3l, egy igaz\u00e1n j\u00f3 csapat ellen tudtunk nyerni&#8221;<\/em> &#8211; mondta a csapat edz\u0151je, Ambrus Szandra.<\/p>\n<p>Budapest Csepel <strong>&#8211; Vasas Amazonok 56-57 <\/strong>(14-11, 16+5-11+5, 12-10, 9-20)<br \/>\n<em>Pontszerz\u0151k:<\/em><br \/>\n<strong>Vasas Amazonok: <\/strong>Sz\u00edj-Kris\u00e1nszky Zo\u00e9 11, Szab\u00f3 Mici 7, Szab\u00f3 No\u00e9mi 7, Csercsa Eszter 6, Karli D\u00f3ri 6, Pusk\u00e1s Lili 6, Mayr Lara 4, Koll\u00e1r Kata 4, Galavits Lili 4, T\u00f3th Frotti 2, P\u00e1cza Blanka, Muszka Zita<\/p>\n<p><em>&#8222;A m\u00e9rk\u0151z\u00e9st megint alacsony h\u0151fokon kezdt\u00fck, \u00e9s ezzel ism\u00e9t el\u0151ny adtunk az ellenf\u00e9lnek. A m\u00e1sodik negyedt\u0151l viszont a kez\u00fcnkbe vett\u00fck a m\u00e9rk\u0151z\u00e9sir\u00e1ny\u00edt\u00e1s\u00e1t \u00e9s a f\u00e9lidei b\u00fcntet\u0151z\u00e9ssel h\u00e9t pontos el\u0151nyre tett\u00fcnk szert. A m\u00e1sodik f\u00e9lid\u0151ben nagyon sz\u00e9p passzaink, agressz\u00edv v\u00e9dekez\u00e9s ut\u00e1ni labdaszerz\u00e9seink voltak, \u00e9s t\u00f6bb k\u00f6nny\u0171 kosarat dobtunk. Nagyon \u00f6r\u00fcl\u00f6k annak, hogy ketten is t\u00edz pont f\u00f6l\u00f6tt dobtak, Sz\u00edj-Kris\u00e1nszky Zo\u00e9 17, Galavits Lili pedig 14 pontot rakott bele a k\u00f6z\u00f6sbe. Pusk\u00e1s Lilit emeln\u00e9m m\u00e9g ki, akinek a pal\u00e1nk alatti j\u00e1t\u00e9ka nagyon fontos szegmens volt mindk\u00e9t meccsen. \u00c9lvezet volt n\u00e9zni, ahogy j\u00e1tszottak a l\u00e1nyok, b\u00fcszk\u00e9k vagyunk r\u00e1juk&#8221;<\/em> &#8211; \u00f6sszegezte Ambrus Szandra.<\/p>\n<p><strong>Vasas Amazonok &#8211;<\/strong> Zs\u00edros Akad\u00e9mia Dar\u00e1zsl\u00e1nyok <strong>67-49 <\/strong>(6-17, 24+6-10+2, 17-10, 14-10)<br \/>\n<em>Pontszerz\u0151k:<\/em><br \/>\n<strong>Vasas Amazonok: <\/strong>Sz\u00edj-Kris\u00e1nszky Zo\u00e9 17, Galavits Lili 14, T\u00f3th Frotti 7, Karli D\u00f3ri 7, Csercsa Eszter 7, Szab\u00f3 Mici 5, P\u00e1cza Blanka 4, Pusk\u00e1s Lili 4, Szab\u00f3 K\u00edra 1, Koll\u00e1r Kata 1, Mayr Lara, Szab\u00f3 No\u00e9mi<\/p>\n<p>&nbsp;<\/p>\n<p>&nbsp;<\/p>\n","protected":false},"excerpt":{"rendered":"<p>K\u00e9t alkalommal is p\u00e1ly\u00e1ra l\u00e9ptek az U12-es Vasas Amazonok a h\u00e9tv\u00e9g\u00e9n. L\u00e1nyaink hatalmas k\u00fczdelmet k\u00f6vet\u0151en mindk\u00e9t m\u00e9rk\u0151z\u00e9s\u00fcket megnyert\u00e9k. &#8222;A korai meccskezd\u00e9s megl\u00e1tszott a l\u00e1nyokon, \u00e9s egy kisebb r\u00f6vidz\u00e1rlat miatt az els\u0151 f\u00e9lid\u0151 v\u00e9g\u00e9re 10 pontos h\u00e1tr\u00e1nyba ker\u00fclt\u00fcnk. Megbesz\u00e9lt\u00fck, hogy add \u00e9s fuss j\u00e1t\u00e9kb\u00f3l t\u00f6bb k\u00f6nny\u0171 kosarat szerezhet\u00fcnk a fi\u00fak agressz\u00edv v\u00e9dekez\u00e9se ellen, ami olyan j\u00f3l&#8230;<\/p>\n","protected":false},"author":1,"featured_media":6732,"comment_status":"closed","ping_status":"open","sticky":false,"template":"","format":"standard","meta":{"footnotes":""},"categories":[73,92],"tags":[],"class_list":["post-6731","post","type-post","status-publish","format-standard","has-post-thumbnail","hentry","category-gyerek","category-hirek"],"yoast_head":"<!-- This site is optimized with the Yoast SEO plugin v26.0 - https:\/\/yoast.com\/wordpress\/plugins\/seo\/ -->\n<title>Par\u00e1d\u00e9s h\u00e9tv\u00e9g\u00e9n vannak t\u00fal az Amazonok - Vasas n\u0151i kos\u00e1rlabda<\/title>\n<meta name=\"robots\" content=\"index, follow, max-snippet:-1, max-image-preview:large, max-video-preview:-1\" \/>\n<link rel=\"canonical\" href=\"https:\/\/vasasbasket.hu\/index.php\/parades-hetvegen-vannak-tul-az-amazonok\/\" \/>\n<meta property=\"og:locale\" content=\"hu_HU\" \/>\n<meta property=\"og:type\" content=\"article\" \/>\n<meta property=\"og:title\" content=\"Par\u00e1d\u00e9s h\u00e9tv\u00e9g\u00e9n vannak t\u00fal az Amazonok - Vasas n\u0151i kos\u00e1rlabda\" \/>\n<meta property=\"og:description\" content=\"K\u00e9t alkalommal is p\u00e1ly\u00e1ra l\u00e9ptek az U12-es Vasas Amazonok a h\u00e9tv\u00e9g\u00e9n. L\u00e1nyaink hatalmas k\u00fczdelmet k\u00f6vet\u0151en mindk\u00e9t m\u00e9rk\u0151z\u00e9s\u00fcket megnyert\u00e9k. &#8222;A korai meccskezd\u00e9s megl\u00e1tszott a l\u00e1nyokon, \u00e9s egy kisebb r\u00f6vidz\u00e1rlat miatt az els\u0151 f\u00e9lid\u0151 v\u00e9g\u00e9re 10 pontos h\u00e1tr\u00e1nyba ker\u00fclt\u00fcnk. Megbesz\u00e9lt\u00fck, hogy add \u00e9s fuss j\u00e1t\u00e9kb\u00f3l t\u00f6bb k\u00f6nny\u0171 kosarat szerezhet\u00fcnk a fi\u00fak agressz\u00edv v\u00e9dekez\u00e9se ellen, ami olyan j\u00f3l...\" \/>\n<meta property=\"og:url\" content=\"https:\/\/vasasbasket.hu\/index.php\/parades-hetvegen-vannak-tul-az-amazonok\/\" \/>\n<meta property=\"og:site_name\" content=\"Vasas n\u0151i kos\u00e1rlabda\" \/>\n<meta property=\"article:publisher\" content=\"https:\/\/www.facebook.com\/vasaswbasket\/\" \/>\n<meta property=\"article:published_time\" content=\"2020-02-10T21:03:54+00:00\" \/>\n<meta property=\"article:modified_time\" content=\"2020-02-10T21:04:17+00:00\" \/>\n<meta property=\"og:image\" content=\"https:\/\/vasasbasket.hu\/wp-content\/uploads\/2020\/02\/IMG_4029-scaled.jpeg\" \/>\n\t<meta property=\"og:image:width\" content=\"2560\" \/>\n\t<meta property=\"og:image:height\" content=\"1920\" \/>\n\t<meta property=\"og:image:type\" content=\"image\/jpeg\" \/>\n<meta name=\"author\" content=\"admin\" \/>\n<meta name=\"twitter:card\" content=\"summary_large_image\" \/>\n<meta name=\"twitter:label1\" content=\"Szerz\u0151:\" \/>\n\t<meta name=\"twitter:data1\" content=\"admin\" \/>\n\t<meta name=\"twitter:label2\" content=\"Becs\u00fclt olvas\u00e1si id\u0151\" \/>\n\t<meta name=\"twitter:data2\" content=\"2 perc\" \/>\n<script type=\"application\/ld+json\" class=\"yoast-schema-graph\">{\"@context\":\"https:\/\/schema.org\",\"@graph\":[{\"@type\":\"Article\",\"@id\":\"https:\/\/vasasbasket.hu\/index.php\/parades-hetvegen-vannak-tul-az-amazonok\/#article\",\"isPartOf\":{\"@id\":\"https:\/\/vasasbasket.hu\/index.php\/parades-hetvegen-vannak-tul-az-amazonok\/\"},\"author\":{\"name\":\"admin\",\"@id\":\"https:\/\/vasasbasket.hu\/#\/schema\/person\/f1085f4d2c6582d8d0f977e92de2edee\"},\"headline\":\"Par\u00e1d\u00e9s h\u00e9tv\u00e9g\u00e9n vannak t\u00fal az Amazonok\",\"datePublished\":\"2020-02-10T21:03:54+00:00\",\"dateModified\":\"2020-02-10T21:04:17+00:00\",\"mainEntityOfPage\":{\"@id\":\"https:\/\/vasasbasket.hu\/index.php\/parades-hetvegen-vannak-tul-az-amazonok\/\"},\"wordCount\":474,\"publisher\":{\"@id\":\"https:\/\/vasasbasket.hu\/#organization\"},\"image\":{\"@id\":\"https:\/\/vasasbasket.hu\/index.php\/parades-hetvegen-vannak-tul-az-amazonok\/#primaryimage\"},\"thumbnailUrl\":\"https:\/\/vasasbasket.hu\/wp-content\/uploads\/2020\/02\/IMG_4029-scaled.jpeg\",\"articleSection\":[\"Gyerek\",\"\u00d6sszes H\u00edr\"],\"inLanguage\":\"hu\"},{\"@type\":\"WebPage\",\"@id\":\"https:\/\/vasasbasket.hu\/index.php\/parades-hetvegen-vannak-tul-az-amazonok\/\",\"url\":\"https:\/\/vasasbasket.hu\/index.php\/parades-hetvegen-vannak-tul-az-amazonok\/\",\"name\":\"Par\u00e1d\u00e9s h\u00e9tv\u00e9g\u00e9n vannak t\u00fal az Amazonok - Vasas n\u0151i kos\u00e1rlabda\",\"isPartOf\":{\"@id\":\"https:\/\/vasasbasket.hu\/#website\"},\"primaryImageOfPage\":{\"@id\":\"https:\/\/vasasbasket.hu\/index.php\/parades-hetvegen-vannak-tul-az-amazonok\/#primaryimage\"},\"image\":{\"@id\":\"https:\/\/vasasbasket.hu\/index.php\/parades-hetvegen-vannak-tul-az-amazonok\/#primaryimage\"},\"thumbnailUrl\":\"https:\/\/vasasbasket.hu\/wp-content\/uploads\/2020\/02\/IMG_4029-scaled.jpeg\",\"datePublished\":\"2020-02-10T21:03:54+00:00\",\"dateModified\":\"2020-02-10T21:04:17+00:00\",\"breadcrumb\":{\"@id\":\"https:\/\/vasasbasket.hu\/index.php\/parades-hetvegen-vannak-tul-az-amazonok\/#breadcrumb\"},\"inLanguage\":\"hu\",\"potentialAction\":[{\"@type\":\"ReadAction\",\"target\":[\"https:\/\/vasasbasket.hu\/index.php\/parades-hetvegen-vannak-tul-az-amazonok\/\"]}]},{\"@type\":\"ImageObject\",\"inLanguage\":\"hu\",\"@id\":\"https:\/\/vasasbasket.hu\/index.php\/parades-hetvegen-vannak-tul-az-amazonok\/#primaryimage\",\"url\":\"https:\/\/vasasbasket.hu\/wp-content\/uploads\/2020\/02\/IMG_4029-scaled.jpeg\",\"contentUrl\":\"https:\/\/vasasbasket.hu\/wp-content\/uploads\/2020\/02\/IMG_4029-scaled.jpeg\",\"width\":2560,\"height\":1920},{\"@type\":\"BreadcrumbList\",\"@id\":\"https:\/\/vasasbasket.hu\/index.php\/parades-hetvegen-vannak-tul-az-amazonok\/#breadcrumb\",\"itemListElement\":[{\"@type\":\"ListItem\",\"position\":1,\"name\":\"Kezd\u0151lap\",\"item\":\"https:\/\/vasasbasket.hu\/\"},{\"@type\":\"ListItem\",\"position\":2,\"name\":\"Par\u00e1d\u00e9s h\u00e9tv\u00e9g\u00e9n vannak t\u00fal az Amazonok\"}]},{\"@type\":\"WebSite\",\"@id\":\"https:\/\/vasasbasket.hu\/#website\",\"url\":\"https:\/\/vasasbasket.hu\/\",\"name\":\"Vasas n\u0151i kos\u00e1rlabda\",\"description\":\"Vasas Basket N\u0151i\",\"publisher\":{\"@id\":\"https:\/\/vasasbasket.hu\/#organization\"},\"potentialAction\":[{\"@type\":\"SearchAction\",\"target\":{\"@type\":\"EntryPoint\",\"urlTemplate\":\"https:\/\/vasasbasket.hu\/?s={search_term_string}\"},\"query-input\":{\"@type\":\"PropertyValueSpecification\",\"valueRequired\":true,\"valueName\":\"search_term_string\"}}],\"inLanguage\":\"hu\"},{\"@type\":\"Organization\",\"@id\":\"https:\/\/vasasbasket.hu\/#organization\",\"name\":\"Vasas n\u0151i kos\u00e1rlabda\",\"url\":\"https:\/\/vasasbasket.hu\/\",\"logo\":{\"@type\":\"ImageObject\",\"inLanguage\":\"hu\",\"@id\":\"https:\/\/vasasbasket.hu\/#\/schema\/logo\/image\/\",\"url\":\"https:\/\/vasasbasket.hu\/wp-content\/uploads\/2017\/03\/vasas_cimer_1200.jpg\",\"contentUrl\":\"https:\/\/vasasbasket.hu\/wp-content\/uploads\/2017\/03\/vasas_cimer_1200.jpg\",\"width\":1200,\"height\":1200,\"caption\":\"Vasas n\u0151i kos\u00e1rlabda\"},\"image\":{\"@id\":\"https:\/\/vasasbasket.hu\/#\/schema\/logo\/image\/\"},\"sameAs\":[\"https:\/\/www.facebook.com\/vasaswbasket\/\"]},{\"@type\":\"Person\",\"@id\":\"https:\/\/vasasbasket.hu\/#\/schema\/person\/f1085f4d2c6582d8d0f977e92de2edee\",\"name\":\"admin\",\"image\":{\"@type\":\"ImageObject\",\"inLanguage\":\"hu\",\"@id\":\"https:\/\/vasasbasket.hu\/#\/schema\/person\/image\/\",\"url\":\"https:\/\/secure.gravatar.com\/avatar\/645c92f7d9cfe02bd93ce2d1cfa11cd3a268bdfe65486552ff04b193cea07634?s=96&d=mm&r=g\",\"contentUrl\":\"https:\/\/secure.gravatar.com\/avatar\/645c92f7d9cfe02bd93ce2d1cfa11cd3a268bdfe65486552ff04b193cea07634?s=96&d=mm&r=g\",\"caption\":\"admin\"},\"url\":\"https:\/\/vasasbasket.hu\/index.php\/author\/admin\/\"}]}<\/script>\n<!-- \/ Yoast SEO plugin. -->","yoast_head_json":{"title":"Par\u00e1d\u00e9s h\u00e9tv\u00e9g\u00e9n vannak t\u00fal az Amazonok - Vasas n\u0151i kos\u00e1rlabda","robots":{"index":"index","follow":"follow","max-snippet":"max-snippet:-1","max-image-preview":"max-image-preview:large","max-video-preview":"max-video-preview:-1"},"canonical":"https:\/\/vasasbasket.hu\/index.php\/parades-hetvegen-vannak-tul-az-amazonok\/","og_locale":"hu_HU","og_type":"article","og_title":"Par\u00e1d\u00e9s h\u00e9tv\u00e9g\u00e9n vannak t\u00fal az Amazonok - Vasas n\u0151i kos\u00e1rlabda","og_description":"K\u00e9t alkalommal is p\u00e1ly\u00e1ra l\u00e9ptek az U12-es Vasas Amazonok a h\u00e9tv\u00e9g\u00e9n. L\u00e1nyaink hatalmas k\u00fczdelmet k\u00f6vet\u0151en mindk\u00e9t m\u00e9rk\u0151z\u00e9s\u00fcket megnyert\u00e9k. &#8222;A korai meccskezd\u00e9s megl\u00e1tszott a l\u00e1nyokon, \u00e9s egy kisebb r\u00f6vidz\u00e1rlat miatt az els\u0151 f\u00e9lid\u0151 v\u00e9g\u00e9re 10 pontos h\u00e1tr\u00e1nyba ker\u00fclt\u00fcnk. Megbesz\u00e9lt\u00fck, hogy add \u00e9s fuss j\u00e1t\u00e9kb\u00f3l t\u00f6bb k\u00f6nny\u0171 kosarat szerezhet\u00fcnk a fi\u00fak agressz\u00edv v\u00e9dekez\u00e9se ellen, ami olyan j\u00f3l...","og_url":"https:\/\/vasasbasket.hu\/index.php\/parades-hetvegen-vannak-tul-az-amazonok\/","og_site_name":"Vasas n\u0151i kos\u00e1rlabda","article_publisher":"https:\/\/www.facebook.com\/vasaswbasket\/","article_published_time":"2020-02-10T21:03:54+00:00","article_modified_time":"2020-02-10T21:04:17+00:00","og_image":[{"width":2560,"height":1920,"url":"https:\/\/vasasbasket.hu\/wp-content\/uploads\/2020\/02\/IMG_4029-scaled.jpeg","type":"image\/jpeg"}],"author":"admin","twitter_card":"summary_large_image","twitter_misc":{"Szerz\u0151:":"admin","Becs\u00fclt olvas\u00e1si id\u0151":"2 perc"},"schema":{"@context":"https:\/\/schema.org","@graph":[{"@type":"Article","@id":"https:\/\/vasasbasket.hu\/index.php\/parades-hetvegen-vannak-tul-az-amazonok\/#article","isPartOf":{"@id":"https:\/\/vasasbasket.hu\/index.php\/parades-hetvegen-vannak-tul-az-amazonok\/"},"author":{"name":"admin","@id":"https:\/\/vasasbasket.hu\/#\/schema\/person\/f1085f4d2c6582d8d0f977e92de2edee"},"headline":"Par\u00e1d\u00e9s h\u00e9tv\u00e9g\u00e9n vannak t\u00fal az Amazonok","datePublished":"2020-02-10T21:03:54+00:00","dateModified":"2020-02-10T21:04:17+00:00","mainEntityOfPage":{"@id":"https:\/\/vasasbasket.hu\/index.php\/parades-hetvegen-vannak-tul-az-amazonok\/"},"wordCount":474,"publisher":{"@id":"https:\/\/vasasbasket.hu\/#organization"},"image":{"@id":"https:\/\/vasasbasket.hu\/index.php\/parades-hetvegen-vannak-tul-az-amazonok\/#primaryimage"},"thumbnailUrl":"https:\/\/vasasbasket.hu\/wp-content\/uploads\/2020\/02\/IMG_4029-scaled.jpeg","articleSection":["Gyerek","\u00d6sszes H\u00edr"],"inLanguage":"hu"},{"@type":"WebPage","@id":"https:\/\/vasasbasket.hu\/index.php\/parades-hetvegen-vannak-tul-az-amazonok\/","url":"https:\/\/vasasbasket.hu\/index.php\/parades-hetvegen-vannak-tul-az-amazonok\/","name":"Par\u00e1d\u00e9s h\u00e9tv\u00e9g\u00e9n vannak t\u00fal az Amazonok - Vasas n\u0151i kos\u00e1rlabda","isPartOf":{"@id":"https:\/\/vasasbasket.hu\/#website"},"primaryImageOfPage":{"@id":"https:\/\/vasasbasket.hu\/index.php\/parades-hetvegen-vannak-tul-az-amazonok\/#primaryimage"},"image":{"@id":"https:\/\/vasasbasket.hu\/index.php\/parades-hetvegen-vannak-tul-az-amazonok\/#primaryimage"},"thumbnailUrl":"https:\/\/vasasbasket.hu\/wp-content\/uploads\/2020\/02\/IMG_4029-scaled.jpeg","datePublished":"2020-02-10T21:03:54+00:00","dateModified":"2020-02-10T21:04:17+00:00","breadcrumb":{"@id":"https:\/\/vasasbasket.hu\/index.php\/parades-hetvegen-vannak-tul-az-amazonok\/#breadcrumb"},"inLanguage":"hu","potentialAction":[{"@type":"ReadAction","target":["https:\/\/vasasbasket.hu\/index.php\/parades-hetvegen-vannak-tul-az-amazonok\/"]}]},{"@type":"ImageObject","inLanguage":"hu","@id":"https:\/\/vasasbasket.hu\/index.php\/parades-hetvegen-vannak-tul-az-amazonok\/#primaryimage","url":"https:\/\/vasasbasket.hu\/wp-content\/uploads\/2020\/02\/IMG_4029-scaled.jpeg","contentUrl":"https:\/\/vasasbasket.hu\/wp-content\/uploads\/2020\/02\/IMG_4029-scaled.jpeg","width":2560,"height":1920},{"@type":"BreadcrumbList","@id":"https:\/\/vasasbasket.hu\/index.php\/parades-hetvegen-vannak-tul-az-amazonok\/#breadcrumb","itemListElement":[{"@type":"ListItem","position":1,"name":"Kezd\u0151lap","item":"https:\/\/vasasbasket.hu\/"},{"@type":"ListItem","position":2,"name":"Par\u00e1d\u00e9s h\u00e9tv\u00e9g\u00e9n vannak t\u00fal az Amazonok"}]},{"@type":"WebSite","@id":"https:\/\/vasasbasket.hu\/#website","url":"https:\/\/vasasbasket.hu\/","name":"Vasas n\u0151i kos\u00e1rlabda","description":"Vasas Basket N\u0151i","publisher":{"@id":"https:\/\/vasasbasket.hu\/#organization"},"potentialAction":[{"@type":"SearchAction","target":{"@type":"EntryPoint","urlTemplate":"https:\/\/vasasbasket.hu\/?s={search_term_string}"},"query-input":{"@type":"PropertyValueSpecification","valueRequired":true,"valueName":"search_term_string"}}],"inLanguage":"hu"},{"@type":"Organization","@id":"https:\/\/vasasbasket.hu\/#organization","name":"Vasas n\u0151i kos\u00e1rlabda","url":"https:\/\/vasasbasket.hu\/","logo":{"@type":"ImageObject","inLanguage":"hu","@id":"https:\/\/vasasbasket.hu\/#\/schema\/logo\/image\/","url":"https:\/\/vasasbasket.hu\/wp-content\/uploads\/2017\/03\/vasas_cimer_1200.jpg","contentUrl":"https:\/\/vasasbasket.hu\/wp-content\/uploads\/2017\/03\/vasas_cimer_1200.jpg","width":1200,"height":1200,"caption":"Vasas n\u0151i kos\u00e1rlabda"},"image":{"@id":"https:\/\/vasasbasket.hu\/#\/schema\/logo\/image\/"},"sameAs":["https:\/\/www.facebook.com\/vasaswbasket\/"]},{"@type":"Person","@id":"https:\/\/vasasbasket.hu\/#\/schema\/person\/f1085f4d2c6582d8d0f977e92de2edee","name":"admin","image":{"@type":"ImageObject","inLanguage":"hu","@id":"https:\/\/vasasbasket.hu\/#\/schema\/person\/image\/","url":"https:\/\/secure.gravatar.com\/avatar\/645c92f7d9cfe02bd93ce2d1cfa11cd3a268bdfe65486552ff04b193cea07634?s=96&d=mm&r=g","contentUrl":"https:\/\/secure.gravatar.com\/avatar\/645c92f7d9cfe02bd93ce2d1cfa11cd3a268bdfe65486552ff04b193cea07634?s=96&d=mm&r=g","caption":"admin"},"url":"https:\/\/vasasbasket.hu\/index.php\/author\/admin\/"}]}},"_links":{"self":[{"href":"https:\/\/vasasbasket.hu\/index.php\/wp-json\/wp\/v2\/posts\/6731","targetHints":{"allow":["GET"]}}],"collection":[{"href":"https:\/\/vasasbasket.hu\/index.php\/wp-json\/wp\/v2\/posts"}],"about":[{"href":"https:\/\/vasasbasket.hu\/index.php\/wp-json\/wp\/v2\/types\/post"}],"author":[{"embeddable":true,"href":"https:\/\/vasasbasket.hu\/index.php\/wp-json\/wp\/v2\/users\/1"}],"replies":[{"embeddable":true,"href":"https:\/\/vasasbasket.hu\/index.php\/wp-json\/wp\/v2\/comments?post=6731"}],"version-history":[{"count":1,"href":"https:\/\/vasasbasket.hu\/index.php\/wp-json\/wp\/v2\/posts\/6731\/revisions"}],"predecessor-version":[{"id":6733,"href":"https:\/\/vasasbasket.hu\/index.php\/wp-json\/wp\/v2\/posts\/6731\/revisions\/6733"}],"wp:featuredmedia":[{"embeddable":true,"href":"https:\/\/vasasbasket.hu\/index.php\/wp-json\/wp\/v2\/media\/6732"}],"wp:attachment":[{"href":"https:\/\/vasasbasket.hu\/index.php\/wp-json\/wp\/v2\/media?parent=6731"}],"wp:term":[{"taxonomy":"category","embeddable":true,"href":"https:\/\/vasasbasket.hu\/index.php\/wp-json\/wp\/v2\/categories?post=6731"},{"taxonomy":"post_tag","embeddable":true,"href":"https:\/\/vasasbasket.hu\/index.php\/wp-json\/wp\/v2\/tags?post=6731"}],"curies":[{"name":"wp","href":"https:\/\/api.w.org\/{rel}","templated":true}]}}