{"id":6690,"date":"2020-01-29T21:20:00","date_gmt":"2020-01-29T21:20:00","guid":{"rendered":"http:\/\/vasasbasket.hu\/?p=6690"},"modified":"2020-01-29T21:20:00","modified_gmt":"2020-01-29T21:20:00","slug":"szoros-meccsen-maradtunk-alul","status":"publish","type":"post","link":"https:\/\/vasasbasket.hu\/index.php\/szoros-meccsen-maradtunk-alul\/","title":{"rendered":"Szoros meccsen maradtunk alul"},"content":{"rendered":"<p><strong>Neh\u00e9z m\u00e9rk\u0151z\u00e9sen van t\u00fal a Vasas Akad\u00e9mia junior csapata, amely a Csata DSE ellen l\u00e9pett p\u00e1ly\u00e1ra. Nem j\u00f6tt ki j\u00f3l l\u00e1nyainknak a l\u00e9p\u00e9s, \u00edgy h\u00e1rom pontos veres\u00e9get szenvedt\u00fcnk.<\/strong><\/p>\n<p><em>&#8222;Izgalmas meccset j\u00e1tszottunk, de sajnos a a gy\u0151zelem elmaradt. Az els\u0151 negyedben j\u00f3l v\u00e9dekezt\u00fcnk, t\u00e1mad\u00e1sban azonban nem tudtuk hat\u00e9konyan kihaszn\u00e1lni az els\u0151 perceket, nem alakult ki k\u00fcl\u00f6nbs\u00e9g a k\u00e9t csapat k\u00f6z\u00f6tt. A m\u00e1sodik negyedben folytat\u00f3dott a harc, minden labd\u00e1\u00e9rt k\u00fczdeni kellett, a befejez\u00e9s azonban tov\u00e1bbra sem volt a legjobb. Sokszor nem azt csin\u00e1ltuk, amit megbesz\u00e9lt\u00fcnk \u00e9s edz\u00e9sen gyakoroltunk, ez pedig v\u00e9gzetes hib\u00e1nak min\u0151s\u00fclt. A harmadik negyed a v\u00e9dekez\u00e9sr\u0151l sz\u00f3lt, nagyon kev\u00e9s pont sz\u00fcletett, gyenge sz\u00e1zal\u00e9kkal dobtunk. Az utols\u00f3 t\u00edz percben t\u00edz pontos el\u0151nyt is szerzett ellenfel\u00fcnk, nagy k\u00fczdelem \u00e1r\u00e1n azonban visszaj\u00f6tt\u00fcnk a meccsbe. A v\u00e9gj\u00e1t\u00e9kban nem siker\u00fclt kivitelezni a megbesz\u00e9lteket, ami egy ilyen ki-ki meccsen veres\u00e9ggel j\u00e1rt. Gratul\u00e1lok a l\u00e1nyoknak a harchoz, amit az utols\u00f3 negyedben mutattak. Tudjuk min kell jav\u00edtanunk, sokat fogunk fejl\u0151dni a k\u00f6vetkez\u0151 edz\u00e9seken. K\u00fcl\u00f6n megdics\u00e9rem Mad\u00e1r Esztert (25 IBM, 12 pont, 18 lepattan\u00f3), Kuncz Petr\u00e1t (12 IBM, 4 pont, 8 lepattan\u00f3) \u00e9s Szerencs\u00e9s Tamar\u00e1t kiv\u00e1l\u00f3 v\u00e9dekez\u00e9s\u00e9\u00e9rt&#8221;<\/em> &#8211; mondta a csapat edz\u0151je, Igor Skocovski.<\/p>\n<p><strong>Vasas Akad\u00e9mia &#8211;<\/strong> Csata DSE <strong>46-49<\/strong> (12-13, 17-20, 5-9 12-7)<br \/>\n<em>Pontszerz\u0151k:<br \/>\n<\/em><strong>Vasas Akad\u00e9mia\/A:<\/strong> V\u00edgh B. 2, D\u00fal T. 3, Sikl\u00f3s D., Mudra V. 7, Altmann A. 3, Kuncz P. L 4, L\u0151rinczy P., Salamon Zs., Nagy L., Kun R. 6, Szerencs\u00e9s T. 9, Mad\u00e1r E. 12<br \/>\n<strong>Csata DSE :<\/strong> Balogh L. 2, Rakita L. 8, Krasovec L. 11, Telegdy Zs. 6, Boros J. 8, V\u00e1rszegi R. 12, Gy\u00f6ngy\u00f6si J. 2, Farkas Sz., Toman P., Gelei K.,<\/p>\n","protected":false},"excerpt":{"rendered":"<p>Neh\u00e9z m\u00e9rk\u0151z\u00e9sen van t\u00fal a Vasas Akad\u00e9mia junior csapata, amely a Csata DSE ellen l\u00e9pett p\u00e1ly\u00e1ra. Nem j\u00f6tt ki j\u00f3l l\u00e1nyainknak a l\u00e9p\u00e9s, \u00edgy h\u00e1rom pontos veres\u00e9get szenvedt\u00fcnk. &#8222;Izgalmas meccset j\u00e1tszottunk, de sajnos a a gy\u0151zelem elmaradt. Az els\u0151 negyedben j\u00f3l v\u00e9dekezt\u00fcnk, t\u00e1mad\u00e1sban azonban nem tudtuk hat\u00e9konyan kihaszn\u00e1lni az els\u0151 perceket, nem alakult ki k\u00fcl\u00f6nbs\u00e9g&#8230;<\/p>\n","protected":false},"author":1,"featured_media":6408,"comment_status":"closed","ping_status":"open","sticky":false,"template":"","format":"standard","meta":{"footnotes":""},"categories":[50,92],"tags":[],"class_list":["post-6690","post","type-post","status-publish","format-standard","has-post-thumbnail","hentry","category-junior","category-hirek"],"yoast_head":"<!-- This site is optimized with the Yoast SEO plugin v26.0 - https:\/\/yoast.com\/wordpress\/plugins\/seo\/ -->\n<title>Szoros meccsen maradtunk alul - Vasas n\u0151i kos\u00e1rlabda<\/title>\n<meta name=\"robots\" content=\"index, follow, max-snippet:-1, max-image-preview:large, max-video-preview:-1\" \/>\n<link rel=\"canonical\" href=\"https:\/\/vasasbasket.hu\/index.php\/szoros-meccsen-maradtunk-alul\/\" \/>\n<meta property=\"og:locale\" content=\"hu_HU\" \/>\n<meta property=\"og:type\" content=\"article\" \/>\n<meta property=\"og:title\" content=\"Szoros meccsen maradtunk alul - Vasas n\u0151i kos\u00e1rlabda\" \/>\n<meta property=\"og:description\" content=\"Neh\u00e9z m\u00e9rk\u0151z\u00e9sen van t\u00fal a Vasas Akad\u00e9mia junior csapata, amely a Csata DSE ellen l\u00e9pett p\u00e1ly\u00e1ra. Nem j\u00f6tt ki j\u00f3l l\u00e1nyainknak a l\u00e9p\u00e9s, \u00edgy h\u00e1rom pontos veres\u00e9get szenvedt\u00fcnk. &#8222;Izgalmas meccset j\u00e1tszottunk, de sajnos a a gy\u0151zelem elmaradt. Az els\u0151 negyedben j\u00f3l v\u00e9dekezt\u00fcnk, t\u00e1mad\u00e1sban azonban nem tudtuk hat\u00e9konyan kihaszn\u00e1lni az els\u0151 perceket, nem alakult ki k\u00fcl\u00f6nbs\u00e9g...\" \/>\n<meta property=\"og:url\" content=\"https:\/\/vasasbasket.hu\/index.php\/szoros-meccsen-maradtunk-alul\/\" \/>\n<meta property=\"og:site_name\" content=\"Vasas n\u0151i kos\u00e1rlabda\" \/>\n<meta property=\"article:publisher\" content=\"https:\/\/www.facebook.com\/vasaswbasket\/\" \/>\n<meta property=\"article:published_time\" content=\"2020-01-29T21:20:00+00:00\" \/>\n<meta property=\"og:image\" content=\"https:\/\/vasasbasket.hu\/wp-content\/uploads\/2019\/11\/75037931_2116142762013271_2386305725400875008_n-1170x650.jpg\" \/>\n\t<meta property=\"og:image:width\" content=\"1170\" \/>\n\t<meta property=\"og:image:height\" content=\"650\" \/>\n\t<meta property=\"og:image:type\" content=\"image\/jpeg\" \/>\n<meta name=\"author\" content=\"admin\" \/>\n<meta name=\"twitter:card\" content=\"summary_large_image\" \/>\n<meta name=\"twitter:label1\" content=\"Szerz\u0151:\" \/>\n\t<meta name=\"twitter:data1\" content=\"admin\" \/>\n\t<meta name=\"twitter:label2\" content=\"Becs\u00fclt olvas\u00e1si id\u0151\" \/>\n\t<meta name=\"twitter:data2\" content=\"2 perc\" \/>\n<script type=\"application\/ld+json\" class=\"yoast-schema-graph\">{\"@context\":\"https:\/\/schema.org\",\"@graph\":[{\"@type\":\"Article\",\"@id\":\"https:\/\/vasasbasket.hu\/index.php\/szoros-meccsen-maradtunk-alul\/#article\",\"isPartOf\":{\"@id\":\"https:\/\/vasasbasket.hu\/index.php\/szoros-meccsen-maradtunk-alul\/\"},\"author\":{\"name\":\"admin\",\"@id\":\"https:\/\/vasasbasket.hu\/#\/schema\/person\/f1085f4d2c6582d8d0f977e92de2edee\"},\"headline\":\"Szoros meccsen maradtunk alul\",\"datePublished\":\"2020-01-29T21:20:00+00:00\",\"mainEntityOfPage\":{\"@id\":\"https:\/\/vasasbasket.hu\/index.php\/szoros-meccsen-maradtunk-alul\/\"},\"wordCount\":343,\"publisher\":{\"@id\":\"https:\/\/vasasbasket.hu\/#organization\"},\"image\":{\"@id\":\"https:\/\/vasasbasket.hu\/index.php\/szoros-meccsen-maradtunk-alul\/#primaryimage\"},\"thumbnailUrl\":\"https:\/\/vasasbasket.hu\/wp-content\/uploads\/2019\/11\/75037931_2116142762013271_2386305725400875008_n-1170x650.jpg\",\"articleSection\":[\"Junior\",\"\u00d6sszes H\u00edr\"],\"inLanguage\":\"hu\"},{\"@type\":\"WebPage\",\"@id\":\"https:\/\/vasasbasket.hu\/index.php\/szoros-meccsen-maradtunk-alul\/\",\"url\":\"https:\/\/vasasbasket.hu\/index.php\/szoros-meccsen-maradtunk-alul\/\",\"name\":\"Szoros meccsen maradtunk alul - Vasas n\u0151i kos\u00e1rlabda\",\"isPartOf\":{\"@id\":\"https:\/\/vasasbasket.hu\/#website\"},\"primaryImageOfPage\":{\"@id\":\"https:\/\/vasasbasket.hu\/index.php\/szoros-meccsen-maradtunk-alul\/#primaryimage\"},\"image\":{\"@id\":\"https:\/\/vasasbasket.hu\/index.php\/szoros-meccsen-maradtunk-alul\/#primaryimage\"},\"thumbnailUrl\":\"https:\/\/vasasbasket.hu\/wp-content\/uploads\/2019\/11\/75037931_2116142762013271_2386305725400875008_n-1170x650.jpg\",\"datePublished\":\"2020-01-29T21:20:00+00:00\",\"breadcrumb\":{\"@id\":\"https:\/\/vasasbasket.hu\/index.php\/szoros-meccsen-maradtunk-alul\/#breadcrumb\"},\"inLanguage\":\"hu\",\"potentialAction\":[{\"@type\":\"ReadAction\",\"target\":[\"https:\/\/vasasbasket.hu\/index.php\/szoros-meccsen-maradtunk-alul\/\"]}]},{\"@type\":\"ImageObject\",\"inLanguage\":\"hu\",\"@id\":\"https:\/\/vasasbasket.hu\/index.php\/szoros-meccsen-maradtunk-alul\/#primaryimage\",\"url\":\"https:\/\/vasasbasket.hu\/wp-content\/uploads\/2019\/11\/75037931_2116142762013271_2386305725400875008_n-1170x650.jpg\",\"contentUrl\":\"https:\/\/vasasbasket.hu\/wp-content\/uploads\/2019\/11\/75037931_2116142762013271_2386305725400875008_n-1170x650.jpg\",\"width\":1170,\"height\":650},{\"@type\":\"BreadcrumbList\",\"@id\":\"https:\/\/vasasbasket.hu\/index.php\/szoros-meccsen-maradtunk-alul\/#breadcrumb\",\"itemListElement\":[{\"@type\":\"ListItem\",\"position\":1,\"name\":\"Kezd\u0151lap\",\"item\":\"https:\/\/vasasbasket.hu\/\"},{\"@type\":\"ListItem\",\"position\":2,\"name\":\"Szoros meccsen maradtunk alul\"}]},{\"@type\":\"WebSite\",\"@id\":\"https:\/\/vasasbasket.hu\/#website\",\"url\":\"https:\/\/vasasbasket.hu\/\",\"name\":\"Vasas n\u0151i kos\u00e1rlabda\",\"description\":\"Vasas Basket N\u0151i\",\"publisher\":{\"@id\":\"https:\/\/vasasbasket.hu\/#organization\"},\"potentialAction\":[{\"@type\":\"SearchAction\",\"target\":{\"@type\":\"EntryPoint\",\"urlTemplate\":\"https:\/\/vasasbasket.hu\/?s={search_term_string}\"},\"query-input\":{\"@type\":\"PropertyValueSpecification\",\"valueRequired\":true,\"valueName\":\"search_term_string\"}}],\"inLanguage\":\"hu\"},{\"@type\":\"Organization\",\"@id\":\"https:\/\/vasasbasket.hu\/#organization\",\"name\":\"Vasas n\u0151i kos\u00e1rlabda\",\"url\":\"https:\/\/vasasbasket.hu\/\",\"logo\":{\"@type\":\"ImageObject\",\"inLanguage\":\"hu\",\"@id\":\"https:\/\/vasasbasket.hu\/#\/schema\/logo\/image\/\",\"url\":\"https:\/\/vasasbasket.hu\/wp-content\/uploads\/2017\/03\/vasas_cimer_1200.jpg\",\"contentUrl\":\"https:\/\/vasasbasket.hu\/wp-content\/uploads\/2017\/03\/vasas_cimer_1200.jpg\",\"width\":1200,\"height\":1200,\"caption\":\"Vasas n\u0151i kos\u00e1rlabda\"},\"image\":{\"@id\":\"https:\/\/vasasbasket.hu\/#\/schema\/logo\/image\/\"},\"sameAs\":[\"https:\/\/www.facebook.com\/vasaswbasket\/\"]},{\"@type\":\"Person\",\"@id\":\"https:\/\/vasasbasket.hu\/#\/schema\/person\/f1085f4d2c6582d8d0f977e92de2edee\",\"name\":\"admin\",\"image\":{\"@type\":\"ImageObject\",\"inLanguage\":\"hu\",\"@id\":\"https:\/\/vasasbasket.hu\/#\/schema\/person\/image\/\",\"url\":\"https:\/\/secure.gravatar.com\/avatar\/645c92f7d9cfe02bd93ce2d1cfa11cd3a268bdfe65486552ff04b193cea07634?s=96&d=mm&r=g\",\"contentUrl\":\"https:\/\/secure.gravatar.com\/avatar\/645c92f7d9cfe02bd93ce2d1cfa11cd3a268bdfe65486552ff04b193cea07634?s=96&d=mm&r=g\",\"caption\":\"admin\"},\"url\":\"https:\/\/vasasbasket.hu\/index.php\/author\/admin\/\"}]}<\/script>\n<!-- \/ Yoast SEO plugin. -->","yoast_head_json":{"title":"Szoros meccsen maradtunk alul - Vasas n\u0151i kos\u00e1rlabda","robots":{"index":"index","follow":"follow","max-snippet":"max-snippet:-1","max-image-preview":"max-image-preview:large","max-video-preview":"max-video-preview:-1"},"canonical":"https:\/\/vasasbasket.hu\/index.php\/szoros-meccsen-maradtunk-alul\/","og_locale":"hu_HU","og_type":"article","og_title":"Szoros meccsen maradtunk alul - Vasas n\u0151i kos\u00e1rlabda","og_description":"Neh\u00e9z m\u00e9rk\u0151z\u00e9sen van t\u00fal a Vasas Akad\u00e9mia junior csapata, amely a Csata DSE ellen l\u00e9pett p\u00e1ly\u00e1ra. Nem j\u00f6tt ki j\u00f3l l\u00e1nyainknak a l\u00e9p\u00e9s, \u00edgy h\u00e1rom pontos veres\u00e9get szenvedt\u00fcnk. &#8222;Izgalmas meccset j\u00e1tszottunk, de sajnos a a gy\u0151zelem elmaradt. Az els\u0151 negyedben j\u00f3l v\u00e9dekezt\u00fcnk, t\u00e1mad\u00e1sban azonban nem tudtuk hat\u00e9konyan kihaszn\u00e1lni az els\u0151 perceket, nem alakult ki k\u00fcl\u00f6nbs\u00e9g...","og_url":"https:\/\/vasasbasket.hu\/index.php\/szoros-meccsen-maradtunk-alul\/","og_site_name":"Vasas n\u0151i kos\u00e1rlabda","article_publisher":"https:\/\/www.facebook.com\/vasaswbasket\/","article_published_time":"2020-01-29T21:20:00+00:00","og_image":[{"width":1170,"height":650,"url":"https:\/\/vasasbasket.hu\/wp-content\/uploads\/2019\/11\/75037931_2116142762013271_2386305725400875008_n-1170x650.jpg","type":"image\/jpeg"}],"author":"admin","twitter_card":"summary_large_image","twitter_misc":{"Szerz\u0151:":"admin","Becs\u00fclt olvas\u00e1si id\u0151":"2 perc"},"schema":{"@context":"https:\/\/schema.org","@graph":[{"@type":"Article","@id":"https:\/\/vasasbasket.hu\/index.php\/szoros-meccsen-maradtunk-alul\/#article","isPartOf":{"@id":"https:\/\/vasasbasket.hu\/index.php\/szoros-meccsen-maradtunk-alul\/"},"author":{"name":"admin","@id":"https:\/\/vasasbasket.hu\/#\/schema\/person\/f1085f4d2c6582d8d0f977e92de2edee"},"headline":"Szoros meccsen maradtunk alul","datePublished":"2020-01-29T21:20:00+00:00","mainEntityOfPage":{"@id":"https:\/\/vasasbasket.hu\/index.php\/szoros-meccsen-maradtunk-alul\/"},"wordCount":343,"publisher":{"@id":"https:\/\/vasasbasket.hu\/#organization"},"image":{"@id":"https:\/\/vasasbasket.hu\/index.php\/szoros-meccsen-maradtunk-alul\/#primaryimage"},"thumbnailUrl":"https:\/\/vasasbasket.hu\/wp-content\/uploads\/2019\/11\/75037931_2116142762013271_2386305725400875008_n-1170x650.jpg","articleSection":["Junior","\u00d6sszes H\u00edr"],"inLanguage":"hu"},{"@type":"WebPage","@id":"https:\/\/vasasbasket.hu\/index.php\/szoros-meccsen-maradtunk-alul\/","url":"https:\/\/vasasbasket.hu\/index.php\/szoros-meccsen-maradtunk-alul\/","name":"Szoros meccsen maradtunk alul - Vasas n\u0151i kos\u00e1rlabda","isPartOf":{"@id":"https:\/\/vasasbasket.hu\/#website"},"primaryImageOfPage":{"@id":"https:\/\/vasasbasket.hu\/index.php\/szoros-meccsen-maradtunk-alul\/#primaryimage"},"image":{"@id":"https:\/\/vasasbasket.hu\/index.php\/szoros-meccsen-maradtunk-alul\/#primaryimage"},"thumbnailUrl":"https:\/\/vasasbasket.hu\/wp-content\/uploads\/2019\/11\/75037931_2116142762013271_2386305725400875008_n-1170x650.jpg","datePublished":"2020-01-29T21:20:00+00:00","breadcrumb":{"@id":"https:\/\/vasasbasket.hu\/index.php\/szoros-meccsen-maradtunk-alul\/#breadcrumb"},"inLanguage":"hu","potentialAction":[{"@type":"ReadAction","target":["https:\/\/vasasbasket.hu\/index.php\/szoros-meccsen-maradtunk-alul\/"]}]},{"@type":"ImageObject","inLanguage":"hu","@id":"https:\/\/vasasbasket.hu\/index.php\/szoros-meccsen-maradtunk-alul\/#primaryimage","url":"https:\/\/vasasbasket.hu\/wp-content\/uploads\/2019\/11\/75037931_2116142762013271_2386305725400875008_n-1170x650.jpg","contentUrl":"https:\/\/vasasbasket.hu\/wp-content\/uploads\/2019\/11\/75037931_2116142762013271_2386305725400875008_n-1170x650.jpg","width":1170,"height":650},{"@type":"BreadcrumbList","@id":"https:\/\/vasasbasket.hu\/index.php\/szoros-meccsen-maradtunk-alul\/#breadcrumb","itemListElement":[{"@type":"ListItem","position":1,"name":"Kezd\u0151lap","item":"https:\/\/vasasbasket.hu\/"},{"@type":"ListItem","position":2,"name":"Szoros meccsen maradtunk alul"}]},{"@type":"WebSite","@id":"https:\/\/vasasbasket.hu\/#website","url":"https:\/\/vasasbasket.hu\/","name":"Vasas n\u0151i kos\u00e1rlabda","description":"Vasas Basket N\u0151i","publisher":{"@id":"https:\/\/vasasbasket.hu\/#organization"},"potentialAction":[{"@type":"SearchAction","target":{"@type":"EntryPoint","urlTemplate":"https:\/\/vasasbasket.hu\/?s={search_term_string}"},"query-input":{"@type":"PropertyValueSpecification","valueRequired":true,"valueName":"search_term_string"}}],"inLanguage":"hu"},{"@type":"Organization","@id":"https:\/\/vasasbasket.hu\/#organization","name":"Vasas n\u0151i kos\u00e1rlabda","url":"https:\/\/vasasbasket.hu\/","logo":{"@type":"ImageObject","inLanguage":"hu","@id":"https:\/\/vasasbasket.hu\/#\/schema\/logo\/image\/","url":"https:\/\/vasasbasket.hu\/wp-content\/uploads\/2017\/03\/vasas_cimer_1200.jpg","contentUrl":"https:\/\/vasasbasket.hu\/wp-content\/uploads\/2017\/03\/vasas_cimer_1200.jpg","width":1200,"height":1200,"caption":"Vasas n\u0151i kos\u00e1rlabda"},"image":{"@id":"https:\/\/vasasbasket.hu\/#\/schema\/logo\/image\/"},"sameAs":["https:\/\/www.facebook.com\/vasaswbasket\/"]},{"@type":"Person","@id":"https:\/\/vasasbasket.hu\/#\/schema\/person\/f1085f4d2c6582d8d0f977e92de2edee","name":"admin","image":{"@type":"ImageObject","inLanguage":"hu","@id":"https:\/\/vasasbasket.hu\/#\/schema\/person\/image\/","url":"https:\/\/secure.gravatar.com\/avatar\/645c92f7d9cfe02bd93ce2d1cfa11cd3a268bdfe65486552ff04b193cea07634?s=96&d=mm&r=g","contentUrl":"https:\/\/secure.gravatar.com\/avatar\/645c92f7d9cfe02bd93ce2d1cfa11cd3a268bdfe65486552ff04b193cea07634?s=96&d=mm&r=g","caption":"admin"},"url":"https:\/\/vasasbasket.hu\/index.php\/author\/admin\/"}]}},"_links":{"self":[{"href":"https:\/\/vasasbasket.hu\/index.php\/wp-json\/wp\/v2\/posts\/6690","targetHints":{"allow":["GET"]}}],"collection":[{"href":"https:\/\/vasasbasket.hu\/index.php\/wp-json\/wp\/v2\/posts"}],"about":[{"href":"https:\/\/vasasbasket.hu\/index.php\/wp-json\/wp\/v2\/types\/post"}],"author":[{"embeddable":true,"href":"https:\/\/vasasbasket.hu\/index.php\/wp-json\/wp\/v2\/users\/1"}],"replies":[{"embeddable":true,"href":"https:\/\/vasasbasket.hu\/index.php\/wp-json\/wp\/v2\/comments?post=6690"}],"version-history":[{"count":1,"href":"https:\/\/vasasbasket.hu\/index.php\/wp-json\/wp\/v2\/posts\/6690\/revisions"}],"predecessor-version":[{"id":6691,"href":"https:\/\/vasasbasket.hu\/index.php\/wp-json\/wp\/v2\/posts\/6690\/revisions\/6691"}],"wp:featuredmedia":[{"embeddable":true,"href":"https:\/\/vasasbasket.hu\/index.php\/wp-json\/wp\/v2\/media\/6408"}],"wp:attachment":[{"href":"https:\/\/vasasbasket.hu\/index.php\/wp-json\/wp\/v2\/media?parent=6690"}],"wp:term":[{"taxonomy":"category","embeddable":true,"href":"https:\/\/vasasbasket.hu\/index.php\/wp-json\/wp\/v2\/categories?post=6690"},{"taxonomy":"post_tag","embeddable":true,"href":"https:\/\/vasasbasket.hu\/index.php\/wp-json\/wp\/v2\/tags?post=6690"}],"curies":[{"name":"wp","href":"https:\/\/api.w.org\/{rel}","templated":true}]}}