{"id":6657,"date":"2020-01-20T10:12:46","date_gmt":"2020-01-20T10:12:46","guid":{"rendered":"http:\/\/vasasbasket.hu\/?p=6657"},"modified":"2020-01-20T10:12:46","modified_gmt":"2020-01-20T10:12:46","slug":"ujabb-gyozelmet-arattak-a-juniorok","status":"publish","type":"post","link":"https:\/\/vasasbasket.hu\/index.php\/ujabb-gyozelmet-arattak-a-juniorok\/","title":{"rendered":"\u00dajabb gy\u0151zelmet arattak a juniorok"},"content":{"rendered":"<p><strong>Miskolcra l\u00e1togatott szerd\u00e1n junior csapatunk, ahol \u00fajabb gy\u0151zelmet arattunk. Igor Skocovski csapata \u00edgy tov\u00e1bbra is veretlen.<\/strong><\/p>\n<p><em>&#8222;Neh\u00e9z m\u00e9rk\u0151z\u00e9sre sz\u00e1m\u00edtottunk, hiszen a DVTK az alapszakaszt csoportja m\u00e1sodik hely\u00e9n z\u00e1rta. Nem teljes kerettel fogadott minket a h\u00e1zigazda, \u00e9ppen ez\u00e9rt ki akartuk haszn\u00e1lni a lehet\u0151s\u00e9get. Az els\u0151 negyedben z\u00f3n\u00e1val pr\u00f3b\u00e1lt minket meglepni a DVTK, ami r\u00e9szben siker\u00fclt is, j\u00f3l reag\u00e1ltunk azonban a helyzetre, \u00e9s nyolc pontos el\u0151nyre tett\u00fcnk szert az els\u0151 t\u00edz percet k\u00f6vet\u0151en. A m\u00e1sodik negyedben feljavult a dob\u00f3sz\u00e1zal\u00e9kunk, \u00edgy \u00f6t perc ut\u00e1n 32-16-ra elh\u00faztunk, amit a f\u00e9lid\u0151re tov\u00e1bb n\u00f6velt\u00fcnk. A sz\u00fcnet ut\u00e1n b\u0151v\u00edtett\u00fcnk a rot\u00e1ci\u00f3n, a j\u00e1t\u00e9kosok azonban szem\u00e9lyre szabott feladatokat kaptak, amiket nagyon sz\u00e9pen v\u00e9gre is hajtottak, 61-36-ot mutatott az eredm\u00e9nyjelz\u0151 a negyed v\u00e9g\u00e9re. Az utols\u00f3 negyedben kicsit kiz\u00f6kkent\u00fcnk a ritmusb\u00f3l, t\u00f6bb labd\u00e1t is eladtunk, gy\u0151zelm\u00fcnk azonban nem forgott vesz\u00e9lyben s\u0151t, ezt a negyedet is megnyert\u00fck. Gratul\u00e1lok az eg\u00e9sz csapatnak, k\u00fcl\u00f6n dics\u00e9retet \u00e9rdemel Mad\u00e1r Eszter (23 IBM, 15 pont, 10 lepattan\u00f3), Mudra Viola (14 IBM, 15 pont, 4 assziszt), V\u00edgh Bernadett (14 IBM, 9 pont, 5 lepattan\u00f3) \u00e9s Szerencs\u00e9s Tamara (18 IBM, 7 pont, 6 lepattan\u00f3, 6 assziszt)&#8221;<\/em> &#8211; mondta a csapat edz\u0151je, Igor Skocovski.<img loading=\"lazy\" decoding=\"async\" class=\" wp-image-6658 aligncenter\" src=\"http:\/\/vasasbasket.hu\/wp-content\/uploads\/2020\/01\/82308228_608133486396176_247201683149422592_n-1024x768.jpg\" alt=\"\" width=\"499\" height=\"374\" srcset=\"https:\/\/vasasbasket.hu\/wp-content\/uploads\/2020\/01\/82308228_608133486396176_247201683149422592_n-1024x768.jpg 1024w, https:\/\/vasasbasket.hu\/wp-content\/uploads\/2020\/01\/82308228_608133486396176_247201683149422592_n-570x428.jpg 570w, https:\/\/vasasbasket.hu\/wp-content\/uploads\/2020\/01\/82308228_608133486396176_247201683149422592_n-440x330.jpg 440w, https:\/\/vasasbasket.hu\/wp-content\/uploads\/2020\/01\/82308228_608133486396176_247201683149422592_n-300x225.jpg 300w, https:\/\/vasasbasket.hu\/wp-content\/uploads\/2020\/01\/82308228_608133486396176_247201683149422592_n-768x576.jpg 768w, https:\/\/vasasbasket.hu\/wp-content\/uploads\/2020\/01\/82308228_608133486396176_247201683149422592_n-1536x1152.jpg 1536w, https:\/\/vasasbasket.hu\/wp-content\/uploads\/2020\/01\/82308228_608133486396176_247201683149422592_n-128x96.jpg 128w, https:\/\/vasasbasket.hu\/wp-content\/uploads\/2020\/01\/82308228_608133486396176_247201683149422592_n-32x24.jpg 32w, https:\/\/vasasbasket.hu\/wp-content\/uploads\/2020\/01\/82308228_608133486396176_247201683149422592_n-98x74.jpg 98w, https:\/\/vasasbasket.hu\/wp-content\/uploads\/2020\/01\/82308228_608133486396176_247201683149422592_n.jpg 1984w\" sizes=\"auto, (max-width: 499px) 100vw, 499px\" \/>DVTK Akad\u00e9mia<strong> &#8211; Vasas Akad\u00e9mia 51-81<\/strong> (8-16, 16-24, 12-19 15-20)<br \/>\n<em>Pontszerz\u0151k:<br \/>\n<\/em><strong>Vasas Akad\u00e9mia\/A:<\/strong> V\u00edgh B. 9, D\u00fal T. 1, Sikl\u00f3s D. ,Mudra V. 15, Kuncz P. L 9, L\u0151rinczy P. 6, Salamon Zs. 8, Nagy L.2, Kun R. 9, Szerencs\u00e9s T. 7, Mad\u00e1r E. 15, Kuncz P. Barbara ,<br \/>\n<strong>DVTK Akad\u00e9mia:<\/strong> Ol\u00e1h F. 2, Csoma P 4, V\u00e9g-Dud\u00e1s A. 6, Kababik B. 8, K\u00e1rp\u00e1ti R. 6, Suhajda V., M\u00e1rkusz L. 14, Pom\u00e1zi L. 1, T\u00f3th B. 2, Bal\u00e1zs L. 6, Szegecki N. 2<\/p>\n","protected":false},"excerpt":{"rendered":"<p>Miskolcra l\u00e1togatott szerd\u00e1n junior csapatunk, ahol \u00fajabb gy\u0151zelmet arattunk. Igor Skocovski csapata \u00edgy tov\u00e1bbra is veretlen. &#8222;Neh\u00e9z m\u00e9rk\u0151z\u00e9sre sz\u00e1m\u00edtottunk, hiszen a DVTK az alapszakaszt csoportja m\u00e1sodik hely\u00e9n z\u00e1rta. Nem teljes kerettel fogadott minket a h\u00e1zigazda, \u00e9ppen ez\u00e9rt ki akartuk haszn\u00e1lni a lehet\u0151s\u00e9get. Az els\u0151 negyedben z\u00f3n\u00e1val pr\u00f3b\u00e1lt minket meglepni a DVTK, ami r\u00e9szben siker\u00fclt is,&#8230;<\/p>\n","protected":false},"author":1,"featured_media":6659,"comment_status":"closed","ping_status":"open","sticky":false,"template":"","format":"standard","meta":{"footnotes":""},"categories":[50,92],"tags":[],"class_list":["post-6657","post","type-post","status-publish","format-standard","has-post-thumbnail","hentry","category-junior","category-hirek"],"yoast_head":"<!-- This site is optimized with the Yoast SEO plugin v26.0 - https:\/\/yoast.com\/wordpress\/plugins\/seo\/ -->\n<title>\u00dajabb gy\u0151zelmet arattak a juniorok - Vasas n\u0151i kos\u00e1rlabda<\/title>\n<meta name=\"robots\" content=\"index, follow, max-snippet:-1, max-image-preview:large, max-video-preview:-1\" \/>\n<link rel=\"canonical\" href=\"https:\/\/vasasbasket.hu\/index.php\/ujabb-gyozelmet-arattak-a-juniorok\/\" \/>\n<meta property=\"og:locale\" content=\"hu_HU\" \/>\n<meta property=\"og:type\" content=\"article\" \/>\n<meta property=\"og:title\" content=\"\u00dajabb gy\u0151zelmet arattak a juniorok - Vasas n\u0151i kos\u00e1rlabda\" \/>\n<meta property=\"og:description\" content=\"Miskolcra l\u00e1togatott szerd\u00e1n junior csapatunk, ahol \u00fajabb gy\u0151zelmet arattunk. Igor Skocovski csapata \u00edgy tov\u00e1bbra is veretlen. &#8222;Neh\u00e9z m\u00e9rk\u0151z\u00e9sre sz\u00e1m\u00edtottunk, hiszen a DVTK az alapszakaszt csoportja m\u00e1sodik hely\u00e9n z\u00e1rta. Nem teljes kerettel fogadott minket a h\u00e1zigazda, \u00e9ppen ez\u00e9rt ki akartuk haszn\u00e1lni a lehet\u0151s\u00e9get. Az els\u0151 negyedben z\u00f3n\u00e1val pr\u00f3b\u00e1lt minket meglepni a DVTK, ami r\u00e9szben siker\u00fclt is,...\" \/>\n<meta property=\"og:url\" content=\"https:\/\/vasasbasket.hu\/index.php\/ujabb-gyozelmet-arattak-a-juniorok\/\" \/>\n<meta property=\"og:site_name\" content=\"Vasas n\u0151i kos\u00e1rlabda\" \/>\n<meta property=\"article:publisher\" content=\"https:\/\/www.facebook.com\/vasaswbasket\/\" \/>\n<meta property=\"article:published_time\" content=\"2020-01-20T10:12:46+00:00\" \/>\n<meta property=\"og:image\" content=\"https:\/\/vasasbasket.hu\/wp-content\/uploads\/2020\/01\/83188338_843606012744539_434813168968007680_n.jpg\" \/>\n\t<meta property=\"og:image:width\" content=\"1984\" \/>\n\t<meta property=\"og:image:height\" content=\"1488\" \/>\n\t<meta property=\"og:image:type\" content=\"image\/jpeg\" \/>\n<meta name=\"author\" content=\"admin\" \/>\n<meta name=\"twitter:card\" content=\"summary_large_image\" \/>\n<meta name=\"twitter:label1\" content=\"Szerz\u0151:\" \/>\n\t<meta name=\"twitter:data1\" content=\"admin\" \/>\n\t<meta name=\"twitter:label2\" content=\"Becs\u00fclt olvas\u00e1si id\u0151\" \/>\n\t<meta name=\"twitter:data2\" content=\"2 perc\" \/>\n<script type=\"application\/ld+json\" class=\"yoast-schema-graph\">{\"@context\":\"https:\/\/schema.org\",\"@graph\":[{\"@type\":\"Article\",\"@id\":\"https:\/\/vasasbasket.hu\/index.php\/ujabb-gyozelmet-arattak-a-juniorok\/#article\",\"isPartOf\":{\"@id\":\"https:\/\/vasasbasket.hu\/index.php\/ujabb-gyozelmet-arattak-a-juniorok\/\"},\"author\":{\"name\":\"admin\",\"@id\":\"https:\/\/vasasbasket.hu\/#\/schema\/person\/f1085f4d2c6582d8d0f977e92de2edee\"},\"headline\":\"\u00dajabb gy\u0151zelmet arattak a juniorok\",\"datePublished\":\"2020-01-20T10:12:46+00:00\",\"mainEntityOfPage\":{\"@id\":\"https:\/\/vasasbasket.hu\/index.php\/ujabb-gyozelmet-arattak-a-juniorok\/\"},\"wordCount\":340,\"publisher\":{\"@id\":\"https:\/\/vasasbasket.hu\/#organization\"},\"image\":{\"@id\":\"https:\/\/vasasbasket.hu\/index.php\/ujabb-gyozelmet-arattak-a-juniorok\/#primaryimage\"},\"thumbnailUrl\":\"https:\/\/vasasbasket.hu\/wp-content\/uploads\/2020\/01\/83188338_843606012744539_434813168968007680_n.jpg\",\"articleSection\":[\"Junior\",\"\u00d6sszes H\u00edr\"],\"inLanguage\":\"hu\"},{\"@type\":\"WebPage\",\"@id\":\"https:\/\/vasasbasket.hu\/index.php\/ujabb-gyozelmet-arattak-a-juniorok\/\",\"url\":\"https:\/\/vasasbasket.hu\/index.php\/ujabb-gyozelmet-arattak-a-juniorok\/\",\"name\":\"\u00dajabb gy\u0151zelmet arattak a juniorok - Vasas n\u0151i kos\u00e1rlabda\",\"isPartOf\":{\"@id\":\"https:\/\/vasasbasket.hu\/#website\"},\"primaryImageOfPage\":{\"@id\":\"https:\/\/vasasbasket.hu\/index.php\/ujabb-gyozelmet-arattak-a-juniorok\/#primaryimage\"},\"image\":{\"@id\":\"https:\/\/vasasbasket.hu\/index.php\/ujabb-gyozelmet-arattak-a-juniorok\/#primaryimage\"},\"thumbnailUrl\":\"https:\/\/vasasbasket.hu\/wp-content\/uploads\/2020\/01\/83188338_843606012744539_434813168968007680_n.jpg\",\"datePublished\":\"2020-01-20T10:12:46+00:00\",\"breadcrumb\":{\"@id\":\"https:\/\/vasasbasket.hu\/index.php\/ujabb-gyozelmet-arattak-a-juniorok\/#breadcrumb\"},\"inLanguage\":\"hu\",\"potentialAction\":[{\"@type\":\"ReadAction\",\"target\":[\"https:\/\/vasasbasket.hu\/index.php\/ujabb-gyozelmet-arattak-a-juniorok\/\"]}]},{\"@type\":\"ImageObject\",\"inLanguage\":\"hu\",\"@id\":\"https:\/\/vasasbasket.hu\/index.php\/ujabb-gyozelmet-arattak-a-juniorok\/#primaryimage\",\"url\":\"https:\/\/vasasbasket.hu\/wp-content\/uploads\/2020\/01\/83188338_843606012744539_434813168968007680_n.jpg\",\"contentUrl\":\"https:\/\/vasasbasket.hu\/wp-content\/uploads\/2020\/01\/83188338_843606012744539_434813168968007680_n.jpg\",\"width\":1984,\"height\":1488},{\"@type\":\"BreadcrumbList\",\"@id\":\"https:\/\/vasasbasket.hu\/index.php\/ujabb-gyozelmet-arattak-a-juniorok\/#breadcrumb\",\"itemListElement\":[{\"@type\":\"ListItem\",\"position\":1,\"name\":\"Kezd\u0151lap\",\"item\":\"https:\/\/vasasbasket.hu\/\"},{\"@type\":\"ListItem\",\"position\":2,\"name\":\"\u00dajabb gy\u0151zelmet arattak a juniorok\"}]},{\"@type\":\"WebSite\",\"@id\":\"https:\/\/vasasbasket.hu\/#website\",\"url\":\"https:\/\/vasasbasket.hu\/\",\"name\":\"Vasas n\u0151i kos\u00e1rlabda\",\"description\":\"Vasas Basket N\u0151i\",\"publisher\":{\"@id\":\"https:\/\/vasasbasket.hu\/#organization\"},\"potentialAction\":[{\"@type\":\"SearchAction\",\"target\":{\"@type\":\"EntryPoint\",\"urlTemplate\":\"https:\/\/vasasbasket.hu\/?s={search_term_string}\"},\"query-input\":{\"@type\":\"PropertyValueSpecification\",\"valueRequired\":true,\"valueName\":\"search_term_string\"}}],\"inLanguage\":\"hu\"},{\"@type\":\"Organization\",\"@id\":\"https:\/\/vasasbasket.hu\/#organization\",\"name\":\"Vasas n\u0151i kos\u00e1rlabda\",\"url\":\"https:\/\/vasasbasket.hu\/\",\"logo\":{\"@type\":\"ImageObject\",\"inLanguage\":\"hu\",\"@id\":\"https:\/\/vasasbasket.hu\/#\/schema\/logo\/image\/\",\"url\":\"https:\/\/vasasbasket.hu\/wp-content\/uploads\/2017\/03\/vasas_cimer_1200.jpg\",\"contentUrl\":\"https:\/\/vasasbasket.hu\/wp-content\/uploads\/2017\/03\/vasas_cimer_1200.jpg\",\"width\":1200,\"height\":1200,\"caption\":\"Vasas n\u0151i kos\u00e1rlabda\"},\"image\":{\"@id\":\"https:\/\/vasasbasket.hu\/#\/schema\/logo\/image\/\"},\"sameAs\":[\"https:\/\/www.facebook.com\/vasaswbasket\/\"]},{\"@type\":\"Person\",\"@id\":\"https:\/\/vasasbasket.hu\/#\/schema\/person\/f1085f4d2c6582d8d0f977e92de2edee\",\"name\":\"admin\",\"image\":{\"@type\":\"ImageObject\",\"inLanguage\":\"hu\",\"@id\":\"https:\/\/vasasbasket.hu\/#\/schema\/person\/image\/\",\"url\":\"https:\/\/secure.gravatar.com\/avatar\/645c92f7d9cfe02bd93ce2d1cfa11cd3a268bdfe65486552ff04b193cea07634?s=96&d=mm&r=g\",\"contentUrl\":\"https:\/\/secure.gravatar.com\/avatar\/645c92f7d9cfe02bd93ce2d1cfa11cd3a268bdfe65486552ff04b193cea07634?s=96&d=mm&r=g\",\"caption\":\"admin\"},\"url\":\"https:\/\/vasasbasket.hu\/index.php\/author\/admin\/\"}]}<\/script>\n<!-- \/ Yoast SEO plugin. -->","yoast_head_json":{"title":"\u00dajabb gy\u0151zelmet arattak a juniorok - Vasas n\u0151i kos\u00e1rlabda","robots":{"index":"index","follow":"follow","max-snippet":"max-snippet:-1","max-image-preview":"max-image-preview:large","max-video-preview":"max-video-preview:-1"},"canonical":"https:\/\/vasasbasket.hu\/index.php\/ujabb-gyozelmet-arattak-a-juniorok\/","og_locale":"hu_HU","og_type":"article","og_title":"\u00dajabb gy\u0151zelmet arattak a juniorok - Vasas n\u0151i kos\u00e1rlabda","og_description":"Miskolcra l\u00e1togatott szerd\u00e1n junior csapatunk, ahol \u00fajabb gy\u0151zelmet arattunk. Igor Skocovski csapata \u00edgy tov\u00e1bbra is veretlen. &#8222;Neh\u00e9z m\u00e9rk\u0151z\u00e9sre sz\u00e1m\u00edtottunk, hiszen a DVTK az alapszakaszt csoportja m\u00e1sodik hely\u00e9n z\u00e1rta. Nem teljes kerettel fogadott minket a h\u00e1zigazda, \u00e9ppen ez\u00e9rt ki akartuk haszn\u00e1lni a lehet\u0151s\u00e9get. Az els\u0151 negyedben z\u00f3n\u00e1val pr\u00f3b\u00e1lt minket meglepni a DVTK, ami r\u00e9szben siker\u00fclt is,...","og_url":"https:\/\/vasasbasket.hu\/index.php\/ujabb-gyozelmet-arattak-a-juniorok\/","og_site_name":"Vasas n\u0151i kos\u00e1rlabda","article_publisher":"https:\/\/www.facebook.com\/vasaswbasket\/","article_published_time":"2020-01-20T10:12:46+00:00","og_image":[{"width":1984,"height":1488,"url":"https:\/\/vasasbasket.hu\/wp-content\/uploads\/2020\/01\/83188338_843606012744539_434813168968007680_n.jpg","type":"image\/jpeg"}],"author":"admin","twitter_card":"summary_large_image","twitter_misc":{"Szerz\u0151:":"admin","Becs\u00fclt olvas\u00e1si id\u0151":"2 perc"},"schema":{"@context":"https:\/\/schema.org","@graph":[{"@type":"Article","@id":"https:\/\/vasasbasket.hu\/index.php\/ujabb-gyozelmet-arattak-a-juniorok\/#article","isPartOf":{"@id":"https:\/\/vasasbasket.hu\/index.php\/ujabb-gyozelmet-arattak-a-juniorok\/"},"author":{"name":"admin","@id":"https:\/\/vasasbasket.hu\/#\/schema\/person\/f1085f4d2c6582d8d0f977e92de2edee"},"headline":"\u00dajabb gy\u0151zelmet arattak a juniorok","datePublished":"2020-01-20T10:12:46+00:00","mainEntityOfPage":{"@id":"https:\/\/vasasbasket.hu\/index.php\/ujabb-gyozelmet-arattak-a-juniorok\/"},"wordCount":340,"publisher":{"@id":"https:\/\/vasasbasket.hu\/#organization"},"image":{"@id":"https:\/\/vasasbasket.hu\/index.php\/ujabb-gyozelmet-arattak-a-juniorok\/#primaryimage"},"thumbnailUrl":"https:\/\/vasasbasket.hu\/wp-content\/uploads\/2020\/01\/83188338_843606012744539_434813168968007680_n.jpg","articleSection":["Junior","\u00d6sszes H\u00edr"],"inLanguage":"hu"},{"@type":"WebPage","@id":"https:\/\/vasasbasket.hu\/index.php\/ujabb-gyozelmet-arattak-a-juniorok\/","url":"https:\/\/vasasbasket.hu\/index.php\/ujabb-gyozelmet-arattak-a-juniorok\/","name":"\u00dajabb gy\u0151zelmet arattak a juniorok - Vasas n\u0151i kos\u00e1rlabda","isPartOf":{"@id":"https:\/\/vasasbasket.hu\/#website"},"primaryImageOfPage":{"@id":"https:\/\/vasasbasket.hu\/index.php\/ujabb-gyozelmet-arattak-a-juniorok\/#primaryimage"},"image":{"@id":"https:\/\/vasasbasket.hu\/index.php\/ujabb-gyozelmet-arattak-a-juniorok\/#primaryimage"},"thumbnailUrl":"https:\/\/vasasbasket.hu\/wp-content\/uploads\/2020\/01\/83188338_843606012744539_434813168968007680_n.jpg","datePublished":"2020-01-20T10:12:46+00:00","breadcrumb":{"@id":"https:\/\/vasasbasket.hu\/index.php\/ujabb-gyozelmet-arattak-a-juniorok\/#breadcrumb"},"inLanguage":"hu","potentialAction":[{"@type":"ReadAction","target":["https:\/\/vasasbasket.hu\/index.php\/ujabb-gyozelmet-arattak-a-juniorok\/"]}]},{"@type":"ImageObject","inLanguage":"hu","@id":"https:\/\/vasasbasket.hu\/index.php\/ujabb-gyozelmet-arattak-a-juniorok\/#primaryimage","url":"https:\/\/vasasbasket.hu\/wp-content\/uploads\/2020\/01\/83188338_843606012744539_434813168968007680_n.jpg","contentUrl":"https:\/\/vasasbasket.hu\/wp-content\/uploads\/2020\/01\/83188338_843606012744539_434813168968007680_n.jpg","width":1984,"height":1488},{"@type":"BreadcrumbList","@id":"https:\/\/vasasbasket.hu\/index.php\/ujabb-gyozelmet-arattak-a-juniorok\/#breadcrumb","itemListElement":[{"@type":"ListItem","position":1,"name":"Kezd\u0151lap","item":"https:\/\/vasasbasket.hu\/"},{"@type":"ListItem","position":2,"name":"\u00dajabb gy\u0151zelmet arattak a juniorok"}]},{"@type":"WebSite","@id":"https:\/\/vasasbasket.hu\/#website","url":"https:\/\/vasasbasket.hu\/","name":"Vasas n\u0151i kos\u00e1rlabda","description":"Vasas Basket N\u0151i","publisher":{"@id":"https:\/\/vasasbasket.hu\/#organization"},"potentialAction":[{"@type":"SearchAction","target":{"@type":"EntryPoint","urlTemplate":"https:\/\/vasasbasket.hu\/?s={search_term_string}"},"query-input":{"@type":"PropertyValueSpecification","valueRequired":true,"valueName":"search_term_string"}}],"inLanguage":"hu"},{"@type":"Organization","@id":"https:\/\/vasasbasket.hu\/#organization","name":"Vasas n\u0151i kos\u00e1rlabda","url":"https:\/\/vasasbasket.hu\/","logo":{"@type":"ImageObject","inLanguage":"hu","@id":"https:\/\/vasasbasket.hu\/#\/schema\/logo\/image\/","url":"https:\/\/vasasbasket.hu\/wp-content\/uploads\/2017\/03\/vasas_cimer_1200.jpg","contentUrl":"https:\/\/vasasbasket.hu\/wp-content\/uploads\/2017\/03\/vasas_cimer_1200.jpg","width":1200,"height":1200,"caption":"Vasas n\u0151i kos\u00e1rlabda"},"image":{"@id":"https:\/\/vasasbasket.hu\/#\/schema\/logo\/image\/"},"sameAs":["https:\/\/www.facebook.com\/vasaswbasket\/"]},{"@type":"Person","@id":"https:\/\/vasasbasket.hu\/#\/schema\/person\/f1085f4d2c6582d8d0f977e92de2edee","name":"admin","image":{"@type":"ImageObject","inLanguage":"hu","@id":"https:\/\/vasasbasket.hu\/#\/schema\/person\/image\/","url":"https:\/\/secure.gravatar.com\/avatar\/645c92f7d9cfe02bd93ce2d1cfa11cd3a268bdfe65486552ff04b193cea07634?s=96&d=mm&r=g","contentUrl":"https:\/\/secure.gravatar.com\/avatar\/645c92f7d9cfe02bd93ce2d1cfa11cd3a268bdfe65486552ff04b193cea07634?s=96&d=mm&r=g","caption":"admin"},"url":"https:\/\/vasasbasket.hu\/index.php\/author\/admin\/"}]}},"_links":{"self":[{"href":"https:\/\/vasasbasket.hu\/index.php\/wp-json\/wp\/v2\/posts\/6657","targetHints":{"allow":["GET"]}}],"collection":[{"href":"https:\/\/vasasbasket.hu\/index.php\/wp-json\/wp\/v2\/posts"}],"about":[{"href":"https:\/\/vasasbasket.hu\/index.php\/wp-json\/wp\/v2\/types\/post"}],"author":[{"embeddable":true,"href":"https:\/\/vasasbasket.hu\/index.php\/wp-json\/wp\/v2\/users\/1"}],"replies":[{"embeddable":true,"href":"https:\/\/vasasbasket.hu\/index.php\/wp-json\/wp\/v2\/comments?post=6657"}],"version-history":[{"count":1,"href":"https:\/\/vasasbasket.hu\/index.php\/wp-json\/wp\/v2\/posts\/6657\/revisions"}],"predecessor-version":[{"id":6660,"href":"https:\/\/vasasbasket.hu\/index.php\/wp-json\/wp\/v2\/posts\/6657\/revisions\/6660"}],"wp:featuredmedia":[{"embeddable":true,"href":"https:\/\/vasasbasket.hu\/index.php\/wp-json\/wp\/v2\/media\/6659"}],"wp:attachment":[{"href":"https:\/\/vasasbasket.hu\/index.php\/wp-json\/wp\/v2\/media?parent=6657"}],"wp:term":[{"taxonomy":"category","embeddable":true,"href":"https:\/\/vasasbasket.hu\/index.php\/wp-json\/wp\/v2\/categories?post=6657"},{"taxonomy":"post_tag","embeddable":true,"href":"https:\/\/vasasbasket.hu\/index.php\/wp-json\/wp\/v2\/tags?post=6657"}],"curies":[{"name":"wp","href":"https:\/\/api.w.org\/{rel}","templated":true}]}}