{"id":6633,"date":"2020-01-14T18:49:39","date_gmt":"2020-01-14T18:49:39","guid":{"rendered":"http:\/\/vasasbasket.hu\/?p=6633"},"modified":"2020-01-14T18:49:39","modified_gmt":"2020-01-14T18:49:39","slug":"derekasan-kuzdottek-a-bolhak","status":"publish","type":"post","link":"https:\/\/vasasbasket.hu\/index.php\/derekasan-kuzdottek-a-bolhak\/","title":{"rendered":"Derekasan k\u00fczd\u00f6ttek a Bolh\u00e1k"},"content":{"rendered":"<p><strong>U12\/B csapatunk is k\u00e9t m\u00e9rk\u0151z\u00e9st j\u00e1tszott a h\u00e9tv\u00e9g\u00e9n, r\u00e1ad\u00e1sul sokan nemcsak k\u00e9t tal\u00e1lkoz\u00f3n l\u00e9ptek p\u00e1ly\u00e1ra, hiszen vannak j\u00e1t\u00e9kosok, akik a Bolh\u00e1k \u00e9s az Amazonok csapat\u00e1t is er\u0151s\u00edtik. L\u00e1nyaink \u00f3ri\u00e1sit k\u00fczdve bezsebeltek egy gy\u0151zelmet, a nap utols\u00f3 m\u00e9rk\u0151z\u00e9s\u00e9re azonban tal\u00e1n egy kicsit elf\u00e1radtunk.<\/strong><\/p>\n<p><em>&#8222;Neh\u00e9z dolgunk volt szombat este, mivel egy meccs kihagy\u00e1ssal, az Amazonok ut\u00e1n kellett lej\u00e1tszani mindk\u00e9t m\u00e9rk\u0151z\u00e9st. T\u00f6bb l\u00e1ny is van, aki mind a k\u00e9t csapatban \u00e9rdekelt, ez\u00e9rt sz\u00e1m\u00edtottunk r\u00e1, hogy neh\u00e9z lesz a mostani fordul\u00f3. Az els\u0151 meccsen magabiztos j\u00e1t\u00e9kkal siker\u00fclt f\u00f6l\u00e9nyes gy\u0151zelmet aratnunk, j\u00f3 v\u00e9dekez\u00e9s\u00fcnknek k\u00f6sz\u00f6nhet\u0151en sok k\u00f6nny\u0171 kosarat tudtunk szerezni. Egy\u00e9nileg \u00e9s csapatszinten is lehet\u0151s\u00e9g\u00fcnk volt gyakorolni az edz\u00e9sen tanultakat, nagyon j\u00f3 volt n\u00e9zni, ahogy a l\u00e1nyok fordul\u00f3r\u00f3l fordul\u00f3ra egyre b\u00e1trabbak, \u00e9s a megszokott k\u00e9zv\u00e1lt\u00e1sok mellett egyre t\u00f6bbsz\u00f6r haszn\u00e1lj\u00e1k a l\u00e1b k\u00f6z\u00f6tti, h\u00e1t m\u00f6g\u00f6tti cseleket is&#8221;<\/em> &#8211; mondta a csapat edz\u0151je, Farkas Fanni.<\/p>\n<p><strong>Vasas Bolh\u00e1k &#8211;<\/strong> SZPA-HSE 63-34<br \/>\n<em>Pontszerz\u0151k:<\/em><br \/>\n<strong>Vasas Bolh\u00e1k:<\/strong> Toman Zs\u00f3fi 16, Muszka Zita 15, Mayr Lara 13, Szab\u00f3 Noncsi 7, M\u00e1rton Lia 5, Tur\u00f3czy Dalma 3, Bogd\u00e1n Fanni 1, B\u00e9res-Nagy Szofi 1, Bacsa Szonja 1, Tompa Non\u00f3 1<\/p>\n<p><em>&#8222;A m\u00e1sodik m\u00e9rk\u0151z\u00e9sen egy er\u0151sebb, csak fi\u00fakb\u00f3l \u00e1ll\u00f3 csapat ellen l\u00e9t\u00fcnk p\u00e1ly\u00e1ra, tov\u00e1bb nehez\u00edtette dolgunkat, hogy L\u00e9da \u00e9s Lara nem \u00e9rezt\u00e9k j\u00f3l magukat, \u00edgy t\u00edz j\u00e1t\u00e9kossal, csere n\u00e9lk\u00fcl kellett lej\u00e1tszanunk az utols\u00f3 h\u00e1rom negyedet. A neh\u00e9zs\u00e9gek ellen\u00e9re a l\u00e1nyok felsz\u00edvt\u00e1k magukat, k\u00fczd\u00f6ttek, hajtottak, az utols\u00f3 pillanatig fantasztikus hozz\u00e1\u00e1ll\u00e1ssal kosaraztak. A gy\u0151zelmet sajnos nem siker\u00fclt megszerezni, de le a kalappal a csajok el\u0151tt, szuper volt l\u00e1tni, hogy igazi csapatk\u00e9nt viselkedtek\u201d<\/em> &#8211; \u00e9rt\u00e9kelt Farkas Fanni.<\/p>\n<p>MAFC-Grosics<strong> &#8211; Vasas Bolh\u00e1k 62-31<br \/>\n<\/strong><em>Pontszerz\u0151k:<\/em><br \/>\n<strong>Vasas Bolh\u00e1k:<\/strong> Szab\u00f3 Noncsi, Bogd\u00e1n Fanni 6, B\u00e9res-Nagy Szofi 6, Toman Zs\u00f3fi 6, Tur\u00f3czy Dalma 3, Mayr Lara 1<\/p>\n","protected":false},"excerpt":{"rendered":"<p>U12\/B csapatunk is k\u00e9t m\u00e9rk\u0151z\u00e9st j\u00e1tszott a h\u00e9tv\u00e9g\u00e9n, r\u00e1ad\u00e1sul sokan nemcsak k\u00e9t tal\u00e1lkoz\u00f3n l\u00e9ptek p\u00e1ly\u00e1ra, hiszen vannak j\u00e1t\u00e9kosok, akik a Bolh\u00e1k \u00e9s az Amazonok csapat\u00e1t is er\u0151s\u00edtik. L\u00e1nyaink \u00f3ri\u00e1sit k\u00fczdve bezsebeltek egy gy\u0151zelmet, a nap utols\u00f3 m\u00e9rk\u0151z\u00e9s\u00e9re azonban tal\u00e1n egy kicsit elf\u00e1radtunk. &#8222;Neh\u00e9z dolgunk volt szombat este, mivel egy meccs kihagy\u00e1ssal, az Amazonok ut\u00e1n kellett&#8230;<\/p>\n","protected":false},"author":1,"featured_media":6635,"comment_status":"closed","ping_status":"open","sticky":false,"template":"","format":"standard","meta":{"footnotes":""},"categories":[73,92],"tags":[],"class_list":["post-6633","post","type-post","status-publish","format-standard","has-post-thumbnail","hentry","category-gyerek","category-hirek"],"yoast_head":"<!-- This site is optimized with the Yoast SEO plugin v26.0 - https:\/\/yoast.com\/wordpress\/plugins\/seo\/ -->\n<title>Derekasan k\u00fczd\u00f6ttek a Bolh\u00e1k - Vasas n\u0151i kos\u00e1rlabda<\/title>\n<meta name=\"robots\" content=\"index, follow, max-snippet:-1, max-image-preview:large, max-video-preview:-1\" \/>\n<link rel=\"canonical\" href=\"https:\/\/vasasbasket.hu\/index.php\/derekasan-kuzdottek-a-bolhak\/\" \/>\n<meta property=\"og:locale\" content=\"hu_HU\" \/>\n<meta property=\"og:type\" content=\"article\" \/>\n<meta property=\"og:title\" content=\"Derekasan k\u00fczd\u00f6ttek a Bolh\u00e1k - Vasas n\u0151i kos\u00e1rlabda\" \/>\n<meta property=\"og:description\" content=\"U12\/B csapatunk is k\u00e9t m\u00e9rk\u0151z\u00e9st j\u00e1tszott a h\u00e9tv\u00e9g\u00e9n, r\u00e1ad\u00e1sul sokan nemcsak k\u00e9t tal\u00e1lkoz\u00f3n l\u00e9ptek p\u00e1ly\u00e1ra, hiszen vannak j\u00e1t\u00e9kosok, akik a Bolh\u00e1k \u00e9s az Amazonok csapat\u00e1t is er\u0151s\u00edtik. L\u00e1nyaink \u00f3ri\u00e1sit k\u00fczdve bezsebeltek egy gy\u0151zelmet, a nap utols\u00f3 m\u00e9rk\u0151z\u00e9s\u00e9re azonban tal\u00e1n egy kicsit elf\u00e1radtunk. &#8222;Neh\u00e9z dolgunk volt szombat este, mivel egy meccs kihagy\u00e1ssal, az Amazonok ut\u00e1n kellett...\" \/>\n<meta property=\"og:url\" content=\"https:\/\/vasasbasket.hu\/index.php\/derekasan-kuzdottek-a-bolhak\/\" \/>\n<meta property=\"og:site_name\" content=\"Vasas n\u0151i kos\u00e1rlabda\" \/>\n<meta property=\"article:publisher\" content=\"https:\/\/www.facebook.com\/vasaswbasket\/\" \/>\n<meta property=\"article:published_time\" content=\"2020-01-14T18:49:39+00:00\" \/>\n<meta property=\"og:image\" content=\"https:\/\/vasasbasket.hu\/wp-content\/uploads\/2020\/01\/IMG_0896-scaled.jpeg\" \/>\n\t<meta property=\"og:image:width\" content=\"2560\" \/>\n\t<meta property=\"og:image:height\" content=\"1920\" \/>\n\t<meta property=\"og:image:type\" content=\"image\/jpeg\" \/>\n<meta name=\"author\" content=\"admin\" \/>\n<meta name=\"twitter:card\" content=\"summary_large_image\" \/>\n<meta name=\"twitter:label1\" content=\"Szerz\u0151:\" \/>\n\t<meta name=\"twitter:data1\" content=\"admin\" \/>\n\t<meta name=\"twitter:label2\" content=\"Becs\u00fclt olvas\u00e1si id\u0151\" \/>\n\t<meta name=\"twitter:data2\" content=\"2 perc\" \/>\n<script type=\"application\/ld+json\" class=\"yoast-schema-graph\">{\"@context\":\"https:\/\/schema.org\",\"@graph\":[{\"@type\":\"Article\",\"@id\":\"https:\/\/vasasbasket.hu\/index.php\/derekasan-kuzdottek-a-bolhak\/#article\",\"isPartOf\":{\"@id\":\"https:\/\/vasasbasket.hu\/index.php\/derekasan-kuzdottek-a-bolhak\/\"},\"author\":{\"name\":\"admin\",\"@id\":\"https:\/\/vasasbasket.hu\/#\/schema\/person\/f1085f4d2c6582d8d0f977e92de2edee\"},\"headline\":\"Derekasan k\u00fczd\u00f6ttek a Bolh\u00e1k\",\"datePublished\":\"2020-01-14T18:49:39+00:00\",\"mainEntityOfPage\":{\"@id\":\"https:\/\/vasasbasket.hu\/index.php\/derekasan-kuzdottek-a-bolhak\/\"},\"wordCount\":405,\"publisher\":{\"@id\":\"https:\/\/vasasbasket.hu\/#organization\"},\"image\":{\"@id\":\"https:\/\/vasasbasket.hu\/index.php\/derekasan-kuzdottek-a-bolhak\/#primaryimage\"},\"thumbnailUrl\":\"https:\/\/vasasbasket.hu\/wp-content\/uploads\/2020\/01\/IMG_0896-scaled.jpeg\",\"articleSection\":[\"Gyerek\",\"\u00d6sszes H\u00edr\"],\"inLanguage\":\"hu\"},{\"@type\":\"WebPage\",\"@id\":\"https:\/\/vasasbasket.hu\/index.php\/derekasan-kuzdottek-a-bolhak\/\",\"url\":\"https:\/\/vasasbasket.hu\/index.php\/derekasan-kuzdottek-a-bolhak\/\",\"name\":\"Derekasan k\u00fczd\u00f6ttek a Bolh\u00e1k - Vasas n\u0151i kos\u00e1rlabda\",\"isPartOf\":{\"@id\":\"https:\/\/vasasbasket.hu\/#website\"},\"primaryImageOfPage\":{\"@id\":\"https:\/\/vasasbasket.hu\/index.php\/derekasan-kuzdottek-a-bolhak\/#primaryimage\"},\"image\":{\"@id\":\"https:\/\/vasasbasket.hu\/index.php\/derekasan-kuzdottek-a-bolhak\/#primaryimage\"},\"thumbnailUrl\":\"https:\/\/vasasbasket.hu\/wp-content\/uploads\/2020\/01\/IMG_0896-scaled.jpeg\",\"datePublished\":\"2020-01-14T18:49:39+00:00\",\"breadcrumb\":{\"@id\":\"https:\/\/vasasbasket.hu\/index.php\/derekasan-kuzdottek-a-bolhak\/#breadcrumb\"},\"inLanguage\":\"hu\",\"potentialAction\":[{\"@type\":\"ReadAction\",\"target\":[\"https:\/\/vasasbasket.hu\/index.php\/derekasan-kuzdottek-a-bolhak\/\"]}]},{\"@type\":\"ImageObject\",\"inLanguage\":\"hu\",\"@id\":\"https:\/\/vasasbasket.hu\/index.php\/derekasan-kuzdottek-a-bolhak\/#primaryimage\",\"url\":\"https:\/\/vasasbasket.hu\/wp-content\/uploads\/2020\/01\/IMG_0896-scaled.jpeg\",\"contentUrl\":\"https:\/\/vasasbasket.hu\/wp-content\/uploads\/2020\/01\/IMG_0896-scaled.jpeg\",\"width\":2560,\"height\":1920},{\"@type\":\"BreadcrumbList\",\"@id\":\"https:\/\/vasasbasket.hu\/index.php\/derekasan-kuzdottek-a-bolhak\/#breadcrumb\",\"itemListElement\":[{\"@type\":\"ListItem\",\"position\":1,\"name\":\"Kezd\u0151lap\",\"item\":\"https:\/\/vasasbasket.hu\/\"},{\"@type\":\"ListItem\",\"position\":2,\"name\":\"Derekasan k\u00fczd\u00f6ttek a Bolh\u00e1k\"}]},{\"@type\":\"WebSite\",\"@id\":\"https:\/\/vasasbasket.hu\/#website\",\"url\":\"https:\/\/vasasbasket.hu\/\",\"name\":\"Vasas n\u0151i kos\u00e1rlabda\",\"description\":\"Vasas Basket N\u0151i\",\"publisher\":{\"@id\":\"https:\/\/vasasbasket.hu\/#organization\"},\"potentialAction\":[{\"@type\":\"SearchAction\",\"target\":{\"@type\":\"EntryPoint\",\"urlTemplate\":\"https:\/\/vasasbasket.hu\/?s={search_term_string}\"},\"query-input\":{\"@type\":\"PropertyValueSpecification\",\"valueRequired\":true,\"valueName\":\"search_term_string\"}}],\"inLanguage\":\"hu\"},{\"@type\":\"Organization\",\"@id\":\"https:\/\/vasasbasket.hu\/#organization\",\"name\":\"Vasas n\u0151i kos\u00e1rlabda\",\"url\":\"https:\/\/vasasbasket.hu\/\",\"logo\":{\"@type\":\"ImageObject\",\"inLanguage\":\"hu\",\"@id\":\"https:\/\/vasasbasket.hu\/#\/schema\/logo\/image\/\",\"url\":\"https:\/\/vasasbasket.hu\/wp-content\/uploads\/2017\/03\/vasas_cimer_1200.jpg\",\"contentUrl\":\"https:\/\/vasasbasket.hu\/wp-content\/uploads\/2017\/03\/vasas_cimer_1200.jpg\",\"width\":1200,\"height\":1200,\"caption\":\"Vasas n\u0151i kos\u00e1rlabda\"},\"image\":{\"@id\":\"https:\/\/vasasbasket.hu\/#\/schema\/logo\/image\/\"},\"sameAs\":[\"https:\/\/www.facebook.com\/vasaswbasket\/\"]},{\"@type\":\"Person\",\"@id\":\"https:\/\/vasasbasket.hu\/#\/schema\/person\/f1085f4d2c6582d8d0f977e92de2edee\",\"name\":\"admin\",\"image\":{\"@type\":\"ImageObject\",\"inLanguage\":\"hu\",\"@id\":\"https:\/\/vasasbasket.hu\/#\/schema\/person\/image\/\",\"url\":\"https:\/\/secure.gravatar.com\/avatar\/645c92f7d9cfe02bd93ce2d1cfa11cd3a268bdfe65486552ff04b193cea07634?s=96&d=mm&r=g\",\"contentUrl\":\"https:\/\/secure.gravatar.com\/avatar\/645c92f7d9cfe02bd93ce2d1cfa11cd3a268bdfe65486552ff04b193cea07634?s=96&d=mm&r=g\",\"caption\":\"admin\"},\"url\":\"https:\/\/vasasbasket.hu\/index.php\/author\/admin\/\"}]}<\/script>\n<!-- \/ Yoast SEO plugin. -->","yoast_head_json":{"title":"Derekasan k\u00fczd\u00f6ttek a Bolh\u00e1k - Vasas n\u0151i kos\u00e1rlabda","robots":{"index":"index","follow":"follow","max-snippet":"max-snippet:-1","max-image-preview":"max-image-preview:large","max-video-preview":"max-video-preview:-1"},"canonical":"https:\/\/vasasbasket.hu\/index.php\/derekasan-kuzdottek-a-bolhak\/","og_locale":"hu_HU","og_type":"article","og_title":"Derekasan k\u00fczd\u00f6ttek a Bolh\u00e1k - Vasas n\u0151i kos\u00e1rlabda","og_description":"U12\/B csapatunk is k\u00e9t m\u00e9rk\u0151z\u00e9st j\u00e1tszott a h\u00e9tv\u00e9g\u00e9n, r\u00e1ad\u00e1sul sokan nemcsak k\u00e9t tal\u00e1lkoz\u00f3n l\u00e9ptek p\u00e1ly\u00e1ra, hiszen vannak j\u00e1t\u00e9kosok, akik a Bolh\u00e1k \u00e9s az Amazonok csapat\u00e1t is er\u0151s\u00edtik. L\u00e1nyaink \u00f3ri\u00e1sit k\u00fczdve bezsebeltek egy gy\u0151zelmet, a nap utols\u00f3 m\u00e9rk\u0151z\u00e9s\u00e9re azonban tal\u00e1n egy kicsit elf\u00e1radtunk. &#8222;Neh\u00e9z dolgunk volt szombat este, mivel egy meccs kihagy\u00e1ssal, az Amazonok ut\u00e1n kellett...","og_url":"https:\/\/vasasbasket.hu\/index.php\/derekasan-kuzdottek-a-bolhak\/","og_site_name":"Vasas n\u0151i kos\u00e1rlabda","article_publisher":"https:\/\/www.facebook.com\/vasaswbasket\/","article_published_time":"2020-01-14T18:49:39+00:00","og_image":[{"width":2560,"height":1920,"url":"https:\/\/vasasbasket.hu\/wp-content\/uploads\/2020\/01\/IMG_0896-scaled.jpeg","type":"image\/jpeg"}],"author":"admin","twitter_card":"summary_large_image","twitter_misc":{"Szerz\u0151:":"admin","Becs\u00fclt olvas\u00e1si id\u0151":"2 perc"},"schema":{"@context":"https:\/\/schema.org","@graph":[{"@type":"Article","@id":"https:\/\/vasasbasket.hu\/index.php\/derekasan-kuzdottek-a-bolhak\/#article","isPartOf":{"@id":"https:\/\/vasasbasket.hu\/index.php\/derekasan-kuzdottek-a-bolhak\/"},"author":{"name":"admin","@id":"https:\/\/vasasbasket.hu\/#\/schema\/person\/f1085f4d2c6582d8d0f977e92de2edee"},"headline":"Derekasan k\u00fczd\u00f6ttek a Bolh\u00e1k","datePublished":"2020-01-14T18:49:39+00:00","mainEntityOfPage":{"@id":"https:\/\/vasasbasket.hu\/index.php\/derekasan-kuzdottek-a-bolhak\/"},"wordCount":405,"publisher":{"@id":"https:\/\/vasasbasket.hu\/#organization"},"image":{"@id":"https:\/\/vasasbasket.hu\/index.php\/derekasan-kuzdottek-a-bolhak\/#primaryimage"},"thumbnailUrl":"https:\/\/vasasbasket.hu\/wp-content\/uploads\/2020\/01\/IMG_0896-scaled.jpeg","articleSection":["Gyerek","\u00d6sszes H\u00edr"],"inLanguage":"hu"},{"@type":"WebPage","@id":"https:\/\/vasasbasket.hu\/index.php\/derekasan-kuzdottek-a-bolhak\/","url":"https:\/\/vasasbasket.hu\/index.php\/derekasan-kuzdottek-a-bolhak\/","name":"Derekasan k\u00fczd\u00f6ttek a Bolh\u00e1k - Vasas n\u0151i kos\u00e1rlabda","isPartOf":{"@id":"https:\/\/vasasbasket.hu\/#website"},"primaryImageOfPage":{"@id":"https:\/\/vasasbasket.hu\/index.php\/derekasan-kuzdottek-a-bolhak\/#primaryimage"},"image":{"@id":"https:\/\/vasasbasket.hu\/index.php\/derekasan-kuzdottek-a-bolhak\/#primaryimage"},"thumbnailUrl":"https:\/\/vasasbasket.hu\/wp-content\/uploads\/2020\/01\/IMG_0896-scaled.jpeg","datePublished":"2020-01-14T18:49:39+00:00","breadcrumb":{"@id":"https:\/\/vasasbasket.hu\/index.php\/derekasan-kuzdottek-a-bolhak\/#breadcrumb"},"inLanguage":"hu","potentialAction":[{"@type":"ReadAction","target":["https:\/\/vasasbasket.hu\/index.php\/derekasan-kuzdottek-a-bolhak\/"]}]},{"@type":"ImageObject","inLanguage":"hu","@id":"https:\/\/vasasbasket.hu\/index.php\/derekasan-kuzdottek-a-bolhak\/#primaryimage","url":"https:\/\/vasasbasket.hu\/wp-content\/uploads\/2020\/01\/IMG_0896-scaled.jpeg","contentUrl":"https:\/\/vasasbasket.hu\/wp-content\/uploads\/2020\/01\/IMG_0896-scaled.jpeg","width":2560,"height":1920},{"@type":"BreadcrumbList","@id":"https:\/\/vasasbasket.hu\/index.php\/derekasan-kuzdottek-a-bolhak\/#breadcrumb","itemListElement":[{"@type":"ListItem","position":1,"name":"Kezd\u0151lap","item":"https:\/\/vasasbasket.hu\/"},{"@type":"ListItem","position":2,"name":"Derekasan k\u00fczd\u00f6ttek a Bolh\u00e1k"}]},{"@type":"WebSite","@id":"https:\/\/vasasbasket.hu\/#website","url":"https:\/\/vasasbasket.hu\/","name":"Vasas n\u0151i kos\u00e1rlabda","description":"Vasas Basket N\u0151i","publisher":{"@id":"https:\/\/vasasbasket.hu\/#organization"},"potentialAction":[{"@type":"SearchAction","target":{"@type":"EntryPoint","urlTemplate":"https:\/\/vasasbasket.hu\/?s={search_term_string}"},"query-input":{"@type":"PropertyValueSpecification","valueRequired":true,"valueName":"search_term_string"}}],"inLanguage":"hu"},{"@type":"Organization","@id":"https:\/\/vasasbasket.hu\/#organization","name":"Vasas n\u0151i kos\u00e1rlabda","url":"https:\/\/vasasbasket.hu\/","logo":{"@type":"ImageObject","inLanguage":"hu","@id":"https:\/\/vasasbasket.hu\/#\/schema\/logo\/image\/","url":"https:\/\/vasasbasket.hu\/wp-content\/uploads\/2017\/03\/vasas_cimer_1200.jpg","contentUrl":"https:\/\/vasasbasket.hu\/wp-content\/uploads\/2017\/03\/vasas_cimer_1200.jpg","width":1200,"height":1200,"caption":"Vasas n\u0151i kos\u00e1rlabda"},"image":{"@id":"https:\/\/vasasbasket.hu\/#\/schema\/logo\/image\/"},"sameAs":["https:\/\/www.facebook.com\/vasaswbasket\/"]},{"@type":"Person","@id":"https:\/\/vasasbasket.hu\/#\/schema\/person\/f1085f4d2c6582d8d0f977e92de2edee","name":"admin","image":{"@type":"ImageObject","inLanguage":"hu","@id":"https:\/\/vasasbasket.hu\/#\/schema\/person\/image\/","url":"https:\/\/secure.gravatar.com\/avatar\/645c92f7d9cfe02bd93ce2d1cfa11cd3a268bdfe65486552ff04b193cea07634?s=96&d=mm&r=g","contentUrl":"https:\/\/secure.gravatar.com\/avatar\/645c92f7d9cfe02bd93ce2d1cfa11cd3a268bdfe65486552ff04b193cea07634?s=96&d=mm&r=g","caption":"admin"},"url":"https:\/\/vasasbasket.hu\/index.php\/author\/admin\/"}]}},"_links":{"self":[{"href":"https:\/\/vasasbasket.hu\/index.php\/wp-json\/wp\/v2\/posts\/6633","targetHints":{"allow":["GET"]}}],"collection":[{"href":"https:\/\/vasasbasket.hu\/index.php\/wp-json\/wp\/v2\/posts"}],"about":[{"href":"https:\/\/vasasbasket.hu\/index.php\/wp-json\/wp\/v2\/types\/post"}],"author":[{"embeddable":true,"href":"https:\/\/vasasbasket.hu\/index.php\/wp-json\/wp\/v2\/users\/1"}],"replies":[{"embeddable":true,"href":"https:\/\/vasasbasket.hu\/index.php\/wp-json\/wp\/v2\/comments?post=6633"}],"version-history":[{"count":1,"href":"https:\/\/vasasbasket.hu\/index.php\/wp-json\/wp\/v2\/posts\/6633\/revisions"}],"predecessor-version":[{"id":6636,"href":"https:\/\/vasasbasket.hu\/index.php\/wp-json\/wp\/v2\/posts\/6633\/revisions\/6636"}],"wp:featuredmedia":[{"embeddable":true,"href":"https:\/\/vasasbasket.hu\/index.php\/wp-json\/wp\/v2\/media\/6635"}],"wp:attachment":[{"href":"https:\/\/vasasbasket.hu\/index.php\/wp-json\/wp\/v2\/media?parent=6633"}],"wp:term":[{"taxonomy":"category","embeddable":true,"href":"https:\/\/vasasbasket.hu\/index.php\/wp-json\/wp\/v2\/categories?post=6633"},{"taxonomy":"post_tag","embeddable":true,"href":"https:\/\/vasasbasket.hu\/index.php\/wp-json\/wp\/v2\/tags?post=6633"}],"curies":[{"name":"wp","href":"https:\/\/api.w.org\/{rel}","templated":true}]}}