{"id":6626,"date":"2020-01-13T18:40:36","date_gmt":"2020-01-13T18:40:36","guid":{"rendered":"http:\/\/vasasbasket.hu\/?p=6626"},"modified":"2020-01-13T18:40:36","modified_gmt":"2020-01-13T18:40:36","slug":"tovabbra-is-veretlenek-juniorjaink","status":"publish","type":"post","link":"https:\/\/vasasbasket.hu\/index.php\/tovabbra-is-veretlenek-juniorjaink\/","title":{"rendered":"Tov\u00e1bbra is veretlenek juniorjaink"},"content":{"rendered":"<p><strong>Az orsz\u00e1gos junior bajnoks\u00e1g r\u00e1j\u00e1tsz\u00e1s\u00e1nak m\u00e1sodik m\u00e9rk\u0151z\u00e9s\u00e9n a Vasas Akad\u00e9mia hazai p\u00e1ly\u00e1n fogadta a Sz\u00e9chenyi KA csapat\u00e1t. Rep\u00fcl\u0151rajtot vett\u00fcnk, \u00edgy csup\u00e1n n\u00e9h\u00e1ny perc j\u00e1t\u00e9k ut\u00e1n eld\u0151lt a gy\u0151ztes kil\u00e9te.<\/strong><\/p>\n<p><em>&#8222;M\u00e1r az els\u0151 percben k\u00e9zbe vett\u00fck az ir\u00e1ny\u00edt\u00e1st, \u00e9s nem adtunk es\u00e9lyt ellenfel\u00fcnknek. Nem a leger\u0151sebb kerettel \u00e9rkezett a Gy\u0151r, ez azonban semmit sem vesz el a csapat mutatott j\u00e1t\u00e9k\u00e1b\u00f3l t\u00e1mad\u00e1sban \u00e9s v\u00e9dekez\u00e9sben. Nagy nyom\u00e1st gyakoroltunk h\u00e1tul a labd\u00e1ra, melynek k\u00f6sz\u00f6nhet\u0151en a f\u00e9lid\u0151re 15 szerzett labd\u00e1nk volt, \u00e9s sok gyorsind\u00edt\u00e1st l\u00e1thatott a hazai k\u00f6z\u00f6ns\u00e9g. T\u00e1mad\u00e1saink pontosak voltak, \u00edgy f\u00e9lid\u0151re 51-9 volt az \u00e1ll\u00e1s, ami h\u0171en t\u00fckr\u00f6zi, milyen er\u0151t k\u00e9pvisel a csapatunk. A m\u00e1sodik f\u00e9lid\u0151ben lehet\u0151s\u00e9get kaptak azok a j\u00e1t\u00e9kosok, akik szezon k\u00f6zben kevesebbet l\u00e9pnek p\u00e1ly\u00e1ra, el\u0151ny\u00fcnk azonban tov\u00e1bb gyarapodott. El\u00e9gedettek lehet\u00fcnk a mutatott j\u00e1t\u00e9kkal, j\u00f3 volt n\u00e9zni a l\u00e1nyokat a p\u00e1ly\u00e1n, remek\u00fcl j\u00e1tszottak. Gratul\u00e1lok az eg\u00e9sz csapatnak, a m\u00e9rk\u0151z\u00e9s legeredm\u00e9nyesebb j\u00e1t\u00e9kosai ez\u00fattal Mad\u00e1r Eszter (27 IBM, 17 pont, 8 lepattan\u00f3), Kun Rita (19 IBM, 9 pont, 8 lepattan\u00f3), V\u00edgh Bernadett (22 IBM, 13 pont, 11 lepattan\u00f3) \u00e9s Mudra Viola (17 IBM, 11 pont, 5 assziszt) voltak. Csak \u00edgy tov\u00e1bb l\u00e1nyok&#8221;<\/em> &#8211; mondta a csapat edz\u0151je, Igor Skocovski.<\/p>\n<p><strong>Vasas Akad\u00e9mia &#8211;<\/strong> Sz\u00e9chenyi KA <strong>90-26<\/strong> (21-2, 30-7, 23-10 16-7)<br \/>\n<em>Pontszerz\u0151k:<br \/>\n<\/em><strong>Vasas Akad\u00e9mia\/A:<\/strong> V\u00edgh B. 13, D\u00fal T. 2, Sikl\u00f3s D. 7, Mudra V. 11, Altmann A. 10, Kuncz P. 8, L\u0151rinczy P., Salamon Zs. 9, Kun R. 9, Szerencs\u00e9s T. 4, Mad\u00e1r E. 17, Szer\u00e9my V.<br \/>\n<strong>Sz\u00e9chenyi KA:<\/strong> Laszl\u00f3 D., Reider J., Boros T., Milkovics R. 5, Bende R. 2, Moln\u00e1rov\u00e1 A. 9, Suga L. 3, K\u00e9ita A. 7, Szalai E., Nagy A.,<\/p>\n","protected":false},"excerpt":{"rendered":"<p>Az orsz\u00e1gos junior bajnoks\u00e1g r\u00e1j\u00e1tsz\u00e1s\u00e1nak m\u00e1sodik m\u00e9rk\u0151z\u00e9s\u00e9n a Vasas Akad\u00e9mia hazai p\u00e1ly\u00e1n fogadta a Sz\u00e9chenyi KA csapat\u00e1t. Rep\u00fcl\u0151rajtot vett\u00fcnk, \u00edgy csup\u00e1n n\u00e9h\u00e1ny perc j\u00e1t\u00e9k ut\u00e1n eld\u0151lt a gy\u0151ztes kil\u00e9te. &#8222;M\u00e1r az els\u0151 percben k\u00e9zbe vett\u00fck az ir\u00e1ny\u00edt\u00e1st, \u00e9s nem adtunk es\u00e9lyt ellenfel\u00fcnknek. Nem a leger\u0151sebb kerettel \u00e9rkezett a Gy\u0151r, ez azonban semmit sem vesz el&#8230;<\/p>\n","protected":false},"author":1,"featured_media":6182,"comment_status":"closed","ping_status":"open","sticky":false,"template":"","format":"standard","meta":{"footnotes":""},"categories":[50,92],"tags":[],"class_list":["post-6626","post","type-post","status-publish","format-standard","has-post-thumbnail","hentry","category-junior","category-hirek"],"yoast_head":"<!-- This site is optimized with the Yoast SEO plugin v26.0 - https:\/\/yoast.com\/wordpress\/plugins\/seo\/ -->\n<title>Tov\u00e1bbra is veretlenek juniorjaink - Vasas n\u0151i kos\u00e1rlabda<\/title>\n<meta name=\"robots\" content=\"index, follow, max-snippet:-1, max-image-preview:large, max-video-preview:-1\" \/>\n<link rel=\"canonical\" href=\"https:\/\/vasasbasket.hu\/index.php\/tovabbra-is-veretlenek-juniorjaink\/\" \/>\n<meta property=\"og:locale\" content=\"hu_HU\" \/>\n<meta property=\"og:type\" content=\"article\" \/>\n<meta property=\"og:title\" content=\"Tov\u00e1bbra is veretlenek juniorjaink - Vasas n\u0151i kos\u00e1rlabda\" \/>\n<meta property=\"og:description\" content=\"Az orsz\u00e1gos junior bajnoks\u00e1g r\u00e1j\u00e1tsz\u00e1s\u00e1nak m\u00e1sodik m\u00e9rk\u0151z\u00e9s\u00e9n a Vasas Akad\u00e9mia hazai p\u00e1ly\u00e1n fogadta a Sz\u00e9chenyi KA csapat\u00e1t. Rep\u00fcl\u0151rajtot vett\u00fcnk, \u00edgy csup\u00e1n n\u00e9h\u00e1ny perc j\u00e1t\u00e9k ut\u00e1n eld\u0151lt a gy\u0151ztes kil\u00e9te. &#8222;M\u00e1r az els\u0151 percben k\u00e9zbe vett\u00fck az ir\u00e1ny\u00edt\u00e1st, \u00e9s nem adtunk es\u00e9lyt ellenfel\u00fcnknek. Nem a leger\u0151sebb kerettel \u00e9rkezett a Gy\u0151r, ez azonban semmit sem vesz el...\" \/>\n<meta property=\"og:url\" content=\"https:\/\/vasasbasket.hu\/index.php\/tovabbra-is-veretlenek-juniorjaink\/\" \/>\n<meta property=\"og:site_name\" content=\"Vasas n\u0151i kos\u00e1rlabda\" \/>\n<meta property=\"article:publisher\" content=\"https:\/\/www.facebook.com\/vasaswbasket\/\" \/>\n<meta property=\"article:published_time\" content=\"2020-01-13T18:40:36+00:00\" \/>\n<meta property=\"og:image\" content=\"https:\/\/vasasbasket.hu\/wp-content\/uploads\/2019\/10\/75037931_2116142762013271_2386305725400875008_n.jpg\" \/>\n\t<meta property=\"og:image:width\" content=\"2032\" \/>\n\t<meta property=\"og:image:height\" content=\"1524\" \/>\n\t<meta property=\"og:image:type\" content=\"image\/jpeg\" \/>\n<meta name=\"author\" content=\"admin\" \/>\n<meta name=\"twitter:card\" content=\"summary_large_image\" \/>\n<meta name=\"twitter:label1\" content=\"Szerz\u0151:\" \/>\n\t<meta name=\"twitter:data1\" content=\"admin\" \/>\n\t<meta name=\"twitter:label2\" content=\"Becs\u00fclt olvas\u00e1si id\u0151\" \/>\n\t<meta name=\"twitter:data2\" content=\"2 perc\" \/>\n<script type=\"application\/ld+json\" class=\"yoast-schema-graph\">{\"@context\":\"https:\/\/schema.org\",\"@graph\":[{\"@type\":\"Article\",\"@id\":\"https:\/\/vasasbasket.hu\/index.php\/tovabbra-is-veretlenek-juniorjaink\/#article\",\"isPartOf\":{\"@id\":\"https:\/\/vasasbasket.hu\/index.php\/tovabbra-is-veretlenek-juniorjaink\/\"},\"author\":{\"name\":\"admin\",\"@id\":\"https:\/\/vasasbasket.hu\/#\/schema\/person\/f1085f4d2c6582d8d0f977e92de2edee\"},\"headline\":\"Tov\u00e1bbra is veretlenek juniorjaink\",\"datePublished\":\"2020-01-13T18:40:36+00:00\",\"mainEntityOfPage\":{\"@id\":\"https:\/\/vasasbasket.hu\/index.php\/tovabbra-is-veretlenek-juniorjaink\/\"},\"wordCount\":361,\"publisher\":{\"@id\":\"https:\/\/vasasbasket.hu\/#organization\"},\"image\":{\"@id\":\"https:\/\/vasasbasket.hu\/index.php\/tovabbra-is-veretlenek-juniorjaink\/#primaryimage\"},\"thumbnailUrl\":\"https:\/\/vasasbasket.hu\/wp-content\/uploads\/2019\/10\/75037931_2116142762013271_2386305725400875008_n.jpg\",\"articleSection\":[\"Junior\",\"\u00d6sszes H\u00edr\"],\"inLanguage\":\"hu\"},{\"@type\":\"WebPage\",\"@id\":\"https:\/\/vasasbasket.hu\/index.php\/tovabbra-is-veretlenek-juniorjaink\/\",\"url\":\"https:\/\/vasasbasket.hu\/index.php\/tovabbra-is-veretlenek-juniorjaink\/\",\"name\":\"Tov\u00e1bbra is veretlenek juniorjaink - Vasas n\u0151i kos\u00e1rlabda\",\"isPartOf\":{\"@id\":\"https:\/\/vasasbasket.hu\/#website\"},\"primaryImageOfPage\":{\"@id\":\"https:\/\/vasasbasket.hu\/index.php\/tovabbra-is-veretlenek-juniorjaink\/#primaryimage\"},\"image\":{\"@id\":\"https:\/\/vasasbasket.hu\/index.php\/tovabbra-is-veretlenek-juniorjaink\/#primaryimage\"},\"thumbnailUrl\":\"https:\/\/vasasbasket.hu\/wp-content\/uploads\/2019\/10\/75037931_2116142762013271_2386305725400875008_n.jpg\",\"datePublished\":\"2020-01-13T18:40:36+00:00\",\"breadcrumb\":{\"@id\":\"https:\/\/vasasbasket.hu\/index.php\/tovabbra-is-veretlenek-juniorjaink\/#breadcrumb\"},\"inLanguage\":\"hu\",\"potentialAction\":[{\"@type\":\"ReadAction\",\"target\":[\"https:\/\/vasasbasket.hu\/index.php\/tovabbra-is-veretlenek-juniorjaink\/\"]}]},{\"@type\":\"ImageObject\",\"inLanguage\":\"hu\",\"@id\":\"https:\/\/vasasbasket.hu\/index.php\/tovabbra-is-veretlenek-juniorjaink\/#primaryimage\",\"url\":\"https:\/\/vasasbasket.hu\/wp-content\/uploads\/2019\/10\/75037931_2116142762013271_2386305725400875008_n.jpg\",\"contentUrl\":\"https:\/\/vasasbasket.hu\/wp-content\/uploads\/2019\/10\/75037931_2116142762013271_2386305725400875008_n.jpg\",\"width\":2032,\"height\":1524},{\"@type\":\"BreadcrumbList\",\"@id\":\"https:\/\/vasasbasket.hu\/index.php\/tovabbra-is-veretlenek-juniorjaink\/#breadcrumb\",\"itemListElement\":[{\"@type\":\"ListItem\",\"position\":1,\"name\":\"Kezd\u0151lap\",\"item\":\"https:\/\/vasasbasket.hu\/\"},{\"@type\":\"ListItem\",\"position\":2,\"name\":\"Tov\u00e1bbra is veretlenek juniorjaink\"}]},{\"@type\":\"WebSite\",\"@id\":\"https:\/\/vasasbasket.hu\/#website\",\"url\":\"https:\/\/vasasbasket.hu\/\",\"name\":\"Vasas n\u0151i kos\u00e1rlabda\",\"description\":\"Vasas Basket N\u0151i\",\"publisher\":{\"@id\":\"https:\/\/vasasbasket.hu\/#organization\"},\"potentialAction\":[{\"@type\":\"SearchAction\",\"target\":{\"@type\":\"EntryPoint\",\"urlTemplate\":\"https:\/\/vasasbasket.hu\/?s={search_term_string}\"},\"query-input\":{\"@type\":\"PropertyValueSpecification\",\"valueRequired\":true,\"valueName\":\"search_term_string\"}}],\"inLanguage\":\"hu\"},{\"@type\":\"Organization\",\"@id\":\"https:\/\/vasasbasket.hu\/#organization\",\"name\":\"Vasas n\u0151i kos\u00e1rlabda\",\"url\":\"https:\/\/vasasbasket.hu\/\",\"logo\":{\"@type\":\"ImageObject\",\"inLanguage\":\"hu\",\"@id\":\"https:\/\/vasasbasket.hu\/#\/schema\/logo\/image\/\",\"url\":\"https:\/\/vasasbasket.hu\/wp-content\/uploads\/2017\/03\/vasas_cimer_1200.jpg\",\"contentUrl\":\"https:\/\/vasasbasket.hu\/wp-content\/uploads\/2017\/03\/vasas_cimer_1200.jpg\",\"width\":1200,\"height\":1200,\"caption\":\"Vasas n\u0151i kos\u00e1rlabda\"},\"image\":{\"@id\":\"https:\/\/vasasbasket.hu\/#\/schema\/logo\/image\/\"},\"sameAs\":[\"https:\/\/www.facebook.com\/vasaswbasket\/\"]},{\"@type\":\"Person\",\"@id\":\"https:\/\/vasasbasket.hu\/#\/schema\/person\/f1085f4d2c6582d8d0f977e92de2edee\",\"name\":\"admin\",\"image\":{\"@type\":\"ImageObject\",\"inLanguage\":\"hu\",\"@id\":\"https:\/\/vasasbasket.hu\/#\/schema\/person\/image\/\",\"url\":\"https:\/\/secure.gravatar.com\/avatar\/645c92f7d9cfe02bd93ce2d1cfa11cd3a268bdfe65486552ff04b193cea07634?s=96&d=mm&r=g\",\"contentUrl\":\"https:\/\/secure.gravatar.com\/avatar\/645c92f7d9cfe02bd93ce2d1cfa11cd3a268bdfe65486552ff04b193cea07634?s=96&d=mm&r=g\",\"caption\":\"admin\"},\"url\":\"https:\/\/vasasbasket.hu\/index.php\/author\/admin\/\"}]}<\/script>\n<!-- \/ Yoast SEO plugin. -->","yoast_head_json":{"title":"Tov\u00e1bbra is veretlenek juniorjaink - Vasas n\u0151i kos\u00e1rlabda","robots":{"index":"index","follow":"follow","max-snippet":"max-snippet:-1","max-image-preview":"max-image-preview:large","max-video-preview":"max-video-preview:-1"},"canonical":"https:\/\/vasasbasket.hu\/index.php\/tovabbra-is-veretlenek-juniorjaink\/","og_locale":"hu_HU","og_type":"article","og_title":"Tov\u00e1bbra is veretlenek juniorjaink - Vasas n\u0151i kos\u00e1rlabda","og_description":"Az orsz\u00e1gos junior bajnoks\u00e1g r\u00e1j\u00e1tsz\u00e1s\u00e1nak m\u00e1sodik m\u00e9rk\u0151z\u00e9s\u00e9n a Vasas Akad\u00e9mia hazai p\u00e1ly\u00e1n fogadta a Sz\u00e9chenyi KA csapat\u00e1t. Rep\u00fcl\u0151rajtot vett\u00fcnk, \u00edgy csup\u00e1n n\u00e9h\u00e1ny perc j\u00e1t\u00e9k ut\u00e1n eld\u0151lt a gy\u0151ztes kil\u00e9te. &#8222;M\u00e1r az els\u0151 percben k\u00e9zbe vett\u00fck az ir\u00e1ny\u00edt\u00e1st, \u00e9s nem adtunk es\u00e9lyt ellenfel\u00fcnknek. Nem a leger\u0151sebb kerettel \u00e9rkezett a Gy\u0151r, ez azonban semmit sem vesz el...","og_url":"https:\/\/vasasbasket.hu\/index.php\/tovabbra-is-veretlenek-juniorjaink\/","og_site_name":"Vasas n\u0151i kos\u00e1rlabda","article_publisher":"https:\/\/www.facebook.com\/vasaswbasket\/","article_published_time":"2020-01-13T18:40:36+00:00","og_image":[{"width":2032,"height":1524,"url":"https:\/\/vasasbasket.hu\/wp-content\/uploads\/2019\/10\/75037931_2116142762013271_2386305725400875008_n.jpg","type":"image\/jpeg"}],"author":"admin","twitter_card":"summary_large_image","twitter_misc":{"Szerz\u0151:":"admin","Becs\u00fclt olvas\u00e1si id\u0151":"2 perc"},"schema":{"@context":"https:\/\/schema.org","@graph":[{"@type":"Article","@id":"https:\/\/vasasbasket.hu\/index.php\/tovabbra-is-veretlenek-juniorjaink\/#article","isPartOf":{"@id":"https:\/\/vasasbasket.hu\/index.php\/tovabbra-is-veretlenek-juniorjaink\/"},"author":{"name":"admin","@id":"https:\/\/vasasbasket.hu\/#\/schema\/person\/f1085f4d2c6582d8d0f977e92de2edee"},"headline":"Tov\u00e1bbra is veretlenek juniorjaink","datePublished":"2020-01-13T18:40:36+00:00","mainEntityOfPage":{"@id":"https:\/\/vasasbasket.hu\/index.php\/tovabbra-is-veretlenek-juniorjaink\/"},"wordCount":361,"publisher":{"@id":"https:\/\/vasasbasket.hu\/#organization"},"image":{"@id":"https:\/\/vasasbasket.hu\/index.php\/tovabbra-is-veretlenek-juniorjaink\/#primaryimage"},"thumbnailUrl":"https:\/\/vasasbasket.hu\/wp-content\/uploads\/2019\/10\/75037931_2116142762013271_2386305725400875008_n.jpg","articleSection":["Junior","\u00d6sszes H\u00edr"],"inLanguage":"hu"},{"@type":"WebPage","@id":"https:\/\/vasasbasket.hu\/index.php\/tovabbra-is-veretlenek-juniorjaink\/","url":"https:\/\/vasasbasket.hu\/index.php\/tovabbra-is-veretlenek-juniorjaink\/","name":"Tov\u00e1bbra is veretlenek juniorjaink - Vasas n\u0151i kos\u00e1rlabda","isPartOf":{"@id":"https:\/\/vasasbasket.hu\/#website"},"primaryImageOfPage":{"@id":"https:\/\/vasasbasket.hu\/index.php\/tovabbra-is-veretlenek-juniorjaink\/#primaryimage"},"image":{"@id":"https:\/\/vasasbasket.hu\/index.php\/tovabbra-is-veretlenek-juniorjaink\/#primaryimage"},"thumbnailUrl":"https:\/\/vasasbasket.hu\/wp-content\/uploads\/2019\/10\/75037931_2116142762013271_2386305725400875008_n.jpg","datePublished":"2020-01-13T18:40:36+00:00","breadcrumb":{"@id":"https:\/\/vasasbasket.hu\/index.php\/tovabbra-is-veretlenek-juniorjaink\/#breadcrumb"},"inLanguage":"hu","potentialAction":[{"@type":"ReadAction","target":["https:\/\/vasasbasket.hu\/index.php\/tovabbra-is-veretlenek-juniorjaink\/"]}]},{"@type":"ImageObject","inLanguage":"hu","@id":"https:\/\/vasasbasket.hu\/index.php\/tovabbra-is-veretlenek-juniorjaink\/#primaryimage","url":"https:\/\/vasasbasket.hu\/wp-content\/uploads\/2019\/10\/75037931_2116142762013271_2386305725400875008_n.jpg","contentUrl":"https:\/\/vasasbasket.hu\/wp-content\/uploads\/2019\/10\/75037931_2116142762013271_2386305725400875008_n.jpg","width":2032,"height":1524},{"@type":"BreadcrumbList","@id":"https:\/\/vasasbasket.hu\/index.php\/tovabbra-is-veretlenek-juniorjaink\/#breadcrumb","itemListElement":[{"@type":"ListItem","position":1,"name":"Kezd\u0151lap","item":"https:\/\/vasasbasket.hu\/"},{"@type":"ListItem","position":2,"name":"Tov\u00e1bbra is veretlenek juniorjaink"}]},{"@type":"WebSite","@id":"https:\/\/vasasbasket.hu\/#website","url":"https:\/\/vasasbasket.hu\/","name":"Vasas n\u0151i kos\u00e1rlabda","description":"Vasas Basket N\u0151i","publisher":{"@id":"https:\/\/vasasbasket.hu\/#organization"},"potentialAction":[{"@type":"SearchAction","target":{"@type":"EntryPoint","urlTemplate":"https:\/\/vasasbasket.hu\/?s={search_term_string}"},"query-input":{"@type":"PropertyValueSpecification","valueRequired":true,"valueName":"search_term_string"}}],"inLanguage":"hu"},{"@type":"Organization","@id":"https:\/\/vasasbasket.hu\/#organization","name":"Vasas n\u0151i kos\u00e1rlabda","url":"https:\/\/vasasbasket.hu\/","logo":{"@type":"ImageObject","inLanguage":"hu","@id":"https:\/\/vasasbasket.hu\/#\/schema\/logo\/image\/","url":"https:\/\/vasasbasket.hu\/wp-content\/uploads\/2017\/03\/vasas_cimer_1200.jpg","contentUrl":"https:\/\/vasasbasket.hu\/wp-content\/uploads\/2017\/03\/vasas_cimer_1200.jpg","width":1200,"height":1200,"caption":"Vasas n\u0151i kos\u00e1rlabda"},"image":{"@id":"https:\/\/vasasbasket.hu\/#\/schema\/logo\/image\/"},"sameAs":["https:\/\/www.facebook.com\/vasaswbasket\/"]},{"@type":"Person","@id":"https:\/\/vasasbasket.hu\/#\/schema\/person\/f1085f4d2c6582d8d0f977e92de2edee","name":"admin","image":{"@type":"ImageObject","inLanguage":"hu","@id":"https:\/\/vasasbasket.hu\/#\/schema\/person\/image\/","url":"https:\/\/secure.gravatar.com\/avatar\/645c92f7d9cfe02bd93ce2d1cfa11cd3a268bdfe65486552ff04b193cea07634?s=96&d=mm&r=g","contentUrl":"https:\/\/secure.gravatar.com\/avatar\/645c92f7d9cfe02bd93ce2d1cfa11cd3a268bdfe65486552ff04b193cea07634?s=96&d=mm&r=g","caption":"admin"},"url":"https:\/\/vasasbasket.hu\/index.php\/author\/admin\/"}]}},"_links":{"self":[{"href":"https:\/\/vasasbasket.hu\/index.php\/wp-json\/wp\/v2\/posts\/6626","targetHints":{"allow":["GET"]}}],"collection":[{"href":"https:\/\/vasasbasket.hu\/index.php\/wp-json\/wp\/v2\/posts"}],"about":[{"href":"https:\/\/vasasbasket.hu\/index.php\/wp-json\/wp\/v2\/types\/post"}],"author":[{"embeddable":true,"href":"https:\/\/vasasbasket.hu\/index.php\/wp-json\/wp\/v2\/users\/1"}],"replies":[{"embeddable":true,"href":"https:\/\/vasasbasket.hu\/index.php\/wp-json\/wp\/v2\/comments?post=6626"}],"version-history":[{"count":1,"href":"https:\/\/vasasbasket.hu\/index.php\/wp-json\/wp\/v2\/posts\/6626\/revisions"}],"predecessor-version":[{"id":6627,"href":"https:\/\/vasasbasket.hu\/index.php\/wp-json\/wp\/v2\/posts\/6626\/revisions\/6627"}],"wp:featuredmedia":[{"embeddable":true,"href":"https:\/\/vasasbasket.hu\/index.php\/wp-json\/wp\/v2\/media\/6182"}],"wp:attachment":[{"href":"https:\/\/vasasbasket.hu\/index.php\/wp-json\/wp\/v2\/media?parent=6626"}],"wp:term":[{"taxonomy":"category","embeddable":true,"href":"https:\/\/vasasbasket.hu\/index.php\/wp-json\/wp\/v2\/categories?post=6626"},{"taxonomy":"post_tag","embeddable":true,"href":"https:\/\/vasasbasket.hu\/index.php\/wp-json\/wp\/v2\/tags?post=6626"}],"curies":[{"name":"wp","href":"https:\/\/api.w.org\/{rel}","templated":true}]}}