{"id":6621,"date":"2020-01-13T18:20:13","date_gmt":"2020-01-13T18:20:13","guid":{"rendered":"http:\/\/vasasbasket.hu\/?p=6621"},"modified":"2020-01-13T18:20:59","modified_gmt":"2020-01-13T18:20:59","slug":"taroltak-az-u12-esek-a-fiuk-ellen","status":"publish","type":"post","link":"https:\/\/vasasbasket.hu\/index.php\/taroltak-az-u12-esek-a-fiuk-ellen\/","title":{"rendered":"Taroltak az Amazonok a fi\u00fak ellen"},"content":{"rendered":"<p><strong>Az alapszakasz negyedik fordul\u00f3j\u00e1ban U12\/A csapatunk \u00f3ri\u00e1sit k\u00fczd\u00f6tt, \u00e9s legy\u0151zte a fi\u00fakb\u00f3l \u00e1ll\u00f3 \u00dajpest-MT\/A, valamint a Vasas U11-es fi\u00facsapat\u00e1t.\u00a0<\/strong><\/p>\n<p><em>&#8222;Nagyon v\u00e1rta m\u00e1r mindenki ezt a fordul\u00f3t, hogy megmutathassa mennyit fejl\u0151d\u00f6tt az ut\u00f3bbi id\u0151szakban. Nagyon sokat dolgoztunk a l\u00e1nyokkal, ami meg is l\u00e1tszott a m\u00e9rk\u0151z\u00e9seken. R\u00e9gen kezdt\u00fcnk \u00fagy egy meccset, hogy ennyi k\u00f6nny\u0171 kosarat tudtunk dobni, ami \u00edgy egy plusz l\u00f6ketet is adott. Nagyon j\u00f3l \u00f6sszej\u00e1tszottak a l\u00e1nyok, sz\u00e9p 2:1 szitu\u00e1ci\u00f3kat \u00e9s egy\u00e9ni megold\u00e1sokat l\u00e1thattunk. K\u00fcl\u00f6n kiemeln\u00e9m K\u00e1rp\u00e1thegyi L\u00e9da \u00e9s Bori Liza lend\u00fcletes \u00e9s j\u00f3 j\u00e1t\u00e9k\u00e1t&#8221;<\/em> &#8211; mondta a csapat edz\u0151je, Ambrus Szandra.<\/p>\n<p><strong>Vasas Amazonok &#8211;<\/strong> \u00dajpest-MT\/A <strong>56-30<\/strong> (19-8, 9+5-5+2, 11-8, 12-7)<em><br \/>\nPontszerz\u0151k:<\/em><br \/>\n<strong>Vasas Amazonok: <\/strong>K\u00e1rp\u00e1thegyi L\u00e9da- Bori Liza 9, Szab\u00f3 Mici- P\u00e1cza Blanka 8, Sz\u00edj-Kris\u00e1nszky Zo\u00e9 6, Pusk\u00e1s Lili- Csercsa Eszte- Galavits Lili 4, Karli D\u00f3ra 3, Firle-Kiss Bora 1, T\u00f3th Frotti- Muszka Zita 0.<img loading=\"lazy\" decoding=\"async\" class=\" wp-image-6622 aligncenter\" src=\"http:\/\/vasasbasket.hu\/wp-content\/uploads\/2020\/01\/IMG_3855-scaled-e1578939523788-1024x869.jpg\" alt=\"\" width=\"500\" height=\"425\" srcset=\"https:\/\/vasasbasket.hu\/wp-content\/uploads\/2020\/01\/IMG_3855-scaled-e1578939523788-1024x869.jpg 1024w, https:\/\/vasasbasket.hu\/wp-content\/uploads\/2020\/01\/IMG_3855-scaled-e1578939523788-570x484.jpg 570w, https:\/\/vasasbasket.hu\/wp-content\/uploads\/2020\/01\/IMG_3855-scaled-e1578939523788-440x373.jpg 440w, https:\/\/vasasbasket.hu\/wp-content\/uploads\/2020\/01\/IMG_3855-scaled-e1578939523788-300x255.jpg 300w, https:\/\/vasasbasket.hu\/wp-content\/uploads\/2020\/01\/IMG_3855-scaled-e1578939523788-768x652.jpg 768w, https:\/\/vasasbasket.hu\/wp-content\/uploads\/2020\/01\/IMG_3855-scaled-e1578939523788-1536x1304.jpg 1536w, https:\/\/vasasbasket.hu\/wp-content\/uploads\/2020\/01\/IMG_3855-scaled-e1578939523788-128x109.jpg 128w, https:\/\/vasasbasket.hu\/wp-content\/uploads\/2020\/01\/IMG_3855-scaled-e1578939523788-32x27.jpg 32w, https:\/\/vasasbasket.hu\/wp-content\/uploads\/2020\/01\/IMG_3855-scaled-e1578939523788-98x83.jpg 98w, https:\/\/vasasbasket.hu\/wp-content\/uploads\/2020\/01\/IMG_3855-scaled-e1578939523788.jpg 1779w\" sizes=\"auto, (max-width: 500px) 100vw, 500px\" \/><em>&#8222;Tudtuk, hogy a Vasas fi\u00facsapata elleni m\u00e9rk\u0151z\u00e9s nehezebb lesz, de a f\u00e9lid\u0151ben siker\u00fclt 11 pontos el\u0151nyre szert tenn\u00fcnk. Az el\u0151z\u0151 fordul\u00f3k tapasztalatai alapj\u00e1n az egym\u00e1st k\u00f6vet\u0151 meccsekn\u00e9l a harmadik negyedben mindig volt egy p\u00e1r perces dekoncentr\u00e1lts\u00e1g, ami most kitol\u00f3dott a negyedik negyed k\u00f6zep\u00e9re. Ekkor nem siker\u00fclt betal\u00e1lnunk, az ellenf\u00e9l viszont sorra kosarakat dobott, ami term\u00e9szetesen felb\u00e1tor\u00edtotta \u0151ket. Ett\u0151l, \u00e9s a hangos szurkol\u00e1st\u00f3l a l\u00e1nyok megszeppentek, de egy r\u00f6vid id\u0151 ut\u00e1n m\u00e1r \u00fajb\u00f3l fel tudt\u00e1k sz\u00edvni magukat. Nagyon akart\u00e1k a gy\u0151zelmet, az utols\u00f3 percekben Csercsa Eszter lepattan\u00f3inak pedig fontos szerepe volt a v\u00e9gs\u0151 gy\u0151zelem kiharcol\u00e1s\u00e1ban. Nagyon j\u00f3 volt l\u00e1tni, hogy a l\u00e1nyok a lef\u00faj\u00e1s ut\u00e1n rohantak egym\u00e1shoz \u00e9s \u00f6r\u00fcltek, ugr\u00e1ltak \u00f6r\u00f6m\u00fckben. Gratul\u00e1lok, nagyon \u00fcgyes volt mindenki&#8221;<\/em> &#8211; \u00f6sszegezte Ambrus Szandra.<\/p>\n<p>Vasas U11 <strong>&#8211; Vasas Amazonok 40-42<\/strong> (8-11, 10+2-16+4, 7-8, 13-3)<br \/>\n<em>Pontszerz\u0151k:<\/em><br \/>\n<strong>Vasas Amazonok:<\/strong> T\u00f3th Frotti 8, Mayr Lara 7, Pusk\u00e1s Lili 6, Firle-Kiss Bora- Sz\u00edj-Kris\u00e1nszky Zo\u00e9 5, Karli D\u00f3ra- Bori Liza- Galavits Lili- Csercsa Eszter- P\u00e1cza Blanka 2, Szab\u00f3 Mici 1, Muszka Zita 0.<\/p>\n","protected":false},"excerpt":{"rendered":"<p>Az alapszakasz negyedik fordul\u00f3j\u00e1ban U12\/A csapatunk \u00f3ri\u00e1sit k\u00fczd\u00f6tt, \u00e9s legy\u0151zte a fi\u00fakb\u00f3l \u00e1ll\u00f3 \u00dajpest-MT\/A, valamint a Vasas U11-es fi\u00facsapat\u00e1t.\u00a0 &#8222;Nagyon v\u00e1rta m\u00e1r mindenki ezt a fordul\u00f3t, hogy megmutathassa mennyit fejl\u0151d\u00f6tt az ut\u00f3bbi id\u0151szakban. Nagyon sokat dolgoztunk a l\u00e1nyokkal, ami meg is l\u00e1tszott a m\u00e9rk\u0151z\u00e9seken. R\u00e9gen kezdt\u00fcnk \u00fagy egy meccset, hogy ennyi k\u00f6nny\u0171 kosarat tudtunk dobni,&#8230;<\/p>\n","protected":false},"author":1,"featured_media":6623,"comment_status":"closed","ping_status":"open","sticky":false,"template":"","format":"standard","meta":{"footnotes":""},"categories":[73,92],"tags":[],"class_list":["post-6621","post","type-post","status-publish","format-standard","has-post-thumbnail","hentry","category-gyerek","category-hirek"],"yoast_head":"<!-- This site is optimized with the Yoast SEO plugin v26.0 - https:\/\/yoast.com\/wordpress\/plugins\/seo\/ -->\n<title>Taroltak az Amazonok a fi\u00fak ellen - Vasas n\u0151i kos\u00e1rlabda<\/title>\n<meta name=\"robots\" content=\"index, follow, max-snippet:-1, max-image-preview:large, max-video-preview:-1\" \/>\n<link rel=\"canonical\" href=\"https:\/\/vasasbasket.hu\/index.php\/taroltak-az-u12-esek-a-fiuk-ellen\/\" \/>\n<meta property=\"og:locale\" content=\"hu_HU\" \/>\n<meta property=\"og:type\" content=\"article\" \/>\n<meta property=\"og:title\" content=\"Taroltak az Amazonok a fi\u00fak ellen - Vasas n\u0151i kos\u00e1rlabda\" \/>\n<meta property=\"og:description\" content=\"Az alapszakasz negyedik fordul\u00f3j\u00e1ban U12\/A csapatunk \u00f3ri\u00e1sit k\u00fczd\u00f6tt, \u00e9s legy\u0151zte a fi\u00fakb\u00f3l \u00e1ll\u00f3 \u00dajpest-MT\/A, valamint a Vasas U11-es fi\u00facsapat\u00e1t.\u00a0 &#8222;Nagyon v\u00e1rta m\u00e1r mindenki ezt a fordul\u00f3t, hogy megmutathassa mennyit fejl\u0151d\u00f6tt az ut\u00f3bbi id\u0151szakban. Nagyon sokat dolgoztunk a l\u00e1nyokkal, ami meg is l\u00e1tszott a m\u00e9rk\u0151z\u00e9seken. R\u00e9gen kezdt\u00fcnk \u00fagy egy meccset, hogy ennyi k\u00f6nny\u0171 kosarat tudtunk dobni,...\" \/>\n<meta property=\"og:url\" content=\"https:\/\/vasasbasket.hu\/index.php\/taroltak-az-u12-esek-a-fiuk-ellen\/\" \/>\n<meta property=\"og:site_name\" content=\"Vasas n\u0151i kos\u00e1rlabda\" \/>\n<meta property=\"article:publisher\" content=\"https:\/\/www.facebook.com\/vasaswbasket\/\" \/>\n<meta property=\"article:published_time\" content=\"2020-01-13T18:20:13+00:00\" \/>\n<meta property=\"article:modified_time\" content=\"2020-01-13T18:20:59+00:00\" \/>\n<meta property=\"og:image\" content=\"https:\/\/vasasbasket.hu\/wp-content\/uploads\/2020\/01\/IMG_3853-scaled.jpg\" \/>\n\t<meta property=\"og:image:width\" content=\"2560\" \/>\n\t<meta property=\"og:image:height\" content=\"1920\" \/>\n\t<meta property=\"og:image:type\" content=\"image\/jpeg\" \/>\n<meta name=\"author\" content=\"admin\" \/>\n<meta name=\"twitter:card\" content=\"summary_large_image\" \/>\n<meta name=\"twitter:label1\" content=\"Szerz\u0151:\" \/>\n\t<meta name=\"twitter:data1\" content=\"admin\" \/>\n\t<meta name=\"twitter:label2\" content=\"Becs\u00fclt olvas\u00e1si id\u0151\" \/>\n\t<meta name=\"twitter:data2\" content=\"2 perc\" \/>\n<script type=\"application\/ld+json\" class=\"yoast-schema-graph\">{\"@context\":\"https:\/\/schema.org\",\"@graph\":[{\"@type\":\"Article\",\"@id\":\"https:\/\/vasasbasket.hu\/index.php\/taroltak-az-u12-esek-a-fiuk-ellen\/#article\",\"isPartOf\":{\"@id\":\"https:\/\/vasasbasket.hu\/index.php\/taroltak-az-u12-esek-a-fiuk-ellen\/\"},\"author\":{\"name\":\"admin\",\"@id\":\"https:\/\/vasasbasket.hu\/#\/schema\/person\/f1085f4d2c6582d8d0f977e92de2edee\"},\"headline\":\"Taroltak az Amazonok a fi\u00fak ellen\",\"datePublished\":\"2020-01-13T18:20:13+00:00\",\"dateModified\":\"2020-01-13T18:20:59+00:00\",\"mainEntityOfPage\":{\"@id\":\"https:\/\/vasasbasket.hu\/index.php\/taroltak-az-u12-esek-a-fiuk-ellen\/\"},\"wordCount\":411,\"publisher\":{\"@id\":\"https:\/\/vasasbasket.hu\/#organization\"},\"image\":{\"@id\":\"https:\/\/vasasbasket.hu\/index.php\/taroltak-az-u12-esek-a-fiuk-ellen\/#primaryimage\"},\"thumbnailUrl\":\"https:\/\/vasasbasket.hu\/wp-content\/uploads\/2020\/01\/IMG_3853-scaled.jpg\",\"articleSection\":[\"Gyerek\",\"\u00d6sszes H\u00edr\"],\"inLanguage\":\"hu\"},{\"@type\":\"WebPage\",\"@id\":\"https:\/\/vasasbasket.hu\/index.php\/taroltak-az-u12-esek-a-fiuk-ellen\/\",\"url\":\"https:\/\/vasasbasket.hu\/index.php\/taroltak-az-u12-esek-a-fiuk-ellen\/\",\"name\":\"Taroltak az Amazonok a fi\u00fak ellen - Vasas n\u0151i kos\u00e1rlabda\",\"isPartOf\":{\"@id\":\"https:\/\/vasasbasket.hu\/#website\"},\"primaryImageOfPage\":{\"@id\":\"https:\/\/vasasbasket.hu\/index.php\/taroltak-az-u12-esek-a-fiuk-ellen\/#primaryimage\"},\"image\":{\"@id\":\"https:\/\/vasasbasket.hu\/index.php\/taroltak-az-u12-esek-a-fiuk-ellen\/#primaryimage\"},\"thumbnailUrl\":\"https:\/\/vasasbasket.hu\/wp-content\/uploads\/2020\/01\/IMG_3853-scaled.jpg\",\"datePublished\":\"2020-01-13T18:20:13+00:00\",\"dateModified\":\"2020-01-13T18:20:59+00:00\",\"breadcrumb\":{\"@id\":\"https:\/\/vasasbasket.hu\/index.php\/taroltak-az-u12-esek-a-fiuk-ellen\/#breadcrumb\"},\"inLanguage\":\"hu\",\"potentialAction\":[{\"@type\":\"ReadAction\",\"target\":[\"https:\/\/vasasbasket.hu\/index.php\/taroltak-az-u12-esek-a-fiuk-ellen\/\"]}]},{\"@type\":\"ImageObject\",\"inLanguage\":\"hu\",\"@id\":\"https:\/\/vasasbasket.hu\/index.php\/taroltak-az-u12-esek-a-fiuk-ellen\/#primaryimage\",\"url\":\"https:\/\/vasasbasket.hu\/wp-content\/uploads\/2020\/01\/IMG_3853-scaled.jpg\",\"contentUrl\":\"https:\/\/vasasbasket.hu\/wp-content\/uploads\/2020\/01\/IMG_3853-scaled.jpg\",\"width\":2560,\"height\":1920},{\"@type\":\"BreadcrumbList\",\"@id\":\"https:\/\/vasasbasket.hu\/index.php\/taroltak-az-u12-esek-a-fiuk-ellen\/#breadcrumb\",\"itemListElement\":[{\"@type\":\"ListItem\",\"position\":1,\"name\":\"Kezd\u0151lap\",\"item\":\"https:\/\/vasasbasket.hu\/\"},{\"@type\":\"ListItem\",\"position\":2,\"name\":\"Taroltak az Amazonok a fi\u00fak ellen\"}]},{\"@type\":\"WebSite\",\"@id\":\"https:\/\/vasasbasket.hu\/#website\",\"url\":\"https:\/\/vasasbasket.hu\/\",\"name\":\"Vasas n\u0151i kos\u00e1rlabda\",\"description\":\"Vasas Basket N\u0151i\",\"publisher\":{\"@id\":\"https:\/\/vasasbasket.hu\/#organization\"},\"potentialAction\":[{\"@type\":\"SearchAction\",\"target\":{\"@type\":\"EntryPoint\",\"urlTemplate\":\"https:\/\/vasasbasket.hu\/?s={search_term_string}\"},\"query-input\":{\"@type\":\"PropertyValueSpecification\",\"valueRequired\":true,\"valueName\":\"search_term_string\"}}],\"inLanguage\":\"hu\"},{\"@type\":\"Organization\",\"@id\":\"https:\/\/vasasbasket.hu\/#organization\",\"name\":\"Vasas n\u0151i kos\u00e1rlabda\",\"url\":\"https:\/\/vasasbasket.hu\/\",\"logo\":{\"@type\":\"ImageObject\",\"inLanguage\":\"hu\",\"@id\":\"https:\/\/vasasbasket.hu\/#\/schema\/logo\/image\/\",\"url\":\"https:\/\/vasasbasket.hu\/wp-content\/uploads\/2017\/03\/vasas_cimer_1200.jpg\",\"contentUrl\":\"https:\/\/vasasbasket.hu\/wp-content\/uploads\/2017\/03\/vasas_cimer_1200.jpg\",\"width\":1200,\"height\":1200,\"caption\":\"Vasas n\u0151i kos\u00e1rlabda\"},\"image\":{\"@id\":\"https:\/\/vasasbasket.hu\/#\/schema\/logo\/image\/\"},\"sameAs\":[\"https:\/\/www.facebook.com\/vasaswbasket\/\"]},{\"@type\":\"Person\",\"@id\":\"https:\/\/vasasbasket.hu\/#\/schema\/person\/f1085f4d2c6582d8d0f977e92de2edee\",\"name\":\"admin\",\"image\":{\"@type\":\"ImageObject\",\"inLanguage\":\"hu\",\"@id\":\"https:\/\/vasasbasket.hu\/#\/schema\/person\/image\/\",\"url\":\"https:\/\/secure.gravatar.com\/avatar\/645c92f7d9cfe02bd93ce2d1cfa11cd3a268bdfe65486552ff04b193cea07634?s=96&d=mm&r=g\",\"contentUrl\":\"https:\/\/secure.gravatar.com\/avatar\/645c92f7d9cfe02bd93ce2d1cfa11cd3a268bdfe65486552ff04b193cea07634?s=96&d=mm&r=g\",\"caption\":\"admin\"},\"url\":\"https:\/\/vasasbasket.hu\/index.php\/author\/admin\/\"}]}<\/script>\n<!-- \/ Yoast SEO plugin. -->","yoast_head_json":{"title":"Taroltak az Amazonok a fi\u00fak ellen - Vasas n\u0151i kos\u00e1rlabda","robots":{"index":"index","follow":"follow","max-snippet":"max-snippet:-1","max-image-preview":"max-image-preview:large","max-video-preview":"max-video-preview:-1"},"canonical":"https:\/\/vasasbasket.hu\/index.php\/taroltak-az-u12-esek-a-fiuk-ellen\/","og_locale":"hu_HU","og_type":"article","og_title":"Taroltak az Amazonok a fi\u00fak ellen - Vasas n\u0151i kos\u00e1rlabda","og_description":"Az alapszakasz negyedik fordul\u00f3j\u00e1ban U12\/A csapatunk \u00f3ri\u00e1sit k\u00fczd\u00f6tt, \u00e9s legy\u0151zte a fi\u00fakb\u00f3l \u00e1ll\u00f3 \u00dajpest-MT\/A, valamint a Vasas U11-es fi\u00facsapat\u00e1t.\u00a0 &#8222;Nagyon v\u00e1rta m\u00e1r mindenki ezt a fordul\u00f3t, hogy megmutathassa mennyit fejl\u0151d\u00f6tt az ut\u00f3bbi id\u0151szakban. Nagyon sokat dolgoztunk a l\u00e1nyokkal, ami meg is l\u00e1tszott a m\u00e9rk\u0151z\u00e9seken. R\u00e9gen kezdt\u00fcnk \u00fagy egy meccset, hogy ennyi k\u00f6nny\u0171 kosarat tudtunk dobni,...","og_url":"https:\/\/vasasbasket.hu\/index.php\/taroltak-az-u12-esek-a-fiuk-ellen\/","og_site_name":"Vasas n\u0151i kos\u00e1rlabda","article_publisher":"https:\/\/www.facebook.com\/vasaswbasket\/","article_published_time":"2020-01-13T18:20:13+00:00","article_modified_time":"2020-01-13T18:20:59+00:00","og_image":[{"width":2560,"height":1920,"url":"https:\/\/vasasbasket.hu\/wp-content\/uploads\/2020\/01\/IMG_3853-scaled.jpg","type":"image\/jpeg"}],"author":"admin","twitter_card":"summary_large_image","twitter_misc":{"Szerz\u0151:":"admin","Becs\u00fclt olvas\u00e1si id\u0151":"2 perc"},"schema":{"@context":"https:\/\/schema.org","@graph":[{"@type":"Article","@id":"https:\/\/vasasbasket.hu\/index.php\/taroltak-az-u12-esek-a-fiuk-ellen\/#article","isPartOf":{"@id":"https:\/\/vasasbasket.hu\/index.php\/taroltak-az-u12-esek-a-fiuk-ellen\/"},"author":{"name":"admin","@id":"https:\/\/vasasbasket.hu\/#\/schema\/person\/f1085f4d2c6582d8d0f977e92de2edee"},"headline":"Taroltak az Amazonok a fi\u00fak ellen","datePublished":"2020-01-13T18:20:13+00:00","dateModified":"2020-01-13T18:20:59+00:00","mainEntityOfPage":{"@id":"https:\/\/vasasbasket.hu\/index.php\/taroltak-az-u12-esek-a-fiuk-ellen\/"},"wordCount":411,"publisher":{"@id":"https:\/\/vasasbasket.hu\/#organization"},"image":{"@id":"https:\/\/vasasbasket.hu\/index.php\/taroltak-az-u12-esek-a-fiuk-ellen\/#primaryimage"},"thumbnailUrl":"https:\/\/vasasbasket.hu\/wp-content\/uploads\/2020\/01\/IMG_3853-scaled.jpg","articleSection":["Gyerek","\u00d6sszes H\u00edr"],"inLanguage":"hu"},{"@type":"WebPage","@id":"https:\/\/vasasbasket.hu\/index.php\/taroltak-az-u12-esek-a-fiuk-ellen\/","url":"https:\/\/vasasbasket.hu\/index.php\/taroltak-az-u12-esek-a-fiuk-ellen\/","name":"Taroltak az Amazonok a fi\u00fak ellen - Vasas n\u0151i kos\u00e1rlabda","isPartOf":{"@id":"https:\/\/vasasbasket.hu\/#website"},"primaryImageOfPage":{"@id":"https:\/\/vasasbasket.hu\/index.php\/taroltak-az-u12-esek-a-fiuk-ellen\/#primaryimage"},"image":{"@id":"https:\/\/vasasbasket.hu\/index.php\/taroltak-az-u12-esek-a-fiuk-ellen\/#primaryimage"},"thumbnailUrl":"https:\/\/vasasbasket.hu\/wp-content\/uploads\/2020\/01\/IMG_3853-scaled.jpg","datePublished":"2020-01-13T18:20:13+00:00","dateModified":"2020-01-13T18:20:59+00:00","breadcrumb":{"@id":"https:\/\/vasasbasket.hu\/index.php\/taroltak-az-u12-esek-a-fiuk-ellen\/#breadcrumb"},"inLanguage":"hu","potentialAction":[{"@type":"ReadAction","target":["https:\/\/vasasbasket.hu\/index.php\/taroltak-az-u12-esek-a-fiuk-ellen\/"]}]},{"@type":"ImageObject","inLanguage":"hu","@id":"https:\/\/vasasbasket.hu\/index.php\/taroltak-az-u12-esek-a-fiuk-ellen\/#primaryimage","url":"https:\/\/vasasbasket.hu\/wp-content\/uploads\/2020\/01\/IMG_3853-scaled.jpg","contentUrl":"https:\/\/vasasbasket.hu\/wp-content\/uploads\/2020\/01\/IMG_3853-scaled.jpg","width":2560,"height":1920},{"@type":"BreadcrumbList","@id":"https:\/\/vasasbasket.hu\/index.php\/taroltak-az-u12-esek-a-fiuk-ellen\/#breadcrumb","itemListElement":[{"@type":"ListItem","position":1,"name":"Kezd\u0151lap","item":"https:\/\/vasasbasket.hu\/"},{"@type":"ListItem","position":2,"name":"Taroltak az Amazonok a fi\u00fak ellen"}]},{"@type":"WebSite","@id":"https:\/\/vasasbasket.hu\/#website","url":"https:\/\/vasasbasket.hu\/","name":"Vasas n\u0151i kos\u00e1rlabda","description":"Vasas Basket N\u0151i","publisher":{"@id":"https:\/\/vasasbasket.hu\/#organization"},"potentialAction":[{"@type":"SearchAction","target":{"@type":"EntryPoint","urlTemplate":"https:\/\/vasasbasket.hu\/?s={search_term_string}"},"query-input":{"@type":"PropertyValueSpecification","valueRequired":true,"valueName":"search_term_string"}}],"inLanguage":"hu"},{"@type":"Organization","@id":"https:\/\/vasasbasket.hu\/#organization","name":"Vasas n\u0151i kos\u00e1rlabda","url":"https:\/\/vasasbasket.hu\/","logo":{"@type":"ImageObject","inLanguage":"hu","@id":"https:\/\/vasasbasket.hu\/#\/schema\/logo\/image\/","url":"https:\/\/vasasbasket.hu\/wp-content\/uploads\/2017\/03\/vasas_cimer_1200.jpg","contentUrl":"https:\/\/vasasbasket.hu\/wp-content\/uploads\/2017\/03\/vasas_cimer_1200.jpg","width":1200,"height":1200,"caption":"Vasas n\u0151i kos\u00e1rlabda"},"image":{"@id":"https:\/\/vasasbasket.hu\/#\/schema\/logo\/image\/"},"sameAs":["https:\/\/www.facebook.com\/vasaswbasket\/"]},{"@type":"Person","@id":"https:\/\/vasasbasket.hu\/#\/schema\/person\/f1085f4d2c6582d8d0f977e92de2edee","name":"admin","image":{"@type":"ImageObject","inLanguage":"hu","@id":"https:\/\/vasasbasket.hu\/#\/schema\/person\/image\/","url":"https:\/\/secure.gravatar.com\/avatar\/645c92f7d9cfe02bd93ce2d1cfa11cd3a268bdfe65486552ff04b193cea07634?s=96&d=mm&r=g","contentUrl":"https:\/\/secure.gravatar.com\/avatar\/645c92f7d9cfe02bd93ce2d1cfa11cd3a268bdfe65486552ff04b193cea07634?s=96&d=mm&r=g","caption":"admin"},"url":"https:\/\/vasasbasket.hu\/index.php\/author\/admin\/"}]}},"_links":{"self":[{"href":"https:\/\/vasasbasket.hu\/index.php\/wp-json\/wp\/v2\/posts\/6621","targetHints":{"allow":["GET"]}}],"collection":[{"href":"https:\/\/vasasbasket.hu\/index.php\/wp-json\/wp\/v2\/posts"}],"about":[{"href":"https:\/\/vasasbasket.hu\/index.php\/wp-json\/wp\/v2\/types\/post"}],"author":[{"embeddable":true,"href":"https:\/\/vasasbasket.hu\/index.php\/wp-json\/wp\/v2\/users\/1"}],"replies":[{"embeddable":true,"href":"https:\/\/vasasbasket.hu\/index.php\/wp-json\/wp\/v2\/comments?post=6621"}],"version-history":[{"count":2,"href":"https:\/\/vasasbasket.hu\/index.php\/wp-json\/wp\/v2\/posts\/6621\/revisions"}],"predecessor-version":[{"id":6625,"href":"https:\/\/vasasbasket.hu\/index.php\/wp-json\/wp\/v2\/posts\/6621\/revisions\/6625"}],"wp:featuredmedia":[{"embeddable":true,"href":"https:\/\/vasasbasket.hu\/index.php\/wp-json\/wp\/v2\/media\/6623"}],"wp:attachment":[{"href":"https:\/\/vasasbasket.hu\/index.php\/wp-json\/wp\/v2\/media?parent=6621"}],"wp:term":[{"taxonomy":"category","embeddable":true,"href":"https:\/\/vasasbasket.hu\/index.php\/wp-json\/wp\/v2\/categories?post=6621"},{"taxonomy":"post_tag","embeddable":true,"href":"https:\/\/vasasbasket.hu\/index.php\/wp-json\/wp\/v2\/tags?post=6621"}],"curies":[{"name":"wp","href":"https:\/\/api.w.org\/{rel}","templated":true}]}}