{"id":6550,"date":"2019-12-23T15:15:43","date_gmt":"2019-12-23T15:15:43","guid":{"rendered":"http:\/\/vasasbasket.hu\/?p=6550"},"modified":"2019-12-23T15:27:34","modified_gmt":"2019-12-23T15:27:34","slug":"lezarult-az-adomanygyujto-kampany","status":"publish","type":"post","link":"https:\/\/vasasbasket.hu\/index.php\/lezarult-az-adomanygyujto-kampany\/","title":{"rendered":"Lez\u00e1rult az adom\u00e1nygy\u0171jt\u0151 kamp\u00e1ny"},"content":{"rendered":"<p><strong>Mint arr\u00f3l kor\u00e1bban besz\u00e1moltunk, a Vasas Akad\u00e9mia \u00fajra csatlakozott az Age Of Hope alap\u00edtv\u00e1ny &#8222;Ezer Gyerek Kar\u00e1csonya&#8221; adom\u00e1nygy\u0171jt\u0151 kamp\u00e1ny\u00e1hoz. Csak Pasar\u00e9ten k\u00f6zel sz\u00e1z cip\u0151sdoboz gy\u0171lt \u00f6ssze, melyet ez\u00faton is k\u00f6sz\u00f6n\u00fcnk minden adom\u00e1nyoz\u00f3nak.<\/strong><\/p>\n<p>December 18.-\u00e1n vitt\u00e9k el az utols\u00f3 cip\u0151sdobozokat a Pasar\u00e9ti Sportcentrum kar\u00e1csonyf\u00e1ja al\u00f3l. K\u00f6zel sz\u00e1z csomag gy\u0171lt \u00f6ssze a b\u0151 egy h\u00e9t alatt, az adom\u00e1nygy\u0171jt\u0151 kamp\u00e1nyban pedig kicsik \u00e9s nagyok is akt\u00edvan r\u00e9szt vettek.<img loading=\"lazy\" decoding=\"async\" class=\" wp-image-6553 aligncenter\" src=\"http:\/\/vasasbasket.hu\/wp-content\/uploads\/2019\/12\/79746384_761417487668629_8827090990889172992_n-e1577113099836-1024x551.jpg\" alt=\"\" width=\"548\" height=\"296\" srcset=\"https:\/\/vasasbasket.hu\/wp-content\/uploads\/2019\/12\/79746384_761417487668629_8827090990889172992_n-e1577113099836-1024x551.jpg 1024w, https:\/\/vasasbasket.hu\/wp-content\/uploads\/2019\/12\/79746384_761417487668629_8827090990889172992_n-e1577113099836-440x237.jpg 440w, https:\/\/vasasbasket.hu\/wp-content\/uploads\/2019\/12\/79746384_761417487668629_8827090990889172992_n-e1577113099836-300x161.jpg 300w, https:\/\/vasasbasket.hu\/wp-content\/uploads\/2019\/12\/79746384_761417487668629_8827090990889172992_n-e1577113099836-768x413.jpg 768w, https:\/\/vasasbasket.hu\/wp-content\/uploads\/2019\/12\/79746384_761417487668629_8827090990889172992_n-e1577113099836-1536x826.jpg 1536w, https:\/\/vasasbasket.hu\/wp-content\/uploads\/2019\/12\/79746384_761417487668629_8827090990889172992_n-e1577113099836-128x69.jpg 128w, https:\/\/vasasbasket.hu\/wp-content\/uploads\/2019\/12\/79746384_761417487668629_8827090990889172992_n-e1577113099836-32x17.jpg 32w, https:\/\/vasasbasket.hu\/wp-content\/uploads\/2019\/12\/79746384_761417487668629_8827090990889172992_n-e1577113099836-98x53.jpg 98w, https:\/\/vasasbasket.hu\/wp-content\/uploads\/2019\/12\/79746384_761417487668629_8827090990889172992_n-e1577113099836.jpg 1791w\" sizes=\"auto, (max-width: 548px) 100vw, 548px\" \/><\/p>\n<p><img loading=\"lazy\" decoding=\"async\" class=\" wp-image-6551 aligncenter\" src=\"http:\/\/vasasbasket.hu\/wp-content\/uploads\/2019\/12\/IMG-0115-1024x576.png\" alt=\"\" width=\"547\" height=\"308\" srcset=\"https:\/\/vasasbasket.hu\/wp-content\/uploads\/2019\/12\/IMG-0115-1024x576.png 1024w, https:\/\/vasasbasket.hu\/wp-content\/uploads\/2019\/12\/IMG-0115-570x320.png 570w, https:\/\/vasasbasket.hu\/wp-content\/uploads\/2019\/12\/IMG-0115-440x247.png 440w, https:\/\/vasasbasket.hu\/wp-content\/uploads\/2019\/12\/IMG-0115-300x169.png 300w, https:\/\/vasasbasket.hu\/wp-content\/uploads\/2019\/12\/IMG-0115-768x432.png 768w, https:\/\/vasasbasket.hu\/wp-content\/uploads\/2019\/12\/IMG-0115-128x72.png 128w, https:\/\/vasasbasket.hu\/wp-content\/uploads\/2019\/12\/IMG-0115-32x18.png 32w, https:\/\/vasasbasket.hu\/wp-content\/uploads\/2019\/12\/IMG-0115-98x55.png 98w, https:\/\/vasasbasket.hu\/wp-content\/uploads\/2019\/12\/IMG-0115.png 1334w\" sizes=\"auto, (max-width: 547px) 100vw, 547px\" \/>K\u00fcl\u00f6n \u00f6r\u00f6m, hogy egyre t\u00f6bb Vasas Akad\u00e9mi\u00e1n kos\u00e1rlabd\u00e1z\u00f3 k\u00f6z\u00e9piskol\u00e1s az Age Of Hope alap\u00edtv\u00e1nyn\u00e1l t\u00f6lti az \u00f6tven \u00f3r\u00e1s k\u00f6z\u00f6ss\u00e9gi szolg\u00e1lat\u00e1t, \u00edgy a j\u00f3 cselekedetek nemcsak a szeretet \u00fcnnep\u00e9re korl\u00e1toz\u00f3dnak.<\/p>\n<figure id=\"attachment_6554\" aria-describedby=\"caption-attachment-6554\" style=\"width: 458px\" class=\"wp-caption aligncenter\"><img loading=\"lazy\" decoding=\"async\" class=\" wp-image-6554\" src=\"http:\/\/vasasbasket.hu\/wp-content\/uploads\/2019\/12\/79959985_499481437365341_5428730562112126976_n-1024x684.jpg\" alt=\"Fot\u00f3: Bielik Istv\u00e1n\" width=\"458\" height=\"306\" srcset=\"https:\/\/vasasbasket.hu\/wp-content\/uploads\/2019\/12\/79959985_499481437365341_5428730562112126976_n-1024x684.jpg 1024w, https:\/\/vasasbasket.hu\/wp-content\/uploads\/2019\/12\/79959985_499481437365341_5428730562112126976_n-570x381.jpg 570w, https:\/\/vasasbasket.hu\/wp-content\/uploads\/2019\/12\/79959985_499481437365341_5428730562112126976_n-440x294.jpg 440w, https:\/\/vasasbasket.hu\/wp-content\/uploads\/2019\/12\/79959985_499481437365341_5428730562112126976_n-300x200.jpg 300w, https:\/\/vasasbasket.hu\/wp-content\/uploads\/2019\/12\/79959985_499481437365341_5428730562112126976_n-768x513.jpg 768w, https:\/\/vasasbasket.hu\/wp-content\/uploads\/2019\/12\/79959985_499481437365341_5428730562112126976_n-1536x1026.jpg 1536w, https:\/\/vasasbasket.hu\/wp-content\/uploads\/2019\/12\/79959985_499481437365341_5428730562112126976_n-128x85.jpg 128w, https:\/\/vasasbasket.hu\/wp-content\/uploads\/2019\/12\/79959985_499481437365341_5428730562112126976_n-32x21.jpg 32w, https:\/\/vasasbasket.hu\/wp-content\/uploads\/2019\/12\/79959985_499481437365341_5428730562112126976_n-360x240.jpg 360w, https:\/\/vasasbasket.hu\/wp-content\/uploads\/2019\/12\/79959985_499481437365341_5428730562112126976_n-98x65.jpg 98w, https:\/\/vasasbasket.hu\/wp-content\/uploads\/2019\/12\/79959985_499481437365341_5428730562112126976_n.jpg 1875w\" sizes=\"auto, (max-width: 458px) 100vw, 458px\" \/><figcaption id=\"caption-attachment-6554\" class=\"wp-caption-text\">Fot\u00f3: Bielik Istv\u00e1n<\/figcaption><\/figure>\n<p><strong>K\u00f6sz\u00f6nj\u00fck mindenkinek, aki seg\u00edtett szebb\u00e9 tenni Ezer Gyerek Kar\u00e1csony\u00e1t, \u00e9s mindenkinek B\u00e9k\u00e9s Kar\u00e1csonyi \u00dcnnepeket \u00e9s Boldog \u00daj \u00c9vet k\u00edv\u00e1nunk.<\/strong><\/p>\n","protected":false},"excerpt":{"rendered":"<p>Mint arr\u00f3l kor\u00e1bban besz\u00e1moltunk, a Vasas Akad\u00e9mia \u00fajra csatlakozott az Age Of Hope alap\u00edtv\u00e1ny &#8222;Ezer Gyerek Kar\u00e1csonya&#8221; adom\u00e1nygy\u0171jt\u0151 kamp\u00e1ny\u00e1hoz. Csak Pasar\u00e9ten k\u00f6zel sz\u00e1z cip\u0151sdoboz gy\u0171lt \u00f6ssze, melyet ez\u00faton is k\u00f6sz\u00f6n\u00fcnk minden adom\u00e1nyoz\u00f3nak. December 18.-\u00e1n vitt\u00e9k el az utols\u00f3 cip\u0151sdobozokat a Pasar\u00e9ti Sportcentrum kar\u00e1csonyf\u00e1ja al\u00f3l. K\u00f6zel sz\u00e1z csomag gy\u0171lt \u00f6ssze a b\u0151 egy h\u00e9t alatt, az&#8230;<\/p>\n","protected":false},"author":1,"featured_media":6552,"comment_status":"closed","ping_status":"open","sticky":false,"template":"","format":"standard","meta":{"footnotes":""},"categories":[92],"tags":[],"class_list":["post-6550","post","type-post","status-publish","format-standard","has-post-thumbnail","hentry","category-hirek"],"yoast_head":"<!-- This site is optimized with the Yoast SEO plugin v26.0 - https:\/\/yoast.com\/wordpress\/plugins\/seo\/ -->\n<title>Lez\u00e1rult az adom\u00e1nygy\u0171jt\u0151 kamp\u00e1ny - Vasas n\u0151i kos\u00e1rlabda<\/title>\n<meta name=\"robots\" content=\"index, follow, max-snippet:-1, max-image-preview:large, max-video-preview:-1\" \/>\n<link rel=\"canonical\" href=\"https:\/\/vasasbasket.hu\/index.php\/lezarult-az-adomanygyujto-kampany\/\" \/>\n<meta property=\"og:locale\" content=\"hu_HU\" \/>\n<meta property=\"og:type\" content=\"article\" \/>\n<meta property=\"og:title\" content=\"Lez\u00e1rult az adom\u00e1nygy\u0171jt\u0151 kamp\u00e1ny - Vasas n\u0151i kos\u00e1rlabda\" \/>\n<meta property=\"og:description\" content=\"Mint arr\u00f3l kor\u00e1bban besz\u00e1moltunk, a Vasas Akad\u00e9mia \u00fajra csatlakozott az Age Of Hope alap\u00edtv\u00e1ny &#8222;Ezer Gyerek Kar\u00e1csonya&#8221; adom\u00e1nygy\u0171jt\u0151 kamp\u00e1ny\u00e1hoz. Csak Pasar\u00e9ten k\u00f6zel sz\u00e1z cip\u0151sdoboz gy\u0171lt \u00f6ssze, melyet ez\u00faton is k\u00f6sz\u00f6n\u00fcnk minden adom\u00e1nyoz\u00f3nak. December 18.-\u00e1n vitt\u00e9k el az utols\u00f3 cip\u0151sdobozokat a Pasar\u00e9ti Sportcentrum kar\u00e1csonyf\u00e1ja al\u00f3l. K\u00f6zel sz\u00e1z csomag gy\u0171lt \u00f6ssze a b\u0151 egy h\u00e9t alatt, az...\" \/>\n<meta property=\"og:url\" content=\"https:\/\/vasasbasket.hu\/index.php\/lezarult-az-adomanygyujto-kampany\/\" \/>\n<meta property=\"og:site_name\" content=\"Vasas n\u0151i kos\u00e1rlabda\" \/>\n<meta property=\"article:publisher\" content=\"https:\/\/www.facebook.com\/vasaswbasket\/\" \/>\n<meta property=\"article:published_time\" content=\"2019-12-23T15:15:43+00:00\" \/>\n<meta property=\"article:modified_time\" content=\"2019-12-23T15:27:34+00:00\" \/>\n<meta property=\"og:image\" content=\"https:\/\/vasasbasket.hu\/wp-content\/uploads\/2019\/12\/IMG_0460.jpg\" \/>\n\t<meta property=\"og:image:width\" content=\"2016\" \/>\n\t<meta property=\"og:image:height\" content=\"1512\" \/>\n\t<meta property=\"og:image:type\" content=\"image\/jpeg\" \/>\n<meta name=\"author\" content=\"admin\" \/>\n<meta name=\"twitter:card\" content=\"summary_large_image\" \/>\n<meta name=\"twitter:label1\" content=\"Szerz\u0151:\" \/>\n\t<meta name=\"twitter:data1\" content=\"admin\" \/>\n\t<meta name=\"twitter:label2\" content=\"Becs\u00fclt olvas\u00e1si id\u0151\" \/>\n\t<meta name=\"twitter:data2\" content=\"1 perc\" \/>\n<script type=\"application\/ld+json\" class=\"yoast-schema-graph\">{\"@context\":\"https:\/\/schema.org\",\"@graph\":[{\"@type\":\"Article\",\"@id\":\"https:\/\/vasasbasket.hu\/index.php\/lezarult-az-adomanygyujto-kampany\/#article\",\"isPartOf\":{\"@id\":\"https:\/\/vasasbasket.hu\/index.php\/lezarult-az-adomanygyujto-kampany\/\"},\"author\":{\"name\":\"admin\",\"@id\":\"https:\/\/vasasbasket.hu\/#\/schema\/person\/f1085f4d2c6582d8d0f977e92de2edee\"},\"headline\":\"Lez\u00e1rult az adom\u00e1nygy\u0171jt\u0151 kamp\u00e1ny\",\"datePublished\":\"2019-12-23T15:15:43+00:00\",\"dateModified\":\"2019-12-23T15:27:34+00:00\",\"mainEntityOfPage\":{\"@id\":\"https:\/\/vasasbasket.hu\/index.php\/lezarult-az-adomanygyujto-kampany\/\"},\"wordCount\":205,\"publisher\":{\"@id\":\"https:\/\/vasasbasket.hu\/#organization\"},\"image\":{\"@id\":\"https:\/\/vasasbasket.hu\/index.php\/lezarult-az-adomanygyujto-kampany\/#primaryimage\"},\"thumbnailUrl\":\"https:\/\/vasasbasket.hu\/wp-content\/uploads\/2019\/12\/IMG_0460.jpg\",\"articleSection\":[\"\u00d6sszes H\u00edr\"],\"inLanguage\":\"hu\"},{\"@type\":\"WebPage\",\"@id\":\"https:\/\/vasasbasket.hu\/index.php\/lezarult-az-adomanygyujto-kampany\/\",\"url\":\"https:\/\/vasasbasket.hu\/index.php\/lezarult-az-adomanygyujto-kampany\/\",\"name\":\"Lez\u00e1rult az adom\u00e1nygy\u0171jt\u0151 kamp\u00e1ny - Vasas n\u0151i kos\u00e1rlabda\",\"isPartOf\":{\"@id\":\"https:\/\/vasasbasket.hu\/#website\"},\"primaryImageOfPage\":{\"@id\":\"https:\/\/vasasbasket.hu\/index.php\/lezarult-az-adomanygyujto-kampany\/#primaryimage\"},\"image\":{\"@id\":\"https:\/\/vasasbasket.hu\/index.php\/lezarult-az-adomanygyujto-kampany\/#primaryimage\"},\"thumbnailUrl\":\"https:\/\/vasasbasket.hu\/wp-content\/uploads\/2019\/12\/IMG_0460.jpg\",\"datePublished\":\"2019-12-23T15:15:43+00:00\",\"dateModified\":\"2019-12-23T15:27:34+00:00\",\"breadcrumb\":{\"@id\":\"https:\/\/vasasbasket.hu\/index.php\/lezarult-az-adomanygyujto-kampany\/#breadcrumb\"},\"inLanguage\":\"hu\",\"potentialAction\":[{\"@type\":\"ReadAction\",\"target\":[\"https:\/\/vasasbasket.hu\/index.php\/lezarult-az-adomanygyujto-kampany\/\"]}]},{\"@type\":\"ImageObject\",\"inLanguage\":\"hu\",\"@id\":\"https:\/\/vasasbasket.hu\/index.php\/lezarult-az-adomanygyujto-kampany\/#primaryimage\",\"url\":\"https:\/\/vasasbasket.hu\/wp-content\/uploads\/2019\/12\/IMG_0460.jpg\",\"contentUrl\":\"https:\/\/vasasbasket.hu\/wp-content\/uploads\/2019\/12\/IMG_0460.jpg\",\"width\":2016,\"height\":1512},{\"@type\":\"BreadcrumbList\",\"@id\":\"https:\/\/vasasbasket.hu\/index.php\/lezarult-az-adomanygyujto-kampany\/#breadcrumb\",\"itemListElement\":[{\"@type\":\"ListItem\",\"position\":1,\"name\":\"Kezd\u0151lap\",\"item\":\"https:\/\/vasasbasket.hu\/\"},{\"@type\":\"ListItem\",\"position\":2,\"name\":\"Lez\u00e1rult az adom\u00e1nygy\u0171jt\u0151 kamp\u00e1ny\"}]},{\"@type\":\"WebSite\",\"@id\":\"https:\/\/vasasbasket.hu\/#website\",\"url\":\"https:\/\/vasasbasket.hu\/\",\"name\":\"Vasas n\u0151i kos\u00e1rlabda\",\"description\":\"Vasas Basket N\u0151i\",\"publisher\":{\"@id\":\"https:\/\/vasasbasket.hu\/#organization\"},\"potentialAction\":[{\"@type\":\"SearchAction\",\"target\":{\"@type\":\"EntryPoint\",\"urlTemplate\":\"https:\/\/vasasbasket.hu\/?s={search_term_string}\"},\"query-input\":{\"@type\":\"PropertyValueSpecification\",\"valueRequired\":true,\"valueName\":\"search_term_string\"}}],\"inLanguage\":\"hu\"},{\"@type\":\"Organization\",\"@id\":\"https:\/\/vasasbasket.hu\/#organization\",\"name\":\"Vasas n\u0151i kos\u00e1rlabda\",\"url\":\"https:\/\/vasasbasket.hu\/\",\"logo\":{\"@type\":\"ImageObject\",\"inLanguage\":\"hu\",\"@id\":\"https:\/\/vasasbasket.hu\/#\/schema\/logo\/image\/\",\"url\":\"https:\/\/vasasbasket.hu\/wp-content\/uploads\/2017\/03\/vasas_cimer_1200.jpg\",\"contentUrl\":\"https:\/\/vasasbasket.hu\/wp-content\/uploads\/2017\/03\/vasas_cimer_1200.jpg\",\"width\":1200,\"height\":1200,\"caption\":\"Vasas n\u0151i kos\u00e1rlabda\"},\"image\":{\"@id\":\"https:\/\/vasasbasket.hu\/#\/schema\/logo\/image\/\"},\"sameAs\":[\"https:\/\/www.facebook.com\/vasaswbasket\/\"]},{\"@type\":\"Person\",\"@id\":\"https:\/\/vasasbasket.hu\/#\/schema\/person\/f1085f4d2c6582d8d0f977e92de2edee\",\"name\":\"admin\",\"image\":{\"@type\":\"ImageObject\",\"inLanguage\":\"hu\",\"@id\":\"https:\/\/vasasbasket.hu\/#\/schema\/person\/image\/\",\"url\":\"https:\/\/secure.gravatar.com\/avatar\/645c92f7d9cfe02bd93ce2d1cfa11cd3a268bdfe65486552ff04b193cea07634?s=96&d=mm&r=g\",\"contentUrl\":\"https:\/\/secure.gravatar.com\/avatar\/645c92f7d9cfe02bd93ce2d1cfa11cd3a268bdfe65486552ff04b193cea07634?s=96&d=mm&r=g\",\"caption\":\"admin\"},\"url\":\"https:\/\/vasasbasket.hu\/index.php\/author\/admin\/\"}]}<\/script>\n<!-- \/ Yoast SEO plugin. -->","yoast_head_json":{"title":"Lez\u00e1rult az adom\u00e1nygy\u0171jt\u0151 kamp\u00e1ny - Vasas n\u0151i kos\u00e1rlabda","robots":{"index":"index","follow":"follow","max-snippet":"max-snippet:-1","max-image-preview":"max-image-preview:large","max-video-preview":"max-video-preview:-1"},"canonical":"https:\/\/vasasbasket.hu\/index.php\/lezarult-az-adomanygyujto-kampany\/","og_locale":"hu_HU","og_type":"article","og_title":"Lez\u00e1rult az adom\u00e1nygy\u0171jt\u0151 kamp\u00e1ny - Vasas n\u0151i kos\u00e1rlabda","og_description":"Mint arr\u00f3l kor\u00e1bban besz\u00e1moltunk, a Vasas Akad\u00e9mia \u00fajra csatlakozott az Age Of Hope alap\u00edtv\u00e1ny &#8222;Ezer Gyerek Kar\u00e1csonya&#8221; adom\u00e1nygy\u0171jt\u0151 kamp\u00e1ny\u00e1hoz. Csak Pasar\u00e9ten k\u00f6zel sz\u00e1z cip\u0151sdoboz gy\u0171lt \u00f6ssze, melyet ez\u00faton is k\u00f6sz\u00f6n\u00fcnk minden adom\u00e1nyoz\u00f3nak. December 18.-\u00e1n vitt\u00e9k el az utols\u00f3 cip\u0151sdobozokat a Pasar\u00e9ti Sportcentrum kar\u00e1csonyf\u00e1ja al\u00f3l. K\u00f6zel sz\u00e1z csomag gy\u0171lt \u00f6ssze a b\u0151 egy h\u00e9t alatt, az...","og_url":"https:\/\/vasasbasket.hu\/index.php\/lezarult-az-adomanygyujto-kampany\/","og_site_name":"Vasas n\u0151i kos\u00e1rlabda","article_publisher":"https:\/\/www.facebook.com\/vasaswbasket\/","article_published_time":"2019-12-23T15:15:43+00:00","article_modified_time":"2019-12-23T15:27:34+00:00","og_image":[{"width":2016,"height":1512,"url":"https:\/\/vasasbasket.hu\/wp-content\/uploads\/2019\/12\/IMG_0460.jpg","type":"image\/jpeg"}],"author":"admin","twitter_card":"summary_large_image","twitter_misc":{"Szerz\u0151:":"admin","Becs\u00fclt olvas\u00e1si id\u0151":"1 perc"},"schema":{"@context":"https:\/\/schema.org","@graph":[{"@type":"Article","@id":"https:\/\/vasasbasket.hu\/index.php\/lezarult-az-adomanygyujto-kampany\/#article","isPartOf":{"@id":"https:\/\/vasasbasket.hu\/index.php\/lezarult-az-adomanygyujto-kampany\/"},"author":{"name":"admin","@id":"https:\/\/vasasbasket.hu\/#\/schema\/person\/f1085f4d2c6582d8d0f977e92de2edee"},"headline":"Lez\u00e1rult az adom\u00e1nygy\u0171jt\u0151 kamp\u00e1ny","datePublished":"2019-12-23T15:15:43+00:00","dateModified":"2019-12-23T15:27:34+00:00","mainEntityOfPage":{"@id":"https:\/\/vasasbasket.hu\/index.php\/lezarult-az-adomanygyujto-kampany\/"},"wordCount":205,"publisher":{"@id":"https:\/\/vasasbasket.hu\/#organization"},"image":{"@id":"https:\/\/vasasbasket.hu\/index.php\/lezarult-az-adomanygyujto-kampany\/#primaryimage"},"thumbnailUrl":"https:\/\/vasasbasket.hu\/wp-content\/uploads\/2019\/12\/IMG_0460.jpg","articleSection":["\u00d6sszes H\u00edr"],"inLanguage":"hu"},{"@type":"WebPage","@id":"https:\/\/vasasbasket.hu\/index.php\/lezarult-az-adomanygyujto-kampany\/","url":"https:\/\/vasasbasket.hu\/index.php\/lezarult-az-adomanygyujto-kampany\/","name":"Lez\u00e1rult az adom\u00e1nygy\u0171jt\u0151 kamp\u00e1ny - Vasas n\u0151i kos\u00e1rlabda","isPartOf":{"@id":"https:\/\/vasasbasket.hu\/#website"},"primaryImageOfPage":{"@id":"https:\/\/vasasbasket.hu\/index.php\/lezarult-az-adomanygyujto-kampany\/#primaryimage"},"image":{"@id":"https:\/\/vasasbasket.hu\/index.php\/lezarult-az-adomanygyujto-kampany\/#primaryimage"},"thumbnailUrl":"https:\/\/vasasbasket.hu\/wp-content\/uploads\/2019\/12\/IMG_0460.jpg","datePublished":"2019-12-23T15:15:43+00:00","dateModified":"2019-12-23T15:27:34+00:00","breadcrumb":{"@id":"https:\/\/vasasbasket.hu\/index.php\/lezarult-az-adomanygyujto-kampany\/#breadcrumb"},"inLanguage":"hu","potentialAction":[{"@type":"ReadAction","target":["https:\/\/vasasbasket.hu\/index.php\/lezarult-az-adomanygyujto-kampany\/"]}]},{"@type":"ImageObject","inLanguage":"hu","@id":"https:\/\/vasasbasket.hu\/index.php\/lezarult-az-adomanygyujto-kampany\/#primaryimage","url":"https:\/\/vasasbasket.hu\/wp-content\/uploads\/2019\/12\/IMG_0460.jpg","contentUrl":"https:\/\/vasasbasket.hu\/wp-content\/uploads\/2019\/12\/IMG_0460.jpg","width":2016,"height":1512},{"@type":"BreadcrumbList","@id":"https:\/\/vasasbasket.hu\/index.php\/lezarult-az-adomanygyujto-kampany\/#breadcrumb","itemListElement":[{"@type":"ListItem","position":1,"name":"Kezd\u0151lap","item":"https:\/\/vasasbasket.hu\/"},{"@type":"ListItem","position":2,"name":"Lez\u00e1rult az adom\u00e1nygy\u0171jt\u0151 kamp\u00e1ny"}]},{"@type":"WebSite","@id":"https:\/\/vasasbasket.hu\/#website","url":"https:\/\/vasasbasket.hu\/","name":"Vasas n\u0151i kos\u00e1rlabda","description":"Vasas Basket N\u0151i","publisher":{"@id":"https:\/\/vasasbasket.hu\/#organization"},"potentialAction":[{"@type":"SearchAction","target":{"@type":"EntryPoint","urlTemplate":"https:\/\/vasasbasket.hu\/?s={search_term_string}"},"query-input":{"@type":"PropertyValueSpecification","valueRequired":true,"valueName":"search_term_string"}}],"inLanguage":"hu"},{"@type":"Organization","@id":"https:\/\/vasasbasket.hu\/#organization","name":"Vasas n\u0151i kos\u00e1rlabda","url":"https:\/\/vasasbasket.hu\/","logo":{"@type":"ImageObject","inLanguage":"hu","@id":"https:\/\/vasasbasket.hu\/#\/schema\/logo\/image\/","url":"https:\/\/vasasbasket.hu\/wp-content\/uploads\/2017\/03\/vasas_cimer_1200.jpg","contentUrl":"https:\/\/vasasbasket.hu\/wp-content\/uploads\/2017\/03\/vasas_cimer_1200.jpg","width":1200,"height":1200,"caption":"Vasas n\u0151i kos\u00e1rlabda"},"image":{"@id":"https:\/\/vasasbasket.hu\/#\/schema\/logo\/image\/"},"sameAs":["https:\/\/www.facebook.com\/vasaswbasket\/"]},{"@type":"Person","@id":"https:\/\/vasasbasket.hu\/#\/schema\/person\/f1085f4d2c6582d8d0f977e92de2edee","name":"admin","image":{"@type":"ImageObject","inLanguage":"hu","@id":"https:\/\/vasasbasket.hu\/#\/schema\/person\/image\/","url":"https:\/\/secure.gravatar.com\/avatar\/645c92f7d9cfe02bd93ce2d1cfa11cd3a268bdfe65486552ff04b193cea07634?s=96&d=mm&r=g","contentUrl":"https:\/\/secure.gravatar.com\/avatar\/645c92f7d9cfe02bd93ce2d1cfa11cd3a268bdfe65486552ff04b193cea07634?s=96&d=mm&r=g","caption":"admin"},"url":"https:\/\/vasasbasket.hu\/index.php\/author\/admin\/"}]}},"_links":{"self":[{"href":"https:\/\/vasasbasket.hu\/index.php\/wp-json\/wp\/v2\/posts\/6550","targetHints":{"allow":["GET"]}}],"collection":[{"href":"https:\/\/vasasbasket.hu\/index.php\/wp-json\/wp\/v2\/posts"}],"about":[{"href":"https:\/\/vasasbasket.hu\/index.php\/wp-json\/wp\/v2\/types\/post"}],"author":[{"embeddable":true,"href":"https:\/\/vasasbasket.hu\/index.php\/wp-json\/wp\/v2\/users\/1"}],"replies":[{"embeddable":true,"href":"https:\/\/vasasbasket.hu\/index.php\/wp-json\/wp\/v2\/comments?post=6550"}],"version-history":[{"count":6,"href":"https:\/\/vasasbasket.hu\/index.php\/wp-json\/wp\/v2\/posts\/6550\/revisions"}],"predecessor-version":[{"id":6562,"href":"https:\/\/vasasbasket.hu\/index.php\/wp-json\/wp\/v2\/posts\/6550\/revisions\/6562"}],"wp:featuredmedia":[{"embeddable":true,"href":"https:\/\/vasasbasket.hu\/index.php\/wp-json\/wp\/v2\/media\/6552"}],"wp:attachment":[{"href":"https:\/\/vasasbasket.hu\/index.php\/wp-json\/wp\/v2\/media?parent=6550"}],"wp:term":[{"taxonomy":"category","embeddable":true,"href":"https:\/\/vasasbasket.hu\/index.php\/wp-json\/wp\/v2\/categories?post=6550"},{"taxonomy":"post_tag","embeddable":true,"href":"https:\/\/vasasbasket.hu\/index.php\/wp-json\/wp\/v2\/tags?post=6550"}],"curies":[{"name":"wp","href":"https:\/\/api.w.org\/{rel}","templated":true}]}}