{"id":6515,"date":"2019-12-16T18:01:34","date_gmt":"2019-12-16T18:01:34","guid":{"rendered":"http:\/\/vasasbasket.hu\/?p=6515"},"modified":"2019-12-16T18:01:34","modified_gmt":"2019-12-16T18:01:34","slug":"hibatlan-serdulok-2","status":"publish","type":"post","link":"https:\/\/vasasbasket.hu\/index.php\/hibatlan-serdulok-2\/","title":{"rendered":"Hib\u00e1tlan serd\u00fcl\u0151k"},"content":{"rendered":"<p><strong>Szombaton \u00fajabb fordul\u00f3t rendeztek az orsz\u00e1gos serd\u00fcl\u0151 bajnoks\u00e1gban, ahol a Zs\u00edros Akad\u00e9mia mellett, a di\u00f3sgy\u0151ri l\u00e1nyokkal j\u00e1tszottunk. Ism\u00e9t dupla Vasas sikert hozott a h\u00e9tv\u00e9ge, \u00edgy U14-es csapatunk veres\u00e9g n\u00e9lk\u00fcl z\u00e1rja a 2019-es \u00e9vet.<\/strong><\/p>\n<p><em>&#8222;Remek egy\u00e9ni \u00e9s csapatv\u00e9dekez\u00e9snek k\u00f6sz\u00f6nhet\u0151en m\u00e1r az els\u0151 negyedben nagyobb k\u00fcl\u00f6nbs\u00e9g alakult ki a k\u00e9t csapat k\u00f6z\u00f6tt, \u00e9s nagyon j\u00f3 sz\u00e1zal\u00e9kban \u00e9rt\u00e9kes\u00edtett\u00e9k a l\u00e1nyok a helyzeteiket. Ez a t\u00e1mad\u00f3 lend\u00fclet megtorpant egy kicsit a m\u00e1sodik negyedben, de a v\u00e9dekez\u00e9sre itt sem lehetett panasz ( 20-49). A sz\u00fcnet ut\u00e1n ism\u00e9t egy nagyszer\u0171 negyed k\u00f6vetkezett, ism\u00e9t megmutatta a csapat, hogy agressz\u00edv v\u00e9dekez\u00e9sb\u0151l lehet eredm\u00e9nyesen t\u00e1madni. Gratul\u00e1lok a csapatnak, \u00f6r\u00fcl\u00f6k, hogy mindenki hozz\u00e1tette a mag\u00e1\u00e9t a nagyar\u00e1ny\u00fa gy\u0151zelemhez&#8221;<\/em> &#8211; mondta a csapat edz\u0151je, E\u00f6rd\u00f6gh Edit.<\/p>\n<p>Zs\u00edros Akad\u00e9mia K\u0151b\u00e1nya\/A <strong>&#8211; Vasas Akad\u00e9mia\/A 36-110<\/strong> ( 9-36, 11-13, 2-31, 14-30)<br \/>\n<em>Pontszerz\u0151k:<\/em><br \/>\n<strong>Vasas Akad\u00e9mia\/A:<\/strong> R\u00e1tkai Eszter 30\/3, L\u00e1ng-Miticzky Blanka 18\/3, L\u00e1szl\u00f3 R\u00e9ka 10, Kem\u00e9ny Sz\u00f3fia 10, K\u00e1lm\u00e1n Liza 8, Masier Sophia 8, Hal\u00e1sz Luca 7\/3, Duka Lili 5, Szab\u00f3 Fl\u00f3ra 5, Igaz Eszter 4, Herzog Bora 3, Hruby Laura 2<\/p>\n<p><em>&#8222;45 perc pihen\u0151 ut\u00e1n szinte ugyanaz a forgat\u00f3k\u00f6nyv alapj\u00e1n alakult a DVTK elleni m\u00e9rk\u0151z\u00e9s\u00fcnk els\u0151 h\u00fasz perce, mint az el\u0151z\u0151 meccs\u00fcnk\u00f6n( 24-48), viszont a m\u00e1sodik f\u00e9lidei v\u00e9dekez\u00e9s\u00fcnkben m\u00e1r t\u00f6bb hiba cs\u00faszott, sok volt a figyelmetlens\u00e9g az eladott labd\u00e1nk \u00e9s visszafutni is elfelejtett\u00fcnk. Igaz, nagy iramot dikt\u00e1ltunk mindk\u00e9t tal\u00e1lkoz\u00f3n, \u00e9s tal\u00e1n egy kicsit el is f\u00e1radtunk, de \u00f6r\u00fcl\u00f6k, hogy mindent viszontl\u00e1ttam v\u00e9dekez\u00e9sben \u00e9s t\u00e1mad\u00e1sban egyar\u00e1nt abb\u00f3l, amit az edz\u00e9seken gyakorolunk. <\/em><em>Hatalmas akarattal \u00e9s nagyszer\u0171 hozz\u00e1\u00e1ll\u00e1ssal eddig hib\u00e1tlan teljes\u00edtm\u00e9nnyel z\u00e1rjuk az \u00e9vet, melyhez gratul\u00e1lok a csapatnak, csak \u00edgy tov\u00e1bb&#8221;<\/em> &#8211; \u00f6sszegezte E\u00f6rd\u00f6gh Edit.<\/p>\n<p>DVTK Akad\u00e9mia\/A <strong>&#8211; Vasas Akad\u00e9mia\/A 70-96<\/strong> ( 10-31, 14-17, 20-24, 26-24)<br \/>\n<em>Pontszerz\u0151k:<\/em><br \/>\n<strong>Vasas Akad\u00e9mia\/A:<\/strong> R\u00e1tkai Eszter 30\/9, L\u00e1ng-Miticzky Blanka 18, Duka Lili 11\/3, L\u00e1szl\u00f3 R\u00e9ka 10, K\u00e1lm\u00e1n Liza 8, Hruby Laura 6, F\u00e1bi\u00e1n Szofi 4, Benyovszki Petra 4, Herzog Bora 2, Igaz Eszter 2, Kem\u00e9ny Szofi 2, Masier Sophia 2<\/p>\n","protected":false},"excerpt":{"rendered":"<p>Szombaton \u00fajabb fordul\u00f3t rendeztek az orsz\u00e1gos serd\u00fcl\u0151 bajnoks\u00e1gban, ahol a Zs\u00edros Akad\u00e9mia mellett, a di\u00f3sgy\u0151ri l\u00e1nyokkal j\u00e1tszottunk. Ism\u00e9t dupla Vasas sikert hozott a h\u00e9tv\u00e9ge, \u00edgy U14-es csapatunk veres\u00e9g n\u00e9lk\u00fcl z\u00e1rja a 2019-es \u00e9vet. &#8222;Remek egy\u00e9ni \u00e9s csapatv\u00e9dekez\u00e9snek k\u00f6sz\u00f6nhet\u0151en m\u00e1r az els\u0151 negyedben nagyobb k\u00fcl\u00f6nbs\u00e9g alakult ki a k\u00e9t csapat k\u00f6z\u00f6tt, \u00e9s nagyon j\u00f3 sz\u00e1zal\u00e9kban \u00e9rt\u00e9kes\u00edtett\u00e9k&#8230;<\/p>\n","protected":false},"author":1,"featured_media":6075,"comment_status":"closed","ping_status":"open","sticky":false,"template":"","format":"standard","meta":{"footnotes":""},"categories":[52,92],"tags":[],"class_list":["post-6515","post","type-post","status-publish","format-standard","has-post-thumbnail","hentry","category-serdulo","category-hirek"],"yoast_head":"<!-- This site is optimized with the Yoast SEO plugin v26.0 - https:\/\/yoast.com\/wordpress\/plugins\/seo\/ -->\n<title>Hib\u00e1tlan serd\u00fcl\u0151k - Vasas n\u0151i kos\u00e1rlabda<\/title>\n<meta name=\"robots\" content=\"index, follow, max-snippet:-1, max-image-preview:large, max-video-preview:-1\" \/>\n<link rel=\"canonical\" href=\"https:\/\/vasasbasket.hu\/index.php\/hibatlan-serdulok-2\/\" \/>\n<meta property=\"og:locale\" content=\"hu_HU\" \/>\n<meta property=\"og:type\" content=\"article\" \/>\n<meta property=\"og:title\" content=\"Hib\u00e1tlan serd\u00fcl\u0151k - Vasas n\u0151i kos\u00e1rlabda\" \/>\n<meta property=\"og:description\" content=\"Szombaton \u00fajabb fordul\u00f3t rendeztek az orsz\u00e1gos serd\u00fcl\u0151 bajnoks\u00e1gban, ahol a Zs\u00edros Akad\u00e9mia mellett, a di\u00f3sgy\u0151ri l\u00e1nyokkal j\u00e1tszottunk. Ism\u00e9t dupla Vasas sikert hozott a h\u00e9tv\u00e9ge, \u00edgy U14-es csapatunk veres\u00e9g n\u00e9lk\u00fcl z\u00e1rja a 2019-es \u00e9vet. &#8222;Remek egy\u00e9ni \u00e9s csapatv\u00e9dekez\u00e9snek k\u00f6sz\u00f6nhet\u0151en m\u00e1r az els\u0151 negyedben nagyobb k\u00fcl\u00f6nbs\u00e9g alakult ki a k\u00e9t csapat k\u00f6z\u00f6tt, \u00e9s nagyon j\u00f3 sz\u00e1zal\u00e9kban \u00e9rt\u00e9kes\u00edtett\u00e9k...\" \/>\n<meta property=\"og:url\" content=\"https:\/\/vasasbasket.hu\/index.php\/hibatlan-serdulok-2\/\" \/>\n<meta property=\"og:site_name\" content=\"Vasas n\u0151i kos\u00e1rlabda\" \/>\n<meta property=\"article:publisher\" content=\"https:\/\/www.facebook.com\/vasaswbasket\/\" \/>\n<meta property=\"article:published_time\" content=\"2019-12-16T18:01:34+00:00\" \/>\n<meta property=\"og:image\" content=\"https:\/\/vasasbasket.hu\/wp-content\/uploads\/2019\/10\/IMG_5054.jpg\" \/>\n\t<meta property=\"og:image:width\" content=\"1500\" \/>\n\t<meta property=\"og:image:height\" content=\"1000\" \/>\n\t<meta property=\"og:image:type\" content=\"image\/jpeg\" \/>\n<meta name=\"author\" content=\"admin\" \/>\n<meta name=\"twitter:card\" content=\"summary_large_image\" \/>\n<meta name=\"twitter:label1\" content=\"Szerz\u0151:\" \/>\n\t<meta name=\"twitter:data1\" content=\"admin\" \/>\n\t<meta name=\"twitter:label2\" content=\"Becs\u00fclt olvas\u00e1si id\u0151\" \/>\n\t<meta name=\"twitter:data2\" content=\"2 perc\" \/>\n<script type=\"application\/ld+json\" class=\"yoast-schema-graph\">{\"@context\":\"https:\/\/schema.org\",\"@graph\":[{\"@type\":\"Article\",\"@id\":\"https:\/\/vasasbasket.hu\/index.php\/hibatlan-serdulok-2\/#article\",\"isPartOf\":{\"@id\":\"https:\/\/vasasbasket.hu\/index.php\/hibatlan-serdulok-2\/\"},\"author\":{\"name\":\"admin\",\"@id\":\"https:\/\/vasasbasket.hu\/#\/schema\/person\/f1085f4d2c6582d8d0f977e92de2edee\"},\"headline\":\"Hib\u00e1tlan serd\u00fcl\u0151k\",\"datePublished\":\"2019-12-16T18:01:34+00:00\",\"mainEntityOfPage\":{\"@id\":\"https:\/\/vasasbasket.hu\/index.php\/hibatlan-serdulok-2\/\"},\"wordCount\":432,\"publisher\":{\"@id\":\"https:\/\/vasasbasket.hu\/#organization\"},\"image\":{\"@id\":\"https:\/\/vasasbasket.hu\/index.php\/hibatlan-serdulok-2\/#primaryimage\"},\"thumbnailUrl\":\"https:\/\/vasasbasket.hu\/wp-content\/uploads\/2019\/10\/IMG_5054.jpg\",\"articleSection\":[\"Serd\u00fcl\u0151\",\"\u00d6sszes H\u00edr\"],\"inLanguage\":\"hu\"},{\"@type\":\"WebPage\",\"@id\":\"https:\/\/vasasbasket.hu\/index.php\/hibatlan-serdulok-2\/\",\"url\":\"https:\/\/vasasbasket.hu\/index.php\/hibatlan-serdulok-2\/\",\"name\":\"Hib\u00e1tlan serd\u00fcl\u0151k - Vasas n\u0151i kos\u00e1rlabda\",\"isPartOf\":{\"@id\":\"https:\/\/vasasbasket.hu\/#website\"},\"primaryImageOfPage\":{\"@id\":\"https:\/\/vasasbasket.hu\/index.php\/hibatlan-serdulok-2\/#primaryimage\"},\"image\":{\"@id\":\"https:\/\/vasasbasket.hu\/index.php\/hibatlan-serdulok-2\/#primaryimage\"},\"thumbnailUrl\":\"https:\/\/vasasbasket.hu\/wp-content\/uploads\/2019\/10\/IMG_5054.jpg\",\"datePublished\":\"2019-12-16T18:01:34+00:00\",\"breadcrumb\":{\"@id\":\"https:\/\/vasasbasket.hu\/index.php\/hibatlan-serdulok-2\/#breadcrumb\"},\"inLanguage\":\"hu\",\"potentialAction\":[{\"@type\":\"ReadAction\",\"target\":[\"https:\/\/vasasbasket.hu\/index.php\/hibatlan-serdulok-2\/\"]}]},{\"@type\":\"ImageObject\",\"inLanguage\":\"hu\",\"@id\":\"https:\/\/vasasbasket.hu\/index.php\/hibatlan-serdulok-2\/#primaryimage\",\"url\":\"https:\/\/vasasbasket.hu\/wp-content\/uploads\/2019\/10\/IMG_5054.jpg\",\"contentUrl\":\"https:\/\/vasasbasket.hu\/wp-content\/uploads\/2019\/10\/IMG_5054.jpg\",\"width\":1500,\"height\":1000},{\"@type\":\"BreadcrumbList\",\"@id\":\"https:\/\/vasasbasket.hu\/index.php\/hibatlan-serdulok-2\/#breadcrumb\",\"itemListElement\":[{\"@type\":\"ListItem\",\"position\":1,\"name\":\"Kezd\u0151lap\",\"item\":\"https:\/\/vasasbasket.hu\/\"},{\"@type\":\"ListItem\",\"position\":2,\"name\":\"Hib\u00e1tlan serd\u00fcl\u0151k\"}]},{\"@type\":\"WebSite\",\"@id\":\"https:\/\/vasasbasket.hu\/#website\",\"url\":\"https:\/\/vasasbasket.hu\/\",\"name\":\"Vasas n\u0151i kos\u00e1rlabda\",\"description\":\"Vasas Basket N\u0151i\",\"publisher\":{\"@id\":\"https:\/\/vasasbasket.hu\/#organization\"},\"potentialAction\":[{\"@type\":\"SearchAction\",\"target\":{\"@type\":\"EntryPoint\",\"urlTemplate\":\"https:\/\/vasasbasket.hu\/?s={search_term_string}\"},\"query-input\":{\"@type\":\"PropertyValueSpecification\",\"valueRequired\":true,\"valueName\":\"search_term_string\"}}],\"inLanguage\":\"hu\"},{\"@type\":\"Organization\",\"@id\":\"https:\/\/vasasbasket.hu\/#organization\",\"name\":\"Vasas n\u0151i kos\u00e1rlabda\",\"url\":\"https:\/\/vasasbasket.hu\/\",\"logo\":{\"@type\":\"ImageObject\",\"inLanguage\":\"hu\",\"@id\":\"https:\/\/vasasbasket.hu\/#\/schema\/logo\/image\/\",\"url\":\"https:\/\/vasasbasket.hu\/wp-content\/uploads\/2017\/03\/vasas_cimer_1200.jpg\",\"contentUrl\":\"https:\/\/vasasbasket.hu\/wp-content\/uploads\/2017\/03\/vasas_cimer_1200.jpg\",\"width\":1200,\"height\":1200,\"caption\":\"Vasas n\u0151i kos\u00e1rlabda\"},\"image\":{\"@id\":\"https:\/\/vasasbasket.hu\/#\/schema\/logo\/image\/\"},\"sameAs\":[\"https:\/\/www.facebook.com\/vasaswbasket\/\"]},{\"@type\":\"Person\",\"@id\":\"https:\/\/vasasbasket.hu\/#\/schema\/person\/f1085f4d2c6582d8d0f977e92de2edee\",\"name\":\"admin\",\"image\":{\"@type\":\"ImageObject\",\"inLanguage\":\"hu\",\"@id\":\"https:\/\/vasasbasket.hu\/#\/schema\/person\/image\/\",\"url\":\"https:\/\/secure.gravatar.com\/avatar\/645c92f7d9cfe02bd93ce2d1cfa11cd3a268bdfe65486552ff04b193cea07634?s=96&d=mm&r=g\",\"contentUrl\":\"https:\/\/secure.gravatar.com\/avatar\/645c92f7d9cfe02bd93ce2d1cfa11cd3a268bdfe65486552ff04b193cea07634?s=96&d=mm&r=g\",\"caption\":\"admin\"},\"url\":\"https:\/\/vasasbasket.hu\/index.php\/author\/admin\/\"}]}<\/script>\n<!-- \/ Yoast SEO plugin. -->","yoast_head_json":{"title":"Hib\u00e1tlan serd\u00fcl\u0151k - Vasas n\u0151i kos\u00e1rlabda","robots":{"index":"index","follow":"follow","max-snippet":"max-snippet:-1","max-image-preview":"max-image-preview:large","max-video-preview":"max-video-preview:-1"},"canonical":"https:\/\/vasasbasket.hu\/index.php\/hibatlan-serdulok-2\/","og_locale":"hu_HU","og_type":"article","og_title":"Hib\u00e1tlan serd\u00fcl\u0151k - Vasas n\u0151i kos\u00e1rlabda","og_description":"Szombaton \u00fajabb fordul\u00f3t rendeztek az orsz\u00e1gos serd\u00fcl\u0151 bajnoks\u00e1gban, ahol a Zs\u00edros Akad\u00e9mia mellett, a di\u00f3sgy\u0151ri l\u00e1nyokkal j\u00e1tszottunk. Ism\u00e9t dupla Vasas sikert hozott a h\u00e9tv\u00e9ge, \u00edgy U14-es csapatunk veres\u00e9g n\u00e9lk\u00fcl z\u00e1rja a 2019-es \u00e9vet. &#8222;Remek egy\u00e9ni \u00e9s csapatv\u00e9dekez\u00e9snek k\u00f6sz\u00f6nhet\u0151en m\u00e1r az els\u0151 negyedben nagyobb k\u00fcl\u00f6nbs\u00e9g alakult ki a k\u00e9t csapat k\u00f6z\u00f6tt, \u00e9s nagyon j\u00f3 sz\u00e1zal\u00e9kban \u00e9rt\u00e9kes\u00edtett\u00e9k...","og_url":"https:\/\/vasasbasket.hu\/index.php\/hibatlan-serdulok-2\/","og_site_name":"Vasas n\u0151i kos\u00e1rlabda","article_publisher":"https:\/\/www.facebook.com\/vasaswbasket\/","article_published_time":"2019-12-16T18:01:34+00:00","og_image":[{"width":1500,"height":1000,"url":"https:\/\/vasasbasket.hu\/wp-content\/uploads\/2019\/10\/IMG_5054.jpg","type":"image\/jpeg"}],"author":"admin","twitter_card":"summary_large_image","twitter_misc":{"Szerz\u0151:":"admin","Becs\u00fclt olvas\u00e1si id\u0151":"2 perc"},"schema":{"@context":"https:\/\/schema.org","@graph":[{"@type":"Article","@id":"https:\/\/vasasbasket.hu\/index.php\/hibatlan-serdulok-2\/#article","isPartOf":{"@id":"https:\/\/vasasbasket.hu\/index.php\/hibatlan-serdulok-2\/"},"author":{"name":"admin","@id":"https:\/\/vasasbasket.hu\/#\/schema\/person\/f1085f4d2c6582d8d0f977e92de2edee"},"headline":"Hib\u00e1tlan serd\u00fcl\u0151k","datePublished":"2019-12-16T18:01:34+00:00","mainEntityOfPage":{"@id":"https:\/\/vasasbasket.hu\/index.php\/hibatlan-serdulok-2\/"},"wordCount":432,"publisher":{"@id":"https:\/\/vasasbasket.hu\/#organization"},"image":{"@id":"https:\/\/vasasbasket.hu\/index.php\/hibatlan-serdulok-2\/#primaryimage"},"thumbnailUrl":"https:\/\/vasasbasket.hu\/wp-content\/uploads\/2019\/10\/IMG_5054.jpg","articleSection":["Serd\u00fcl\u0151","\u00d6sszes H\u00edr"],"inLanguage":"hu"},{"@type":"WebPage","@id":"https:\/\/vasasbasket.hu\/index.php\/hibatlan-serdulok-2\/","url":"https:\/\/vasasbasket.hu\/index.php\/hibatlan-serdulok-2\/","name":"Hib\u00e1tlan serd\u00fcl\u0151k - Vasas n\u0151i kos\u00e1rlabda","isPartOf":{"@id":"https:\/\/vasasbasket.hu\/#website"},"primaryImageOfPage":{"@id":"https:\/\/vasasbasket.hu\/index.php\/hibatlan-serdulok-2\/#primaryimage"},"image":{"@id":"https:\/\/vasasbasket.hu\/index.php\/hibatlan-serdulok-2\/#primaryimage"},"thumbnailUrl":"https:\/\/vasasbasket.hu\/wp-content\/uploads\/2019\/10\/IMG_5054.jpg","datePublished":"2019-12-16T18:01:34+00:00","breadcrumb":{"@id":"https:\/\/vasasbasket.hu\/index.php\/hibatlan-serdulok-2\/#breadcrumb"},"inLanguage":"hu","potentialAction":[{"@type":"ReadAction","target":["https:\/\/vasasbasket.hu\/index.php\/hibatlan-serdulok-2\/"]}]},{"@type":"ImageObject","inLanguage":"hu","@id":"https:\/\/vasasbasket.hu\/index.php\/hibatlan-serdulok-2\/#primaryimage","url":"https:\/\/vasasbasket.hu\/wp-content\/uploads\/2019\/10\/IMG_5054.jpg","contentUrl":"https:\/\/vasasbasket.hu\/wp-content\/uploads\/2019\/10\/IMG_5054.jpg","width":1500,"height":1000},{"@type":"BreadcrumbList","@id":"https:\/\/vasasbasket.hu\/index.php\/hibatlan-serdulok-2\/#breadcrumb","itemListElement":[{"@type":"ListItem","position":1,"name":"Kezd\u0151lap","item":"https:\/\/vasasbasket.hu\/"},{"@type":"ListItem","position":2,"name":"Hib\u00e1tlan serd\u00fcl\u0151k"}]},{"@type":"WebSite","@id":"https:\/\/vasasbasket.hu\/#website","url":"https:\/\/vasasbasket.hu\/","name":"Vasas n\u0151i kos\u00e1rlabda","description":"Vasas Basket N\u0151i","publisher":{"@id":"https:\/\/vasasbasket.hu\/#organization"},"potentialAction":[{"@type":"SearchAction","target":{"@type":"EntryPoint","urlTemplate":"https:\/\/vasasbasket.hu\/?s={search_term_string}"},"query-input":{"@type":"PropertyValueSpecification","valueRequired":true,"valueName":"search_term_string"}}],"inLanguage":"hu"},{"@type":"Organization","@id":"https:\/\/vasasbasket.hu\/#organization","name":"Vasas n\u0151i kos\u00e1rlabda","url":"https:\/\/vasasbasket.hu\/","logo":{"@type":"ImageObject","inLanguage":"hu","@id":"https:\/\/vasasbasket.hu\/#\/schema\/logo\/image\/","url":"https:\/\/vasasbasket.hu\/wp-content\/uploads\/2017\/03\/vasas_cimer_1200.jpg","contentUrl":"https:\/\/vasasbasket.hu\/wp-content\/uploads\/2017\/03\/vasas_cimer_1200.jpg","width":1200,"height":1200,"caption":"Vasas n\u0151i kos\u00e1rlabda"},"image":{"@id":"https:\/\/vasasbasket.hu\/#\/schema\/logo\/image\/"},"sameAs":["https:\/\/www.facebook.com\/vasaswbasket\/"]},{"@type":"Person","@id":"https:\/\/vasasbasket.hu\/#\/schema\/person\/f1085f4d2c6582d8d0f977e92de2edee","name":"admin","image":{"@type":"ImageObject","inLanguage":"hu","@id":"https:\/\/vasasbasket.hu\/#\/schema\/person\/image\/","url":"https:\/\/secure.gravatar.com\/avatar\/645c92f7d9cfe02bd93ce2d1cfa11cd3a268bdfe65486552ff04b193cea07634?s=96&d=mm&r=g","contentUrl":"https:\/\/secure.gravatar.com\/avatar\/645c92f7d9cfe02bd93ce2d1cfa11cd3a268bdfe65486552ff04b193cea07634?s=96&d=mm&r=g","caption":"admin"},"url":"https:\/\/vasasbasket.hu\/index.php\/author\/admin\/"}]}},"_links":{"self":[{"href":"https:\/\/vasasbasket.hu\/index.php\/wp-json\/wp\/v2\/posts\/6515","targetHints":{"allow":["GET"]}}],"collection":[{"href":"https:\/\/vasasbasket.hu\/index.php\/wp-json\/wp\/v2\/posts"}],"about":[{"href":"https:\/\/vasasbasket.hu\/index.php\/wp-json\/wp\/v2\/types\/post"}],"author":[{"embeddable":true,"href":"https:\/\/vasasbasket.hu\/index.php\/wp-json\/wp\/v2\/users\/1"}],"replies":[{"embeddable":true,"href":"https:\/\/vasasbasket.hu\/index.php\/wp-json\/wp\/v2\/comments?post=6515"}],"version-history":[{"count":1,"href":"https:\/\/vasasbasket.hu\/index.php\/wp-json\/wp\/v2\/posts\/6515\/revisions"}],"predecessor-version":[{"id":6516,"href":"https:\/\/vasasbasket.hu\/index.php\/wp-json\/wp\/v2\/posts\/6515\/revisions\/6516"}],"wp:featuredmedia":[{"embeddable":true,"href":"https:\/\/vasasbasket.hu\/index.php\/wp-json\/wp\/v2\/media\/6075"}],"wp:attachment":[{"href":"https:\/\/vasasbasket.hu\/index.php\/wp-json\/wp\/v2\/media?parent=6515"}],"wp:term":[{"taxonomy":"category","embeddable":true,"href":"https:\/\/vasasbasket.hu\/index.php\/wp-json\/wp\/v2\/categories?post=6515"},{"taxonomy":"post_tag","embeddable":true,"href":"https:\/\/vasasbasket.hu\/index.php\/wp-json\/wp\/v2\/tags?post=6515"}],"curies":[{"name":"wp","href":"https:\/\/api.w.org\/{rel}","templated":true}]}}