{"id":6465,"date":"2019-12-09T20:31:04","date_gmt":"2019-12-09T20:31:04","guid":{"rendered":"http:\/\/vasasbasket.hu\/?p=6465"},"modified":"2019-12-09T20:31:04","modified_gmt":"2019-12-09T20:31:04","slug":"veretlenul-zartak-az-alapszakaszt-juniorjaink","status":"publish","type":"post","link":"https:\/\/vasasbasket.hu\/index.php\/veretlenul-zartak-az-alapszakaszt-juniorjaink\/","title":{"rendered":"Veretlen\u00fcl z\u00e1rt\u00e1k az alapszakaszt juniorjaink"},"content":{"rendered":"<p><strong>A kiemelt junior bajnoks\u00e1g alapszakasz\u00e1nak utols\u00f3 m\u00e9rk\u0151z\u00e9s\u00e9n v\u00e1rt r\u00e1nk m\u00e9g egy pr\u00f3bat\u00e9tel, hiszen a m\u00e1sodik helyezett Szeksz\u00e1rd l\u00e1togatott Pasar\u00e9tre. Nem volt k\u00f6nny\u0171 dolgunk, azonban magabiztosan vett\u00fck az \u00fajabb akad\u00e1lyt, \u00edgy veres\u00e9g n\u00e9lk\u00fcl v\u00e1rhatjuk a folytat\u00e1st.<\/strong><\/p>\n<p>\u00dajra egy er\u0151sebb ellenf\u00e9llel kellett szemben\u00e9zni, a legut\u00f3bbi tal\u00e1lkoz\u00f3hoz k\u00e9pest r\u00e1ad\u00e1sul kieg\u00e9sz\u00fclt a Szeksz\u00e1rd. Nem ment minden a megbesz\u00e9ltek szerint, az els\u0151 negyedben volt \u00f6t, a m\u00e1sodikban h\u00e9t eladott labd\u00e1nk, amivel rengeteg lehet\u0151s\u00e9get \u00e9s pontot adtunk \u00e1t ellenfel\u00fcnknek. V\u00e9dekez\u00e9sben pontatlanok voltunk, t\u00e1mad\u00e1sban pedig nem mindig siker\u00fclt lej\u00e1tszani a begyakorolt figur\u00e1kat. Ennek eredm\u00e9nye, hogy a f\u00e9lid\u0151re csup\u00e1n n\u00e9gy pontos el\u0151nnyel mehett\u00fcnk pihenni. <img loading=\"lazy\" decoding=\"async\" class=\" wp-image-6467 alignright\" src=\"http:\/\/vasasbasket.hu\/wp-content\/uploads\/2019\/12\/78563534_1398691150297339_5971694830114308096_n-768x1024.jpg\" alt=\"\" width=\"378\" height=\"504\" srcset=\"https:\/\/vasasbasket.hu\/wp-content\/uploads\/2019\/12\/78563534_1398691150297339_5971694830114308096_n-768x1024.jpg 768w, https:\/\/vasasbasket.hu\/wp-content\/uploads\/2019\/12\/78563534_1398691150297339_5971694830114308096_n-570x760.jpg 570w, https:\/\/vasasbasket.hu\/wp-content\/uploads\/2019\/12\/78563534_1398691150297339_5971694830114308096_n-440x587.jpg 440w, https:\/\/vasasbasket.hu\/wp-content\/uploads\/2019\/12\/78563534_1398691150297339_5971694830114308096_n-225x300.jpg 225w, https:\/\/vasasbasket.hu\/wp-content\/uploads\/2019\/12\/78563534_1398691150297339_5971694830114308096_n-1152x1536.jpg 1152w, https:\/\/vasasbasket.hu\/wp-content\/uploads\/2019\/12\/78563534_1398691150297339_5971694830114308096_n-96x128.jpg 96w, https:\/\/vasasbasket.hu\/wp-content\/uploads\/2019\/12\/78563534_1398691150297339_5971694830114308096_n-24x32.jpg 24w, https:\/\/vasasbasket.hu\/wp-content\/uploads\/2019\/12\/78563534_1398691150297339_5971694830114308096_n-74x98.jpg 74w, https:\/\/vasasbasket.hu\/wp-content\/uploads\/2019\/12\/78563534_1398691150297339_5971694830114308096_n.jpg 1536w\" sizes=\"auto, (max-width: 378px) 100vw, 378px\" \/>A sz\u00fcnet ut\u00e1n teljesen m\u00e1s arcunkat mutattuk, kem\u00e9nyen v\u00e9dekezt\u00fcnk, amib\u0151l sok gyorsind\u00edt\u00e1s sz\u00fcletett, r\u00e1ad\u00e1sul okosabb, hat\u00e9konyabb volt a t\u00e1mad\u00f3j\u00e1t\u00e9kunk. Mi sem bizony\u00edtja ezt jobban ann\u00e1l, hogy ebben a szakaszban tizenegy eladott labd\u00e1ra k\u00e9nyszer\u00edtett\u00fck a Szeksz\u00e1rdot. Az utols\u00f3 negyedben sem lehetett panasz a hozz\u00e1\u00e1ll\u00e1sra, a m\u00e9lyebb rot\u00e1ci\u00f3 ellen\u00e9re is kem\u00e9nyen k\u00fczd\u00f6tt a csapat. Minden j\u00e1t\u00e9kost dics\u00e9ret illet ez\u00e9rt a mai m\u00e9rk\u0151z\u00e9s ut\u00e1n, \u00e1m k\u00fcl\u00f6n k\u00f6sz\u00f6net Mudra Viola (13 IBM, 18 pont), Salamon Zs\u00f3fia (18 IBM, 12 pont), Mad\u00e1r Eszter (28 IBM, 16 pont, 17 lepattan\u00f3) \u00e9s Kun Rita (20 IBM, 8 pont, 9 szerzett labda) al\u00e1zatos munk\u00e1j\u00e1\u00e9rt. Gratul\u00e1lok a l\u00e1nyoknak, ezzel a gy\u0151zelemmel 10-0-val z\u00e1rtuk az alapszakaszt&#8221; &#8211; mondta a csapat edz\u0151je, Igor Skocovski.<\/p>\n<p><strong>Vasas Akad\u00e9mia &#8211;<\/strong> Atomer\u0151m\u0171-KSC Szeksz\u00e1rd <strong>74-48<\/strong> (19-15, 12-12, 19-8, 24-13)<br \/>\n<em>Pontszerz\u0151k:<\/em><br \/>\n<strong>Vasas Akad\u00e9mia\/A:<\/strong> V\u00edgh B., D\u00fal T. 4, Sikl\u00f3s D. 18, Mudra V. 18, Altmann A. 3, Kuncz P. 4, L\u0151rinczy-Csom\u00f3s P. 2, Salamon Zs. 12, Nagy L., Kun R. 8, Szerencs\u00e9s T. 3, Mad\u00e1r E. 16<br \/>\n<strong>Atomer\u0151m\u0171-KSC Szeksz\u00e1rd:<\/strong> Andi H. 3, Renczes R. 8, S\u00e1m\u00f3czi Zs., Ist\u00f3kovics A. 2, Mikl\u00f3s M. 15, Horv\u00e1th D. 6, Haag P., Pop A. 8, Holcz R. 6, Sinka N.<\/p>\n<p>&nbsp;<\/p>\n","protected":false},"excerpt":{"rendered":"<p>A kiemelt junior bajnoks\u00e1g alapszakasz\u00e1nak utols\u00f3 m\u00e9rk\u0151z\u00e9s\u00e9n v\u00e1rt r\u00e1nk m\u00e9g egy pr\u00f3bat\u00e9tel, hiszen a m\u00e1sodik helyezett Szeksz\u00e1rd l\u00e1togatott Pasar\u00e9tre. Nem volt k\u00f6nny\u0171 dolgunk, azonban magabiztosan vett\u00fck az \u00fajabb akad\u00e1lyt, \u00edgy veres\u00e9g n\u00e9lk\u00fcl v\u00e1rhatjuk a folytat\u00e1st. \u00dajra egy er\u0151sebb ellenf\u00e9llel kellett szemben\u00e9zni, a legut\u00f3bbi tal\u00e1lkoz\u00f3hoz k\u00e9pest r\u00e1ad\u00e1sul kieg\u00e9sz\u00fclt a Szeksz\u00e1rd. Nem ment minden a megbesz\u00e9ltek szerint,&#8230;<\/p>\n","protected":false},"author":1,"featured_media":6466,"comment_status":"closed","ping_status":"open","sticky":false,"template":"","format":"standard","meta":{"footnotes":""},"categories":[50,92],"tags":[],"class_list":["post-6465","post","type-post","status-publish","format-standard","has-post-thumbnail","hentry","category-junior","category-hirek"],"yoast_head":"<!-- This site is optimized with the Yoast SEO plugin v26.0 - https:\/\/yoast.com\/wordpress\/plugins\/seo\/ -->\n<title>Veretlen\u00fcl z\u00e1rt\u00e1k az alapszakaszt juniorjaink - Vasas n\u0151i kos\u00e1rlabda<\/title>\n<meta name=\"robots\" content=\"index, follow, max-snippet:-1, max-image-preview:large, max-video-preview:-1\" \/>\n<link rel=\"canonical\" href=\"https:\/\/vasasbasket.hu\/index.php\/veretlenul-zartak-az-alapszakaszt-juniorjaink\/\" \/>\n<meta property=\"og:locale\" content=\"hu_HU\" \/>\n<meta property=\"og:type\" content=\"article\" \/>\n<meta property=\"og:title\" content=\"Veretlen\u00fcl z\u00e1rt\u00e1k az alapszakaszt juniorjaink - Vasas n\u0151i kos\u00e1rlabda\" \/>\n<meta property=\"og:description\" content=\"A kiemelt junior bajnoks\u00e1g alapszakasz\u00e1nak utols\u00f3 m\u00e9rk\u0151z\u00e9s\u00e9n v\u00e1rt r\u00e1nk m\u00e9g egy pr\u00f3bat\u00e9tel, hiszen a m\u00e1sodik helyezett Szeksz\u00e1rd l\u00e1togatott Pasar\u00e9tre. Nem volt k\u00f6nny\u0171 dolgunk, azonban magabiztosan vett\u00fck az \u00fajabb akad\u00e1lyt, \u00edgy veres\u00e9g n\u00e9lk\u00fcl v\u00e1rhatjuk a folytat\u00e1st. \u00dajra egy er\u0151sebb ellenf\u00e9llel kellett szemben\u00e9zni, a legut\u00f3bbi tal\u00e1lkoz\u00f3hoz k\u00e9pest r\u00e1ad\u00e1sul kieg\u00e9sz\u00fclt a Szeksz\u00e1rd. Nem ment minden a megbesz\u00e9ltek szerint,...\" \/>\n<meta property=\"og:url\" content=\"https:\/\/vasasbasket.hu\/index.php\/veretlenul-zartak-az-alapszakaszt-juniorjaink\/\" \/>\n<meta property=\"og:site_name\" content=\"Vasas n\u0151i kos\u00e1rlabda\" \/>\n<meta property=\"article:publisher\" content=\"https:\/\/www.facebook.com\/vasaswbasket\/\" \/>\n<meta property=\"article:published_time\" content=\"2019-12-09T20:31:04+00:00\" \/>\n<meta property=\"og:image\" content=\"https:\/\/vasasbasket.hu\/wp-content\/uploads\/2019\/12\/78779129_2563264207295452_5145498076194013184_n-e1575923426424.jpg\" \/>\n\t<meta property=\"og:image:width\" content=\"1515\" \/>\n\t<meta property=\"og:image:height\" content=\"967\" \/>\n\t<meta property=\"og:image:type\" content=\"image\/jpeg\" \/>\n<meta name=\"author\" content=\"admin\" \/>\n<meta name=\"twitter:card\" content=\"summary_large_image\" \/>\n<meta name=\"twitter:label1\" content=\"Szerz\u0151:\" \/>\n\t<meta name=\"twitter:data1\" content=\"admin\" \/>\n\t<meta name=\"twitter:label2\" content=\"Becs\u00fclt olvas\u00e1si id\u0151\" \/>\n\t<meta name=\"twitter:data2\" content=\"2 perc\" \/>\n<script type=\"application\/ld+json\" class=\"yoast-schema-graph\">{\"@context\":\"https:\/\/schema.org\",\"@graph\":[{\"@type\":\"Article\",\"@id\":\"https:\/\/vasasbasket.hu\/index.php\/veretlenul-zartak-az-alapszakaszt-juniorjaink\/#article\",\"isPartOf\":{\"@id\":\"https:\/\/vasasbasket.hu\/index.php\/veretlenul-zartak-az-alapszakaszt-juniorjaink\/\"},\"author\":{\"name\":\"admin\",\"@id\":\"https:\/\/vasasbasket.hu\/#\/schema\/person\/f1085f4d2c6582d8d0f977e92de2edee\"},\"headline\":\"Veretlen\u00fcl z\u00e1rt\u00e1k az alapszakaszt juniorjaink\",\"datePublished\":\"2019-12-09T20:31:04+00:00\",\"mainEntityOfPage\":{\"@id\":\"https:\/\/vasasbasket.hu\/index.php\/veretlenul-zartak-az-alapszakaszt-juniorjaink\/\"},\"wordCount\":400,\"publisher\":{\"@id\":\"https:\/\/vasasbasket.hu\/#organization\"},\"image\":{\"@id\":\"https:\/\/vasasbasket.hu\/index.php\/veretlenul-zartak-az-alapszakaszt-juniorjaink\/#primaryimage\"},\"thumbnailUrl\":\"https:\/\/vasasbasket.hu\/wp-content\/uploads\/2019\/12\/78779129_2563264207295452_5145498076194013184_n-e1575923426424.jpg\",\"articleSection\":[\"Junior\",\"\u00d6sszes H\u00edr\"],\"inLanguage\":\"hu\"},{\"@type\":\"WebPage\",\"@id\":\"https:\/\/vasasbasket.hu\/index.php\/veretlenul-zartak-az-alapszakaszt-juniorjaink\/\",\"url\":\"https:\/\/vasasbasket.hu\/index.php\/veretlenul-zartak-az-alapszakaszt-juniorjaink\/\",\"name\":\"Veretlen\u00fcl z\u00e1rt\u00e1k az alapszakaszt juniorjaink - Vasas n\u0151i kos\u00e1rlabda\",\"isPartOf\":{\"@id\":\"https:\/\/vasasbasket.hu\/#website\"},\"primaryImageOfPage\":{\"@id\":\"https:\/\/vasasbasket.hu\/index.php\/veretlenul-zartak-az-alapszakaszt-juniorjaink\/#primaryimage\"},\"image\":{\"@id\":\"https:\/\/vasasbasket.hu\/index.php\/veretlenul-zartak-az-alapszakaszt-juniorjaink\/#primaryimage\"},\"thumbnailUrl\":\"https:\/\/vasasbasket.hu\/wp-content\/uploads\/2019\/12\/78779129_2563264207295452_5145498076194013184_n-e1575923426424.jpg\",\"datePublished\":\"2019-12-09T20:31:04+00:00\",\"breadcrumb\":{\"@id\":\"https:\/\/vasasbasket.hu\/index.php\/veretlenul-zartak-az-alapszakaszt-juniorjaink\/#breadcrumb\"},\"inLanguage\":\"hu\",\"potentialAction\":[{\"@type\":\"ReadAction\",\"target\":[\"https:\/\/vasasbasket.hu\/index.php\/veretlenul-zartak-az-alapszakaszt-juniorjaink\/\"]}]},{\"@type\":\"ImageObject\",\"inLanguage\":\"hu\",\"@id\":\"https:\/\/vasasbasket.hu\/index.php\/veretlenul-zartak-az-alapszakaszt-juniorjaink\/#primaryimage\",\"url\":\"https:\/\/vasasbasket.hu\/wp-content\/uploads\/2019\/12\/78779129_2563264207295452_5145498076194013184_n-e1575923426424.jpg\",\"contentUrl\":\"https:\/\/vasasbasket.hu\/wp-content\/uploads\/2019\/12\/78779129_2563264207295452_5145498076194013184_n-e1575923426424.jpg\",\"width\":1515,\"height\":967},{\"@type\":\"BreadcrumbList\",\"@id\":\"https:\/\/vasasbasket.hu\/index.php\/veretlenul-zartak-az-alapszakaszt-juniorjaink\/#breadcrumb\",\"itemListElement\":[{\"@type\":\"ListItem\",\"position\":1,\"name\":\"Kezd\u0151lap\",\"item\":\"https:\/\/vasasbasket.hu\/\"},{\"@type\":\"ListItem\",\"position\":2,\"name\":\"Veretlen\u00fcl z\u00e1rt\u00e1k az alapszakaszt juniorjaink\"}]},{\"@type\":\"WebSite\",\"@id\":\"https:\/\/vasasbasket.hu\/#website\",\"url\":\"https:\/\/vasasbasket.hu\/\",\"name\":\"Vasas n\u0151i kos\u00e1rlabda\",\"description\":\"Vasas Basket N\u0151i\",\"publisher\":{\"@id\":\"https:\/\/vasasbasket.hu\/#organization\"},\"potentialAction\":[{\"@type\":\"SearchAction\",\"target\":{\"@type\":\"EntryPoint\",\"urlTemplate\":\"https:\/\/vasasbasket.hu\/?s={search_term_string}\"},\"query-input\":{\"@type\":\"PropertyValueSpecification\",\"valueRequired\":true,\"valueName\":\"search_term_string\"}}],\"inLanguage\":\"hu\"},{\"@type\":\"Organization\",\"@id\":\"https:\/\/vasasbasket.hu\/#organization\",\"name\":\"Vasas n\u0151i kos\u00e1rlabda\",\"url\":\"https:\/\/vasasbasket.hu\/\",\"logo\":{\"@type\":\"ImageObject\",\"inLanguage\":\"hu\",\"@id\":\"https:\/\/vasasbasket.hu\/#\/schema\/logo\/image\/\",\"url\":\"https:\/\/vasasbasket.hu\/wp-content\/uploads\/2017\/03\/vasas_cimer_1200.jpg\",\"contentUrl\":\"https:\/\/vasasbasket.hu\/wp-content\/uploads\/2017\/03\/vasas_cimer_1200.jpg\",\"width\":1200,\"height\":1200,\"caption\":\"Vasas n\u0151i kos\u00e1rlabda\"},\"image\":{\"@id\":\"https:\/\/vasasbasket.hu\/#\/schema\/logo\/image\/\"},\"sameAs\":[\"https:\/\/www.facebook.com\/vasaswbasket\/\"]},{\"@type\":\"Person\",\"@id\":\"https:\/\/vasasbasket.hu\/#\/schema\/person\/f1085f4d2c6582d8d0f977e92de2edee\",\"name\":\"admin\",\"image\":{\"@type\":\"ImageObject\",\"inLanguage\":\"hu\",\"@id\":\"https:\/\/vasasbasket.hu\/#\/schema\/person\/image\/\",\"url\":\"https:\/\/secure.gravatar.com\/avatar\/645c92f7d9cfe02bd93ce2d1cfa11cd3a268bdfe65486552ff04b193cea07634?s=96&d=mm&r=g\",\"contentUrl\":\"https:\/\/secure.gravatar.com\/avatar\/645c92f7d9cfe02bd93ce2d1cfa11cd3a268bdfe65486552ff04b193cea07634?s=96&d=mm&r=g\",\"caption\":\"admin\"},\"url\":\"https:\/\/vasasbasket.hu\/index.php\/author\/admin\/\"}]}<\/script>\n<!-- \/ Yoast SEO plugin. -->","yoast_head_json":{"title":"Veretlen\u00fcl z\u00e1rt\u00e1k az alapszakaszt juniorjaink - Vasas n\u0151i kos\u00e1rlabda","robots":{"index":"index","follow":"follow","max-snippet":"max-snippet:-1","max-image-preview":"max-image-preview:large","max-video-preview":"max-video-preview:-1"},"canonical":"https:\/\/vasasbasket.hu\/index.php\/veretlenul-zartak-az-alapszakaszt-juniorjaink\/","og_locale":"hu_HU","og_type":"article","og_title":"Veretlen\u00fcl z\u00e1rt\u00e1k az alapszakaszt juniorjaink - Vasas n\u0151i kos\u00e1rlabda","og_description":"A kiemelt junior bajnoks\u00e1g alapszakasz\u00e1nak utols\u00f3 m\u00e9rk\u0151z\u00e9s\u00e9n v\u00e1rt r\u00e1nk m\u00e9g egy pr\u00f3bat\u00e9tel, hiszen a m\u00e1sodik helyezett Szeksz\u00e1rd l\u00e1togatott Pasar\u00e9tre. Nem volt k\u00f6nny\u0171 dolgunk, azonban magabiztosan vett\u00fck az \u00fajabb akad\u00e1lyt, \u00edgy veres\u00e9g n\u00e9lk\u00fcl v\u00e1rhatjuk a folytat\u00e1st. \u00dajra egy er\u0151sebb ellenf\u00e9llel kellett szemben\u00e9zni, a legut\u00f3bbi tal\u00e1lkoz\u00f3hoz k\u00e9pest r\u00e1ad\u00e1sul kieg\u00e9sz\u00fclt a Szeksz\u00e1rd. Nem ment minden a megbesz\u00e9ltek szerint,...","og_url":"https:\/\/vasasbasket.hu\/index.php\/veretlenul-zartak-az-alapszakaszt-juniorjaink\/","og_site_name":"Vasas n\u0151i kos\u00e1rlabda","article_publisher":"https:\/\/www.facebook.com\/vasaswbasket\/","article_published_time":"2019-12-09T20:31:04+00:00","og_image":[{"width":1515,"height":967,"url":"https:\/\/vasasbasket.hu\/wp-content\/uploads\/2019\/12\/78779129_2563264207295452_5145498076194013184_n-e1575923426424.jpg","type":"image\/jpeg"}],"author":"admin","twitter_card":"summary_large_image","twitter_misc":{"Szerz\u0151:":"admin","Becs\u00fclt olvas\u00e1si id\u0151":"2 perc"},"schema":{"@context":"https:\/\/schema.org","@graph":[{"@type":"Article","@id":"https:\/\/vasasbasket.hu\/index.php\/veretlenul-zartak-az-alapszakaszt-juniorjaink\/#article","isPartOf":{"@id":"https:\/\/vasasbasket.hu\/index.php\/veretlenul-zartak-az-alapszakaszt-juniorjaink\/"},"author":{"name":"admin","@id":"https:\/\/vasasbasket.hu\/#\/schema\/person\/f1085f4d2c6582d8d0f977e92de2edee"},"headline":"Veretlen\u00fcl z\u00e1rt\u00e1k az alapszakaszt juniorjaink","datePublished":"2019-12-09T20:31:04+00:00","mainEntityOfPage":{"@id":"https:\/\/vasasbasket.hu\/index.php\/veretlenul-zartak-az-alapszakaszt-juniorjaink\/"},"wordCount":400,"publisher":{"@id":"https:\/\/vasasbasket.hu\/#organization"},"image":{"@id":"https:\/\/vasasbasket.hu\/index.php\/veretlenul-zartak-az-alapszakaszt-juniorjaink\/#primaryimage"},"thumbnailUrl":"https:\/\/vasasbasket.hu\/wp-content\/uploads\/2019\/12\/78779129_2563264207295452_5145498076194013184_n-e1575923426424.jpg","articleSection":["Junior","\u00d6sszes H\u00edr"],"inLanguage":"hu"},{"@type":"WebPage","@id":"https:\/\/vasasbasket.hu\/index.php\/veretlenul-zartak-az-alapszakaszt-juniorjaink\/","url":"https:\/\/vasasbasket.hu\/index.php\/veretlenul-zartak-az-alapszakaszt-juniorjaink\/","name":"Veretlen\u00fcl z\u00e1rt\u00e1k az alapszakaszt juniorjaink - Vasas n\u0151i kos\u00e1rlabda","isPartOf":{"@id":"https:\/\/vasasbasket.hu\/#website"},"primaryImageOfPage":{"@id":"https:\/\/vasasbasket.hu\/index.php\/veretlenul-zartak-az-alapszakaszt-juniorjaink\/#primaryimage"},"image":{"@id":"https:\/\/vasasbasket.hu\/index.php\/veretlenul-zartak-az-alapszakaszt-juniorjaink\/#primaryimage"},"thumbnailUrl":"https:\/\/vasasbasket.hu\/wp-content\/uploads\/2019\/12\/78779129_2563264207295452_5145498076194013184_n-e1575923426424.jpg","datePublished":"2019-12-09T20:31:04+00:00","breadcrumb":{"@id":"https:\/\/vasasbasket.hu\/index.php\/veretlenul-zartak-az-alapszakaszt-juniorjaink\/#breadcrumb"},"inLanguage":"hu","potentialAction":[{"@type":"ReadAction","target":["https:\/\/vasasbasket.hu\/index.php\/veretlenul-zartak-az-alapszakaszt-juniorjaink\/"]}]},{"@type":"ImageObject","inLanguage":"hu","@id":"https:\/\/vasasbasket.hu\/index.php\/veretlenul-zartak-az-alapszakaszt-juniorjaink\/#primaryimage","url":"https:\/\/vasasbasket.hu\/wp-content\/uploads\/2019\/12\/78779129_2563264207295452_5145498076194013184_n-e1575923426424.jpg","contentUrl":"https:\/\/vasasbasket.hu\/wp-content\/uploads\/2019\/12\/78779129_2563264207295452_5145498076194013184_n-e1575923426424.jpg","width":1515,"height":967},{"@type":"BreadcrumbList","@id":"https:\/\/vasasbasket.hu\/index.php\/veretlenul-zartak-az-alapszakaszt-juniorjaink\/#breadcrumb","itemListElement":[{"@type":"ListItem","position":1,"name":"Kezd\u0151lap","item":"https:\/\/vasasbasket.hu\/"},{"@type":"ListItem","position":2,"name":"Veretlen\u00fcl z\u00e1rt\u00e1k az alapszakaszt juniorjaink"}]},{"@type":"WebSite","@id":"https:\/\/vasasbasket.hu\/#website","url":"https:\/\/vasasbasket.hu\/","name":"Vasas n\u0151i kos\u00e1rlabda","description":"Vasas Basket N\u0151i","publisher":{"@id":"https:\/\/vasasbasket.hu\/#organization"},"potentialAction":[{"@type":"SearchAction","target":{"@type":"EntryPoint","urlTemplate":"https:\/\/vasasbasket.hu\/?s={search_term_string}"},"query-input":{"@type":"PropertyValueSpecification","valueRequired":true,"valueName":"search_term_string"}}],"inLanguage":"hu"},{"@type":"Organization","@id":"https:\/\/vasasbasket.hu\/#organization","name":"Vasas n\u0151i kos\u00e1rlabda","url":"https:\/\/vasasbasket.hu\/","logo":{"@type":"ImageObject","inLanguage":"hu","@id":"https:\/\/vasasbasket.hu\/#\/schema\/logo\/image\/","url":"https:\/\/vasasbasket.hu\/wp-content\/uploads\/2017\/03\/vasas_cimer_1200.jpg","contentUrl":"https:\/\/vasasbasket.hu\/wp-content\/uploads\/2017\/03\/vasas_cimer_1200.jpg","width":1200,"height":1200,"caption":"Vasas n\u0151i kos\u00e1rlabda"},"image":{"@id":"https:\/\/vasasbasket.hu\/#\/schema\/logo\/image\/"},"sameAs":["https:\/\/www.facebook.com\/vasaswbasket\/"]},{"@type":"Person","@id":"https:\/\/vasasbasket.hu\/#\/schema\/person\/f1085f4d2c6582d8d0f977e92de2edee","name":"admin","image":{"@type":"ImageObject","inLanguage":"hu","@id":"https:\/\/vasasbasket.hu\/#\/schema\/person\/image\/","url":"https:\/\/secure.gravatar.com\/avatar\/645c92f7d9cfe02bd93ce2d1cfa11cd3a268bdfe65486552ff04b193cea07634?s=96&d=mm&r=g","contentUrl":"https:\/\/secure.gravatar.com\/avatar\/645c92f7d9cfe02bd93ce2d1cfa11cd3a268bdfe65486552ff04b193cea07634?s=96&d=mm&r=g","caption":"admin"},"url":"https:\/\/vasasbasket.hu\/index.php\/author\/admin\/"}]}},"_links":{"self":[{"href":"https:\/\/vasasbasket.hu\/index.php\/wp-json\/wp\/v2\/posts\/6465","targetHints":{"allow":["GET"]}}],"collection":[{"href":"https:\/\/vasasbasket.hu\/index.php\/wp-json\/wp\/v2\/posts"}],"about":[{"href":"https:\/\/vasasbasket.hu\/index.php\/wp-json\/wp\/v2\/types\/post"}],"author":[{"embeddable":true,"href":"https:\/\/vasasbasket.hu\/index.php\/wp-json\/wp\/v2\/users\/1"}],"replies":[{"embeddable":true,"href":"https:\/\/vasasbasket.hu\/index.php\/wp-json\/wp\/v2\/comments?post=6465"}],"version-history":[{"count":1,"href":"https:\/\/vasasbasket.hu\/index.php\/wp-json\/wp\/v2\/posts\/6465\/revisions"}],"predecessor-version":[{"id":6468,"href":"https:\/\/vasasbasket.hu\/index.php\/wp-json\/wp\/v2\/posts\/6465\/revisions\/6468"}],"wp:featuredmedia":[{"embeddable":true,"href":"https:\/\/vasasbasket.hu\/index.php\/wp-json\/wp\/v2\/media\/6466"}],"wp:attachment":[{"href":"https:\/\/vasasbasket.hu\/index.php\/wp-json\/wp\/v2\/media?parent=6465"}],"wp:term":[{"taxonomy":"category","embeddable":true,"href":"https:\/\/vasasbasket.hu\/index.php\/wp-json\/wp\/v2\/categories?post=6465"},{"taxonomy":"post_tag","embeddable":true,"href":"https:\/\/vasasbasket.hu\/index.php\/wp-json\/wp\/v2\/tags?post=6465"}],"curies":[{"name":"wp","href":"https:\/\/api.w.org\/{rel}","templated":true}]}}