{"id":6461,"date":"2019-12-09T20:06:12","date_gmt":"2019-12-09T20:06:12","guid":{"rendered":"http:\/\/vasasbasket.hu\/?p=6461"},"modified":"2019-12-09T20:06:12","modified_gmt":"2019-12-09T20:06:12","slug":"egy-gyozelem-egy-vereseg-erosodnek-a-bolhak","status":"publish","type":"post","link":"https:\/\/vasasbasket.hu\/index.php\/egy-gyozelem-egy-vereseg-erosodnek-a-bolhak\/","title":{"rendered":"Egy gy\u0151zelem, egy veres\u00e9g &#8211; er\u0151s\u00f6dnek a Bolh\u00e1k"},"content":{"rendered":"<p><strong>Gyerek\/B koroszt\u00e1lyunk t\u00fal van a harmadik fordul\u00f3n, ahol az els\u0151 m\u00e9rk\u0151z\u00e9sen els\u0151 gy\u0151zelmet arattak Farkas Fanni l\u00e1nyai. A m\u00e1sodik tal\u00e1lkoz\u00f3 m\u00e1r nehezebbnek bizonyult, azonban a k\u00f6vetkez\u0151 fordul\u00f3ra a c\u00e9l a dupla gy\u0151zelem.<\/strong><\/p>\n<p><em>&#8222;A korai kel\u00e9s ellen\u00e9re fantasztikusan kezdt\u00fck az els\u0151 meccs\u00fcnket. A l\u00e1nyok k\u00fczd\u00f6ttek, hajtottak, minden edz\u0151i utas\u00edt\u00e1st t\u00f6k\u00e9letesen v\u00e9grehajtottak. J\u00f3 v\u00e9dekez\u00e9st, gy\u00f6ny\u00f6r\u0171 t\u00e1mad\u00e1sokat l\u00e1thattunk t\u0151l\u00fck, t\u00f6bb j\u00e1t\u00e9kos l\u00e1tv\u00e1nyos l\u00e1b k\u00f6z\u00f6tti \u00e9s h\u00e1t m\u00f6g\u00f6tti k\u00e9zv\u00e1lt\u00e1sokkal k\u00e1pr\u00e1ztatta el a n\u00e9z\u0151ket. El\u0151fordultak ugyan rossz passzok \u00e9s kihagyott ziccerek is a m\u00e9rk\u0151z\u00e9sen, de ezeket a hib\u00e1kat a v\u00e9d\u0151 t\u00e9rf\u00e9len agressz\u00edv v\u00e9dekez\u00e9s\u00fcnknek k\u00f6sz\u00f6nhet\u0151en minden alkalommal ki tudtuk jav\u00edtani. K\u00fcl\u00f6n dics\u00e9ret a l\u00e1nyoknak az\u00e9rt, hogy (a f\u00e9lidei 3 darab b\u00fcntet\u0151n k\u00edv\u00fcl) a rendes j\u00e1t\u00e9kid\u0151 alatt nem tudott ellenfel\u00fcnk kosarat szerezni&#8221;<\/em> &#8211; mondta a csapat edz\u0151je, Farkas Fanni.<\/p>\n<p>T\u00f6r\u00f6k Sasmadarak <strong>&#8211; Vasas Bolh\u00e1k 3-88<br \/>\n<\/strong><em>Pontszerz\u0151k:<br \/>\n<\/em><strong>Vasas Bolh\u00e1k:<\/strong> Szab\u00f3 Noncsi 18, Firle-Kiss Bora 12, Muszka Zita 11, K\u00e1rp\u00e1thegyi L\u00e9da 10, B\u00e9res-Nagy Szofi 9, Mayr Lara 8, M\u00e1rton Lia 6, Toman Zs\u00f3fi 5, Tur\u00f3czy Dalma 1, Koll\u00e1r Kata 1, Tompa Non\u00f3 1<\/p>\n<p><em>&#8222;A k\u00f6vetkez\u0151 meccsre, mint ha kicser\u00e9lt\u00e9k volna a csapatot. \u00d6nbizalom n\u00e9lk\u00fcl, sz\u00e9tsz\u00f3rtan, rengeteg hib\u00e1val j\u00e1tszottunk, nyoma sem volt az els\u0151 m\u00e9rk\u0151z\u00e9sen l\u00e1tott b\u00e1tor t\u00e1mad\u00f3 j\u00e1t\u00e9knak, agressz\u00edv v\u00e9dekez\u00e9snek, \u00edgy a m\u00e1sodik negyed v\u00e9g\u00e9re jelent\u0151s h\u00e1tr\u00e1nyba ker\u00fclt\u00fcnk. Nagy sz\u00fcks\u00e9g lett volna arra, hogy a f\u00e9lidei b\u00fcntet\u0151kkel behozzuk a lemarad\u00e1st, de sajnos ez nem siker\u00fclt, 16 pontos el\u0151nnyel kezdhette ellenfel\u00fcnk a harmadik negyedet. <img loading=\"lazy\" decoding=\"async\" class=\" wp-image-6462 alignright\" src=\"http:\/\/vasasbasket.hu\/wp-content\/uploads\/2019\/12\/f535a93f-0804-4835-8189-d11c3c1ea8a5-768x1024.jpg\" alt=\"\" width=\"478\" height=\"637\" srcset=\"https:\/\/vasasbasket.hu\/wp-content\/uploads\/2019\/12\/f535a93f-0804-4835-8189-d11c3c1ea8a5-768x1024.jpg 768w, https:\/\/vasasbasket.hu\/wp-content\/uploads\/2019\/12\/f535a93f-0804-4835-8189-d11c3c1ea8a5-570x760.jpg 570w, https:\/\/vasasbasket.hu\/wp-content\/uploads\/2019\/12\/f535a93f-0804-4835-8189-d11c3c1ea8a5-440x587.jpg 440w, https:\/\/vasasbasket.hu\/wp-content\/uploads\/2019\/12\/f535a93f-0804-4835-8189-d11c3c1ea8a5-225x300.jpg 225w, https:\/\/vasasbasket.hu\/wp-content\/uploads\/2019\/12\/f535a93f-0804-4835-8189-d11c3c1ea8a5-1152x1536.jpg 1152w, https:\/\/vasasbasket.hu\/wp-content\/uploads\/2019\/12\/f535a93f-0804-4835-8189-d11c3c1ea8a5-96x128.jpg 96w, https:\/\/vasasbasket.hu\/wp-content\/uploads\/2019\/12\/f535a93f-0804-4835-8189-d11c3c1ea8a5-24x32.jpg 24w, https:\/\/vasasbasket.hu\/wp-content\/uploads\/2019\/12\/f535a93f-0804-4835-8189-d11c3c1ea8a5-74x98.jpg 74w, https:\/\/vasasbasket.hu\/wp-content\/uploads\/2019\/12\/f535a93f-0804-4835-8189-d11c3c1ea8a5.jpg 1536w\" sizes=\"auto, (max-width: 478px) 100vw, 478px\" \/>A m\u00e1sodik f\u00e9lid\u0151 els\u0151 k\u00e9t-h\u00e1rom perc\u00e9ben a l\u00e1nyok ott folytatt\u00e1k a j\u00e1t\u00e9kot, ahol az el\u0151z\u0151 negyedben abba hagyt\u00e1k. Dekoncentr\u00e1ltan kosaraztak, sorra hagyt\u00e1k ki az ajt\u00f3-ablak ziccereket. Egy kisebb fejmos\u00e1s ut\u00e1n elkezdtek v\u00e9gre k\u00fczdeni, cs\u00fasztak-m\u00e1sztak a labd\u00e1k\u00e9rt, figyeltek a befejez\u00e9sekre, \u00e9s ennek meg is lett az eredm\u00e9nye. Nyolc ponttal megnyert\u00fck a negyedet, \u00edgy maradt es\u00e9ly arra, hogy az utols\u00f3 etapban ford\u00edtsuk meg a m\u00e9rk\u0151z\u00e9st. Amilyen j\u00f3l hagytuk abba a harmadik j\u00e1t\u00e9kr\u00e9szt, olyan rosszul kezdt\u00fck a negyediket. Ahelyett, hogy a l\u00e1nyok felsz\u00edvt\u00e1k volna magukat, \u00e9s az els\u0151 meccshez hasonl\u00f3 agressz\u00edv v\u00e9dekez\u00e9ssel \u201cbedar\u00e1ltuk\u201d volna ellenfel\u00fcnket, lelketlen\u00fcl, rengeteg hib\u00e1val j\u00e1tszottunk. A Kasz\u00e1sok csapata az utols\u00f3 pillanatig hajtott a gy\u0151zelem\u00e9rt, \u00edgy meg\u00e9rdemelten nyerte a m\u00e9rk\u0151z\u00e9st. Szomor\u00fa vagyok, hogy az els\u0151 m\u00e9rk\u0151z\u00e9sen l\u00e1tott csod\u00e1latos j\u00e1t\u00e9kot egyetlen meccsel ennyire el tudtuk rontani. Az biztos, hogy rengeteget tudunk tanulni az ilyen veres\u00e9gekb\u0151l, a k\u00f6vetkez\u0151 h\u00f3napban m\u00e9g kem\u00e9nyebben dolgozunk majd azon, hogy a l\u00e1nyok a negyedik fordul\u00f3ban ne csak egy, hanem k\u00e9t meccsen kereszt\u00fcl tudj\u00e1k majd megmutatni mire k\u00e9pesek\u201d<\/em> &#8211; \u00f6sszegezte Farkas Fanni.<\/p>\n<p><strong>Vasas Bolh\u00e1k &#8211;<\/strong> Kasz\u00e1s Girls <strong>28-46<br \/>\n<\/strong><em>Pontszerz\u0151k:<br \/>\n<\/em><strong>Vasas Bolh\u00e1k:<\/strong> Toman Zs\u00f3fi 6, K\u00e1rp\u00e1thegyi L\u00e9da 5, Firle-Kiss Bora 4, Muszka Zita 3, Szab\u00f3 Noncsi 3, M\u00e1rton Lia 3, B\u00e9res-Nagy Szofi 2, Tompa Non\u00f3 1, Mayr Lara 1<\/p>\n","protected":false},"excerpt":{"rendered":"<p>Gyerek\/B koroszt\u00e1lyunk t\u00fal van a harmadik fordul\u00f3n, ahol az els\u0151 m\u00e9rk\u0151z\u00e9sen els\u0151 gy\u0151zelmet arattak Farkas Fanni l\u00e1nyai. A m\u00e1sodik tal\u00e1lkoz\u00f3 m\u00e1r nehezebbnek bizonyult, azonban a k\u00f6vetkez\u0151 fordul\u00f3ra a c\u00e9l a dupla gy\u0151zelem. &#8222;A korai kel\u00e9s ellen\u00e9re fantasztikusan kezdt\u00fck az els\u0151 meccs\u00fcnket. A l\u00e1nyok k\u00fczd\u00f6ttek, hajtottak, minden edz\u0151i utas\u00edt\u00e1st t\u00f6k\u00e9letesen v\u00e9grehajtottak. J\u00f3 v\u00e9dekez\u00e9st, gy\u00f6ny\u00f6r\u0171 t\u00e1mad\u00e1sokat l\u00e1thattunk&#8230;<\/p>\n","protected":false},"author":1,"featured_media":6463,"comment_status":"closed","ping_status":"open","sticky":false,"template":"","format":"standard","meta":{"footnotes":""},"categories":[73,92],"tags":[],"class_list":["post-6461","post","type-post","status-publish","format-standard","has-post-thumbnail","hentry","category-gyerek","category-hirek"],"yoast_head":"<!-- This site is optimized with the Yoast SEO plugin v26.0 - https:\/\/yoast.com\/wordpress\/plugins\/seo\/ -->\n<title>Egy gy\u0151zelem, egy veres\u00e9g - er\u0151s\u00f6dnek a Bolh\u00e1k - Vasas n\u0151i kos\u00e1rlabda<\/title>\n<meta name=\"robots\" content=\"index, follow, max-snippet:-1, max-image-preview:large, max-video-preview:-1\" \/>\n<link rel=\"canonical\" href=\"https:\/\/vasasbasket.hu\/index.php\/egy-gyozelem-egy-vereseg-erosodnek-a-bolhak\/\" \/>\n<meta property=\"og:locale\" content=\"hu_HU\" \/>\n<meta property=\"og:type\" content=\"article\" \/>\n<meta property=\"og:title\" content=\"Egy gy\u0151zelem, egy veres\u00e9g - er\u0151s\u00f6dnek a Bolh\u00e1k - Vasas n\u0151i kos\u00e1rlabda\" \/>\n<meta property=\"og:description\" content=\"Gyerek\/B koroszt\u00e1lyunk t\u00fal van a harmadik fordul\u00f3n, ahol az els\u0151 m\u00e9rk\u0151z\u00e9sen els\u0151 gy\u0151zelmet arattak Farkas Fanni l\u00e1nyai. A m\u00e1sodik tal\u00e1lkoz\u00f3 m\u00e1r nehezebbnek bizonyult, azonban a k\u00f6vetkez\u0151 fordul\u00f3ra a c\u00e9l a dupla gy\u0151zelem. &#8222;A korai kel\u00e9s ellen\u00e9re fantasztikusan kezdt\u00fck az els\u0151 meccs\u00fcnket. A l\u00e1nyok k\u00fczd\u00f6ttek, hajtottak, minden edz\u0151i utas\u00edt\u00e1st t\u00f6k\u00e9letesen v\u00e9grehajtottak. J\u00f3 v\u00e9dekez\u00e9st, gy\u00f6ny\u00f6r\u0171 t\u00e1mad\u00e1sokat l\u00e1thattunk...\" \/>\n<meta property=\"og:url\" content=\"https:\/\/vasasbasket.hu\/index.php\/egy-gyozelem-egy-vereseg-erosodnek-a-bolhak\/\" \/>\n<meta property=\"og:site_name\" content=\"Vasas n\u0151i kos\u00e1rlabda\" \/>\n<meta property=\"article:publisher\" content=\"https:\/\/www.facebook.com\/vasaswbasket\/\" \/>\n<meta property=\"article:published_time\" content=\"2019-12-09T20:06:12+00:00\" \/>\n<meta property=\"og:image\" content=\"https:\/\/vasasbasket.hu\/wp-content\/uploads\/2019\/12\/image-3-scaled-e1575912036824.jpg\" \/>\n\t<meta property=\"og:image:width\" content=\"1900\" \/>\n\t<meta property=\"og:image:height\" content=\"1318\" \/>\n\t<meta property=\"og:image:type\" content=\"image\/jpeg\" \/>\n<meta name=\"author\" content=\"admin\" \/>\n<meta name=\"twitter:card\" content=\"summary_large_image\" \/>\n<meta name=\"twitter:label1\" content=\"Szerz\u0151:\" \/>\n\t<meta name=\"twitter:data1\" content=\"admin\" \/>\n\t<meta name=\"twitter:label2\" content=\"Becs\u00fclt olvas\u00e1si id\u0151\" \/>\n\t<meta name=\"twitter:data2\" content=\"3 perc\" \/>\n<script type=\"application\/ld+json\" class=\"yoast-schema-graph\">{\"@context\":\"https:\/\/schema.org\",\"@graph\":[{\"@type\":\"Article\",\"@id\":\"https:\/\/vasasbasket.hu\/index.php\/egy-gyozelem-egy-vereseg-erosodnek-a-bolhak\/#article\",\"isPartOf\":{\"@id\":\"https:\/\/vasasbasket.hu\/index.php\/egy-gyozelem-egy-vereseg-erosodnek-a-bolhak\/\"},\"author\":{\"name\":\"admin\",\"@id\":\"https:\/\/vasasbasket.hu\/#\/schema\/person\/f1085f4d2c6582d8d0f977e92de2edee\"},\"headline\":\"Egy gy\u0151zelem, egy veres\u00e9g &#8211; er\u0151s\u00f6dnek a Bolh\u00e1k\",\"datePublished\":\"2019-12-09T20:06:12+00:00\",\"mainEntityOfPage\":{\"@id\":\"https:\/\/vasasbasket.hu\/index.php\/egy-gyozelem-egy-vereseg-erosodnek-a-bolhak\/\"},\"wordCount\":633,\"publisher\":{\"@id\":\"https:\/\/vasasbasket.hu\/#organization\"},\"image\":{\"@id\":\"https:\/\/vasasbasket.hu\/index.php\/egy-gyozelem-egy-vereseg-erosodnek-a-bolhak\/#primaryimage\"},\"thumbnailUrl\":\"https:\/\/vasasbasket.hu\/wp-content\/uploads\/2019\/12\/image-3-scaled-e1575912036824.jpg\",\"articleSection\":[\"Gyerek\",\"\u00d6sszes H\u00edr\"],\"inLanguage\":\"hu\"},{\"@type\":\"WebPage\",\"@id\":\"https:\/\/vasasbasket.hu\/index.php\/egy-gyozelem-egy-vereseg-erosodnek-a-bolhak\/\",\"url\":\"https:\/\/vasasbasket.hu\/index.php\/egy-gyozelem-egy-vereseg-erosodnek-a-bolhak\/\",\"name\":\"Egy gy\u0151zelem, egy veres\u00e9g - er\u0151s\u00f6dnek a Bolh\u00e1k - Vasas n\u0151i kos\u00e1rlabda\",\"isPartOf\":{\"@id\":\"https:\/\/vasasbasket.hu\/#website\"},\"primaryImageOfPage\":{\"@id\":\"https:\/\/vasasbasket.hu\/index.php\/egy-gyozelem-egy-vereseg-erosodnek-a-bolhak\/#primaryimage\"},\"image\":{\"@id\":\"https:\/\/vasasbasket.hu\/index.php\/egy-gyozelem-egy-vereseg-erosodnek-a-bolhak\/#primaryimage\"},\"thumbnailUrl\":\"https:\/\/vasasbasket.hu\/wp-content\/uploads\/2019\/12\/image-3-scaled-e1575912036824.jpg\",\"datePublished\":\"2019-12-09T20:06:12+00:00\",\"breadcrumb\":{\"@id\":\"https:\/\/vasasbasket.hu\/index.php\/egy-gyozelem-egy-vereseg-erosodnek-a-bolhak\/#breadcrumb\"},\"inLanguage\":\"hu\",\"potentialAction\":[{\"@type\":\"ReadAction\",\"target\":[\"https:\/\/vasasbasket.hu\/index.php\/egy-gyozelem-egy-vereseg-erosodnek-a-bolhak\/\"]}]},{\"@type\":\"ImageObject\",\"inLanguage\":\"hu\",\"@id\":\"https:\/\/vasasbasket.hu\/index.php\/egy-gyozelem-egy-vereseg-erosodnek-a-bolhak\/#primaryimage\",\"url\":\"https:\/\/vasasbasket.hu\/wp-content\/uploads\/2019\/12\/image-3-scaled-e1575912036824.jpg\",\"contentUrl\":\"https:\/\/vasasbasket.hu\/wp-content\/uploads\/2019\/12\/image-3-scaled-e1575912036824.jpg\",\"width\":1900,\"height\":1318},{\"@type\":\"BreadcrumbList\",\"@id\":\"https:\/\/vasasbasket.hu\/index.php\/egy-gyozelem-egy-vereseg-erosodnek-a-bolhak\/#breadcrumb\",\"itemListElement\":[{\"@type\":\"ListItem\",\"position\":1,\"name\":\"Kezd\u0151lap\",\"item\":\"https:\/\/vasasbasket.hu\/\"},{\"@type\":\"ListItem\",\"position\":2,\"name\":\"Egy gy\u0151zelem, egy veres\u00e9g &#8211; er\u0151s\u00f6dnek a Bolh\u00e1k\"}]},{\"@type\":\"WebSite\",\"@id\":\"https:\/\/vasasbasket.hu\/#website\",\"url\":\"https:\/\/vasasbasket.hu\/\",\"name\":\"Vasas n\u0151i kos\u00e1rlabda\",\"description\":\"Vasas Basket N\u0151i\",\"publisher\":{\"@id\":\"https:\/\/vasasbasket.hu\/#organization\"},\"potentialAction\":[{\"@type\":\"SearchAction\",\"target\":{\"@type\":\"EntryPoint\",\"urlTemplate\":\"https:\/\/vasasbasket.hu\/?s={search_term_string}\"},\"query-input\":{\"@type\":\"PropertyValueSpecification\",\"valueRequired\":true,\"valueName\":\"search_term_string\"}}],\"inLanguage\":\"hu\"},{\"@type\":\"Organization\",\"@id\":\"https:\/\/vasasbasket.hu\/#organization\",\"name\":\"Vasas n\u0151i kos\u00e1rlabda\",\"url\":\"https:\/\/vasasbasket.hu\/\",\"logo\":{\"@type\":\"ImageObject\",\"inLanguage\":\"hu\",\"@id\":\"https:\/\/vasasbasket.hu\/#\/schema\/logo\/image\/\",\"url\":\"https:\/\/vasasbasket.hu\/wp-content\/uploads\/2017\/03\/vasas_cimer_1200.jpg\",\"contentUrl\":\"https:\/\/vasasbasket.hu\/wp-content\/uploads\/2017\/03\/vasas_cimer_1200.jpg\",\"width\":1200,\"height\":1200,\"caption\":\"Vasas n\u0151i kos\u00e1rlabda\"},\"image\":{\"@id\":\"https:\/\/vasasbasket.hu\/#\/schema\/logo\/image\/\"},\"sameAs\":[\"https:\/\/www.facebook.com\/vasaswbasket\/\"]},{\"@type\":\"Person\",\"@id\":\"https:\/\/vasasbasket.hu\/#\/schema\/person\/f1085f4d2c6582d8d0f977e92de2edee\",\"name\":\"admin\",\"image\":{\"@type\":\"ImageObject\",\"inLanguage\":\"hu\",\"@id\":\"https:\/\/vasasbasket.hu\/#\/schema\/person\/image\/\",\"url\":\"https:\/\/secure.gravatar.com\/avatar\/645c92f7d9cfe02bd93ce2d1cfa11cd3a268bdfe65486552ff04b193cea07634?s=96&d=mm&r=g\",\"contentUrl\":\"https:\/\/secure.gravatar.com\/avatar\/645c92f7d9cfe02bd93ce2d1cfa11cd3a268bdfe65486552ff04b193cea07634?s=96&d=mm&r=g\",\"caption\":\"admin\"},\"url\":\"https:\/\/vasasbasket.hu\/index.php\/author\/admin\/\"}]}<\/script>\n<!-- \/ Yoast SEO plugin. -->","yoast_head_json":{"title":"Egy gy\u0151zelem, egy veres\u00e9g - er\u0151s\u00f6dnek a Bolh\u00e1k - Vasas n\u0151i kos\u00e1rlabda","robots":{"index":"index","follow":"follow","max-snippet":"max-snippet:-1","max-image-preview":"max-image-preview:large","max-video-preview":"max-video-preview:-1"},"canonical":"https:\/\/vasasbasket.hu\/index.php\/egy-gyozelem-egy-vereseg-erosodnek-a-bolhak\/","og_locale":"hu_HU","og_type":"article","og_title":"Egy gy\u0151zelem, egy veres\u00e9g - er\u0151s\u00f6dnek a Bolh\u00e1k - Vasas n\u0151i kos\u00e1rlabda","og_description":"Gyerek\/B koroszt\u00e1lyunk t\u00fal van a harmadik fordul\u00f3n, ahol az els\u0151 m\u00e9rk\u0151z\u00e9sen els\u0151 gy\u0151zelmet arattak Farkas Fanni l\u00e1nyai. A m\u00e1sodik tal\u00e1lkoz\u00f3 m\u00e1r nehezebbnek bizonyult, azonban a k\u00f6vetkez\u0151 fordul\u00f3ra a c\u00e9l a dupla gy\u0151zelem. &#8222;A korai kel\u00e9s ellen\u00e9re fantasztikusan kezdt\u00fck az els\u0151 meccs\u00fcnket. A l\u00e1nyok k\u00fczd\u00f6ttek, hajtottak, minden edz\u0151i utas\u00edt\u00e1st t\u00f6k\u00e9letesen v\u00e9grehajtottak. J\u00f3 v\u00e9dekez\u00e9st, gy\u00f6ny\u00f6r\u0171 t\u00e1mad\u00e1sokat l\u00e1thattunk...","og_url":"https:\/\/vasasbasket.hu\/index.php\/egy-gyozelem-egy-vereseg-erosodnek-a-bolhak\/","og_site_name":"Vasas n\u0151i kos\u00e1rlabda","article_publisher":"https:\/\/www.facebook.com\/vasaswbasket\/","article_published_time":"2019-12-09T20:06:12+00:00","og_image":[{"width":1900,"height":1318,"url":"https:\/\/vasasbasket.hu\/wp-content\/uploads\/2019\/12\/image-3-scaled-e1575912036824.jpg","type":"image\/jpeg"}],"author":"admin","twitter_card":"summary_large_image","twitter_misc":{"Szerz\u0151:":"admin","Becs\u00fclt olvas\u00e1si id\u0151":"3 perc"},"schema":{"@context":"https:\/\/schema.org","@graph":[{"@type":"Article","@id":"https:\/\/vasasbasket.hu\/index.php\/egy-gyozelem-egy-vereseg-erosodnek-a-bolhak\/#article","isPartOf":{"@id":"https:\/\/vasasbasket.hu\/index.php\/egy-gyozelem-egy-vereseg-erosodnek-a-bolhak\/"},"author":{"name":"admin","@id":"https:\/\/vasasbasket.hu\/#\/schema\/person\/f1085f4d2c6582d8d0f977e92de2edee"},"headline":"Egy gy\u0151zelem, egy veres\u00e9g &#8211; er\u0151s\u00f6dnek a Bolh\u00e1k","datePublished":"2019-12-09T20:06:12+00:00","mainEntityOfPage":{"@id":"https:\/\/vasasbasket.hu\/index.php\/egy-gyozelem-egy-vereseg-erosodnek-a-bolhak\/"},"wordCount":633,"publisher":{"@id":"https:\/\/vasasbasket.hu\/#organization"},"image":{"@id":"https:\/\/vasasbasket.hu\/index.php\/egy-gyozelem-egy-vereseg-erosodnek-a-bolhak\/#primaryimage"},"thumbnailUrl":"https:\/\/vasasbasket.hu\/wp-content\/uploads\/2019\/12\/image-3-scaled-e1575912036824.jpg","articleSection":["Gyerek","\u00d6sszes H\u00edr"],"inLanguage":"hu"},{"@type":"WebPage","@id":"https:\/\/vasasbasket.hu\/index.php\/egy-gyozelem-egy-vereseg-erosodnek-a-bolhak\/","url":"https:\/\/vasasbasket.hu\/index.php\/egy-gyozelem-egy-vereseg-erosodnek-a-bolhak\/","name":"Egy gy\u0151zelem, egy veres\u00e9g - er\u0151s\u00f6dnek a Bolh\u00e1k - Vasas n\u0151i kos\u00e1rlabda","isPartOf":{"@id":"https:\/\/vasasbasket.hu\/#website"},"primaryImageOfPage":{"@id":"https:\/\/vasasbasket.hu\/index.php\/egy-gyozelem-egy-vereseg-erosodnek-a-bolhak\/#primaryimage"},"image":{"@id":"https:\/\/vasasbasket.hu\/index.php\/egy-gyozelem-egy-vereseg-erosodnek-a-bolhak\/#primaryimage"},"thumbnailUrl":"https:\/\/vasasbasket.hu\/wp-content\/uploads\/2019\/12\/image-3-scaled-e1575912036824.jpg","datePublished":"2019-12-09T20:06:12+00:00","breadcrumb":{"@id":"https:\/\/vasasbasket.hu\/index.php\/egy-gyozelem-egy-vereseg-erosodnek-a-bolhak\/#breadcrumb"},"inLanguage":"hu","potentialAction":[{"@type":"ReadAction","target":["https:\/\/vasasbasket.hu\/index.php\/egy-gyozelem-egy-vereseg-erosodnek-a-bolhak\/"]}]},{"@type":"ImageObject","inLanguage":"hu","@id":"https:\/\/vasasbasket.hu\/index.php\/egy-gyozelem-egy-vereseg-erosodnek-a-bolhak\/#primaryimage","url":"https:\/\/vasasbasket.hu\/wp-content\/uploads\/2019\/12\/image-3-scaled-e1575912036824.jpg","contentUrl":"https:\/\/vasasbasket.hu\/wp-content\/uploads\/2019\/12\/image-3-scaled-e1575912036824.jpg","width":1900,"height":1318},{"@type":"BreadcrumbList","@id":"https:\/\/vasasbasket.hu\/index.php\/egy-gyozelem-egy-vereseg-erosodnek-a-bolhak\/#breadcrumb","itemListElement":[{"@type":"ListItem","position":1,"name":"Kezd\u0151lap","item":"https:\/\/vasasbasket.hu\/"},{"@type":"ListItem","position":2,"name":"Egy gy\u0151zelem, egy veres\u00e9g &#8211; er\u0151s\u00f6dnek a Bolh\u00e1k"}]},{"@type":"WebSite","@id":"https:\/\/vasasbasket.hu\/#website","url":"https:\/\/vasasbasket.hu\/","name":"Vasas n\u0151i kos\u00e1rlabda","description":"Vasas Basket N\u0151i","publisher":{"@id":"https:\/\/vasasbasket.hu\/#organization"},"potentialAction":[{"@type":"SearchAction","target":{"@type":"EntryPoint","urlTemplate":"https:\/\/vasasbasket.hu\/?s={search_term_string}"},"query-input":{"@type":"PropertyValueSpecification","valueRequired":true,"valueName":"search_term_string"}}],"inLanguage":"hu"},{"@type":"Organization","@id":"https:\/\/vasasbasket.hu\/#organization","name":"Vasas n\u0151i kos\u00e1rlabda","url":"https:\/\/vasasbasket.hu\/","logo":{"@type":"ImageObject","inLanguage":"hu","@id":"https:\/\/vasasbasket.hu\/#\/schema\/logo\/image\/","url":"https:\/\/vasasbasket.hu\/wp-content\/uploads\/2017\/03\/vasas_cimer_1200.jpg","contentUrl":"https:\/\/vasasbasket.hu\/wp-content\/uploads\/2017\/03\/vasas_cimer_1200.jpg","width":1200,"height":1200,"caption":"Vasas n\u0151i kos\u00e1rlabda"},"image":{"@id":"https:\/\/vasasbasket.hu\/#\/schema\/logo\/image\/"},"sameAs":["https:\/\/www.facebook.com\/vasaswbasket\/"]},{"@type":"Person","@id":"https:\/\/vasasbasket.hu\/#\/schema\/person\/f1085f4d2c6582d8d0f977e92de2edee","name":"admin","image":{"@type":"ImageObject","inLanguage":"hu","@id":"https:\/\/vasasbasket.hu\/#\/schema\/person\/image\/","url":"https:\/\/secure.gravatar.com\/avatar\/645c92f7d9cfe02bd93ce2d1cfa11cd3a268bdfe65486552ff04b193cea07634?s=96&d=mm&r=g","contentUrl":"https:\/\/secure.gravatar.com\/avatar\/645c92f7d9cfe02bd93ce2d1cfa11cd3a268bdfe65486552ff04b193cea07634?s=96&d=mm&r=g","caption":"admin"},"url":"https:\/\/vasasbasket.hu\/index.php\/author\/admin\/"}]}},"_links":{"self":[{"href":"https:\/\/vasasbasket.hu\/index.php\/wp-json\/wp\/v2\/posts\/6461","targetHints":{"allow":["GET"]}}],"collection":[{"href":"https:\/\/vasasbasket.hu\/index.php\/wp-json\/wp\/v2\/posts"}],"about":[{"href":"https:\/\/vasasbasket.hu\/index.php\/wp-json\/wp\/v2\/types\/post"}],"author":[{"embeddable":true,"href":"https:\/\/vasasbasket.hu\/index.php\/wp-json\/wp\/v2\/users\/1"}],"replies":[{"embeddable":true,"href":"https:\/\/vasasbasket.hu\/index.php\/wp-json\/wp\/v2\/comments?post=6461"}],"version-history":[{"count":1,"href":"https:\/\/vasasbasket.hu\/index.php\/wp-json\/wp\/v2\/posts\/6461\/revisions"}],"predecessor-version":[{"id":6464,"href":"https:\/\/vasasbasket.hu\/index.php\/wp-json\/wp\/v2\/posts\/6461\/revisions\/6464"}],"wp:featuredmedia":[{"embeddable":true,"href":"https:\/\/vasasbasket.hu\/index.php\/wp-json\/wp\/v2\/media\/6463"}],"wp:attachment":[{"href":"https:\/\/vasasbasket.hu\/index.php\/wp-json\/wp\/v2\/media?parent=6461"}],"wp:term":[{"taxonomy":"category","embeddable":true,"href":"https:\/\/vasasbasket.hu\/index.php\/wp-json\/wp\/v2\/categories?post=6461"},{"taxonomy":"post_tag","embeddable":true,"href":"https:\/\/vasasbasket.hu\/index.php\/wp-json\/wp\/v2\/tags?post=6461"}],"curies":[{"name":"wp","href":"https:\/\/api.w.org\/{rel}","templated":true}]}}