{"id":6439,"date":"2019-12-02T15:41:19","date_gmt":"2019-12-02T15:41:19","guid":{"rendered":"http:\/\/vasasbasket.hu\/?p=6439"},"modified":"2019-12-02T15:41:19","modified_gmt":"2019-12-02T15:41:19","slug":"serdulo-gyozelem-az-u16-os-korosztalyban","status":"publish","type":"post","link":"https:\/\/vasasbasket.hu\/index.php\/serdulo-gyozelem-az-u16-os-korosztalyban\/","title":{"rendered":"Serd\u00fcl\u0151 gy\u0151zelem az U16-os koroszt\u00e1lyban"},"content":{"rendered":"<p><strong>A region\u00e1lis kadett bajnoks\u00e1g \u00fajabb fordul\u00f3j\u00e1ban U14-es csapatunk a Kiss Lenke KA csapat\u00e1t fogadta. Szoros m\u00e9rk\u0151z\u00e9sen v\u00e9g\u00fcl mi \u00f6r\u00fclhett\u00fcnk, a f\u00e9nyk\u00e9p pedig j\u00f3l igazolja, \u00f6r\u00fclni igaz\u00e1n tudunk egy-egy gy\u0151zelemnek.<\/strong><\/p>\n<p><em>&#8222;Serd\u00fcl\u0151 csapatunk b\u00e1tran \u00e9s remek v\u00e9dekez\u00e9ssel kezdett a Kiss Lenke Akad\u00e9mia kadettjei ellen, \u00e9s v\u00e9gre az els\u0151 perct\u0151l kezdve azt a v\u00e9dekez\u00e9st l\u00e1ttam, amit az elm\u00falt k\u00e9t-h\u00e1rom h\u00e9tben folyamatosan gyakoroltunk \u00e9s jav\u00edtottunk, \u00e9s amit eg\u00e9sz \u00e9vben l\u00e1tni szeretn\u00e9nk. A v\u00e9gig szoros \u00e9s izgalmas meccsen ellenfel\u00fcnk z\u00f3n\u00e1ja ellen az els\u0151 p\u00e1r t\u00e1mad\u00e1sb\u00f3l m\u00e9g eladott labd\u00e1k \u00e9s rossz d\u00f6nt\u00e9sek sz\u00fclettek, de azt\u00e1n nagyon sz\u00e9pen \u00e9s okosan, gyorsan j\u00e1ratott labd\u00e1kkal, \u00fcgyesen megtal\u00e1lt\u00e1k a l\u00e1nyok a benti, illetve kinti helyzeteket, \u00e9s meg\u00e9rdemelten nyertek. Gratul\u00e1lok a csapatnak, ilyen al\u00e1zattal \u00e9s hozz\u00e1\u00e1ll\u00e1ssal \u00e9rdemes kos\u00e1rlabd\u00e1zni&#8221;<\/em> &#8211; mondta a csapat edz\u0151je, E\u00f6rd\u00f6gh Edit.<\/p>\n<p><strong>Vasas Akad\u00e9mia\/C &#8211;<\/strong> Kiss Lenke KA\/A <strong>56-53<\/strong> ( 13-13, 18-15, 12-11, 13-14)<br \/>\n<em>Pontszerz\u0151k:<\/em><br \/>\n<strong>Vasas Akad\u00e9mia:<\/strong> L\u00e1ng-Miticzky Blanka 8, L\u00e1szl\u00f3 R\u00e9ka, Duka Lili 11\/3, K\u00e1lm\u00e1n Liza 8, Masier Sophia 14 Csere: Igaz Eszter 4, Kem\u00e9ny Sz\u00f3fia 2, Hruby Laura 5, F\u00e1bi\u00e1n Szofi 5, Hal\u00e1sz Luca, Benyovszki Petra, Szab\u00f3 Fl\u00f3ra<br \/>\n<strong>Kiss Lenke KA:<\/strong> Czombos L. 22\/6, V\u00e1lyi-Nagy D. 5, Tomeg Zs. 7\/3, Keszte S. 3, Bodn\u00e1r V. 8 Csere: Udvardi A. 2, G\u00e1bmel E. 6, Guatz G.<\/p>\n<p>leverkusen<\/p>\n","protected":false},"excerpt":{"rendered":"<p>A region\u00e1lis kadett bajnoks\u00e1g \u00fajabb fordul\u00f3j\u00e1ban U14-es csapatunk a Kiss Lenke KA csapat\u00e1t fogadta. Szoros m\u00e9rk\u0151z\u00e9sen v\u00e9g\u00fcl mi \u00f6r\u00fclhett\u00fcnk, a f\u00e9nyk\u00e9p pedig j\u00f3l igazolja, \u00f6r\u00fclni igaz\u00e1n tudunk egy-egy gy\u0151zelemnek. &#8222;Serd\u00fcl\u0151 csapatunk b\u00e1tran \u00e9s remek v\u00e9dekez\u00e9ssel kezdett a Kiss Lenke Akad\u00e9mia kadettjei ellen, \u00e9s v\u00e9gre az els\u0151 perct\u0151l kezdve azt a v\u00e9dekez\u00e9st l\u00e1ttam, amit az elm\u00falt&#8230;<\/p>\n","protected":false},"author":1,"featured_media":6440,"comment_status":"closed","ping_status":"open","sticky":false,"template":"","format":"standard","meta":{"footnotes":""},"categories":[52,92],"tags":[],"class_list":["post-6439","post","type-post","status-publish","format-standard","has-post-thumbnail","hentry","category-serdulo","category-hirek"],"yoast_head":"<!-- This site is optimized with the Yoast SEO plugin v26.0 - https:\/\/yoast.com\/wordpress\/plugins\/seo\/ -->\n<title>Serd\u00fcl\u0151 gy\u0151zelem az U16-os koroszt\u00e1lyban - Vasas n\u0151i kos\u00e1rlabda<\/title>\n<meta name=\"robots\" content=\"index, follow, max-snippet:-1, max-image-preview:large, max-video-preview:-1\" \/>\n<link rel=\"canonical\" href=\"https:\/\/vasasbasket.hu\/index.php\/serdulo-gyozelem-az-u16-os-korosztalyban\/\" \/>\n<meta property=\"og:locale\" content=\"hu_HU\" \/>\n<meta property=\"og:type\" content=\"article\" \/>\n<meta property=\"og:title\" content=\"Serd\u00fcl\u0151 gy\u0151zelem az U16-os koroszt\u00e1lyban - Vasas n\u0151i kos\u00e1rlabda\" \/>\n<meta property=\"og:description\" content=\"A region\u00e1lis kadett bajnoks\u00e1g \u00fajabb fordul\u00f3j\u00e1ban U14-es csapatunk a Kiss Lenke KA csapat\u00e1t fogadta. Szoros m\u00e9rk\u0151z\u00e9sen v\u00e9g\u00fcl mi \u00f6r\u00fclhett\u00fcnk, a f\u00e9nyk\u00e9p pedig j\u00f3l igazolja, \u00f6r\u00fclni igaz\u00e1n tudunk egy-egy gy\u0151zelemnek. &#8222;Serd\u00fcl\u0151 csapatunk b\u00e1tran \u00e9s remek v\u00e9dekez\u00e9ssel kezdett a Kiss Lenke Akad\u00e9mia kadettjei ellen, \u00e9s v\u00e9gre az els\u0151 perct\u0151l kezdve azt a v\u00e9dekez\u00e9st l\u00e1ttam, amit az elm\u00falt...\" \/>\n<meta property=\"og:url\" content=\"https:\/\/vasasbasket.hu\/index.php\/serdulo-gyozelem-az-u16-os-korosztalyban\/\" \/>\n<meta property=\"og:site_name\" content=\"Vasas n\u0151i kos\u00e1rlabda\" \/>\n<meta property=\"article:publisher\" content=\"https:\/\/www.facebook.com\/vasaswbasket\/\" \/>\n<meta property=\"article:published_time\" content=\"2019-12-02T15:41:19+00:00\" \/>\n<meta property=\"og:image\" content=\"https:\/\/vasasbasket.hu\/wp-content\/uploads\/2019\/12\/IMG_0075-scaled.jpg\" \/>\n\t<meta property=\"og:image:width\" content=\"2560\" \/>\n\t<meta property=\"og:image:height\" content=\"1920\" \/>\n\t<meta property=\"og:image:type\" content=\"image\/jpeg\" \/>\n<meta name=\"author\" content=\"admin\" \/>\n<meta name=\"twitter:card\" content=\"summary_large_image\" \/>\n<meta name=\"twitter:label1\" content=\"Szerz\u0151:\" \/>\n\t<meta name=\"twitter:data1\" content=\"admin\" \/>\n\t<meta name=\"twitter:label2\" content=\"Becs\u00fclt olvas\u00e1si id\u0151\" \/>\n\t<meta name=\"twitter:data2\" content=\"1 perc\" \/>\n<script type=\"application\/ld+json\" class=\"yoast-schema-graph\">{\"@context\":\"https:\/\/schema.org\",\"@graph\":[{\"@type\":\"Article\",\"@id\":\"https:\/\/vasasbasket.hu\/index.php\/serdulo-gyozelem-az-u16-os-korosztalyban\/#article\",\"isPartOf\":{\"@id\":\"https:\/\/vasasbasket.hu\/index.php\/serdulo-gyozelem-az-u16-os-korosztalyban\/\"},\"author\":{\"name\":\"admin\",\"@id\":\"https:\/\/vasasbasket.hu\/#\/schema\/person\/f1085f4d2c6582d8d0f977e92de2edee\"},\"headline\":\"Serd\u00fcl\u0151 gy\u0151zelem az U16-os koroszt\u00e1lyban\",\"datePublished\":\"2019-12-02T15:41:19+00:00\",\"mainEntityOfPage\":{\"@id\":\"https:\/\/vasasbasket.hu\/index.php\/serdulo-gyozelem-az-u16-os-korosztalyban\/\"},\"wordCount\":279,\"publisher\":{\"@id\":\"https:\/\/vasasbasket.hu\/#organization\"},\"image\":{\"@id\":\"https:\/\/vasasbasket.hu\/index.php\/serdulo-gyozelem-az-u16-os-korosztalyban\/#primaryimage\"},\"thumbnailUrl\":\"https:\/\/vasasbasket.hu\/wp-content\/uploads\/2019\/12\/IMG_0075-scaled.jpg\",\"articleSection\":[\"Serd\u00fcl\u0151\",\"\u00d6sszes H\u00edr\"],\"inLanguage\":\"hu\"},{\"@type\":\"WebPage\",\"@id\":\"https:\/\/vasasbasket.hu\/index.php\/serdulo-gyozelem-az-u16-os-korosztalyban\/\",\"url\":\"https:\/\/vasasbasket.hu\/index.php\/serdulo-gyozelem-az-u16-os-korosztalyban\/\",\"name\":\"Serd\u00fcl\u0151 gy\u0151zelem az U16-os koroszt\u00e1lyban - Vasas n\u0151i kos\u00e1rlabda\",\"isPartOf\":{\"@id\":\"https:\/\/vasasbasket.hu\/#website\"},\"primaryImageOfPage\":{\"@id\":\"https:\/\/vasasbasket.hu\/index.php\/serdulo-gyozelem-az-u16-os-korosztalyban\/#primaryimage\"},\"image\":{\"@id\":\"https:\/\/vasasbasket.hu\/index.php\/serdulo-gyozelem-az-u16-os-korosztalyban\/#primaryimage\"},\"thumbnailUrl\":\"https:\/\/vasasbasket.hu\/wp-content\/uploads\/2019\/12\/IMG_0075-scaled.jpg\",\"datePublished\":\"2019-12-02T15:41:19+00:00\",\"breadcrumb\":{\"@id\":\"https:\/\/vasasbasket.hu\/index.php\/serdulo-gyozelem-az-u16-os-korosztalyban\/#breadcrumb\"},\"inLanguage\":\"hu\",\"potentialAction\":[{\"@type\":\"ReadAction\",\"target\":[\"https:\/\/vasasbasket.hu\/index.php\/serdulo-gyozelem-az-u16-os-korosztalyban\/\"]}]},{\"@type\":\"ImageObject\",\"inLanguage\":\"hu\",\"@id\":\"https:\/\/vasasbasket.hu\/index.php\/serdulo-gyozelem-az-u16-os-korosztalyban\/#primaryimage\",\"url\":\"https:\/\/vasasbasket.hu\/wp-content\/uploads\/2019\/12\/IMG_0075-scaled.jpg\",\"contentUrl\":\"https:\/\/vasasbasket.hu\/wp-content\/uploads\/2019\/12\/IMG_0075-scaled.jpg\",\"width\":2560,\"height\":1920},{\"@type\":\"BreadcrumbList\",\"@id\":\"https:\/\/vasasbasket.hu\/index.php\/serdulo-gyozelem-az-u16-os-korosztalyban\/#breadcrumb\",\"itemListElement\":[{\"@type\":\"ListItem\",\"position\":1,\"name\":\"Kezd\u0151lap\",\"item\":\"https:\/\/vasasbasket.hu\/\"},{\"@type\":\"ListItem\",\"position\":2,\"name\":\"Serd\u00fcl\u0151 gy\u0151zelem az U16-os koroszt\u00e1lyban\"}]},{\"@type\":\"WebSite\",\"@id\":\"https:\/\/vasasbasket.hu\/#website\",\"url\":\"https:\/\/vasasbasket.hu\/\",\"name\":\"Vasas n\u0151i kos\u00e1rlabda\",\"description\":\"Vasas Basket N\u0151i\",\"publisher\":{\"@id\":\"https:\/\/vasasbasket.hu\/#organization\"},\"potentialAction\":[{\"@type\":\"SearchAction\",\"target\":{\"@type\":\"EntryPoint\",\"urlTemplate\":\"https:\/\/vasasbasket.hu\/?s={search_term_string}\"},\"query-input\":{\"@type\":\"PropertyValueSpecification\",\"valueRequired\":true,\"valueName\":\"search_term_string\"}}],\"inLanguage\":\"hu\"},{\"@type\":\"Organization\",\"@id\":\"https:\/\/vasasbasket.hu\/#organization\",\"name\":\"Vasas n\u0151i kos\u00e1rlabda\",\"url\":\"https:\/\/vasasbasket.hu\/\",\"logo\":{\"@type\":\"ImageObject\",\"inLanguage\":\"hu\",\"@id\":\"https:\/\/vasasbasket.hu\/#\/schema\/logo\/image\/\",\"url\":\"https:\/\/vasasbasket.hu\/wp-content\/uploads\/2017\/03\/vasas_cimer_1200.jpg\",\"contentUrl\":\"https:\/\/vasasbasket.hu\/wp-content\/uploads\/2017\/03\/vasas_cimer_1200.jpg\",\"width\":1200,\"height\":1200,\"caption\":\"Vasas n\u0151i kos\u00e1rlabda\"},\"image\":{\"@id\":\"https:\/\/vasasbasket.hu\/#\/schema\/logo\/image\/\"},\"sameAs\":[\"https:\/\/www.facebook.com\/vasaswbasket\/\"]},{\"@type\":\"Person\",\"@id\":\"https:\/\/vasasbasket.hu\/#\/schema\/person\/f1085f4d2c6582d8d0f977e92de2edee\",\"name\":\"admin\",\"image\":{\"@type\":\"ImageObject\",\"inLanguage\":\"hu\",\"@id\":\"https:\/\/vasasbasket.hu\/#\/schema\/person\/image\/\",\"url\":\"https:\/\/secure.gravatar.com\/avatar\/645c92f7d9cfe02bd93ce2d1cfa11cd3a268bdfe65486552ff04b193cea07634?s=96&d=mm&r=g\",\"contentUrl\":\"https:\/\/secure.gravatar.com\/avatar\/645c92f7d9cfe02bd93ce2d1cfa11cd3a268bdfe65486552ff04b193cea07634?s=96&d=mm&r=g\",\"caption\":\"admin\"},\"url\":\"https:\/\/vasasbasket.hu\/index.php\/author\/admin\/\"}]}<\/script>\n<!-- \/ Yoast SEO plugin. -->","yoast_head_json":{"title":"Serd\u00fcl\u0151 gy\u0151zelem az U16-os koroszt\u00e1lyban - Vasas n\u0151i kos\u00e1rlabda","robots":{"index":"index","follow":"follow","max-snippet":"max-snippet:-1","max-image-preview":"max-image-preview:large","max-video-preview":"max-video-preview:-1"},"canonical":"https:\/\/vasasbasket.hu\/index.php\/serdulo-gyozelem-az-u16-os-korosztalyban\/","og_locale":"hu_HU","og_type":"article","og_title":"Serd\u00fcl\u0151 gy\u0151zelem az U16-os koroszt\u00e1lyban - Vasas n\u0151i kos\u00e1rlabda","og_description":"A region\u00e1lis kadett bajnoks\u00e1g \u00fajabb fordul\u00f3j\u00e1ban U14-es csapatunk a Kiss Lenke KA csapat\u00e1t fogadta. Szoros m\u00e9rk\u0151z\u00e9sen v\u00e9g\u00fcl mi \u00f6r\u00fclhett\u00fcnk, a f\u00e9nyk\u00e9p pedig j\u00f3l igazolja, \u00f6r\u00fclni igaz\u00e1n tudunk egy-egy gy\u0151zelemnek. &#8222;Serd\u00fcl\u0151 csapatunk b\u00e1tran \u00e9s remek v\u00e9dekez\u00e9ssel kezdett a Kiss Lenke Akad\u00e9mia kadettjei ellen, \u00e9s v\u00e9gre az els\u0151 perct\u0151l kezdve azt a v\u00e9dekez\u00e9st l\u00e1ttam, amit az elm\u00falt...","og_url":"https:\/\/vasasbasket.hu\/index.php\/serdulo-gyozelem-az-u16-os-korosztalyban\/","og_site_name":"Vasas n\u0151i kos\u00e1rlabda","article_publisher":"https:\/\/www.facebook.com\/vasaswbasket\/","article_published_time":"2019-12-02T15:41:19+00:00","og_image":[{"width":2560,"height":1920,"url":"https:\/\/vasasbasket.hu\/wp-content\/uploads\/2019\/12\/IMG_0075-scaled.jpg","type":"image\/jpeg"}],"author":"admin","twitter_card":"summary_large_image","twitter_misc":{"Szerz\u0151:":"admin","Becs\u00fclt olvas\u00e1si id\u0151":"1 perc"},"schema":{"@context":"https:\/\/schema.org","@graph":[{"@type":"Article","@id":"https:\/\/vasasbasket.hu\/index.php\/serdulo-gyozelem-az-u16-os-korosztalyban\/#article","isPartOf":{"@id":"https:\/\/vasasbasket.hu\/index.php\/serdulo-gyozelem-az-u16-os-korosztalyban\/"},"author":{"name":"admin","@id":"https:\/\/vasasbasket.hu\/#\/schema\/person\/f1085f4d2c6582d8d0f977e92de2edee"},"headline":"Serd\u00fcl\u0151 gy\u0151zelem az U16-os koroszt\u00e1lyban","datePublished":"2019-12-02T15:41:19+00:00","mainEntityOfPage":{"@id":"https:\/\/vasasbasket.hu\/index.php\/serdulo-gyozelem-az-u16-os-korosztalyban\/"},"wordCount":279,"publisher":{"@id":"https:\/\/vasasbasket.hu\/#organization"},"image":{"@id":"https:\/\/vasasbasket.hu\/index.php\/serdulo-gyozelem-az-u16-os-korosztalyban\/#primaryimage"},"thumbnailUrl":"https:\/\/vasasbasket.hu\/wp-content\/uploads\/2019\/12\/IMG_0075-scaled.jpg","articleSection":["Serd\u00fcl\u0151","\u00d6sszes H\u00edr"],"inLanguage":"hu"},{"@type":"WebPage","@id":"https:\/\/vasasbasket.hu\/index.php\/serdulo-gyozelem-az-u16-os-korosztalyban\/","url":"https:\/\/vasasbasket.hu\/index.php\/serdulo-gyozelem-az-u16-os-korosztalyban\/","name":"Serd\u00fcl\u0151 gy\u0151zelem az U16-os koroszt\u00e1lyban - Vasas n\u0151i kos\u00e1rlabda","isPartOf":{"@id":"https:\/\/vasasbasket.hu\/#website"},"primaryImageOfPage":{"@id":"https:\/\/vasasbasket.hu\/index.php\/serdulo-gyozelem-az-u16-os-korosztalyban\/#primaryimage"},"image":{"@id":"https:\/\/vasasbasket.hu\/index.php\/serdulo-gyozelem-az-u16-os-korosztalyban\/#primaryimage"},"thumbnailUrl":"https:\/\/vasasbasket.hu\/wp-content\/uploads\/2019\/12\/IMG_0075-scaled.jpg","datePublished":"2019-12-02T15:41:19+00:00","breadcrumb":{"@id":"https:\/\/vasasbasket.hu\/index.php\/serdulo-gyozelem-az-u16-os-korosztalyban\/#breadcrumb"},"inLanguage":"hu","potentialAction":[{"@type":"ReadAction","target":["https:\/\/vasasbasket.hu\/index.php\/serdulo-gyozelem-az-u16-os-korosztalyban\/"]}]},{"@type":"ImageObject","inLanguage":"hu","@id":"https:\/\/vasasbasket.hu\/index.php\/serdulo-gyozelem-az-u16-os-korosztalyban\/#primaryimage","url":"https:\/\/vasasbasket.hu\/wp-content\/uploads\/2019\/12\/IMG_0075-scaled.jpg","contentUrl":"https:\/\/vasasbasket.hu\/wp-content\/uploads\/2019\/12\/IMG_0075-scaled.jpg","width":2560,"height":1920},{"@type":"BreadcrumbList","@id":"https:\/\/vasasbasket.hu\/index.php\/serdulo-gyozelem-az-u16-os-korosztalyban\/#breadcrumb","itemListElement":[{"@type":"ListItem","position":1,"name":"Kezd\u0151lap","item":"https:\/\/vasasbasket.hu\/"},{"@type":"ListItem","position":2,"name":"Serd\u00fcl\u0151 gy\u0151zelem az U16-os koroszt\u00e1lyban"}]},{"@type":"WebSite","@id":"https:\/\/vasasbasket.hu\/#website","url":"https:\/\/vasasbasket.hu\/","name":"Vasas n\u0151i kos\u00e1rlabda","description":"Vasas Basket N\u0151i","publisher":{"@id":"https:\/\/vasasbasket.hu\/#organization"},"potentialAction":[{"@type":"SearchAction","target":{"@type":"EntryPoint","urlTemplate":"https:\/\/vasasbasket.hu\/?s={search_term_string}"},"query-input":{"@type":"PropertyValueSpecification","valueRequired":true,"valueName":"search_term_string"}}],"inLanguage":"hu"},{"@type":"Organization","@id":"https:\/\/vasasbasket.hu\/#organization","name":"Vasas n\u0151i kos\u00e1rlabda","url":"https:\/\/vasasbasket.hu\/","logo":{"@type":"ImageObject","inLanguage":"hu","@id":"https:\/\/vasasbasket.hu\/#\/schema\/logo\/image\/","url":"https:\/\/vasasbasket.hu\/wp-content\/uploads\/2017\/03\/vasas_cimer_1200.jpg","contentUrl":"https:\/\/vasasbasket.hu\/wp-content\/uploads\/2017\/03\/vasas_cimer_1200.jpg","width":1200,"height":1200,"caption":"Vasas n\u0151i kos\u00e1rlabda"},"image":{"@id":"https:\/\/vasasbasket.hu\/#\/schema\/logo\/image\/"},"sameAs":["https:\/\/www.facebook.com\/vasaswbasket\/"]},{"@type":"Person","@id":"https:\/\/vasasbasket.hu\/#\/schema\/person\/f1085f4d2c6582d8d0f977e92de2edee","name":"admin","image":{"@type":"ImageObject","inLanguage":"hu","@id":"https:\/\/vasasbasket.hu\/#\/schema\/person\/image\/","url":"https:\/\/secure.gravatar.com\/avatar\/645c92f7d9cfe02bd93ce2d1cfa11cd3a268bdfe65486552ff04b193cea07634?s=96&d=mm&r=g","contentUrl":"https:\/\/secure.gravatar.com\/avatar\/645c92f7d9cfe02bd93ce2d1cfa11cd3a268bdfe65486552ff04b193cea07634?s=96&d=mm&r=g","caption":"admin"},"url":"https:\/\/vasasbasket.hu\/index.php\/author\/admin\/"}]}},"_links":{"self":[{"href":"https:\/\/vasasbasket.hu\/index.php\/wp-json\/wp\/v2\/posts\/6439","targetHints":{"allow":["GET"]}}],"collection":[{"href":"https:\/\/vasasbasket.hu\/index.php\/wp-json\/wp\/v2\/posts"}],"about":[{"href":"https:\/\/vasasbasket.hu\/index.php\/wp-json\/wp\/v2\/types\/post"}],"author":[{"embeddable":true,"href":"https:\/\/vasasbasket.hu\/index.php\/wp-json\/wp\/v2\/users\/1"}],"replies":[{"embeddable":true,"href":"https:\/\/vasasbasket.hu\/index.php\/wp-json\/wp\/v2\/comments?post=6439"}],"version-history":[{"count":1,"href":"https:\/\/vasasbasket.hu\/index.php\/wp-json\/wp\/v2\/posts\/6439\/revisions"}],"predecessor-version":[{"id":6441,"href":"https:\/\/vasasbasket.hu\/index.php\/wp-json\/wp\/v2\/posts\/6439\/revisions\/6441"}],"wp:featuredmedia":[{"embeddable":true,"href":"https:\/\/vasasbasket.hu\/index.php\/wp-json\/wp\/v2\/media\/6440"}],"wp:attachment":[{"href":"https:\/\/vasasbasket.hu\/index.php\/wp-json\/wp\/v2\/media?parent=6439"}],"wp:term":[{"taxonomy":"category","embeddable":true,"href":"https:\/\/vasasbasket.hu\/index.php\/wp-json\/wp\/v2\/categories?post=6439"},{"taxonomy":"post_tag","embeddable":true,"href":"https:\/\/vasasbasket.hu\/index.php\/wp-json\/wp\/v2\/tags?post=6439"}],"curies":[{"name":"wp","href":"https:\/\/api.w.org\/{rel}","templated":true}]}}