{"id":6401,"date":"2019-11-25T16:55:02","date_gmt":"2019-11-25T16:55:02","guid":{"rendered":"http:\/\/vasasbasket.hu\/?p=6401"},"modified":"2019-11-25T16:55:02","modified_gmt":"2019-11-25T16:55:02","slug":"edzomeccset-jatszott-gyerek-korosztalyunk","status":"publish","type":"post","link":"https:\/\/vasasbasket.hu\/index.php\/edzomeccset-jatszott-gyerek-korosztalyunk\/","title":{"rendered":"Edz\u0151meccset j\u00e1tszott gyerek koroszt\u00e1lyunk"},"content":{"rendered":"<p><strong>Messzir\u0151l \u00e9rkezett ellenfel\u00fcnk a h\u00e9tv\u00e9gi bar\u00e1ts\u00e1gos m\u00e9rk\u0151z\u00e9sre, a Vasas Akad\u00e9mia U12-es csapata ugyanis a DVTK Akad\u00e9mi\u00e1t fogadta Pasar\u00e9ten.<\/strong><\/p>\n<p><em>&#8222;Minden t\u00e9ren hasznos edz\u0151m\u00e9rk\u0151z\u00e9st j\u00e1tszottunk a Miskolc csapat\u00e1val. J\u00f3l kezdt\u00fck el a meccset, harciasan v\u00e9dekezt\u00fcnk \u00e9s t\u00f6bb k\u00f6nny\u0171 ziccert is siker\u00fclt szerezn\u00fcnk. A m\u00e1sodik negyedben a j\u00e1t\u00e9k egy szinttel feljebb kapcsolt, hiszen a vend\u00e9gek p\u00e1ly\u00e1n l\u00e9v\u0151 \u00f6t\u00f6se gyorsabb j\u00e1t\u00e9kot dikt\u00e1lt, amit nek\u00fcnk eg\u00e9sz sz\u00e9pen siker\u00fclt felvenn\u00fcnk. A m\u00e1sodik f\u00e9lid\u0151ben megmaradt a gyors temp\u00f3 \u00e9s az agressz\u00edv v\u00e9dekez\u00e9s, amiben a l\u00e1nyok a m\u00e9rk\u0151z\u00e9s v\u00e9g\u00e9re elf\u00e1radtak \u00e9s pontatlanul c\u00e9loztunk, ami megl\u00e1tszott az utols\u00f3 negyedben, hiszen csak 3 pontot tudtunk dobni. \u00d6r\u00fcl\u00f6k, hogy nem az eddig megszokott csapatokkal j\u00e1tszottunk, hanem egy teljesen \u00faj, ismeretlen l\u00e1ny csapattal, akik magasabb fokozatra kapcsolva j\u00e1tszottak, a magass\u00e1gi f\u00f6l\u00e9ny\u00fcket j\u00f3l haszn\u00e1lt\u00e1k \u00e9s er\u0151sebbek is voltak n\u00e1lunk. Ennek ellen\u00e9re fel tudtuk venni vel\u00fck a harcot \u00e9s egy nagyon j\u00f3, izgalmas m\u00e9rk\u0151z\u00e9st j\u00e1tszottunk, amib\u0151l mer\u00edteni tudunk a k\u00e9s\u0151bbiekben a fi\u00fa csapatok ellen is!<\/em><br \/>\n<em>B\u00fcszke vagyok a l\u00e1nyokra&#8221;<\/em> &#8211; mondta a csapat edz\u0151je, Ambrus Szandra.<\/p>\n<p><strong>Vasas Akad\u00e9mia &#8211;<\/strong> DVTK Akad\u00e9mia <strong>40-55<\/strong> (10-10, 15+5-17+4, 7-4, 3-20)<br \/>\n<em>Pontszerz\u0151k:<\/em><br \/>\n<strong>Vasas Akad\u00e9mia:<\/strong> Szab\u00f3 Em\u00edlia-P\u00e1cza Blanka 7, Sz\u00edj-Kris\u00e1nszky Zo\u00e9-Mayr Lara-Bori Liza 5, Koll\u00e1r Kata-Galavits Lili 3, K\u00e1rp\u00e1thegyi L\u00e9da-Karli D\u00f3ri 2, Pusk\u00e1s Lili 1, T\u00f3th Frotti-Muszka Zita 0.<\/p>\n","protected":false},"excerpt":{"rendered":"<p>Messzir\u0151l \u00e9rkezett ellenfel\u00fcnk a h\u00e9tv\u00e9gi bar\u00e1ts\u00e1gos m\u00e9rk\u0151z\u00e9sre, a Vasas Akad\u00e9mia U12-es csapata ugyanis a DVTK Akad\u00e9mi\u00e1t fogadta Pasar\u00e9ten. &#8222;Minden t\u00e9ren hasznos edz\u0151m\u00e9rk\u0151z\u00e9st j\u00e1tszottunk a Miskolc csapat\u00e1val. J\u00f3l kezdt\u00fck el a meccset, harciasan v\u00e9dekezt\u00fcnk \u00e9s t\u00f6bb k\u00f6nny\u0171 ziccert is siker\u00fclt szerezn\u00fcnk. A m\u00e1sodik negyedben a j\u00e1t\u00e9k egy szinttel feljebb kapcsolt, hiszen a vend\u00e9gek p\u00e1ly\u00e1n l\u00e9v\u0151 \u00f6t\u00f6se&#8230;<\/p>\n","protected":false},"author":1,"featured_media":6402,"comment_status":"closed","ping_status":"open","sticky":false,"template":"","format":"standard","meta":{"footnotes":""},"categories":[73,92],"tags":[],"class_list":["post-6401","post","type-post","status-publish","format-standard","has-post-thumbnail","hentry","category-gyerek","category-hirek"],"yoast_head":"<!-- This site is optimized with the Yoast SEO plugin v26.0 - https:\/\/yoast.com\/wordpress\/plugins\/seo\/ -->\n<title>Edz\u0151meccset j\u00e1tszott gyerek koroszt\u00e1lyunk - Vasas n\u0151i kos\u00e1rlabda<\/title>\n<meta name=\"robots\" content=\"index, follow, max-snippet:-1, max-image-preview:large, max-video-preview:-1\" \/>\n<link rel=\"canonical\" href=\"https:\/\/vasasbasket.hu\/index.php\/edzomeccset-jatszott-gyerek-korosztalyunk\/\" \/>\n<meta property=\"og:locale\" content=\"hu_HU\" \/>\n<meta property=\"og:type\" content=\"article\" \/>\n<meta property=\"og:title\" content=\"Edz\u0151meccset j\u00e1tszott gyerek koroszt\u00e1lyunk - Vasas n\u0151i kos\u00e1rlabda\" \/>\n<meta property=\"og:description\" content=\"Messzir\u0151l \u00e9rkezett ellenfel\u00fcnk a h\u00e9tv\u00e9gi bar\u00e1ts\u00e1gos m\u00e9rk\u0151z\u00e9sre, a Vasas Akad\u00e9mia U12-es csapata ugyanis a DVTK Akad\u00e9mi\u00e1t fogadta Pasar\u00e9ten. &#8222;Minden t\u00e9ren hasznos edz\u0151m\u00e9rk\u0151z\u00e9st j\u00e1tszottunk a Miskolc csapat\u00e1val. J\u00f3l kezdt\u00fck el a meccset, harciasan v\u00e9dekezt\u00fcnk \u00e9s t\u00f6bb k\u00f6nny\u0171 ziccert is siker\u00fclt szerezn\u00fcnk. A m\u00e1sodik negyedben a j\u00e1t\u00e9k egy szinttel feljebb kapcsolt, hiszen a vend\u00e9gek p\u00e1ly\u00e1n l\u00e9v\u0151 \u00f6t\u00f6se...\" \/>\n<meta property=\"og:url\" content=\"https:\/\/vasasbasket.hu\/index.php\/edzomeccset-jatszott-gyerek-korosztalyunk\/\" \/>\n<meta property=\"og:site_name\" content=\"Vasas n\u0151i kos\u00e1rlabda\" \/>\n<meta property=\"article:publisher\" content=\"https:\/\/www.facebook.com\/vasaswbasket\/\" \/>\n<meta property=\"article:published_time\" content=\"2019-11-25T16:55:02+00:00\" \/>\n<meta property=\"og:image\" content=\"https:\/\/vasasbasket.hu\/wp-content\/uploads\/2019\/11\/IMG_3167-scaled.jpeg\" \/>\n\t<meta property=\"og:image:width\" content=\"2560\" \/>\n\t<meta property=\"og:image:height\" content=\"1920\" \/>\n\t<meta property=\"og:image:type\" content=\"image\/jpeg\" \/>\n<meta name=\"author\" content=\"admin\" \/>\n<meta name=\"twitter:card\" content=\"summary_large_image\" \/>\n<meta name=\"twitter:label1\" content=\"Szerz\u0151:\" \/>\n\t<meta name=\"twitter:data1\" content=\"admin\" \/>\n\t<meta name=\"twitter:label2\" content=\"Becs\u00fclt olvas\u00e1si id\u0151\" \/>\n\t<meta name=\"twitter:data2\" content=\"1 perc\" \/>\n<script type=\"application\/ld+json\" class=\"yoast-schema-graph\">{\"@context\":\"https:\/\/schema.org\",\"@graph\":[{\"@type\":\"Article\",\"@id\":\"https:\/\/vasasbasket.hu\/index.php\/edzomeccset-jatszott-gyerek-korosztalyunk\/#article\",\"isPartOf\":{\"@id\":\"https:\/\/vasasbasket.hu\/index.php\/edzomeccset-jatszott-gyerek-korosztalyunk\/\"},\"author\":{\"name\":\"admin\",\"@id\":\"https:\/\/vasasbasket.hu\/#\/schema\/person\/f1085f4d2c6582d8d0f977e92de2edee\"},\"headline\":\"Edz\u0151meccset j\u00e1tszott gyerek koroszt\u00e1lyunk\",\"datePublished\":\"2019-11-25T16:55:02+00:00\",\"mainEntityOfPage\":{\"@id\":\"https:\/\/vasasbasket.hu\/index.php\/edzomeccset-jatszott-gyerek-korosztalyunk\/\"},\"wordCount\":302,\"publisher\":{\"@id\":\"https:\/\/vasasbasket.hu\/#organization\"},\"image\":{\"@id\":\"https:\/\/vasasbasket.hu\/index.php\/edzomeccset-jatszott-gyerek-korosztalyunk\/#primaryimage\"},\"thumbnailUrl\":\"https:\/\/vasasbasket.hu\/wp-content\/uploads\/2019\/11\/IMG_3167-scaled.jpeg\",\"articleSection\":[\"Gyerek\",\"\u00d6sszes H\u00edr\"],\"inLanguage\":\"hu\"},{\"@type\":\"WebPage\",\"@id\":\"https:\/\/vasasbasket.hu\/index.php\/edzomeccset-jatszott-gyerek-korosztalyunk\/\",\"url\":\"https:\/\/vasasbasket.hu\/index.php\/edzomeccset-jatszott-gyerek-korosztalyunk\/\",\"name\":\"Edz\u0151meccset j\u00e1tszott gyerek koroszt\u00e1lyunk - Vasas n\u0151i kos\u00e1rlabda\",\"isPartOf\":{\"@id\":\"https:\/\/vasasbasket.hu\/#website\"},\"primaryImageOfPage\":{\"@id\":\"https:\/\/vasasbasket.hu\/index.php\/edzomeccset-jatszott-gyerek-korosztalyunk\/#primaryimage\"},\"image\":{\"@id\":\"https:\/\/vasasbasket.hu\/index.php\/edzomeccset-jatszott-gyerek-korosztalyunk\/#primaryimage\"},\"thumbnailUrl\":\"https:\/\/vasasbasket.hu\/wp-content\/uploads\/2019\/11\/IMG_3167-scaled.jpeg\",\"datePublished\":\"2019-11-25T16:55:02+00:00\",\"breadcrumb\":{\"@id\":\"https:\/\/vasasbasket.hu\/index.php\/edzomeccset-jatszott-gyerek-korosztalyunk\/#breadcrumb\"},\"inLanguage\":\"hu\",\"potentialAction\":[{\"@type\":\"ReadAction\",\"target\":[\"https:\/\/vasasbasket.hu\/index.php\/edzomeccset-jatszott-gyerek-korosztalyunk\/\"]}]},{\"@type\":\"ImageObject\",\"inLanguage\":\"hu\",\"@id\":\"https:\/\/vasasbasket.hu\/index.php\/edzomeccset-jatszott-gyerek-korosztalyunk\/#primaryimage\",\"url\":\"https:\/\/vasasbasket.hu\/wp-content\/uploads\/2019\/11\/IMG_3167-scaled.jpeg\",\"contentUrl\":\"https:\/\/vasasbasket.hu\/wp-content\/uploads\/2019\/11\/IMG_3167-scaled.jpeg\",\"width\":2560,\"height\":1920},{\"@type\":\"BreadcrumbList\",\"@id\":\"https:\/\/vasasbasket.hu\/index.php\/edzomeccset-jatszott-gyerek-korosztalyunk\/#breadcrumb\",\"itemListElement\":[{\"@type\":\"ListItem\",\"position\":1,\"name\":\"Kezd\u0151lap\",\"item\":\"https:\/\/vasasbasket.hu\/\"},{\"@type\":\"ListItem\",\"position\":2,\"name\":\"Edz\u0151meccset j\u00e1tszott gyerek koroszt\u00e1lyunk\"}]},{\"@type\":\"WebSite\",\"@id\":\"https:\/\/vasasbasket.hu\/#website\",\"url\":\"https:\/\/vasasbasket.hu\/\",\"name\":\"Vasas n\u0151i kos\u00e1rlabda\",\"description\":\"Vasas Basket N\u0151i\",\"publisher\":{\"@id\":\"https:\/\/vasasbasket.hu\/#organization\"},\"potentialAction\":[{\"@type\":\"SearchAction\",\"target\":{\"@type\":\"EntryPoint\",\"urlTemplate\":\"https:\/\/vasasbasket.hu\/?s={search_term_string}\"},\"query-input\":{\"@type\":\"PropertyValueSpecification\",\"valueRequired\":true,\"valueName\":\"search_term_string\"}}],\"inLanguage\":\"hu\"},{\"@type\":\"Organization\",\"@id\":\"https:\/\/vasasbasket.hu\/#organization\",\"name\":\"Vasas n\u0151i kos\u00e1rlabda\",\"url\":\"https:\/\/vasasbasket.hu\/\",\"logo\":{\"@type\":\"ImageObject\",\"inLanguage\":\"hu\",\"@id\":\"https:\/\/vasasbasket.hu\/#\/schema\/logo\/image\/\",\"url\":\"https:\/\/vasasbasket.hu\/wp-content\/uploads\/2017\/03\/vasas_cimer_1200.jpg\",\"contentUrl\":\"https:\/\/vasasbasket.hu\/wp-content\/uploads\/2017\/03\/vasas_cimer_1200.jpg\",\"width\":1200,\"height\":1200,\"caption\":\"Vasas n\u0151i kos\u00e1rlabda\"},\"image\":{\"@id\":\"https:\/\/vasasbasket.hu\/#\/schema\/logo\/image\/\"},\"sameAs\":[\"https:\/\/www.facebook.com\/vasaswbasket\/\"]},{\"@type\":\"Person\",\"@id\":\"https:\/\/vasasbasket.hu\/#\/schema\/person\/f1085f4d2c6582d8d0f977e92de2edee\",\"name\":\"admin\",\"image\":{\"@type\":\"ImageObject\",\"inLanguage\":\"hu\",\"@id\":\"https:\/\/vasasbasket.hu\/#\/schema\/person\/image\/\",\"url\":\"https:\/\/secure.gravatar.com\/avatar\/645c92f7d9cfe02bd93ce2d1cfa11cd3a268bdfe65486552ff04b193cea07634?s=96&d=mm&r=g\",\"contentUrl\":\"https:\/\/secure.gravatar.com\/avatar\/645c92f7d9cfe02bd93ce2d1cfa11cd3a268bdfe65486552ff04b193cea07634?s=96&d=mm&r=g\",\"caption\":\"admin\"},\"url\":\"https:\/\/vasasbasket.hu\/index.php\/author\/admin\/\"}]}<\/script>\n<!-- \/ Yoast SEO plugin. -->","yoast_head_json":{"title":"Edz\u0151meccset j\u00e1tszott gyerek koroszt\u00e1lyunk - Vasas n\u0151i kos\u00e1rlabda","robots":{"index":"index","follow":"follow","max-snippet":"max-snippet:-1","max-image-preview":"max-image-preview:large","max-video-preview":"max-video-preview:-1"},"canonical":"https:\/\/vasasbasket.hu\/index.php\/edzomeccset-jatszott-gyerek-korosztalyunk\/","og_locale":"hu_HU","og_type":"article","og_title":"Edz\u0151meccset j\u00e1tszott gyerek koroszt\u00e1lyunk - Vasas n\u0151i kos\u00e1rlabda","og_description":"Messzir\u0151l \u00e9rkezett ellenfel\u00fcnk a h\u00e9tv\u00e9gi bar\u00e1ts\u00e1gos m\u00e9rk\u0151z\u00e9sre, a Vasas Akad\u00e9mia U12-es csapata ugyanis a DVTK Akad\u00e9mi\u00e1t fogadta Pasar\u00e9ten. &#8222;Minden t\u00e9ren hasznos edz\u0151m\u00e9rk\u0151z\u00e9st j\u00e1tszottunk a Miskolc csapat\u00e1val. J\u00f3l kezdt\u00fck el a meccset, harciasan v\u00e9dekezt\u00fcnk \u00e9s t\u00f6bb k\u00f6nny\u0171 ziccert is siker\u00fclt szerezn\u00fcnk. A m\u00e1sodik negyedben a j\u00e1t\u00e9k egy szinttel feljebb kapcsolt, hiszen a vend\u00e9gek p\u00e1ly\u00e1n l\u00e9v\u0151 \u00f6t\u00f6se...","og_url":"https:\/\/vasasbasket.hu\/index.php\/edzomeccset-jatszott-gyerek-korosztalyunk\/","og_site_name":"Vasas n\u0151i kos\u00e1rlabda","article_publisher":"https:\/\/www.facebook.com\/vasaswbasket\/","article_published_time":"2019-11-25T16:55:02+00:00","og_image":[{"width":2560,"height":1920,"url":"https:\/\/vasasbasket.hu\/wp-content\/uploads\/2019\/11\/IMG_3167-scaled.jpeg","type":"image\/jpeg"}],"author":"admin","twitter_card":"summary_large_image","twitter_misc":{"Szerz\u0151:":"admin","Becs\u00fclt olvas\u00e1si id\u0151":"1 perc"},"schema":{"@context":"https:\/\/schema.org","@graph":[{"@type":"Article","@id":"https:\/\/vasasbasket.hu\/index.php\/edzomeccset-jatszott-gyerek-korosztalyunk\/#article","isPartOf":{"@id":"https:\/\/vasasbasket.hu\/index.php\/edzomeccset-jatszott-gyerek-korosztalyunk\/"},"author":{"name":"admin","@id":"https:\/\/vasasbasket.hu\/#\/schema\/person\/f1085f4d2c6582d8d0f977e92de2edee"},"headline":"Edz\u0151meccset j\u00e1tszott gyerek koroszt\u00e1lyunk","datePublished":"2019-11-25T16:55:02+00:00","mainEntityOfPage":{"@id":"https:\/\/vasasbasket.hu\/index.php\/edzomeccset-jatszott-gyerek-korosztalyunk\/"},"wordCount":302,"publisher":{"@id":"https:\/\/vasasbasket.hu\/#organization"},"image":{"@id":"https:\/\/vasasbasket.hu\/index.php\/edzomeccset-jatszott-gyerek-korosztalyunk\/#primaryimage"},"thumbnailUrl":"https:\/\/vasasbasket.hu\/wp-content\/uploads\/2019\/11\/IMG_3167-scaled.jpeg","articleSection":["Gyerek","\u00d6sszes H\u00edr"],"inLanguage":"hu"},{"@type":"WebPage","@id":"https:\/\/vasasbasket.hu\/index.php\/edzomeccset-jatszott-gyerek-korosztalyunk\/","url":"https:\/\/vasasbasket.hu\/index.php\/edzomeccset-jatszott-gyerek-korosztalyunk\/","name":"Edz\u0151meccset j\u00e1tszott gyerek koroszt\u00e1lyunk - Vasas n\u0151i kos\u00e1rlabda","isPartOf":{"@id":"https:\/\/vasasbasket.hu\/#website"},"primaryImageOfPage":{"@id":"https:\/\/vasasbasket.hu\/index.php\/edzomeccset-jatszott-gyerek-korosztalyunk\/#primaryimage"},"image":{"@id":"https:\/\/vasasbasket.hu\/index.php\/edzomeccset-jatszott-gyerek-korosztalyunk\/#primaryimage"},"thumbnailUrl":"https:\/\/vasasbasket.hu\/wp-content\/uploads\/2019\/11\/IMG_3167-scaled.jpeg","datePublished":"2019-11-25T16:55:02+00:00","breadcrumb":{"@id":"https:\/\/vasasbasket.hu\/index.php\/edzomeccset-jatszott-gyerek-korosztalyunk\/#breadcrumb"},"inLanguage":"hu","potentialAction":[{"@type":"ReadAction","target":["https:\/\/vasasbasket.hu\/index.php\/edzomeccset-jatszott-gyerek-korosztalyunk\/"]}]},{"@type":"ImageObject","inLanguage":"hu","@id":"https:\/\/vasasbasket.hu\/index.php\/edzomeccset-jatszott-gyerek-korosztalyunk\/#primaryimage","url":"https:\/\/vasasbasket.hu\/wp-content\/uploads\/2019\/11\/IMG_3167-scaled.jpeg","contentUrl":"https:\/\/vasasbasket.hu\/wp-content\/uploads\/2019\/11\/IMG_3167-scaled.jpeg","width":2560,"height":1920},{"@type":"BreadcrumbList","@id":"https:\/\/vasasbasket.hu\/index.php\/edzomeccset-jatszott-gyerek-korosztalyunk\/#breadcrumb","itemListElement":[{"@type":"ListItem","position":1,"name":"Kezd\u0151lap","item":"https:\/\/vasasbasket.hu\/"},{"@type":"ListItem","position":2,"name":"Edz\u0151meccset j\u00e1tszott gyerek koroszt\u00e1lyunk"}]},{"@type":"WebSite","@id":"https:\/\/vasasbasket.hu\/#website","url":"https:\/\/vasasbasket.hu\/","name":"Vasas n\u0151i kos\u00e1rlabda","description":"Vasas Basket N\u0151i","publisher":{"@id":"https:\/\/vasasbasket.hu\/#organization"},"potentialAction":[{"@type":"SearchAction","target":{"@type":"EntryPoint","urlTemplate":"https:\/\/vasasbasket.hu\/?s={search_term_string}"},"query-input":{"@type":"PropertyValueSpecification","valueRequired":true,"valueName":"search_term_string"}}],"inLanguage":"hu"},{"@type":"Organization","@id":"https:\/\/vasasbasket.hu\/#organization","name":"Vasas n\u0151i kos\u00e1rlabda","url":"https:\/\/vasasbasket.hu\/","logo":{"@type":"ImageObject","inLanguage":"hu","@id":"https:\/\/vasasbasket.hu\/#\/schema\/logo\/image\/","url":"https:\/\/vasasbasket.hu\/wp-content\/uploads\/2017\/03\/vasas_cimer_1200.jpg","contentUrl":"https:\/\/vasasbasket.hu\/wp-content\/uploads\/2017\/03\/vasas_cimer_1200.jpg","width":1200,"height":1200,"caption":"Vasas n\u0151i kos\u00e1rlabda"},"image":{"@id":"https:\/\/vasasbasket.hu\/#\/schema\/logo\/image\/"},"sameAs":["https:\/\/www.facebook.com\/vasaswbasket\/"]},{"@type":"Person","@id":"https:\/\/vasasbasket.hu\/#\/schema\/person\/f1085f4d2c6582d8d0f977e92de2edee","name":"admin","image":{"@type":"ImageObject","inLanguage":"hu","@id":"https:\/\/vasasbasket.hu\/#\/schema\/person\/image\/","url":"https:\/\/secure.gravatar.com\/avatar\/645c92f7d9cfe02bd93ce2d1cfa11cd3a268bdfe65486552ff04b193cea07634?s=96&d=mm&r=g","contentUrl":"https:\/\/secure.gravatar.com\/avatar\/645c92f7d9cfe02bd93ce2d1cfa11cd3a268bdfe65486552ff04b193cea07634?s=96&d=mm&r=g","caption":"admin"},"url":"https:\/\/vasasbasket.hu\/index.php\/author\/admin\/"}]}},"_links":{"self":[{"href":"https:\/\/vasasbasket.hu\/index.php\/wp-json\/wp\/v2\/posts\/6401","targetHints":{"allow":["GET"]}}],"collection":[{"href":"https:\/\/vasasbasket.hu\/index.php\/wp-json\/wp\/v2\/posts"}],"about":[{"href":"https:\/\/vasasbasket.hu\/index.php\/wp-json\/wp\/v2\/types\/post"}],"author":[{"embeddable":true,"href":"https:\/\/vasasbasket.hu\/index.php\/wp-json\/wp\/v2\/users\/1"}],"replies":[{"embeddable":true,"href":"https:\/\/vasasbasket.hu\/index.php\/wp-json\/wp\/v2\/comments?post=6401"}],"version-history":[{"count":1,"href":"https:\/\/vasasbasket.hu\/index.php\/wp-json\/wp\/v2\/posts\/6401\/revisions"}],"predecessor-version":[{"id":6403,"href":"https:\/\/vasasbasket.hu\/index.php\/wp-json\/wp\/v2\/posts\/6401\/revisions\/6403"}],"wp:featuredmedia":[{"embeddable":true,"href":"https:\/\/vasasbasket.hu\/index.php\/wp-json\/wp\/v2\/media\/6402"}],"wp:attachment":[{"href":"https:\/\/vasasbasket.hu\/index.php\/wp-json\/wp\/v2\/media?parent=6401"}],"wp:term":[{"taxonomy":"category","embeddable":true,"href":"https:\/\/vasasbasket.hu\/index.php\/wp-json\/wp\/v2\/categories?post=6401"},{"taxonomy":"post_tag","embeddable":true,"href":"https:\/\/vasasbasket.hu\/index.php\/wp-json\/wp\/v2\/tags?post=6401"}],"curies":[{"name":"wp","href":"https:\/\/api.w.org\/{rel}","templated":true}]}}