{"id":6371,"date":"2019-11-18T16:04:11","date_gmt":"2019-11-18T16:04:11","guid":{"rendered":"http:\/\/vasasbasket.hu\/?p=6371"},"modified":"2019-11-18T16:04:11","modified_gmt":"2019-11-18T16:04:11","slug":"tul-nagy-falat-jott-szembe-a-hepp-kupaban","status":"publish","type":"post","link":"https:\/\/vasasbasket.hu\/index.php\/tul-nagy-falat-jott-szembe-a-hepp-kupaban\/","title":{"rendered":"T\u00fal nagy falat j\u00f6tt szembe a Hepp Kup\u00e1ban"},"content":{"rendered":"<p><strong>A Hepp Kupa m\u00e1sodik fordul\u00f3j\u00e1ban a Vasas Akad\u00e9mia a MAFC otthon\u00e1ba l\u00e1togatott, ahol egy rutinos ellenf\u00e9llel kellett farkasszemet n\u00e9zn\u00fcnk.<\/strong><\/p>\n<p><em>&#8222;Egy rutinos csapat ellen j\u00e1tszottunk, ami m\u00e1r a m\u00e9rk\u0151z\u00e9s elej\u00e9n l\u00e1that\u00f3 volt. Pontosabban \u00e9s agressz\u00edvabban j\u00e1tszott ellenfel\u00fcnk, nek\u00fcnk pedig id\u0151be telt, mire megtal\u00e1ltuk a megfelel\u0151 fel\u00e1ll\u00e1st a MAFC ellen. Nem ny\u00fajtottunk minden percben maximumot, \u00e9s igencsak meglepett, hogy ennyire kev\u00e9s gyorsind\u00edt\u00e1sunk volt. A m\u00e1sodik f\u00e9lid\u0151ben z\u00f3nav\u00e9dekez\u00e9ssel tudtuk meg\u00e1ll\u00edtani az ellenfelet, azonban t\u00e1mad\u00e1sban tov\u00e1bbra sem tudtunk k\u00f6zelebb ker\u00fclni ellenfel\u00fcnkh\u00f6z, ami veres\u00e9ghez vezetett. \u00dagy gondolom, sokat tanulhatunk ebb\u0151l a meccsb\u0151l is. Szeretn\u00e9m megdics\u00e9rni Kun Rit\u00e1t (23 IBM, 11 pont, 15 lepattan\u00f3), aki nagyot k\u00fczd\u00f6tt ezen a m\u00e9rk\u0151z\u00e9sen&#8221;<\/em> &#8211; mondta a csapat edz\u0151je, Igor Skocovski.<\/p>\n<p>MAFC<strong> &#8211; Vasas Akad\u00e9mia 73-51<\/strong> (19-11, 17-16, 24-11, 13-13)<br \/>\n<em>Pontszerz\u0151k:<br \/>\n<\/em><strong>MAFC:<\/strong> V\u00e1gv\u00f6lgyi F., Sz\u00e1bo V. 18, Munte\u00e1n L. 6,Horv\u00e1th E. 14, Horv\u00e1th A. 6. Tarnai K. 6 Aradi Zsanett. 18, Rozsics L. 5, Kovacs K., Hercze Sz 2<br \/>\n<strong>Vasas Akad\u00e9mia\/A:<\/strong> V\u00edgh B. 5, D\u00fal T. 4, Sikl\u00f3s D. 7, Altmann A. 5, Kuncz P. (Pepe) 2, L\u0151rinczy P. 5, Nagy L. 4, Kun R. 11, Szer\u00e9my V. 3, Kuncz P. 7,<\/p>\n","protected":false},"excerpt":{"rendered":"<p>A Hepp Kupa m\u00e1sodik fordul\u00f3j\u00e1ban a Vasas Akad\u00e9mia a MAFC otthon\u00e1ba l\u00e1togatott, ahol egy rutinos ellenf\u00e9llel kellett farkasszemet n\u00e9zn\u00fcnk. &#8222;Egy rutinos csapat ellen j\u00e1tszottunk, ami m\u00e1r a m\u00e9rk\u0151z\u00e9s elej\u00e9n l\u00e1that\u00f3 volt. Pontosabban \u00e9s agressz\u00edvabban j\u00e1tszott ellenfel\u00fcnk, nek\u00fcnk pedig id\u0151be telt, mire megtal\u00e1ltuk a megfelel\u0151 fel\u00e1ll\u00e1st a MAFC ellen. Nem ny\u00fajtottunk minden percben maximumot, \u00e9s igencsak&#8230;<\/p>\n","protected":false},"author":1,"featured_media":5996,"comment_status":"closed","ping_status":"open","sticky":false,"template":"","format":"standard","meta":{"footnotes":""},"categories":[50,92],"tags":[],"class_list":["post-6371","post","type-post","status-publish","format-standard","has-post-thumbnail","hentry","category-junior","category-hirek"],"yoast_head":"<!-- This site is optimized with the Yoast SEO plugin v26.0 - https:\/\/yoast.com\/wordpress\/plugins\/seo\/ -->\n<title>T\u00fal nagy falat j\u00f6tt szembe a Hepp Kup\u00e1ban - Vasas n\u0151i kos\u00e1rlabda<\/title>\n<meta name=\"robots\" content=\"index, follow, max-snippet:-1, max-image-preview:large, max-video-preview:-1\" \/>\n<link rel=\"canonical\" href=\"https:\/\/vasasbasket.hu\/index.php\/tul-nagy-falat-jott-szembe-a-hepp-kupaban\/\" \/>\n<meta property=\"og:locale\" content=\"hu_HU\" \/>\n<meta property=\"og:type\" content=\"article\" \/>\n<meta property=\"og:title\" content=\"T\u00fal nagy falat j\u00f6tt szembe a Hepp Kup\u00e1ban - Vasas n\u0151i kos\u00e1rlabda\" \/>\n<meta property=\"og:description\" content=\"A Hepp Kupa m\u00e1sodik fordul\u00f3j\u00e1ban a Vasas Akad\u00e9mia a MAFC otthon\u00e1ba l\u00e1togatott, ahol egy rutinos ellenf\u00e9llel kellett farkasszemet n\u00e9zn\u00fcnk. &#8222;Egy rutinos csapat ellen j\u00e1tszottunk, ami m\u00e1r a m\u00e9rk\u0151z\u00e9s elej\u00e9n l\u00e1that\u00f3 volt. Pontosabban \u00e9s agressz\u00edvabban j\u00e1tszott ellenfel\u00fcnk, nek\u00fcnk pedig id\u0151be telt, mire megtal\u00e1ltuk a megfelel\u0151 fel\u00e1ll\u00e1st a MAFC ellen. Nem ny\u00fajtottunk minden percben maximumot, \u00e9s igencsak...\" \/>\n<meta property=\"og:url\" content=\"https:\/\/vasasbasket.hu\/index.php\/tul-nagy-falat-jott-szembe-a-hepp-kupaban\/\" \/>\n<meta property=\"og:site_name\" content=\"Vasas n\u0151i kos\u00e1rlabda\" \/>\n<meta property=\"article:publisher\" content=\"https:\/\/www.facebook.com\/vasaswbasket\/\" \/>\n<meta property=\"article:published_time\" content=\"2019-11-18T16:04:11+00:00\" \/>\n<meta property=\"og:image\" content=\"https:\/\/vasasbasket.hu\/wp-content\/uploads\/2019\/09\/IMG_6867.jpg\" \/>\n\t<meta property=\"og:image:width\" content=\"1500\" \/>\n\t<meta property=\"og:image:height\" content=\"1000\" \/>\n\t<meta property=\"og:image:type\" content=\"image\/jpeg\" \/>\n<meta name=\"author\" content=\"admin\" \/>\n<meta name=\"twitter:card\" content=\"summary_large_image\" \/>\n<meta name=\"twitter:label1\" content=\"Szerz\u0151:\" \/>\n\t<meta name=\"twitter:data1\" content=\"admin\" \/>\n\t<meta name=\"twitter:label2\" content=\"Becs\u00fclt olvas\u00e1si id\u0151\" \/>\n\t<meta name=\"twitter:data2\" content=\"1 perc\" \/>\n<script type=\"application\/ld+json\" class=\"yoast-schema-graph\">{\"@context\":\"https:\/\/schema.org\",\"@graph\":[{\"@type\":\"Article\",\"@id\":\"https:\/\/vasasbasket.hu\/index.php\/tul-nagy-falat-jott-szembe-a-hepp-kupaban\/#article\",\"isPartOf\":{\"@id\":\"https:\/\/vasasbasket.hu\/index.php\/tul-nagy-falat-jott-szembe-a-hepp-kupaban\/\"},\"author\":{\"name\":\"admin\",\"@id\":\"https:\/\/vasasbasket.hu\/#\/schema\/person\/f1085f4d2c6582d8d0f977e92de2edee\"},\"headline\":\"T\u00fal nagy falat j\u00f6tt szembe a Hepp Kup\u00e1ban\",\"datePublished\":\"2019-11-18T16:04:11+00:00\",\"mainEntityOfPage\":{\"@id\":\"https:\/\/vasasbasket.hu\/index.php\/tul-nagy-falat-jott-szembe-a-hepp-kupaban\/\"},\"wordCount\":243,\"publisher\":{\"@id\":\"https:\/\/vasasbasket.hu\/#organization\"},\"image\":{\"@id\":\"https:\/\/vasasbasket.hu\/index.php\/tul-nagy-falat-jott-szembe-a-hepp-kupaban\/#primaryimage\"},\"thumbnailUrl\":\"https:\/\/vasasbasket.hu\/wp-content\/uploads\/2019\/09\/IMG_6867.jpg\",\"articleSection\":[\"Junior\",\"\u00d6sszes H\u00edr\"],\"inLanguage\":\"hu\"},{\"@type\":\"WebPage\",\"@id\":\"https:\/\/vasasbasket.hu\/index.php\/tul-nagy-falat-jott-szembe-a-hepp-kupaban\/\",\"url\":\"https:\/\/vasasbasket.hu\/index.php\/tul-nagy-falat-jott-szembe-a-hepp-kupaban\/\",\"name\":\"T\u00fal nagy falat j\u00f6tt szembe a Hepp Kup\u00e1ban - Vasas n\u0151i kos\u00e1rlabda\",\"isPartOf\":{\"@id\":\"https:\/\/vasasbasket.hu\/#website\"},\"primaryImageOfPage\":{\"@id\":\"https:\/\/vasasbasket.hu\/index.php\/tul-nagy-falat-jott-szembe-a-hepp-kupaban\/#primaryimage\"},\"image\":{\"@id\":\"https:\/\/vasasbasket.hu\/index.php\/tul-nagy-falat-jott-szembe-a-hepp-kupaban\/#primaryimage\"},\"thumbnailUrl\":\"https:\/\/vasasbasket.hu\/wp-content\/uploads\/2019\/09\/IMG_6867.jpg\",\"datePublished\":\"2019-11-18T16:04:11+00:00\",\"breadcrumb\":{\"@id\":\"https:\/\/vasasbasket.hu\/index.php\/tul-nagy-falat-jott-szembe-a-hepp-kupaban\/#breadcrumb\"},\"inLanguage\":\"hu\",\"potentialAction\":[{\"@type\":\"ReadAction\",\"target\":[\"https:\/\/vasasbasket.hu\/index.php\/tul-nagy-falat-jott-szembe-a-hepp-kupaban\/\"]}]},{\"@type\":\"ImageObject\",\"inLanguage\":\"hu\",\"@id\":\"https:\/\/vasasbasket.hu\/index.php\/tul-nagy-falat-jott-szembe-a-hepp-kupaban\/#primaryimage\",\"url\":\"https:\/\/vasasbasket.hu\/wp-content\/uploads\/2019\/09\/IMG_6867.jpg\",\"contentUrl\":\"https:\/\/vasasbasket.hu\/wp-content\/uploads\/2019\/09\/IMG_6867.jpg\",\"width\":1500,\"height\":1000},{\"@type\":\"BreadcrumbList\",\"@id\":\"https:\/\/vasasbasket.hu\/index.php\/tul-nagy-falat-jott-szembe-a-hepp-kupaban\/#breadcrumb\",\"itemListElement\":[{\"@type\":\"ListItem\",\"position\":1,\"name\":\"Kezd\u0151lap\",\"item\":\"https:\/\/vasasbasket.hu\/\"},{\"@type\":\"ListItem\",\"position\":2,\"name\":\"T\u00fal nagy falat j\u00f6tt szembe a Hepp Kup\u00e1ban\"}]},{\"@type\":\"WebSite\",\"@id\":\"https:\/\/vasasbasket.hu\/#website\",\"url\":\"https:\/\/vasasbasket.hu\/\",\"name\":\"Vasas n\u0151i kos\u00e1rlabda\",\"description\":\"Vasas Basket N\u0151i\",\"publisher\":{\"@id\":\"https:\/\/vasasbasket.hu\/#organization\"},\"potentialAction\":[{\"@type\":\"SearchAction\",\"target\":{\"@type\":\"EntryPoint\",\"urlTemplate\":\"https:\/\/vasasbasket.hu\/?s={search_term_string}\"},\"query-input\":{\"@type\":\"PropertyValueSpecification\",\"valueRequired\":true,\"valueName\":\"search_term_string\"}}],\"inLanguage\":\"hu\"},{\"@type\":\"Organization\",\"@id\":\"https:\/\/vasasbasket.hu\/#organization\",\"name\":\"Vasas n\u0151i kos\u00e1rlabda\",\"url\":\"https:\/\/vasasbasket.hu\/\",\"logo\":{\"@type\":\"ImageObject\",\"inLanguage\":\"hu\",\"@id\":\"https:\/\/vasasbasket.hu\/#\/schema\/logo\/image\/\",\"url\":\"https:\/\/vasasbasket.hu\/wp-content\/uploads\/2017\/03\/vasas_cimer_1200.jpg\",\"contentUrl\":\"https:\/\/vasasbasket.hu\/wp-content\/uploads\/2017\/03\/vasas_cimer_1200.jpg\",\"width\":1200,\"height\":1200,\"caption\":\"Vasas n\u0151i kos\u00e1rlabda\"},\"image\":{\"@id\":\"https:\/\/vasasbasket.hu\/#\/schema\/logo\/image\/\"},\"sameAs\":[\"https:\/\/www.facebook.com\/vasaswbasket\/\"]},{\"@type\":\"Person\",\"@id\":\"https:\/\/vasasbasket.hu\/#\/schema\/person\/f1085f4d2c6582d8d0f977e92de2edee\",\"name\":\"admin\",\"image\":{\"@type\":\"ImageObject\",\"inLanguage\":\"hu\",\"@id\":\"https:\/\/vasasbasket.hu\/#\/schema\/person\/image\/\",\"url\":\"https:\/\/secure.gravatar.com\/avatar\/645c92f7d9cfe02bd93ce2d1cfa11cd3a268bdfe65486552ff04b193cea07634?s=96&d=mm&r=g\",\"contentUrl\":\"https:\/\/secure.gravatar.com\/avatar\/645c92f7d9cfe02bd93ce2d1cfa11cd3a268bdfe65486552ff04b193cea07634?s=96&d=mm&r=g\",\"caption\":\"admin\"},\"url\":\"https:\/\/vasasbasket.hu\/index.php\/author\/admin\/\"}]}<\/script>\n<!-- \/ Yoast SEO plugin. -->","yoast_head_json":{"title":"T\u00fal nagy falat j\u00f6tt szembe a Hepp Kup\u00e1ban - Vasas n\u0151i kos\u00e1rlabda","robots":{"index":"index","follow":"follow","max-snippet":"max-snippet:-1","max-image-preview":"max-image-preview:large","max-video-preview":"max-video-preview:-1"},"canonical":"https:\/\/vasasbasket.hu\/index.php\/tul-nagy-falat-jott-szembe-a-hepp-kupaban\/","og_locale":"hu_HU","og_type":"article","og_title":"T\u00fal nagy falat j\u00f6tt szembe a Hepp Kup\u00e1ban - Vasas n\u0151i kos\u00e1rlabda","og_description":"A Hepp Kupa m\u00e1sodik fordul\u00f3j\u00e1ban a Vasas Akad\u00e9mia a MAFC otthon\u00e1ba l\u00e1togatott, ahol egy rutinos ellenf\u00e9llel kellett farkasszemet n\u00e9zn\u00fcnk. &#8222;Egy rutinos csapat ellen j\u00e1tszottunk, ami m\u00e1r a m\u00e9rk\u0151z\u00e9s elej\u00e9n l\u00e1that\u00f3 volt. Pontosabban \u00e9s agressz\u00edvabban j\u00e1tszott ellenfel\u00fcnk, nek\u00fcnk pedig id\u0151be telt, mire megtal\u00e1ltuk a megfelel\u0151 fel\u00e1ll\u00e1st a MAFC ellen. Nem ny\u00fajtottunk minden percben maximumot, \u00e9s igencsak...","og_url":"https:\/\/vasasbasket.hu\/index.php\/tul-nagy-falat-jott-szembe-a-hepp-kupaban\/","og_site_name":"Vasas n\u0151i kos\u00e1rlabda","article_publisher":"https:\/\/www.facebook.com\/vasaswbasket\/","article_published_time":"2019-11-18T16:04:11+00:00","og_image":[{"width":1500,"height":1000,"url":"https:\/\/vasasbasket.hu\/wp-content\/uploads\/2019\/09\/IMG_6867.jpg","type":"image\/jpeg"}],"author":"admin","twitter_card":"summary_large_image","twitter_misc":{"Szerz\u0151:":"admin","Becs\u00fclt olvas\u00e1si id\u0151":"1 perc"},"schema":{"@context":"https:\/\/schema.org","@graph":[{"@type":"Article","@id":"https:\/\/vasasbasket.hu\/index.php\/tul-nagy-falat-jott-szembe-a-hepp-kupaban\/#article","isPartOf":{"@id":"https:\/\/vasasbasket.hu\/index.php\/tul-nagy-falat-jott-szembe-a-hepp-kupaban\/"},"author":{"name":"admin","@id":"https:\/\/vasasbasket.hu\/#\/schema\/person\/f1085f4d2c6582d8d0f977e92de2edee"},"headline":"T\u00fal nagy falat j\u00f6tt szembe a Hepp Kup\u00e1ban","datePublished":"2019-11-18T16:04:11+00:00","mainEntityOfPage":{"@id":"https:\/\/vasasbasket.hu\/index.php\/tul-nagy-falat-jott-szembe-a-hepp-kupaban\/"},"wordCount":243,"publisher":{"@id":"https:\/\/vasasbasket.hu\/#organization"},"image":{"@id":"https:\/\/vasasbasket.hu\/index.php\/tul-nagy-falat-jott-szembe-a-hepp-kupaban\/#primaryimage"},"thumbnailUrl":"https:\/\/vasasbasket.hu\/wp-content\/uploads\/2019\/09\/IMG_6867.jpg","articleSection":["Junior","\u00d6sszes H\u00edr"],"inLanguage":"hu"},{"@type":"WebPage","@id":"https:\/\/vasasbasket.hu\/index.php\/tul-nagy-falat-jott-szembe-a-hepp-kupaban\/","url":"https:\/\/vasasbasket.hu\/index.php\/tul-nagy-falat-jott-szembe-a-hepp-kupaban\/","name":"T\u00fal nagy falat j\u00f6tt szembe a Hepp Kup\u00e1ban - Vasas n\u0151i kos\u00e1rlabda","isPartOf":{"@id":"https:\/\/vasasbasket.hu\/#website"},"primaryImageOfPage":{"@id":"https:\/\/vasasbasket.hu\/index.php\/tul-nagy-falat-jott-szembe-a-hepp-kupaban\/#primaryimage"},"image":{"@id":"https:\/\/vasasbasket.hu\/index.php\/tul-nagy-falat-jott-szembe-a-hepp-kupaban\/#primaryimage"},"thumbnailUrl":"https:\/\/vasasbasket.hu\/wp-content\/uploads\/2019\/09\/IMG_6867.jpg","datePublished":"2019-11-18T16:04:11+00:00","breadcrumb":{"@id":"https:\/\/vasasbasket.hu\/index.php\/tul-nagy-falat-jott-szembe-a-hepp-kupaban\/#breadcrumb"},"inLanguage":"hu","potentialAction":[{"@type":"ReadAction","target":["https:\/\/vasasbasket.hu\/index.php\/tul-nagy-falat-jott-szembe-a-hepp-kupaban\/"]}]},{"@type":"ImageObject","inLanguage":"hu","@id":"https:\/\/vasasbasket.hu\/index.php\/tul-nagy-falat-jott-szembe-a-hepp-kupaban\/#primaryimage","url":"https:\/\/vasasbasket.hu\/wp-content\/uploads\/2019\/09\/IMG_6867.jpg","contentUrl":"https:\/\/vasasbasket.hu\/wp-content\/uploads\/2019\/09\/IMG_6867.jpg","width":1500,"height":1000},{"@type":"BreadcrumbList","@id":"https:\/\/vasasbasket.hu\/index.php\/tul-nagy-falat-jott-szembe-a-hepp-kupaban\/#breadcrumb","itemListElement":[{"@type":"ListItem","position":1,"name":"Kezd\u0151lap","item":"https:\/\/vasasbasket.hu\/"},{"@type":"ListItem","position":2,"name":"T\u00fal nagy falat j\u00f6tt szembe a Hepp Kup\u00e1ban"}]},{"@type":"WebSite","@id":"https:\/\/vasasbasket.hu\/#website","url":"https:\/\/vasasbasket.hu\/","name":"Vasas n\u0151i kos\u00e1rlabda","description":"Vasas Basket N\u0151i","publisher":{"@id":"https:\/\/vasasbasket.hu\/#organization"},"potentialAction":[{"@type":"SearchAction","target":{"@type":"EntryPoint","urlTemplate":"https:\/\/vasasbasket.hu\/?s={search_term_string}"},"query-input":{"@type":"PropertyValueSpecification","valueRequired":true,"valueName":"search_term_string"}}],"inLanguage":"hu"},{"@type":"Organization","@id":"https:\/\/vasasbasket.hu\/#organization","name":"Vasas n\u0151i kos\u00e1rlabda","url":"https:\/\/vasasbasket.hu\/","logo":{"@type":"ImageObject","inLanguage":"hu","@id":"https:\/\/vasasbasket.hu\/#\/schema\/logo\/image\/","url":"https:\/\/vasasbasket.hu\/wp-content\/uploads\/2017\/03\/vasas_cimer_1200.jpg","contentUrl":"https:\/\/vasasbasket.hu\/wp-content\/uploads\/2017\/03\/vasas_cimer_1200.jpg","width":1200,"height":1200,"caption":"Vasas n\u0151i kos\u00e1rlabda"},"image":{"@id":"https:\/\/vasasbasket.hu\/#\/schema\/logo\/image\/"},"sameAs":["https:\/\/www.facebook.com\/vasaswbasket\/"]},{"@type":"Person","@id":"https:\/\/vasasbasket.hu\/#\/schema\/person\/f1085f4d2c6582d8d0f977e92de2edee","name":"admin","image":{"@type":"ImageObject","inLanguage":"hu","@id":"https:\/\/vasasbasket.hu\/#\/schema\/person\/image\/","url":"https:\/\/secure.gravatar.com\/avatar\/645c92f7d9cfe02bd93ce2d1cfa11cd3a268bdfe65486552ff04b193cea07634?s=96&d=mm&r=g","contentUrl":"https:\/\/secure.gravatar.com\/avatar\/645c92f7d9cfe02bd93ce2d1cfa11cd3a268bdfe65486552ff04b193cea07634?s=96&d=mm&r=g","caption":"admin"},"url":"https:\/\/vasasbasket.hu\/index.php\/author\/admin\/"}]}},"_links":{"self":[{"href":"https:\/\/vasasbasket.hu\/index.php\/wp-json\/wp\/v2\/posts\/6371","targetHints":{"allow":["GET"]}}],"collection":[{"href":"https:\/\/vasasbasket.hu\/index.php\/wp-json\/wp\/v2\/posts"}],"about":[{"href":"https:\/\/vasasbasket.hu\/index.php\/wp-json\/wp\/v2\/types\/post"}],"author":[{"embeddable":true,"href":"https:\/\/vasasbasket.hu\/index.php\/wp-json\/wp\/v2\/users\/1"}],"replies":[{"embeddable":true,"href":"https:\/\/vasasbasket.hu\/index.php\/wp-json\/wp\/v2\/comments?post=6371"}],"version-history":[{"count":1,"href":"https:\/\/vasasbasket.hu\/index.php\/wp-json\/wp\/v2\/posts\/6371\/revisions"}],"predecessor-version":[{"id":6372,"href":"https:\/\/vasasbasket.hu\/index.php\/wp-json\/wp\/v2\/posts\/6371\/revisions\/6372"}],"wp:featuredmedia":[{"embeddable":true,"href":"https:\/\/vasasbasket.hu\/index.php\/wp-json\/wp\/v2\/media\/5996"}],"wp:attachment":[{"href":"https:\/\/vasasbasket.hu\/index.php\/wp-json\/wp\/v2\/media?parent=6371"}],"wp:term":[{"taxonomy":"category","embeddable":true,"href":"https:\/\/vasasbasket.hu\/index.php\/wp-json\/wp\/v2\/categories?post=6371"},{"taxonomy":"post_tag","embeddable":true,"href":"https:\/\/vasasbasket.hu\/index.php\/wp-json\/wp\/v2\/tags?post=6371"}],"curies":[{"name":"wp","href":"https:\/\/api.w.org\/{rel}","templated":true}]}}