{"id":6366,"date":"2019-11-18T10:27:36","date_gmt":"2019-11-18T10:27:36","guid":{"rendered":"http:\/\/vasasbasket.hu\/?p=6366"},"modified":"2019-11-18T10:27:36","modified_gmt":"2019-11-18T10:27:36","slug":"tovabbra-is-veretlenek","status":"publish","type":"post","link":"https:\/\/vasasbasket.hu\/index.php\/tovabbra-is-veretlenek\/","title":{"rendered":"Tov\u00e1bbra is veretlenek"},"content":{"rendered":"<p><strong>U18-as csapatunk a h\u00e9tv\u00e9g\u00e9n K\u0151b\u00e1ny\u00e1ra utazott, ahol megszerezte zsin\u00f3rban hatodik gy\u0151zelm\u00e9t a kiemelt junior bajnoks\u00e1gban.<\/strong><\/p>\n<p><em>&#8222;Nagyon sz\u00e9pen indult ez a meccs, \u00f6t perc ut\u00e1n m\u00e1r 17-4-re vezett\u00fcnk. Remek\u00fcl m\u0171k\u00f6d\u00f6tt a csapat t\u00e1mad\u00e1sban \u00e9s v\u00e9dekez\u00e9sben egyar\u00e1nt, \u00edgy az els\u0151 negyed v\u00e9g\u00e9re 19 pontos el\u0151nyre tett\u00fcnk szert. A magabiztos rajtot k\u00f6vet\u0151en a m\u00e1sodik negyedet gyeng\u00e9bben kezdt\u00fck. Tal\u00e1n a v\u00e9dekez\u00e9sv\u00e1lt\u00e1s miatt est\u00fcnk egy kicsit vissza, azonban akadt b\u0151ven kihagyott ziccer \u00e9s eladott labda is. A sz\u00fcnet ut\u00e1n \u00fajra jobbik arcunkat mutattuk, \u00edgy az el\u0151ny tov\u00e1bb n\u0151tt. Minden j\u00e1t\u00e9kos p\u00e1ly\u00e1ra l\u00e9pett ezen a tal\u00e1lkoz\u00f3n, k\u00fcl\u00f6n \u00f6r\u00fcl\u00f6k, hogy mindenki \u00e9lt a lehet\u0151s\u00e9ggel, \u00e9s mindenki dobott pontot. Megdics\u00e9rem tov\u00e1bb\u00e1 Mad\u00e1r Esztert (31 IBM, 19 pont, 9 lepattan\u00f3), Kun Rit\u00e1t (19 IBM, 12 pont, 4 szerzett labda), Salamon Zs\u00f3fi\u00e1t (16 IBM, 10 pont, 7 lepattan\u00f3), valamint D\u00fal Terk\u00e1t (16 IBM, 7 pont, 8 assziszt). Csak \u00edgy tov\u00e1bb l\u00e1nyok, gratul\u00e1lok a gy\u0151zelemhez&#8221;<\/em> &#8211; mondta a csapat edz\u0151je, Igor Skocovski.<\/p>\n<p>T\u00f6r\u00f6k Fl\u00f3ris T\u00f6rekv\u00e9s <strong>&#8211; Vasas Akad\u00e9mia\/A 43-87<\/strong> (9-28, 11-13, 11-22, 12-24)<br \/>\n<em>Pontszerz\u0151k:<br \/>\n<\/em><strong>T\u00f6r\u00f6k Fl\u00f3ris T\u00f6rekv\u00e9s:<\/strong> Szopka R. 2, Reding B. 8, Strbik F., Szilvasi K. 4, Sz\u00fccs A. 2, Darazsu D. 13, Hoffmann H. 3, Ferenczi L., Stelczer V. 2, F\u00e1bi\u00e1n D., Mohos E. 4, Horv\u00e1th J. 1, Szab\u00f3 E. 4<br \/>\n<strong>Vasas Akad\u00e9mia\/A:<\/strong> V\u00edgh B. 4, D\u00fal T. 7, Sikl\u00f3s D. 3, Altmann A. 5, Kuncz P. (Pepe) 2, L\u0151rinczy P. 11, Salamon Zs. 10, Nagy L. 2, Kun R. 12, Mad\u00e1r E. 19, Szeremy V. 5, Kuncz P. 7<\/p>\n","protected":false},"excerpt":{"rendered":"<p>U18-as csapatunk a h\u00e9tv\u00e9g\u00e9n K\u0151b\u00e1ny\u00e1ra utazott, ahol megszerezte zsin\u00f3rban hatodik gy\u0151zelm\u00e9t a kiemelt junior bajnoks\u00e1gban. &#8222;Nagyon sz\u00e9pen indult ez a meccs, \u00f6t perc ut\u00e1n m\u00e1r 17-4-re vezett\u00fcnk. Remek\u00fcl m\u0171k\u00f6d\u00f6tt a csapat t\u00e1mad\u00e1sban \u00e9s v\u00e9dekez\u00e9sben egyar\u00e1nt, \u00edgy az els\u0151 negyed v\u00e9g\u00e9re 19 pontos el\u0151nyre tett\u00fcnk szert. A magabiztos rajtot k\u00f6vet\u0151en a m\u00e1sodik negyedet gyeng\u00e9bben kezdt\u00fck. Tal\u00e1n&#8230;<\/p>\n","protected":false},"author":1,"featured_media":6367,"comment_status":"closed","ping_status":"open","sticky":false,"template":"","format":"standard","meta":{"footnotes":""},"categories":[50,92],"tags":[],"class_list":["post-6366","post","type-post","status-publish","format-standard","has-post-thumbnail","hentry","category-junior","category-hirek"],"yoast_head":"<!-- This site is optimized with the Yoast SEO plugin v26.0 - https:\/\/yoast.com\/wordpress\/plugins\/seo\/ -->\n<title>Tov\u00e1bbra is veretlenek - Vasas n\u0151i kos\u00e1rlabda<\/title>\n<meta name=\"robots\" content=\"index, follow, max-snippet:-1, max-image-preview:large, max-video-preview:-1\" \/>\n<link rel=\"canonical\" href=\"https:\/\/vasasbasket.hu\/index.php\/tovabbra-is-veretlenek\/\" \/>\n<meta property=\"og:locale\" content=\"hu_HU\" \/>\n<meta property=\"og:type\" content=\"article\" \/>\n<meta property=\"og:title\" content=\"Tov\u00e1bbra is veretlenek - Vasas n\u0151i kos\u00e1rlabda\" \/>\n<meta property=\"og:description\" content=\"U18-as csapatunk a h\u00e9tv\u00e9g\u00e9n K\u0151b\u00e1ny\u00e1ra utazott, ahol megszerezte zsin\u00f3rban hatodik gy\u0151zelm\u00e9t a kiemelt junior bajnoks\u00e1gban. &#8222;Nagyon sz\u00e9pen indult ez a meccs, \u00f6t perc ut\u00e1n m\u00e1r 17-4-re vezett\u00fcnk. Remek\u00fcl m\u0171k\u00f6d\u00f6tt a csapat t\u00e1mad\u00e1sban \u00e9s v\u00e9dekez\u00e9sben egyar\u00e1nt, \u00edgy az els\u0151 negyed v\u00e9g\u00e9re 19 pontos el\u0151nyre tett\u00fcnk szert. A magabiztos rajtot k\u00f6vet\u0151en a m\u00e1sodik negyedet gyeng\u00e9bben kezdt\u00fck. Tal\u00e1n...\" \/>\n<meta property=\"og:url\" content=\"https:\/\/vasasbasket.hu\/index.php\/tovabbra-is-veretlenek\/\" \/>\n<meta property=\"og:site_name\" content=\"Vasas n\u0151i kos\u00e1rlabda\" \/>\n<meta property=\"article:publisher\" content=\"https:\/\/www.facebook.com\/vasaswbasket\/\" \/>\n<meta property=\"article:published_time\" content=\"2019-11-18T10:27:36+00:00\" \/>\n<meta property=\"og:image\" content=\"https:\/\/vasasbasket.hu\/wp-content\/uploads\/2019\/11\/IMG_2902.jpg\" \/>\n\t<meta property=\"og:image:width\" content=\"1600\" \/>\n\t<meta property=\"og:image:height\" content=\"1200\" \/>\n\t<meta property=\"og:image:type\" content=\"image\/jpeg\" \/>\n<meta name=\"author\" content=\"admin\" \/>\n<meta name=\"twitter:card\" content=\"summary_large_image\" \/>\n<meta name=\"twitter:label1\" content=\"Szerz\u0151:\" \/>\n\t<meta name=\"twitter:data1\" content=\"admin\" \/>\n\t<meta name=\"twitter:label2\" content=\"Becs\u00fclt olvas\u00e1si id\u0151\" \/>\n\t<meta name=\"twitter:data2\" content=\"2 perc\" \/>\n<script type=\"application\/ld+json\" class=\"yoast-schema-graph\">{\"@context\":\"https:\/\/schema.org\",\"@graph\":[{\"@type\":\"Article\",\"@id\":\"https:\/\/vasasbasket.hu\/index.php\/tovabbra-is-veretlenek\/#article\",\"isPartOf\":{\"@id\":\"https:\/\/vasasbasket.hu\/index.php\/tovabbra-is-veretlenek\/\"},\"author\":{\"name\":\"admin\",\"@id\":\"https:\/\/vasasbasket.hu\/#\/schema\/person\/f1085f4d2c6582d8d0f977e92de2edee\"},\"headline\":\"Tov\u00e1bbra is veretlenek\",\"datePublished\":\"2019-11-18T10:27:36+00:00\",\"mainEntityOfPage\":{\"@id\":\"https:\/\/vasasbasket.hu\/index.php\/tovabbra-is-veretlenek\/\"},\"wordCount\":306,\"publisher\":{\"@id\":\"https:\/\/vasasbasket.hu\/#organization\"},\"image\":{\"@id\":\"https:\/\/vasasbasket.hu\/index.php\/tovabbra-is-veretlenek\/#primaryimage\"},\"thumbnailUrl\":\"https:\/\/vasasbasket.hu\/wp-content\/uploads\/2019\/11\/IMG_2902.jpg\",\"articleSection\":[\"Junior\",\"\u00d6sszes H\u00edr\"],\"inLanguage\":\"hu\"},{\"@type\":\"WebPage\",\"@id\":\"https:\/\/vasasbasket.hu\/index.php\/tovabbra-is-veretlenek\/\",\"url\":\"https:\/\/vasasbasket.hu\/index.php\/tovabbra-is-veretlenek\/\",\"name\":\"Tov\u00e1bbra is veretlenek - Vasas n\u0151i kos\u00e1rlabda\",\"isPartOf\":{\"@id\":\"https:\/\/vasasbasket.hu\/#website\"},\"primaryImageOfPage\":{\"@id\":\"https:\/\/vasasbasket.hu\/index.php\/tovabbra-is-veretlenek\/#primaryimage\"},\"image\":{\"@id\":\"https:\/\/vasasbasket.hu\/index.php\/tovabbra-is-veretlenek\/#primaryimage\"},\"thumbnailUrl\":\"https:\/\/vasasbasket.hu\/wp-content\/uploads\/2019\/11\/IMG_2902.jpg\",\"datePublished\":\"2019-11-18T10:27:36+00:00\",\"breadcrumb\":{\"@id\":\"https:\/\/vasasbasket.hu\/index.php\/tovabbra-is-veretlenek\/#breadcrumb\"},\"inLanguage\":\"hu\",\"potentialAction\":[{\"@type\":\"ReadAction\",\"target\":[\"https:\/\/vasasbasket.hu\/index.php\/tovabbra-is-veretlenek\/\"]}]},{\"@type\":\"ImageObject\",\"inLanguage\":\"hu\",\"@id\":\"https:\/\/vasasbasket.hu\/index.php\/tovabbra-is-veretlenek\/#primaryimage\",\"url\":\"https:\/\/vasasbasket.hu\/wp-content\/uploads\/2019\/11\/IMG_2902.jpg\",\"contentUrl\":\"https:\/\/vasasbasket.hu\/wp-content\/uploads\/2019\/11\/IMG_2902.jpg\",\"width\":1600,\"height\":1200},{\"@type\":\"BreadcrumbList\",\"@id\":\"https:\/\/vasasbasket.hu\/index.php\/tovabbra-is-veretlenek\/#breadcrumb\",\"itemListElement\":[{\"@type\":\"ListItem\",\"position\":1,\"name\":\"Kezd\u0151lap\",\"item\":\"https:\/\/vasasbasket.hu\/\"},{\"@type\":\"ListItem\",\"position\":2,\"name\":\"Tov\u00e1bbra is veretlenek\"}]},{\"@type\":\"WebSite\",\"@id\":\"https:\/\/vasasbasket.hu\/#website\",\"url\":\"https:\/\/vasasbasket.hu\/\",\"name\":\"Vasas n\u0151i kos\u00e1rlabda\",\"description\":\"Vasas Basket N\u0151i\",\"publisher\":{\"@id\":\"https:\/\/vasasbasket.hu\/#organization\"},\"potentialAction\":[{\"@type\":\"SearchAction\",\"target\":{\"@type\":\"EntryPoint\",\"urlTemplate\":\"https:\/\/vasasbasket.hu\/?s={search_term_string}\"},\"query-input\":{\"@type\":\"PropertyValueSpecification\",\"valueRequired\":true,\"valueName\":\"search_term_string\"}}],\"inLanguage\":\"hu\"},{\"@type\":\"Organization\",\"@id\":\"https:\/\/vasasbasket.hu\/#organization\",\"name\":\"Vasas n\u0151i kos\u00e1rlabda\",\"url\":\"https:\/\/vasasbasket.hu\/\",\"logo\":{\"@type\":\"ImageObject\",\"inLanguage\":\"hu\",\"@id\":\"https:\/\/vasasbasket.hu\/#\/schema\/logo\/image\/\",\"url\":\"https:\/\/vasasbasket.hu\/wp-content\/uploads\/2017\/03\/vasas_cimer_1200.jpg\",\"contentUrl\":\"https:\/\/vasasbasket.hu\/wp-content\/uploads\/2017\/03\/vasas_cimer_1200.jpg\",\"width\":1200,\"height\":1200,\"caption\":\"Vasas n\u0151i kos\u00e1rlabda\"},\"image\":{\"@id\":\"https:\/\/vasasbasket.hu\/#\/schema\/logo\/image\/\"},\"sameAs\":[\"https:\/\/www.facebook.com\/vasaswbasket\/\"]},{\"@type\":\"Person\",\"@id\":\"https:\/\/vasasbasket.hu\/#\/schema\/person\/f1085f4d2c6582d8d0f977e92de2edee\",\"name\":\"admin\",\"image\":{\"@type\":\"ImageObject\",\"inLanguage\":\"hu\",\"@id\":\"https:\/\/vasasbasket.hu\/#\/schema\/person\/image\/\",\"url\":\"https:\/\/secure.gravatar.com\/avatar\/645c92f7d9cfe02bd93ce2d1cfa11cd3a268bdfe65486552ff04b193cea07634?s=96&d=mm&r=g\",\"contentUrl\":\"https:\/\/secure.gravatar.com\/avatar\/645c92f7d9cfe02bd93ce2d1cfa11cd3a268bdfe65486552ff04b193cea07634?s=96&d=mm&r=g\",\"caption\":\"admin\"},\"url\":\"https:\/\/vasasbasket.hu\/index.php\/author\/admin\/\"}]}<\/script>\n<!-- \/ Yoast SEO plugin. -->","yoast_head_json":{"title":"Tov\u00e1bbra is veretlenek - Vasas n\u0151i kos\u00e1rlabda","robots":{"index":"index","follow":"follow","max-snippet":"max-snippet:-1","max-image-preview":"max-image-preview:large","max-video-preview":"max-video-preview:-1"},"canonical":"https:\/\/vasasbasket.hu\/index.php\/tovabbra-is-veretlenek\/","og_locale":"hu_HU","og_type":"article","og_title":"Tov\u00e1bbra is veretlenek - Vasas n\u0151i kos\u00e1rlabda","og_description":"U18-as csapatunk a h\u00e9tv\u00e9g\u00e9n K\u0151b\u00e1ny\u00e1ra utazott, ahol megszerezte zsin\u00f3rban hatodik gy\u0151zelm\u00e9t a kiemelt junior bajnoks\u00e1gban. &#8222;Nagyon sz\u00e9pen indult ez a meccs, \u00f6t perc ut\u00e1n m\u00e1r 17-4-re vezett\u00fcnk. Remek\u00fcl m\u0171k\u00f6d\u00f6tt a csapat t\u00e1mad\u00e1sban \u00e9s v\u00e9dekez\u00e9sben egyar\u00e1nt, \u00edgy az els\u0151 negyed v\u00e9g\u00e9re 19 pontos el\u0151nyre tett\u00fcnk szert. A magabiztos rajtot k\u00f6vet\u0151en a m\u00e1sodik negyedet gyeng\u00e9bben kezdt\u00fck. Tal\u00e1n...","og_url":"https:\/\/vasasbasket.hu\/index.php\/tovabbra-is-veretlenek\/","og_site_name":"Vasas n\u0151i kos\u00e1rlabda","article_publisher":"https:\/\/www.facebook.com\/vasaswbasket\/","article_published_time":"2019-11-18T10:27:36+00:00","og_image":[{"width":1600,"height":1200,"url":"https:\/\/vasasbasket.hu\/wp-content\/uploads\/2019\/11\/IMG_2902.jpg","type":"image\/jpeg"}],"author":"admin","twitter_card":"summary_large_image","twitter_misc":{"Szerz\u0151:":"admin","Becs\u00fclt olvas\u00e1si id\u0151":"2 perc"},"schema":{"@context":"https:\/\/schema.org","@graph":[{"@type":"Article","@id":"https:\/\/vasasbasket.hu\/index.php\/tovabbra-is-veretlenek\/#article","isPartOf":{"@id":"https:\/\/vasasbasket.hu\/index.php\/tovabbra-is-veretlenek\/"},"author":{"name":"admin","@id":"https:\/\/vasasbasket.hu\/#\/schema\/person\/f1085f4d2c6582d8d0f977e92de2edee"},"headline":"Tov\u00e1bbra is veretlenek","datePublished":"2019-11-18T10:27:36+00:00","mainEntityOfPage":{"@id":"https:\/\/vasasbasket.hu\/index.php\/tovabbra-is-veretlenek\/"},"wordCount":306,"publisher":{"@id":"https:\/\/vasasbasket.hu\/#organization"},"image":{"@id":"https:\/\/vasasbasket.hu\/index.php\/tovabbra-is-veretlenek\/#primaryimage"},"thumbnailUrl":"https:\/\/vasasbasket.hu\/wp-content\/uploads\/2019\/11\/IMG_2902.jpg","articleSection":["Junior","\u00d6sszes H\u00edr"],"inLanguage":"hu"},{"@type":"WebPage","@id":"https:\/\/vasasbasket.hu\/index.php\/tovabbra-is-veretlenek\/","url":"https:\/\/vasasbasket.hu\/index.php\/tovabbra-is-veretlenek\/","name":"Tov\u00e1bbra is veretlenek - Vasas n\u0151i kos\u00e1rlabda","isPartOf":{"@id":"https:\/\/vasasbasket.hu\/#website"},"primaryImageOfPage":{"@id":"https:\/\/vasasbasket.hu\/index.php\/tovabbra-is-veretlenek\/#primaryimage"},"image":{"@id":"https:\/\/vasasbasket.hu\/index.php\/tovabbra-is-veretlenek\/#primaryimage"},"thumbnailUrl":"https:\/\/vasasbasket.hu\/wp-content\/uploads\/2019\/11\/IMG_2902.jpg","datePublished":"2019-11-18T10:27:36+00:00","breadcrumb":{"@id":"https:\/\/vasasbasket.hu\/index.php\/tovabbra-is-veretlenek\/#breadcrumb"},"inLanguage":"hu","potentialAction":[{"@type":"ReadAction","target":["https:\/\/vasasbasket.hu\/index.php\/tovabbra-is-veretlenek\/"]}]},{"@type":"ImageObject","inLanguage":"hu","@id":"https:\/\/vasasbasket.hu\/index.php\/tovabbra-is-veretlenek\/#primaryimage","url":"https:\/\/vasasbasket.hu\/wp-content\/uploads\/2019\/11\/IMG_2902.jpg","contentUrl":"https:\/\/vasasbasket.hu\/wp-content\/uploads\/2019\/11\/IMG_2902.jpg","width":1600,"height":1200},{"@type":"BreadcrumbList","@id":"https:\/\/vasasbasket.hu\/index.php\/tovabbra-is-veretlenek\/#breadcrumb","itemListElement":[{"@type":"ListItem","position":1,"name":"Kezd\u0151lap","item":"https:\/\/vasasbasket.hu\/"},{"@type":"ListItem","position":2,"name":"Tov\u00e1bbra is veretlenek"}]},{"@type":"WebSite","@id":"https:\/\/vasasbasket.hu\/#website","url":"https:\/\/vasasbasket.hu\/","name":"Vasas n\u0151i kos\u00e1rlabda","description":"Vasas Basket N\u0151i","publisher":{"@id":"https:\/\/vasasbasket.hu\/#organization"},"potentialAction":[{"@type":"SearchAction","target":{"@type":"EntryPoint","urlTemplate":"https:\/\/vasasbasket.hu\/?s={search_term_string}"},"query-input":{"@type":"PropertyValueSpecification","valueRequired":true,"valueName":"search_term_string"}}],"inLanguage":"hu"},{"@type":"Organization","@id":"https:\/\/vasasbasket.hu\/#organization","name":"Vasas n\u0151i kos\u00e1rlabda","url":"https:\/\/vasasbasket.hu\/","logo":{"@type":"ImageObject","inLanguage":"hu","@id":"https:\/\/vasasbasket.hu\/#\/schema\/logo\/image\/","url":"https:\/\/vasasbasket.hu\/wp-content\/uploads\/2017\/03\/vasas_cimer_1200.jpg","contentUrl":"https:\/\/vasasbasket.hu\/wp-content\/uploads\/2017\/03\/vasas_cimer_1200.jpg","width":1200,"height":1200,"caption":"Vasas n\u0151i kos\u00e1rlabda"},"image":{"@id":"https:\/\/vasasbasket.hu\/#\/schema\/logo\/image\/"},"sameAs":["https:\/\/www.facebook.com\/vasaswbasket\/"]},{"@type":"Person","@id":"https:\/\/vasasbasket.hu\/#\/schema\/person\/f1085f4d2c6582d8d0f977e92de2edee","name":"admin","image":{"@type":"ImageObject","inLanguage":"hu","@id":"https:\/\/vasasbasket.hu\/#\/schema\/person\/image\/","url":"https:\/\/secure.gravatar.com\/avatar\/645c92f7d9cfe02bd93ce2d1cfa11cd3a268bdfe65486552ff04b193cea07634?s=96&d=mm&r=g","contentUrl":"https:\/\/secure.gravatar.com\/avatar\/645c92f7d9cfe02bd93ce2d1cfa11cd3a268bdfe65486552ff04b193cea07634?s=96&d=mm&r=g","caption":"admin"},"url":"https:\/\/vasasbasket.hu\/index.php\/author\/admin\/"}]}},"_links":{"self":[{"href":"https:\/\/vasasbasket.hu\/index.php\/wp-json\/wp\/v2\/posts\/6366","targetHints":{"allow":["GET"]}}],"collection":[{"href":"https:\/\/vasasbasket.hu\/index.php\/wp-json\/wp\/v2\/posts"}],"about":[{"href":"https:\/\/vasasbasket.hu\/index.php\/wp-json\/wp\/v2\/types\/post"}],"author":[{"embeddable":true,"href":"https:\/\/vasasbasket.hu\/index.php\/wp-json\/wp\/v2\/users\/1"}],"replies":[{"embeddable":true,"href":"https:\/\/vasasbasket.hu\/index.php\/wp-json\/wp\/v2\/comments?post=6366"}],"version-history":[{"count":1,"href":"https:\/\/vasasbasket.hu\/index.php\/wp-json\/wp\/v2\/posts\/6366\/revisions"}],"predecessor-version":[{"id":6368,"href":"https:\/\/vasasbasket.hu\/index.php\/wp-json\/wp\/v2\/posts\/6366\/revisions\/6368"}],"wp:featuredmedia":[{"embeddable":true,"href":"https:\/\/vasasbasket.hu\/index.php\/wp-json\/wp\/v2\/media\/6367"}],"wp:attachment":[{"href":"https:\/\/vasasbasket.hu\/index.php\/wp-json\/wp\/v2\/media?parent=6366"}],"wp:term":[{"taxonomy":"category","embeddable":true,"href":"https:\/\/vasasbasket.hu\/index.php\/wp-json\/wp\/v2\/categories?post=6366"},{"taxonomy":"post_tag","embeddable":true,"href":"https:\/\/vasasbasket.hu\/index.php\/wp-json\/wp\/v2\/tags?post=6366"}],"curies":[{"name":"wp","href":"https:\/\/api.w.org\/{rel}","templated":true}]}}