{"id":6350,"date":"2019-11-12T17:07:42","date_gmt":"2019-11-12T17:07:42","guid":{"rendered":"http:\/\/vasasbasket.hu\/?p=6350"},"modified":"2019-11-12T17:07:42","modified_gmt":"2019-11-12T17:07:42","slug":"ket-gyozelemmel-zartak-a-bolhak","status":"publish","type":"post","link":"https:\/\/vasasbasket.hu\/index.php\/ket-gyozelemmel-zartak-a-bolhak\/","title":{"rendered":"K\u00e9t gy\u0151zelemmel z\u00e1rtak a Bolh\u00e1k"},"content":{"rendered":"<p><strong>U12\/B csapatunk a h\u00e9tv\u00e9g\u00e9n lej\u00e1tszotta bajnoks\u00e1g\u00e1nak m\u00e1sodik fordul\u00f3j\u00e1t, l\u00e1nyaink mindk\u00e9t m\u00e9rk\u0151z\u00e9s\u00fcket k\u00f6vet\u0151en gy\u0151ztesen hagyt\u00e1k el a p\u00e1ly\u00e1t.<\/strong><\/p>\n<p><em>&#8222;A l\u00e1nyok ma mindent megval\u00f3s\u00edtottak, ami az els\u0151 fordul\u00f3b\u00f3l kimaradt. Els\u0151 perct\u0151l kezdve agressz\u00edvan v\u00e9dekeztek, a t\u00e1mad\u00e1sban pedig odafigyelve, kos\u00e1rra j\u00e1tszottak. M\u00e9g mindig akadtak ugyan apr\u00f3 pontatlans\u00e1gok, kihagyott ziccerek, de ennek ellen\u00e9re mind a k\u00e9t meccsen f\u00f6l\u00e9nyes gy\u0151zelmet arattunk. Nagyon j\u00f3 volt l\u00e1tni, ahogy a l\u00e1nyok megval\u00f3s\u00edtj\u00e1k az elm\u00falt h\u00f3napban tanultakat \u00e9s t\u00f6rekednek v\u00e9grehajtani az aktu\u00e1lis feladatokat. Rengeteg pozit\u00edvuma volt sz\u00e1munkra ennek a k\u00e9t m\u00e9rk\u0151z\u00e9snek, rem\u00e9lem ebb\u0151l a l\u00e1nyok is tudnak majd \u00f6nbizalmat mer\u00edteni, \u00e9s egy ilyen h\u00e9tv\u00e9ge ut\u00e1n m\u00e9g lelkesebben, motiv\u00e1ltabban k\u00e9sz\u00fclhet\u00fcnk majd a k\u00f6vetkez\u0151 fordul\u00f3ra&#8221;<\/em> &#8211; mondta a csapat edz\u0151je, Farkas Fanni.<\/p>\n<p><strong><img loading=\"lazy\" decoding=\"async\" class=\" wp-image-6352 alignright\" src=\"http:\/\/vasasbasket.hu\/wp-content\/uploads\/2019\/11\/image0-e1573578303805-1024x853.jpeg\" alt=\"\" width=\"451\" height=\"376\" srcset=\"https:\/\/vasasbasket.hu\/wp-content\/uploads\/2019\/11\/image0-e1573578303805-1024x853.jpeg 1024w, https:\/\/vasasbasket.hu\/wp-content\/uploads\/2019\/11\/image0-e1573578303805-570x475.jpeg 570w, https:\/\/vasasbasket.hu\/wp-content\/uploads\/2019\/11\/image0-e1573578303805-440x367.jpeg 440w, https:\/\/vasasbasket.hu\/wp-content\/uploads\/2019\/11\/image0-e1573578303805-300x250.jpeg 300w, https:\/\/vasasbasket.hu\/wp-content\/uploads\/2019\/11\/image0-e1573578303805-768x640.jpeg 768w, https:\/\/vasasbasket.hu\/wp-content\/uploads\/2019\/11\/image0-e1573578303805-128x107.jpeg 128w, https:\/\/vasasbasket.hu\/wp-content\/uploads\/2019\/11\/image0-e1573578303805-32x27.jpeg 32w, https:\/\/vasasbasket.hu\/wp-content\/uploads\/2019\/11\/image0-e1573578303805-98x82.jpeg 98w, https:\/\/vasasbasket.hu\/wp-content\/uploads\/2019\/11\/image0-e1573578303805.jpeg 1536w\" sizes=\"auto, (max-width: 451px) 100vw, 451px\" \/>Vasas Bolh\u00e1k &#8211;<\/strong> Rep\u00fcl\u0151 M\u00f3kusok<strong> 76-21<br \/>\n<\/strong><em>Pontszerz\u0151k:<\/em><br \/>\n<strong>Vasas Bolh\u00e1k: <\/strong>Firle-Kiss Bora 18, V\u00e9rtes Vanda 10, Toman Zs\u00f3fi 10, Koll\u00e1r Kata 7, Mayr Lara 6, Tompa Nono 4, Tur\u00f3czy Dalma 4, Bogd\u00e1n Fanni 4, Szab\u00f3 Noncsi 4, Muszka Zita 4, B\u00e9res-Nagy Szofi 3, K\u00e1rp\u00e1thegyi L\u00e9da 2<\/p>\n<p>KKS tit\u00e1nok<strong>&#8211; Vasas Bolh\u00e1k 17-43<br \/>\n<\/strong><em>Pontszerz\u0151k:<\/em><br \/>\n<strong>Vasas Bolh\u00e1k:<\/strong>\u00a0Bogd\u00e1n Fanni 7, Szab\u00f3 Noncsi 7, K\u00e1rp\u00e1thegyi L\u00e9da 7, Firle-Kiss Bora 5, Toman Zs\u00f3fi 3, V\u00e9rtes Vanda 3, Moln\u00e1r Zazi 3, Muszka Zita 2, Tur\u00f3czy Dalma 2, Tompa Nono 2, Mayr Lara 1<\/p>\n","protected":false},"excerpt":{"rendered":"<p>U12\/B csapatunk a h\u00e9tv\u00e9g\u00e9n lej\u00e1tszotta bajnoks\u00e1g\u00e1nak m\u00e1sodik fordul\u00f3j\u00e1t, l\u00e1nyaink mindk\u00e9t m\u00e9rk\u0151z\u00e9s\u00fcket k\u00f6vet\u0151en gy\u0151ztesen hagyt\u00e1k el a p\u00e1ly\u00e1t. &#8222;A l\u00e1nyok ma mindent megval\u00f3s\u00edtottak, ami az els\u0151 fordul\u00f3b\u00f3l kimaradt. Els\u0151 perct\u0151l kezdve agressz\u00edvan v\u00e9dekeztek, a t\u00e1mad\u00e1sban pedig odafigyelve, kos\u00e1rra j\u00e1tszottak. M\u00e9g mindig akadtak ugyan apr\u00f3 pontatlans\u00e1gok, kihagyott ziccerek, de ennek ellen\u00e9re mind a k\u00e9t meccsen f\u00f6l\u00e9nyes gy\u0151zelmet&#8230;<\/p>\n","protected":false},"author":1,"featured_media":6351,"comment_status":"closed","ping_status":"open","sticky":false,"template":"","format":"standard","meta":{"footnotes":""},"categories":[73,92],"tags":[],"class_list":["post-6350","post","type-post","status-publish","format-standard","has-post-thumbnail","hentry","category-gyerek","category-hirek"],"yoast_head":"<!-- This site is optimized with the Yoast SEO plugin v26.0 - https:\/\/yoast.com\/wordpress\/plugins\/seo\/ -->\n<title>K\u00e9t gy\u0151zelemmel z\u00e1rtak a Bolh\u00e1k - Vasas n\u0151i kos\u00e1rlabda<\/title>\n<meta name=\"robots\" content=\"index, follow, max-snippet:-1, max-image-preview:large, max-video-preview:-1\" \/>\n<link rel=\"canonical\" href=\"https:\/\/vasasbasket.hu\/index.php\/ket-gyozelemmel-zartak-a-bolhak\/\" \/>\n<meta property=\"og:locale\" content=\"hu_HU\" \/>\n<meta property=\"og:type\" content=\"article\" \/>\n<meta property=\"og:title\" content=\"K\u00e9t gy\u0151zelemmel z\u00e1rtak a Bolh\u00e1k - Vasas n\u0151i kos\u00e1rlabda\" \/>\n<meta property=\"og:description\" content=\"U12\/B csapatunk a h\u00e9tv\u00e9g\u00e9n lej\u00e1tszotta bajnoks\u00e1g\u00e1nak m\u00e1sodik fordul\u00f3j\u00e1t, l\u00e1nyaink mindk\u00e9t m\u00e9rk\u0151z\u00e9s\u00fcket k\u00f6vet\u0151en gy\u0151ztesen hagyt\u00e1k el a p\u00e1ly\u00e1t. &#8222;A l\u00e1nyok ma mindent megval\u00f3s\u00edtottak, ami az els\u0151 fordul\u00f3b\u00f3l kimaradt. Els\u0151 perct\u0151l kezdve agressz\u00edvan v\u00e9dekeztek, a t\u00e1mad\u00e1sban pedig odafigyelve, kos\u00e1rra j\u00e1tszottak. M\u00e9g mindig akadtak ugyan apr\u00f3 pontatlans\u00e1gok, kihagyott ziccerek, de ennek ellen\u00e9re mind a k\u00e9t meccsen f\u00f6l\u00e9nyes gy\u0151zelmet...\" \/>\n<meta property=\"og:url\" content=\"https:\/\/vasasbasket.hu\/index.php\/ket-gyozelemmel-zartak-a-bolhak\/\" \/>\n<meta property=\"og:site_name\" content=\"Vasas n\u0151i kos\u00e1rlabda\" \/>\n<meta property=\"article:publisher\" content=\"https:\/\/www.facebook.com\/vasaswbasket\/\" \/>\n<meta property=\"article:published_time\" content=\"2019-11-12T17:07:42+00:00\" \/>\n<meta property=\"og:image\" content=\"https:\/\/vasasbasket.hu\/wp-content\/uploads\/2019\/11\/image1-5-e1573578058808.jpeg\" \/>\n\t<meta property=\"og:image:width\" content=\"1536\" \/>\n\t<meta property=\"og:image:height\" content=\"1341\" \/>\n\t<meta property=\"og:image:type\" content=\"image\/jpeg\" \/>\n<meta name=\"author\" content=\"admin\" \/>\n<meta name=\"twitter:card\" content=\"summary_large_image\" \/>\n<meta name=\"twitter:label1\" content=\"Szerz\u0151:\" \/>\n\t<meta name=\"twitter:data1\" content=\"admin\" \/>\n\t<meta name=\"twitter:label2\" content=\"Becs\u00fclt olvas\u00e1si id\u0151\" \/>\n\t<meta name=\"twitter:data2\" content=\"1 perc\" \/>\n<script type=\"application\/ld+json\" class=\"yoast-schema-graph\">{\"@context\":\"https:\/\/schema.org\",\"@graph\":[{\"@type\":\"Article\",\"@id\":\"https:\/\/vasasbasket.hu\/index.php\/ket-gyozelemmel-zartak-a-bolhak\/#article\",\"isPartOf\":{\"@id\":\"https:\/\/vasasbasket.hu\/index.php\/ket-gyozelemmel-zartak-a-bolhak\/\"},\"author\":{\"name\":\"admin\",\"@id\":\"https:\/\/vasasbasket.hu\/#\/schema\/person\/f1085f4d2c6582d8d0f977e92de2edee\"},\"headline\":\"K\u00e9t gy\u0151zelemmel z\u00e1rtak a Bolh\u00e1k\",\"datePublished\":\"2019-11-12T17:07:42+00:00\",\"mainEntityOfPage\":{\"@id\":\"https:\/\/vasasbasket.hu\/index.php\/ket-gyozelemmel-zartak-a-bolhak\/\"},\"wordCount\":281,\"publisher\":{\"@id\":\"https:\/\/vasasbasket.hu\/#organization\"},\"image\":{\"@id\":\"https:\/\/vasasbasket.hu\/index.php\/ket-gyozelemmel-zartak-a-bolhak\/#primaryimage\"},\"thumbnailUrl\":\"https:\/\/vasasbasket.hu\/wp-content\/uploads\/2019\/11\/image1-5-e1573578058808.jpeg\",\"articleSection\":[\"Gyerek\",\"\u00d6sszes H\u00edr\"],\"inLanguage\":\"hu\"},{\"@type\":\"WebPage\",\"@id\":\"https:\/\/vasasbasket.hu\/index.php\/ket-gyozelemmel-zartak-a-bolhak\/\",\"url\":\"https:\/\/vasasbasket.hu\/index.php\/ket-gyozelemmel-zartak-a-bolhak\/\",\"name\":\"K\u00e9t gy\u0151zelemmel z\u00e1rtak a Bolh\u00e1k - Vasas n\u0151i kos\u00e1rlabda\",\"isPartOf\":{\"@id\":\"https:\/\/vasasbasket.hu\/#website\"},\"primaryImageOfPage\":{\"@id\":\"https:\/\/vasasbasket.hu\/index.php\/ket-gyozelemmel-zartak-a-bolhak\/#primaryimage\"},\"image\":{\"@id\":\"https:\/\/vasasbasket.hu\/index.php\/ket-gyozelemmel-zartak-a-bolhak\/#primaryimage\"},\"thumbnailUrl\":\"https:\/\/vasasbasket.hu\/wp-content\/uploads\/2019\/11\/image1-5-e1573578058808.jpeg\",\"datePublished\":\"2019-11-12T17:07:42+00:00\",\"breadcrumb\":{\"@id\":\"https:\/\/vasasbasket.hu\/index.php\/ket-gyozelemmel-zartak-a-bolhak\/#breadcrumb\"},\"inLanguage\":\"hu\",\"potentialAction\":[{\"@type\":\"ReadAction\",\"target\":[\"https:\/\/vasasbasket.hu\/index.php\/ket-gyozelemmel-zartak-a-bolhak\/\"]}]},{\"@type\":\"ImageObject\",\"inLanguage\":\"hu\",\"@id\":\"https:\/\/vasasbasket.hu\/index.php\/ket-gyozelemmel-zartak-a-bolhak\/#primaryimage\",\"url\":\"https:\/\/vasasbasket.hu\/wp-content\/uploads\/2019\/11\/image1-5-e1573578058808.jpeg\",\"contentUrl\":\"https:\/\/vasasbasket.hu\/wp-content\/uploads\/2019\/11\/image1-5-e1573578058808.jpeg\",\"width\":1536,\"height\":1341},{\"@type\":\"BreadcrumbList\",\"@id\":\"https:\/\/vasasbasket.hu\/index.php\/ket-gyozelemmel-zartak-a-bolhak\/#breadcrumb\",\"itemListElement\":[{\"@type\":\"ListItem\",\"position\":1,\"name\":\"Kezd\u0151lap\",\"item\":\"https:\/\/vasasbasket.hu\/\"},{\"@type\":\"ListItem\",\"position\":2,\"name\":\"K\u00e9t gy\u0151zelemmel z\u00e1rtak a Bolh\u00e1k\"}]},{\"@type\":\"WebSite\",\"@id\":\"https:\/\/vasasbasket.hu\/#website\",\"url\":\"https:\/\/vasasbasket.hu\/\",\"name\":\"Vasas n\u0151i kos\u00e1rlabda\",\"description\":\"Vasas Basket N\u0151i\",\"publisher\":{\"@id\":\"https:\/\/vasasbasket.hu\/#organization\"},\"potentialAction\":[{\"@type\":\"SearchAction\",\"target\":{\"@type\":\"EntryPoint\",\"urlTemplate\":\"https:\/\/vasasbasket.hu\/?s={search_term_string}\"},\"query-input\":{\"@type\":\"PropertyValueSpecification\",\"valueRequired\":true,\"valueName\":\"search_term_string\"}}],\"inLanguage\":\"hu\"},{\"@type\":\"Organization\",\"@id\":\"https:\/\/vasasbasket.hu\/#organization\",\"name\":\"Vasas n\u0151i kos\u00e1rlabda\",\"url\":\"https:\/\/vasasbasket.hu\/\",\"logo\":{\"@type\":\"ImageObject\",\"inLanguage\":\"hu\",\"@id\":\"https:\/\/vasasbasket.hu\/#\/schema\/logo\/image\/\",\"url\":\"https:\/\/vasasbasket.hu\/wp-content\/uploads\/2017\/03\/vasas_cimer_1200.jpg\",\"contentUrl\":\"https:\/\/vasasbasket.hu\/wp-content\/uploads\/2017\/03\/vasas_cimer_1200.jpg\",\"width\":1200,\"height\":1200,\"caption\":\"Vasas n\u0151i kos\u00e1rlabda\"},\"image\":{\"@id\":\"https:\/\/vasasbasket.hu\/#\/schema\/logo\/image\/\"},\"sameAs\":[\"https:\/\/www.facebook.com\/vasaswbasket\/\"]},{\"@type\":\"Person\",\"@id\":\"https:\/\/vasasbasket.hu\/#\/schema\/person\/f1085f4d2c6582d8d0f977e92de2edee\",\"name\":\"admin\",\"image\":{\"@type\":\"ImageObject\",\"inLanguage\":\"hu\",\"@id\":\"https:\/\/vasasbasket.hu\/#\/schema\/person\/image\/\",\"url\":\"https:\/\/secure.gravatar.com\/avatar\/645c92f7d9cfe02bd93ce2d1cfa11cd3a268bdfe65486552ff04b193cea07634?s=96&d=mm&r=g\",\"contentUrl\":\"https:\/\/secure.gravatar.com\/avatar\/645c92f7d9cfe02bd93ce2d1cfa11cd3a268bdfe65486552ff04b193cea07634?s=96&d=mm&r=g\",\"caption\":\"admin\"},\"url\":\"https:\/\/vasasbasket.hu\/index.php\/author\/admin\/\"}]}<\/script>\n<!-- \/ Yoast SEO plugin. -->","yoast_head_json":{"title":"K\u00e9t gy\u0151zelemmel z\u00e1rtak a Bolh\u00e1k - Vasas n\u0151i kos\u00e1rlabda","robots":{"index":"index","follow":"follow","max-snippet":"max-snippet:-1","max-image-preview":"max-image-preview:large","max-video-preview":"max-video-preview:-1"},"canonical":"https:\/\/vasasbasket.hu\/index.php\/ket-gyozelemmel-zartak-a-bolhak\/","og_locale":"hu_HU","og_type":"article","og_title":"K\u00e9t gy\u0151zelemmel z\u00e1rtak a Bolh\u00e1k - Vasas n\u0151i kos\u00e1rlabda","og_description":"U12\/B csapatunk a h\u00e9tv\u00e9g\u00e9n lej\u00e1tszotta bajnoks\u00e1g\u00e1nak m\u00e1sodik fordul\u00f3j\u00e1t, l\u00e1nyaink mindk\u00e9t m\u00e9rk\u0151z\u00e9s\u00fcket k\u00f6vet\u0151en gy\u0151ztesen hagyt\u00e1k el a p\u00e1ly\u00e1t. &#8222;A l\u00e1nyok ma mindent megval\u00f3s\u00edtottak, ami az els\u0151 fordul\u00f3b\u00f3l kimaradt. Els\u0151 perct\u0151l kezdve agressz\u00edvan v\u00e9dekeztek, a t\u00e1mad\u00e1sban pedig odafigyelve, kos\u00e1rra j\u00e1tszottak. M\u00e9g mindig akadtak ugyan apr\u00f3 pontatlans\u00e1gok, kihagyott ziccerek, de ennek ellen\u00e9re mind a k\u00e9t meccsen f\u00f6l\u00e9nyes gy\u0151zelmet...","og_url":"https:\/\/vasasbasket.hu\/index.php\/ket-gyozelemmel-zartak-a-bolhak\/","og_site_name":"Vasas n\u0151i kos\u00e1rlabda","article_publisher":"https:\/\/www.facebook.com\/vasaswbasket\/","article_published_time":"2019-11-12T17:07:42+00:00","og_image":[{"width":1536,"height":1341,"url":"https:\/\/vasasbasket.hu\/wp-content\/uploads\/2019\/11\/image1-5-e1573578058808.jpeg","type":"image\/jpeg"}],"author":"admin","twitter_card":"summary_large_image","twitter_misc":{"Szerz\u0151:":"admin","Becs\u00fclt olvas\u00e1si id\u0151":"1 perc"},"schema":{"@context":"https:\/\/schema.org","@graph":[{"@type":"Article","@id":"https:\/\/vasasbasket.hu\/index.php\/ket-gyozelemmel-zartak-a-bolhak\/#article","isPartOf":{"@id":"https:\/\/vasasbasket.hu\/index.php\/ket-gyozelemmel-zartak-a-bolhak\/"},"author":{"name":"admin","@id":"https:\/\/vasasbasket.hu\/#\/schema\/person\/f1085f4d2c6582d8d0f977e92de2edee"},"headline":"K\u00e9t gy\u0151zelemmel z\u00e1rtak a Bolh\u00e1k","datePublished":"2019-11-12T17:07:42+00:00","mainEntityOfPage":{"@id":"https:\/\/vasasbasket.hu\/index.php\/ket-gyozelemmel-zartak-a-bolhak\/"},"wordCount":281,"publisher":{"@id":"https:\/\/vasasbasket.hu\/#organization"},"image":{"@id":"https:\/\/vasasbasket.hu\/index.php\/ket-gyozelemmel-zartak-a-bolhak\/#primaryimage"},"thumbnailUrl":"https:\/\/vasasbasket.hu\/wp-content\/uploads\/2019\/11\/image1-5-e1573578058808.jpeg","articleSection":["Gyerek","\u00d6sszes H\u00edr"],"inLanguage":"hu"},{"@type":"WebPage","@id":"https:\/\/vasasbasket.hu\/index.php\/ket-gyozelemmel-zartak-a-bolhak\/","url":"https:\/\/vasasbasket.hu\/index.php\/ket-gyozelemmel-zartak-a-bolhak\/","name":"K\u00e9t gy\u0151zelemmel z\u00e1rtak a Bolh\u00e1k - Vasas n\u0151i kos\u00e1rlabda","isPartOf":{"@id":"https:\/\/vasasbasket.hu\/#website"},"primaryImageOfPage":{"@id":"https:\/\/vasasbasket.hu\/index.php\/ket-gyozelemmel-zartak-a-bolhak\/#primaryimage"},"image":{"@id":"https:\/\/vasasbasket.hu\/index.php\/ket-gyozelemmel-zartak-a-bolhak\/#primaryimage"},"thumbnailUrl":"https:\/\/vasasbasket.hu\/wp-content\/uploads\/2019\/11\/image1-5-e1573578058808.jpeg","datePublished":"2019-11-12T17:07:42+00:00","breadcrumb":{"@id":"https:\/\/vasasbasket.hu\/index.php\/ket-gyozelemmel-zartak-a-bolhak\/#breadcrumb"},"inLanguage":"hu","potentialAction":[{"@type":"ReadAction","target":["https:\/\/vasasbasket.hu\/index.php\/ket-gyozelemmel-zartak-a-bolhak\/"]}]},{"@type":"ImageObject","inLanguage":"hu","@id":"https:\/\/vasasbasket.hu\/index.php\/ket-gyozelemmel-zartak-a-bolhak\/#primaryimage","url":"https:\/\/vasasbasket.hu\/wp-content\/uploads\/2019\/11\/image1-5-e1573578058808.jpeg","contentUrl":"https:\/\/vasasbasket.hu\/wp-content\/uploads\/2019\/11\/image1-5-e1573578058808.jpeg","width":1536,"height":1341},{"@type":"BreadcrumbList","@id":"https:\/\/vasasbasket.hu\/index.php\/ket-gyozelemmel-zartak-a-bolhak\/#breadcrumb","itemListElement":[{"@type":"ListItem","position":1,"name":"Kezd\u0151lap","item":"https:\/\/vasasbasket.hu\/"},{"@type":"ListItem","position":2,"name":"K\u00e9t gy\u0151zelemmel z\u00e1rtak a Bolh\u00e1k"}]},{"@type":"WebSite","@id":"https:\/\/vasasbasket.hu\/#website","url":"https:\/\/vasasbasket.hu\/","name":"Vasas n\u0151i kos\u00e1rlabda","description":"Vasas Basket N\u0151i","publisher":{"@id":"https:\/\/vasasbasket.hu\/#organization"},"potentialAction":[{"@type":"SearchAction","target":{"@type":"EntryPoint","urlTemplate":"https:\/\/vasasbasket.hu\/?s={search_term_string}"},"query-input":{"@type":"PropertyValueSpecification","valueRequired":true,"valueName":"search_term_string"}}],"inLanguage":"hu"},{"@type":"Organization","@id":"https:\/\/vasasbasket.hu\/#organization","name":"Vasas n\u0151i kos\u00e1rlabda","url":"https:\/\/vasasbasket.hu\/","logo":{"@type":"ImageObject","inLanguage":"hu","@id":"https:\/\/vasasbasket.hu\/#\/schema\/logo\/image\/","url":"https:\/\/vasasbasket.hu\/wp-content\/uploads\/2017\/03\/vasas_cimer_1200.jpg","contentUrl":"https:\/\/vasasbasket.hu\/wp-content\/uploads\/2017\/03\/vasas_cimer_1200.jpg","width":1200,"height":1200,"caption":"Vasas n\u0151i kos\u00e1rlabda"},"image":{"@id":"https:\/\/vasasbasket.hu\/#\/schema\/logo\/image\/"},"sameAs":["https:\/\/www.facebook.com\/vasaswbasket\/"]},{"@type":"Person","@id":"https:\/\/vasasbasket.hu\/#\/schema\/person\/f1085f4d2c6582d8d0f977e92de2edee","name":"admin","image":{"@type":"ImageObject","inLanguage":"hu","@id":"https:\/\/vasasbasket.hu\/#\/schema\/person\/image\/","url":"https:\/\/secure.gravatar.com\/avatar\/645c92f7d9cfe02bd93ce2d1cfa11cd3a268bdfe65486552ff04b193cea07634?s=96&d=mm&r=g","contentUrl":"https:\/\/secure.gravatar.com\/avatar\/645c92f7d9cfe02bd93ce2d1cfa11cd3a268bdfe65486552ff04b193cea07634?s=96&d=mm&r=g","caption":"admin"},"url":"https:\/\/vasasbasket.hu\/index.php\/author\/admin\/"}]}},"_links":{"self":[{"href":"https:\/\/vasasbasket.hu\/index.php\/wp-json\/wp\/v2\/posts\/6350","targetHints":{"allow":["GET"]}}],"collection":[{"href":"https:\/\/vasasbasket.hu\/index.php\/wp-json\/wp\/v2\/posts"}],"about":[{"href":"https:\/\/vasasbasket.hu\/index.php\/wp-json\/wp\/v2\/types\/post"}],"author":[{"embeddable":true,"href":"https:\/\/vasasbasket.hu\/index.php\/wp-json\/wp\/v2\/users\/1"}],"replies":[{"embeddable":true,"href":"https:\/\/vasasbasket.hu\/index.php\/wp-json\/wp\/v2\/comments?post=6350"}],"version-history":[{"count":1,"href":"https:\/\/vasasbasket.hu\/index.php\/wp-json\/wp\/v2\/posts\/6350\/revisions"}],"predecessor-version":[{"id":6353,"href":"https:\/\/vasasbasket.hu\/index.php\/wp-json\/wp\/v2\/posts\/6350\/revisions\/6353"}],"wp:featuredmedia":[{"embeddable":true,"href":"https:\/\/vasasbasket.hu\/index.php\/wp-json\/wp\/v2\/media\/6351"}],"wp:attachment":[{"href":"https:\/\/vasasbasket.hu\/index.php\/wp-json\/wp\/v2\/media?parent=6350"}],"wp:term":[{"taxonomy":"category","embeddable":true,"href":"https:\/\/vasasbasket.hu\/index.php\/wp-json\/wp\/v2\/categories?post=6350"},{"taxonomy":"post_tag","embeddable":true,"href":"https:\/\/vasasbasket.hu\/index.php\/wp-json\/wp\/v2\/tags?post=6350"}],"curies":[{"name":"wp","href":"https:\/\/api.w.org\/{rel}","templated":true}]}}