{"id":6327,"date":"2019-11-11T10:55:49","date_gmt":"2019-11-11T10:55:49","guid":{"rendered":"http:\/\/vasasbasket.hu\/?p=6327"},"modified":"2019-11-11T10:55:49","modified_gmt":"2019-11-11T10:55:49","slug":"hazai-gyozelem-a-szolnok-ellen","status":"publish","type":"post","link":"https:\/\/vasasbasket.hu\/index.php\/hazai-gyozelem-a-szolnok-ellen\/","title":{"rendered":"Hazai gy\u0151zelem a Szolnok ellen"},"content":{"rendered":"<p><strong>Magabiztos gy\u0151zelmet arattak U18-as l\u00e1nyaink a kiemelt junior bajnoks\u00e1g soron k\u00f6vetkez\u0151 fordul\u00f3j\u00e1ban.<\/strong><\/p>\n<p><em>&#8222;Ezen a meccsen nem a megszokott szerkezettel l\u00e9pt\u00fcnk p\u00e1ly\u00e1ra annak \u00e9rdek\u00e9ben, hogy es\u00e9lyt adjunk azoknak a j\u00e1t\u00e9kosoknak is, akik eddig kevesebbet j\u00e1tszottak. M\u00e1r az els\u0151 perct\u0151l kezdve j\u00f3 ritmust dikt\u00e1ltunk, \u00edgy 21-13-as negyedet z\u00e1rtunk. A m\u00e1sodik j\u00e1t\u00e9kr\u00e9szben tov\u00e1bbra is hat\u00e9konyan m\u0171k\u00f6d\u00f6tt a megbesz\u00e9lt v\u00e9dekez\u00e9s \u00e9s t\u00e1mad\u00e1s, t\u00f6bb l\u00e1tv\u00e1nyos akci\u00f3t is bemutattak a l\u00e1nyok. K\u00fcl\u00f6n dics\u00e9retet \u00e9rdemel a hozz\u00e1\u00e1ll\u00e1s, hiszen a m\u00e1sodik f\u00e9lid\u0151ben a nagy el\u0151ny tudat\u00e1ban sem d\u0151lt\u00fcnk h\u00e1tra, sz\u00e9pen \u00e9s hat\u00e9konyan j\u00e1tszottunk az utols\u00f3 m\u00e1sodpercig. Gratul\u00e1lok az eg\u00e9sz csapatnak, f\u0151leg Altmann Ann\u00e1nak (15 IBM, 12 pont, 5 lepattan\u00f3), Salamon Zs\u00f3fi\u00e1nak ( 25 IBM, 18 pont, 13 lepattan\u00f3), Mad\u00e1r Eszternek (18 IBM, 12 pont, 5 lepattan\u00f3), \u00e9s L\u0151rinczy-Csom\u00f3s Pal\u00f3m\u00e1nak ( 12 IBM, 13 pont) a remek teljes\u00edtm\u00e9nyhez. Rem\u00e9lem ezzel a hozz\u00e1\u00e1ll\u00e1ssal folytatjuk a munk\u00e1t&#8221;<\/em> &#8211; mondta a csapat edz\u0151je, Igor Skocovski.<\/p>\n<p><strong>Vasas Akad\u00e9mia &#8211;<\/strong> Szolnoki MAV SE <strong>91-37<\/strong> ( 21-13, 27-8, 23-8, 20-8 )<br \/>\n<em>Pontszerz\u0151k:<br \/>\n<\/em><strong>Vasas Akad\u00e9mia A:<\/strong> Vigh B. 2, D\u00fal T. 5, Siklos D. 9,Kuncz Petra (Pepe). 11, L\u0151rinczy P. 13, Salamon Zs. 18, Nagy L. 0, Kun R. 3, Mad\u00e1r E. 12, Szeremy V. 4, Kuncz P. 2, Altmann A. 12<br \/>\n<strong>Szolnoki MAV SE:<\/strong> Emel Gy. 9, Szabo G. 4, Frank L. 4, Bede P., Nagy D. 5, Harmati A., Biro A., Munkacsi I. 9, Kovacs J. 2, Kardos E. 4<\/p>\n","protected":false},"excerpt":{"rendered":"<p>Magabiztos gy\u0151zelmet arattak U18-as l\u00e1nyaink a kiemelt junior bajnoks\u00e1g soron k\u00f6vetkez\u0151 fordul\u00f3j\u00e1ban. &#8222;Ezen a meccsen nem a megszokott szerkezettel l\u00e9pt\u00fcnk p\u00e1ly\u00e1ra annak \u00e9rdek\u00e9ben, hogy es\u00e9lyt adjunk azoknak a j\u00e1t\u00e9kosoknak is, akik eddig kevesebbet j\u00e1tszottak. M\u00e1r az els\u0151 perct\u0151l kezdve j\u00f3 ritmust dikt\u00e1ltunk, \u00edgy 21-13-as negyedet z\u00e1rtunk. A m\u00e1sodik j\u00e1t\u00e9kr\u00e9szben tov\u00e1bbra is hat\u00e9konyan m\u0171k\u00f6d\u00f6tt a megbesz\u00e9lt&#8230;<\/p>\n","protected":false},"author":1,"featured_media":6328,"comment_status":"closed","ping_status":"open","sticky":false,"template":"","format":"standard","meta":{"footnotes":""},"categories":[50,92],"tags":[],"class_list":["post-6327","post","type-post","status-publish","format-standard","has-post-thumbnail","hentry","category-junior","category-hirek"],"yoast_head":"<!-- This site is optimized with the Yoast SEO plugin v26.0 - https:\/\/yoast.com\/wordpress\/plugins\/seo\/ -->\n<title>Hazai gy\u0151zelem a Szolnok ellen - Vasas n\u0151i kos\u00e1rlabda<\/title>\n<meta name=\"robots\" content=\"index, follow, max-snippet:-1, max-image-preview:large, max-video-preview:-1\" \/>\n<link rel=\"canonical\" href=\"https:\/\/vasasbasket.hu\/index.php\/hazai-gyozelem-a-szolnok-ellen\/\" \/>\n<meta property=\"og:locale\" content=\"hu_HU\" \/>\n<meta property=\"og:type\" content=\"article\" \/>\n<meta property=\"og:title\" content=\"Hazai gy\u0151zelem a Szolnok ellen - Vasas n\u0151i kos\u00e1rlabda\" \/>\n<meta property=\"og:description\" content=\"Magabiztos gy\u0151zelmet arattak U18-as l\u00e1nyaink a kiemelt junior bajnoks\u00e1g soron k\u00f6vetkez\u0151 fordul\u00f3j\u00e1ban. &#8222;Ezen a meccsen nem a megszokott szerkezettel l\u00e9pt\u00fcnk p\u00e1ly\u00e1ra annak \u00e9rdek\u00e9ben, hogy es\u00e9lyt adjunk azoknak a j\u00e1t\u00e9kosoknak is, akik eddig kevesebbet j\u00e1tszottak. M\u00e1r az els\u0151 perct\u0151l kezdve j\u00f3 ritmust dikt\u00e1ltunk, \u00edgy 21-13-as negyedet z\u00e1rtunk. A m\u00e1sodik j\u00e1t\u00e9kr\u00e9szben tov\u00e1bbra is hat\u00e9konyan m\u0171k\u00f6d\u00f6tt a megbesz\u00e9lt...\" \/>\n<meta property=\"og:url\" content=\"https:\/\/vasasbasket.hu\/index.php\/hazai-gyozelem-a-szolnok-ellen\/\" \/>\n<meta property=\"og:site_name\" content=\"Vasas n\u0151i kos\u00e1rlabda\" \/>\n<meta property=\"article:publisher\" content=\"https:\/\/www.facebook.com\/vasaswbasket\/\" \/>\n<meta property=\"article:published_time\" content=\"2019-11-11T10:55:49+00:00\" \/>\n<meta property=\"og:image\" content=\"https:\/\/vasasbasket.hu\/wp-content\/uploads\/2019\/11\/74913851_535665797269419_4402472711125729280_n.jpg\" \/>\n\t<meta property=\"og:image:width\" content=\"1136\" \/>\n\t<meta property=\"og:image:height\" content=\"852\" \/>\n\t<meta property=\"og:image:type\" content=\"image\/jpeg\" \/>\n<meta name=\"author\" content=\"admin\" \/>\n<meta name=\"twitter:card\" content=\"summary_large_image\" \/>\n<meta name=\"twitter:label1\" content=\"Szerz\u0151:\" \/>\n\t<meta name=\"twitter:data1\" content=\"admin\" \/>\n\t<meta name=\"twitter:label2\" content=\"Becs\u00fclt olvas\u00e1si id\u0151\" \/>\n\t<meta name=\"twitter:data2\" content=\"1 perc\" \/>\n<script type=\"application\/ld+json\" class=\"yoast-schema-graph\">{\"@context\":\"https:\/\/schema.org\",\"@graph\":[{\"@type\":\"Article\",\"@id\":\"https:\/\/vasasbasket.hu\/index.php\/hazai-gyozelem-a-szolnok-ellen\/#article\",\"isPartOf\":{\"@id\":\"https:\/\/vasasbasket.hu\/index.php\/hazai-gyozelem-a-szolnok-ellen\/\"},\"author\":{\"name\":\"admin\",\"@id\":\"https:\/\/vasasbasket.hu\/#\/schema\/person\/f1085f4d2c6582d8d0f977e92de2edee\"},\"headline\":\"Hazai gy\u0151zelem a Szolnok ellen\",\"datePublished\":\"2019-11-11T10:55:49+00:00\",\"mainEntityOfPage\":{\"@id\":\"https:\/\/vasasbasket.hu\/index.php\/hazai-gyozelem-a-szolnok-ellen\/\"},\"wordCount\":280,\"publisher\":{\"@id\":\"https:\/\/vasasbasket.hu\/#organization\"},\"image\":{\"@id\":\"https:\/\/vasasbasket.hu\/index.php\/hazai-gyozelem-a-szolnok-ellen\/#primaryimage\"},\"thumbnailUrl\":\"https:\/\/vasasbasket.hu\/wp-content\/uploads\/2019\/11\/74913851_535665797269419_4402472711125729280_n.jpg\",\"articleSection\":[\"Junior\",\"\u00d6sszes H\u00edr\"],\"inLanguage\":\"hu\"},{\"@type\":\"WebPage\",\"@id\":\"https:\/\/vasasbasket.hu\/index.php\/hazai-gyozelem-a-szolnok-ellen\/\",\"url\":\"https:\/\/vasasbasket.hu\/index.php\/hazai-gyozelem-a-szolnok-ellen\/\",\"name\":\"Hazai gy\u0151zelem a Szolnok ellen - Vasas n\u0151i kos\u00e1rlabda\",\"isPartOf\":{\"@id\":\"https:\/\/vasasbasket.hu\/#website\"},\"primaryImageOfPage\":{\"@id\":\"https:\/\/vasasbasket.hu\/index.php\/hazai-gyozelem-a-szolnok-ellen\/#primaryimage\"},\"image\":{\"@id\":\"https:\/\/vasasbasket.hu\/index.php\/hazai-gyozelem-a-szolnok-ellen\/#primaryimage\"},\"thumbnailUrl\":\"https:\/\/vasasbasket.hu\/wp-content\/uploads\/2019\/11\/74913851_535665797269419_4402472711125729280_n.jpg\",\"datePublished\":\"2019-11-11T10:55:49+00:00\",\"breadcrumb\":{\"@id\":\"https:\/\/vasasbasket.hu\/index.php\/hazai-gyozelem-a-szolnok-ellen\/#breadcrumb\"},\"inLanguage\":\"hu\",\"potentialAction\":[{\"@type\":\"ReadAction\",\"target\":[\"https:\/\/vasasbasket.hu\/index.php\/hazai-gyozelem-a-szolnok-ellen\/\"]}]},{\"@type\":\"ImageObject\",\"inLanguage\":\"hu\",\"@id\":\"https:\/\/vasasbasket.hu\/index.php\/hazai-gyozelem-a-szolnok-ellen\/#primaryimage\",\"url\":\"https:\/\/vasasbasket.hu\/wp-content\/uploads\/2019\/11\/74913851_535665797269419_4402472711125729280_n.jpg\",\"contentUrl\":\"https:\/\/vasasbasket.hu\/wp-content\/uploads\/2019\/11\/74913851_535665797269419_4402472711125729280_n.jpg\",\"width\":1136,\"height\":852},{\"@type\":\"BreadcrumbList\",\"@id\":\"https:\/\/vasasbasket.hu\/index.php\/hazai-gyozelem-a-szolnok-ellen\/#breadcrumb\",\"itemListElement\":[{\"@type\":\"ListItem\",\"position\":1,\"name\":\"Kezd\u0151lap\",\"item\":\"https:\/\/vasasbasket.hu\/\"},{\"@type\":\"ListItem\",\"position\":2,\"name\":\"Hazai gy\u0151zelem a Szolnok ellen\"}]},{\"@type\":\"WebSite\",\"@id\":\"https:\/\/vasasbasket.hu\/#website\",\"url\":\"https:\/\/vasasbasket.hu\/\",\"name\":\"Vasas n\u0151i kos\u00e1rlabda\",\"description\":\"Vasas Basket N\u0151i\",\"publisher\":{\"@id\":\"https:\/\/vasasbasket.hu\/#organization\"},\"potentialAction\":[{\"@type\":\"SearchAction\",\"target\":{\"@type\":\"EntryPoint\",\"urlTemplate\":\"https:\/\/vasasbasket.hu\/?s={search_term_string}\"},\"query-input\":{\"@type\":\"PropertyValueSpecification\",\"valueRequired\":true,\"valueName\":\"search_term_string\"}}],\"inLanguage\":\"hu\"},{\"@type\":\"Organization\",\"@id\":\"https:\/\/vasasbasket.hu\/#organization\",\"name\":\"Vasas n\u0151i kos\u00e1rlabda\",\"url\":\"https:\/\/vasasbasket.hu\/\",\"logo\":{\"@type\":\"ImageObject\",\"inLanguage\":\"hu\",\"@id\":\"https:\/\/vasasbasket.hu\/#\/schema\/logo\/image\/\",\"url\":\"https:\/\/vasasbasket.hu\/wp-content\/uploads\/2017\/03\/vasas_cimer_1200.jpg\",\"contentUrl\":\"https:\/\/vasasbasket.hu\/wp-content\/uploads\/2017\/03\/vasas_cimer_1200.jpg\",\"width\":1200,\"height\":1200,\"caption\":\"Vasas n\u0151i kos\u00e1rlabda\"},\"image\":{\"@id\":\"https:\/\/vasasbasket.hu\/#\/schema\/logo\/image\/\"},\"sameAs\":[\"https:\/\/www.facebook.com\/vasaswbasket\/\"]},{\"@type\":\"Person\",\"@id\":\"https:\/\/vasasbasket.hu\/#\/schema\/person\/f1085f4d2c6582d8d0f977e92de2edee\",\"name\":\"admin\",\"image\":{\"@type\":\"ImageObject\",\"inLanguage\":\"hu\",\"@id\":\"https:\/\/vasasbasket.hu\/#\/schema\/person\/image\/\",\"url\":\"https:\/\/secure.gravatar.com\/avatar\/645c92f7d9cfe02bd93ce2d1cfa11cd3a268bdfe65486552ff04b193cea07634?s=96&d=mm&r=g\",\"contentUrl\":\"https:\/\/secure.gravatar.com\/avatar\/645c92f7d9cfe02bd93ce2d1cfa11cd3a268bdfe65486552ff04b193cea07634?s=96&d=mm&r=g\",\"caption\":\"admin\"},\"url\":\"https:\/\/vasasbasket.hu\/index.php\/author\/admin\/\"}]}<\/script>\n<!-- \/ Yoast SEO plugin. -->","yoast_head_json":{"title":"Hazai gy\u0151zelem a Szolnok ellen - Vasas n\u0151i kos\u00e1rlabda","robots":{"index":"index","follow":"follow","max-snippet":"max-snippet:-1","max-image-preview":"max-image-preview:large","max-video-preview":"max-video-preview:-1"},"canonical":"https:\/\/vasasbasket.hu\/index.php\/hazai-gyozelem-a-szolnok-ellen\/","og_locale":"hu_HU","og_type":"article","og_title":"Hazai gy\u0151zelem a Szolnok ellen - Vasas n\u0151i kos\u00e1rlabda","og_description":"Magabiztos gy\u0151zelmet arattak U18-as l\u00e1nyaink a kiemelt junior bajnoks\u00e1g soron k\u00f6vetkez\u0151 fordul\u00f3j\u00e1ban. &#8222;Ezen a meccsen nem a megszokott szerkezettel l\u00e9pt\u00fcnk p\u00e1ly\u00e1ra annak \u00e9rdek\u00e9ben, hogy es\u00e9lyt adjunk azoknak a j\u00e1t\u00e9kosoknak is, akik eddig kevesebbet j\u00e1tszottak. M\u00e1r az els\u0151 perct\u0151l kezdve j\u00f3 ritmust dikt\u00e1ltunk, \u00edgy 21-13-as negyedet z\u00e1rtunk. A m\u00e1sodik j\u00e1t\u00e9kr\u00e9szben tov\u00e1bbra is hat\u00e9konyan m\u0171k\u00f6d\u00f6tt a megbesz\u00e9lt...","og_url":"https:\/\/vasasbasket.hu\/index.php\/hazai-gyozelem-a-szolnok-ellen\/","og_site_name":"Vasas n\u0151i kos\u00e1rlabda","article_publisher":"https:\/\/www.facebook.com\/vasaswbasket\/","article_published_time":"2019-11-11T10:55:49+00:00","og_image":[{"width":1136,"height":852,"url":"https:\/\/vasasbasket.hu\/wp-content\/uploads\/2019\/11\/74913851_535665797269419_4402472711125729280_n.jpg","type":"image\/jpeg"}],"author":"admin","twitter_card":"summary_large_image","twitter_misc":{"Szerz\u0151:":"admin","Becs\u00fclt olvas\u00e1si id\u0151":"1 perc"},"schema":{"@context":"https:\/\/schema.org","@graph":[{"@type":"Article","@id":"https:\/\/vasasbasket.hu\/index.php\/hazai-gyozelem-a-szolnok-ellen\/#article","isPartOf":{"@id":"https:\/\/vasasbasket.hu\/index.php\/hazai-gyozelem-a-szolnok-ellen\/"},"author":{"name":"admin","@id":"https:\/\/vasasbasket.hu\/#\/schema\/person\/f1085f4d2c6582d8d0f977e92de2edee"},"headline":"Hazai gy\u0151zelem a Szolnok ellen","datePublished":"2019-11-11T10:55:49+00:00","mainEntityOfPage":{"@id":"https:\/\/vasasbasket.hu\/index.php\/hazai-gyozelem-a-szolnok-ellen\/"},"wordCount":280,"publisher":{"@id":"https:\/\/vasasbasket.hu\/#organization"},"image":{"@id":"https:\/\/vasasbasket.hu\/index.php\/hazai-gyozelem-a-szolnok-ellen\/#primaryimage"},"thumbnailUrl":"https:\/\/vasasbasket.hu\/wp-content\/uploads\/2019\/11\/74913851_535665797269419_4402472711125729280_n.jpg","articleSection":["Junior","\u00d6sszes H\u00edr"],"inLanguage":"hu"},{"@type":"WebPage","@id":"https:\/\/vasasbasket.hu\/index.php\/hazai-gyozelem-a-szolnok-ellen\/","url":"https:\/\/vasasbasket.hu\/index.php\/hazai-gyozelem-a-szolnok-ellen\/","name":"Hazai gy\u0151zelem a Szolnok ellen - Vasas n\u0151i kos\u00e1rlabda","isPartOf":{"@id":"https:\/\/vasasbasket.hu\/#website"},"primaryImageOfPage":{"@id":"https:\/\/vasasbasket.hu\/index.php\/hazai-gyozelem-a-szolnok-ellen\/#primaryimage"},"image":{"@id":"https:\/\/vasasbasket.hu\/index.php\/hazai-gyozelem-a-szolnok-ellen\/#primaryimage"},"thumbnailUrl":"https:\/\/vasasbasket.hu\/wp-content\/uploads\/2019\/11\/74913851_535665797269419_4402472711125729280_n.jpg","datePublished":"2019-11-11T10:55:49+00:00","breadcrumb":{"@id":"https:\/\/vasasbasket.hu\/index.php\/hazai-gyozelem-a-szolnok-ellen\/#breadcrumb"},"inLanguage":"hu","potentialAction":[{"@type":"ReadAction","target":["https:\/\/vasasbasket.hu\/index.php\/hazai-gyozelem-a-szolnok-ellen\/"]}]},{"@type":"ImageObject","inLanguage":"hu","@id":"https:\/\/vasasbasket.hu\/index.php\/hazai-gyozelem-a-szolnok-ellen\/#primaryimage","url":"https:\/\/vasasbasket.hu\/wp-content\/uploads\/2019\/11\/74913851_535665797269419_4402472711125729280_n.jpg","contentUrl":"https:\/\/vasasbasket.hu\/wp-content\/uploads\/2019\/11\/74913851_535665797269419_4402472711125729280_n.jpg","width":1136,"height":852},{"@type":"BreadcrumbList","@id":"https:\/\/vasasbasket.hu\/index.php\/hazai-gyozelem-a-szolnok-ellen\/#breadcrumb","itemListElement":[{"@type":"ListItem","position":1,"name":"Kezd\u0151lap","item":"https:\/\/vasasbasket.hu\/"},{"@type":"ListItem","position":2,"name":"Hazai gy\u0151zelem a Szolnok ellen"}]},{"@type":"WebSite","@id":"https:\/\/vasasbasket.hu\/#website","url":"https:\/\/vasasbasket.hu\/","name":"Vasas n\u0151i kos\u00e1rlabda","description":"Vasas Basket N\u0151i","publisher":{"@id":"https:\/\/vasasbasket.hu\/#organization"},"potentialAction":[{"@type":"SearchAction","target":{"@type":"EntryPoint","urlTemplate":"https:\/\/vasasbasket.hu\/?s={search_term_string}"},"query-input":{"@type":"PropertyValueSpecification","valueRequired":true,"valueName":"search_term_string"}}],"inLanguage":"hu"},{"@type":"Organization","@id":"https:\/\/vasasbasket.hu\/#organization","name":"Vasas n\u0151i kos\u00e1rlabda","url":"https:\/\/vasasbasket.hu\/","logo":{"@type":"ImageObject","inLanguage":"hu","@id":"https:\/\/vasasbasket.hu\/#\/schema\/logo\/image\/","url":"https:\/\/vasasbasket.hu\/wp-content\/uploads\/2017\/03\/vasas_cimer_1200.jpg","contentUrl":"https:\/\/vasasbasket.hu\/wp-content\/uploads\/2017\/03\/vasas_cimer_1200.jpg","width":1200,"height":1200,"caption":"Vasas n\u0151i kos\u00e1rlabda"},"image":{"@id":"https:\/\/vasasbasket.hu\/#\/schema\/logo\/image\/"},"sameAs":["https:\/\/www.facebook.com\/vasaswbasket\/"]},{"@type":"Person","@id":"https:\/\/vasasbasket.hu\/#\/schema\/person\/f1085f4d2c6582d8d0f977e92de2edee","name":"admin","image":{"@type":"ImageObject","inLanguage":"hu","@id":"https:\/\/vasasbasket.hu\/#\/schema\/person\/image\/","url":"https:\/\/secure.gravatar.com\/avatar\/645c92f7d9cfe02bd93ce2d1cfa11cd3a268bdfe65486552ff04b193cea07634?s=96&d=mm&r=g","contentUrl":"https:\/\/secure.gravatar.com\/avatar\/645c92f7d9cfe02bd93ce2d1cfa11cd3a268bdfe65486552ff04b193cea07634?s=96&d=mm&r=g","caption":"admin"},"url":"https:\/\/vasasbasket.hu\/index.php\/author\/admin\/"}]}},"_links":{"self":[{"href":"https:\/\/vasasbasket.hu\/index.php\/wp-json\/wp\/v2\/posts\/6327","targetHints":{"allow":["GET"]}}],"collection":[{"href":"https:\/\/vasasbasket.hu\/index.php\/wp-json\/wp\/v2\/posts"}],"about":[{"href":"https:\/\/vasasbasket.hu\/index.php\/wp-json\/wp\/v2\/types\/post"}],"author":[{"embeddable":true,"href":"https:\/\/vasasbasket.hu\/index.php\/wp-json\/wp\/v2\/users\/1"}],"replies":[{"embeddable":true,"href":"https:\/\/vasasbasket.hu\/index.php\/wp-json\/wp\/v2\/comments?post=6327"}],"version-history":[{"count":1,"href":"https:\/\/vasasbasket.hu\/index.php\/wp-json\/wp\/v2\/posts\/6327\/revisions"}],"predecessor-version":[{"id":6329,"href":"https:\/\/vasasbasket.hu\/index.php\/wp-json\/wp\/v2\/posts\/6327\/revisions\/6329"}],"wp:featuredmedia":[{"embeddable":true,"href":"https:\/\/vasasbasket.hu\/index.php\/wp-json\/wp\/v2\/media\/6328"}],"wp:attachment":[{"href":"https:\/\/vasasbasket.hu\/index.php\/wp-json\/wp\/v2\/media?parent=6327"}],"wp:term":[{"taxonomy":"category","embeddable":true,"href":"https:\/\/vasasbasket.hu\/index.php\/wp-json\/wp\/v2\/categories?post=6327"},{"taxonomy":"post_tag","embeddable":true,"href":"https:\/\/vasasbasket.hu\/index.php\/wp-json\/wp\/v2\/tags?post=6327"}],"curies":[{"name":"wp","href":"https:\/\/api.w.org\/{rel}","templated":true}]}}