{"id":6313,"date":"2019-11-07T14:23:16","date_gmt":"2019-11-07T14:23:16","guid":{"rendered":"http:\/\/vasasbasket.hu\/?p=6313"},"modified":"2019-11-07T14:23:16","modified_gmt":"2019-11-07T14:23:16","slug":"eros-tempot-diktaltunk-szekszardon","status":"publish","type":"post","link":"https:\/\/vasasbasket.hu\/index.php\/eros-tempot-diktaltunk-szekszardon\/","title":{"rendered":"Er\u0151s temp\u00f3t dikt\u00e1ltunk Szeksz\u00e1rdon"},"content":{"rendered":"<p><strong>Junior csapatunk Szeksz\u00e1rdra l\u00e1togatott kedden, ahol egy hat\u00e1rozott kezd\u00e9st k\u00f6vet\u0151en Vasas Akad\u00e9mia gy\u0151zelemnek \u00f6r\u00fclhett\u00fcnk a m\u00e9rk\u0151z\u00e9s v\u00e9g\u00e9n.<\/strong><\/p>\n<p><em>&#8222;M\u00e1r az elej\u00e9n megmutattuk, komoly hozz\u00e1\u00e1ll\u00e1ssal \u00e9rkezt\u00fcnk Szeksz\u00e1rdra, \u00e9s \u00f6t percet k\u00f6vet\u0151en 13-7-re vezett\u00fcnk. A m\u00e1sodik negyedben is folytat\u00f3dott a j\u00f3 teljes\u00edtm\u00e9ny, remek\u00fcl v\u00e9dekezt\u00fcnk, sok pontot szerezt\u00fcnk gyorsind\u00edt\u00e1sb\u00f3l. A legjobb azonban m\u00e9g h\u00e1tra volt, a harmadik negyedben ugyanis elk\u00e1pr\u00e1ztattak a l\u00e1nyok, amihez k\u00fcl\u00f6n gratul\u00e1lok. L\u00e1that\u00f3 volt a motiv\u00e1lts\u00e1g, hogy mindenki meg akarta mutatni mire is k\u00e9pes val\u00f3j\u00e1ban, ez pedig az eredm\u00e9nyjelz\u0151n is megl\u00e1tszott, 62-37 volt az \u00e1ll\u00e1s a hajr\u00e1 el\u0151tt. Sajnos a negyedik negyedben kiengedt\u00fcnk, nem a saj\u00e1t j\u00e1t\u00e9kunkat j\u00e1tszottuk, gyeng\u00e9n v\u00e9dekezt\u00fcnk, \u00e9s t\u00e1mad\u00f3j\u00e1t\u00e9kunk sem volt t\u00fal hat\u00e9kony. Megdics\u00e9rek mindenkit, hiszen \u00fagy j\u00e1tszottunk, ahogyan azt el\u0151tte megbesz\u00e9lt\u00fck. Altmann Anna (15 IBM, 17 pont, 8 lepattan\u00f3), Salamon Zs\u00f3fia (9 IBM, 9 pont) \u00e9s Mad\u00e1r Eszter (13 IBM, 8 pont, 5 lepattan\u00f3) k\u00fcl\u00f6n dics\u00e9retet \u00e9rdemel. Gratul\u00e1lok l\u00e1nyok, fontos volt ez a gy\u0151zelem&#8221;<\/em> &#8211; mondta a csapat edz\u0151je, Igor Skocovski. <img loading=\"lazy\" decoding=\"async\" class=\" wp-image-6314 aligncenter\" src=\"http:\/\/vasasbasket.hu\/wp-content\/uploads\/2019\/11\/75210178_962401330797421_7067406468395302912_n-1024x768.jpg\" alt=\"\" width=\"550\" height=\"412\" srcset=\"https:\/\/vasasbasket.hu\/wp-content\/uploads\/2019\/11\/75210178_962401330797421_7067406468395302912_n-1024x768.jpg 1024w, https:\/\/vasasbasket.hu\/wp-content\/uploads\/2019\/11\/75210178_962401330797421_7067406468395302912_n-570x428.jpg 570w, https:\/\/vasasbasket.hu\/wp-content\/uploads\/2019\/11\/75210178_962401330797421_7067406468395302912_n-440x330.jpg 440w, https:\/\/vasasbasket.hu\/wp-content\/uploads\/2019\/11\/75210178_962401330797421_7067406468395302912_n-300x225.jpg 300w, https:\/\/vasasbasket.hu\/wp-content\/uploads\/2019\/11\/75210178_962401330797421_7067406468395302912_n-768x576.jpg 768w, https:\/\/vasasbasket.hu\/wp-content\/uploads\/2019\/11\/75210178_962401330797421_7067406468395302912_n-128x96.jpg 128w, https:\/\/vasasbasket.hu\/wp-content\/uploads\/2019\/11\/75210178_962401330797421_7067406468395302912_n-32x24.jpg 32w, https:\/\/vasasbasket.hu\/wp-content\/uploads\/2019\/11\/75210178_962401330797421_7067406468395302912_n-98x74.jpg 98w, https:\/\/vasasbasket.hu\/wp-content\/uploads\/2019\/11\/75210178_962401330797421_7067406468395302912_n.jpg 1984w\" sizes=\"auto, (max-width: 550px) 100vw, 550px\" \/><\/p>\n<p>Atomer\u0151m\u0171 KSC Szeksz\u00e1rd<strong> &#8211; Vasas Akad\u00e9mia 55-68<\/strong> (15-23, 14-21, 8-18, 18-6)<br \/>\n<em>Pontszerz\u0151k:<\/em><br \/>\n<strong>Atomer\u0151m\u0171 KSC Szeksz\u00e1rd:<\/strong> Andi H. 3, Renczes R., Vincze N. 14, Samoczi Zs., Istokovics A. 4, Horvath D. 4, Haag P. 6, Pop A., Vilannyi A., Nmeth L. 8, Holcz R. 10, Sinka N. 6<br \/>\n<strong>Vasas Akad\u00e9mia\/A:<\/strong> Vigh B. 4, D\u00fal T. 2, Mudra V. 7,Kuncz p. 8, L\u0151rinczy P. 2, Salamon Zs. 9, Nagy L. 3, Kun R. 4, Szerencses T. 4, Mad\u00e1r E. 8, Kuncz P., Altmann A. 17<\/p>\n","protected":false},"excerpt":{"rendered":"<p>Junior csapatunk Szeksz\u00e1rdra l\u00e1togatott kedden, ahol egy hat\u00e1rozott kezd\u00e9st k\u00f6vet\u0151en Vasas Akad\u00e9mia gy\u0151zelemnek \u00f6r\u00fclhett\u00fcnk a m\u00e9rk\u0151z\u00e9s v\u00e9g\u00e9n. &#8222;M\u00e1r az elej\u00e9n megmutattuk, komoly hozz\u00e1\u00e1ll\u00e1ssal \u00e9rkezt\u00fcnk Szeksz\u00e1rdra, \u00e9s \u00f6t percet k\u00f6vet\u0151en 13-7-re vezett\u00fcnk. A m\u00e1sodik negyedben is folytat\u00f3dott a j\u00f3 teljes\u00edtm\u00e9ny, remek\u00fcl v\u00e9dekezt\u00fcnk, sok pontot szerezt\u00fcnk gyorsind\u00edt\u00e1sb\u00f3l. A legjobb azonban m\u00e9g h\u00e1tra volt, a harmadik negyedben ugyanis&#8230;<\/p>\n","protected":false},"author":1,"featured_media":6315,"comment_status":"closed","ping_status":"open","sticky":false,"template":"","format":"standard","meta":{"footnotes":""},"categories":[50,92],"tags":[],"class_list":["post-6313","post","type-post","status-publish","format-standard","has-post-thumbnail","hentry","category-junior","category-hirek"],"yoast_head":"<!-- This site is optimized with the Yoast SEO plugin v26.0 - https:\/\/yoast.com\/wordpress\/plugins\/seo\/ -->\n<title>Er\u0151s temp\u00f3t dikt\u00e1ltunk Szeksz\u00e1rdon - Vasas n\u0151i kos\u00e1rlabda<\/title>\n<meta name=\"robots\" content=\"index, follow, max-snippet:-1, max-image-preview:large, max-video-preview:-1\" \/>\n<link rel=\"canonical\" href=\"https:\/\/vasasbasket.hu\/index.php\/eros-tempot-diktaltunk-szekszardon\/\" \/>\n<meta property=\"og:locale\" content=\"hu_HU\" \/>\n<meta property=\"og:type\" content=\"article\" \/>\n<meta property=\"og:title\" content=\"Er\u0151s temp\u00f3t dikt\u00e1ltunk Szeksz\u00e1rdon - Vasas n\u0151i kos\u00e1rlabda\" \/>\n<meta property=\"og:description\" content=\"Junior csapatunk Szeksz\u00e1rdra l\u00e1togatott kedden, ahol egy hat\u00e1rozott kezd\u00e9st k\u00f6vet\u0151en Vasas Akad\u00e9mia gy\u0151zelemnek \u00f6r\u00fclhett\u00fcnk a m\u00e9rk\u0151z\u00e9s v\u00e9g\u00e9n. &#8222;M\u00e1r az elej\u00e9n megmutattuk, komoly hozz\u00e1\u00e1ll\u00e1ssal \u00e9rkezt\u00fcnk Szeksz\u00e1rdra, \u00e9s \u00f6t percet k\u00f6vet\u0151en 13-7-re vezett\u00fcnk. A m\u00e1sodik negyedben is folytat\u00f3dott a j\u00f3 teljes\u00edtm\u00e9ny, remek\u00fcl v\u00e9dekezt\u00fcnk, sok pontot szerezt\u00fcnk gyorsind\u00edt\u00e1sb\u00f3l. A legjobb azonban m\u00e9g h\u00e1tra volt, a harmadik negyedben ugyanis...\" \/>\n<meta property=\"og:url\" content=\"https:\/\/vasasbasket.hu\/index.php\/eros-tempot-diktaltunk-szekszardon\/\" \/>\n<meta property=\"og:site_name\" content=\"Vasas n\u0151i kos\u00e1rlabda\" \/>\n<meta property=\"article:publisher\" content=\"https:\/\/www.facebook.com\/vasaswbasket\/\" \/>\n<meta property=\"article:published_time\" content=\"2019-11-07T14:23:16+00:00\" \/>\n<meta property=\"og:image\" content=\"https:\/\/vasasbasket.hu\/wp-content\/uploads\/2019\/11\/74217869_1337505919764470_8029451422980374528_n.jpg\" \/>\n\t<meta property=\"og:image:width\" content=\"1984\" \/>\n\t<meta property=\"og:image:height\" content=\"1488\" \/>\n\t<meta property=\"og:image:type\" content=\"image\/jpeg\" \/>\n<meta name=\"author\" content=\"admin\" \/>\n<meta name=\"twitter:card\" content=\"summary_large_image\" \/>\n<meta name=\"twitter:label1\" content=\"Szerz\u0151:\" \/>\n\t<meta name=\"twitter:data1\" content=\"admin\" \/>\n\t<meta name=\"twitter:label2\" content=\"Becs\u00fclt olvas\u00e1si id\u0151\" \/>\n\t<meta name=\"twitter:data2\" content=\"2 perc\" \/>\n<script type=\"application\/ld+json\" class=\"yoast-schema-graph\">{\"@context\":\"https:\/\/schema.org\",\"@graph\":[{\"@type\":\"Article\",\"@id\":\"https:\/\/vasasbasket.hu\/index.php\/eros-tempot-diktaltunk-szekszardon\/#article\",\"isPartOf\":{\"@id\":\"https:\/\/vasasbasket.hu\/index.php\/eros-tempot-diktaltunk-szekszardon\/\"},\"author\":{\"name\":\"admin\",\"@id\":\"https:\/\/vasasbasket.hu\/#\/schema\/person\/f1085f4d2c6582d8d0f977e92de2edee\"},\"headline\":\"Er\u0151s temp\u00f3t dikt\u00e1ltunk Szeksz\u00e1rdon\",\"datePublished\":\"2019-11-07T14:23:16+00:00\",\"mainEntityOfPage\":{\"@id\":\"https:\/\/vasasbasket.hu\/index.php\/eros-tempot-diktaltunk-szekszardon\/\"},\"wordCount\":313,\"publisher\":{\"@id\":\"https:\/\/vasasbasket.hu\/#organization\"},\"image\":{\"@id\":\"https:\/\/vasasbasket.hu\/index.php\/eros-tempot-diktaltunk-szekszardon\/#primaryimage\"},\"thumbnailUrl\":\"https:\/\/vasasbasket.hu\/wp-content\/uploads\/2019\/11\/74217869_1337505919764470_8029451422980374528_n.jpg\",\"articleSection\":[\"Junior\",\"\u00d6sszes H\u00edr\"],\"inLanguage\":\"hu\"},{\"@type\":\"WebPage\",\"@id\":\"https:\/\/vasasbasket.hu\/index.php\/eros-tempot-diktaltunk-szekszardon\/\",\"url\":\"https:\/\/vasasbasket.hu\/index.php\/eros-tempot-diktaltunk-szekszardon\/\",\"name\":\"Er\u0151s temp\u00f3t dikt\u00e1ltunk Szeksz\u00e1rdon - Vasas n\u0151i kos\u00e1rlabda\",\"isPartOf\":{\"@id\":\"https:\/\/vasasbasket.hu\/#website\"},\"primaryImageOfPage\":{\"@id\":\"https:\/\/vasasbasket.hu\/index.php\/eros-tempot-diktaltunk-szekszardon\/#primaryimage\"},\"image\":{\"@id\":\"https:\/\/vasasbasket.hu\/index.php\/eros-tempot-diktaltunk-szekszardon\/#primaryimage\"},\"thumbnailUrl\":\"https:\/\/vasasbasket.hu\/wp-content\/uploads\/2019\/11\/74217869_1337505919764470_8029451422980374528_n.jpg\",\"datePublished\":\"2019-11-07T14:23:16+00:00\",\"breadcrumb\":{\"@id\":\"https:\/\/vasasbasket.hu\/index.php\/eros-tempot-diktaltunk-szekszardon\/#breadcrumb\"},\"inLanguage\":\"hu\",\"potentialAction\":[{\"@type\":\"ReadAction\",\"target\":[\"https:\/\/vasasbasket.hu\/index.php\/eros-tempot-diktaltunk-szekszardon\/\"]}]},{\"@type\":\"ImageObject\",\"inLanguage\":\"hu\",\"@id\":\"https:\/\/vasasbasket.hu\/index.php\/eros-tempot-diktaltunk-szekszardon\/#primaryimage\",\"url\":\"https:\/\/vasasbasket.hu\/wp-content\/uploads\/2019\/11\/74217869_1337505919764470_8029451422980374528_n.jpg\",\"contentUrl\":\"https:\/\/vasasbasket.hu\/wp-content\/uploads\/2019\/11\/74217869_1337505919764470_8029451422980374528_n.jpg\",\"width\":1984,\"height\":1488},{\"@type\":\"BreadcrumbList\",\"@id\":\"https:\/\/vasasbasket.hu\/index.php\/eros-tempot-diktaltunk-szekszardon\/#breadcrumb\",\"itemListElement\":[{\"@type\":\"ListItem\",\"position\":1,\"name\":\"Kezd\u0151lap\",\"item\":\"https:\/\/vasasbasket.hu\/\"},{\"@type\":\"ListItem\",\"position\":2,\"name\":\"Er\u0151s temp\u00f3t dikt\u00e1ltunk Szeksz\u00e1rdon\"}]},{\"@type\":\"WebSite\",\"@id\":\"https:\/\/vasasbasket.hu\/#website\",\"url\":\"https:\/\/vasasbasket.hu\/\",\"name\":\"Vasas n\u0151i kos\u00e1rlabda\",\"description\":\"Vasas Basket N\u0151i\",\"publisher\":{\"@id\":\"https:\/\/vasasbasket.hu\/#organization\"},\"potentialAction\":[{\"@type\":\"SearchAction\",\"target\":{\"@type\":\"EntryPoint\",\"urlTemplate\":\"https:\/\/vasasbasket.hu\/?s={search_term_string}\"},\"query-input\":{\"@type\":\"PropertyValueSpecification\",\"valueRequired\":true,\"valueName\":\"search_term_string\"}}],\"inLanguage\":\"hu\"},{\"@type\":\"Organization\",\"@id\":\"https:\/\/vasasbasket.hu\/#organization\",\"name\":\"Vasas n\u0151i kos\u00e1rlabda\",\"url\":\"https:\/\/vasasbasket.hu\/\",\"logo\":{\"@type\":\"ImageObject\",\"inLanguage\":\"hu\",\"@id\":\"https:\/\/vasasbasket.hu\/#\/schema\/logo\/image\/\",\"url\":\"https:\/\/vasasbasket.hu\/wp-content\/uploads\/2017\/03\/vasas_cimer_1200.jpg\",\"contentUrl\":\"https:\/\/vasasbasket.hu\/wp-content\/uploads\/2017\/03\/vasas_cimer_1200.jpg\",\"width\":1200,\"height\":1200,\"caption\":\"Vasas n\u0151i kos\u00e1rlabda\"},\"image\":{\"@id\":\"https:\/\/vasasbasket.hu\/#\/schema\/logo\/image\/\"},\"sameAs\":[\"https:\/\/www.facebook.com\/vasaswbasket\/\"]},{\"@type\":\"Person\",\"@id\":\"https:\/\/vasasbasket.hu\/#\/schema\/person\/f1085f4d2c6582d8d0f977e92de2edee\",\"name\":\"admin\",\"image\":{\"@type\":\"ImageObject\",\"inLanguage\":\"hu\",\"@id\":\"https:\/\/vasasbasket.hu\/#\/schema\/person\/image\/\",\"url\":\"https:\/\/secure.gravatar.com\/avatar\/645c92f7d9cfe02bd93ce2d1cfa11cd3a268bdfe65486552ff04b193cea07634?s=96&d=mm&r=g\",\"contentUrl\":\"https:\/\/secure.gravatar.com\/avatar\/645c92f7d9cfe02bd93ce2d1cfa11cd3a268bdfe65486552ff04b193cea07634?s=96&d=mm&r=g\",\"caption\":\"admin\"},\"url\":\"https:\/\/vasasbasket.hu\/index.php\/author\/admin\/\"}]}<\/script>\n<!-- \/ Yoast SEO plugin. -->","yoast_head_json":{"title":"Er\u0151s temp\u00f3t dikt\u00e1ltunk Szeksz\u00e1rdon - Vasas n\u0151i kos\u00e1rlabda","robots":{"index":"index","follow":"follow","max-snippet":"max-snippet:-1","max-image-preview":"max-image-preview:large","max-video-preview":"max-video-preview:-1"},"canonical":"https:\/\/vasasbasket.hu\/index.php\/eros-tempot-diktaltunk-szekszardon\/","og_locale":"hu_HU","og_type":"article","og_title":"Er\u0151s temp\u00f3t dikt\u00e1ltunk Szeksz\u00e1rdon - Vasas n\u0151i kos\u00e1rlabda","og_description":"Junior csapatunk Szeksz\u00e1rdra l\u00e1togatott kedden, ahol egy hat\u00e1rozott kezd\u00e9st k\u00f6vet\u0151en Vasas Akad\u00e9mia gy\u0151zelemnek \u00f6r\u00fclhett\u00fcnk a m\u00e9rk\u0151z\u00e9s v\u00e9g\u00e9n. &#8222;M\u00e1r az elej\u00e9n megmutattuk, komoly hozz\u00e1\u00e1ll\u00e1ssal \u00e9rkezt\u00fcnk Szeksz\u00e1rdra, \u00e9s \u00f6t percet k\u00f6vet\u0151en 13-7-re vezett\u00fcnk. A m\u00e1sodik negyedben is folytat\u00f3dott a j\u00f3 teljes\u00edtm\u00e9ny, remek\u00fcl v\u00e9dekezt\u00fcnk, sok pontot szerezt\u00fcnk gyorsind\u00edt\u00e1sb\u00f3l. A legjobb azonban m\u00e9g h\u00e1tra volt, a harmadik negyedben ugyanis...","og_url":"https:\/\/vasasbasket.hu\/index.php\/eros-tempot-diktaltunk-szekszardon\/","og_site_name":"Vasas n\u0151i kos\u00e1rlabda","article_publisher":"https:\/\/www.facebook.com\/vasaswbasket\/","article_published_time":"2019-11-07T14:23:16+00:00","og_image":[{"width":1984,"height":1488,"url":"https:\/\/vasasbasket.hu\/wp-content\/uploads\/2019\/11\/74217869_1337505919764470_8029451422980374528_n.jpg","type":"image\/jpeg"}],"author":"admin","twitter_card":"summary_large_image","twitter_misc":{"Szerz\u0151:":"admin","Becs\u00fclt olvas\u00e1si id\u0151":"2 perc"},"schema":{"@context":"https:\/\/schema.org","@graph":[{"@type":"Article","@id":"https:\/\/vasasbasket.hu\/index.php\/eros-tempot-diktaltunk-szekszardon\/#article","isPartOf":{"@id":"https:\/\/vasasbasket.hu\/index.php\/eros-tempot-diktaltunk-szekszardon\/"},"author":{"name":"admin","@id":"https:\/\/vasasbasket.hu\/#\/schema\/person\/f1085f4d2c6582d8d0f977e92de2edee"},"headline":"Er\u0151s temp\u00f3t dikt\u00e1ltunk Szeksz\u00e1rdon","datePublished":"2019-11-07T14:23:16+00:00","mainEntityOfPage":{"@id":"https:\/\/vasasbasket.hu\/index.php\/eros-tempot-diktaltunk-szekszardon\/"},"wordCount":313,"publisher":{"@id":"https:\/\/vasasbasket.hu\/#organization"},"image":{"@id":"https:\/\/vasasbasket.hu\/index.php\/eros-tempot-diktaltunk-szekszardon\/#primaryimage"},"thumbnailUrl":"https:\/\/vasasbasket.hu\/wp-content\/uploads\/2019\/11\/74217869_1337505919764470_8029451422980374528_n.jpg","articleSection":["Junior","\u00d6sszes H\u00edr"],"inLanguage":"hu"},{"@type":"WebPage","@id":"https:\/\/vasasbasket.hu\/index.php\/eros-tempot-diktaltunk-szekszardon\/","url":"https:\/\/vasasbasket.hu\/index.php\/eros-tempot-diktaltunk-szekszardon\/","name":"Er\u0151s temp\u00f3t dikt\u00e1ltunk Szeksz\u00e1rdon - Vasas n\u0151i kos\u00e1rlabda","isPartOf":{"@id":"https:\/\/vasasbasket.hu\/#website"},"primaryImageOfPage":{"@id":"https:\/\/vasasbasket.hu\/index.php\/eros-tempot-diktaltunk-szekszardon\/#primaryimage"},"image":{"@id":"https:\/\/vasasbasket.hu\/index.php\/eros-tempot-diktaltunk-szekszardon\/#primaryimage"},"thumbnailUrl":"https:\/\/vasasbasket.hu\/wp-content\/uploads\/2019\/11\/74217869_1337505919764470_8029451422980374528_n.jpg","datePublished":"2019-11-07T14:23:16+00:00","breadcrumb":{"@id":"https:\/\/vasasbasket.hu\/index.php\/eros-tempot-diktaltunk-szekszardon\/#breadcrumb"},"inLanguage":"hu","potentialAction":[{"@type":"ReadAction","target":["https:\/\/vasasbasket.hu\/index.php\/eros-tempot-diktaltunk-szekszardon\/"]}]},{"@type":"ImageObject","inLanguage":"hu","@id":"https:\/\/vasasbasket.hu\/index.php\/eros-tempot-diktaltunk-szekszardon\/#primaryimage","url":"https:\/\/vasasbasket.hu\/wp-content\/uploads\/2019\/11\/74217869_1337505919764470_8029451422980374528_n.jpg","contentUrl":"https:\/\/vasasbasket.hu\/wp-content\/uploads\/2019\/11\/74217869_1337505919764470_8029451422980374528_n.jpg","width":1984,"height":1488},{"@type":"BreadcrumbList","@id":"https:\/\/vasasbasket.hu\/index.php\/eros-tempot-diktaltunk-szekszardon\/#breadcrumb","itemListElement":[{"@type":"ListItem","position":1,"name":"Kezd\u0151lap","item":"https:\/\/vasasbasket.hu\/"},{"@type":"ListItem","position":2,"name":"Er\u0151s temp\u00f3t dikt\u00e1ltunk Szeksz\u00e1rdon"}]},{"@type":"WebSite","@id":"https:\/\/vasasbasket.hu\/#website","url":"https:\/\/vasasbasket.hu\/","name":"Vasas n\u0151i kos\u00e1rlabda","description":"Vasas Basket N\u0151i","publisher":{"@id":"https:\/\/vasasbasket.hu\/#organization"},"potentialAction":[{"@type":"SearchAction","target":{"@type":"EntryPoint","urlTemplate":"https:\/\/vasasbasket.hu\/?s={search_term_string}"},"query-input":{"@type":"PropertyValueSpecification","valueRequired":true,"valueName":"search_term_string"}}],"inLanguage":"hu"},{"@type":"Organization","@id":"https:\/\/vasasbasket.hu\/#organization","name":"Vasas n\u0151i kos\u00e1rlabda","url":"https:\/\/vasasbasket.hu\/","logo":{"@type":"ImageObject","inLanguage":"hu","@id":"https:\/\/vasasbasket.hu\/#\/schema\/logo\/image\/","url":"https:\/\/vasasbasket.hu\/wp-content\/uploads\/2017\/03\/vasas_cimer_1200.jpg","contentUrl":"https:\/\/vasasbasket.hu\/wp-content\/uploads\/2017\/03\/vasas_cimer_1200.jpg","width":1200,"height":1200,"caption":"Vasas n\u0151i kos\u00e1rlabda"},"image":{"@id":"https:\/\/vasasbasket.hu\/#\/schema\/logo\/image\/"},"sameAs":["https:\/\/www.facebook.com\/vasaswbasket\/"]},{"@type":"Person","@id":"https:\/\/vasasbasket.hu\/#\/schema\/person\/f1085f4d2c6582d8d0f977e92de2edee","name":"admin","image":{"@type":"ImageObject","inLanguage":"hu","@id":"https:\/\/vasasbasket.hu\/#\/schema\/person\/image\/","url":"https:\/\/secure.gravatar.com\/avatar\/645c92f7d9cfe02bd93ce2d1cfa11cd3a268bdfe65486552ff04b193cea07634?s=96&d=mm&r=g","contentUrl":"https:\/\/secure.gravatar.com\/avatar\/645c92f7d9cfe02bd93ce2d1cfa11cd3a268bdfe65486552ff04b193cea07634?s=96&d=mm&r=g","caption":"admin"},"url":"https:\/\/vasasbasket.hu\/index.php\/author\/admin\/"}]}},"_links":{"self":[{"href":"https:\/\/vasasbasket.hu\/index.php\/wp-json\/wp\/v2\/posts\/6313","targetHints":{"allow":["GET"]}}],"collection":[{"href":"https:\/\/vasasbasket.hu\/index.php\/wp-json\/wp\/v2\/posts"}],"about":[{"href":"https:\/\/vasasbasket.hu\/index.php\/wp-json\/wp\/v2\/types\/post"}],"author":[{"embeddable":true,"href":"https:\/\/vasasbasket.hu\/index.php\/wp-json\/wp\/v2\/users\/1"}],"replies":[{"embeddable":true,"href":"https:\/\/vasasbasket.hu\/index.php\/wp-json\/wp\/v2\/comments?post=6313"}],"version-history":[{"count":1,"href":"https:\/\/vasasbasket.hu\/index.php\/wp-json\/wp\/v2\/posts\/6313\/revisions"}],"predecessor-version":[{"id":6316,"href":"https:\/\/vasasbasket.hu\/index.php\/wp-json\/wp\/v2\/posts\/6313\/revisions\/6316"}],"wp:featuredmedia":[{"embeddable":true,"href":"https:\/\/vasasbasket.hu\/index.php\/wp-json\/wp\/v2\/media\/6315"}],"wp:attachment":[{"href":"https:\/\/vasasbasket.hu\/index.php\/wp-json\/wp\/v2\/media?parent=6313"}],"wp:term":[{"taxonomy":"category","embeddable":true,"href":"https:\/\/vasasbasket.hu\/index.php\/wp-json\/wp\/v2\/categories?post=6313"},{"taxonomy":"post_tag","embeddable":true,"href":"https:\/\/vasasbasket.hu\/index.php\/wp-json\/wp\/v2\/tags?post=6313"}],"curies":[{"name":"wp","href":"https:\/\/api.w.org\/{rel}","templated":true}]}}