{"id":6229,"date":"2019-10-30T16:21:55","date_gmt":"2019-10-30T16:21:55","guid":{"rendered":"http:\/\/vasasbasket.hu\/?p=6229"},"modified":"2019-10-30T16:21:55","modified_gmt":"2019-10-30T16:21:55","slug":"nemzetkozi-tornan-vettek-reszt-az-u12-esek","status":"publish","type":"post","link":"https:\/\/vasasbasket.hu\/index.php\/nemzetkozi-tornan-vettek-reszt-az-u12-esek\/","title":{"rendered":"Nemzetk\u00f6zi torn\u00e1n vettek r\u00e9szt az U12-esek"},"content":{"rendered":"<p><strong>U12-es csapatunk a h\u00e9tv\u00e9g\u00e9n nemzetk\u00f6zi torn\u00e1n vett r\u00e9szt, ahol a h\u00e1zigazda Csata DSE mellett a n\u00e9met TG W\u00fcrzburg ellen is megm\u00e9rk\u0151zhett\u00fcnk.<\/strong><\/p>\n<p><em>&#8222;A n\u00e9met csapat magasabb szerkezet\u0171 j\u00e1t\u00e9kosokb\u00f3l \u00e1llt, ami sajnos a lepattan\u00f3z\u00e1sban visszat\u00fckr\u00f6z\u0151d\u00f6tt. Viszont v\u00e9gig fej-fej mellett haladt a k\u00e9t csapat, \u00e1m a f\u00e9lidei k\u00e9t pontos h\u00e1tr\u00e1nyt\u00f3l a l\u00e1nyok mintha kicsit &#8222;megnyugodtak&#8221; volna, ami sajnos megpecs\u00e9telte a tov\u00e1bbiakat. A harmadik negyed elej\u00e9t\u0151l k\u00e9nyelmes temp\u00f3ban \u00e9s puh\u00e1n t\u00e1madtunk, nem tudtunk faultot kiharcolni. Emellett v\u00e9dekez\u00e9sben sok dob\u00e1s k\u00f6zbeni faultot \u00fct\u00f6tt\u00fcnk be, amit az ellenf\u00e9l sikeres b\u00fcntet\u0151z\u00e9ssel b\u00fcntetett&#8221;<\/em> &#8211; mondta a csapat edz\u0151je, Ambrus Szandra.<\/p>\n<p><strong>Vasas Akad\u00e9mia &#8211;<\/strong> TG W\u00fcrzburg <strong>45-53<\/strong> (11-16, 11-8, 12-15, 11-14)<br \/>\n<em>Pontszerz\u0151k:<\/em><br \/>\n<strong>Vasas Akad\u00e9mia:<\/strong> Zo\u00e9 14, Frotti 8, Mici-D\u00f3ri 5, G.Lili-Kata 4, Blanka 3, K\u00edra 2, P.Lili-L\u00e9da-Dalma-Bora 0<\/p>\n<p><em>&#8222;Augusztus \u00f3ta ez volt a harmadik m\u00e9rk\u0151z\u00e9s\u00fcnk a Csat\u00e1val, \u00e9s egyben az egyik leggyeng\u00e9bb is. Azt hiszem a l\u00e1nyok &#8222;mumus&#8221; csapata lett a Csata. Hasonl\u00f3 k\u00e9pess\u00e9g\u0171 a k\u00e9t j\u00e1t\u00e9kos\u00e1llom\u00e1ny, de a legf\u0151bb k\u00fcl\u00f6nbs\u00e9g a hozz\u00e1\u00e1ll\u00e1sban nyilv\u00e1nult meg ism\u00e9t. Mi a szerzett labd\u00e1inkb\u00f3l a befejez\u00e9seket nem tudtuk ponttal befejezni (ak\u00e1r v\u00e9d\u0151vel ak\u00e1r v\u00e9d\u0151 n\u00e9lk\u00fcl), mert &#8222;f\u00e9l\u00fcnk&#8221; az ellenf\u00e9lt\u0151l, nem mer\u00fcnk \u00fctk\u00f6zni, mik\u00f6zben az ellenfel\u00fcnk a hasonl\u00f3 helyzeteit rendre pontokra v\u00e1ltotta. A l\u00e1nyokra edz\u00e9sen egy panasz sincs, nagyon kem\u00e9nyen dolgoznak, ez\u00e9rt sem \u00e9rtj\u00fck, hogy mi t\u00f6rt\u00e9nik, amikor j\u00f6nnek a m\u00e9rk\u0151z\u00e9sek, ahol felszabadultan, sz\u00edvvel-l\u00e9lekkel kellene p\u00e1ly\u00e1ra l\u00e9pni\u00fck \u00e9s hinni magukban, ahogy mi is hisz\u00fcnk benn\u00fck&#8221;<\/em> &#8211; mondta a csapat edz\u0151je, Farkas Fanni.<\/p>\n<p>Csata DSE <strong>&#8211; Vasas Akad\u00e9mia 56-38<\/strong> (10-7, 12+5-5+3, 18-15, 11-8)<br \/>\n<em>Pontszerz\u0151k:<\/em><br \/>\n<strong>Vasas Akad\u00e9mia:<\/strong> P. Lili 8, G. Lili-Mici-Zo\u00e9 6, L\u00e9da-Blanka 3, Frotti-Kata-K\u00edra 2, D\u00f3ri-Dalma 1,Bora 0<br \/>\nRem\u00e9lem a k\u00f6vetkez\u0151 fordul\u00f3ban a szerencse is kicsit mell\u00e9nk \u00e1ll \u00e9s ki tudunk j\u00f6nni ebb\u0151l a nyeretlen sz\u00e9ri\u00e1b\u00f3l.<\/p>\n","protected":false},"excerpt":{"rendered":"<p>U12-es csapatunk a h\u00e9tv\u00e9g\u00e9n nemzetk\u00f6zi torn\u00e1n vett r\u00e9szt, ahol a h\u00e1zigazda Csata DSE mellett a n\u00e9met TG W\u00fcrzburg ellen is megm\u00e9rk\u0151zhett\u00fcnk. &#8222;A n\u00e9met csapat magasabb szerkezet\u0171 j\u00e1t\u00e9kosokb\u00f3l \u00e1llt, ami sajnos a lepattan\u00f3z\u00e1sban visszat\u00fckr\u00f6z\u0151d\u00f6tt. Viszont v\u00e9gig fej-fej mellett haladt a k\u00e9t csapat, \u00e1m a f\u00e9lidei k\u00e9t pontos h\u00e1tr\u00e1nyt\u00f3l a l\u00e1nyok mintha kicsit &#8222;megnyugodtak&#8221; volna, ami sajnos&#8230;<\/p>\n","protected":false},"author":1,"featured_media":6230,"comment_status":"closed","ping_status":"open","sticky":false,"template":"","format":"standard","meta":{"footnotes":""},"categories":[73,92],"tags":[],"class_list":["post-6229","post","type-post","status-publish","format-standard","has-post-thumbnail","hentry","category-gyerek","category-hirek"],"yoast_head":"<!-- This site is optimized with the Yoast SEO plugin v26.0 - https:\/\/yoast.com\/wordpress\/plugins\/seo\/ -->\n<title>Nemzetk\u00f6zi torn\u00e1n vettek r\u00e9szt az U12-esek - Vasas n\u0151i kos\u00e1rlabda<\/title>\n<meta name=\"robots\" content=\"index, follow, max-snippet:-1, max-image-preview:large, max-video-preview:-1\" \/>\n<link rel=\"canonical\" href=\"https:\/\/vasasbasket.hu\/index.php\/nemzetkozi-tornan-vettek-reszt-az-u12-esek\/\" \/>\n<meta property=\"og:locale\" content=\"hu_HU\" \/>\n<meta property=\"og:type\" content=\"article\" \/>\n<meta property=\"og:title\" content=\"Nemzetk\u00f6zi torn\u00e1n vettek r\u00e9szt az U12-esek - Vasas n\u0151i kos\u00e1rlabda\" \/>\n<meta property=\"og:description\" content=\"U12-es csapatunk a h\u00e9tv\u00e9g\u00e9n nemzetk\u00f6zi torn\u00e1n vett r\u00e9szt, ahol a h\u00e1zigazda Csata DSE mellett a n\u00e9met TG W\u00fcrzburg ellen is megm\u00e9rk\u0151zhett\u00fcnk. &#8222;A n\u00e9met csapat magasabb szerkezet\u0171 j\u00e1t\u00e9kosokb\u00f3l \u00e1llt, ami sajnos a lepattan\u00f3z\u00e1sban visszat\u00fckr\u00f6z\u0151d\u00f6tt. Viszont v\u00e9gig fej-fej mellett haladt a k\u00e9t csapat, \u00e1m a f\u00e9lidei k\u00e9t pontos h\u00e1tr\u00e1nyt\u00f3l a l\u00e1nyok mintha kicsit &#8222;megnyugodtak&#8221; volna, ami sajnos...\" \/>\n<meta property=\"og:url\" content=\"https:\/\/vasasbasket.hu\/index.php\/nemzetkozi-tornan-vettek-reszt-az-u12-esek\/\" \/>\n<meta property=\"og:site_name\" content=\"Vasas n\u0151i kos\u00e1rlabda\" \/>\n<meta property=\"article:publisher\" content=\"https:\/\/www.facebook.com\/vasaswbasket\/\" \/>\n<meta property=\"article:published_time\" content=\"2019-10-30T16:21:55+00:00\" \/>\n<meta property=\"og:image\" content=\"https:\/\/vasasbasket.hu\/wp-content\/uploads\/2019\/10\/75199905_2501758886712109_3152075308828459008_n.jpg\" \/>\n\t<meta property=\"og:image:width\" content=\"1334\" \/>\n\t<meta property=\"og:image:height\" content=\"1121\" \/>\n\t<meta property=\"og:image:type\" content=\"image\/jpeg\" \/>\n<meta name=\"author\" content=\"admin\" \/>\n<meta name=\"twitter:card\" content=\"summary_large_image\" \/>\n<meta name=\"twitter:label1\" content=\"Szerz\u0151:\" \/>\n\t<meta name=\"twitter:data1\" content=\"admin\" \/>\n\t<meta name=\"twitter:label2\" content=\"Becs\u00fclt olvas\u00e1si id\u0151\" \/>\n\t<meta name=\"twitter:data2\" content=\"2 perc\" \/>\n<script type=\"application\/ld+json\" class=\"yoast-schema-graph\">{\"@context\":\"https:\/\/schema.org\",\"@graph\":[{\"@type\":\"Article\",\"@id\":\"https:\/\/vasasbasket.hu\/index.php\/nemzetkozi-tornan-vettek-reszt-az-u12-esek\/#article\",\"isPartOf\":{\"@id\":\"https:\/\/vasasbasket.hu\/index.php\/nemzetkozi-tornan-vettek-reszt-az-u12-esek\/\"},\"author\":{\"name\":\"admin\",\"@id\":\"https:\/\/vasasbasket.hu\/#\/schema\/person\/f1085f4d2c6582d8d0f977e92de2edee\"},\"headline\":\"Nemzetk\u00f6zi torn\u00e1n vettek r\u00e9szt az U12-esek\",\"datePublished\":\"2019-10-30T16:21:55+00:00\",\"mainEntityOfPage\":{\"@id\":\"https:\/\/vasasbasket.hu\/index.php\/nemzetkozi-tornan-vettek-reszt-az-u12-esek\/\"},\"wordCount\":406,\"publisher\":{\"@id\":\"https:\/\/vasasbasket.hu\/#organization\"},\"image\":{\"@id\":\"https:\/\/vasasbasket.hu\/index.php\/nemzetkozi-tornan-vettek-reszt-az-u12-esek\/#primaryimage\"},\"thumbnailUrl\":\"https:\/\/vasasbasket.hu\/wp-content\/uploads\/2019\/10\/75199905_2501758886712109_3152075308828459008_n.jpg\",\"articleSection\":[\"Gyerek\",\"\u00d6sszes H\u00edr\"],\"inLanguage\":\"hu\"},{\"@type\":\"WebPage\",\"@id\":\"https:\/\/vasasbasket.hu\/index.php\/nemzetkozi-tornan-vettek-reszt-az-u12-esek\/\",\"url\":\"https:\/\/vasasbasket.hu\/index.php\/nemzetkozi-tornan-vettek-reszt-az-u12-esek\/\",\"name\":\"Nemzetk\u00f6zi torn\u00e1n vettek r\u00e9szt az U12-esek - Vasas n\u0151i kos\u00e1rlabda\",\"isPartOf\":{\"@id\":\"https:\/\/vasasbasket.hu\/#website\"},\"primaryImageOfPage\":{\"@id\":\"https:\/\/vasasbasket.hu\/index.php\/nemzetkozi-tornan-vettek-reszt-az-u12-esek\/#primaryimage\"},\"image\":{\"@id\":\"https:\/\/vasasbasket.hu\/index.php\/nemzetkozi-tornan-vettek-reszt-az-u12-esek\/#primaryimage\"},\"thumbnailUrl\":\"https:\/\/vasasbasket.hu\/wp-content\/uploads\/2019\/10\/75199905_2501758886712109_3152075308828459008_n.jpg\",\"datePublished\":\"2019-10-30T16:21:55+00:00\",\"breadcrumb\":{\"@id\":\"https:\/\/vasasbasket.hu\/index.php\/nemzetkozi-tornan-vettek-reszt-az-u12-esek\/#breadcrumb\"},\"inLanguage\":\"hu\",\"potentialAction\":[{\"@type\":\"ReadAction\",\"target\":[\"https:\/\/vasasbasket.hu\/index.php\/nemzetkozi-tornan-vettek-reszt-az-u12-esek\/\"]}]},{\"@type\":\"ImageObject\",\"inLanguage\":\"hu\",\"@id\":\"https:\/\/vasasbasket.hu\/index.php\/nemzetkozi-tornan-vettek-reszt-az-u12-esek\/#primaryimage\",\"url\":\"https:\/\/vasasbasket.hu\/wp-content\/uploads\/2019\/10\/75199905_2501758886712109_3152075308828459008_n.jpg\",\"contentUrl\":\"https:\/\/vasasbasket.hu\/wp-content\/uploads\/2019\/10\/75199905_2501758886712109_3152075308828459008_n.jpg\",\"width\":1334,\"height\":1121},{\"@type\":\"BreadcrumbList\",\"@id\":\"https:\/\/vasasbasket.hu\/index.php\/nemzetkozi-tornan-vettek-reszt-az-u12-esek\/#breadcrumb\",\"itemListElement\":[{\"@type\":\"ListItem\",\"position\":1,\"name\":\"Kezd\u0151lap\",\"item\":\"https:\/\/vasasbasket.hu\/\"},{\"@type\":\"ListItem\",\"position\":2,\"name\":\"Nemzetk\u00f6zi torn\u00e1n vettek r\u00e9szt az U12-esek\"}]},{\"@type\":\"WebSite\",\"@id\":\"https:\/\/vasasbasket.hu\/#website\",\"url\":\"https:\/\/vasasbasket.hu\/\",\"name\":\"Vasas n\u0151i kos\u00e1rlabda\",\"description\":\"Vasas Basket N\u0151i\",\"publisher\":{\"@id\":\"https:\/\/vasasbasket.hu\/#organization\"},\"potentialAction\":[{\"@type\":\"SearchAction\",\"target\":{\"@type\":\"EntryPoint\",\"urlTemplate\":\"https:\/\/vasasbasket.hu\/?s={search_term_string}\"},\"query-input\":{\"@type\":\"PropertyValueSpecification\",\"valueRequired\":true,\"valueName\":\"search_term_string\"}}],\"inLanguage\":\"hu\"},{\"@type\":\"Organization\",\"@id\":\"https:\/\/vasasbasket.hu\/#organization\",\"name\":\"Vasas n\u0151i kos\u00e1rlabda\",\"url\":\"https:\/\/vasasbasket.hu\/\",\"logo\":{\"@type\":\"ImageObject\",\"inLanguage\":\"hu\",\"@id\":\"https:\/\/vasasbasket.hu\/#\/schema\/logo\/image\/\",\"url\":\"https:\/\/vasasbasket.hu\/wp-content\/uploads\/2017\/03\/vasas_cimer_1200.jpg\",\"contentUrl\":\"https:\/\/vasasbasket.hu\/wp-content\/uploads\/2017\/03\/vasas_cimer_1200.jpg\",\"width\":1200,\"height\":1200,\"caption\":\"Vasas n\u0151i kos\u00e1rlabda\"},\"image\":{\"@id\":\"https:\/\/vasasbasket.hu\/#\/schema\/logo\/image\/\"},\"sameAs\":[\"https:\/\/www.facebook.com\/vasaswbasket\/\"]},{\"@type\":\"Person\",\"@id\":\"https:\/\/vasasbasket.hu\/#\/schema\/person\/f1085f4d2c6582d8d0f977e92de2edee\",\"name\":\"admin\",\"image\":{\"@type\":\"ImageObject\",\"inLanguage\":\"hu\",\"@id\":\"https:\/\/vasasbasket.hu\/#\/schema\/person\/image\/\",\"url\":\"https:\/\/secure.gravatar.com\/avatar\/645c92f7d9cfe02bd93ce2d1cfa11cd3a268bdfe65486552ff04b193cea07634?s=96&d=mm&r=g\",\"contentUrl\":\"https:\/\/secure.gravatar.com\/avatar\/645c92f7d9cfe02bd93ce2d1cfa11cd3a268bdfe65486552ff04b193cea07634?s=96&d=mm&r=g\",\"caption\":\"admin\"},\"url\":\"https:\/\/vasasbasket.hu\/index.php\/author\/admin\/\"}]}<\/script>\n<!-- \/ Yoast SEO plugin. -->","yoast_head_json":{"title":"Nemzetk\u00f6zi torn\u00e1n vettek r\u00e9szt az U12-esek - Vasas n\u0151i kos\u00e1rlabda","robots":{"index":"index","follow":"follow","max-snippet":"max-snippet:-1","max-image-preview":"max-image-preview:large","max-video-preview":"max-video-preview:-1"},"canonical":"https:\/\/vasasbasket.hu\/index.php\/nemzetkozi-tornan-vettek-reszt-az-u12-esek\/","og_locale":"hu_HU","og_type":"article","og_title":"Nemzetk\u00f6zi torn\u00e1n vettek r\u00e9szt az U12-esek - Vasas n\u0151i kos\u00e1rlabda","og_description":"U12-es csapatunk a h\u00e9tv\u00e9g\u00e9n nemzetk\u00f6zi torn\u00e1n vett r\u00e9szt, ahol a h\u00e1zigazda Csata DSE mellett a n\u00e9met TG W\u00fcrzburg ellen is megm\u00e9rk\u0151zhett\u00fcnk. &#8222;A n\u00e9met csapat magasabb szerkezet\u0171 j\u00e1t\u00e9kosokb\u00f3l \u00e1llt, ami sajnos a lepattan\u00f3z\u00e1sban visszat\u00fckr\u00f6z\u0151d\u00f6tt. Viszont v\u00e9gig fej-fej mellett haladt a k\u00e9t csapat, \u00e1m a f\u00e9lidei k\u00e9t pontos h\u00e1tr\u00e1nyt\u00f3l a l\u00e1nyok mintha kicsit &#8222;megnyugodtak&#8221; volna, ami sajnos...","og_url":"https:\/\/vasasbasket.hu\/index.php\/nemzetkozi-tornan-vettek-reszt-az-u12-esek\/","og_site_name":"Vasas n\u0151i kos\u00e1rlabda","article_publisher":"https:\/\/www.facebook.com\/vasaswbasket\/","article_published_time":"2019-10-30T16:21:55+00:00","og_image":[{"width":1334,"height":1121,"url":"https:\/\/vasasbasket.hu\/wp-content\/uploads\/2019\/10\/75199905_2501758886712109_3152075308828459008_n.jpg","type":"image\/jpeg"}],"author":"admin","twitter_card":"summary_large_image","twitter_misc":{"Szerz\u0151:":"admin","Becs\u00fclt olvas\u00e1si id\u0151":"2 perc"},"schema":{"@context":"https:\/\/schema.org","@graph":[{"@type":"Article","@id":"https:\/\/vasasbasket.hu\/index.php\/nemzetkozi-tornan-vettek-reszt-az-u12-esek\/#article","isPartOf":{"@id":"https:\/\/vasasbasket.hu\/index.php\/nemzetkozi-tornan-vettek-reszt-az-u12-esek\/"},"author":{"name":"admin","@id":"https:\/\/vasasbasket.hu\/#\/schema\/person\/f1085f4d2c6582d8d0f977e92de2edee"},"headline":"Nemzetk\u00f6zi torn\u00e1n vettek r\u00e9szt az U12-esek","datePublished":"2019-10-30T16:21:55+00:00","mainEntityOfPage":{"@id":"https:\/\/vasasbasket.hu\/index.php\/nemzetkozi-tornan-vettek-reszt-az-u12-esek\/"},"wordCount":406,"publisher":{"@id":"https:\/\/vasasbasket.hu\/#organization"},"image":{"@id":"https:\/\/vasasbasket.hu\/index.php\/nemzetkozi-tornan-vettek-reszt-az-u12-esek\/#primaryimage"},"thumbnailUrl":"https:\/\/vasasbasket.hu\/wp-content\/uploads\/2019\/10\/75199905_2501758886712109_3152075308828459008_n.jpg","articleSection":["Gyerek","\u00d6sszes H\u00edr"],"inLanguage":"hu"},{"@type":"WebPage","@id":"https:\/\/vasasbasket.hu\/index.php\/nemzetkozi-tornan-vettek-reszt-az-u12-esek\/","url":"https:\/\/vasasbasket.hu\/index.php\/nemzetkozi-tornan-vettek-reszt-az-u12-esek\/","name":"Nemzetk\u00f6zi torn\u00e1n vettek r\u00e9szt az U12-esek - Vasas n\u0151i kos\u00e1rlabda","isPartOf":{"@id":"https:\/\/vasasbasket.hu\/#website"},"primaryImageOfPage":{"@id":"https:\/\/vasasbasket.hu\/index.php\/nemzetkozi-tornan-vettek-reszt-az-u12-esek\/#primaryimage"},"image":{"@id":"https:\/\/vasasbasket.hu\/index.php\/nemzetkozi-tornan-vettek-reszt-az-u12-esek\/#primaryimage"},"thumbnailUrl":"https:\/\/vasasbasket.hu\/wp-content\/uploads\/2019\/10\/75199905_2501758886712109_3152075308828459008_n.jpg","datePublished":"2019-10-30T16:21:55+00:00","breadcrumb":{"@id":"https:\/\/vasasbasket.hu\/index.php\/nemzetkozi-tornan-vettek-reszt-az-u12-esek\/#breadcrumb"},"inLanguage":"hu","potentialAction":[{"@type":"ReadAction","target":["https:\/\/vasasbasket.hu\/index.php\/nemzetkozi-tornan-vettek-reszt-az-u12-esek\/"]}]},{"@type":"ImageObject","inLanguage":"hu","@id":"https:\/\/vasasbasket.hu\/index.php\/nemzetkozi-tornan-vettek-reszt-az-u12-esek\/#primaryimage","url":"https:\/\/vasasbasket.hu\/wp-content\/uploads\/2019\/10\/75199905_2501758886712109_3152075308828459008_n.jpg","contentUrl":"https:\/\/vasasbasket.hu\/wp-content\/uploads\/2019\/10\/75199905_2501758886712109_3152075308828459008_n.jpg","width":1334,"height":1121},{"@type":"BreadcrumbList","@id":"https:\/\/vasasbasket.hu\/index.php\/nemzetkozi-tornan-vettek-reszt-az-u12-esek\/#breadcrumb","itemListElement":[{"@type":"ListItem","position":1,"name":"Kezd\u0151lap","item":"https:\/\/vasasbasket.hu\/"},{"@type":"ListItem","position":2,"name":"Nemzetk\u00f6zi torn\u00e1n vettek r\u00e9szt az U12-esek"}]},{"@type":"WebSite","@id":"https:\/\/vasasbasket.hu\/#website","url":"https:\/\/vasasbasket.hu\/","name":"Vasas n\u0151i kos\u00e1rlabda","description":"Vasas Basket N\u0151i","publisher":{"@id":"https:\/\/vasasbasket.hu\/#organization"},"potentialAction":[{"@type":"SearchAction","target":{"@type":"EntryPoint","urlTemplate":"https:\/\/vasasbasket.hu\/?s={search_term_string}"},"query-input":{"@type":"PropertyValueSpecification","valueRequired":true,"valueName":"search_term_string"}}],"inLanguage":"hu"},{"@type":"Organization","@id":"https:\/\/vasasbasket.hu\/#organization","name":"Vasas n\u0151i kos\u00e1rlabda","url":"https:\/\/vasasbasket.hu\/","logo":{"@type":"ImageObject","inLanguage":"hu","@id":"https:\/\/vasasbasket.hu\/#\/schema\/logo\/image\/","url":"https:\/\/vasasbasket.hu\/wp-content\/uploads\/2017\/03\/vasas_cimer_1200.jpg","contentUrl":"https:\/\/vasasbasket.hu\/wp-content\/uploads\/2017\/03\/vasas_cimer_1200.jpg","width":1200,"height":1200,"caption":"Vasas n\u0151i kos\u00e1rlabda"},"image":{"@id":"https:\/\/vasasbasket.hu\/#\/schema\/logo\/image\/"},"sameAs":["https:\/\/www.facebook.com\/vasaswbasket\/"]},{"@type":"Person","@id":"https:\/\/vasasbasket.hu\/#\/schema\/person\/f1085f4d2c6582d8d0f977e92de2edee","name":"admin","image":{"@type":"ImageObject","inLanguage":"hu","@id":"https:\/\/vasasbasket.hu\/#\/schema\/person\/image\/","url":"https:\/\/secure.gravatar.com\/avatar\/645c92f7d9cfe02bd93ce2d1cfa11cd3a268bdfe65486552ff04b193cea07634?s=96&d=mm&r=g","contentUrl":"https:\/\/secure.gravatar.com\/avatar\/645c92f7d9cfe02bd93ce2d1cfa11cd3a268bdfe65486552ff04b193cea07634?s=96&d=mm&r=g","caption":"admin"},"url":"https:\/\/vasasbasket.hu\/index.php\/author\/admin\/"}]}},"_links":{"self":[{"href":"https:\/\/vasasbasket.hu\/index.php\/wp-json\/wp\/v2\/posts\/6229","targetHints":{"allow":["GET"]}}],"collection":[{"href":"https:\/\/vasasbasket.hu\/index.php\/wp-json\/wp\/v2\/posts"}],"about":[{"href":"https:\/\/vasasbasket.hu\/index.php\/wp-json\/wp\/v2\/types\/post"}],"author":[{"embeddable":true,"href":"https:\/\/vasasbasket.hu\/index.php\/wp-json\/wp\/v2\/users\/1"}],"replies":[{"embeddable":true,"href":"https:\/\/vasasbasket.hu\/index.php\/wp-json\/wp\/v2\/comments?post=6229"}],"version-history":[{"count":1,"href":"https:\/\/vasasbasket.hu\/index.php\/wp-json\/wp\/v2\/posts\/6229\/revisions"}],"predecessor-version":[{"id":6231,"href":"https:\/\/vasasbasket.hu\/index.php\/wp-json\/wp\/v2\/posts\/6229\/revisions\/6231"}],"wp:featuredmedia":[{"embeddable":true,"href":"https:\/\/vasasbasket.hu\/index.php\/wp-json\/wp\/v2\/media\/6230"}],"wp:attachment":[{"href":"https:\/\/vasasbasket.hu\/index.php\/wp-json\/wp\/v2\/media?parent=6229"}],"wp:term":[{"taxonomy":"category","embeddable":true,"href":"https:\/\/vasasbasket.hu\/index.php\/wp-json\/wp\/v2\/categories?post=6229"},{"taxonomy":"post_tag","embeddable":true,"href":"https:\/\/vasasbasket.hu\/index.php\/wp-json\/wp\/v2\/tags?post=6229"}],"curies":[{"name":"wp","href":"https:\/\/api.w.org\/{rel}","templated":true}]}}