{"id":6181,"date":"2019-10-21T11:10:00","date_gmt":"2019-10-21T11:10:00","guid":{"rendered":"http:\/\/vasasbasket.hu\/?p=6181"},"modified":"2019-10-21T11:10:00","modified_gmt":"2019-10-21T11:10:00","slug":"tovabbra-is-veretlen-junior-csapatunk","status":"publish","type":"post","link":"https:\/\/vasasbasket.hu\/index.php\/tovabbra-is-veretlen-junior-csapatunk\/","title":{"rendered":"Tov\u00e1bbra is veretlen junior csapatunk"},"content":{"rendered":"<p><strong>A BEAC csapat\u00e1t fogadta U18-as csapatunk a kiemelt junior bajnoks\u00e1gban a h\u00e9tv\u00e9g\u00e9n. L\u00e1nyaink rep\u00fcl\u0151rajtot k\u00f6vet\u0151en magabiztos gy\u0151zelmet arattak f\u0151v\u00e1rosi riv\u00e1lisunkkal szemben.<\/strong><\/p>\n<p><em>&#8222;M\u00e1r a m\u00e9rk\u0151z\u00e9s els\u0151 negyed\u00e9ben l\u00e1tszott, nem sz\u00e1m\u00edthatunk t\u00fal izgalmas p\u00e1rharcra. Ez annak is volt k\u00f6sz\u00f6nhet\u0151, hogy l\u00e1nyaink az els\u0151 perct\u0151l kezdve komoly munk\u00e1t v\u00e9geztek, nagyon sz\u00e9pen t\u00e1madtunk, v\u00e9dekez\u00e9sben pedig sok labd\u00e1t szerezt\u00fcnk, amib\u0151l \u00f6sszesen 26 pontot dobtunk. Ezen k\u00edv\u00fcl a 26 assziszt \u00e9s 21 t\u00e1mad\u00f3 lepattan\u00f3 is megs\u00fcvegelend\u0151. \u00d6r\u00fcl\u00f6k, hogy mindenki p\u00e1ly\u00e1ra l\u00e9pett, azonban a m\u00e9rk\u0151z\u00e9s r\u00e1vil\u00e1g\u00edtott a hi\u00e1nyoss\u00e1gokra, amikben m\u00e9g fejl\u0151dn\u00fcnk kell. Az eg\u00e9sz csapat dics\u00e9retet \u00e9rdemel, hiszen v\u00e9gig \u00fagy j\u00e1tszottunk, ahogyan az elv\u00e1rhat\u00f3, azonban Kuncz Pepe (21 IBM, 16 pont, 8 lepattan\u00f3), Mad\u00e1r Eszter (15 pont, 9 lepattan\u00f3), V\u00edgh Bernadett (14 IBM, 8 pont) \u00e9s D\u00fal Terka (23 IBM, 8 pont, 9 assziszt), k\u00fcl\u00f6n dics\u00e9retet \u00e9rdemelnek. Gratul\u00e1lok a l\u00e1nyoknak, fontos volt ez a gy\u0151zelem&#8221;<\/em> &#8211; mondta a csapat edz\u0151je, Igor Skocovski.<\/p>\n<p><strong><img loading=\"lazy\" decoding=\"async\" class=\" wp-image-6183 aligncenter\" src=\"http:\/\/vasasbasket.hu\/wp-content\/uploads\/2019\/10\/75246621_776377992804156_1942613703685832704_n-1024x768.jpg\" alt=\"\" width=\"552\" height=\"414\" srcset=\"https:\/\/vasasbasket.hu\/wp-content\/uploads\/2019\/10\/75246621_776377992804156_1942613703685832704_n-1024x768.jpg 1024w, https:\/\/vasasbasket.hu\/wp-content\/uploads\/2019\/10\/75246621_776377992804156_1942613703685832704_n-570x428.jpg 570w, https:\/\/vasasbasket.hu\/wp-content\/uploads\/2019\/10\/75246621_776377992804156_1942613703685832704_n-440x330.jpg 440w, https:\/\/vasasbasket.hu\/wp-content\/uploads\/2019\/10\/75246621_776377992804156_1942613703685832704_n-300x225.jpg 300w, https:\/\/vasasbasket.hu\/wp-content\/uploads\/2019\/10\/75246621_776377992804156_1942613703685832704_n-768x576.jpg 768w, https:\/\/vasasbasket.hu\/wp-content\/uploads\/2019\/10\/75246621_776377992804156_1942613703685832704_n-128x96.jpg 128w, https:\/\/vasasbasket.hu\/wp-content\/uploads\/2019\/10\/75246621_776377992804156_1942613703685832704_n-32x24.jpg 32w, https:\/\/vasasbasket.hu\/wp-content\/uploads\/2019\/10\/75246621_776377992804156_1942613703685832704_n-98x74.jpg 98w, https:\/\/vasasbasket.hu\/wp-content\/uploads\/2019\/10\/75246621_776377992804156_1942613703685832704_n.jpg 2032w\" sizes=\"auto, (max-width: 552px) 100vw, 552px\" \/>Vasas Akad\u00e9mia &#8211;<\/strong> BEAC-\u00dajbuda <strong>87-32<\/strong> (28-9, 19-7, 20-10, 20-6)<br \/>\n<em>Pontszerz\u0151k:<\/em><br \/>\n<strong>Vasas Akad\u00e9mia\/A:<\/strong> Vigh B. 8, D\u00fal T. 8, Siklos D. 9, Mudra V. 6, Altmann A. 2 Kuncz Petra (Pepe) 16, L\u0151rinczy P. 1, Salamon Zs. 6, Nagy L. 7, Kun R. 9, Mad\u00e1r E. 15, Szeremy V.,<br \/>\n<strong>BEAC-\u00dajbuda:<\/strong> Lenard A., Meresz P., Nemeth V. 6, Feinek D. 2, Simon R. 6, Vari A. 3, Orosz Z. 8, Vranek K. 1, Darbos S. 4, Horvath P. 2,<\/p>\n<p>&nbsp;<\/p>\n","protected":false},"excerpt":{"rendered":"<p>A BEAC csapat\u00e1t fogadta U18-as csapatunk a kiemelt junior bajnoks\u00e1gban a h\u00e9tv\u00e9g\u00e9n. L\u00e1nyaink rep\u00fcl\u0151rajtot k\u00f6vet\u0151en magabiztos gy\u0151zelmet arattak f\u0151v\u00e1rosi riv\u00e1lisunkkal szemben. &#8222;M\u00e1r a m\u00e9rk\u0151z\u00e9s els\u0151 negyed\u00e9ben l\u00e1tszott, nem sz\u00e1m\u00edthatunk t\u00fal izgalmas p\u00e1rharcra. Ez annak is volt k\u00f6sz\u00f6nhet\u0151, hogy l\u00e1nyaink az els\u0151 perct\u0151l kezdve komoly munk\u00e1t v\u00e9geztek, nagyon sz\u00e9pen t\u00e1madtunk, v\u00e9dekez\u00e9sben pedig sok labd\u00e1t szerezt\u00fcnk, amib\u0151l&#8230;<\/p>\n","protected":false},"author":1,"featured_media":6182,"comment_status":"closed","ping_status":"open","sticky":false,"template":"","format":"standard","meta":{"footnotes":""},"categories":[50,92],"tags":[],"class_list":["post-6181","post","type-post","status-publish","format-standard","has-post-thumbnail","hentry","category-junior","category-hirek"],"yoast_head":"<!-- This site is optimized with the Yoast SEO plugin v26.0 - https:\/\/yoast.com\/wordpress\/plugins\/seo\/ -->\n<title>Tov\u00e1bbra is veretlen junior csapatunk - Vasas n\u0151i kos\u00e1rlabda<\/title>\n<meta name=\"robots\" content=\"index, follow, max-snippet:-1, max-image-preview:large, max-video-preview:-1\" \/>\n<link rel=\"canonical\" href=\"https:\/\/vasasbasket.hu\/index.php\/tovabbra-is-veretlen-junior-csapatunk\/\" \/>\n<meta property=\"og:locale\" content=\"hu_HU\" \/>\n<meta property=\"og:type\" content=\"article\" \/>\n<meta property=\"og:title\" content=\"Tov\u00e1bbra is veretlen junior csapatunk - Vasas n\u0151i kos\u00e1rlabda\" \/>\n<meta property=\"og:description\" content=\"A BEAC csapat\u00e1t fogadta U18-as csapatunk a kiemelt junior bajnoks\u00e1gban a h\u00e9tv\u00e9g\u00e9n. L\u00e1nyaink rep\u00fcl\u0151rajtot k\u00f6vet\u0151en magabiztos gy\u0151zelmet arattak f\u0151v\u00e1rosi riv\u00e1lisunkkal szemben. &#8222;M\u00e1r a m\u00e9rk\u0151z\u00e9s els\u0151 negyed\u00e9ben l\u00e1tszott, nem sz\u00e1m\u00edthatunk t\u00fal izgalmas p\u00e1rharcra. Ez annak is volt k\u00f6sz\u00f6nhet\u0151, hogy l\u00e1nyaink az els\u0151 perct\u0151l kezdve komoly munk\u00e1t v\u00e9geztek, nagyon sz\u00e9pen t\u00e1madtunk, v\u00e9dekez\u00e9sben pedig sok labd\u00e1t szerezt\u00fcnk, amib\u0151l...\" \/>\n<meta property=\"og:url\" content=\"https:\/\/vasasbasket.hu\/index.php\/tovabbra-is-veretlen-junior-csapatunk\/\" \/>\n<meta property=\"og:site_name\" content=\"Vasas n\u0151i kos\u00e1rlabda\" \/>\n<meta property=\"article:publisher\" content=\"https:\/\/www.facebook.com\/vasaswbasket\/\" \/>\n<meta property=\"article:published_time\" content=\"2019-10-21T11:10:00+00:00\" \/>\n<meta property=\"og:image\" content=\"https:\/\/vasasbasket.hu\/wp-content\/uploads\/2019\/10\/75037931_2116142762013271_2386305725400875008_n.jpg\" \/>\n\t<meta property=\"og:image:width\" content=\"2032\" \/>\n\t<meta property=\"og:image:height\" content=\"1524\" \/>\n\t<meta property=\"og:image:type\" content=\"image\/jpeg\" \/>\n<meta name=\"author\" content=\"admin\" \/>\n<meta name=\"twitter:card\" content=\"summary_large_image\" \/>\n<meta name=\"twitter:label1\" content=\"Szerz\u0151:\" \/>\n\t<meta name=\"twitter:data1\" content=\"admin\" \/>\n\t<meta name=\"twitter:label2\" content=\"Becs\u00fclt olvas\u00e1si id\u0151\" \/>\n\t<meta name=\"twitter:data2\" content=\"1 perc\" \/>\n<script type=\"application\/ld+json\" class=\"yoast-schema-graph\">{\"@context\":\"https:\/\/schema.org\",\"@graph\":[{\"@type\":\"Article\",\"@id\":\"https:\/\/vasasbasket.hu\/index.php\/tovabbra-is-veretlen-junior-csapatunk\/#article\",\"isPartOf\":{\"@id\":\"https:\/\/vasasbasket.hu\/index.php\/tovabbra-is-veretlen-junior-csapatunk\/\"},\"author\":{\"name\":\"admin\",\"@id\":\"https:\/\/vasasbasket.hu\/#\/schema\/person\/f1085f4d2c6582d8d0f977e92de2edee\"},\"headline\":\"Tov\u00e1bbra is veretlen junior csapatunk\",\"datePublished\":\"2019-10-21T11:10:00+00:00\",\"mainEntityOfPage\":{\"@id\":\"https:\/\/vasasbasket.hu\/index.php\/tovabbra-is-veretlen-junior-csapatunk\/\"},\"wordCount\":279,\"publisher\":{\"@id\":\"https:\/\/vasasbasket.hu\/#organization\"},\"image\":{\"@id\":\"https:\/\/vasasbasket.hu\/index.php\/tovabbra-is-veretlen-junior-csapatunk\/#primaryimage\"},\"thumbnailUrl\":\"https:\/\/vasasbasket.hu\/wp-content\/uploads\/2019\/10\/75037931_2116142762013271_2386305725400875008_n.jpg\",\"articleSection\":[\"Junior\",\"\u00d6sszes H\u00edr\"],\"inLanguage\":\"hu\"},{\"@type\":\"WebPage\",\"@id\":\"https:\/\/vasasbasket.hu\/index.php\/tovabbra-is-veretlen-junior-csapatunk\/\",\"url\":\"https:\/\/vasasbasket.hu\/index.php\/tovabbra-is-veretlen-junior-csapatunk\/\",\"name\":\"Tov\u00e1bbra is veretlen junior csapatunk - Vasas n\u0151i kos\u00e1rlabda\",\"isPartOf\":{\"@id\":\"https:\/\/vasasbasket.hu\/#website\"},\"primaryImageOfPage\":{\"@id\":\"https:\/\/vasasbasket.hu\/index.php\/tovabbra-is-veretlen-junior-csapatunk\/#primaryimage\"},\"image\":{\"@id\":\"https:\/\/vasasbasket.hu\/index.php\/tovabbra-is-veretlen-junior-csapatunk\/#primaryimage\"},\"thumbnailUrl\":\"https:\/\/vasasbasket.hu\/wp-content\/uploads\/2019\/10\/75037931_2116142762013271_2386305725400875008_n.jpg\",\"datePublished\":\"2019-10-21T11:10:00+00:00\",\"breadcrumb\":{\"@id\":\"https:\/\/vasasbasket.hu\/index.php\/tovabbra-is-veretlen-junior-csapatunk\/#breadcrumb\"},\"inLanguage\":\"hu\",\"potentialAction\":[{\"@type\":\"ReadAction\",\"target\":[\"https:\/\/vasasbasket.hu\/index.php\/tovabbra-is-veretlen-junior-csapatunk\/\"]}]},{\"@type\":\"ImageObject\",\"inLanguage\":\"hu\",\"@id\":\"https:\/\/vasasbasket.hu\/index.php\/tovabbra-is-veretlen-junior-csapatunk\/#primaryimage\",\"url\":\"https:\/\/vasasbasket.hu\/wp-content\/uploads\/2019\/10\/75037931_2116142762013271_2386305725400875008_n.jpg\",\"contentUrl\":\"https:\/\/vasasbasket.hu\/wp-content\/uploads\/2019\/10\/75037931_2116142762013271_2386305725400875008_n.jpg\",\"width\":2032,\"height\":1524},{\"@type\":\"BreadcrumbList\",\"@id\":\"https:\/\/vasasbasket.hu\/index.php\/tovabbra-is-veretlen-junior-csapatunk\/#breadcrumb\",\"itemListElement\":[{\"@type\":\"ListItem\",\"position\":1,\"name\":\"Kezd\u0151lap\",\"item\":\"https:\/\/vasasbasket.hu\/\"},{\"@type\":\"ListItem\",\"position\":2,\"name\":\"Tov\u00e1bbra is veretlen junior csapatunk\"}]},{\"@type\":\"WebSite\",\"@id\":\"https:\/\/vasasbasket.hu\/#website\",\"url\":\"https:\/\/vasasbasket.hu\/\",\"name\":\"Vasas n\u0151i kos\u00e1rlabda\",\"description\":\"Vasas Basket N\u0151i\",\"publisher\":{\"@id\":\"https:\/\/vasasbasket.hu\/#organization\"},\"potentialAction\":[{\"@type\":\"SearchAction\",\"target\":{\"@type\":\"EntryPoint\",\"urlTemplate\":\"https:\/\/vasasbasket.hu\/?s={search_term_string}\"},\"query-input\":{\"@type\":\"PropertyValueSpecification\",\"valueRequired\":true,\"valueName\":\"search_term_string\"}}],\"inLanguage\":\"hu\"},{\"@type\":\"Organization\",\"@id\":\"https:\/\/vasasbasket.hu\/#organization\",\"name\":\"Vasas n\u0151i kos\u00e1rlabda\",\"url\":\"https:\/\/vasasbasket.hu\/\",\"logo\":{\"@type\":\"ImageObject\",\"inLanguage\":\"hu\",\"@id\":\"https:\/\/vasasbasket.hu\/#\/schema\/logo\/image\/\",\"url\":\"https:\/\/vasasbasket.hu\/wp-content\/uploads\/2017\/03\/vasas_cimer_1200.jpg\",\"contentUrl\":\"https:\/\/vasasbasket.hu\/wp-content\/uploads\/2017\/03\/vasas_cimer_1200.jpg\",\"width\":1200,\"height\":1200,\"caption\":\"Vasas n\u0151i kos\u00e1rlabda\"},\"image\":{\"@id\":\"https:\/\/vasasbasket.hu\/#\/schema\/logo\/image\/\"},\"sameAs\":[\"https:\/\/www.facebook.com\/vasaswbasket\/\"]},{\"@type\":\"Person\",\"@id\":\"https:\/\/vasasbasket.hu\/#\/schema\/person\/f1085f4d2c6582d8d0f977e92de2edee\",\"name\":\"admin\",\"image\":{\"@type\":\"ImageObject\",\"inLanguage\":\"hu\",\"@id\":\"https:\/\/vasasbasket.hu\/#\/schema\/person\/image\/\",\"url\":\"https:\/\/secure.gravatar.com\/avatar\/645c92f7d9cfe02bd93ce2d1cfa11cd3a268bdfe65486552ff04b193cea07634?s=96&d=mm&r=g\",\"contentUrl\":\"https:\/\/secure.gravatar.com\/avatar\/645c92f7d9cfe02bd93ce2d1cfa11cd3a268bdfe65486552ff04b193cea07634?s=96&d=mm&r=g\",\"caption\":\"admin\"},\"url\":\"https:\/\/vasasbasket.hu\/index.php\/author\/admin\/\"}]}<\/script>\n<!-- \/ Yoast SEO plugin. -->","yoast_head_json":{"title":"Tov\u00e1bbra is veretlen junior csapatunk - Vasas n\u0151i kos\u00e1rlabda","robots":{"index":"index","follow":"follow","max-snippet":"max-snippet:-1","max-image-preview":"max-image-preview:large","max-video-preview":"max-video-preview:-1"},"canonical":"https:\/\/vasasbasket.hu\/index.php\/tovabbra-is-veretlen-junior-csapatunk\/","og_locale":"hu_HU","og_type":"article","og_title":"Tov\u00e1bbra is veretlen junior csapatunk - Vasas n\u0151i kos\u00e1rlabda","og_description":"A BEAC csapat\u00e1t fogadta U18-as csapatunk a kiemelt junior bajnoks\u00e1gban a h\u00e9tv\u00e9g\u00e9n. L\u00e1nyaink rep\u00fcl\u0151rajtot k\u00f6vet\u0151en magabiztos gy\u0151zelmet arattak f\u0151v\u00e1rosi riv\u00e1lisunkkal szemben. &#8222;M\u00e1r a m\u00e9rk\u0151z\u00e9s els\u0151 negyed\u00e9ben l\u00e1tszott, nem sz\u00e1m\u00edthatunk t\u00fal izgalmas p\u00e1rharcra. Ez annak is volt k\u00f6sz\u00f6nhet\u0151, hogy l\u00e1nyaink az els\u0151 perct\u0151l kezdve komoly munk\u00e1t v\u00e9geztek, nagyon sz\u00e9pen t\u00e1madtunk, v\u00e9dekez\u00e9sben pedig sok labd\u00e1t szerezt\u00fcnk, amib\u0151l...","og_url":"https:\/\/vasasbasket.hu\/index.php\/tovabbra-is-veretlen-junior-csapatunk\/","og_site_name":"Vasas n\u0151i kos\u00e1rlabda","article_publisher":"https:\/\/www.facebook.com\/vasaswbasket\/","article_published_time":"2019-10-21T11:10:00+00:00","og_image":[{"width":2032,"height":1524,"url":"https:\/\/vasasbasket.hu\/wp-content\/uploads\/2019\/10\/75037931_2116142762013271_2386305725400875008_n.jpg","type":"image\/jpeg"}],"author":"admin","twitter_card":"summary_large_image","twitter_misc":{"Szerz\u0151:":"admin","Becs\u00fclt olvas\u00e1si id\u0151":"1 perc"},"schema":{"@context":"https:\/\/schema.org","@graph":[{"@type":"Article","@id":"https:\/\/vasasbasket.hu\/index.php\/tovabbra-is-veretlen-junior-csapatunk\/#article","isPartOf":{"@id":"https:\/\/vasasbasket.hu\/index.php\/tovabbra-is-veretlen-junior-csapatunk\/"},"author":{"name":"admin","@id":"https:\/\/vasasbasket.hu\/#\/schema\/person\/f1085f4d2c6582d8d0f977e92de2edee"},"headline":"Tov\u00e1bbra is veretlen junior csapatunk","datePublished":"2019-10-21T11:10:00+00:00","mainEntityOfPage":{"@id":"https:\/\/vasasbasket.hu\/index.php\/tovabbra-is-veretlen-junior-csapatunk\/"},"wordCount":279,"publisher":{"@id":"https:\/\/vasasbasket.hu\/#organization"},"image":{"@id":"https:\/\/vasasbasket.hu\/index.php\/tovabbra-is-veretlen-junior-csapatunk\/#primaryimage"},"thumbnailUrl":"https:\/\/vasasbasket.hu\/wp-content\/uploads\/2019\/10\/75037931_2116142762013271_2386305725400875008_n.jpg","articleSection":["Junior","\u00d6sszes H\u00edr"],"inLanguage":"hu"},{"@type":"WebPage","@id":"https:\/\/vasasbasket.hu\/index.php\/tovabbra-is-veretlen-junior-csapatunk\/","url":"https:\/\/vasasbasket.hu\/index.php\/tovabbra-is-veretlen-junior-csapatunk\/","name":"Tov\u00e1bbra is veretlen junior csapatunk - Vasas n\u0151i kos\u00e1rlabda","isPartOf":{"@id":"https:\/\/vasasbasket.hu\/#website"},"primaryImageOfPage":{"@id":"https:\/\/vasasbasket.hu\/index.php\/tovabbra-is-veretlen-junior-csapatunk\/#primaryimage"},"image":{"@id":"https:\/\/vasasbasket.hu\/index.php\/tovabbra-is-veretlen-junior-csapatunk\/#primaryimage"},"thumbnailUrl":"https:\/\/vasasbasket.hu\/wp-content\/uploads\/2019\/10\/75037931_2116142762013271_2386305725400875008_n.jpg","datePublished":"2019-10-21T11:10:00+00:00","breadcrumb":{"@id":"https:\/\/vasasbasket.hu\/index.php\/tovabbra-is-veretlen-junior-csapatunk\/#breadcrumb"},"inLanguage":"hu","potentialAction":[{"@type":"ReadAction","target":["https:\/\/vasasbasket.hu\/index.php\/tovabbra-is-veretlen-junior-csapatunk\/"]}]},{"@type":"ImageObject","inLanguage":"hu","@id":"https:\/\/vasasbasket.hu\/index.php\/tovabbra-is-veretlen-junior-csapatunk\/#primaryimage","url":"https:\/\/vasasbasket.hu\/wp-content\/uploads\/2019\/10\/75037931_2116142762013271_2386305725400875008_n.jpg","contentUrl":"https:\/\/vasasbasket.hu\/wp-content\/uploads\/2019\/10\/75037931_2116142762013271_2386305725400875008_n.jpg","width":2032,"height":1524},{"@type":"BreadcrumbList","@id":"https:\/\/vasasbasket.hu\/index.php\/tovabbra-is-veretlen-junior-csapatunk\/#breadcrumb","itemListElement":[{"@type":"ListItem","position":1,"name":"Kezd\u0151lap","item":"https:\/\/vasasbasket.hu\/"},{"@type":"ListItem","position":2,"name":"Tov\u00e1bbra is veretlen junior csapatunk"}]},{"@type":"WebSite","@id":"https:\/\/vasasbasket.hu\/#website","url":"https:\/\/vasasbasket.hu\/","name":"Vasas n\u0151i kos\u00e1rlabda","description":"Vasas Basket N\u0151i","publisher":{"@id":"https:\/\/vasasbasket.hu\/#organization"},"potentialAction":[{"@type":"SearchAction","target":{"@type":"EntryPoint","urlTemplate":"https:\/\/vasasbasket.hu\/?s={search_term_string}"},"query-input":{"@type":"PropertyValueSpecification","valueRequired":true,"valueName":"search_term_string"}}],"inLanguage":"hu"},{"@type":"Organization","@id":"https:\/\/vasasbasket.hu\/#organization","name":"Vasas n\u0151i kos\u00e1rlabda","url":"https:\/\/vasasbasket.hu\/","logo":{"@type":"ImageObject","inLanguage":"hu","@id":"https:\/\/vasasbasket.hu\/#\/schema\/logo\/image\/","url":"https:\/\/vasasbasket.hu\/wp-content\/uploads\/2017\/03\/vasas_cimer_1200.jpg","contentUrl":"https:\/\/vasasbasket.hu\/wp-content\/uploads\/2017\/03\/vasas_cimer_1200.jpg","width":1200,"height":1200,"caption":"Vasas n\u0151i kos\u00e1rlabda"},"image":{"@id":"https:\/\/vasasbasket.hu\/#\/schema\/logo\/image\/"},"sameAs":["https:\/\/www.facebook.com\/vasaswbasket\/"]},{"@type":"Person","@id":"https:\/\/vasasbasket.hu\/#\/schema\/person\/f1085f4d2c6582d8d0f977e92de2edee","name":"admin","image":{"@type":"ImageObject","inLanguage":"hu","@id":"https:\/\/vasasbasket.hu\/#\/schema\/person\/image\/","url":"https:\/\/secure.gravatar.com\/avatar\/645c92f7d9cfe02bd93ce2d1cfa11cd3a268bdfe65486552ff04b193cea07634?s=96&d=mm&r=g","contentUrl":"https:\/\/secure.gravatar.com\/avatar\/645c92f7d9cfe02bd93ce2d1cfa11cd3a268bdfe65486552ff04b193cea07634?s=96&d=mm&r=g","caption":"admin"},"url":"https:\/\/vasasbasket.hu\/index.php\/author\/admin\/"}]}},"_links":{"self":[{"href":"https:\/\/vasasbasket.hu\/index.php\/wp-json\/wp\/v2\/posts\/6181","targetHints":{"allow":["GET"]}}],"collection":[{"href":"https:\/\/vasasbasket.hu\/index.php\/wp-json\/wp\/v2\/posts"}],"about":[{"href":"https:\/\/vasasbasket.hu\/index.php\/wp-json\/wp\/v2\/types\/post"}],"author":[{"embeddable":true,"href":"https:\/\/vasasbasket.hu\/index.php\/wp-json\/wp\/v2\/users\/1"}],"replies":[{"embeddable":true,"href":"https:\/\/vasasbasket.hu\/index.php\/wp-json\/wp\/v2\/comments?post=6181"}],"version-history":[{"count":1,"href":"https:\/\/vasasbasket.hu\/index.php\/wp-json\/wp\/v2\/posts\/6181\/revisions"}],"predecessor-version":[{"id":6185,"href":"https:\/\/vasasbasket.hu\/index.php\/wp-json\/wp\/v2\/posts\/6181\/revisions\/6185"}],"wp:featuredmedia":[{"embeddable":true,"href":"https:\/\/vasasbasket.hu\/index.php\/wp-json\/wp\/v2\/media\/6182"}],"wp:attachment":[{"href":"https:\/\/vasasbasket.hu\/index.php\/wp-json\/wp\/v2\/media?parent=6181"}],"wp:term":[{"taxonomy":"category","embeddable":true,"href":"https:\/\/vasasbasket.hu\/index.php\/wp-json\/wp\/v2\/categories?post=6181"},{"taxonomy":"post_tag","embeddable":true,"href":"https:\/\/vasasbasket.hu\/index.php\/wp-json\/wp\/v2\/tags?post=6181"}],"curies":[{"name":"wp","href":"https:\/\/api.w.org\/{rel}","templated":true}]}}