{"id":6135,"date":"2019-10-16T19:45:41","date_gmt":"2019-10-16T19:45:41","guid":{"rendered":"http:\/\/vasasbasket.hu\/?p=6135"},"modified":"2019-10-16T19:45:41","modified_gmt":"2019-10-16T19:45:41","slug":"nagy-harcban-nyertek-juniorjain-pecsen","status":"publish","type":"post","link":"https:\/\/vasasbasket.hu\/index.php\/nagy-harcban-nyertek-juniorjain-pecsen\/","title":{"rendered":"Nagy harcban nyertek juniorjain P\u00e9csen"},"content":{"rendered":"<p><strong>U18\/A csapatunk a h\u00e9tv\u00e9g\u00e9n P\u00e9csre l\u00e1togatott, ahol egy nagyon izgalmas m\u00e9rk\u0151z\u00e9sen v\u00e9g\u00fcl kilenc pontos gy\u0151zelmet arattunk.<\/strong><\/p>\n<p><em><img loading=\"lazy\" decoding=\"async\" class=\" wp-image-6137 alignright\" src=\"http:\/\/vasasbasket.hu\/wp-content\/uploads\/2019\/10\/IMG_2795-768x1024.jpg\" alt=\"\" width=\"378\" height=\"505\" srcset=\"https:\/\/vasasbasket.hu\/wp-content\/uploads\/2019\/10\/IMG_2795-768x1024.jpg 768w, https:\/\/vasasbasket.hu\/wp-content\/uploads\/2019\/10\/IMG_2795-570x760.jpg 570w, https:\/\/vasasbasket.hu\/wp-content\/uploads\/2019\/10\/IMG_2795-440x587.jpg 440w, https:\/\/vasasbasket.hu\/wp-content\/uploads\/2019\/10\/IMG_2795-225x300.jpg 225w, https:\/\/vasasbasket.hu\/wp-content\/uploads\/2019\/10\/IMG_2795-96x128.jpg 96w, https:\/\/vasasbasket.hu\/wp-content\/uploads\/2019\/10\/IMG_2795-24x32.jpg 24w, https:\/\/vasasbasket.hu\/wp-content\/uploads\/2019\/10\/IMG_2795-74x98.jpg 74w, https:\/\/vasasbasket.hu\/wp-content\/uploads\/2019\/10\/IMG_2795.jpg 1200w\" sizes=\"auto, (max-width: 378px) 100vw, 378px\" \/>&#8222;A m\u00e9rk\u0151z\u00e9s eleje nem \u00e9ppen \u00fagy alakult, ahogy tervezt\u00fck, az ellenf\u00e9l egy hat\u00e1rozott kezd\u00e9ssel 11-3-as el\u0151nyre tett szert. Sokat kellett dolgoznunk v\u00e9dekez\u00e9sben annak \u00e9rdek\u00e9ben, hogy meccsben maradjunk, \u00e1m sikerrel vett\u00fck az akad\u00e1lyt, \u00e9s a negyed v\u00e9g\u00e9re \u00f6t pontra cs\u00f6kkentett\u00fck h\u00e1tr\u00e1nyunkat. A m\u00e1sodik t\u00edz percben m\u00e1s saj\u00e1t arcunkat mutattuk, aminek nagyon \u00f6r\u00fcl\u00f6k, hiszen a l\u00e1nyok sokkal jobban reag\u00e1lt\u00e1k le az egyes szitu\u00e1ci\u00f3kat. Agressz\u00edv v\u00e9dekez\u00e9s \u00e9s pontos t\u00e1mad\u00f3j\u00e1t\u00e9k jellemzett minket. A harmadik negyed volt igaz\u00e1n d\u00f6nt\u0151 a m\u00e9rk\u0151z\u00e9sen, ahol kiv\u00e1l\u00f3an j\u00e1tszott a csapat. \u00d6t tripl\u00e1t is \u00e9rt\u00e9kes\u00edtett\u00fcnk, melynek k\u00f6sz\u00f6nhet\u0151en kilenc ponttal is vezett\u00fcnk. A hajr\u00e1ban mindent megtettek a p\u00e9csi l\u00e1nyok, hogy vissza j\u00f6jjenek a meccsbe. Sikerrel j\u00e1rtak, hiszen \u00f6t perccel a v\u00e9ge el\u0151tt 63-63-at mutatott az eredm\u00e9nyjelz\u0151. Rengeteget dolgoztunk v\u00e9dekez\u00e9sben, \u00e9s Mudra Viola fontos yiccere, valamint Kun Rita h\u00e1rompontosa hozz\u00e1seg\u00edtett minket a v\u00e9gs\u0151 gy\u0151zelemhez. A m\u00e9rk\u0151z\u00e9sen ny\u00fajtott teljes\u00edtm\u00e9nye alapj\u00e1n dics\u00e9retet \u00e9rdemel Kun Rita (21 IBM, 15 pont, 9 lepattan\u00f3), D\u00fal Terka (17 IBM, 17 pont, 5 kiharcolt fault), Mudra Viola (10 IBM, 12 pont), Mad\u00e1r Eszter (10 IBM, 8 pont, 6 lepattan\u00f3) \u00e9s Sikl\u00f3s Dorottya (8 IBM, 10 pont). Gratul\u00e1lok a l\u00e1nyoknak a fontos gy\u0151zelemhez&#8221;<\/em> &#8211; mondta a csapat edz\u0151je, Igor Skocovski.<\/p>\n<p>NKA P\u00e9cs <strong>&#8211; Vasas Akad\u00e9mia\/A 69-78<\/strong> (20-15, 15-21, 17-22, 17-20)<br \/>\n<em>Pontszerz\u0151k:<\/em><br \/>\n<strong>Vasas Akad\u00e9mia\/A:<\/strong> Vigh B. 1, D\u00fal T. 17, Siklos D. 10, Mudra V. 12, Kuncz P(Pepe) 1, L\u0151rinczy P. 1, Salamon Zs. 3, Nagy L. , Kun R. 15, Mad\u00e1r E. 8, Kuncz Petra, Altmann A. 10<br \/>\n<strong>NKA P\u00e9cs:<\/strong> Lacka S. 9, Heckenberger H., Habling L. 17, Edes E., Vojinovic M. 16, Karta L. 1, Cs\u00e1nyi A. 2, Solymosi P., Ddraivecz B. 5, Selcova I. 17, Radakovic I. 2<\/p>\n","protected":false},"excerpt":{"rendered":"<p>U18\/A csapatunk a h\u00e9tv\u00e9g\u00e9n P\u00e9csre l\u00e1togatott, ahol egy nagyon izgalmas m\u00e9rk\u0151z\u00e9sen v\u00e9g\u00fcl kilenc pontos gy\u0151zelmet arattunk. &#8222;A m\u00e9rk\u0151z\u00e9s eleje nem \u00e9ppen \u00fagy alakult, ahogy tervezt\u00fck, az ellenf\u00e9l egy hat\u00e1rozott kezd\u00e9ssel 11-3-as el\u0151nyre tett szert. Sokat kellett dolgoznunk v\u00e9dekez\u00e9sben annak \u00e9rdek\u00e9ben, hogy meccsben maradjunk, \u00e1m sikerrel vett\u00fck az akad\u00e1lyt, \u00e9s a negyed v\u00e9g\u00e9re \u00f6t pontra cs\u00f6kkentett\u00fck&#8230;<\/p>\n","protected":false},"author":1,"featured_media":6136,"comment_status":"closed","ping_status":"open","sticky":false,"template":"","format":"standard","meta":{"footnotes":""},"categories":[50,92],"tags":[],"class_list":["post-6135","post","type-post","status-publish","format-standard","has-post-thumbnail","hentry","category-junior","category-hirek"],"yoast_head":"<!-- This site is optimized with the Yoast SEO plugin v26.0 - https:\/\/yoast.com\/wordpress\/plugins\/seo\/ -->\n<title>Nagy harcban nyertek juniorjain P\u00e9csen - Vasas n\u0151i kos\u00e1rlabda<\/title>\n<meta name=\"robots\" content=\"index, follow, max-snippet:-1, max-image-preview:large, max-video-preview:-1\" \/>\n<link rel=\"canonical\" href=\"https:\/\/vasasbasket.hu\/index.php\/nagy-harcban-nyertek-juniorjain-pecsen\/\" \/>\n<meta property=\"og:locale\" content=\"hu_HU\" \/>\n<meta property=\"og:type\" content=\"article\" \/>\n<meta property=\"og:title\" content=\"Nagy harcban nyertek juniorjain P\u00e9csen - Vasas n\u0151i kos\u00e1rlabda\" \/>\n<meta property=\"og:description\" content=\"U18\/A csapatunk a h\u00e9tv\u00e9g\u00e9n P\u00e9csre l\u00e1togatott, ahol egy nagyon izgalmas m\u00e9rk\u0151z\u00e9sen v\u00e9g\u00fcl kilenc pontos gy\u0151zelmet arattunk. &#8222;A m\u00e9rk\u0151z\u00e9s eleje nem \u00e9ppen \u00fagy alakult, ahogy tervezt\u00fck, az ellenf\u00e9l egy hat\u00e1rozott kezd\u00e9ssel 11-3-as el\u0151nyre tett szert. Sokat kellett dolgoznunk v\u00e9dekez\u00e9sben annak \u00e9rdek\u00e9ben, hogy meccsben maradjunk, \u00e1m sikerrel vett\u00fck az akad\u00e1lyt, \u00e9s a negyed v\u00e9g\u00e9re \u00f6t pontra cs\u00f6kkentett\u00fck...\" \/>\n<meta property=\"og:url\" content=\"https:\/\/vasasbasket.hu\/index.php\/nagy-harcban-nyertek-juniorjain-pecsen\/\" \/>\n<meta property=\"og:site_name\" content=\"Vasas n\u0151i kos\u00e1rlabda\" \/>\n<meta property=\"article:publisher\" content=\"https:\/\/www.facebook.com\/vasaswbasket\/\" \/>\n<meta property=\"article:published_time\" content=\"2019-10-16T19:45:41+00:00\" \/>\n<meta property=\"og:image\" content=\"https:\/\/vasasbasket.hu\/wp-content\/uploads\/2019\/10\/IMG_2796.jpg\" \/>\n\t<meta property=\"og:image:width\" content=\"1600\" \/>\n\t<meta property=\"og:image:height\" content=\"1200\" \/>\n\t<meta property=\"og:image:type\" content=\"image\/jpeg\" \/>\n<meta name=\"author\" content=\"admin\" \/>\n<meta name=\"twitter:card\" content=\"summary_large_image\" \/>\n<meta name=\"twitter:label1\" content=\"Szerz\u0151:\" \/>\n\t<meta name=\"twitter:data1\" content=\"admin\" \/>\n\t<meta name=\"twitter:label2\" content=\"Becs\u00fclt olvas\u00e1si id\u0151\" \/>\n\t<meta name=\"twitter:data2\" content=\"2 perc\" \/>\n<script type=\"application\/ld+json\" class=\"yoast-schema-graph\">{\"@context\":\"https:\/\/schema.org\",\"@graph\":[{\"@type\":\"Article\",\"@id\":\"https:\/\/vasasbasket.hu\/index.php\/nagy-harcban-nyertek-juniorjain-pecsen\/#article\",\"isPartOf\":{\"@id\":\"https:\/\/vasasbasket.hu\/index.php\/nagy-harcban-nyertek-juniorjain-pecsen\/\"},\"author\":{\"name\":\"admin\",\"@id\":\"https:\/\/vasasbasket.hu\/#\/schema\/person\/f1085f4d2c6582d8d0f977e92de2edee\"},\"headline\":\"Nagy harcban nyertek juniorjain P\u00e9csen\",\"datePublished\":\"2019-10-16T19:45:41+00:00\",\"mainEntityOfPage\":{\"@id\":\"https:\/\/vasasbasket.hu\/index.php\/nagy-harcban-nyertek-juniorjain-pecsen\/\"},\"wordCount\":369,\"publisher\":{\"@id\":\"https:\/\/vasasbasket.hu\/#organization\"},\"image\":{\"@id\":\"https:\/\/vasasbasket.hu\/index.php\/nagy-harcban-nyertek-juniorjain-pecsen\/#primaryimage\"},\"thumbnailUrl\":\"https:\/\/vasasbasket.hu\/wp-content\/uploads\/2019\/10\/IMG_2796.jpg\",\"articleSection\":[\"Junior\",\"\u00d6sszes H\u00edr\"],\"inLanguage\":\"hu\"},{\"@type\":\"WebPage\",\"@id\":\"https:\/\/vasasbasket.hu\/index.php\/nagy-harcban-nyertek-juniorjain-pecsen\/\",\"url\":\"https:\/\/vasasbasket.hu\/index.php\/nagy-harcban-nyertek-juniorjain-pecsen\/\",\"name\":\"Nagy harcban nyertek juniorjain P\u00e9csen - Vasas n\u0151i kos\u00e1rlabda\",\"isPartOf\":{\"@id\":\"https:\/\/vasasbasket.hu\/#website\"},\"primaryImageOfPage\":{\"@id\":\"https:\/\/vasasbasket.hu\/index.php\/nagy-harcban-nyertek-juniorjain-pecsen\/#primaryimage\"},\"image\":{\"@id\":\"https:\/\/vasasbasket.hu\/index.php\/nagy-harcban-nyertek-juniorjain-pecsen\/#primaryimage\"},\"thumbnailUrl\":\"https:\/\/vasasbasket.hu\/wp-content\/uploads\/2019\/10\/IMG_2796.jpg\",\"datePublished\":\"2019-10-16T19:45:41+00:00\",\"breadcrumb\":{\"@id\":\"https:\/\/vasasbasket.hu\/index.php\/nagy-harcban-nyertek-juniorjain-pecsen\/#breadcrumb\"},\"inLanguage\":\"hu\",\"potentialAction\":[{\"@type\":\"ReadAction\",\"target\":[\"https:\/\/vasasbasket.hu\/index.php\/nagy-harcban-nyertek-juniorjain-pecsen\/\"]}]},{\"@type\":\"ImageObject\",\"inLanguage\":\"hu\",\"@id\":\"https:\/\/vasasbasket.hu\/index.php\/nagy-harcban-nyertek-juniorjain-pecsen\/#primaryimage\",\"url\":\"https:\/\/vasasbasket.hu\/wp-content\/uploads\/2019\/10\/IMG_2796.jpg\",\"contentUrl\":\"https:\/\/vasasbasket.hu\/wp-content\/uploads\/2019\/10\/IMG_2796.jpg\",\"width\":1600,\"height\":1200},{\"@type\":\"BreadcrumbList\",\"@id\":\"https:\/\/vasasbasket.hu\/index.php\/nagy-harcban-nyertek-juniorjain-pecsen\/#breadcrumb\",\"itemListElement\":[{\"@type\":\"ListItem\",\"position\":1,\"name\":\"Kezd\u0151lap\",\"item\":\"https:\/\/vasasbasket.hu\/\"},{\"@type\":\"ListItem\",\"position\":2,\"name\":\"Nagy harcban nyertek juniorjain P\u00e9csen\"}]},{\"@type\":\"WebSite\",\"@id\":\"https:\/\/vasasbasket.hu\/#website\",\"url\":\"https:\/\/vasasbasket.hu\/\",\"name\":\"Vasas n\u0151i kos\u00e1rlabda\",\"description\":\"Vasas Basket N\u0151i\",\"publisher\":{\"@id\":\"https:\/\/vasasbasket.hu\/#organization\"},\"potentialAction\":[{\"@type\":\"SearchAction\",\"target\":{\"@type\":\"EntryPoint\",\"urlTemplate\":\"https:\/\/vasasbasket.hu\/?s={search_term_string}\"},\"query-input\":{\"@type\":\"PropertyValueSpecification\",\"valueRequired\":true,\"valueName\":\"search_term_string\"}}],\"inLanguage\":\"hu\"},{\"@type\":\"Organization\",\"@id\":\"https:\/\/vasasbasket.hu\/#organization\",\"name\":\"Vasas n\u0151i kos\u00e1rlabda\",\"url\":\"https:\/\/vasasbasket.hu\/\",\"logo\":{\"@type\":\"ImageObject\",\"inLanguage\":\"hu\",\"@id\":\"https:\/\/vasasbasket.hu\/#\/schema\/logo\/image\/\",\"url\":\"https:\/\/vasasbasket.hu\/wp-content\/uploads\/2017\/03\/vasas_cimer_1200.jpg\",\"contentUrl\":\"https:\/\/vasasbasket.hu\/wp-content\/uploads\/2017\/03\/vasas_cimer_1200.jpg\",\"width\":1200,\"height\":1200,\"caption\":\"Vasas n\u0151i kos\u00e1rlabda\"},\"image\":{\"@id\":\"https:\/\/vasasbasket.hu\/#\/schema\/logo\/image\/\"},\"sameAs\":[\"https:\/\/www.facebook.com\/vasaswbasket\/\"]},{\"@type\":\"Person\",\"@id\":\"https:\/\/vasasbasket.hu\/#\/schema\/person\/f1085f4d2c6582d8d0f977e92de2edee\",\"name\":\"admin\",\"image\":{\"@type\":\"ImageObject\",\"inLanguage\":\"hu\",\"@id\":\"https:\/\/vasasbasket.hu\/#\/schema\/person\/image\/\",\"url\":\"https:\/\/secure.gravatar.com\/avatar\/645c92f7d9cfe02bd93ce2d1cfa11cd3a268bdfe65486552ff04b193cea07634?s=96&d=mm&r=g\",\"contentUrl\":\"https:\/\/secure.gravatar.com\/avatar\/645c92f7d9cfe02bd93ce2d1cfa11cd3a268bdfe65486552ff04b193cea07634?s=96&d=mm&r=g\",\"caption\":\"admin\"},\"url\":\"https:\/\/vasasbasket.hu\/index.php\/author\/admin\/\"}]}<\/script>\n<!-- \/ Yoast SEO plugin. -->","yoast_head_json":{"title":"Nagy harcban nyertek juniorjain P\u00e9csen - Vasas n\u0151i kos\u00e1rlabda","robots":{"index":"index","follow":"follow","max-snippet":"max-snippet:-1","max-image-preview":"max-image-preview:large","max-video-preview":"max-video-preview:-1"},"canonical":"https:\/\/vasasbasket.hu\/index.php\/nagy-harcban-nyertek-juniorjain-pecsen\/","og_locale":"hu_HU","og_type":"article","og_title":"Nagy harcban nyertek juniorjain P\u00e9csen - Vasas n\u0151i kos\u00e1rlabda","og_description":"U18\/A csapatunk a h\u00e9tv\u00e9g\u00e9n P\u00e9csre l\u00e1togatott, ahol egy nagyon izgalmas m\u00e9rk\u0151z\u00e9sen v\u00e9g\u00fcl kilenc pontos gy\u0151zelmet arattunk. &#8222;A m\u00e9rk\u0151z\u00e9s eleje nem \u00e9ppen \u00fagy alakult, ahogy tervezt\u00fck, az ellenf\u00e9l egy hat\u00e1rozott kezd\u00e9ssel 11-3-as el\u0151nyre tett szert. Sokat kellett dolgoznunk v\u00e9dekez\u00e9sben annak \u00e9rdek\u00e9ben, hogy meccsben maradjunk, \u00e1m sikerrel vett\u00fck az akad\u00e1lyt, \u00e9s a negyed v\u00e9g\u00e9re \u00f6t pontra cs\u00f6kkentett\u00fck...","og_url":"https:\/\/vasasbasket.hu\/index.php\/nagy-harcban-nyertek-juniorjain-pecsen\/","og_site_name":"Vasas n\u0151i kos\u00e1rlabda","article_publisher":"https:\/\/www.facebook.com\/vasaswbasket\/","article_published_time":"2019-10-16T19:45:41+00:00","og_image":[{"width":1600,"height":1200,"url":"https:\/\/vasasbasket.hu\/wp-content\/uploads\/2019\/10\/IMG_2796.jpg","type":"image\/jpeg"}],"author":"admin","twitter_card":"summary_large_image","twitter_misc":{"Szerz\u0151:":"admin","Becs\u00fclt olvas\u00e1si id\u0151":"2 perc"},"schema":{"@context":"https:\/\/schema.org","@graph":[{"@type":"Article","@id":"https:\/\/vasasbasket.hu\/index.php\/nagy-harcban-nyertek-juniorjain-pecsen\/#article","isPartOf":{"@id":"https:\/\/vasasbasket.hu\/index.php\/nagy-harcban-nyertek-juniorjain-pecsen\/"},"author":{"name":"admin","@id":"https:\/\/vasasbasket.hu\/#\/schema\/person\/f1085f4d2c6582d8d0f977e92de2edee"},"headline":"Nagy harcban nyertek juniorjain P\u00e9csen","datePublished":"2019-10-16T19:45:41+00:00","mainEntityOfPage":{"@id":"https:\/\/vasasbasket.hu\/index.php\/nagy-harcban-nyertek-juniorjain-pecsen\/"},"wordCount":369,"publisher":{"@id":"https:\/\/vasasbasket.hu\/#organization"},"image":{"@id":"https:\/\/vasasbasket.hu\/index.php\/nagy-harcban-nyertek-juniorjain-pecsen\/#primaryimage"},"thumbnailUrl":"https:\/\/vasasbasket.hu\/wp-content\/uploads\/2019\/10\/IMG_2796.jpg","articleSection":["Junior","\u00d6sszes H\u00edr"],"inLanguage":"hu"},{"@type":"WebPage","@id":"https:\/\/vasasbasket.hu\/index.php\/nagy-harcban-nyertek-juniorjain-pecsen\/","url":"https:\/\/vasasbasket.hu\/index.php\/nagy-harcban-nyertek-juniorjain-pecsen\/","name":"Nagy harcban nyertek juniorjain P\u00e9csen - Vasas n\u0151i kos\u00e1rlabda","isPartOf":{"@id":"https:\/\/vasasbasket.hu\/#website"},"primaryImageOfPage":{"@id":"https:\/\/vasasbasket.hu\/index.php\/nagy-harcban-nyertek-juniorjain-pecsen\/#primaryimage"},"image":{"@id":"https:\/\/vasasbasket.hu\/index.php\/nagy-harcban-nyertek-juniorjain-pecsen\/#primaryimage"},"thumbnailUrl":"https:\/\/vasasbasket.hu\/wp-content\/uploads\/2019\/10\/IMG_2796.jpg","datePublished":"2019-10-16T19:45:41+00:00","breadcrumb":{"@id":"https:\/\/vasasbasket.hu\/index.php\/nagy-harcban-nyertek-juniorjain-pecsen\/#breadcrumb"},"inLanguage":"hu","potentialAction":[{"@type":"ReadAction","target":["https:\/\/vasasbasket.hu\/index.php\/nagy-harcban-nyertek-juniorjain-pecsen\/"]}]},{"@type":"ImageObject","inLanguage":"hu","@id":"https:\/\/vasasbasket.hu\/index.php\/nagy-harcban-nyertek-juniorjain-pecsen\/#primaryimage","url":"https:\/\/vasasbasket.hu\/wp-content\/uploads\/2019\/10\/IMG_2796.jpg","contentUrl":"https:\/\/vasasbasket.hu\/wp-content\/uploads\/2019\/10\/IMG_2796.jpg","width":1600,"height":1200},{"@type":"BreadcrumbList","@id":"https:\/\/vasasbasket.hu\/index.php\/nagy-harcban-nyertek-juniorjain-pecsen\/#breadcrumb","itemListElement":[{"@type":"ListItem","position":1,"name":"Kezd\u0151lap","item":"https:\/\/vasasbasket.hu\/"},{"@type":"ListItem","position":2,"name":"Nagy harcban nyertek juniorjain P\u00e9csen"}]},{"@type":"WebSite","@id":"https:\/\/vasasbasket.hu\/#website","url":"https:\/\/vasasbasket.hu\/","name":"Vasas n\u0151i kos\u00e1rlabda","description":"Vasas Basket N\u0151i","publisher":{"@id":"https:\/\/vasasbasket.hu\/#organization"},"potentialAction":[{"@type":"SearchAction","target":{"@type":"EntryPoint","urlTemplate":"https:\/\/vasasbasket.hu\/?s={search_term_string}"},"query-input":{"@type":"PropertyValueSpecification","valueRequired":true,"valueName":"search_term_string"}}],"inLanguage":"hu"},{"@type":"Organization","@id":"https:\/\/vasasbasket.hu\/#organization","name":"Vasas n\u0151i kos\u00e1rlabda","url":"https:\/\/vasasbasket.hu\/","logo":{"@type":"ImageObject","inLanguage":"hu","@id":"https:\/\/vasasbasket.hu\/#\/schema\/logo\/image\/","url":"https:\/\/vasasbasket.hu\/wp-content\/uploads\/2017\/03\/vasas_cimer_1200.jpg","contentUrl":"https:\/\/vasasbasket.hu\/wp-content\/uploads\/2017\/03\/vasas_cimer_1200.jpg","width":1200,"height":1200,"caption":"Vasas n\u0151i kos\u00e1rlabda"},"image":{"@id":"https:\/\/vasasbasket.hu\/#\/schema\/logo\/image\/"},"sameAs":["https:\/\/www.facebook.com\/vasaswbasket\/"]},{"@type":"Person","@id":"https:\/\/vasasbasket.hu\/#\/schema\/person\/f1085f4d2c6582d8d0f977e92de2edee","name":"admin","image":{"@type":"ImageObject","inLanguage":"hu","@id":"https:\/\/vasasbasket.hu\/#\/schema\/person\/image\/","url":"https:\/\/secure.gravatar.com\/avatar\/645c92f7d9cfe02bd93ce2d1cfa11cd3a268bdfe65486552ff04b193cea07634?s=96&d=mm&r=g","contentUrl":"https:\/\/secure.gravatar.com\/avatar\/645c92f7d9cfe02bd93ce2d1cfa11cd3a268bdfe65486552ff04b193cea07634?s=96&d=mm&r=g","caption":"admin"},"url":"https:\/\/vasasbasket.hu\/index.php\/author\/admin\/"}]}},"_links":{"self":[{"href":"https:\/\/vasasbasket.hu\/index.php\/wp-json\/wp\/v2\/posts\/6135","targetHints":{"allow":["GET"]}}],"collection":[{"href":"https:\/\/vasasbasket.hu\/index.php\/wp-json\/wp\/v2\/posts"}],"about":[{"href":"https:\/\/vasasbasket.hu\/index.php\/wp-json\/wp\/v2\/types\/post"}],"author":[{"embeddable":true,"href":"https:\/\/vasasbasket.hu\/index.php\/wp-json\/wp\/v2\/users\/1"}],"replies":[{"embeddable":true,"href":"https:\/\/vasasbasket.hu\/index.php\/wp-json\/wp\/v2\/comments?post=6135"}],"version-history":[{"count":1,"href":"https:\/\/vasasbasket.hu\/index.php\/wp-json\/wp\/v2\/posts\/6135\/revisions"}],"predecessor-version":[{"id":6139,"href":"https:\/\/vasasbasket.hu\/index.php\/wp-json\/wp\/v2\/posts\/6135\/revisions\/6139"}],"wp:featuredmedia":[{"embeddable":true,"href":"https:\/\/vasasbasket.hu\/index.php\/wp-json\/wp\/v2\/media\/6136"}],"wp:attachment":[{"href":"https:\/\/vasasbasket.hu\/index.php\/wp-json\/wp\/v2\/media?parent=6135"}],"wp:term":[{"taxonomy":"category","embeddable":true,"href":"https:\/\/vasasbasket.hu\/index.php\/wp-json\/wp\/v2\/categories?post=6135"},{"taxonomy":"post_tag","embeddable":true,"href":"https:\/\/vasasbasket.hu\/index.php\/wp-json\/wp\/v2\/tags?post=6135"}],"curies":[{"name":"wp","href":"https:\/\/api.w.org\/{rel}","templated":true}]}}