{"id":6105,"date":"2019-10-14T17:12:16","date_gmt":"2019-10-14T17:12:16","guid":{"rendered":"http:\/\/vasasbasket.hu\/?p=6105"},"modified":"2019-10-14T17:12:16","modified_gmt":"2019-10-14T17:12:16","slug":"szoros-meccseken-kapott-ki-gyerek-a-egyuttesunk","status":"publish","type":"post","link":"https:\/\/vasasbasket.hu\/index.php\/szoros-meccseken-kapott-ki-gyerek-a-egyuttesunk\/","title":{"rendered":"Szoros meccseken kapott ki gyerek &#8222;A&#8221; egy\u00fcttes\u00fcnk"},"content":{"rendered":"<p><strong>K\u00e9t nagyon szoros m\u00e9rk\u0151z\u00e9st j\u00e1tszott U12 &#8222;A&#8221; csapatunk a bajnoks\u00e1g els\u0151 fordul\u00f3j\u00e1ban. B\u00e1r kev\u00e9s hi\u00e1nyzott, l\u00e1nyaink mindk\u00e9t meccsen alul maradtak.<\/strong><\/p>\n<p><em>&#8222;A v\u00e9gletekig ki\u00e9lezett, harcias meccset j\u00e1tszottunk a BEAC csapat\u00e1val, ahol v\u00e9g\u00fcl a hosszabb\u00edt\u00e1sban a pontosabban c\u00e9lz\u00f3 \u00e9s jobban koncentr\u00e1lt csapat diadalmaskodott&#8221;<\/em> &#8211; mondta a csapat edz\u0151je, Ambrus Szandra.<\/p>\n<p><strong>Vasas Amazonok &#8211;<\/strong> BEAC <strong>48-53<br \/>\n<\/strong><em>Pontszerz\u0151k:<\/em><br \/>\n<strong>Vasas Amazonok:<\/strong> Szab\u00f3 Mici 9, Kiss Zozi 8, T\u00f3th Frotti 7, Pusk\u00e1s Lili 6, Sz\u00edj-Kris\u00e1nszky Zo\u00e9-Mayr Lara 4, Bori Liza 3, P\u00e1cza Blanka 3, Galavits Lili 2, Karli D\u00f3ra-Csercsa Eszter 1<\/p>\n<p><em>&#8222;A k\u00e9t m\u00e9rk\u0151z\u00e9s\u00fcnket egym\u00e1s ut\u00e1n j\u00e1tszottuk, \u00edgy f\u00e1radtabban \u00e9s pontatlanul kezdt\u00fcnk, ami az eg\u00e9sz meccs kimenetel\u00e9t megpecs\u00e9telte. Mindk\u00e9t meccsen voltak nagyon j\u00f3 megold\u00e1saink \u00e9s sajnos ezzel p\u00e1rhuzamosan nagyon rosszak is. M\u00e9g kem\u00e9nyebben fogunk dolgozni edz\u00e9sen, hogy ezeket a hib\u00e1kat kijav\u00edtsuk&#8221;<\/em> &#8211; \u00f6sszegezte Ambrus Szandra.<\/p>\n<p>K\u0151b\u00e1nyai Dar\u00e1zsl\u00e1nyok <strong>-Vasas Akad\u00e9mia 40-38<br \/>\n<\/strong><em>Pontszerz\u0151k:<\/em><br \/>\n<strong>Vasas Amazonok:<\/strong> Szab\u00f3 Mici 9, Pusk\u00e1s Lili 7, Karli D\u00f3ri 6, Bori Liza 5, P\u00e1cza Blanka 4, Sz\u00edj-Kris\u00e1nszky Zo\u00e9 3, T\u00f3th Frotti 2, Galavits Lili 2<\/p>\n","protected":false},"excerpt":{"rendered":"<p>K\u00e9t nagyon szoros m\u00e9rk\u0151z\u00e9st j\u00e1tszott U12 &#8222;A&#8221; csapatunk a bajnoks\u00e1g els\u0151 fordul\u00f3j\u00e1ban. B\u00e1r kev\u00e9s hi\u00e1nyzott, l\u00e1nyaink mindk\u00e9t meccsen alul maradtak. &#8222;A v\u00e9gletekig ki\u00e9lezett, harcias meccset j\u00e1tszottunk a BEAC csapat\u00e1val, ahol v\u00e9g\u00fcl a hosszabb\u00edt\u00e1sban a pontosabban c\u00e9lz\u00f3 \u00e9s jobban koncentr\u00e1lt csapat diadalmaskodott&#8221; &#8211; mondta a csapat edz\u0151je, Ambrus Szandra. Vasas Amazonok &#8211; BEAC 48-53 Pontszerz\u0151k: Vasas&#8230;<\/p>\n","protected":false},"author":1,"featured_media":6106,"comment_status":"closed","ping_status":"open","sticky":false,"template":"","format":"standard","meta":{"footnotes":""},"categories":[73,92],"tags":[],"class_list":["post-6105","post","type-post","status-publish","format-standard","has-post-thumbnail","hentry","category-gyerek","category-hirek"],"yoast_head":"<!-- This site is optimized with the Yoast SEO plugin v26.0 - https:\/\/yoast.com\/wordpress\/plugins\/seo\/ -->\n<title>Szoros meccseken kapott ki gyerek &quot;A&quot; egy\u00fcttes\u00fcnk - Vasas n\u0151i kos\u00e1rlabda<\/title>\n<meta name=\"robots\" content=\"index, follow, max-snippet:-1, max-image-preview:large, max-video-preview:-1\" \/>\n<link rel=\"canonical\" href=\"https:\/\/vasasbasket.hu\/index.php\/szoros-meccseken-kapott-ki-gyerek-a-egyuttesunk\/\" \/>\n<meta property=\"og:locale\" content=\"hu_HU\" \/>\n<meta property=\"og:type\" content=\"article\" \/>\n<meta property=\"og:title\" content=\"Szoros meccseken kapott ki gyerek &quot;A&quot; egy\u00fcttes\u00fcnk - Vasas n\u0151i kos\u00e1rlabda\" \/>\n<meta property=\"og:description\" content=\"K\u00e9t nagyon szoros m\u00e9rk\u0151z\u00e9st j\u00e1tszott U12 &#8222;A&#8221; csapatunk a bajnoks\u00e1g els\u0151 fordul\u00f3j\u00e1ban. B\u00e1r kev\u00e9s hi\u00e1nyzott, l\u00e1nyaink mindk\u00e9t meccsen alul maradtak. &#8222;A v\u00e9gletekig ki\u00e9lezett, harcias meccset j\u00e1tszottunk a BEAC csapat\u00e1val, ahol v\u00e9g\u00fcl a hosszabb\u00edt\u00e1sban a pontosabban c\u00e9lz\u00f3 \u00e9s jobban koncentr\u00e1lt csapat diadalmaskodott&#8221; &#8211; mondta a csapat edz\u0151je, Ambrus Szandra. Vasas Amazonok &#8211; BEAC 48-53 Pontszerz\u0151k: Vasas...\" \/>\n<meta property=\"og:url\" content=\"https:\/\/vasasbasket.hu\/index.php\/szoros-meccseken-kapott-ki-gyerek-a-egyuttesunk\/\" \/>\n<meta property=\"og:site_name\" content=\"Vasas n\u0151i kos\u00e1rlabda\" \/>\n<meta property=\"article:publisher\" content=\"https:\/\/www.facebook.com\/vasaswbasket\/\" \/>\n<meta property=\"article:published_time\" content=\"2019-10-14T17:12:16+00:00\" \/>\n<meta property=\"og:image\" content=\"https:\/\/vasasbasket.hu\/wp-content\/uploads\/2019\/10\/IMG_2647.jpg\" \/>\n\t<meta property=\"og:image:width\" content=\"1280\" \/>\n\t<meta property=\"og:image:height\" content=\"960\" \/>\n\t<meta property=\"og:image:type\" content=\"image\/jpeg\" \/>\n<meta name=\"author\" content=\"admin\" \/>\n<meta name=\"twitter:card\" content=\"summary_large_image\" \/>\n<meta name=\"twitter:label1\" content=\"Szerz\u0151:\" \/>\n\t<meta name=\"twitter:data1\" content=\"admin\" \/>\n\t<meta name=\"twitter:label2\" content=\"Becs\u00fclt olvas\u00e1si id\u0151\" \/>\n\t<meta name=\"twitter:data2\" content=\"1 perc\" \/>\n<script type=\"application\/ld+json\" class=\"yoast-schema-graph\">{\"@context\":\"https:\/\/schema.org\",\"@graph\":[{\"@type\":\"Article\",\"@id\":\"https:\/\/vasasbasket.hu\/index.php\/szoros-meccseken-kapott-ki-gyerek-a-egyuttesunk\/#article\",\"isPartOf\":{\"@id\":\"https:\/\/vasasbasket.hu\/index.php\/szoros-meccseken-kapott-ki-gyerek-a-egyuttesunk\/\"},\"author\":{\"name\":\"admin\",\"@id\":\"https:\/\/vasasbasket.hu\/#\/schema\/person\/f1085f4d2c6582d8d0f977e92de2edee\"},\"headline\":\"Szoros meccseken kapott ki gyerek &#8222;A&#8221; egy\u00fcttes\u00fcnk\",\"datePublished\":\"2019-10-14T17:12:16+00:00\",\"mainEntityOfPage\":{\"@id\":\"https:\/\/vasasbasket.hu\/index.php\/szoros-meccseken-kapott-ki-gyerek-a-egyuttesunk\/\"},\"wordCount\":218,\"publisher\":{\"@id\":\"https:\/\/vasasbasket.hu\/#organization\"},\"image\":{\"@id\":\"https:\/\/vasasbasket.hu\/index.php\/szoros-meccseken-kapott-ki-gyerek-a-egyuttesunk\/#primaryimage\"},\"thumbnailUrl\":\"https:\/\/vasasbasket.hu\/wp-content\/uploads\/2019\/10\/IMG_2647.jpg\",\"articleSection\":[\"Gyerek\",\"\u00d6sszes H\u00edr\"],\"inLanguage\":\"hu\"},{\"@type\":\"WebPage\",\"@id\":\"https:\/\/vasasbasket.hu\/index.php\/szoros-meccseken-kapott-ki-gyerek-a-egyuttesunk\/\",\"url\":\"https:\/\/vasasbasket.hu\/index.php\/szoros-meccseken-kapott-ki-gyerek-a-egyuttesunk\/\",\"name\":\"Szoros meccseken kapott ki gyerek \\\"A\\\" egy\u00fcttes\u00fcnk - Vasas n\u0151i kos\u00e1rlabda\",\"isPartOf\":{\"@id\":\"https:\/\/vasasbasket.hu\/#website\"},\"primaryImageOfPage\":{\"@id\":\"https:\/\/vasasbasket.hu\/index.php\/szoros-meccseken-kapott-ki-gyerek-a-egyuttesunk\/#primaryimage\"},\"image\":{\"@id\":\"https:\/\/vasasbasket.hu\/index.php\/szoros-meccseken-kapott-ki-gyerek-a-egyuttesunk\/#primaryimage\"},\"thumbnailUrl\":\"https:\/\/vasasbasket.hu\/wp-content\/uploads\/2019\/10\/IMG_2647.jpg\",\"datePublished\":\"2019-10-14T17:12:16+00:00\",\"breadcrumb\":{\"@id\":\"https:\/\/vasasbasket.hu\/index.php\/szoros-meccseken-kapott-ki-gyerek-a-egyuttesunk\/#breadcrumb\"},\"inLanguage\":\"hu\",\"potentialAction\":[{\"@type\":\"ReadAction\",\"target\":[\"https:\/\/vasasbasket.hu\/index.php\/szoros-meccseken-kapott-ki-gyerek-a-egyuttesunk\/\"]}]},{\"@type\":\"ImageObject\",\"inLanguage\":\"hu\",\"@id\":\"https:\/\/vasasbasket.hu\/index.php\/szoros-meccseken-kapott-ki-gyerek-a-egyuttesunk\/#primaryimage\",\"url\":\"https:\/\/vasasbasket.hu\/wp-content\/uploads\/2019\/10\/IMG_2647.jpg\",\"contentUrl\":\"https:\/\/vasasbasket.hu\/wp-content\/uploads\/2019\/10\/IMG_2647.jpg\",\"width\":1280,\"height\":960},{\"@type\":\"BreadcrumbList\",\"@id\":\"https:\/\/vasasbasket.hu\/index.php\/szoros-meccseken-kapott-ki-gyerek-a-egyuttesunk\/#breadcrumb\",\"itemListElement\":[{\"@type\":\"ListItem\",\"position\":1,\"name\":\"Kezd\u0151lap\",\"item\":\"https:\/\/vasasbasket.hu\/\"},{\"@type\":\"ListItem\",\"position\":2,\"name\":\"Szoros meccseken kapott ki gyerek &#8222;A&#8221; egy\u00fcttes\u00fcnk\"}]},{\"@type\":\"WebSite\",\"@id\":\"https:\/\/vasasbasket.hu\/#website\",\"url\":\"https:\/\/vasasbasket.hu\/\",\"name\":\"Vasas n\u0151i kos\u00e1rlabda\",\"description\":\"Vasas Basket N\u0151i\",\"publisher\":{\"@id\":\"https:\/\/vasasbasket.hu\/#organization\"},\"potentialAction\":[{\"@type\":\"SearchAction\",\"target\":{\"@type\":\"EntryPoint\",\"urlTemplate\":\"https:\/\/vasasbasket.hu\/?s={search_term_string}\"},\"query-input\":{\"@type\":\"PropertyValueSpecification\",\"valueRequired\":true,\"valueName\":\"search_term_string\"}}],\"inLanguage\":\"hu\"},{\"@type\":\"Organization\",\"@id\":\"https:\/\/vasasbasket.hu\/#organization\",\"name\":\"Vasas n\u0151i kos\u00e1rlabda\",\"url\":\"https:\/\/vasasbasket.hu\/\",\"logo\":{\"@type\":\"ImageObject\",\"inLanguage\":\"hu\",\"@id\":\"https:\/\/vasasbasket.hu\/#\/schema\/logo\/image\/\",\"url\":\"https:\/\/vasasbasket.hu\/wp-content\/uploads\/2017\/03\/vasas_cimer_1200.jpg\",\"contentUrl\":\"https:\/\/vasasbasket.hu\/wp-content\/uploads\/2017\/03\/vasas_cimer_1200.jpg\",\"width\":1200,\"height\":1200,\"caption\":\"Vasas n\u0151i kos\u00e1rlabda\"},\"image\":{\"@id\":\"https:\/\/vasasbasket.hu\/#\/schema\/logo\/image\/\"},\"sameAs\":[\"https:\/\/www.facebook.com\/vasaswbasket\/\"]},{\"@type\":\"Person\",\"@id\":\"https:\/\/vasasbasket.hu\/#\/schema\/person\/f1085f4d2c6582d8d0f977e92de2edee\",\"name\":\"admin\",\"image\":{\"@type\":\"ImageObject\",\"inLanguage\":\"hu\",\"@id\":\"https:\/\/vasasbasket.hu\/#\/schema\/person\/image\/\",\"url\":\"https:\/\/secure.gravatar.com\/avatar\/645c92f7d9cfe02bd93ce2d1cfa11cd3a268bdfe65486552ff04b193cea07634?s=96&d=mm&r=g\",\"contentUrl\":\"https:\/\/secure.gravatar.com\/avatar\/645c92f7d9cfe02bd93ce2d1cfa11cd3a268bdfe65486552ff04b193cea07634?s=96&d=mm&r=g\",\"caption\":\"admin\"},\"url\":\"https:\/\/vasasbasket.hu\/index.php\/author\/admin\/\"}]}<\/script>\n<!-- \/ Yoast SEO plugin. -->","yoast_head_json":{"title":"Szoros meccseken kapott ki gyerek \"A\" egy\u00fcttes\u00fcnk - Vasas n\u0151i kos\u00e1rlabda","robots":{"index":"index","follow":"follow","max-snippet":"max-snippet:-1","max-image-preview":"max-image-preview:large","max-video-preview":"max-video-preview:-1"},"canonical":"https:\/\/vasasbasket.hu\/index.php\/szoros-meccseken-kapott-ki-gyerek-a-egyuttesunk\/","og_locale":"hu_HU","og_type":"article","og_title":"Szoros meccseken kapott ki gyerek \"A\" egy\u00fcttes\u00fcnk - Vasas n\u0151i kos\u00e1rlabda","og_description":"K\u00e9t nagyon szoros m\u00e9rk\u0151z\u00e9st j\u00e1tszott U12 &#8222;A&#8221; csapatunk a bajnoks\u00e1g els\u0151 fordul\u00f3j\u00e1ban. B\u00e1r kev\u00e9s hi\u00e1nyzott, l\u00e1nyaink mindk\u00e9t meccsen alul maradtak. &#8222;A v\u00e9gletekig ki\u00e9lezett, harcias meccset j\u00e1tszottunk a BEAC csapat\u00e1val, ahol v\u00e9g\u00fcl a hosszabb\u00edt\u00e1sban a pontosabban c\u00e9lz\u00f3 \u00e9s jobban koncentr\u00e1lt csapat diadalmaskodott&#8221; &#8211; mondta a csapat edz\u0151je, Ambrus Szandra. Vasas Amazonok &#8211; BEAC 48-53 Pontszerz\u0151k: Vasas...","og_url":"https:\/\/vasasbasket.hu\/index.php\/szoros-meccseken-kapott-ki-gyerek-a-egyuttesunk\/","og_site_name":"Vasas n\u0151i kos\u00e1rlabda","article_publisher":"https:\/\/www.facebook.com\/vasaswbasket\/","article_published_time":"2019-10-14T17:12:16+00:00","og_image":[{"width":1280,"height":960,"url":"https:\/\/vasasbasket.hu\/wp-content\/uploads\/2019\/10\/IMG_2647.jpg","type":"image\/jpeg"}],"author":"admin","twitter_card":"summary_large_image","twitter_misc":{"Szerz\u0151:":"admin","Becs\u00fclt olvas\u00e1si id\u0151":"1 perc"},"schema":{"@context":"https:\/\/schema.org","@graph":[{"@type":"Article","@id":"https:\/\/vasasbasket.hu\/index.php\/szoros-meccseken-kapott-ki-gyerek-a-egyuttesunk\/#article","isPartOf":{"@id":"https:\/\/vasasbasket.hu\/index.php\/szoros-meccseken-kapott-ki-gyerek-a-egyuttesunk\/"},"author":{"name":"admin","@id":"https:\/\/vasasbasket.hu\/#\/schema\/person\/f1085f4d2c6582d8d0f977e92de2edee"},"headline":"Szoros meccseken kapott ki gyerek &#8222;A&#8221; egy\u00fcttes\u00fcnk","datePublished":"2019-10-14T17:12:16+00:00","mainEntityOfPage":{"@id":"https:\/\/vasasbasket.hu\/index.php\/szoros-meccseken-kapott-ki-gyerek-a-egyuttesunk\/"},"wordCount":218,"publisher":{"@id":"https:\/\/vasasbasket.hu\/#organization"},"image":{"@id":"https:\/\/vasasbasket.hu\/index.php\/szoros-meccseken-kapott-ki-gyerek-a-egyuttesunk\/#primaryimage"},"thumbnailUrl":"https:\/\/vasasbasket.hu\/wp-content\/uploads\/2019\/10\/IMG_2647.jpg","articleSection":["Gyerek","\u00d6sszes H\u00edr"],"inLanguage":"hu"},{"@type":"WebPage","@id":"https:\/\/vasasbasket.hu\/index.php\/szoros-meccseken-kapott-ki-gyerek-a-egyuttesunk\/","url":"https:\/\/vasasbasket.hu\/index.php\/szoros-meccseken-kapott-ki-gyerek-a-egyuttesunk\/","name":"Szoros meccseken kapott ki gyerek \"A\" egy\u00fcttes\u00fcnk - Vasas n\u0151i kos\u00e1rlabda","isPartOf":{"@id":"https:\/\/vasasbasket.hu\/#website"},"primaryImageOfPage":{"@id":"https:\/\/vasasbasket.hu\/index.php\/szoros-meccseken-kapott-ki-gyerek-a-egyuttesunk\/#primaryimage"},"image":{"@id":"https:\/\/vasasbasket.hu\/index.php\/szoros-meccseken-kapott-ki-gyerek-a-egyuttesunk\/#primaryimage"},"thumbnailUrl":"https:\/\/vasasbasket.hu\/wp-content\/uploads\/2019\/10\/IMG_2647.jpg","datePublished":"2019-10-14T17:12:16+00:00","breadcrumb":{"@id":"https:\/\/vasasbasket.hu\/index.php\/szoros-meccseken-kapott-ki-gyerek-a-egyuttesunk\/#breadcrumb"},"inLanguage":"hu","potentialAction":[{"@type":"ReadAction","target":["https:\/\/vasasbasket.hu\/index.php\/szoros-meccseken-kapott-ki-gyerek-a-egyuttesunk\/"]}]},{"@type":"ImageObject","inLanguage":"hu","@id":"https:\/\/vasasbasket.hu\/index.php\/szoros-meccseken-kapott-ki-gyerek-a-egyuttesunk\/#primaryimage","url":"https:\/\/vasasbasket.hu\/wp-content\/uploads\/2019\/10\/IMG_2647.jpg","contentUrl":"https:\/\/vasasbasket.hu\/wp-content\/uploads\/2019\/10\/IMG_2647.jpg","width":1280,"height":960},{"@type":"BreadcrumbList","@id":"https:\/\/vasasbasket.hu\/index.php\/szoros-meccseken-kapott-ki-gyerek-a-egyuttesunk\/#breadcrumb","itemListElement":[{"@type":"ListItem","position":1,"name":"Kezd\u0151lap","item":"https:\/\/vasasbasket.hu\/"},{"@type":"ListItem","position":2,"name":"Szoros meccseken kapott ki gyerek &#8222;A&#8221; egy\u00fcttes\u00fcnk"}]},{"@type":"WebSite","@id":"https:\/\/vasasbasket.hu\/#website","url":"https:\/\/vasasbasket.hu\/","name":"Vasas n\u0151i kos\u00e1rlabda","description":"Vasas Basket N\u0151i","publisher":{"@id":"https:\/\/vasasbasket.hu\/#organization"},"potentialAction":[{"@type":"SearchAction","target":{"@type":"EntryPoint","urlTemplate":"https:\/\/vasasbasket.hu\/?s={search_term_string}"},"query-input":{"@type":"PropertyValueSpecification","valueRequired":true,"valueName":"search_term_string"}}],"inLanguage":"hu"},{"@type":"Organization","@id":"https:\/\/vasasbasket.hu\/#organization","name":"Vasas n\u0151i kos\u00e1rlabda","url":"https:\/\/vasasbasket.hu\/","logo":{"@type":"ImageObject","inLanguage":"hu","@id":"https:\/\/vasasbasket.hu\/#\/schema\/logo\/image\/","url":"https:\/\/vasasbasket.hu\/wp-content\/uploads\/2017\/03\/vasas_cimer_1200.jpg","contentUrl":"https:\/\/vasasbasket.hu\/wp-content\/uploads\/2017\/03\/vasas_cimer_1200.jpg","width":1200,"height":1200,"caption":"Vasas n\u0151i kos\u00e1rlabda"},"image":{"@id":"https:\/\/vasasbasket.hu\/#\/schema\/logo\/image\/"},"sameAs":["https:\/\/www.facebook.com\/vasaswbasket\/"]},{"@type":"Person","@id":"https:\/\/vasasbasket.hu\/#\/schema\/person\/f1085f4d2c6582d8d0f977e92de2edee","name":"admin","image":{"@type":"ImageObject","inLanguage":"hu","@id":"https:\/\/vasasbasket.hu\/#\/schema\/person\/image\/","url":"https:\/\/secure.gravatar.com\/avatar\/645c92f7d9cfe02bd93ce2d1cfa11cd3a268bdfe65486552ff04b193cea07634?s=96&d=mm&r=g","contentUrl":"https:\/\/secure.gravatar.com\/avatar\/645c92f7d9cfe02bd93ce2d1cfa11cd3a268bdfe65486552ff04b193cea07634?s=96&d=mm&r=g","caption":"admin"},"url":"https:\/\/vasasbasket.hu\/index.php\/author\/admin\/"}]}},"_links":{"self":[{"href":"https:\/\/vasasbasket.hu\/index.php\/wp-json\/wp\/v2\/posts\/6105","targetHints":{"allow":["GET"]}}],"collection":[{"href":"https:\/\/vasasbasket.hu\/index.php\/wp-json\/wp\/v2\/posts"}],"about":[{"href":"https:\/\/vasasbasket.hu\/index.php\/wp-json\/wp\/v2\/types\/post"}],"author":[{"embeddable":true,"href":"https:\/\/vasasbasket.hu\/index.php\/wp-json\/wp\/v2\/users\/1"}],"replies":[{"embeddable":true,"href":"https:\/\/vasasbasket.hu\/index.php\/wp-json\/wp\/v2\/comments?post=6105"}],"version-history":[{"count":1,"href":"https:\/\/vasasbasket.hu\/index.php\/wp-json\/wp\/v2\/posts\/6105\/revisions"}],"predecessor-version":[{"id":6107,"href":"https:\/\/vasasbasket.hu\/index.php\/wp-json\/wp\/v2\/posts\/6105\/revisions\/6107"}],"wp:featuredmedia":[{"embeddable":true,"href":"https:\/\/vasasbasket.hu\/index.php\/wp-json\/wp\/v2\/media\/6106"}],"wp:attachment":[{"href":"https:\/\/vasasbasket.hu\/index.php\/wp-json\/wp\/v2\/media?parent=6105"}],"wp:term":[{"taxonomy":"category","embeddable":true,"href":"https:\/\/vasasbasket.hu\/index.php\/wp-json\/wp\/v2\/categories?post=6105"},{"taxonomy":"post_tag","embeddable":true,"href":"https:\/\/vasasbasket.hu\/index.php\/wp-json\/wp\/v2\/tags?post=6105"}],"curies":[{"name":"wp","href":"https:\/\/api.w.org\/{rel}","templated":true}]}}