{"id":6060,"date":"2019-10-07T19:24:27","date_gmt":"2019-10-07T19:24:27","guid":{"rendered":"http:\/\/vasasbasket.hu\/?p=6060"},"modified":"2019-10-07T19:24:27","modified_gmt":"2019-10-07T19:24:27","slug":"ido-elott-veget-ert-a-merkozes-ismet-gyoztek-juniorjaink","status":"publish","type":"post","link":"https:\/\/vasasbasket.hu\/index.php\/ido-elott-veget-ert-a-merkozes-ismet-gyoztek-juniorjaink\/","title":{"rendered":"Id\u0151 el\u0151tt v\u00e9get \u00e9rt a m\u00e9rk\u0151z\u00e9s, ism\u00e9t gy\u0151ztek juniorjaink"},"content":{"rendered":"<p><strong>Hull\u00e1mz\u00f3 rajtot k\u00f6vet\u0151en remek k\u00e9t negyedet produk\u00e1lt a Vasas Akad\u00e9mia U18-as csapata a T\u00f6r\u00f6k Fl\u00f3ris T\u00f6rekv\u00e9s SE ellen hazai p\u00e1ly\u00e1n. A tal\u00e1lkoz\u00f3 a 33. percben \u00e9rt v\u00e9get, mivel ellenfel\u00fcnk edz\u0151je megkapta m\u00e1sodik technikai figyelmeztet\u00e9s\u00e9t.<\/strong><\/p>\n<p><em>&#8222;Nagyon rosszul indult a meccs, a negyedik percben id\u0151t kellett k\u00e9rn\u00fcnk, hogy \u00e1tbesz\u00e9lj\u00fck a hib\u00e1kat, \u00e9s tudjunk rajtuk jav\u00edtani. Az els\u0151 t\u00edz percben ennek ellen\u00e9re sem szipork\u00e1ztunk, ezt k\u00f6vet\u0151en azonban j\u00f6tt a v\u00e1ltoz\u00e1s. A m\u00e1sodik \u00e9s a harmadik negyedben az igazi arcunkat mutattuk t\u00e1mad\u00e1sban \u00e9s v\u00e9dekez\u00e9sben egyar\u00e1nt. Azt l\u00e1ttam a p\u00e1ly\u00e1n, amit el\u0151zetesen megbesz\u00e9lt\u00fcnk, ennek pedig meg is l\u00e1tsz\u00f3dott az eredm\u00e9nye. N\u00e9h\u00e1ny hib\u00e1t\u00f3l eltekintve remek\u00fcl m\u0171k\u00f6d\u00f6tt a v\u00e9dekez\u00e9s\u00fcnk ebben a peri\u00f3dusban, t\u00e1mad\u00e1sban azonban m\u00e9g mindig keress\u00fck a lehet\u0151 legjobb befejez\u00e9seket, id\u0151vel ez is j\u00f3l fog m\u0171k\u00f6dni. Sajn\u00e1lom, hogy nem j\u00e1tszhattuk v\u00e9gig a m\u00e9rk\u0151z\u00e9st, ellenfel\u00fcnk edz\u0151je ugyanis megkapta m\u00e1sodik technikai figyelmeztet\u00e9s\u00e9t, \u00edgy a 33. percben lez\u00e1rult a p\u00e1rharc. Dics\u00e9ret \u00e9rdemel Kuncz Petra (31 IBM, 25 pont, 8 lepattan\u00f3), Altmann Anna (14 IBM, 11 pont, 5 lepattan\u00f3) \u00e9s D\u00fal Terka (11 IBM, 8 pont, 4 g\u00f3lpassz). Term\u00e9szetesen az eg\u00e9sz csapatnak gratul\u00e1lok, sz\u00e9p volt l\u00e1nyok&#8221;<\/em> &#8211; mondta a csapat edz\u0151je, Igor Skocovski.<\/p>\n<p><strong>Vasas Akad\u00e9mia\/A &#8211;<\/strong> T\u00f6r\u00f6k Fl\u00f3ris T\u00f6rekv\u00e9s SE <strong>65-28<\/strong> (13-12, 26-9, 24-3, 2-4)<br \/>\n<em>Pontszerz\u0151k:<\/em><br \/>\n<strong>Vasas Akad\u00e9mia\/A:<\/strong> V\u00edgh B. 6, D\u00fal T. 8, Sikl\u00f3s D. 5, Mudra V. 3, Kuncz P. (Pepe) 25, L\u0151rinczy P., Salamon Zs. 2, Nagy L. 1, Kun R. 2, Szeremy V. 2, Kuncz P., Altmann A. 11<br \/>\n<strong>T\u00f6r\u00f6k Fl\u00f3ris T\u00f6rekv\u00e9s SE:<\/strong> Szopka R., Reding B. 5, Strbik F. 3, Szilvasi K. 3, Darazsu D., Hoffmann H. 3, Ferenczi L., Stelczer V. 7, F\u00e1bi\u00e1n D., Mohos E. 4, Horv\u00e1th J. 1, Szab\u00f3 E. 9<\/p>\n","protected":false},"excerpt":{"rendered":"<p>Hull\u00e1mz\u00f3 rajtot k\u00f6vet\u0151en remek k\u00e9t negyedet produk\u00e1lt a Vasas Akad\u00e9mia U18-as csapata a T\u00f6r\u00f6k Fl\u00f3ris T\u00f6rekv\u00e9s SE ellen hazai p\u00e1ly\u00e1n. A tal\u00e1lkoz\u00f3 a 33. percben \u00e9rt v\u00e9get, mivel ellenfel\u00fcnk edz\u0151je megkapta m\u00e1sodik technikai figyelmeztet\u00e9s\u00e9t. &#8222;Nagyon rosszul indult a meccs, a negyedik percben id\u0151t kellett k\u00e9rn\u00fcnk, hogy \u00e1tbesz\u00e9lj\u00fck a hib\u00e1kat, \u00e9s tudjunk rajtuk jav\u00edtani. Az els\u0151&#8230;<\/p>\n","protected":false},"author":1,"featured_media":5996,"comment_status":"closed","ping_status":"open","sticky":false,"template":"","format":"standard","meta":{"footnotes":""},"categories":[50,92],"tags":[],"class_list":["post-6060","post","type-post","status-publish","format-standard","has-post-thumbnail","hentry","category-junior","category-hirek"],"yoast_head":"<!-- This site is optimized with the Yoast SEO plugin v26.0 - https:\/\/yoast.com\/wordpress\/plugins\/seo\/ -->\n<title>Id\u0151 el\u0151tt v\u00e9get \u00e9rt a m\u00e9rk\u0151z\u00e9s, ism\u00e9t gy\u0151ztek juniorjaink - Vasas n\u0151i kos\u00e1rlabda<\/title>\n<meta name=\"robots\" content=\"index, follow, max-snippet:-1, max-image-preview:large, max-video-preview:-1\" \/>\n<link rel=\"canonical\" href=\"https:\/\/vasasbasket.hu\/index.php\/ido-elott-veget-ert-a-merkozes-ismet-gyoztek-juniorjaink\/\" \/>\n<meta property=\"og:locale\" content=\"hu_HU\" \/>\n<meta property=\"og:type\" content=\"article\" \/>\n<meta property=\"og:title\" content=\"Id\u0151 el\u0151tt v\u00e9get \u00e9rt a m\u00e9rk\u0151z\u00e9s, ism\u00e9t gy\u0151ztek juniorjaink - Vasas n\u0151i kos\u00e1rlabda\" \/>\n<meta property=\"og:description\" content=\"Hull\u00e1mz\u00f3 rajtot k\u00f6vet\u0151en remek k\u00e9t negyedet produk\u00e1lt a Vasas Akad\u00e9mia U18-as csapata a T\u00f6r\u00f6k Fl\u00f3ris T\u00f6rekv\u00e9s SE ellen hazai p\u00e1ly\u00e1n. A tal\u00e1lkoz\u00f3 a 33. percben \u00e9rt v\u00e9get, mivel ellenfel\u00fcnk edz\u0151je megkapta m\u00e1sodik technikai figyelmeztet\u00e9s\u00e9t. &#8222;Nagyon rosszul indult a meccs, a negyedik percben id\u0151t kellett k\u00e9rn\u00fcnk, hogy \u00e1tbesz\u00e9lj\u00fck a hib\u00e1kat, \u00e9s tudjunk rajtuk jav\u00edtani. Az els\u0151...\" \/>\n<meta property=\"og:url\" content=\"https:\/\/vasasbasket.hu\/index.php\/ido-elott-veget-ert-a-merkozes-ismet-gyoztek-juniorjaink\/\" \/>\n<meta property=\"og:site_name\" content=\"Vasas n\u0151i kos\u00e1rlabda\" \/>\n<meta property=\"article:publisher\" content=\"https:\/\/www.facebook.com\/vasaswbasket\/\" \/>\n<meta property=\"article:published_time\" content=\"2019-10-07T19:24:27+00:00\" \/>\n<meta property=\"og:image\" content=\"https:\/\/vasasbasket.hu\/wp-content\/uploads\/2019\/09\/IMG_6867.jpg\" \/>\n\t<meta property=\"og:image:width\" content=\"1500\" \/>\n\t<meta property=\"og:image:height\" content=\"1000\" \/>\n\t<meta property=\"og:image:type\" content=\"image\/jpeg\" \/>\n<meta name=\"author\" content=\"admin\" \/>\n<meta name=\"twitter:card\" content=\"summary_large_image\" \/>\n<meta name=\"twitter:label1\" content=\"Szerz\u0151:\" \/>\n\t<meta name=\"twitter:data1\" content=\"admin\" \/>\n\t<meta name=\"twitter:label2\" content=\"Becs\u00fclt olvas\u00e1si id\u0151\" \/>\n\t<meta name=\"twitter:data2\" content=\"2 perc\" \/>\n<script type=\"application\/ld+json\" class=\"yoast-schema-graph\">{\"@context\":\"https:\/\/schema.org\",\"@graph\":[{\"@type\":\"Article\",\"@id\":\"https:\/\/vasasbasket.hu\/index.php\/ido-elott-veget-ert-a-merkozes-ismet-gyoztek-juniorjaink\/#article\",\"isPartOf\":{\"@id\":\"https:\/\/vasasbasket.hu\/index.php\/ido-elott-veget-ert-a-merkozes-ismet-gyoztek-juniorjaink\/\"},\"author\":{\"name\":\"admin\",\"@id\":\"https:\/\/vasasbasket.hu\/#\/schema\/person\/f1085f4d2c6582d8d0f977e92de2edee\"},\"headline\":\"Id\u0151 el\u0151tt v\u00e9get \u00e9rt a m\u00e9rk\u0151z\u00e9s, ism\u00e9t gy\u0151ztek juniorjaink\",\"datePublished\":\"2019-10-07T19:24:27+00:00\",\"mainEntityOfPage\":{\"@id\":\"https:\/\/vasasbasket.hu\/index.php\/ido-elott-veget-ert-a-merkozes-ismet-gyoztek-juniorjaink\/\"},\"wordCount\":372,\"publisher\":{\"@id\":\"https:\/\/vasasbasket.hu\/#organization\"},\"image\":{\"@id\":\"https:\/\/vasasbasket.hu\/index.php\/ido-elott-veget-ert-a-merkozes-ismet-gyoztek-juniorjaink\/#primaryimage\"},\"thumbnailUrl\":\"https:\/\/vasasbasket.hu\/wp-content\/uploads\/2019\/09\/IMG_6867.jpg\",\"articleSection\":[\"Junior\",\"\u00d6sszes H\u00edr\"],\"inLanguage\":\"hu\"},{\"@type\":\"WebPage\",\"@id\":\"https:\/\/vasasbasket.hu\/index.php\/ido-elott-veget-ert-a-merkozes-ismet-gyoztek-juniorjaink\/\",\"url\":\"https:\/\/vasasbasket.hu\/index.php\/ido-elott-veget-ert-a-merkozes-ismet-gyoztek-juniorjaink\/\",\"name\":\"Id\u0151 el\u0151tt v\u00e9get \u00e9rt a m\u00e9rk\u0151z\u00e9s, ism\u00e9t gy\u0151ztek juniorjaink - Vasas n\u0151i kos\u00e1rlabda\",\"isPartOf\":{\"@id\":\"https:\/\/vasasbasket.hu\/#website\"},\"primaryImageOfPage\":{\"@id\":\"https:\/\/vasasbasket.hu\/index.php\/ido-elott-veget-ert-a-merkozes-ismet-gyoztek-juniorjaink\/#primaryimage\"},\"image\":{\"@id\":\"https:\/\/vasasbasket.hu\/index.php\/ido-elott-veget-ert-a-merkozes-ismet-gyoztek-juniorjaink\/#primaryimage\"},\"thumbnailUrl\":\"https:\/\/vasasbasket.hu\/wp-content\/uploads\/2019\/09\/IMG_6867.jpg\",\"datePublished\":\"2019-10-07T19:24:27+00:00\",\"breadcrumb\":{\"@id\":\"https:\/\/vasasbasket.hu\/index.php\/ido-elott-veget-ert-a-merkozes-ismet-gyoztek-juniorjaink\/#breadcrumb\"},\"inLanguage\":\"hu\",\"potentialAction\":[{\"@type\":\"ReadAction\",\"target\":[\"https:\/\/vasasbasket.hu\/index.php\/ido-elott-veget-ert-a-merkozes-ismet-gyoztek-juniorjaink\/\"]}]},{\"@type\":\"ImageObject\",\"inLanguage\":\"hu\",\"@id\":\"https:\/\/vasasbasket.hu\/index.php\/ido-elott-veget-ert-a-merkozes-ismet-gyoztek-juniorjaink\/#primaryimage\",\"url\":\"https:\/\/vasasbasket.hu\/wp-content\/uploads\/2019\/09\/IMG_6867.jpg\",\"contentUrl\":\"https:\/\/vasasbasket.hu\/wp-content\/uploads\/2019\/09\/IMG_6867.jpg\",\"width\":1500,\"height\":1000},{\"@type\":\"BreadcrumbList\",\"@id\":\"https:\/\/vasasbasket.hu\/index.php\/ido-elott-veget-ert-a-merkozes-ismet-gyoztek-juniorjaink\/#breadcrumb\",\"itemListElement\":[{\"@type\":\"ListItem\",\"position\":1,\"name\":\"Kezd\u0151lap\",\"item\":\"https:\/\/vasasbasket.hu\/\"},{\"@type\":\"ListItem\",\"position\":2,\"name\":\"Id\u0151 el\u0151tt v\u00e9get \u00e9rt a m\u00e9rk\u0151z\u00e9s, ism\u00e9t gy\u0151ztek juniorjaink\"}]},{\"@type\":\"WebSite\",\"@id\":\"https:\/\/vasasbasket.hu\/#website\",\"url\":\"https:\/\/vasasbasket.hu\/\",\"name\":\"Vasas n\u0151i kos\u00e1rlabda\",\"description\":\"Vasas Basket N\u0151i\",\"publisher\":{\"@id\":\"https:\/\/vasasbasket.hu\/#organization\"},\"potentialAction\":[{\"@type\":\"SearchAction\",\"target\":{\"@type\":\"EntryPoint\",\"urlTemplate\":\"https:\/\/vasasbasket.hu\/?s={search_term_string}\"},\"query-input\":{\"@type\":\"PropertyValueSpecification\",\"valueRequired\":true,\"valueName\":\"search_term_string\"}}],\"inLanguage\":\"hu\"},{\"@type\":\"Organization\",\"@id\":\"https:\/\/vasasbasket.hu\/#organization\",\"name\":\"Vasas n\u0151i kos\u00e1rlabda\",\"url\":\"https:\/\/vasasbasket.hu\/\",\"logo\":{\"@type\":\"ImageObject\",\"inLanguage\":\"hu\",\"@id\":\"https:\/\/vasasbasket.hu\/#\/schema\/logo\/image\/\",\"url\":\"https:\/\/vasasbasket.hu\/wp-content\/uploads\/2017\/03\/vasas_cimer_1200.jpg\",\"contentUrl\":\"https:\/\/vasasbasket.hu\/wp-content\/uploads\/2017\/03\/vasas_cimer_1200.jpg\",\"width\":1200,\"height\":1200,\"caption\":\"Vasas n\u0151i kos\u00e1rlabda\"},\"image\":{\"@id\":\"https:\/\/vasasbasket.hu\/#\/schema\/logo\/image\/\"},\"sameAs\":[\"https:\/\/www.facebook.com\/vasaswbasket\/\"]},{\"@type\":\"Person\",\"@id\":\"https:\/\/vasasbasket.hu\/#\/schema\/person\/f1085f4d2c6582d8d0f977e92de2edee\",\"name\":\"admin\",\"image\":{\"@type\":\"ImageObject\",\"inLanguage\":\"hu\",\"@id\":\"https:\/\/vasasbasket.hu\/#\/schema\/person\/image\/\",\"url\":\"https:\/\/secure.gravatar.com\/avatar\/645c92f7d9cfe02bd93ce2d1cfa11cd3a268bdfe65486552ff04b193cea07634?s=96&d=mm&r=g\",\"contentUrl\":\"https:\/\/secure.gravatar.com\/avatar\/645c92f7d9cfe02bd93ce2d1cfa11cd3a268bdfe65486552ff04b193cea07634?s=96&d=mm&r=g\",\"caption\":\"admin\"},\"url\":\"https:\/\/vasasbasket.hu\/index.php\/author\/admin\/\"}]}<\/script>\n<!-- \/ Yoast SEO plugin. -->","yoast_head_json":{"title":"Id\u0151 el\u0151tt v\u00e9get \u00e9rt a m\u00e9rk\u0151z\u00e9s, ism\u00e9t gy\u0151ztek juniorjaink - Vasas n\u0151i kos\u00e1rlabda","robots":{"index":"index","follow":"follow","max-snippet":"max-snippet:-1","max-image-preview":"max-image-preview:large","max-video-preview":"max-video-preview:-1"},"canonical":"https:\/\/vasasbasket.hu\/index.php\/ido-elott-veget-ert-a-merkozes-ismet-gyoztek-juniorjaink\/","og_locale":"hu_HU","og_type":"article","og_title":"Id\u0151 el\u0151tt v\u00e9get \u00e9rt a m\u00e9rk\u0151z\u00e9s, ism\u00e9t gy\u0151ztek juniorjaink - Vasas n\u0151i kos\u00e1rlabda","og_description":"Hull\u00e1mz\u00f3 rajtot k\u00f6vet\u0151en remek k\u00e9t negyedet produk\u00e1lt a Vasas Akad\u00e9mia U18-as csapata a T\u00f6r\u00f6k Fl\u00f3ris T\u00f6rekv\u00e9s SE ellen hazai p\u00e1ly\u00e1n. A tal\u00e1lkoz\u00f3 a 33. percben \u00e9rt v\u00e9get, mivel ellenfel\u00fcnk edz\u0151je megkapta m\u00e1sodik technikai figyelmeztet\u00e9s\u00e9t. &#8222;Nagyon rosszul indult a meccs, a negyedik percben id\u0151t kellett k\u00e9rn\u00fcnk, hogy \u00e1tbesz\u00e9lj\u00fck a hib\u00e1kat, \u00e9s tudjunk rajtuk jav\u00edtani. Az els\u0151...","og_url":"https:\/\/vasasbasket.hu\/index.php\/ido-elott-veget-ert-a-merkozes-ismet-gyoztek-juniorjaink\/","og_site_name":"Vasas n\u0151i kos\u00e1rlabda","article_publisher":"https:\/\/www.facebook.com\/vasaswbasket\/","article_published_time":"2019-10-07T19:24:27+00:00","og_image":[{"width":1500,"height":1000,"url":"https:\/\/vasasbasket.hu\/wp-content\/uploads\/2019\/09\/IMG_6867.jpg","type":"image\/jpeg"}],"author":"admin","twitter_card":"summary_large_image","twitter_misc":{"Szerz\u0151:":"admin","Becs\u00fclt olvas\u00e1si id\u0151":"2 perc"},"schema":{"@context":"https:\/\/schema.org","@graph":[{"@type":"Article","@id":"https:\/\/vasasbasket.hu\/index.php\/ido-elott-veget-ert-a-merkozes-ismet-gyoztek-juniorjaink\/#article","isPartOf":{"@id":"https:\/\/vasasbasket.hu\/index.php\/ido-elott-veget-ert-a-merkozes-ismet-gyoztek-juniorjaink\/"},"author":{"name":"admin","@id":"https:\/\/vasasbasket.hu\/#\/schema\/person\/f1085f4d2c6582d8d0f977e92de2edee"},"headline":"Id\u0151 el\u0151tt v\u00e9get \u00e9rt a m\u00e9rk\u0151z\u00e9s, ism\u00e9t gy\u0151ztek juniorjaink","datePublished":"2019-10-07T19:24:27+00:00","mainEntityOfPage":{"@id":"https:\/\/vasasbasket.hu\/index.php\/ido-elott-veget-ert-a-merkozes-ismet-gyoztek-juniorjaink\/"},"wordCount":372,"publisher":{"@id":"https:\/\/vasasbasket.hu\/#organization"},"image":{"@id":"https:\/\/vasasbasket.hu\/index.php\/ido-elott-veget-ert-a-merkozes-ismet-gyoztek-juniorjaink\/#primaryimage"},"thumbnailUrl":"https:\/\/vasasbasket.hu\/wp-content\/uploads\/2019\/09\/IMG_6867.jpg","articleSection":["Junior","\u00d6sszes H\u00edr"],"inLanguage":"hu"},{"@type":"WebPage","@id":"https:\/\/vasasbasket.hu\/index.php\/ido-elott-veget-ert-a-merkozes-ismet-gyoztek-juniorjaink\/","url":"https:\/\/vasasbasket.hu\/index.php\/ido-elott-veget-ert-a-merkozes-ismet-gyoztek-juniorjaink\/","name":"Id\u0151 el\u0151tt v\u00e9get \u00e9rt a m\u00e9rk\u0151z\u00e9s, ism\u00e9t gy\u0151ztek juniorjaink - Vasas n\u0151i kos\u00e1rlabda","isPartOf":{"@id":"https:\/\/vasasbasket.hu\/#website"},"primaryImageOfPage":{"@id":"https:\/\/vasasbasket.hu\/index.php\/ido-elott-veget-ert-a-merkozes-ismet-gyoztek-juniorjaink\/#primaryimage"},"image":{"@id":"https:\/\/vasasbasket.hu\/index.php\/ido-elott-veget-ert-a-merkozes-ismet-gyoztek-juniorjaink\/#primaryimage"},"thumbnailUrl":"https:\/\/vasasbasket.hu\/wp-content\/uploads\/2019\/09\/IMG_6867.jpg","datePublished":"2019-10-07T19:24:27+00:00","breadcrumb":{"@id":"https:\/\/vasasbasket.hu\/index.php\/ido-elott-veget-ert-a-merkozes-ismet-gyoztek-juniorjaink\/#breadcrumb"},"inLanguage":"hu","potentialAction":[{"@type":"ReadAction","target":["https:\/\/vasasbasket.hu\/index.php\/ido-elott-veget-ert-a-merkozes-ismet-gyoztek-juniorjaink\/"]}]},{"@type":"ImageObject","inLanguage":"hu","@id":"https:\/\/vasasbasket.hu\/index.php\/ido-elott-veget-ert-a-merkozes-ismet-gyoztek-juniorjaink\/#primaryimage","url":"https:\/\/vasasbasket.hu\/wp-content\/uploads\/2019\/09\/IMG_6867.jpg","contentUrl":"https:\/\/vasasbasket.hu\/wp-content\/uploads\/2019\/09\/IMG_6867.jpg","width":1500,"height":1000},{"@type":"BreadcrumbList","@id":"https:\/\/vasasbasket.hu\/index.php\/ido-elott-veget-ert-a-merkozes-ismet-gyoztek-juniorjaink\/#breadcrumb","itemListElement":[{"@type":"ListItem","position":1,"name":"Kezd\u0151lap","item":"https:\/\/vasasbasket.hu\/"},{"@type":"ListItem","position":2,"name":"Id\u0151 el\u0151tt v\u00e9get \u00e9rt a m\u00e9rk\u0151z\u00e9s, ism\u00e9t gy\u0151ztek juniorjaink"}]},{"@type":"WebSite","@id":"https:\/\/vasasbasket.hu\/#website","url":"https:\/\/vasasbasket.hu\/","name":"Vasas n\u0151i kos\u00e1rlabda","description":"Vasas Basket N\u0151i","publisher":{"@id":"https:\/\/vasasbasket.hu\/#organization"},"potentialAction":[{"@type":"SearchAction","target":{"@type":"EntryPoint","urlTemplate":"https:\/\/vasasbasket.hu\/?s={search_term_string}"},"query-input":{"@type":"PropertyValueSpecification","valueRequired":true,"valueName":"search_term_string"}}],"inLanguage":"hu"},{"@type":"Organization","@id":"https:\/\/vasasbasket.hu\/#organization","name":"Vasas n\u0151i kos\u00e1rlabda","url":"https:\/\/vasasbasket.hu\/","logo":{"@type":"ImageObject","inLanguage":"hu","@id":"https:\/\/vasasbasket.hu\/#\/schema\/logo\/image\/","url":"https:\/\/vasasbasket.hu\/wp-content\/uploads\/2017\/03\/vasas_cimer_1200.jpg","contentUrl":"https:\/\/vasasbasket.hu\/wp-content\/uploads\/2017\/03\/vasas_cimer_1200.jpg","width":1200,"height":1200,"caption":"Vasas n\u0151i kos\u00e1rlabda"},"image":{"@id":"https:\/\/vasasbasket.hu\/#\/schema\/logo\/image\/"},"sameAs":["https:\/\/www.facebook.com\/vasaswbasket\/"]},{"@type":"Person","@id":"https:\/\/vasasbasket.hu\/#\/schema\/person\/f1085f4d2c6582d8d0f977e92de2edee","name":"admin","image":{"@type":"ImageObject","inLanguage":"hu","@id":"https:\/\/vasasbasket.hu\/#\/schema\/person\/image\/","url":"https:\/\/secure.gravatar.com\/avatar\/645c92f7d9cfe02bd93ce2d1cfa11cd3a268bdfe65486552ff04b193cea07634?s=96&d=mm&r=g","contentUrl":"https:\/\/secure.gravatar.com\/avatar\/645c92f7d9cfe02bd93ce2d1cfa11cd3a268bdfe65486552ff04b193cea07634?s=96&d=mm&r=g","caption":"admin"},"url":"https:\/\/vasasbasket.hu\/index.php\/author\/admin\/"}]}},"_links":{"self":[{"href":"https:\/\/vasasbasket.hu\/index.php\/wp-json\/wp\/v2\/posts\/6060","targetHints":{"allow":["GET"]}}],"collection":[{"href":"https:\/\/vasasbasket.hu\/index.php\/wp-json\/wp\/v2\/posts"}],"about":[{"href":"https:\/\/vasasbasket.hu\/index.php\/wp-json\/wp\/v2\/types\/post"}],"author":[{"embeddable":true,"href":"https:\/\/vasasbasket.hu\/index.php\/wp-json\/wp\/v2\/users\/1"}],"replies":[{"embeddable":true,"href":"https:\/\/vasasbasket.hu\/index.php\/wp-json\/wp\/v2\/comments?post=6060"}],"version-history":[{"count":1,"href":"https:\/\/vasasbasket.hu\/index.php\/wp-json\/wp\/v2\/posts\/6060\/revisions"}],"predecessor-version":[{"id":6061,"href":"https:\/\/vasasbasket.hu\/index.php\/wp-json\/wp\/v2\/posts\/6060\/revisions\/6061"}],"wp:featuredmedia":[{"embeddable":true,"href":"https:\/\/vasasbasket.hu\/index.php\/wp-json\/wp\/v2\/media\/5996"}],"wp:attachment":[{"href":"https:\/\/vasasbasket.hu\/index.php\/wp-json\/wp\/v2\/media?parent=6060"}],"wp:term":[{"taxonomy":"category","embeddable":true,"href":"https:\/\/vasasbasket.hu\/index.php\/wp-json\/wp\/v2\/categories?post=6060"},{"taxonomy":"post_tag","embeddable":true,"href":"https:\/\/vasasbasket.hu\/index.php\/wp-json\/wp\/v2\/tags?post=6060"}],"curies":[{"name":"wp","href":"https:\/\/api.w.org\/{rel}","templated":true}]}}