{"id":5945,"date":"2019-09-23T18:18:06","date_gmt":"2019-09-23T18:18:06","guid":{"rendered":"http:\/\/vasasbasket.hu\/?p=5945"},"modified":"2019-09-23T18:18:06","modified_gmt":"2019-09-23T18:18:06","slug":"harom-korosztalyunk-is-kepviselte-magat-a-torok-kupan","status":"publish","type":"post","link":"https:\/\/vasasbasket.hu\/index.php\/harom-korosztalyunk-is-kepviselte-magat-a-torok-kupan\/","title":{"rendered":"H\u00e1rom koroszt\u00e1lyunk is k\u00e9pviselte mag\u00e1t a T\u00f6r\u00f6k Kup\u00e1n"},"content":{"rendered":"<p><strong>M\u00falt h\u00e9tv\u00e9g\u00e9n rendezt\u00e9k a T\u00f6r\u00f6k Kup\u00e1t, amire U18-as, U16-os, valamint U11-es koroszt\u00e1lyunk is megh\u00edv\u00e1st kapott.<\/strong><\/p>\n<p>Junior csapatunk a DVTK Akad\u00e9mia, valamint a T\u00f6r\u00f6k Fl\u00f3ris T\u00f6rekv\u00e9s SE ellen n\u00e9zett farkasszemet, Igor Skocovski csapata pedig mindk\u00e9t m\u00e9rk\u0151z\u00e9sen gy\u0151ztesen hagyhatta el a p\u00e1ly\u00e1t.<\/p>\n<p><em>&#8222;Neh\u00e9z volt olyan meccset j\u00e1tszani, ahol fut\u00f3 \u00f3ra volt. A j\u00e1t\u00e9kos rot\u00e1ci\u00f3 legink\u00e1bb arr\u00f3l sz\u00f3lt, hogy gyakoroljuk az \u00faj figur\u00e1kat, \u00e9s jav\u00edtsunk a v\u00e9dekez\u00e9sen. Sok hib\u00e1val j\u00e1tszottunk, \u00e1m a m\u00e9rk\u0151z\u00e9s v\u00e9g\u00e9n bekem\u00e9ny\u00edtettek a l\u00e1nyok v\u00e9dekez\u00e9sben, hat\u00e9konyabban siker\u00fclt kivitelezni az edz\u00e9sen gyakoroltakat, ami\u00e9rt gratul\u00e1lok a csapatnak&#8221;<\/em> &#8211; mondta a junior csapat edz\u0151je, Igor Skocovski.<\/p>\n<p><strong>Vasas Akad\u00e9mia &#8211;<\/strong> DVTK Akad\u00e9mia<strong> 38-36<\/strong> (8-7, 10-9, 5-10, 15-10)<br \/>\n<em>Pontszerz\u0151k:<\/em><br \/>\n<strong>Vasas Akad\u00e9mia: <\/strong>Boros L. 3, V\u00edgh B. 11, D\u00fal T., Sikl\u00f3s D. 2, Mudra V. 1, Kuncz P., L\u0151rinczy P. 3, Salamon Zs. 10, Nagy L. 2, Kun R., Szeremy V., Kuncz P., Altmann A.6<img loading=\"lazy\" decoding=\"async\" class=\" wp-image-5949 aligncenter\" src=\"http:\/\/vasasbasket.hu\/wp-content\/uploads\/2019\/09\/IMG_6867-2_web-1024x684.jpg\" alt=\"\" width=\"575\" height=\"385\" srcset=\"https:\/\/vasasbasket.hu\/wp-content\/uploads\/2019\/09\/IMG_6867-2_web-1024x684.jpg 1024w, https:\/\/vasasbasket.hu\/wp-content\/uploads\/2019\/09\/IMG_6867-2_web-570x381.jpg 570w, https:\/\/vasasbasket.hu\/wp-content\/uploads\/2019\/09\/IMG_6867-2_web-440x294.jpg 440w, https:\/\/vasasbasket.hu\/wp-content\/uploads\/2019\/09\/IMG_6867-2_web-300x200.jpg 300w, https:\/\/vasasbasket.hu\/wp-content\/uploads\/2019\/09\/IMG_6867-2_web-768x513.jpg 768w, https:\/\/vasasbasket.hu\/wp-content\/uploads\/2019\/09\/IMG_6867-2_web-128x85.jpg 128w, https:\/\/vasasbasket.hu\/wp-content\/uploads\/2019\/09\/IMG_6867-2_web-32x21.jpg 32w, https:\/\/vasasbasket.hu\/wp-content\/uploads\/2019\/09\/IMG_6867-2_web-360x240.jpg 360w, https:\/\/vasasbasket.hu\/wp-content\/uploads\/2019\/09\/IMG_6867-2_web-98x65.jpg 98w, https:\/\/vasasbasket.hu\/wp-content\/uploads\/2019\/09\/IMG_6867-2_web.jpg 1572w\" sizes=\"auto, (max-width: 575px) 100vw, 575px\" \/><em>&#8222;A m\u00e1sodik m\u00e9rk\u0151z\u00e9sen hasonl\u00f3an kezdt\u00fcnk, de az utols\u00f3 negyedben \u00fajra \u00f6ssze\u00e1llt a j\u00e1t\u00e9kunk, \u00e9s l\u00e1tv\u00e1nyos t\u00e1mad\u00e1sok mellett hat\u00e9konyak voltunk v\u00e9dekez\u00e9sben is. A kem\u00e9ny v\u00e9dekez\u00e9s, beseg\u00edt\u00e9s, \u00e9s okos t\u00e1mad\u00f3j\u00e1t\u00e9k mindenk\u00e9pp dics\u00e9retet \u00e9rdemel. Sok munka v\u00e1r m\u00e9g r\u00e1nk, azonban j\u00f3 \u00faton haladunk. Gratul\u00e1lok a csapatnak&#8221;<\/em> &#8211; mondta Igor Skocovski.<\/p>\n<p>T\u00f6r\u00f6k Fl\u00f3ris T\u00f6rekv\u00e9s SE<strong> &#8211; Vasas Akad\u00e9mia 45-63<\/strong> (15-15, 12-14, 12-13, 6-21)<br \/>\n<em>Pontszerz\u0151k:<\/em><br \/>\n<strong>Vasas Akad\u00e9mia: <\/strong>Boros L. 2, V\u00edgh B. 8, D\u00fal T. 2, Sikl\u00f3s D. 11, Mudra V. 7, Kuncz P. 7, L\u0151rinczy P. 4, Salamon Zs., Nagy L. 2, Kun R. 8, Szeremy V., Kuncz P. 3, Altmann A.9<\/p>\n<p>A juniorokhoz hasonl\u00f3an kadett csapatunk is a DVTK Akad\u00e9mia \u00e9s a T\u00f6r\u00f6k Fl\u00f3ris T\u00f6rekv\u00e9s SE ellen l\u00e9pett p\u00e1ly\u00e1ra. Nem sok hi\u00e1nyzott r\u00e1ad\u00e1sul ahhoz, eredm\u00e9nyben is hasonl\u00f3an z\u00e1rjanak U16-os l\u00e1nyaink.<\/p>\n<p><em>&#8222;A harmadik negyed kiv\u00e9tel\u00e9vel eg\u00e1lt j\u00e1tszottunk ellenfel\u00fcnkkel. \u00d6r\u00fcltem, hogy ilyen tart\u00e1sa volt a betegs\u00e9gek \u00e9s s\u00e9r\u00fcl\u00e9sek miatt szokatlan szerkezetben fel\u00e1ll\u00f3 csapatunknak, valamint hogy minden j\u00e1t\u00e9kosunk p\u00e1ly\u00e1ra tudott l\u00e9pni \u00e9les szitu\u00e1ci\u00f3ban. A v\u00e9dekez\u00e9s\u00fcnk sokat fejl\u0151d\u00f6tt az elm\u00falt hetekben, de m\u00e9g nem lehet\u00fcnk el\u00e9gedettek. Emiatt dics\u00e9retet \u00e9rdemel Van Rijs Luca \u00e9s Aho Tyra, de ahhoz m\u00e9g dolgoznunk kell, hogy a csapatv\u00e9dekez\u00e9st is dics\u00e9rni tudjuk. T\u00e1mad\u00f3j\u00e1t\u00e9kunk id\u0151szakonk\u00e9nt gyors \u00e9s \u00f6tletes volt, de m\u00e9g nem tudtuk megfelel\u0151en kihaszn\u00e1lni a magass\u00e1gi f\u00f6l\u00e9ny\u00fcnket. Ezeken dolgozunk tov\u00e1bb \u00e9s gratul\u00e1lunk az ellenf\u00e9lnek&#8221;<\/em> &#8211; mondta a kadett csapat edz\u0151je, Di\u00f3sadi De\u00e1k \u00c9va.<\/p>\n<p><strong>Vasas Akad\u00e9mia &#8211;<\/strong> DVTK Akad\u00e9mia <strong>49-55<\/strong> (16-16, 14-12, 7-17, 12-10)<br \/>\n<em>Pontszerz\u0151k:<\/em><br \/>\n<strong>Vasas Akad\u00e9mia:<\/strong> Van Rijs Luca 12, Aho Tyra 7\/3, T\u00f3th Bogl\u00e1rka 2, Antal Fanni 5, K\u00e1d\u00e1r Orsolya 12, Rubint \u00c1gnes 5, Kir\u00e1ly Alexandra, Z\u00e1boji Tita, Fogarasi Kincs\u0151 2, H\u00e1mori Bernadett 2, Istenes Zsuzska 2<img loading=\"lazy\" decoding=\"async\" class=\" wp-image-5948 aligncenter\" src=\"http:\/\/vasasbasket.hu\/wp-content\/uploads\/2019\/09\/IMG_20190922_172947-1024x768.jpg\" alt=\"\" width=\"573\" height=\"430\" srcset=\"https:\/\/vasasbasket.hu\/wp-content\/uploads\/2019\/09\/IMG_20190922_172947-1024x768.jpg 1024w, https:\/\/vasasbasket.hu\/wp-content\/uploads\/2019\/09\/IMG_20190922_172947-570x428.jpg 570w, https:\/\/vasasbasket.hu\/wp-content\/uploads\/2019\/09\/IMG_20190922_172947-440x330.jpg 440w, https:\/\/vasasbasket.hu\/wp-content\/uploads\/2019\/09\/IMG_20190922_172947-300x225.jpg 300w, https:\/\/vasasbasket.hu\/wp-content\/uploads\/2019\/09\/IMG_20190922_172947-768x576.jpg 768w, https:\/\/vasasbasket.hu\/wp-content\/uploads\/2019\/09\/IMG_20190922_172947-128x96.jpg 128w, https:\/\/vasasbasket.hu\/wp-content\/uploads\/2019\/09\/IMG_20190922_172947-32x24.jpg 32w, https:\/\/vasasbasket.hu\/wp-content\/uploads\/2019\/09\/IMG_20190922_172947-98x74.jpg 98w\" sizes=\"auto, (max-width: 573px) 100vw, 573px\" \/><em>&#8222;Az els\u0151 negyedben agressz\u00edv v\u00e9dekez\u00e9s\u00fcnknek \u00e9s agilis t\u00e1mad\u00f3j\u00e1t\u00e9kunknak k\u00f6sz\u00f6nhet\u0151en h\u00fasz pontos vezet\u00e9sre tett\u00fcnk szert. A tov\u00e1bbi negyedekben alkalmunk volt mindenkinek j\u00e1t\u00e9klehet\u0151s\u00e9get biztos\u00edtani, \u00e9s k\u00fcl\u00f6nb\u00f6z\u0151 \u00f6sszet\u00e9telekben gyakorolni azokat a j\u00e1t\u00e9kelemeket, amiket az edz\u00e9seken tanultunk. Ez a k\u00e9t m\u00e9rk\u0151z\u00e9s j\u00f3 lehet\u0151s\u00e9g volt arra, hogy felm\u00e9rj\u00fck, hol tartunk most, kire milyen feladatot lehet r\u00e1b\u00edzni, \u00e9s hogyan \u00e9p\u00edtkezz\u00fcnk tov\u00e1bb. K\u00f6sz\u00f6nj\u00fck a T\u00f6rekv\u00e9s SE megh\u00edv\u00e1s\u00e1t&#8221;<\/em> &#8211; mondta Di\u00f3sadi De\u00e1k \u00c9va.<\/p>\n<p>T\u00f6r\u00f6k Fl\u00f3ris T\u00f6rekv\u00e9s SE\/A<strong> &#8211; Vasas Akad\u00e9mia 25-55<\/strong> (6-26, 8-6, 2-11, 9-12)<br \/>\n<em>Pontszerz\u0151k:<\/em><br \/>\n<strong>Vasas Akad\u00e9mia:<\/strong> Van Rijs Luca 8, Aho Tyra 8, Van Rijs D\u00f3ra 2, Antal Fanni 12, Rubint \u00c1gnes 9, K\u00e1d\u00e1r Orsolya 6, T\u00f3th Bogl\u00e1rka, Kir\u00e1ly Alexandra 2, Z\u00e1boji Tita, Fogarasi Kincs\u0151, H\u00e1mori Bernadett 6, Istenes Zsuzska 2, Ulrich Zo\u00e9<\/p>\n<p>A nagyokon k\u00edv\u00fcl U11-es koroszt\u00e1lyunk is k\u00e9pviselte mag\u00e1t a T\u00f6r\u00f6k Kup\u00e1n.<\/p>\n<p><em>&#8222;A Kup\u00e1n pr\u00f3b\u00e1ltuk a l\u00e1nyokat \u00fagy forgatni, hogy mindenki lehet\u0151s\u00e9g kapjon a j\u00e1t\u00e9kra. A m\u00e9rk\u0151z\u00e9st nagyon \u00e1lmosan kezdt\u00fck, \u00edgy nagyon sok hib\u00e1t v\u00e9tett\u00fcnk t\u00e1mad\u00e1sban \u00e9s v\u00e9dekez\u00e9sben egyar\u00e1nt. Pr\u00f3b\u00e1ltuk a l\u00e1nyokat motiv\u00e1lni \u00e9s \u00f6szt\u00f6n\u00f6zni, de l\u00e1tszik, hogy az elej\u00e9n vagyunk, \u00e9s sokat kell m\u00e9g fejl\u0151dn\u00fcnk. Kiemeln\u00e9m az utols\u00f3 negyedet, ahol a l\u00e1nyok csapatk\u00e9nt j\u00e1tszottak, \u00e9s viszont l\u00e1ttuk az edz\u00e9sen tanultakat, \u00edgy a negyedet 15 &#8211; 6-tal z\u00e1rtuk&#8221;<\/em> &#8211; mondta a gyerek csapat edz\u0151je, Mecs\u00e9ri Alexandra.<\/p>\n<p><strong>Vasas Amazonok &#8211;<\/strong> T\u00f6r\u00f6k Sasfi\u00f3k\u00e1k <strong>25-46<br \/>\n<\/strong><em>Pontszerz\u0151k:<\/em><strong><br \/>\nVasas Amazonok: <\/strong>Moln\u00e1r Zara 10, Toman Zs\u00f3fi 6, Jusztin \u00c1fra 3, M\u00e1rton Lia 2, Bacsa Szonja 2, Mayr Jana 2<img loading=\"lazy\" decoding=\"async\" class=\" wp-image-5946 aligncenter\" src=\"http:\/\/vasasbasket.hu\/wp-content\/uploads\/2019\/09\/image2-2-1024x768.jpeg\" alt=\"\" width=\"574\" height=\"430\" srcset=\"https:\/\/vasasbasket.hu\/wp-content\/uploads\/2019\/09\/image2-2-1024x768.jpeg 1024w, https:\/\/vasasbasket.hu\/wp-content\/uploads\/2019\/09\/image2-2-570x428.jpeg 570w, https:\/\/vasasbasket.hu\/wp-content\/uploads\/2019\/09\/image2-2-440x330.jpeg 440w, https:\/\/vasasbasket.hu\/wp-content\/uploads\/2019\/09\/image2-2-300x225.jpeg 300w, https:\/\/vasasbasket.hu\/wp-content\/uploads\/2019\/09\/image2-2-768x576.jpeg 768w, https:\/\/vasasbasket.hu\/wp-content\/uploads\/2019\/09\/image2-2-128x96.jpeg 128w, https:\/\/vasasbasket.hu\/wp-content\/uploads\/2019\/09\/image2-2-32x24.jpeg 32w, https:\/\/vasasbasket.hu\/wp-content\/uploads\/2019\/09\/image2-2-98x74.jpeg 98w, https:\/\/vasasbasket.hu\/wp-content\/uploads\/2019\/09\/image2-2.jpeg 1632w\" sizes=\"auto, (max-width: 574px) 100vw, 574px\" \/><em>&#8222;A m\u00e1sodik meccsen a l\u00e1nyok remek\u00fcl helyt \u00e1lltak azokban a feladatokban, melyeket k\u00e9rt\u00fcnk t\u0151l\u00fck. A kosaraink nagy r\u00e9sz\u00e9t szerzett labd\u00e1b\u00f3l vagy gyors ind\u00edt\u00e1sb\u00f3l szerezt\u00fck. Sok passzal j\u00e1tszottunk, \u00e9s \u00f6szt\u00f6n\u00f6zt\u00fck \u0151ket a befut\u00e1sra, ami sokszor meghozta gy\u00fcm\u00f6lcs\u00e9t. \u00d6r\u00fclt\u00fcnk, hogy r\u00e9szt vehett\u00fcnk ezen a Kup\u00e1n, mert k\u00e9pet kaptunk mi is, hogy miben kell m\u00e9g fejl\u0151dn\u00fcnk. Gratul\u00e1lok mind a k\u00e9t csapatnak&#8221;<\/em> &#8211; mondta a csapat edz\u0151je, Kapornai D\u00f3ra.<\/p>\n<p>Ny\u00edregyh\u00e1za Kos\u00e1rsuli <strong>&#8211; Vasas Amazonok 16-75<br \/>\nPontszerz\u0151k:<br \/>\nVasas Amazonok: <\/strong>P\u00e1cza Blanka 24, Firle-Kiss Bora 10, T\u00f3th Frotti 10, V\u00e9rtes Vanda 10, Tompa No\u00e9mi 6, Karli D\u00f3ra 6, Bacsa Szonja 4, M\u00e1rton Lia 3, Bogd\u00e1n Fanni 2<\/p>\n<p>K\u00f6sz\u00f6nj\u00fck a T\u00f6r\u00f6k Fl\u00f3ris T\u00f6rekv\u00e9s SE megh\u00edv\u00e1s\u00e1t!<\/p>\n<p>&nbsp;<\/p>\n","protected":false},"excerpt":{"rendered":"<p>M\u00falt h\u00e9tv\u00e9g\u00e9n rendezt\u00e9k a T\u00f6r\u00f6k Kup\u00e1t, amire U18-as, U16-os, valamint U11-es koroszt\u00e1lyunk is megh\u00edv\u00e1st kapott. Junior csapatunk a DVTK Akad\u00e9mia, valamint a T\u00f6r\u00f6k Fl\u00f3ris T\u00f6rekv\u00e9s SE ellen n\u00e9zett farkasszemet, Igor Skocovski csapata pedig mindk\u00e9t m\u00e9rk\u0151z\u00e9sen gy\u0151ztesen hagyhatta el a p\u00e1ly\u00e1t. &#8222;Neh\u00e9z volt olyan meccset j\u00e1tszani, ahol fut\u00f3 \u00f3ra volt. A j\u00e1t\u00e9kos rot\u00e1ci\u00f3 legink\u00e1bb arr\u00f3l sz\u00f3lt,&#8230;<\/p>\n","protected":false},"author":1,"featured_media":5947,"comment_status":"closed","ping_status":"open","sticky":false,"template":"","format":"standard","meta":{"footnotes":""},"categories":[50,51,73,92],"tags":[],"class_list":["post-5945","post","type-post","status-publish","format-standard","has-post-thumbnail","hentry","category-junior","category-kadett","category-gyerek","category-hirek"],"yoast_head":"<!-- This site is optimized with the Yoast SEO plugin v26.0 - https:\/\/yoast.com\/wordpress\/plugins\/seo\/ -->\n<title>H\u00e1rom koroszt\u00e1lyunk is k\u00e9pviselte mag\u00e1t a T\u00f6r\u00f6k Kup\u00e1n - Vasas n\u0151i kos\u00e1rlabda<\/title>\n<meta name=\"robots\" content=\"index, follow, max-snippet:-1, max-image-preview:large, max-video-preview:-1\" \/>\n<link rel=\"canonical\" href=\"https:\/\/vasasbasket.hu\/index.php\/harom-korosztalyunk-is-kepviselte-magat-a-torok-kupan\/\" \/>\n<meta property=\"og:locale\" content=\"hu_HU\" \/>\n<meta property=\"og:type\" content=\"article\" \/>\n<meta property=\"og:title\" content=\"H\u00e1rom koroszt\u00e1lyunk is k\u00e9pviselte mag\u00e1t a T\u00f6r\u00f6k Kup\u00e1n - Vasas n\u0151i kos\u00e1rlabda\" \/>\n<meta property=\"og:description\" content=\"M\u00falt h\u00e9tv\u00e9g\u00e9n rendezt\u00e9k a T\u00f6r\u00f6k Kup\u00e1t, amire U18-as, U16-os, valamint U11-es koroszt\u00e1lyunk is megh\u00edv\u00e1st kapott. Junior csapatunk a DVTK Akad\u00e9mia, valamint a T\u00f6r\u00f6k Fl\u00f3ris T\u00f6rekv\u00e9s SE ellen n\u00e9zett farkasszemet, Igor Skocovski csapata pedig mindk\u00e9t m\u00e9rk\u0151z\u00e9sen gy\u0151ztesen hagyhatta el a p\u00e1ly\u00e1t. &#8222;Neh\u00e9z volt olyan meccset j\u00e1tszani, ahol fut\u00f3 \u00f3ra volt. A j\u00e1t\u00e9kos rot\u00e1ci\u00f3 legink\u00e1bb arr\u00f3l sz\u00f3lt,...\" \/>\n<meta property=\"og:url\" content=\"https:\/\/vasasbasket.hu\/index.php\/harom-korosztalyunk-is-kepviselte-magat-a-torok-kupan\/\" \/>\n<meta property=\"og:site_name\" content=\"Vasas n\u0151i kos\u00e1rlabda\" \/>\n<meta property=\"article:publisher\" content=\"https:\/\/www.facebook.com\/vasaswbasket\/\" \/>\n<meta property=\"article:published_time\" content=\"2019-09-23T18:18:06+00:00\" \/>\n<meta property=\"og:image\" content=\"https:\/\/vasasbasket.hu\/wp-content\/uploads\/2019\/09\/image1-3.jpeg\" \/>\n\t<meta property=\"og:image:width\" content=\"1280\" \/>\n\t<meta property=\"og:image:height\" content=\"960\" \/>\n\t<meta property=\"og:image:type\" content=\"image\/jpeg\" \/>\n<meta name=\"author\" content=\"admin\" \/>\n<meta name=\"twitter:card\" content=\"summary_large_image\" \/>\n<meta name=\"twitter:label1\" content=\"Szerz\u0151:\" \/>\n\t<meta name=\"twitter:data1\" content=\"admin\" \/>\n\t<meta name=\"twitter:label2\" content=\"Becs\u00fclt olvas\u00e1si id\u0151\" \/>\n\t<meta name=\"twitter:data2\" content=\"5 perc\" \/>\n<script type=\"application\/ld+json\" class=\"yoast-schema-graph\">{\"@context\":\"https:\/\/schema.org\",\"@graph\":[{\"@type\":\"Article\",\"@id\":\"https:\/\/vasasbasket.hu\/index.php\/harom-korosztalyunk-is-kepviselte-magat-a-torok-kupan\/#article\",\"isPartOf\":{\"@id\":\"https:\/\/vasasbasket.hu\/index.php\/harom-korosztalyunk-is-kepviselte-magat-a-torok-kupan\/\"},\"author\":{\"name\":\"admin\",\"@id\":\"https:\/\/vasasbasket.hu\/#\/schema\/person\/f1085f4d2c6582d8d0f977e92de2edee\"},\"headline\":\"H\u00e1rom koroszt\u00e1lyunk is k\u00e9pviselte mag\u00e1t a T\u00f6r\u00f6k Kup\u00e1n\",\"datePublished\":\"2019-09-23T18:18:06+00:00\",\"mainEntityOfPage\":{\"@id\":\"https:\/\/vasasbasket.hu\/index.php\/harom-korosztalyunk-is-kepviselte-magat-a-torok-kupan\/\"},\"wordCount\":1078,\"publisher\":{\"@id\":\"https:\/\/vasasbasket.hu\/#organization\"},\"image\":{\"@id\":\"https:\/\/vasasbasket.hu\/index.php\/harom-korosztalyunk-is-kepviselte-magat-a-torok-kupan\/#primaryimage\"},\"thumbnailUrl\":\"https:\/\/vasasbasket.hu\/wp-content\/uploads\/2019\/09\/image1-3.jpeg\",\"articleSection\":[\"Junior\",\"Kadett\",\"Gyerek\",\"\u00d6sszes H\u00edr\"],\"inLanguage\":\"hu\"},{\"@type\":\"WebPage\",\"@id\":\"https:\/\/vasasbasket.hu\/index.php\/harom-korosztalyunk-is-kepviselte-magat-a-torok-kupan\/\",\"url\":\"https:\/\/vasasbasket.hu\/index.php\/harom-korosztalyunk-is-kepviselte-magat-a-torok-kupan\/\",\"name\":\"H\u00e1rom koroszt\u00e1lyunk is k\u00e9pviselte mag\u00e1t a T\u00f6r\u00f6k Kup\u00e1n - Vasas n\u0151i kos\u00e1rlabda\",\"isPartOf\":{\"@id\":\"https:\/\/vasasbasket.hu\/#website\"},\"primaryImageOfPage\":{\"@id\":\"https:\/\/vasasbasket.hu\/index.php\/harom-korosztalyunk-is-kepviselte-magat-a-torok-kupan\/#primaryimage\"},\"image\":{\"@id\":\"https:\/\/vasasbasket.hu\/index.php\/harom-korosztalyunk-is-kepviselte-magat-a-torok-kupan\/#primaryimage\"},\"thumbnailUrl\":\"https:\/\/vasasbasket.hu\/wp-content\/uploads\/2019\/09\/image1-3.jpeg\",\"datePublished\":\"2019-09-23T18:18:06+00:00\",\"breadcrumb\":{\"@id\":\"https:\/\/vasasbasket.hu\/index.php\/harom-korosztalyunk-is-kepviselte-magat-a-torok-kupan\/#breadcrumb\"},\"inLanguage\":\"hu\",\"potentialAction\":[{\"@type\":\"ReadAction\",\"target\":[\"https:\/\/vasasbasket.hu\/index.php\/harom-korosztalyunk-is-kepviselte-magat-a-torok-kupan\/\"]}]},{\"@type\":\"ImageObject\",\"inLanguage\":\"hu\",\"@id\":\"https:\/\/vasasbasket.hu\/index.php\/harom-korosztalyunk-is-kepviselte-magat-a-torok-kupan\/#primaryimage\",\"url\":\"https:\/\/vasasbasket.hu\/wp-content\/uploads\/2019\/09\/image1-3.jpeg\",\"contentUrl\":\"https:\/\/vasasbasket.hu\/wp-content\/uploads\/2019\/09\/image1-3.jpeg\",\"width\":1280,\"height\":960},{\"@type\":\"BreadcrumbList\",\"@id\":\"https:\/\/vasasbasket.hu\/index.php\/harom-korosztalyunk-is-kepviselte-magat-a-torok-kupan\/#breadcrumb\",\"itemListElement\":[{\"@type\":\"ListItem\",\"position\":1,\"name\":\"Kezd\u0151lap\",\"item\":\"https:\/\/vasasbasket.hu\/\"},{\"@type\":\"ListItem\",\"position\":2,\"name\":\"H\u00e1rom koroszt\u00e1lyunk is k\u00e9pviselte mag\u00e1t a T\u00f6r\u00f6k Kup\u00e1n\"}]},{\"@type\":\"WebSite\",\"@id\":\"https:\/\/vasasbasket.hu\/#website\",\"url\":\"https:\/\/vasasbasket.hu\/\",\"name\":\"Vasas n\u0151i kos\u00e1rlabda\",\"description\":\"Vasas Basket N\u0151i\",\"publisher\":{\"@id\":\"https:\/\/vasasbasket.hu\/#organization\"},\"potentialAction\":[{\"@type\":\"SearchAction\",\"target\":{\"@type\":\"EntryPoint\",\"urlTemplate\":\"https:\/\/vasasbasket.hu\/?s={search_term_string}\"},\"query-input\":{\"@type\":\"PropertyValueSpecification\",\"valueRequired\":true,\"valueName\":\"search_term_string\"}}],\"inLanguage\":\"hu\"},{\"@type\":\"Organization\",\"@id\":\"https:\/\/vasasbasket.hu\/#organization\",\"name\":\"Vasas n\u0151i kos\u00e1rlabda\",\"url\":\"https:\/\/vasasbasket.hu\/\",\"logo\":{\"@type\":\"ImageObject\",\"inLanguage\":\"hu\",\"@id\":\"https:\/\/vasasbasket.hu\/#\/schema\/logo\/image\/\",\"url\":\"https:\/\/vasasbasket.hu\/wp-content\/uploads\/2017\/03\/vasas_cimer_1200.jpg\",\"contentUrl\":\"https:\/\/vasasbasket.hu\/wp-content\/uploads\/2017\/03\/vasas_cimer_1200.jpg\",\"width\":1200,\"height\":1200,\"caption\":\"Vasas n\u0151i kos\u00e1rlabda\"},\"image\":{\"@id\":\"https:\/\/vasasbasket.hu\/#\/schema\/logo\/image\/\"},\"sameAs\":[\"https:\/\/www.facebook.com\/vasaswbasket\/\"]},{\"@type\":\"Person\",\"@id\":\"https:\/\/vasasbasket.hu\/#\/schema\/person\/f1085f4d2c6582d8d0f977e92de2edee\",\"name\":\"admin\",\"image\":{\"@type\":\"ImageObject\",\"inLanguage\":\"hu\",\"@id\":\"https:\/\/vasasbasket.hu\/#\/schema\/person\/image\/\",\"url\":\"https:\/\/secure.gravatar.com\/avatar\/645c92f7d9cfe02bd93ce2d1cfa11cd3a268bdfe65486552ff04b193cea07634?s=96&d=mm&r=g\",\"contentUrl\":\"https:\/\/secure.gravatar.com\/avatar\/645c92f7d9cfe02bd93ce2d1cfa11cd3a268bdfe65486552ff04b193cea07634?s=96&d=mm&r=g\",\"caption\":\"admin\"},\"url\":\"https:\/\/vasasbasket.hu\/index.php\/author\/admin\/\"}]}<\/script>\n<!-- \/ Yoast SEO plugin. -->","yoast_head_json":{"title":"H\u00e1rom koroszt\u00e1lyunk is k\u00e9pviselte mag\u00e1t a T\u00f6r\u00f6k Kup\u00e1n - Vasas n\u0151i kos\u00e1rlabda","robots":{"index":"index","follow":"follow","max-snippet":"max-snippet:-1","max-image-preview":"max-image-preview:large","max-video-preview":"max-video-preview:-1"},"canonical":"https:\/\/vasasbasket.hu\/index.php\/harom-korosztalyunk-is-kepviselte-magat-a-torok-kupan\/","og_locale":"hu_HU","og_type":"article","og_title":"H\u00e1rom koroszt\u00e1lyunk is k\u00e9pviselte mag\u00e1t a T\u00f6r\u00f6k Kup\u00e1n - Vasas n\u0151i kos\u00e1rlabda","og_description":"M\u00falt h\u00e9tv\u00e9g\u00e9n rendezt\u00e9k a T\u00f6r\u00f6k Kup\u00e1t, amire U18-as, U16-os, valamint U11-es koroszt\u00e1lyunk is megh\u00edv\u00e1st kapott. Junior csapatunk a DVTK Akad\u00e9mia, valamint a T\u00f6r\u00f6k Fl\u00f3ris T\u00f6rekv\u00e9s SE ellen n\u00e9zett farkasszemet, Igor Skocovski csapata pedig mindk\u00e9t m\u00e9rk\u0151z\u00e9sen gy\u0151ztesen hagyhatta el a p\u00e1ly\u00e1t. &#8222;Neh\u00e9z volt olyan meccset j\u00e1tszani, ahol fut\u00f3 \u00f3ra volt. A j\u00e1t\u00e9kos rot\u00e1ci\u00f3 legink\u00e1bb arr\u00f3l sz\u00f3lt,...","og_url":"https:\/\/vasasbasket.hu\/index.php\/harom-korosztalyunk-is-kepviselte-magat-a-torok-kupan\/","og_site_name":"Vasas n\u0151i kos\u00e1rlabda","article_publisher":"https:\/\/www.facebook.com\/vasaswbasket\/","article_published_time":"2019-09-23T18:18:06+00:00","og_image":[{"width":1280,"height":960,"url":"https:\/\/vasasbasket.hu\/wp-content\/uploads\/2019\/09\/image1-3.jpeg","type":"image\/jpeg"}],"author":"admin","twitter_card":"summary_large_image","twitter_misc":{"Szerz\u0151:":"admin","Becs\u00fclt olvas\u00e1si id\u0151":"5 perc"},"schema":{"@context":"https:\/\/schema.org","@graph":[{"@type":"Article","@id":"https:\/\/vasasbasket.hu\/index.php\/harom-korosztalyunk-is-kepviselte-magat-a-torok-kupan\/#article","isPartOf":{"@id":"https:\/\/vasasbasket.hu\/index.php\/harom-korosztalyunk-is-kepviselte-magat-a-torok-kupan\/"},"author":{"name":"admin","@id":"https:\/\/vasasbasket.hu\/#\/schema\/person\/f1085f4d2c6582d8d0f977e92de2edee"},"headline":"H\u00e1rom koroszt\u00e1lyunk is k\u00e9pviselte mag\u00e1t a T\u00f6r\u00f6k Kup\u00e1n","datePublished":"2019-09-23T18:18:06+00:00","mainEntityOfPage":{"@id":"https:\/\/vasasbasket.hu\/index.php\/harom-korosztalyunk-is-kepviselte-magat-a-torok-kupan\/"},"wordCount":1078,"publisher":{"@id":"https:\/\/vasasbasket.hu\/#organization"},"image":{"@id":"https:\/\/vasasbasket.hu\/index.php\/harom-korosztalyunk-is-kepviselte-magat-a-torok-kupan\/#primaryimage"},"thumbnailUrl":"https:\/\/vasasbasket.hu\/wp-content\/uploads\/2019\/09\/image1-3.jpeg","articleSection":["Junior","Kadett","Gyerek","\u00d6sszes H\u00edr"],"inLanguage":"hu"},{"@type":"WebPage","@id":"https:\/\/vasasbasket.hu\/index.php\/harom-korosztalyunk-is-kepviselte-magat-a-torok-kupan\/","url":"https:\/\/vasasbasket.hu\/index.php\/harom-korosztalyunk-is-kepviselte-magat-a-torok-kupan\/","name":"H\u00e1rom koroszt\u00e1lyunk is k\u00e9pviselte mag\u00e1t a T\u00f6r\u00f6k Kup\u00e1n - Vasas n\u0151i kos\u00e1rlabda","isPartOf":{"@id":"https:\/\/vasasbasket.hu\/#website"},"primaryImageOfPage":{"@id":"https:\/\/vasasbasket.hu\/index.php\/harom-korosztalyunk-is-kepviselte-magat-a-torok-kupan\/#primaryimage"},"image":{"@id":"https:\/\/vasasbasket.hu\/index.php\/harom-korosztalyunk-is-kepviselte-magat-a-torok-kupan\/#primaryimage"},"thumbnailUrl":"https:\/\/vasasbasket.hu\/wp-content\/uploads\/2019\/09\/image1-3.jpeg","datePublished":"2019-09-23T18:18:06+00:00","breadcrumb":{"@id":"https:\/\/vasasbasket.hu\/index.php\/harom-korosztalyunk-is-kepviselte-magat-a-torok-kupan\/#breadcrumb"},"inLanguage":"hu","potentialAction":[{"@type":"ReadAction","target":["https:\/\/vasasbasket.hu\/index.php\/harom-korosztalyunk-is-kepviselte-magat-a-torok-kupan\/"]}]},{"@type":"ImageObject","inLanguage":"hu","@id":"https:\/\/vasasbasket.hu\/index.php\/harom-korosztalyunk-is-kepviselte-magat-a-torok-kupan\/#primaryimage","url":"https:\/\/vasasbasket.hu\/wp-content\/uploads\/2019\/09\/image1-3.jpeg","contentUrl":"https:\/\/vasasbasket.hu\/wp-content\/uploads\/2019\/09\/image1-3.jpeg","width":1280,"height":960},{"@type":"BreadcrumbList","@id":"https:\/\/vasasbasket.hu\/index.php\/harom-korosztalyunk-is-kepviselte-magat-a-torok-kupan\/#breadcrumb","itemListElement":[{"@type":"ListItem","position":1,"name":"Kezd\u0151lap","item":"https:\/\/vasasbasket.hu\/"},{"@type":"ListItem","position":2,"name":"H\u00e1rom koroszt\u00e1lyunk is k\u00e9pviselte mag\u00e1t a T\u00f6r\u00f6k Kup\u00e1n"}]},{"@type":"WebSite","@id":"https:\/\/vasasbasket.hu\/#website","url":"https:\/\/vasasbasket.hu\/","name":"Vasas n\u0151i kos\u00e1rlabda","description":"Vasas Basket N\u0151i","publisher":{"@id":"https:\/\/vasasbasket.hu\/#organization"},"potentialAction":[{"@type":"SearchAction","target":{"@type":"EntryPoint","urlTemplate":"https:\/\/vasasbasket.hu\/?s={search_term_string}"},"query-input":{"@type":"PropertyValueSpecification","valueRequired":true,"valueName":"search_term_string"}}],"inLanguage":"hu"},{"@type":"Organization","@id":"https:\/\/vasasbasket.hu\/#organization","name":"Vasas n\u0151i kos\u00e1rlabda","url":"https:\/\/vasasbasket.hu\/","logo":{"@type":"ImageObject","inLanguage":"hu","@id":"https:\/\/vasasbasket.hu\/#\/schema\/logo\/image\/","url":"https:\/\/vasasbasket.hu\/wp-content\/uploads\/2017\/03\/vasas_cimer_1200.jpg","contentUrl":"https:\/\/vasasbasket.hu\/wp-content\/uploads\/2017\/03\/vasas_cimer_1200.jpg","width":1200,"height":1200,"caption":"Vasas n\u0151i kos\u00e1rlabda"},"image":{"@id":"https:\/\/vasasbasket.hu\/#\/schema\/logo\/image\/"},"sameAs":["https:\/\/www.facebook.com\/vasaswbasket\/"]},{"@type":"Person","@id":"https:\/\/vasasbasket.hu\/#\/schema\/person\/f1085f4d2c6582d8d0f977e92de2edee","name":"admin","image":{"@type":"ImageObject","inLanguage":"hu","@id":"https:\/\/vasasbasket.hu\/#\/schema\/person\/image\/","url":"https:\/\/secure.gravatar.com\/avatar\/645c92f7d9cfe02bd93ce2d1cfa11cd3a268bdfe65486552ff04b193cea07634?s=96&d=mm&r=g","contentUrl":"https:\/\/secure.gravatar.com\/avatar\/645c92f7d9cfe02bd93ce2d1cfa11cd3a268bdfe65486552ff04b193cea07634?s=96&d=mm&r=g","caption":"admin"},"url":"https:\/\/vasasbasket.hu\/index.php\/author\/admin\/"}]}},"_links":{"self":[{"href":"https:\/\/vasasbasket.hu\/index.php\/wp-json\/wp\/v2\/posts\/5945","targetHints":{"allow":["GET"]}}],"collection":[{"href":"https:\/\/vasasbasket.hu\/index.php\/wp-json\/wp\/v2\/posts"}],"about":[{"href":"https:\/\/vasasbasket.hu\/index.php\/wp-json\/wp\/v2\/types\/post"}],"author":[{"embeddable":true,"href":"https:\/\/vasasbasket.hu\/index.php\/wp-json\/wp\/v2\/users\/1"}],"replies":[{"embeddable":true,"href":"https:\/\/vasasbasket.hu\/index.php\/wp-json\/wp\/v2\/comments?post=5945"}],"version-history":[{"count":1,"href":"https:\/\/vasasbasket.hu\/index.php\/wp-json\/wp\/v2\/posts\/5945\/revisions"}],"predecessor-version":[{"id":5950,"href":"https:\/\/vasasbasket.hu\/index.php\/wp-json\/wp\/v2\/posts\/5945\/revisions\/5950"}],"wp:featuredmedia":[{"embeddable":true,"href":"https:\/\/vasasbasket.hu\/index.php\/wp-json\/wp\/v2\/media\/5947"}],"wp:attachment":[{"href":"https:\/\/vasasbasket.hu\/index.php\/wp-json\/wp\/v2\/media?parent=5945"}],"wp:term":[{"taxonomy":"category","embeddable":true,"href":"https:\/\/vasasbasket.hu\/index.php\/wp-json\/wp\/v2\/categories?post=5945"},{"taxonomy":"post_tag","embeddable":true,"href":"https:\/\/vasasbasket.hu\/index.php\/wp-json\/wp\/v2\/tags?post=5945"}],"curies":[{"name":"wp","href":"https:\/\/api.w.org\/{rel}","templated":true}]}}