{"id":5941,"date":"2019-09-23T15:54:49","date_gmt":"2019-09-23T15:54:49","guid":{"rendered":"http:\/\/vasasbasket.hu\/?p=5941"},"modified":"2019-09-23T15:55:17","modified_gmt":"2019-09-23T15:55:17","slug":"sikeres-szereplesen-vannak-tul-u12-es-lanyaink","status":"publish","type":"post","link":"https:\/\/vasasbasket.hu\/index.php\/sikeres-szereplesen-vannak-tul-u12-es-lanyaink\/","title":{"rendered":"Sikeres szerepl\u00e9sen vannak t\u00fal U12-es l\u00e1nyaink"},"content":{"rendered":"<p><strong>Szeptember 14.-\u00e9n ker\u00fclt megrendez\u00e9sre a H\u0151s\u00f6k Ter\u00e9n a Magyar Kos\u00e1rlabd\u00e1z\u00e1s Napja, ahol U12-es l\u00e1nyaink is kipr\u00f3b\u00e1lhatt\u00e1k magukat a 3&#215;3 vil\u00e1g\u00e1ban.<\/strong><\/p>\n<p><em>&#8222;A Magyar Kos\u00e1rlabd\u00e1z\u00e1s Napja alkalm\u00e1b\u00f3l megrendezett 3&#215;3 torn\u00e1n U12-es csapatunk a harmadik helyen v\u00e9gzett a BEAC \u00e9s a Csata l\u00e1nyai m\u00f6g\u00f6tt. A l\u00e1nyok mindh\u00e1rom m\u00e9rk\u0151z\u00e9sen harciasan j\u00e1tszottak, \u00fcgyesen kos\u00e1rlabd\u00e1ztak&#8221;<\/em> &#8211; mondta a csapat edz\u0151je, Ambrus Szandra.<\/p>\n<p>M\u00e9rk\u0151z\u00e9sek:<br \/>\nVasas Akad\u00e9mia &#8211; Csata 5-6<br \/>\nVasas Akad\u00e9mia &#8211; KLKS 18-2<br \/>\nVasas Akad\u00e9mia &#8211; BEAC 5-8<\/p>\n<p>Csapattagok:<br \/>\nSzab\u00f3 Em\u00edlia<br \/>\nSz\u00edj-Kris\u00e1nszky Zo\u00e9<br \/>\nPusk\u00e1s Lili<br \/>\nKiss Z\u00f3ra<\/p>\n<p>A 3&#215;3 orsz\u00e1gos bajnoks\u00e1g budapesti fordul\u00f3j\u00e1n 3 csapatunk is elindult. A vegyes csapatok k\u00f6z\u00fcl a Verhetetlen Vasasl\u00e1nyok ker\u00fcltek ki gy\u0151ztesen.<\/p>\n<p>Csapattagok:<br \/>\nBori Liza<br \/>\nT\u00f3th Frotti<br \/>\nKarli D\u00f3ri<br \/>\nGalavits Lili<\/p>\n<p><em>&#8222;A l\u00e1nyok tov\u00e1bbjutottak az orsz\u00e1gos d\u00f6nt\u0151be, ahol sajnos az els\u0151 m\u00e9rk\u0151z\u00e9s\u00fcnk ut\u00e1n befejezt\u00fck a k\u00fczdelmeket egy sajn\u00e1latos s\u00e9r\u00fcl\u00e9s, illetve a l\u00e1nyok f\u00e1radts\u00e1ga \u00e9s tompults\u00e1ga miatt, amihez a t\u00f6bb \u00f3r\u00e1s v\u00e1rakoz\u00e1s is hozz\u00e1j\u00e1rult. Gratul\u00e1lunk minden r\u00e9sztvev\u0151nek&#8221;<\/em> &#8211; mondta a csapat edz\u0151je, Farkas Fanni.<\/p>\n<p>&nbsp;<\/p>\n","protected":false},"excerpt":{"rendered":"<p>Szeptember 14.-\u00e9n ker\u00fclt megrendez\u00e9sre a H\u0151s\u00f6k Ter\u00e9n a Magyar Kos\u00e1rlabd\u00e1z\u00e1s Napja, ahol U12-es l\u00e1nyaink is kipr\u00f3b\u00e1lhatt\u00e1k magukat a 3&#215;3 vil\u00e1g\u00e1ban. &#8222;A Magyar Kos\u00e1rlabd\u00e1z\u00e1s Napja alkalm\u00e1b\u00f3l megrendezett 3&#215;3 torn\u00e1n U12-es csapatunk a harmadik helyen v\u00e9gzett a BEAC \u00e9s a Csata l\u00e1nyai m\u00f6g\u00f6tt. A l\u00e1nyok mindh\u00e1rom m\u00e9rk\u0151z\u00e9sen harciasan j\u00e1tszottak, \u00fcgyesen kos\u00e1rlabd\u00e1ztak&#8221; &#8211; mondta a csapat edz\u0151je, Ambrus&#8230;<\/p>\n","protected":false},"author":1,"featured_media":5943,"comment_status":"closed","ping_status":"open","sticky":false,"template":"","format":"standard","meta":{"footnotes":""},"categories":[73,92],"tags":[],"class_list":["post-5941","post","type-post","status-publish","format-standard","has-post-thumbnail","hentry","category-gyerek","category-hirek"],"yoast_head":"<!-- This site is optimized with the Yoast SEO plugin v26.0 - https:\/\/yoast.com\/wordpress\/plugins\/seo\/ -->\n<title>Sikeres szerepl\u00e9sen vannak t\u00fal U12-es l\u00e1nyaink - Vasas n\u0151i kos\u00e1rlabda<\/title>\n<meta name=\"robots\" content=\"index, follow, max-snippet:-1, max-image-preview:large, max-video-preview:-1\" \/>\n<link rel=\"canonical\" href=\"https:\/\/vasasbasket.hu\/index.php\/sikeres-szereplesen-vannak-tul-u12-es-lanyaink\/\" \/>\n<meta property=\"og:locale\" content=\"hu_HU\" \/>\n<meta property=\"og:type\" content=\"article\" \/>\n<meta property=\"og:title\" content=\"Sikeres szerepl\u00e9sen vannak t\u00fal U12-es l\u00e1nyaink - Vasas n\u0151i kos\u00e1rlabda\" \/>\n<meta property=\"og:description\" content=\"Szeptember 14.-\u00e9n ker\u00fclt megrendez\u00e9sre a H\u0151s\u00f6k Ter\u00e9n a Magyar Kos\u00e1rlabd\u00e1z\u00e1s Napja, ahol U12-es l\u00e1nyaink is kipr\u00f3b\u00e1lhatt\u00e1k magukat a 3&#215;3 vil\u00e1g\u00e1ban. &#8222;A Magyar Kos\u00e1rlabd\u00e1z\u00e1s Napja alkalm\u00e1b\u00f3l megrendezett 3&#215;3 torn\u00e1n U12-es csapatunk a harmadik helyen v\u00e9gzett a BEAC \u00e9s a Csata l\u00e1nyai m\u00f6g\u00f6tt. A l\u00e1nyok mindh\u00e1rom m\u00e9rk\u0151z\u00e9sen harciasan j\u00e1tszottak, \u00fcgyesen kos\u00e1rlabd\u00e1ztak&#8221; &#8211; mondta a csapat edz\u0151je, Ambrus...\" \/>\n<meta property=\"og:url\" content=\"https:\/\/vasasbasket.hu\/index.php\/sikeres-szereplesen-vannak-tul-u12-es-lanyaink\/\" \/>\n<meta property=\"og:site_name\" content=\"Vasas n\u0151i kos\u00e1rlabda\" \/>\n<meta property=\"article:publisher\" content=\"https:\/\/www.facebook.com\/vasaswbasket\/\" \/>\n<meta property=\"article:published_time\" content=\"2019-09-23T15:54:49+00:00\" \/>\n<meta property=\"article:modified_time\" content=\"2019-09-23T15:55:17+00:00\" \/>\n<meta property=\"og:image\" content=\"https:\/\/vasasbasket.hu\/wp-content\/uploads\/2019\/09\/3412E2B6-F4C4-4ACE-8DFD-EF2A78AF8F2F-e1569254079158.jpeg\" \/>\n\t<meta property=\"og:image:width\" content=\"756\" \/>\n\t<meta property=\"og:image:height\" content=\"559\" \/>\n\t<meta property=\"og:image:type\" content=\"image\/jpeg\" \/>\n<meta name=\"author\" content=\"admin\" \/>\n<meta name=\"twitter:card\" content=\"summary_large_image\" \/>\n<meta name=\"twitter:label1\" content=\"Szerz\u0151:\" \/>\n\t<meta name=\"twitter:data1\" content=\"admin\" \/>\n\t<meta name=\"twitter:label2\" content=\"Becs\u00fclt olvas\u00e1si id\u0151\" \/>\n\t<meta name=\"twitter:data2\" content=\"1 perc\" \/>\n<script type=\"application\/ld+json\" class=\"yoast-schema-graph\">{\"@context\":\"https:\/\/schema.org\",\"@graph\":[{\"@type\":\"Article\",\"@id\":\"https:\/\/vasasbasket.hu\/index.php\/sikeres-szereplesen-vannak-tul-u12-es-lanyaink\/#article\",\"isPartOf\":{\"@id\":\"https:\/\/vasasbasket.hu\/index.php\/sikeres-szereplesen-vannak-tul-u12-es-lanyaink\/\"},\"author\":{\"name\":\"admin\",\"@id\":\"https:\/\/vasasbasket.hu\/#\/schema\/person\/f1085f4d2c6582d8d0f977e92de2edee\"},\"headline\":\"Sikeres szerepl\u00e9sen vannak t\u00fal U12-es l\u00e1nyaink\",\"datePublished\":\"2019-09-23T15:54:49+00:00\",\"dateModified\":\"2019-09-23T15:55:17+00:00\",\"mainEntityOfPage\":{\"@id\":\"https:\/\/vasasbasket.hu\/index.php\/sikeres-szereplesen-vannak-tul-u12-es-lanyaink\/\"},\"wordCount\":250,\"publisher\":{\"@id\":\"https:\/\/vasasbasket.hu\/#organization\"},\"image\":{\"@id\":\"https:\/\/vasasbasket.hu\/index.php\/sikeres-szereplesen-vannak-tul-u12-es-lanyaink\/#primaryimage\"},\"thumbnailUrl\":\"https:\/\/vasasbasket.hu\/wp-content\/uploads\/2019\/09\/3412E2B6-F4C4-4ACE-8DFD-EF2A78AF8F2F-e1569254079158.jpeg\",\"articleSection\":[\"Gyerek\",\"\u00d6sszes H\u00edr\"],\"inLanguage\":\"hu\"},{\"@type\":\"WebPage\",\"@id\":\"https:\/\/vasasbasket.hu\/index.php\/sikeres-szereplesen-vannak-tul-u12-es-lanyaink\/\",\"url\":\"https:\/\/vasasbasket.hu\/index.php\/sikeres-szereplesen-vannak-tul-u12-es-lanyaink\/\",\"name\":\"Sikeres szerepl\u00e9sen vannak t\u00fal U12-es l\u00e1nyaink - Vasas n\u0151i kos\u00e1rlabda\",\"isPartOf\":{\"@id\":\"https:\/\/vasasbasket.hu\/#website\"},\"primaryImageOfPage\":{\"@id\":\"https:\/\/vasasbasket.hu\/index.php\/sikeres-szereplesen-vannak-tul-u12-es-lanyaink\/#primaryimage\"},\"image\":{\"@id\":\"https:\/\/vasasbasket.hu\/index.php\/sikeres-szereplesen-vannak-tul-u12-es-lanyaink\/#primaryimage\"},\"thumbnailUrl\":\"https:\/\/vasasbasket.hu\/wp-content\/uploads\/2019\/09\/3412E2B6-F4C4-4ACE-8DFD-EF2A78AF8F2F-e1569254079158.jpeg\",\"datePublished\":\"2019-09-23T15:54:49+00:00\",\"dateModified\":\"2019-09-23T15:55:17+00:00\",\"breadcrumb\":{\"@id\":\"https:\/\/vasasbasket.hu\/index.php\/sikeres-szereplesen-vannak-tul-u12-es-lanyaink\/#breadcrumb\"},\"inLanguage\":\"hu\",\"potentialAction\":[{\"@type\":\"ReadAction\",\"target\":[\"https:\/\/vasasbasket.hu\/index.php\/sikeres-szereplesen-vannak-tul-u12-es-lanyaink\/\"]}]},{\"@type\":\"ImageObject\",\"inLanguage\":\"hu\",\"@id\":\"https:\/\/vasasbasket.hu\/index.php\/sikeres-szereplesen-vannak-tul-u12-es-lanyaink\/#primaryimage\",\"url\":\"https:\/\/vasasbasket.hu\/wp-content\/uploads\/2019\/09\/3412E2B6-F4C4-4ACE-8DFD-EF2A78AF8F2F-e1569254079158.jpeg\",\"contentUrl\":\"https:\/\/vasasbasket.hu\/wp-content\/uploads\/2019\/09\/3412E2B6-F4C4-4ACE-8DFD-EF2A78AF8F2F-e1569254079158.jpeg\",\"width\":756,\"height\":559},{\"@type\":\"BreadcrumbList\",\"@id\":\"https:\/\/vasasbasket.hu\/index.php\/sikeres-szereplesen-vannak-tul-u12-es-lanyaink\/#breadcrumb\",\"itemListElement\":[{\"@type\":\"ListItem\",\"position\":1,\"name\":\"Kezd\u0151lap\",\"item\":\"https:\/\/vasasbasket.hu\/\"},{\"@type\":\"ListItem\",\"position\":2,\"name\":\"Sikeres szerepl\u00e9sen vannak t\u00fal U12-es l\u00e1nyaink\"}]},{\"@type\":\"WebSite\",\"@id\":\"https:\/\/vasasbasket.hu\/#website\",\"url\":\"https:\/\/vasasbasket.hu\/\",\"name\":\"Vasas n\u0151i kos\u00e1rlabda\",\"description\":\"Vasas Basket N\u0151i\",\"publisher\":{\"@id\":\"https:\/\/vasasbasket.hu\/#organization\"},\"potentialAction\":[{\"@type\":\"SearchAction\",\"target\":{\"@type\":\"EntryPoint\",\"urlTemplate\":\"https:\/\/vasasbasket.hu\/?s={search_term_string}\"},\"query-input\":{\"@type\":\"PropertyValueSpecification\",\"valueRequired\":true,\"valueName\":\"search_term_string\"}}],\"inLanguage\":\"hu\"},{\"@type\":\"Organization\",\"@id\":\"https:\/\/vasasbasket.hu\/#organization\",\"name\":\"Vasas n\u0151i kos\u00e1rlabda\",\"url\":\"https:\/\/vasasbasket.hu\/\",\"logo\":{\"@type\":\"ImageObject\",\"inLanguage\":\"hu\",\"@id\":\"https:\/\/vasasbasket.hu\/#\/schema\/logo\/image\/\",\"url\":\"https:\/\/vasasbasket.hu\/wp-content\/uploads\/2017\/03\/vasas_cimer_1200.jpg\",\"contentUrl\":\"https:\/\/vasasbasket.hu\/wp-content\/uploads\/2017\/03\/vasas_cimer_1200.jpg\",\"width\":1200,\"height\":1200,\"caption\":\"Vasas n\u0151i kos\u00e1rlabda\"},\"image\":{\"@id\":\"https:\/\/vasasbasket.hu\/#\/schema\/logo\/image\/\"},\"sameAs\":[\"https:\/\/www.facebook.com\/vasaswbasket\/\"]},{\"@type\":\"Person\",\"@id\":\"https:\/\/vasasbasket.hu\/#\/schema\/person\/f1085f4d2c6582d8d0f977e92de2edee\",\"name\":\"admin\",\"image\":{\"@type\":\"ImageObject\",\"inLanguage\":\"hu\",\"@id\":\"https:\/\/vasasbasket.hu\/#\/schema\/person\/image\/\",\"url\":\"https:\/\/secure.gravatar.com\/avatar\/645c92f7d9cfe02bd93ce2d1cfa11cd3a268bdfe65486552ff04b193cea07634?s=96&d=mm&r=g\",\"contentUrl\":\"https:\/\/secure.gravatar.com\/avatar\/645c92f7d9cfe02bd93ce2d1cfa11cd3a268bdfe65486552ff04b193cea07634?s=96&d=mm&r=g\",\"caption\":\"admin\"},\"url\":\"https:\/\/vasasbasket.hu\/index.php\/author\/admin\/\"}]}<\/script>\n<!-- \/ Yoast SEO plugin. -->","yoast_head_json":{"title":"Sikeres szerepl\u00e9sen vannak t\u00fal U12-es l\u00e1nyaink - Vasas n\u0151i kos\u00e1rlabda","robots":{"index":"index","follow":"follow","max-snippet":"max-snippet:-1","max-image-preview":"max-image-preview:large","max-video-preview":"max-video-preview:-1"},"canonical":"https:\/\/vasasbasket.hu\/index.php\/sikeres-szereplesen-vannak-tul-u12-es-lanyaink\/","og_locale":"hu_HU","og_type":"article","og_title":"Sikeres szerepl\u00e9sen vannak t\u00fal U12-es l\u00e1nyaink - Vasas n\u0151i kos\u00e1rlabda","og_description":"Szeptember 14.-\u00e9n ker\u00fclt megrendez\u00e9sre a H\u0151s\u00f6k Ter\u00e9n a Magyar Kos\u00e1rlabd\u00e1z\u00e1s Napja, ahol U12-es l\u00e1nyaink is kipr\u00f3b\u00e1lhatt\u00e1k magukat a 3&#215;3 vil\u00e1g\u00e1ban. &#8222;A Magyar Kos\u00e1rlabd\u00e1z\u00e1s Napja alkalm\u00e1b\u00f3l megrendezett 3&#215;3 torn\u00e1n U12-es csapatunk a harmadik helyen v\u00e9gzett a BEAC \u00e9s a Csata l\u00e1nyai m\u00f6g\u00f6tt. A l\u00e1nyok mindh\u00e1rom m\u00e9rk\u0151z\u00e9sen harciasan j\u00e1tszottak, \u00fcgyesen kos\u00e1rlabd\u00e1ztak&#8221; &#8211; mondta a csapat edz\u0151je, Ambrus...","og_url":"https:\/\/vasasbasket.hu\/index.php\/sikeres-szereplesen-vannak-tul-u12-es-lanyaink\/","og_site_name":"Vasas n\u0151i kos\u00e1rlabda","article_publisher":"https:\/\/www.facebook.com\/vasaswbasket\/","article_published_time":"2019-09-23T15:54:49+00:00","article_modified_time":"2019-09-23T15:55:17+00:00","og_image":[{"width":756,"height":559,"url":"https:\/\/vasasbasket.hu\/wp-content\/uploads\/2019\/09\/3412E2B6-F4C4-4ACE-8DFD-EF2A78AF8F2F-e1569254079158.jpeg","type":"image\/jpeg"}],"author":"admin","twitter_card":"summary_large_image","twitter_misc":{"Szerz\u0151:":"admin","Becs\u00fclt olvas\u00e1si id\u0151":"1 perc"},"schema":{"@context":"https:\/\/schema.org","@graph":[{"@type":"Article","@id":"https:\/\/vasasbasket.hu\/index.php\/sikeres-szereplesen-vannak-tul-u12-es-lanyaink\/#article","isPartOf":{"@id":"https:\/\/vasasbasket.hu\/index.php\/sikeres-szereplesen-vannak-tul-u12-es-lanyaink\/"},"author":{"name":"admin","@id":"https:\/\/vasasbasket.hu\/#\/schema\/person\/f1085f4d2c6582d8d0f977e92de2edee"},"headline":"Sikeres szerepl\u00e9sen vannak t\u00fal U12-es l\u00e1nyaink","datePublished":"2019-09-23T15:54:49+00:00","dateModified":"2019-09-23T15:55:17+00:00","mainEntityOfPage":{"@id":"https:\/\/vasasbasket.hu\/index.php\/sikeres-szereplesen-vannak-tul-u12-es-lanyaink\/"},"wordCount":250,"publisher":{"@id":"https:\/\/vasasbasket.hu\/#organization"},"image":{"@id":"https:\/\/vasasbasket.hu\/index.php\/sikeres-szereplesen-vannak-tul-u12-es-lanyaink\/#primaryimage"},"thumbnailUrl":"https:\/\/vasasbasket.hu\/wp-content\/uploads\/2019\/09\/3412E2B6-F4C4-4ACE-8DFD-EF2A78AF8F2F-e1569254079158.jpeg","articleSection":["Gyerek","\u00d6sszes H\u00edr"],"inLanguage":"hu"},{"@type":"WebPage","@id":"https:\/\/vasasbasket.hu\/index.php\/sikeres-szereplesen-vannak-tul-u12-es-lanyaink\/","url":"https:\/\/vasasbasket.hu\/index.php\/sikeres-szereplesen-vannak-tul-u12-es-lanyaink\/","name":"Sikeres szerepl\u00e9sen vannak t\u00fal U12-es l\u00e1nyaink - Vasas n\u0151i kos\u00e1rlabda","isPartOf":{"@id":"https:\/\/vasasbasket.hu\/#website"},"primaryImageOfPage":{"@id":"https:\/\/vasasbasket.hu\/index.php\/sikeres-szereplesen-vannak-tul-u12-es-lanyaink\/#primaryimage"},"image":{"@id":"https:\/\/vasasbasket.hu\/index.php\/sikeres-szereplesen-vannak-tul-u12-es-lanyaink\/#primaryimage"},"thumbnailUrl":"https:\/\/vasasbasket.hu\/wp-content\/uploads\/2019\/09\/3412E2B6-F4C4-4ACE-8DFD-EF2A78AF8F2F-e1569254079158.jpeg","datePublished":"2019-09-23T15:54:49+00:00","dateModified":"2019-09-23T15:55:17+00:00","breadcrumb":{"@id":"https:\/\/vasasbasket.hu\/index.php\/sikeres-szereplesen-vannak-tul-u12-es-lanyaink\/#breadcrumb"},"inLanguage":"hu","potentialAction":[{"@type":"ReadAction","target":["https:\/\/vasasbasket.hu\/index.php\/sikeres-szereplesen-vannak-tul-u12-es-lanyaink\/"]}]},{"@type":"ImageObject","inLanguage":"hu","@id":"https:\/\/vasasbasket.hu\/index.php\/sikeres-szereplesen-vannak-tul-u12-es-lanyaink\/#primaryimage","url":"https:\/\/vasasbasket.hu\/wp-content\/uploads\/2019\/09\/3412E2B6-F4C4-4ACE-8DFD-EF2A78AF8F2F-e1569254079158.jpeg","contentUrl":"https:\/\/vasasbasket.hu\/wp-content\/uploads\/2019\/09\/3412E2B6-F4C4-4ACE-8DFD-EF2A78AF8F2F-e1569254079158.jpeg","width":756,"height":559},{"@type":"BreadcrumbList","@id":"https:\/\/vasasbasket.hu\/index.php\/sikeres-szereplesen-vannak-tul-u12-es-lanyaink\/#breadcrumb","itemListElement":[{"@type":"ListItem","position":1,"name":"Kezd\u0151lap","item":"https:\/\/vasasbasket.hu\/"},{"@type":"ListItem","position":2,"name":"Sikeres szerepl\u00e9sen vannak t\u00fal U12-es l\u00e1nyaink"}]},{"@type":"WebSite","@id":"https:\/\/vasasbasket.hu\/#website","url":"https:\/\/vasasbasket.hu\/","name":"Vasas n\u0151i kos\u00e1rlabda","description":"Vasas Basket N\u0151i","publisher":{"@id":"https:\/\/vasasbasket.hu\/#organization"},"potentialAction":[{"@type":"SearchAction","target":{"@type":"EntryPoint","urlTemplate":"https:\/\/vasasbasket.hu\/?s={search_term_string}"},"query-input":{"@type":"PropertyValueSpecification","valueRequired":true,"valueName":"search_term_string"}}],"inLanguage":"hu"},{"@type":"Organization","@id":"https:\/\/vasasbasket.hu\/#organization","name":"Vasas n\u0151i kos\u00e1rlabda","url":"https:\/\/vasasbasket.hu\/","logo":{"@type":"ImageObject","inLanguage":"hu","@id":"https:\/\/vasasbasket.hu\/#\/schema\/logo\/image\/","url":"https:\/\/vasasbasket.hu\/wp-content\/uploads\/2017\/03\/vasas_cimer_1200.jpg","contentUrl":"https:\/\/vasasbasket.hu\/wp-content\/uploads\/2017\/03\/vasas_cimer_1200.jpg","width":1200,"height":1200,"caption":"Vasas n\u0151i kos\u00e1rlabda"},"image":{"@id":"https:\/\/vasasbasket.hu\/#\/schema\/logo\/image\/"},"sameAs":["https:\/\/www.facebook.com\/vasaswbasket\/"]},{"@type":"Person","@id":"https:\/\/vasasbasket.hu\/#\/schema\/person\/f1085f4d2c6582d8d0f977e92de2edee","name":"admin","image":{"@type":"ImageObject","inLanguage":"hu","@id":"https:\/\/vasasbasket.hu\/#\/schema\/person\/image\/","url":"https:\/\/secure.gravatar.com\/avatar\/645c92f7d9cfe02bd93ce2d1cfa11cd3a268bdfe65486552ff04b193cea07634?s=96&d=mm&r=g","contentUrl":"https:\/\/secure.gravatar.com\/avatar\/645c92f7d9cfe02bd93ce2d1cfa11cd3a268bdfe65486552ff04b193cea07634?s=96&d=mm&r=g","caption":"admin"},"url":"https:\/\/vasasbasket.hu\/index.php\/author\/admin\/"}]}},"_links":{"self":[{"href":"https:\/\/vasasbasket.hu\/index.php\/wp-json\/wp\/v2\/posts\/5941","targetHints":{"allow":["GET"]}}],"collection":[{"href":"https:\/\/vasasbasket.hu\/index.php\/wp-json\/wp\/v2\/posts"}],"about":[{"href":"https:\/\/vasasbasket.hu\/index.php\/wp-json\/wp\/v2\/types\/post"}],"author":[{"embeddable":true,"href":"https:\/\/vasasbasket.hu\/index.php\/wp-json\/wp\/v2\/users\/1"}],"replies":[{"embeddable":true,"href":"https:\/\/vasasbasket.hu\/index.php\/wp-json\/wp\/v2\/comments?post=5941"}],"version-history":[{"count":2,"href":"https:\/\/vasasbasket.hu\/index.php\/wp-json\/wp\/v2\/posts\/5941\/revisions"}],"predecessor-version":[{"id":5944,"href":"https:\/\/vasasbasket.hu\/index.php\/wp-json\/wp\/v2\/posts\/5941\/revisions\/5944"}],"wp:featuredmedia":[{"embeddable":true,"href":"https:\/\/vasasbasket.hu\/index.php\/wp-json\/wp\/v2\/media\/5943"}],"wp:attachment":[{"href":"https:\/\/vasasbasket.hu\/index.php\/wp-json\/wp\/v2\/media?parent=5941"}],"wp:term":[{"taxonomy":"category","embeddable":true,"href":"https:\/\/vasasbasket.hu\/index.php\/wp-json\/wp\/v2\/categories?post=5941"},{"taxonomy":"post_tag","embeddable":true,"href":"https:\/\/vasasbasket.hu\/index.php\/wp-json\/wp\/v2\/tags?post=5941"}],"curies":[{"name":"wp","href":"https:\/\/api.w.org\/{rel}","templated":true}]}}