{"id":5902,"date":"2019-09-09T17:42:44","date_gmt":"2019-09-09T17:42:44","guid":{"rendered":"http:\/\/vasasbasket.hu\/?p=5902"},"modified":"2019-09-09T17:42:44","modified_gmt":"2019-09-09T17:42:44","slug":"hibatlan-serdulok","status":"publish","type":"post","link":"https:\/\/vasasbasket.hu\/index.php\/hibatlan-serdulok\/","title":{"rendered":"Hib\u00e1tlan serd\u00fcl\u0151k"},"content":{"rendered":"<p><strong>Szeptember els\u0151 h\u00e9tv\u00e9g\u00e9j\u00e9n serd\u00fcl\u0151\/A csapatunk a fels\u0151h\u00e1zi selejtez\u0151 C csoportj\u00e1nak m\u00e9rk\u0151z\u00e9seit az MVSI Vadmacsk\u00e1k Miskolc \u00e9s a BEAC-\u00dajbuda KA ellen j\u00e1tszotta.<\/strong><\/p>\n<p>Az els\u0151 m\u00e9rk\u0151z\u00e9sen meggy\u0151z\u0151 Vasas siker sz\u00fcletett, r\u00e1ad\u00e1sul minden j\u00e1t\u00e9kosunk szerzett pontot. <em>\u201eNem voltunk egy s\u00falycsoportban ellenfel\u00fcnkkel, de \u00f6r\u00fcl\u00f6k, hogy mindenki sokat \u00e9s \u00f6tletesen j\u00e1tszott\u201d<\/em> \u2013 tette hozz\u00e1 a csapat edz\u0151je, E\u00f6rd\u00f6gh Edit.<\/p>\n<p><strong>Vasas Akad\u00e9mia &#8211;<\/strong> MVSI Vadmacsk\u00e1k <strong>120-17<\/strong> (35-1, 29-4, 34-8, 22-4)<br \/>\n<em>Pontszerz\u0151k:<\/em><br \/>\n<strong>Vasas Akad\u00e9mia:<\/strong> R\u00e1tkai Eszter 22, L\u00e1ng-Miticzky Blanka 21, K\u00e1lm\u00e1n Liza 17, Masier Sophia 10, Duka Lili 9, Kem\u00e9ny Szofi 8, Koh\u00e1n Patr\u00edcia 8, F\u00e1bi\u00e1n Szofi 8, L\u00e1szl\u00f3 R\u00e9ka 5\/3, Igaz Eszter 4, Benyovszki Petra 4, Hal\u00e1sz Luca 2<em><img loading=\"lazy\" decoding=\"async\" class=\" wp-image-5904 aligncenter\" src=\"http:\/\/vasasbasket.hu\/wp-content\/uploads\/2019\/09\/IMG_1679-1024x682.jpg\" alt=\"\" width=\"566\" height=\"377\" srcset=\"https:\/\/vasasbasket.hu\/wp-content\/uploads\/2019\/09\/IMG_1679-1024x682.jpg 1024w, https:\/\/vasasbasket.hu\/wp-content\/uploads\/2019\/09\/IMG_1679-570x379.jpg 570w, https:\/\/vasasbasket.hu\/wp-content\/uploads\/2019\/09\/IMG_1679-440x293.jpg 440w, https:\/\/vasasbasket.hu\/wp-content\/uploads\/2019\/09\/IMG_1679-300x200.jpg 300w, https:\/\/vasasbasket.hu\/wp-content\/uploads\/2019\/09\/IMG_1679-768x511.jpg 768w, https:\/\/vasasbasket.hu\/wp-content\/uploads\/2019\/09\/IMG_1679-128x85.jpg 128w, https:\/\/vasasbasket.hu\/wp-content\/uploads\/2019\/09\/IMG_1679-32x21.jpg 32w, https:\/\/vasasbasket.hu\/wp-content\/uploads\/2019\/09\/IMG_1679-360x240.jpg 360w, https:\/\/vasasbasket.hu\/wp-content\/uploads\/2019\/09\/IMG_1679-98x65.jpg 98w, https:\/\/vasasbasket.hu\/wp-content\/uploads\/2019\/09\/IMG_1679.jpg 1280w\" sizes=\"auto, (max-width: 566px) 100vw, 566px\" \/>\u201eAz els\u0151 negyedet lesz\u00e1m\u00edtva, ahol nem is a t\u00e1mad\u00f3j\u00e1t\u00e9kkal, sokkal ink\u00e1bb a v\u00e9dekez\u00e9ssel voltak gondjaink, mi ir\u00e1ny\u00edtottuk a j\u00e1t\u00e9kot. Sok labd\u00e1t szerezt\u00fcnk, \u00e9s a feljavult egy\u00e9ni \u00e9s csapatv\u00e9dekez\u00e9s meghozta a sok labdaszerz\u00e9st \u00e9s a k\u00f6nny\u0171 ind\u00edt\u00e1sg\u00f3lokat. Ezen a m\u00e9rk\u0151z\u00e9sen el\u0151j\u00f6ttek azok a hib\u00e1k \u00e9s hi\u00e1nyoss\u00e1gok, amin dolgozunk, \u00e9s dolgoznunk kell a j\u00f6v\u0151ben, de a csapat hozz\u00e1\u00e1ll\u00e1sa, k\u00fczdeni akar\u00e1sa \u00e9s al\u00e1zata p\u00e9lda\u00e9rt\u00e9k\u0171 volt mindk\u00e9t meccsen. Gratul\u00e1lok a csapatnak a gy\u0151zelmekhez \u00e9s a mutatott j\u00e1t\u00e9khoz\u201d<\/em> \u2013 mondta E\u00f6rd\u00f6gh Edit.<\/p>\n<p>BEAC-\u00dajbuda KA<strong> &#8211; Vasas Akad\u00e9mia 47-83<\/strong> ( 25-21, 2-18, 6-26, 14-18)<br \/>\n<em>Pontszerz\u0151k:<\/em><br \/>\n<strong>Vasas Akad\u00e9mia:<\/strong> R\u00e1tkai Eszter 14\/3, K\u00e1lm\u00e1n Liza 12, Duka Lili 11, Hruby Laura 10, L\u00e1szl\u00f3 R\u00e9ka 8, Koh\u00e1n Patr\u00edcia 8, L\u00e1ng-Miticzky Blanka 8, F\u00e1bi\u00e1n Szofi4, Igaz Eszter 4, Herzog Bora 2, Hal\u00e1sz Luca 2, Masier Sophia<\/p>\n","protected":false},"excerpt":{"rendered":"<p>Szeptember els\u0151 h\u00e9tv\u00e9g\u00e9j\u00e9n serd\u00fcl\u0151\/A csapatunk a fels\u0151h\u00e1zi selejtez\u0151 C csoportj\u00e1nak m\u00e9rk\u0151z\u00e9seit az MVSI Vadmacsk\u00e1k Miskolc \u00e9s a BEAC-\u00dajbuda KA ellen j\u00e1tszotta. Az els\u0151 m\u00e9rk\u0151z\u00e9sen meggy\u0151z\u0151 Vasas siker sz\u00fcletett, r\u00e1ad\u00e1sul minden j\u00e1t\u00e9kosunk szerzett pontot. \u201eNem voltunk egy s\u00falycsoportban ellenfel\u00fcnkkel, de \u00f6r\u00fcl\u00f6k, hogy mindenki sokat \u00e9s \u00f6tletesen j\u00e1tszott\u201d \u2013 tette hozz\u00e1 a csapat edz\u0151je, E\u00f6rd\u00f6gh Edit. Vasas&#8230;<\/p>\n","protected":false},"author":1,"featured_media":5903,"comment_status":"closed","ping_status":"open","sticky":false,"template":"","format":"standard","meta":{"footnotes":""},"categories":[52,92],"tags":[],"class_list":["post-5902","post","type-post","status-publish","format-standard","has-post-thumbnail","hentry","category-serdulo","category-hirek"],"yoast_head":"<!-- This site is optimized with the Yoast SEO plugin v26.0 - https:\/\/yoast.com\/wordpress\/plugins\/seo\/ -->\n<title>Hib\u00e1tlan serd\u00fcl\u0151k - Vasas n\u0151i kos\u00e1rlabda<\/title>\n<meta name=\"robots\" content=\"index, follow, max-snippet:-1, max-image-preview:large, max-video-preview:-1\" \/>\n<link rel=\"canonical\" href=\"https:\/\/vasasbasket.hu\/index.php\/hibatlan-serdulok\/\" \/>\n<meta property=\"og:locale\" content=\"hu_HU\" \/>\n<meta property=\"og:type\" content=\"article\" \/>\n<meta property=\"og:title\" content=\"Hib\u00e1tlan serd\u00fcl\u0151k - Vasas n\u0151i kos\u00e1rlabda\" \/>\n<meta property=\"og:description\" content=\"Szeptember els\u0151 h\u00e9tv\u00e9g\u00e9j\u00e9n serd\u00fcl\u0151\/A csapatunk a fels\u0151h\u00e1zi selejtez\u0151 C csoportj\u00e1nak m\u00e9rk\u0151z\u00e9seit az MVSI Vadmacsk\u00e1k Miskolc \u00e9s a BEAC-\u00dajbuda KA ellen j\u00e1tszotta. Az els\u0151 m\u00e9rk\u0151z\u00e9sen meggy\u0151z\u0151 Vasas siker sz\u00fcletett, r\u00e1ad\u00e1sul minden j\u00e1t\u00e9kosunk szerzett pontot. \u201eNem voltunk egy s\u00falycsoportban ellenfel\u00fcnkkel, de \u00f6r\u00fcl\u00f6k, hogy mindenki sokat \u00e9s \u00f6tletesen j\u00e1tszott\u201d \u2013 tette hozz\u00e1 a csapat edz\u0151je, E\u00f6rd\u00f6gh Edit. Vasas...\" \/>\n<meta property=\"og:url\" content=\"https:\/\/vasasbasket.hu\/index.php\/hibatlan-serdulok\/\" \/>\n<meta property=\"og:site_name\" content=\"Vasas n\u0151i kos\u00e1rlabda\" \/>\n<meta property=\"article:publisher\" content=\"https:\/\/www.facebook.com\/vasaswbasket\/\" \/>\n<meta property=\"article:published_time\" content=\"2019-09-09T17:42:44+00:00\" \/>\n<meta property=\"og:image\" content=\"https:\/\/vasasbasket.hu\/wp-content\/uploads\/2019\/09\/IMG_3829.jpg\" \/>\n\t<meta property=\"og:image:width\" content=\"1136\" \/>\n\t<meta property=\"og:image:height\" content=\"640\" \/>\n\t<meta property=\"og:image:type\" content=\"image\/jpeg\" \/>\n<meta name=\"author\" content=\"admin\" \/>\n<meta name=\"twitter:card\" content=\"summary_large_image\" \/>\n<meta name=\"twitter:label1\" content=\"Szerz\u0151:\" \/>\n\t<meta name=\"twitter:data1\" content=\"admin\" \/>\n\t<meta name=\"twitter:label2\" content=\"Becs\u00fclt olvas\u00e1si id\u0151\" \/>\n\t<meta name=\"twitter:data2\" content=\"2 perc\" \/>\n<script type=\"application\/ld+json\" class=\"yoast-schema-graph\">{\"@context\":\"https:\/\/schema.org\",\"@graph\":[{\"@type\":\"Article\",\"@id\":\"https:\/\/vasasbasket.hu\/index.php\/hibatlan-serdulok\/#article\",\"isPartOf\":{\"@id\":\"https:\/\/vasasbasket.hu\/index.php\/hibatlan-serdulok\/\"},\"author\":{\"name\":\"admin\",\"@id\":\"https:\/\/vasasbasket.hu\/#\/schema\/person\/f1085f4d2c6582d8d0f977e92de2edee\"},\"headline\":\"Hib\u00e1tlan serd\u00fcl\u0151k\",\"datePublished\":\"2019-09-09T17:42:44+00:00\",\"mainEntityOfPage\":{\"@id\":\"https:\/\/vasasbasket.hu\/index.php\/hibatlan-serdulok\/\"},\"wordCount\":319,\"publisher\":{\"@id\":\"https:\/\/vasasbasket.hu\/#organization\"},\"image\":{\"@id\":\"https:\/\/vasasbasket.hu\/index.php\/hibatlan-serdulok\/#primaryimage\"},\"thumbnailUrl\":\"https:\/\/vasasbasket.hu\/wp-content\/uploads\/2019\/09\/IMG_3829.jpg\",\"articleSection\":[\"Serd\u00fcl\u0151\",\"\u00d6sszes H\u00edr\"],\"inLanguage\":\"hu\"},{\"@type\":\"WebPage\",\"@id\":\"https:\/\/vasasbasket.hu\/index.php\/hibatlan-serdulok\/\",\"url\":\"https:\/\/vasasbasket.hu\/index.php\/hibatlan-serdulok\/\",\"name\":\"Hib\u00e1tlan serd\u00fcl\u0151k - Vasas n\u0151i kos\u00e1rlabda\",\"isPartOf\":{\"@id\":\"https:\/\/vasasbasket.hu\/#website\"},\"primaryImageOfPage\":{\"@id\":\"https:\/\/vasasbasket.hu\/index.php\/hibatlan-serdulok\/#primaryimage\"},\"image\":{\"@id\":\"https:\/\/vasasbasket.hu\/index.php\/hibatlan-serdulok\/#primaryimage\"},\"thumbnailUrl\":\"https:\/\/vasasbasket.hu\/wp-content\/uploads\/2019\/09\/IMG_3829.jpg\",\"datePublished\":\"2019-09-09T17:42:44+00:00\",\"breadcrumb\":{\"@id\":\"https:\/\/vasasbasket.hu\/index.php\/hibatlan-serdulok\/#breadcrumb\"},\"inLanguage\":\"hu\",\"potentialAction\":[{\"@type\":\"ReadAction\",\"target\":[\"https:\/\/vasasbasket.hu\/index.php\/hibatlan-serdulok\/\"]}]},{\"@type\":\"ImageObject\",\"inLanguage\":\"hu\",\"@id\":\"https:\/\/vasasbasket.hu\/index.php\/hibatlan-serdulok\/#primaryimage\",\"url\":\"https:\/\/vasasbasket.hu\/wp-content\/uploads\/2019\/09\/IMG_3829.jpg\",\"contentUrl\":\"https:\/\/vasasbasket.hu\/wp-content\/uploads\/2019\/09\/IMG_3829.jpg\",\"width\":1136,\"height\":640},{\"@type\":\"BreadcrumbList\",\"@id\":\"https:\/\/vasasbasket.hu\/index.php\/hibatlan-serdulok\/#breadcrumb\",\"itemListElement\":[{\"@type\":\"ListItem\",\"position\":1,\"name\":\"Kezd\u0151lap\",\"item\":\"https:\/\/vasasbasket.hu\/\"},{\"@type\":\"ListItem\",\"position\":2,\"name\":\"Hib\u00e1tlan serd\u00fcl\u0151k\"}]},{\"@type\":\"WebSite\",\"@id\":\"https:\/\/vasasbasket.hu\/#website\",\"url\":\"https:\/\/vasasbasket.hu\/\",\"name\":\"Vasas n\u0151i kos\u00e1rlabda\",\"description\":\"Vasas Basket N\u0151i\",\"publisher\":{\"@id\":\"https:\/\/vasasbasket.hu\/#organization\"},\"potentialAction\":[{\"@type\":\"SearchAction\",\"target\":{\"@type\":\"EntryPoint\",\"urlTemplate\":\"https:\/\/vasasbasket.hu\/?s={search_term_string}\"},\"query-input\":{\"@type\":\"PropertyValueSpecification\",\"valueRequired\":true,\"valueName\":\"search_term_string\"}}],\"inLanguage\":\"hu\"},{\"@type\":\"Organization\",\"@id\":\"https:\/\/vasasbasket.hu\/#organization\",\"name\":\"Vasas n\u0151i kos\u00e1rlabda\",\"url\":\"https:\/\/vasasbasket.hu\/\",\"logo\":{\"@type\":\"ImageObject\",\"inLanguage\":\"hu\",\"@id\":\"https:\/\/vasasbasket.hu\/#\/schema\/logo\/image\/\",\"url\":\"https:\/\/vasasbasket.hu\/wp-content\/uploads\/2017\/03\/vasas_cimer_1200.jpg\",\"contentUrl\":\"https:\/\/vasasbasket.hu\/wp-content\/uploads\/2017\/03\/vasas_cimer_1200.jpg\",\"width\":1200,\"height\":1200,\"caption\":\"Vasas n\u0151i kos\u00e1rlabda\"},\"image\":{\"@id\":\"https:\/\/vasasbasket.hu\/#\/schema\/logo\/image\/\"},\"sameAs\":[\"https:\/\/www.facebook.com\/vasaswbasket\/\"]},{\"@type\":\"Person\",\"@id\":\"https:\/\/vasasbasket.hu\/#\/schema\/person\/f1085f4d2c6582d8d0f977e92de2edee\",\"name\":\"admin\",\"image\":{\"@type\":\"ImageObject\",\"inLanguage\":\"hu\",\"@id\":\"https:\/\/vasasbasket.hu\/#\/schema\/person\/image\/\",\"url\":\"https:\/\/secure.gravatar.com\/avatar\/645c92f7d9cfe02bd93ce2d1cfa11cd3a268bdfe65486552ff04b193cea07634?s=96&d=mm&r=g\",\"contentUrl\":\"https:\/\/secure.gravatar.com\/avatar\/645c92f7d9cfe02bd93ce2d1cfa11cd3a268bdfe65486552ff04b193cea07634?s=96&d=mm&r=g\",\"caption\":\"admin\"},\"url\":\"https:\/\/vasasbasket.hu\/index.php\/author\/admin\/\"}]}<\/script>\n<!-- \/ Yoast SEO plugin. -->","yoast_head_json":{"title":"Hib\u00e1tlan serd\u00fcl\u0151k - Vasas n\u0151i kos\u00e1rlabda","robots":{"index":"index","follow":"follow","max-snippet":"max-snippet:-1","max-image-preview":"max-image-preview:large","max-video-preview":"max-video-preview:-1"},"canonical":"https:\/\/vasasbasket.hu\/index.php\/hibatlan-serdulok\/","og_locale":"hu_HU","og_type":"article","og_title":"Hib\u00e1tlan serd\u00fcl\u0151k - Vasas n\u0151i kos\u00e1rlabda","og_description":"Szeptember els\u0151 h\u00e9tv\u00e9g\u00e9j\u00e9n serd\u00fcl\u0151\/A csapatunk a fels\u0151h\u00e1zi selejtez\u0151 C csoportj\u00e1nak m\u00e9rk\u0151z\u00e9seit az MVSI Vadmacsk\u00e1k Miskolc \u00e9s a BEAC-\u00dajbuda KA ellen j\u00e1tszotta. Az els\u0151 m\u00e9rk\u0151z\u00e9sen meggy\u0151z\u0151 Vasas siker sz\u00fcletett, r\u00e1ad\u00e1sul minden j\u00e1t\u00e9kosunk szerzett pontot. \u201eNem voltunk egy s\u00falycsoportban ellenfel\u00fcnkkel, de \u00f6r\u00fcl\u00f6k, hogy mindenki sokat \u00e9s \u00f6tletesen j\u00e1tszott\u201d \u2013 tette hozz\u00e1 a csapat edz\u0151je, E\u00f6rd\u00f6gh Edit. Vasas...","og_url":"https:\/\/vasasbasket.hu\/index.php\/hibatlan-serdulok\/","og_site_name":"Vasas n\u0151i kos\u00e1rlabda","article_publisher":"https:\/\/www.facebook.com\/vasaswbasket\/","article_published_time":"2019-09-09T17:42:44+00:00","og_image":[{"width":1136,"height":640,"url":"https:\/\/vasasbasket.hu\/wp-content\/uploads\/2019\/09\/IMG_3829.jpg","type":"image\/jpeg"}],"author":"admin","twitter_card":"summary_large_image","twitter_misc":{"Szerz\u0151:":"admin","Becs\u00fclt olvas\u00e1si id\u0151":"2 perc"},"schema":{"@context":"https:\/\/schema.org","@graph":[{"@type":"Article","@id":"https:\/\/vasasbasket.hu\/index.php\/hibatlan-serdulok\/#article","isPartOf":{"@id":"https:\/\/vasasbasket.hu\/index.php\/hibatlan-serdulok\/"},"author":{"name":"admin","@id":"https:\/\/vasasbasket.hu\/#\/schema\/person\/f1085f4d2c6582d8d0f977e92de2edee"},"headline":"Hib\u00e1tlan serd\u00fcl\u0151k","datePublished":"2019-09-09T17:42:44+00:00","mainEntityOfPage":{"@id":"https:\/\/vasasbasket.hu\/index.php\/hibatlan-serdulok\/"},"wordCount":319,"publisher":{"@id":"https:\/\/vasasbasket.hu\/#organization"},"image":{"@id":"https:\/\/vasasbasket.hu\/index.php\/hibatlan-serdulok\/#primaryimage"},"thumbnailUrl":"https:\/\/vasasbasket.hu\/wp-content\/uploads\/2019\/09\/IMG_3829.jpg","articleSection":["Serd\u00fcl\u0151","\u00d6sszes H\u00edr"],"inLanguage":"hu"},{"@type":"WebPage","@id":"https:\/\/vasasbasket.hu\/index.php\/hibatlan-serdulok\/","url":"https:\/\/vasasbasket.hu\/index.php\/hibatlan-serdulok\/","name":"Hib\u00e1tlan serd\u00fcl\u0151k - Vasas n\u0151i kos\u00e1rlabda","isPartOf":{"@id":"https:\/\/vasasbasket.hu\/#website"},"primaryImageOfPage":{"@id":"https:\/\/vasasbasket.hu\/index.php\/hibatlan-serdulok\/#primaryimage"},"image":{"@id":"https:\/\/vasasbasket.hu\/index.php\/hibatlan-serdulok\/#primaryimage"},"thumbnailUrl":"https:\/\/vasasbasket.hu\/wp-content\/uploads\/2019\/09\/IMG_3829.jpg","datePublished":"2019-09-09T17:42:44+00:00","breadcrumb":{"@id":"https:\/\/vasasbasket.hu\/index.php\/hibatlan-serdulok\/#breadcrumb"},"inLanguage":"hu","potentialAction":[{"@type":"ReadAction","target":["https:\/\/vasasbasket.hu\/index.php\/hibatlan-serdulok\/"]}]},{"@type":"ImageObject","inLanguage":"hu","@id":"https:\/\/vasasbasket.hu\/index.php\/hibatlan-serdulok\/#primaryimage","url":"https:\/\/vasasbasket.hu\/wp-content\/uploads\/2019\/09\/IMG_3829.jpg","contentUrl":"https:\/\/vasasbasket.hu\/wp-content\/uploads\/2019\/09\/IMG_3829.jpg","width":1136,"height":640},{"@type":"BreadcrumbList","@id":"https:\/\/vasasbasket.hu\/index.php\/hibatlan-serdulok\/#breadcrumb","itemListElement":[{"@type":"ListItem","position":1,"name":"Kezd\u0151lap","item":"https:\/\/vasasbasket.hu\/"},{"@type":"ListItem","position":2,"name":"Hib\u00e1tlan serd\u00fcl\u0151k"}]},{"@type":"WebSite","@id":"https:\/\/vasasbasket.hu\/#website","url":"https:\/\/vasasbasket.hu\/","name":"Vasas n\u0151i kos\u00e1rlabda","description":"Vasas Basket N\u0151i","publisher":{"@id":"https:\/\/vasasbasket.hu\/#organization"},"potentialAction":[{"@type":"SearchAction","target":{"@type":"EntryPoint","urlTemplate":"https:\/\/vasasbasket.hu\/?s={search_term_string}"},"query-input":{"@type":"PropertyValueSpecification","valueRequired":true,"valueName":"search_term_string"}}],"inLanguage":"hu"},{"@type":"Organization","@id":"https:\/\/vasasbasket.hu\/#organization","name":"Vasas n\u0151i kos\u00e1rlabda","url":"https:\/\/vasasbasket.hu\/","logo":{"@type":"ImageObject","inLanguage":"hu","@id":"https:\/\/vasasbasket.hu\/#\/schema\/logo\/image\/","url":"https:\/\/vasasbasket.hu\/wp-content\/uploads\/2017\/03\/vasas_cimer_1200.jpg","contentUrl":"https:\/\/vasasbasket.hu\/wp-content\/uploads\/2017\/03\/vasas_cimer_1200.jpg","width":1200,"height":1200,"caption":"Vasas n\u0151i kos\u00e1rlabda"},"image":{"@id":"https:\/\/vasasbasket.hu\/#\/schema\/logo\/image\/"},"sameAs":["https:\/\/www.facebook.com\/vasaswbasket\/"]},{"@type":"Person","@id":"https:\/\/vasasbasket.hu\/#\/schema\/person\/f1085f4d2c6582d8d0f977e92de2edee","name":"admin","image":{"@type":"ImageObject","inLanguage":"hu","@id":"https:\/\/vasasbasket.hu\/#\/schema\/person\/image\/","url":"https:\/\/secure.gravatar.com\/avatar\/645c92f7d9cfe02bd93ce2d1cfa11cd3a268bdfe65486552ff04b193cea07634?s=96&d=mm&r=g","contentUrl":"https:\/\/secure.gravatar.com\/avatar\/645c92f7d9cfe02bd93ce2d1cfa11cd3a268bdfe65486552ff04b193cea07634?s=96&d=mm&r=g","caption":"admin"},"url":"https:\/\/vasasbasket.hu\/index.php\/author\/admin\/"}]}},"_links":{"self":[{"href":"https:\/\/vasasbasket.hu\/index.php\/wp-json\/wp\/v2\/posts\/5902","targetHints":{"allow":["GET"]}}],"collection":[{"href":"https:\/\/vasasbasket.hu\/index.php\/wp-json\/wp\/v2\/posts"}],"about":[{"href":"https:\/\/vasasbasket.hu\/index.php\/wp-json\/wp\/v2\/types\/post"}],"author":[{"embeddable":true,"href":"https:\/\/vasasbasket.hu\/index.php\/wp-json\/wp\/v2\/users\/1"}],"replies":[{"embeddable":true,"href":"https:\/\/vasasbasket.hu\/index.php\/wp-json\/wp\/v2\/comments?post=5902"}],"version-history":[{"count":1,"href":"https:\/\/vasasbasket.hu\/index.php\/wp-json\/wp\/v2\/posts\/5902\/revisions"}],"predecessor-version":[{"id":5905,"href":"https:\/\/vasasbasket.hu\/index.php\/wp-json\/wp\/v2\/posts\/5902\/revisions\/5905"}],"wp:featuredmedia":[{"embeddable":true,"href":"https:\/\/vasasbasket.hu\/index.php\/wp-json\/wp\/v2\/media\/5903"}],"wp:attachment":[{"href":"https:\/\/vasasbasket.hu\/index.php\/wp-json\/wp\/v2\/media?parent=5902"}],"wp:term":[{"taxonomy":"category","embeddable":true,"href":"https:\/\/vasasbasket.hu\/index.php\/wp-json\/wp\/v2\/categories?post=5902"},{"taxonomy":"post_tag","embeddable":true,"href":"https:\/\/vasasbasket.hu\/index.php\/wp-json\/wp\/v2\/tags?post=5902"}],"curies":[{"name":"wp","href":"https:\/\/api.w.org\/{rel}","templated":true}]}}