{"id":5897,"date":"2019-09-07T11:59:51","date_gmt":"2019-09-07T11:59:51","guid":{"rendered":"http:\/\/vasasbasket.hu\/?p=5897"},"modified":"2019-09-07T12:00:43","modified_gmt":"2019-09-07T12:00:43","slug":"rangos-nemzetkozi-tornan-jart-junior-csapatunk","status":"publish","type":"post","link":"https:\/\/vasasbasket.hu\/index.php\/rangos-nemzetkozi-tornan-jart-junior-csapatunk\/","title":{"rendered":"Rangos nemzetk\u00f6zi torn\u00e1n j\u00e1rt junior csapatunk"},"content":{"rendered":"<p><strong>Augusztus 30 \u00e9s 31 k\u00f6z\u00f6tt els\u0151 alkalommal rendezt\u00e9k P\u00e9csett a F\u0171zy \u00c1kos Eml\u00e9ktorn\u00e1t, ahol a h\u00e1zigazda R\u00e1tg\u00e9ber Akad\u00e9mia mellett a Vasas Akad\u00e9mia, valamint k\u00e9t k\u00fclf\u00f6ldi egy\u00fcttes is megh\u00edv\u00e1st kapott. A Vasas Akad\u00e9mia k\u00e9t gy\u0151zelemmel \u00e9s egy veres\u00e9ggel z\u00e1rta a k\u00e9t napos torn\u00e1t.<\/strong><\/p>\n<p><em>&#8222;A torna els\u0151 m\u00e9rk\u0151z\u00e9s\u00e9n nem j\u00e1tszottuk a megfelel\u0151 szinten sem v\u00e9dekez\u00e9sben, sem t\u00e1mad\u00e1sban. Engedt\u00fck az ellenf\u00e9lnek 16 t\u00e1mad\u00f3lepattan\u00f3t, \u00e9s 22 eladott labd\u00e1nk volt, \u00fagyhogy a P\u00e9cs meg\u00e9rdemeltem gy\u0151z\u00f6tt, hab\u00e1r az eredm\u00e9ny nagyobb, mint a mutatott j\u00e1t\u00e9k \u00e9s a t\u00e9nyleges helyzet a p\u00e1ly\u00e1n&#8221;<\/em> &#8211; mondta a csapat edz\u0151je, Krivacsevics Dragoljub.<\/p>\n<p>NKA P\u00e9cs <strong>&#8211; Vasas Akad\u00e9mia 76-52 <\/strong>(16-14, 21-14, 20-12, 19-12)<br \/>\n<em>Pontszerz\u0151k:<\/em><br \/>\n<strong>NKA P\u00e9cs:<\/strong> Vojnovic M.15, K\u00f6t\u00f6 L. 3\/3, Cs\u00e9nyi A. 4, Selcova I. 22\/6, Radakovic I. 9, Laczko S. 9, \u00c9des E. 7\/6, Dravecz B. 7, Solymosi P., Herkemberker<br \/>\n<strong>Vasas Akad\u00e9mia:<\/strong> Mudra V. 4, Szerencs\u00e9s T. 5\/3, Altmann A. 7\/6, Salamon Zs. 10, Mad\u00e1r E. 5\/3, Vigh B. 14\/3, Nagy L. 3, Boros L., Szer\u00e9ny V., Sikl\u00f3s D. 3, L\u0151rinczy P. 1, Kuncz P.<\/p>\n<p><em>&#8222;A m\u00e1sodik m\u00e9rk\u0151z\u00e9st ugyan azon a napon, a szolid Kosice ellen j\u00e1tszottuk. Egy \u00e9rdekes, izgalmakkal teli m\u00e9rk\u0151z\u00e9sen, kiv\u00e1l\u00f3 j\u00e1t\u00e9kkal siker\u00fclt nyern\u00fcnk. Mindegyik j\u00e1t\u00e9kos dics\u00e9retet \u00e9rdemel, de k\u00fcl\u00f6n Szerencs\u00e9s Tamara, aki mind v\u00e9dekez\u00e9sben, mind t\u00e1mad\u00e1sban megmutatta tehets\u00e9g\u00e9t&#8221;<\/em> &#8211; Krivacsevics Dragoljub.<\/p>\n<p><strong>Vasas Akad\u00e9mia &#8211;<\/strong> Kosice <strong>77-62 <\/strong>(18-10, 18-17, 19-21, 22-14)<br \/>\n<em>Pontszerz\u0151k:<\/em><br \/>\n<strong>Vasas Akad\u00e9mia:<\/strong> Mudra V. 12\/6, Szerencs\u00e9s T. 19\/3, Altmann A. 6, Salamon Zs. 8, Mad\u00e1r E. 15, Vigh B. 5, Nagy L. 6, Boros L., Szer\u00e9ny V., Sikl\u00f3s D., L\u0151rinczy P. 6\/3, Kuncz P.<br \/>\n<strong>Kosice:<\/strong> Zilinska L. 11, Istonova M. 5, Michaela 6, Sunova P. 13, Kaliuzhna A. 14, Alzbeta, Oborilova P. 5, Vargova Z. 6, Alena 2, Malicova E., Veronika<\/p>\n<p><em>&#8222;Egy k\u00f6nnyebb m\u00e9rk\u0151z\u00e9st j\u00e1tszottunk a rom\u00e1n csapat ellen, aki nincs egy s\u00falycsoportban vel\u00fcnk.Ezen a meccsen t\u00f6bb j\u00e1t\u00e9klehet\u0151s\u00e9get kaptak azok a j\u00e1t\u00e9kosok, akik a kor\u00e1bbi meccseken kevesebbet j\u00e1tszottak. Ezt a lehet\u0151s\u00e9get j\u00f3l ki is haszn\u00e1lt\u00e1k a l\u00e1nyok&#8221;<\/em> &#8211; Krivacsevics Dragoljub.<\/p>\n<p>Satu Mare &#8211; <strong>Vasas Akad\u00e8mia 52-102 <\/strong>(14-31, 16-21, 8-17, 14-33)<br \/>\n<em>Pontszerz\u0151k:<\/em><br \/>\n<strong>Satu Mare:<\/strong> Calapis A. 4, Bola L. 16, Bor D. 5\/3, Ciceac A. 2, Farcas M. 1, Svagler 5, Ruzsa R. 2, Pop A. 6, Avasan D. 11\/3<br \/>\n<strong>Vasas Akad\u00e9mia:<\/strong> Mudra V., Szerencs\u00e9s T. 9, Mad\u00e1r E. 15, Salamon Zs. 15, Altmann A. 6, Nagy L. 7, Boros L. 9\/3, Szer\u00e9nyi V. 12, L\u0151rinczy P. 12, Vigh B. 12, Kuncz P.<\/p>\n","protected":false},"excerpt":{"rendered":"<p>Augusztus 30 \u00e9s 31 k\u00f6z\u00f6tt els\u0151 alkalommal rendezt\u00e9k P\u00e9csett a F\u0171zy \u00c1kos Eml\u00e9ktorn\u00e1t, ahol a h\u00e1zigazda R\u00e1tg\u00e9ber Akad\u00e9mia mellett a Vasas Akad\u00e9mia, valamint k\u00e9t k\u00fclf\u00f6ldi egy\u00fcttes is megh\u00edv\u00e1st kapott. A Vasas Akad\u00e9mia k\u00e9t gy\u0151zelemmel \u00e9s egy veres\u00e9ggel z\u00e1rta a k\u00e9t napos torn\u00e1t. &#8222;A torna els\u0151 m\u00e9rk\u0151z\u00e9s\u00e9n nem j\u00e1tszottuk a megfelel\u0151 szinten sem v\u00e9dekez\u00e9sben, sem t\u00e1mad\u00e1sban&#8230;.<\/p>\n","protected":false},"author":1,"featured_media":5898,"comment_status":"closed","ping_status":"open","sticky":false,"template":"","format":"standard","meta":{"footnotes":""},"categories":[50,92],"tags":[],"class_list":["post-5897","post","type-post","status-publish","format-standard","has-post-thumbnail","hentry","category-junior","category-hirek"],"yoast_head":"<!-- This site is optimized with the Yoast SEO plugin v26.0 - https:\/\/yoast.com\/wordpress\/plugins\/seo\/ -->\n<title>Rangos nemzetk\u00f6zi torn\u00e1n j\u00e1rt junior csapatunk - Vasas n\u0151i kos\u00e1rlabda<\/title>\n<meta name=\"robots\" content=\"index, follow, max-snippet:-1, max-image-preview:large, max-video-preview:-1\" \/>\n<link rel=\"canonical\" href=\"https:\/\/vasasbasket.hu\/index.php\/rangos-nemzetkozi-tornan-jart-junior-csapatunk\/\" \/>\n<meta property=\"og:locale\" content=\"hu_HU\" \/>\n<meta property=\"og:type\" content=\"article\" \/>\n<meta property=\"og:title\" content=\"Rangos nemzetk\u00f6zi torn\u00e1n j\u00e1rt junior csapatunk - Vasas n\u0151i kos\u00e1rlabda\" \/>\n<meta property=\"og:description\" content=\"Augusztus 30 \u00e9s 31 k\u00f6z\u00f6tt els\u0151 alkalommal rendezt\u00e9k P\u00e9csett a F\u0171zy \u00c1kos Eml\u00e9ktorn\u00e1t, ahol a h\u00e1zigazda R\u00e1tg\u00e9ber Akad\u00e9mia mellett a Vasas Akad\u00e9mia, valamint k\u00e9t k\u00fclf\u00f6ldi egy\u00fcttes is megh\u00edv\u00e1st kapott. A Vasas Akad\u00e9mia k\u00e9t gy\u0151zelemmel \u00e9s egy veres\u00e9ggel z\u00e1rta a k\u00e9t napos torn\u00e1t. &#8222;A torna els\u0151 m\u00e9rk\u0151z\u00e9s\u00e9n nem j\u00e1tszottuk a megfelel\u0151 szinten sem v\u00e9dekez\u00e9sben, sem t\u00e1mad\u00e1sban....\" \/>\n<meta property=\"og:url\" content=\"https:\/\/vasasbasket.hu\/index.php\/rangos-nemzetkozi-tornan-jart-junior-csapatunk\/\" \/>\n<meta property=\"og:site_name\" content=\"Vasas n\u0151i kos\u00e1rlabda\" \/>\n<meta property=\"article:publisher\" content=\"https:\/\/www.facebook.com\/vasaswbasket\/\" \/>\n<meta property=\"article:published_time\" content=\"2019-09-07T11:59:51+00:00\" \/>\n<meta property=\"article:modified_time\" content=\"2019-09-07T12:00:43+00:00\" \/>\n<meta property=\"og:image\" content=\"https:\/\/vasasbasket.hu\/wp-content\/uploads\/2019\/09\/Zdj\u0119cie-07.09.2019-13-31-18.jpg\" \/>\n\t<meta property=\"og:image:width\" content=\"1280\" \/>\n\t<meta property=\"og:image:height\" content=\"960\" \/>\n\t<meta property=\"og:image:type\" content=\"image\/jpeg\" \/>\n<meta name=\"author\" content=\"admin\" \/>\n<meta name=\"twitter:card\" content=\"summary_large_image\" \/>\n<meta name=\"twitter:label1\" content=\"Szerz\u0151:\" \/>\n\t<meta name=\"twitter:data1\" content=\"admin\" \/>\n\t<meta name=\"twitter:label2\" content=\"Becs\u00fclt olvas\u00e1si id\u0151\" \/>\n\t<meta name=\"twitter:data2\" content=\"2 perc\" \/>\n<script type=\"application\/ld+json\" class=\"yoast-schema-graph\">{\"@context\":\"https:\/\/schema.org\",\"@graph\":[{\"@type\":\"Article\",\"@id\":\"https:\/\/vasasbasket.hu\/index.php\/rangos-nemzetkozi-tornan-jart-junior-csapatunk\/#article\",\"isPartOf\":{\"@id\":\"https:\/\/vasasbasket.hu\/index.php\/rangos-nemzetkozi-tornan-jart-junior-csapatunk\/\"},\"author\":{\"name\":\"admin\",\"@id\":\"https:\/\/vasasbasket.hu\/#\/schema\/person\/f1085f4d2c6582d8d0f977e92de2edee\"},\"headline\":\"Rangos nemzetk\u00f6zi torn\u00e1n j\u00e1rt junior csapatunk\",\"datePublished\":\"2019-09-07T11:59:51+00:00\",\"dateModified\":\"2019-09-07T12:00:43+00:00\",\"mainEntityOfPage\":{\"@id\":\"https:\/\/vasasbasket.hu\/index.php\/rangos-nemzetkozi-tornan-jart-junior-csapatunk\/\"},\"wordCount\":469,\"publisher\":{\"@id\":\"https:\/\/vasasbasket.hu\/#organization\"},\"image\":{\"@id\":\"https:\/\/vasasbasket.hu\/index.php\/rangos-nemzetkozi-tornan-jart-junior-csapatunk\/#primaryimage\"},\"thumbnailUrl\":\"https:\/\/vasasbasket.hu\/wp-content\/uploads\/2019\/09\/Zdj\u0119cie-07.09.2019-13-31-18.jpg\",\"articleSection\":[\"Junior\",\"\u00d6sszes H\u00edr\"],\"inLanguage\":\"hu\"},{\"@type\":\"WebPage\",\"@id\":\"https:\/\/vasasbasket.hu\/index.php\/rangos-nemzetkozi-tornan-jart-junior-csapatunk\/\",\"url\":\"https:\/\/vasasbasket.hu\/index.php\/rangos-nemzetkozi-tornan-jart-junior-csapatunk\/\",\"name\":\"Rangos nemzetk\u00f6zi torn\u00e1n j\u00e1rt junior csapatunk - Vasas n\u0151i kos\u00e1rlabda\",\"isPartOf\":{\"@id\":\"https:\/\/vasasbasket.hu\/#website\"},\"primaryImageOfPage\":{\"@id\":\"https:\/\/vasasbasket.hu\/index.php\/rangos-nemzetkozi-tornan-jart-junior-csapatunk\/#primaryimage\"},\"image\":{\"@id\":\"https:\/\/vasasbasket.hu\/index.php\/rangos-nemzetkozi-tornan-jart-junior-csapatunk\/#primaryimage\"},\"thumbnailUrl\":\"https:\/\/vasasbasket.hu\/wp-content\/uploads\/2019\/09\/Zdj\u0119cie-07.09.2019-13-31-18.jpg\",\"datePublished\":\"2019-09-07T11:59:51+00:00\",\"dateModified\":\"2019-09-07T12:00:43+00:00\",\"breadcrumb\":{\"@id\":\"https:\/\/vasasbasket.hu\/index.php\/rangos-nemzetkozi-tornan-jart-junior-csapatunk\/#breadcrumb\"},\"inLanguage\":\"hu\",\"potentialAction\":[{\"@type\":\"ReadAction\",\"target\":[\"https:\/\/vasasbasket.hu\/index.php\/rangos-nemzetkozi-tornan-jart-junior-csapatunk\/\"]}]},{\"@type\":\"ImageObject\",\"inLanguage\":\"hu\",\"@id\":\"https:\/\/vasasbasket.hu\/index.php\/rangos-nemzetkozi-tornan-jart-junior-csapatunk\/#primaryimage\",\"url\":\"https:\/\/vasasbasket.hu\/wp-content\/uploads\/2019\/09\/Zdj\u0119cie-07.09.2019-13-31-18.jpg\",\"contentUrl\":\"https:\/\/vasasbasket.hu\/wp-content\/uploads\/2019\/09\/Zdj\u0119cie-07.09.2019-13-31-18.jpg\",\"width\":1280,\"height\":960},{\"@type\":\"BreadcrumbList\",\"@id\":\"https:\/\/vasasbasket.hu\/index.php\/rangos-nemzetkozi-tornan-jart-junior-csapatunk\/#breadcrumb\",\"itemListElement\":[{\"@type\":\"ListItem\",\"position\":1,\"name\":\"Kezd\u0151lap\",\"item\":\"https:\/\/vasasbasket.hu\/\"},{\"@type\":\"ListItem\",\"position\":2,\"name\":\"Rangos nemzetk\u00f6zi torn\u00e1n j\u00e1rt junior csapatunk\"}]},{\"@type\":\"WebSite\",\"@id\":\"https:\/\/vasasbasket.hu\/#website\",\"url\":\"https:\/\/vasasbasket.hu\/\",\"name\":\"Vasas n\u0151i kos\u00e1rlabda\",\"description\":\"Vasas Basket N\u0151i\",\"publisher\":{\"@id\":\"https:\/\/vasasbasket.hu\/#organization\"},\"potentialAction\":[{\"@type\":\"SearchAction\",\"target\":{\"@type\":\"EntryPoint\",\"urlTemplate\":\"https:\/\/vasasbasket.hu\/?s={search_term_string}\"},\"query-input\":{\"@type\":\"PropertyValueSpecification\",\"valueRequired\":true,\"valueName\":\"search_term_string\"}}],\"inLanguage\":\"hu\"},{\"@type\":\"Organization\",\"@id\":\"https:\/\/vasasbasket.hu\/#organization\",\"name\":\"Vasas n\u0151i kos\u00e1rlabda\",\"url\":\"https:\/\/vasasbasket.hu\/\",\"logo\":{\"@type\":\"ImageObject\",\"inLanguage\":\"hu\",\"@id\":\"https:\/\/vasasbasket.hu\/#\/schema\/logo\/image\/\",\"url\":\"https:\/\/vasasbasket.hu\/wp-content\/uploads\/2017\/03\/vasas_cimer_1200.jpg\",\"contentUrl\":\"https:\/\/vasasbasket.hu\/wp-content\/uploads\/2017\/03\/vasas_cimer_1200.jpg\",\"width\":1200,\"height\":1200,\"caption\":\"Vasas n\u0151i kos\u00e1rlabda\"},\"image\":{\"@id\":\"https:\/\/vasasbasket.hu\/#\/schema\/logo\/image\/\"},\"sameAs\":[\"https:\/\/www.facebook.com\/vasaswbasket\/\"]},{\"@type\":\"Person\",\"@id\":\"https:\/\/vasasbasket.hu\/#\/schema\/person\/f1085f4d2c6582d8d0f977e92de2edee\",\"name\":\"admin\",\"image\":{\"@type\":\"ImageObject\",\"inLanguage\":\"hu\",\"@id\":\"https:\/\/vasasbasket.hu\/#\/schema\/person\/image\/\",\"url\":\"https:\/\/secure.gravatar.com\/avatar\/645c92f7d9cfe02bd93ce2d1cfa11cd3a268bdfe65486552ff04b193cea07634?s=96&d=mm&r=g\",\"contentUrl\":\"https:\/\/secure.gravatar.com\/avatar\/645c92f7d9cfe02bd93ce2d1cfa11cd3a268bdfe65486552ff04b193cea07634?s=96&d=mm&r=g\",\"caption\":\"admin\"},\"url\":\"https:\/\/vasasbasket.hu\/index.php\/author\/admin\/\"}]}<\/script>\n<!-- \/ Yoast SEO plugin. -->","yoast_head_json":{"title":"Rangos nemzetk\u00f6zi torn\u00e1n j\u00e1rt junior csapatunk - Vasas n\u0151i kos\u00e1rlabda","robots":{"index":"index","follow":"follow","max-snippet":"max-snippet:-1","max-image-preview":"max-image-preview:large","max-video-preview":"max-video-preview:-1"},"canonical":"https:\/\/vasasbasket.hu\/index.php\/rangos-nemzetkozi-tornan-jart-junior-csapatunk\/","og_locale":"hu_HU","og_type":"article","og_title":"Rangos nemzetk\u00f6zi torn\u00e1n j\u00e1rt junior csapatunk - Vasas n\u0151i kos\u00e1rlabda","og_description":"Augusztus 30 \u00e9s 31 k\u00f6z\u00f6tt els\u0151 alkalommal rendezt\u00e9k P\u00e9csett a F\u0171zy \u00c1kos Eml\u00e9ktorn\u00e1t, ahol a h\u00e1zigazda R\u00e1tg\u00e9ber Akad\u00e9mia mellett a Vasas Akad\u00e9mia, valamint k\u00e9t k\u00fclf\u00f6ldi egy\u00fcttes is megh\u00edv\u00e1st kapott. A Vasas Akad\u00e9mia k\u00e9t gy\u0151zelemmel \u00e9s egy veres\u00e9ggel z\u00e1rta a k\u00e9t napos torn\u00e1t. &#8222;A torna els\u0151 m\u00e9rk\u0151z\u00e9s\u00e9n nem j\u00e1tszottuk a megfelel\u0151 szinten sem v\u00e9dekez\u00e9sben, sem t\u00e1mad\u00e1sban....","og_url":"https:\/\/vasasbasket.hu\/index.php\/rangos-nemzetkozi-tornan-jart-junior-csapatunk\/","og_site_name":"Vasas n\u0151i kos\u00e1rlabda","article_publisher":"https:\/\/www.facebook.com\/vasaswbasket\/","article_published_time":"2019-09-07T11:59:51+00:00","article_modified_time":"2019-09-07T12:00:43+00:00","og_image":[{"width":1280,"height":960,"url":"https:\/\/vasasbasket.hu\/wp-content\/uploads\/2019\/09\/Zdj\u0119cie-07.09.2019-13-31-18.jpg","type":"image\/jpeg"}],"author":"admin","twitter_card":"summary_large_image","twitter_misc":{"Szerz\u0151:":"admin","Becs\u00fclt olvas\u00e1si id\u0151":"2 perc"},"schema":{"@context":"https:\/\/schema.org","@graph":[{"@type":"Article","@id":"https:\/\/vasasbasket.hu\/index.php\/rangos-nemzetkozi-tornan-jart-junior-csapatunk\/#article","isPartOf":{"@id":"https:\/\/vasasbasket.hu\/index.php\/rangos-nemzetkozi-tornan-jart-junior-csapatunk\/"},"author":{"name":"admin","@id":"https:\/\/vasasbasket.hu\/#\/schema\/person\/f1085f4d2c6582d8d0f977e92de2edee"},"headline":"Rangos nemzetk\u00f6zi torn\u00e1n j\u00e1rt junior csapatunk","datePublished":"2019-09-07T11:59:51+00:00","dateModified":"2019-09-07T12:00:43+00:00","mainEntityOfPage":{"@id":"https:\/\/vasasbasket.hu\/index.php\/rangos-nemzetkozi-tornan-jart-junior-csapatunk\/"},"wordCount":469,"publisher":{"@id":"https:\/\/vasasbasket.hu\/#organization"},"image":{"@id":"https:\/\/vasasbasket.hu\/index.php\/rangos-nemzetkozi-tornan-jart-junior-csapatunk\/#primaryimage"},"thumbnailUrl":"https:\/\/vasasbasket.hu\/wp-content\/uploads\/2019\/09\/Zdj\u0119cie-07.09.2019-13-31-18.jpg","articleSection":["Junior","\u00d6sszes H\u00edr"],"inLanguage":"hu"},{"@type":"WebPage","@id":"https:\/\/vasasbasket.hu\/index.php\/rangos-nemzetkozi-tornan-jart-junior-csapatunk\/","url":"https:\/\/vasasbasket.hu\/index.php\/rangos-nemzetkozi-tornan-jart-junior-csapatunk\/","name":"Rangos nemzetk\u00f6zi torn\u00e1n j\u00e1rt junior csapatunk - Vasas n\u0151i kos\u00e1rlabda","isPartOf":{"@id":"https:\/\/vasasbasket.hu\/#website"},"primaryImageOfPage":{"@id":"https:\/\/vasasbasket.hu\/index.php\/rangos-nemzetkozi-tornan-jart-junior-csapatunk\/#primaryimage"},"image":{"@id":"https:\/\/vasasbasket.hu\/index.php\/rangos-nemzetkozi-tornan-jart-junior-csapatunk\/#primaryimage"},"thumbnailUrl":"https:\/\/vasasbasket.hu\/wp-content\/uploads\/2019\/09\/Zdj\u0119cie-07.09.2019-13-31-18.jpg","datePublished":"2019-09-07T11:59:51+00:00","dateModified":"2019-09-07T12:00:43+00:00","breadcrumb":{"@id":"https:\/\/vasasbasket.hu\/index.php\/rangos-nemzetkozi-tornan-jart-junior-csapatunk\/#breadcrumb"},"inLanguage":"hu","potentialAction":[{"@type":"ReadAction","target":["https:\/\/vasasbasket.hu\/index.php\/rangos-nemzetkozi-tornan-jart-junior-csapatunk\/"]}]},{"@type":"ImageObject","inLanguage":"hu","@id":"https:\/\/vasasbasket.hu\/index.php\/rangos-nemzetkozi-tornan-jart-junior-csapatunk\/#primaryimage","url":"https:\/\/vasasbasket.hu\/wp-content\/uploads\/2019\/09\/Zdj\u0119cie-07.09.2019-13-31-18.jpg","contentUrl":"https:\/\/vasasbasket.hu\/wp-content\/uploads\/2019\/09\/Zdj\u0119cie-07.09.2019-13-31-18.jpg","width":1280,"height":960},{"@type":"BreadcrumbList","@id":"https:\/\/vasasbasket.hu\/index.php\/rangos-nemzetkozi-tornan-jart-junior-csapatunk\/#breadcrumb","itemListElement":[{"@type":"ListItem","position":1,"name":"Kezd\u0151lap","item":"https:\/\/vasasbasket.hu\/"},{"@type":"ListItem","position":2,"name":"Rangos nemzetk\u00f6zi torn\u00e1n j\u00e1rt junior csapatunk"}]},{"@type":"WebSite","@id":"https:\/\/vasasbasket.hu\/#website","url":"https:\/\/vasasbasket.hu\/","name":"Vasas n\u0151i kos\u00e1rlabda","description":"Vasas Basket N\u0151i","publisher":{"@id":"https:\/\/vasasbasket.hu\/#organization"},"potentialAction":[{"@type":"SearchAction","target":{"@type":"EntryPoint","urlTemplate":"https:\/\/vasasbasket.hu\/?s={search_term_string}"},"query-input":{"@type":"PropertyValueSpecification","valueRequired":true,"valueName":"search_term_string"}}],"inLanguage":"hu"},{"@type":"Organization","@id":"https:\/\/vasasbasket.hu\/#organization","name":"Vasas n\u0151i kos\u00e1rlabda","url":"https:\/\/vasasbasket.hu\/","logo":{"@type":"ImageObject","inLanguage":"hu","@id":"https:\/\/vasasbasket.hu\/#\/schema\/logo\/image\/","url":"https:\/\/vasasbasket.hu\/wp-content\/uploads\/2017\/03\/vasas_cimer_1200.jpg","contentUrl":"https:\/\/vasasbasket.hu\/wp-content\/uploads\/2017\/03\/vasas_cimer_1200.jpg","width":1200,"height":1200,"caption":"Vasas n\u0151i kos\u00e1rlabda"},"image":{"@id":"https:\/\/vasasbasket.hu\/#\/schema\/logo\/image\/"},"sameAs":["https:\/\/www.facebook.com\/vasaswbasket\/"]},{"@type":"Person","@id":"https:\/\/vasasbasket.hu\/#\/schema\/person\/f1085f4d2c6582d8d0f977e92de2edee","name":"admin","image":{"@type":"ImageObject","inLanguage":"hu","@id":"https:\/\/vasasbasket.hu\/#\/schema\/person\/image\/","url":"https:\/\/secure.gravatar.com\/avatar\/645c92f7d9cfe02bd93ce2d1cfa11cd3a268bdfe65486552ff04b193cea07634?s=96&d=mm&r=g","contentUrl":"https:\/\/secure.gravatar.com\/avatar\/645c92f7d9cfe02bd93ce2d1cfa11cd3a268bdfe65486552ff04b193cea07634?s=96&d=mm&r=g","caption":"admin"},"url":"https:\/\/vasasbasket.hu\/index.php\/author\/admin\/"}]}},"_links":{"self":[{"href":"https:\/\/vasasbasket.hu\/index.php\/wp-json\/wp\/v2\/posts\/5897","targetHints":{"allow":["GET"]}}],"collection":[{"href":"https:\/\/vasasbasket.hu\/index.php\/wp-json\/wp\/v2\/posts"}],"about":[{"href":"https:\/\/vasasbasket.hu\/index.php\/wp-json\/wp\/v2\/types\/post"}],"author":[{"embeddable":true,"href":"https:\/\/vasasbasket.hu\/index.php\/wp-json\/wp\/v2\/users\/1"}],"replies":[{"embeddable":true,"href":"https:\/\/vasasbasket.hu\/index.php\/wp-json\/wp\/v2\/comments?post=5897"}],"version-history":[{"count":2,"href":"https:\/\/vasasbasket.hu\/index.php\/wp-json\/wp\/v2\/posts\/5897\/revisions"}],"predecessor-version":[{"id":5900,"href":"https:\/\/vasasbasket.hu\/index.php\/wp-json\/wp\/v2\/posts\/5897\/revisions\/5900"}],"wp:featuredmedia":[{"embeddable":true,"href":"https:\/\/vasasbasket.hu\/index.php\/wp-json\/wp\/v2\/media\/5898"}],"wp:attachment":[{"href":"https:\/\/vasasbasket.hu\/index.php\/wp-json\/wp\/v2\/media?parent=5897"}],"wp:term":[{"taxonomy":"category","embeddable":true,"href":"https:\/\/vasasbasket.hu\/index.php\/wp-json\/wp\/v2\/categories?post=5897"},{"taxonomy":"post_tag","embeddable":true,"href":"https:\/\/vasasbasket.hu\/index.php\/wp-json\/wp\/v2\/tags?post=5897"}],"curies":[{"name":"wp","href":"https:\/\/api.w.org\/{rel}","templated":true}]}}