{"id":5891,"date":"2019-09-05T20:01:25","date_gmt":"2019-09-05T20:01:25","guid":{"rendered":"http:\/\/vasasbasket.hu\/?p=5891"},"modified":"2019-09-05T20:01:25","modified_gmt":"2019-09-05T20:01:25","slug":"ma-rajtol-az-u18-as-3x3-europa-bajnoksag","status":"publish","type":"post","link":"https:\/\/vasasbasket.hu\/index.php\/ma-rajtol-az-u18-as-3x3-europa-bajnoksag\/","title":{"rendered":"Ma rajtol az U18-as 3&#215;3 Eur\u00f3pa-bajnoks\u00e1g"},"content":{"rendered":"<p><strong>P\u00e9nteken kezd\u0151dik az U18-as 3&#215;3 Eb, ahol a magyar v\u00e1logatott t\u00f6bb fronton is \u00e9rintett. A gr\u00faziai kontinenstorn\u00e1ra a magyar n\u0151i v\u00e1logatott ism\u00e9t vezet\u0151edz\u0151nk, F\u00f6ldi Atilla ir\u00e1ny\u00edt\u00e1s\u00e1val \u00e9rkezik, r\u00e1ad\u00e1sul Szerencs\u00e9s Tamara szem\u00e9ly\u00e9ben tov\u00e1bbra is van Vasas Akad\u00e9mia j\u00e1t\u00e9kos a 3&#215;3 legeredm\u00e9nyesebb szak\u00e1g\u00e1ban.<\/strong><\/p>\n<p>Az Eur\u00f3pa-bajnoks\u00e1g el\u0151tt a n\u0151i U18-as 3&#215;3 sz\u00f6vets\u00e9gi kapit\u00e1ny\u00e1val \u00e9s vezet\u0151edz\u0151nkkel, F\u00f6ldi Attil\u00e1val k\u00e9sz\u00edtett interj\u00fat a <a href=\"http:\/\/www.wbasket.hu\/2019\/09\/04\/penteken-kezdodik-az-u18-as-3x3-as-europa-bajnoksag-8211-nagyinterju-foldi-attilaval.html\">Wbasket.hu<\/a>. F\u00f6ldi Attila kiemelte, a Vasas Akad\u00e9mi\u00e1nak ism\u00e9t fontos szerepe van a v\u00e1logatottban, hiszen amellett, hogy Szerencs\u00e9s Tamara beker\u00fclt a v\u00e1logatottba, tov\u00e1bbi h\u00e1rom j\u00e1t\u00e9kos (Altmann Anna, Mudra Viola \u00e9s Salamon Zs\u00f3fia) a b\u0151 keret tagja volt. R\u00e1ad\u00e1sul a hajr\u00e1ban a magyar csapat Pasar\u00e9ten edzett, amit a sz\u00f6vets\u00e9gi kapit\u00e1ny ez\u00fattal is k\u00f6sz\u00f6n a vezet\u0151s\u00e9gnek.<\/p>\n<p>A tov\u00e1bbiakban a Wbasket.hu cikk\u00e9t olvashatj\u00e1k.<\/p>\n<p><em>A magyar v\u00e1logatott augusztus elej\u00e9n a szolnoki Eb-selejtez\u0151r\u0151l kvalifik\u00e1lt a kontinenstorn\u00e1ra. \u201eA selejtez\u0151n mutatott teljes\u00edtm\u00e9ny alapj\u00e1n \u00fagy \u00e9reztem, hogy nem kell v\u00e1ltoztatnom a kereten. Ugyanazok a j\u00e1t\u00e9kosok alkotj\u00e1k a csapatot, akik Szolnokon is szerepeltek, teh\u00e1t D\u00e9nes Anna, R\u00e9v\u00e9sz Luca, Szerencs\u00e9s Tamara \u00e9s Varga Eszter.\u201d \u2013 mutatta be az utaz\u00f3 csapatot a sz\u00f6vets\u00e9gi kapit\u00e1ny.<\/em><\/p>\n<p><em>A szolnoki torna \u00f3ta r\u00f6videbb \u00f6sszetart\u00e1sok f\u00e9rtek csak bele a programba, melyen a kor\u00e1bban gyakoroltak szinten tart\u00e1sa volt a c\u00e9l. \u201eK\u00e9t r\u00f6videbb etapunk volt. Eredetileg h\u00e1rmat tervezt\u00fcnk, de az els\u0151 technikai okok miatt nem j\u00f6tt l\u00e9tre. A kett\u0151t viszont v\u00e9gigcsin\u00e1ltuk, ahogy tervezt\u00fck. Jobb, ha t\u00f6bbet vagyunk egy\u00fctt, de nem hiszem, hogy azon a plusz k\u00e9t napon m\u00falik a dolog. Rem\u00e9nyked\u00fcnk benne, hogy ez is el\u00e9g lesz. Nyilv\u00e1n r\u00e1\u00e9p\u00fclve arra, amit el\u0151tte csin\u00e1ltunk, ami nem volt kev\u00e9s. Most csak egy kicsi \u00e1tism\u00e9tl\u00e9s\u00e9re ker\u00fclt sor a kor\u00e1bbiaknak.\u201d \u2013 tette hozz\u00e1 F\u00f6ldi Attila, akin\u00e9l arr\u00f3l is \u00e9rdekl\u0151dt\u00fcnk, hogy a csapat form\u00e1ba hoz\u00e1sa megoldhat\u00f3-e.<\/em><\/p>\n<p><em>\u201eVal\u00f3sz\u00edn\u0171leg az Eb-selejtez\u0151 volt az a verseny id\u00e9n, ahol a legjobb form\u00e1ban j\u00e1tszottunk \u00e9s a legjobb arcunkat mutattuk. Nyilv\u00e1n pr\u00f3b\u00e1lunk form\u00e1t id\u0151z\u00edteni \u00e9s a versenyre kihegyezni a csapatot. Most azonban egy kicsit nehezebb a helyzet\u00fcnk, mint akkor. A 3&#215;3-on k\u00edv\u00fcl akkor a j\u00e1t\u00e9kosok nem csin\u00e1ltak semmi m\u00e1st. Ott az \u00e9n feladatom olyan szempontb\u00f3l volt k\u00f6nnyebb, hogy saj\u00e1t magam alak\u00edthattam a munk\u00e1t, hogy a forma a versenyen j\u00f6jj\u00f6n ki legink\u00e1bb. Augusztusban m\u00e1r nem csak egyed\u00fcl foglalkoztam vel\u00fck, nem csak ez a feladatuk volt a j\u00e1t\u00e9kosoknak, \u00edgy m\u00e1r sokkal nehezebb. Mindent megpr\u00f3b\u00e1lunk a l\u00e1nyokkal, rem\u00e9lj\u00fck m\u0171k\u00f6dni fog.\u201d<\/em><\/p>\n<p><em>Az U18-as koroszt\u00e1ly sz\u00e1m\u00e1ra minden \u00e9vben speci\u00e1lis az Eur\u00f3pa-bajnoks\u00e1g, hiszen ezen szeptemberi id\u0151pontban m\u00e1r az 5:5 klubokn\u00e1l zajl\u00f3 munka, az iskolakezd\u00e9s mind-mind befoly\u00e1sol\u00f3 t\u00e9nyez\u0151.<\/em><\/p>\n<p><em>\u201e\u00cdgy van, mindig k\u00e9rd\u00e9s, hogy az adott sz\u00f6vets\u00e9g, az adott v\u00e1logatott mennyi \u00f6sszetart\u00e1st engedhet meg mag\u00e1nak. \u00c9n \u00fagy gondolom, hogy nagyj\u00e1b\u00f3l mindenhol hasonl\u00f3 helyzetben vannak. Ez ilyen szempontb\u00f3l egy neh\u00e9z id\u0151szak a csapatok \u00e9let\u00e9ben. Nem tudhatjuk, persze lehet, hogy van ahol kicsit t\u00f6bbet tudnak egy\u00fctt t\u00f6lteni, de \u00e1ltal\u00e1noss\u00e1gban mindenki hasonl\u00f3 felt\u00e9telekkel indulhat. \u00c9n az elv\u00e9gzett munk\u00e1ban hiszek \u00e9s ez\u00e9rt nem \u00f6r\u00fcl\u00f6k neki, hogy kevesebb volt, mint amit szerettem volna. \u00dagy gondolom, hogy a mi csapatunkon a Vil\u00e1gbajnoks\u00e1g \u00e9s az Eb-selejtez\u0151 \u00f6sszehasonl\u00edt\u00e1s\u00e1ban nagyon l\u00e1tsz\u00f3dott, hogy mennyivel t\u00f6bbet t\u00f6lthett\u00fcnk egy\u00fctt Szolnok el\u0151tt. Term\u00e9szetesen most a kor\u00e1bban elv\u00e9gzett munk\u00e1ra \u00e9p\u00edt\u00fcnk \u00e9s rem\u00e9lem, hogy m\u0171k\u00f6dni fog a dolog.\u201d &#8211; fogalmazott F\u00f6ldi Attila.<\/em><\/p>\n<p><em>A magyar v\u00e1logatott N\u00e9metorsz\u00e1ggal \u00e9s a h\u00e1zigazda Gr\u00fazi\u00e1val ker\u00fclt egy csoportba. Tov\u00e1bbjut\u00e1s eset\u00e9n pedig Franciaorsz\u00e1g, Rom\u00e1nia \u00e9s Belgium h\u00e1rmas\u00e1b\u00f3l \u00e9rkezhet riv\u00e1lis.<\/em><\/p>\n<p><em>\u201eNem egyszer\u0171. A kereszt\u00e1gon egy\u00e1ltal\u00e1n nem is gondolkozok, csak azzal foglalkozunk, hogy a csoportb\u00f3l tov\u00e1bbjussunk, ami neh\u00e9z feladat lesz.\u201d \u2013 kezdte es\u00e9lylatolgat\u00e1s\u00e1t F\u00f6ldi Attila. \u201eMegmondom \u0151szint\u00e9n, amikor el\u0151sz\u00f6r l\u00e1ttam a csoportunkat a n\u00e9met \u00e9s a gr\u00faz csapattal, azt mondtam, hogy eg\u00e9sz j\u00f3. Nincs igaz\u00e1n nagy n\u00e9v. Amikor azonban megismerkedtem az ellenfeleinkkel, akkor l\u00e1ttam, hogy a n\u00e9metek az olaszorsz\u00e1gi selejtez\u0151ben mindenkit megvertek. M\u00e9g a spanyolokat is legy\u0151zt\u00e9k. Mellett\u00fck pedig ott van a hazai csapat, akik ellen soha nem k\u00f6nny\u0171 j\u00e1tszani. Egy Eb-n pedig az\u00e9rt sem, mert \u0151k nem j\u00e1tszottak selejtez\u0151t \u00e9s \u00edgy nem ismerj\u00fck \u0151ket. A n\u00e9metekb\u0151l legal\u00e1bb maxim\u00e1lisan fel tudunk k\u00e9sz\u00fclni, hiszen a h\u00e1rom selejtez\u0151s meccs\u00fck felv\u00e9tele a rendelkez\u00e9s\u00fcnkre \u00e1ll.\u201d<\/em><\/p>\n<p><em>A riv\u00e1lisaink v\u00e1rhat\u00f3an magass\u00e1gi f\u00f6l\u00e9nyben lesznek, amit besz\u00e9lget\u00e9s\u00fcnk sor\u00e1n F\u00f6ldi Attila is hangs\u00falyozott:<\/em><\/p>\n<p><em>\u201eAmi neh\u00e9z a csoportunkban, hogy komoly szerkezeti f\u00f6l\u00e9nye van mindk\u00e9t csapatnak. A n\u00e9meteknek k\u00e9t 190 cm k\u00f6rny\u00e9ki magas j\u00e1t\u00e9kosa van Kr\u00f6ner \u00e9s Polleros szem\u00e9ly\u00e9ben. A gr\u00fazoknak pedig h\u00e1rom ilyen magas j\u00e1t\u00e9kosuk van. Mi ilyen ter\u00e9n elmaradunk t\u0151l\u00fck. Minden azon fog m\u00falni: hogyan tudjuk meg\u00e1ll\u00edtani a poszt j\u00e1t\u00e9kukat. Ha ezt siker\u00fcl megcsin\u00e1lni, akkor lesz es\u00e9ly\u00fcnk nyerni. Ha ezt elrontjuk, akkor nagyobb h\u00e1tr\u00e1nyba ker\u00fclhet\u00fcnk. Neh\u00e9z a feladat, de \u00e9ppen ez\u00e9rt mondtam, hogy a csoportn\u00e1l tov\u00e1bb egyel\u0151re nem is tekintget\u00fcnk. Azzal foglalkozunk, hogy ezt a k\u00e9t ellenfelet megpr\u00f3b\u00e1ljuk legy\u0171rni. Vagy legal\u00e1bb egyet \u00e9s tov\u00e1bbmenni a csoportb\u00f3l.\u201d<\/em><\/p>\n<p><em>A torn\u00e1t a n\u00e9metek ellen kezdj\u00fck p\u00e9nteken 18 \u00f3r\u00e1t\u00f3l. \u201eNagyon j\u00f3 \u00f6sszet\u00e9tel\u0171, szerkezet\u0171 csapatuk van. Az el\u0151bb kiemelt k\u00e9t magas l\u00e1ny mellett ott van Sarah Polleros, aki kintr\u0151l dob h\u00e1rmasokat folyamatosan. Az ir\u00e1ny\u00edt\u00f3juk Laura Zolper pedig j\u00f3l egy-egyezik \u00e9s gyors. Nagyon komoly ellenfelek. Ha azonban v\u00e9dekez\u00e9sben hozzuk azt a szintet, mint a selejtez\u0151n, akkor van es\u00e9ly\u00fcnk.\u201d \u2013 mondta F\u00f6ldi Attila, akinek felvetett\u00fck, hogy a sz\u00ednvonalat tekintve a tavalyi debreceni kontinenstorn\u00e1t fel\u00fclm\u00falni neh\u00e9z lesz. Az t\u00falz\u00e1s n\u00e9lk\u00fcl minden id\u0151k egyik leger\u0151sebb U18-as vil\u00e1gversenye volt. \u201eTavaly nagyon er\u0151s mez\u0151ny j\u00f6tt \u00f6ssze. Nem tudom, hogy az Ifj\u00fas\u00e1gi Olimpia volt az oka vagy \u00e1ltal\u00e1noss\u00e1gban egy kicsit mindenki jobban r\u00e1fek\u00fcdt. Esetleg a gener\u00e1ci\u00f3nak volt ilyen szint\u0171 az \u00e1ltal\u00e1nos er\u0151ss\u00e9ge, de a tavalyi Eb az val\u00f3ban top kateg\u00f3ri\u00e1t jelentett.\u201d<\/em><\/p>\n<p><em>Az U18-as 3&#215;3-as Eur\u00f3pa-bajnoks\u00e1g a n\u0151i szak\u00e1g egyik legeredm\u00e9nyesebb torn\u00e1ja haz\u00e1nkban, de term\u00e9szetesen koroszt\u00e1lyos esem\u00e9nyr\u0151l van sz\u00f3, \u00edgy a kor\u00e1bbi eredm\u00e9nyekb\u0151l nem lehet messzemen\u0151 k\u00f6vetkeztet\u00e9st levonni. \u201eMinden \u00e9v, minden csapat m\u00e1s, nem lehet kiindulni a kor\u00e1bbi eredm\u00e9nyekb\u0151l.\u201d &#8211; z\u00e1rta besz\u00e9lget\u00e9s\u00fcnket F\u00f6ldi Attila.<\/em><\/p>\n","protected":false},"excerpt":{"rendered":"<p>P\u00e9nteken kezd\u0151dik az U18-as 3&#215;3 Eb, ahol a magyar v\u00e1logatott t\u00f6bb fronton is \u00e9rintett. A gr\u00faziai kontinenstorn\u00e1ra a magyar n\u0151i v\u00e1logatott ism\u00e9t vezet\u0151edz\u0151nk, F\u00f6ldi Atilla ir\u00e1ny\u00edt\u00e1s\u00e1val \u00e9rkezik, r\u00e1ad\u00e1sul Szerencs\u00e9s Tamara szem\u00e9ly\u00e9ben tov\u00e1bbra is van Vasas Akad\u00e9mia j\u00e1t\u00e9kos a 3&#215;3 legeredm\u00e9nyesebb szak\u00e1g\u00e1ban. Az Eur\u00f3pa-bajnoks\u00e1g el\u0151tt a n\u0151i U18-as 3&#215;3 sz\u00f6vets\u00e9gi kapit\u00e1ny\u00e1val \u00e9s vezet\u0151edz\u0151nkkel, F\u00f6ldi Attil\u00e1val k\u00e9sz\u00edtett&#8230;<\/p>\n","protected":false},"author":1,"featured_media":5892,"comment_status":"closed","ping_status":"open","sticky":false,"template":"","format":"standard","meta":{"footnotes":""},"categories":[91,92],"tags":[],"class_list":["post-5891","post","type-post","status-publish","format-standard","has-post-thumbnail","hentry","category-vasas","category-hirek"],"yoast_head":"<!-- This site is optimized with the Yoast SEO plugin v26.0 - https:\/\/yoast.com\/wordpress\/plugins\/seo\/ -->\n<title>Ma rajtol az U18-as 3x3 Eur\u00f3pa-bajnoks\u00e1g - Vasas n\u0151i kos\u00e1rlabda<\/title>\n<meta name=\"robots\" content=\"index, follow, max-snippet:-1, max-image-preview:large, max-video-preview:-1\" \/>\n<link rel=\"canonical\" href=\"https:\/\/vasasbasket.hu\/index.php\/ma-rajtol-az-u18-as-3x3-europa-bajnoksag\/\" \/>\n<meta property=\"og:locale\" content=\"hu_HU\" \/>\n<meta property=\"og:type\" content=\"article\" \/>\n<meta property=\"og:title\" content=\"Ma rajtol az U18-as 3x3 Eur\u00f3pa-bajnoks\u00e1g - Vasas n\u0151i kos\u00e1rlabda\" \/>\n<meta property=\"og:description\" content=\"P\u00e9nteken kezd\u0151dik az U18-as 3&#215;3 Eb, ahol a magyar v\u00e1logatott t\u00f6bb fronton is \u00e9rintett. A gr\u00faziai kontinenstorn\u00e1ra a magyar n\u0151i v\u00e1logatott ism\u00e9t vezet\u0151edz\u0151nk, F\u00f6ldi Atilla ir\u00e1ny\u00edt\u00e1s\u00e1val \u00e9rkezik, r\u00e1ad\u00e1sul Szerencs\u00e9s Tamara szem\u00e9ly\u00e9ben tov\u00e1bbra is van Vasas Akad\u00e9mia j\u00e1t\u00e9kos a 3&#215;3 legeredm\u00e9nyesebb szak\u00e1g\u00e1ban. Az Eur\u00f3pa-bajnoks\u00e1g el\u0151tt a n\u0151i U18-as 3&#215;3 sz\u00f6vets\u00e9gi kapit\u00e1ny\u00e1val \u00e9s vezet\u0151edz\u0151nkkel, F\u00f6ldi Attil\u00e1val k\u00e9sz\u00edtett...\" \/>\n<meta property=\"og:url\" content=\"https:\/\/vasasbasket.hu\/index.php\/ma-rajtol-az-u18-as-3x3-europa-bajnoksag\/\" \/>\n<meta property=\"og:site_name\" content=\"Vasas n\u0151i kos\u00e1rlabda\" \/>\n<meta property=\"article:publisher\" content=\"https:\/\/www.facebook.com\/vasaswbasket\/\" \/>\n<meta property=\"article:published_time\" content=\"2019-09-05T20:01:25+00:00\" \/>\n<meta property=\"og:image\" content=\"https:\/\/vasasbasket.hu\/wp-content\/uploads\/2019\/09\/image__10__77_690x462t0_ic.jpg\" \/>\n\t<meta property=\"og:image:width\" content=\"689\" \/>\n\t<meta property=\"og:image:height\" content=\"462\" \/>\n\t<meta property=\"og:image:type\" content=\"image\/jpeg\" \/>\n<meta name=\"author\" content=\"admin\" \/>\n<meta name=\"twitter:card\" content=\"summary_large_image\" \/>\n<meta name=\"twitter:label1\" content=\"Szerz\u0151:\" \/>\n\t<meta name=\"twitter:data1\" content=\"admin\" \/>\n\t<meta name=\"twitter:label2\" content=\"Becs\u00fclt olvas\u00e1si id\u0151\" \/>\n\t<meta name=\"twitter:data2\" content=\"7 perc\" \/>\n<script type=\"application\/ld+json\" class=\"yoast-schema-graph\">{\"@context\":\"https:\/\/schema.org\",\"@graph\":[{\"@type\":\"Article\",\"@id\":\"https:\/\/vasasbasket.hu\/index.php\/ma-rajtol-az-u18-as-3x3-europa-bajnoksag\/#article\",\"isPartOf\":{\"@id\":\"https:\/\/vasasbasket.hu\/index.php\/ma-rajtol-az-u18-as-3x3-europa-bajnoksag\/\"},\"author\":{\"name\":\"admin\",\"@id\":\"https:\/\/vasasbasket.hu\/#\/schema\/person\/f1085f4d2c6582d8d0f977e92de2edee\"},\"headline\":\"Ma rajtol az U18-as 3&#215;3 Eur\u00f3pa-bajnoks\u00e1g\",\"datePublished\":\"2019-09-05T20:01:25+00:00\",\"mainEntityOfPage\":{\"@id\":\"https:\/\/vasasbasket.hu\/index.php\/ma-rajtol-az-u18-as-3x3-europa-bajnoksag\/\"},\"wordCount\":1338,\"publisher\":{\"@id\":\"https:\/\/vasasbasket.hu\/#organization\"},\"image\":{\"@id\":\"https:\/\/vasasbasket.hu\/index.php\/ma-rajtol-az-u18-as-3x3-europa-bajnoksag\/#primaryimage\"},\"thumbnailUrl\":\"https:\/\/vasasbasket.hu\/wp-content\/uploads\/2019\/09\/image__10__77_690x462t0_ic.jpg\",\"articleSection\":[\"V\u00e1logatott H\u00edrek\",\"\u00d6sszes H\u00edr\"],\"inLanguage\":\"hu\"},{\"@type\":\"WebPage\",\"@id\":\"https:\/\/vasasbasket.hu\/index.php\/ma-rajtol-az-u18-as-3x3-europa-bajnoksag\/\",\"url\":\"https:\/\/vasasbasket.hu\/index.php\/ma-rajtol-az-u18-as-3x3-europa-bajnoksag\/\",\"name\":\"Ma rajtol az U18-as 3x3 Eur\u00f3pa-bajnoks\u00e1g - Vasas n\u0151i kos\u00e1rlabda\",\"isPartOf\":{\"@id\":\"https:\/\/vasasbasket.hu\/#website\"},\"primaryImageOfPage\":{\"@id\":\"https:\/\/vasasbasket.hu\/index.php\/ma-rajtol-az-u18-as-3x3-europa-bajnoksag\/#primaryimage\"},\"image\":{\"@id\":\"https:\/\/vasasbasket.hu\/index.php\/ma-rajtol-az-u18-as-3x3-europa-bajnoksag\/#primaryimage\"},\"thumbnailUrl\":\"https:\/\/vasasbasket.hu\/wp-content\/uploads\/2019\/09\/image__10__77_690x462t0_ic.jpg\",\"datePublished\":\"2019-09-05T20:01:25+00:00\",\"breadcrumb\":{\"@id\":\"https:\/\/vasasbasket.hu\/index.php\/ma-rajtol-az-u18-as-3x3-europa-bajnoksag\/#breadcrumb\"},\"inLanguage\":\"hu\",\"potentialAction\":[{\"@type\":\"ReadAction\",\"target\":[\"https:\/\/vasasbasket.hu\/index.php\/ma-rajtol-az-u18-as-3x3-europa-bajnoksag\/\"]}]},{\"@type\":\"ImageObject\",\"inLanguage\":\"hu\",\"@id\":\"https:\/\/vasasbasket.hu\/index.php\/ma-rajtol-az-u18-as-3x3-europa-bajnoksag\/#primaryimage\",\"url\":\"https:\/\/vasasbasket.hu\/wp-content\/uploads\/2019\/09\/image__10__77_690x462t0_ic.jpg\",\"contentUrl\":\"https:\/\/vasasbasket.hu\/wp-content\/uploads\/2019\/09\/image__10__77_690x462t0_ic.jpg\",\"width\":689,\"height\":462,\"caption\":\"Fot\u00f3: FIBA.Basketball\"},{\"@type\":\"BreadcrumbList\",\"@id\":\"https:\/\/vasasbasket.hu\/index.php\/ma-rajtol-az-u18-as-3x3-europa-bajnoksag\/#breadcrumb\",\"itemListElement\":[{\"@type\":\"ListItem\",\"position\":1,\"name\":\"Kezd\u0151lap\",\"item\":\"https:\/\/vasasbasket.hu\/\"},{\"@type\":\"ListItem\",\"position\":2,\"name\":\"Ma rajtol az U18-as 3&#215;3 Eur\u00f3pa-bajnoks\u00e1g\"}]},{\"@type\":\"WebSite\",\"@id\":\"https:\/\/vasasbasket.hu\/#website\",\"url\":\"https:\/\/vasasbasket.hu\/\",\"name\":\"Vasas n\u0151i kos\u00e1rlabda\",\"description\":\"Vasas Basket N\u0151i\",\"publisher\":{\"@id\":\"https:\/\/vasasbasket.hu\/#organization\"},\"potentialAction\":[{\"@type\":\"SearchAction\",\"target\":{\"@type\":\"EntryPoint\",\"urlTemplate\":\"https:\/\/vasasbasket.hu\/?s={search_term_string}\"},\"query-input\":{\"@type\":\"PropertyValueSpecification\",\"valueRequired\":true,\"valueName\":\"search_term_string\"}}],\"inLanguage\":\"hu\"},{\"@type\":\"Organization\",\"@id\":\"https:\/\/vasasbasket.hu\/#organization\",\"name\":\"Vasas n\u0151i kos\u00e1rlabda\",\"url\":\"https:\/\/vasasbasket.hu\/\",\"logo\":{\"@type\":\"ImageObject\",\"inLanguage\":\"hu\",\"@id\":\"https:\/\/vasasbasket.hu\/#\/schema\/logo\/image\/\",\"url\":\"https:\/\/vasasbasket.hu\/wp-content\/uploads\/2017\/03\/vasas_cimer_1200.jpg\",\"contentUrl\":\"https:\/\/vasasbasket.hu\/wp-content\/uploads\/2017\/03\/vasas_cimer_1200.jpg\",\"width\":1200,\"height\":1200,\"caption\":\"Vasas n\u0151i kos\u00e1rlabda\"},\"image\":{\"@id\":\"https:\/\/vasasbasket.hu\/#\/schema\/logo\/image\/\"},\"sameAs\":[\"https:\/\/www.facebook.com\/vasaswbasket\/\"]},{\"@type\":\"Person\",\"@id\":\"https:\/\/vasasbasket.hu\/#\/schema\/person\/f1085f4d2c6582d8d0f977e92de2edee\",\"name\":\"admin\",\"image\":{\"@type\":\"ImageObject\",\"inLanguage\":\"hu\",\"@id\":\"https:\/\/vasasbasket.hu\/#\/schema\/person\/image\/\",\"url\":\"https:\/\/secure.gravatar.com\/avatar\/645c92f7d9cfe02bd93ce2d1cfa11cd3a268bdfe65486552ff04b193cea07634?s=96&d=mm&r=g\",\"contentUrl\":\"https:\/\/secure.gravatar.com\/avatar\/645c92f7d9cfe02bd93ce2d1cfa11cd3a268bdfe65486552ff04b193cea07634?s=96&d=mm&r=g\",\"caption\":\"admin\"},\"url\":\"https:\/\/vasasbasket.hu\/index.php\/author\/admin\/\"}]}<\/script>\n<!-- \/ Yoast SEO plugin. -->","yoast_head_json":{"title":"Ma rajtol az U18-as 3x3 Eur\u00f3pa-bajnoks\u00e1g - Vasas n\u0151i kos\u00e1rlabda","robots":{"index":"index","follow":"follow","max-snippet":"max-snippet:-1","max-image-preview":"max-image-preview:large","max-video-preview":"max-video-preview:-1"},"canonical":"https:\/\/vasasbasket.hu\/index.php\/ma-rajtol-az-u18-as-3x3-europa-bajnoksag\/","og_locale":"hu_HU","og_type":"article","og_title":"Ma rajtol az U18-as 3x3 Eur\u00f3pa-bajnoks\u00e1g - Vasas n\u0151i kos\u00e1rlabda","og_description":"P\u00e9nteken kezd\u0151dik az U18-as 3&#215;3 Eb, ahol a magyar v\u00e1logatott t\u00f6bb fronton is \u00e9rintett. A gr\u00faziai kontinenstorn\u00e1ra a magyar n\u0151i v\u00e1logatott ism\u00e9t vezet\u0151edz\u0151nk, F\u00f6ldi Atilla ir\u00e1ny\u00edt\u00e1s\u00e1val \u00e9rkezik, r\u00e1ad\u00e1sul Szerencs\u00e9s Tamara szem\u00e9ly\u00e9ben tov\u00e1bbra is van Vasas Akad\u00e9mia j\u00e1t\u00e9kos a 3&#215;3 legeredm\u00e9nyesebb szak\u00e1g\u00e1ban. Az Eur\u00f3pa-bajnoks\u00e1g el\u0151tt a n\u0151i U18-as 3&#215;3 sz\u00f6vets\u00e9gi kapit\u00e1ny\u00e1val \u00e9s vezet\u0151edz\u0151nkkel, F\u00f6ldi Attil\u00e1val k\u00e9sz\u00edtett...","og_url":"https:\/\/vasasbasket.hu\/index.php\/ma-rajtol-az-u18-as-3x3-europa-bajnoksag\/","og_site_name":"Vasas n\u0151i kos\u00e1rlabda","article_publisher":"https:\/\/www.facebook.com\/vasaswbasket\/","article_published_time":"2019-09-05T20:01:25+00:00","og_image":[{"width":689,"height":462,"url":"https:\/\/vasasbasket.hu\/wp-content\/uploads\/2019\/09\/image__10__77_690x462t0_ic.jpg","type":"image\/jpeg"}],"author":"admin","twitter_card":"summary_large_image","twitter_misc":{"Szerz\u0151:":"admin","Becs\u00fclt olvas\u00e1si id\u0151":"7 perc"},"schema":{"@context":"https:\/\/schema.org","@graph":[{"@type":"Article","@id":"https:\/\/vasasbasket.hu\/index.php\/ma-rajtol-az-u18-as-3x3-europa-bajnoksag\/#article","isPartOf":{"@id":"https:\/\/vasasbasket.hu\/index.php\/ma-rajtol-az-u18-as-3x3-europa-bajnoksag\/"},"author":{"name":"admin","@id":"https:\/\/vasasbasket.hu\/#\/schema\/person\/f1085f4d2c6582d8d0f977e92de2edee"},"headline":"Ma rajtol az U18-as 3&#215;3 Eur\u00f3pa-bajnoks\u00e1g","datePublished":"2019-09-05T20:01:25+00:00","mainEntityOfPage":{"@id":"https:\/\/vasasbasket.hu\/index.php\/ma-rajtol-az-u18-as-3x3-europa-bajnoksag\/"},"wordCount":1338,"publisher":{"@id":"https:\/\/vasasbasket.hu\/#organization"},"image":{"@id":"https:\/\/vasasbasket.hu\/index.php\/ma-rajtol-az-u18-as-3x3-europa-bajnoksag\/#primaryimage"},"thumbnailUrl":"https:\/\/vasasbasket.hu\/wp-content\/uploads\/2019\/09\/image__10__77_690x462t0_ic.jpg","articleSection":["V\u00e1logatott H\u00edrek","\u00d6sszes H\u00edr"],"inLanguage":"hu"},{"@type":"WebPage","@id":"https:\/\/vasasbasket.hu\/index.php\/ma-rajtol-az-u18-as-3x3-europa-bajnoksag\/","url":"https:\/\/vasasbasket.hu\/index.php\/ma-rajtol-az-u18-as-3x3-europa-bajnoksag\/","name":"Ma rajtol az U18-as 3x3 Eur\u00f3pa-bajnoks\u00e1g - Vasas n\u0151i kos\u00e1rlabda","isPartOf":{"@id":"https:\/\/vasasbasket.hu\/#website"},"primaryImageOfPage":{"@id":"https:\/\/vasasbasket.hu\/index.php\/ma-rajtol-az-u18-as-3x3-europa-bajnoksag\/#primaryimage"},"image":{"@id":"https:\/\/vasasbasket.hu\/index.php\/ma-rajtol-az-u18-as-3x3-europa-bajnoksag\/#primaryimage"},"thumbnailUrl":"https:\/\/vasasbasket.hu\/wp-content\/uploads\/2019\/09\/image__10__77_690x462t0_ic.jpg","datePublished":"2019-09-05T20:01:25+00:00","breadcrumb":{"@id":"https:\/\/vasasbasket.hu\/index.php\/ma-rajtol-az-u18-as-3x3-europa-bajnoksag\/#breadcrumb"},"inLanguage":"hu","potentialAction":[{"@type":"ReadAction","target":["https:\/\/vasasbasket.hu\/index.php\/ma-rajtol-az-u18-as-3x3-europa-bajnoksag\/"]}]},{"@type":"ImageObject","inLanguage":"hu","@id":"https:\/\/vasasbasket.hu\/index.php\/ma-rajtol-az-u18-as-3x3-europa-bajnoksag\/#primaryimage","url":"https:\/\/vasasbasket.hu\/wp-content\/uploads\/2019\/09\/image__10__77_690x462t0_ic.jpg","contentUrl":"https:\/\/vasasbasket.hu\/wp-content\/uploads\/2019\/09\/image__10__77_690x462t0_ic.jpg","width":689,"height":462,"caption":"Fot\u00f3: FIBA.Basketball"},{"@type":"BreadcrumbList","@id":"https:\/\/vasasbasket.hu\/index.php\/ma-rajtol-az-u18-as-3x3-europa-bajnoksag\/#breadcrumb","itemListElement":[{"@type":"ListItem","position":1,"name":"Kezd\u0151lap","item":"https:\/\/vasasbasket.hu\/"},{"@type":"ListItem","position":2,"name":"Ma rajtol az U18-as 3&#215;3 Eur\u00f3pa-bajnoks\u00e1g"}]},{"@type":"WebSite","@id":"https:\/\/vasasbasket.hu\/#website","url":"https:\/\/vasasbasket.hu\/","name":"Vasas n\u0151i kos\u00e1rlabda","description":"Vasas Basket N\u0151i","publisher":{"@id":"https:\/\/vasasbasket.hu\/#organization"},"potentialAction":[{"@type":"SearchAction","target":{"@type":"EntryPoint","urlTemplate":"https:\/\/vasasbasket.hu\/?s={search_term_string}"},"query-input":{"@type":"PropertyValueSpecification","valueRequired":true,"valueName":"search_term_string"}}],"inLanguage":"hu"},{"@type":"Organization","@id":"https:\/\/vasasbasket.hu\/#organization","name":"Vasas n\u0151i kos\u00e1rlabda","url":"https:\/\/vasasbasket.hu\/","logo":{"@type":"ImageObject","inLanguage":"hu","@id":"https:\/\/vasasbasket.hu\/#\/schema\/logo\/image\/","url":"https:\/\/vasasbasket.hu\/wp-content\/uploads\/2017\/03\/vasas_cimer_1200.jpg","contentUrl":"https:\/\/vasasbasket.hu\/wp-content\/uploads\/2017\/03\/vasas_cimer_1200.jpg","width":1200,"height":1200,"caption":"Vasas n\u0151i kos\u00e1rlabda"},"image":{"@id":"https:\/\/vasasbasket.hu\/#\/schema\/logo\/image\/"},"sameAs":["https:\/\/www.facebook.com\/vasaswbasket\/"]},{"@type":"Person","@id":"https:\/\/vasasbasket.hu\/#\/schema\/person\/f1085f4d2c6582d8d0f977e92de2edee","name":"admin","image":{"@type":"ImageObject","inLanguage":"hu","@id":"https:\/\/vasasbasket.hu\/#\/schema\/person\/image\/","url":"https:\/\/secure.gravatar.com\/avatar\/645c92f7d9cfe02bd93ce2d1cfa11cd3a268bdfe65486552ff04b193cea07634?s=96&d=mm&r=g","contentUrl":"https:\/\/secure.gravatar.com\/avatar\/645c92f7d9cfe02bd93ce2d1cfa11cd3a268bdfe65486552ff04b193cea07634?s=96&d=mm&r=g","caption":"admin"},"url":"https:\/\/vasasbasket.hu\/index.php\/author\/admin\/"}]}},"_links":{"self":[{"href":"https:\/\/vasasbasket.hu\/index.php\/wp-json\/wp\/v2\/posts\/5891","targetHints":{"allow":["GET"]}}],"collection":[{"href":"https:\/\/vasasbasket.hu\/index.php\/wp-json\/wp\/v2\/posts"}],"about":[{"href":"https:\/\/vasasbasket.hu\/index.php\/wp-json\/wp\/v2\/types\/post"}],"author":[{"embeddable":true,"href":"https:\/\/vasasbasket.hu\/index.php\/wp-json\/wp\/v2\/users\/1"}],"replies":[{"embeddable":true,"href":"https:\/\/vasasbasket.hu\/index.php\/wp-json\/wp\/v2\/comments?post=5891"}],"version-history":[{"count":1,"href":"https:\/\/vasasbasket.hu\/index.php\/wp-json\/wp\/v2\/posts\/5891\/revisions"}],"predecessor-version":[{"id":5893,"href":"https:\/\/vasasbasket.hu\/index.php\/wp-json\/wp\/v2\/posts\/5891\/revisions\/5893"}],"wp:featuredmedia":[{"embeddable":true,"href":"https:\/\/vasasbasket.hu\/index.php\/wp-json\/wp\/v2\/media\/5892"}],"wp:attachment":[{"href":"https:\/\/vasasbasket.hu\/index.php\/wp-json\/wp\/v2\/media?parent=5891"}],"wp:term":[{"taxonomy":"category","embeddable":true,"href":"https:\/\/vasasbasket.hu\/index.php\/wp-json\/wp\/v2\/categories?post=5891"},{"taxonomy":"post_tag","embeddable":true,"href":"https:\/\/vasasbasket.hu\/index.php\/wp-json\/wp\/v2\/tags?post=5891"}],"curies":[{"name":"wp","href":"https:\/\/api.w.org\/{rel}","templated":true}]}}