{"id":5832,"date":"2019-08-01T15:09:09","date_gmt":"2019-08-01T15:09:09","guid":{"rendered":"http:\/\/vasasbasket.hu\/?p=5832"},"modified":"2019-08-01T15:09:09","modified_gmt":"2019-08-01T15:09:09","slug":"eyof-ezustermes-lett-az-u16-noi-valogatott-harom-vasas-jatekos-a-csapatban","status":"publish","type":"post","link":"https:\/\/vasasbasket.hu\/index.php\/eyof-ezustermes-lett-az-u16-noi-valogatott-harom-vasas-jatekos-a-csapatban\/","title":{"rendered":"EYOF ez\u00fcst\u00e9rmes lett az U16 n\u0151i v\u00e1logatott &#8211; h\u00e1rom Vasas j\u00e1t\u00e9kos a csapatban"},"content":{"rendered":"<p><strong>J\u00falius 21-27 k\u00f6z\u00f6tt rendezt\u00e9k Bakuban a 15. ny\u00e1ri Eur\u00f3pai Ifj\u00fas\u00e1gi Olimpiai Fesztiv\u00e1lt, amelyen az U16-os n\u0151i kos\u00e1rlabda v\u00e1logatott ez\u00fcst\u00e9rmet szerzett. A Vasas Akad\u00e9mia t\u00f6bb fronton is k\u00e9pviselte mag\u00e1t a magyar csapatban. Kuncz Petra, Sitku Zsuzsanna \u00e9s D\u00fal Terka a p\u00e1ly\u00e1n j\u00e1t\u00e9kosk\u00e9nt, Igor Skocovski, a Vasas Akad\u00e9mia edz\u0151je pedig a v\u00e1logatott sz\u00f6vets\u00e9gi kapit\u00e1nyak\u00e9nt volt jelen az \u00f6tkarik\u00e1s j\u00e1t\u00e9kokon. A magyar v\u00e1logatott ez\u00fcst\u00e9remmel t\u00e9rhetett haza Azerbajdzs\u00e1nb\u00f3l.<\/strong><\/p>\n<p><em>&#8222;Az EYOF egy olyan torna volt a sz\u00e1munkra, ahol ki szerett\u00fcnk volna pr\u00f3b\u00e1lni t\u00f6bb vari\u00e1ci\u00f3t csapatszinten. K\u00edv\u00e1ncsiak voltunk, hogyan fogunk reag\u00e1lni egyes szitu\u00e1ci\u00f3kban, valamint, hogy az ide\u00e1ig tervezett j\u00e1t\u00e9kunk hogyan m\u0171k\u00f6dik. Minden amit tervezt\u00fcnk, j\u00f3l siker\u00fclt, \u00e9s l\u00e1ttuk azt, mire kell m\u00e9g jobban figyelni, \u00e9s ezen fogunk csiszolni a k\u00f6vetkez\u0151 felk\u00e9sz\u00fcl\u00e9sben az Eb el\u0151tt. \u00d6sszesen nyolc csapat \u00e9rkezett, melyeket k\u00e9t csoportra bontottak. Csoporton bel\u00fcl k\u00e9t gy\u0151zelem mellett egy veres\u00e9get is szenvedt\u00fcnk, ami a m\u00e1sodik helyet eredm\u00e9nyezte. Az el\u0151d\u00f6nt\u0151ben azzal az Oroszorsz\u00e1ggal j\u00e1tszottunk, amely a m\u00e1sik csoportban h\u00e1rom gy\u0151zelemmel csoportels\u0151k\u00e9nt z\u00e1rt. Egy izgalmas m\u00e9rk\u0151z\u00e9sen siker\u00fclt gy\u0151zni, \u00e9s d\u00f6nt\u0151be jutni, ahol a franci\u00e1k v\u00e1rtak r\u00e1nk.&#8221;<\/em><\/p>\n<figure id=\"attachment_5834\" aria-describedby=\"caption-attachment-5834\" style=\"width: 600px\" class=\"wp-caption aligncenter\"><img loading=\"lazy\" decoding=\"async\" class=\" wp-image-5834\" src=\"http:\/\/vasasbasket.hu\/wp-content\/uploads\/2019\/08\/00523_1_690x448t0_ic.jpg\" alt=\"Forr\u00e1s: MOB\/Szalm\u00e1s P\u00e9ter\" width=\"600\" height=\"389\" srcset=\"https:\/\/vasasbasket.hu\/wp-content\/uploads\/2019\/08\/00523_1_690x448t0_ic.jpg 690w, https:\/\/vasasbasket.hu\/wp-content\/uploads\/2019\/08\/00523_1_690x448t0_ic-570x369.jpg 570w, https:\/\/vasasbasket.hu\/wp-content\/uploads\/2019\/08\/00523_1_690x448t0_ic-440x285.jpg 440w, https:\/\/vasasbasket.hu\/wp-content\/uploads\/2019\/08\/00523_1_690x448t0_ic-300x194.jpg 300w, https:\/\/vasasbasket.hu\/wp-content\/uploads\/2019\/08\/00523_1_690x448t0_ic-128x83.jpg 128w, https:\/\/vasasbasket.hu\/wp-content\/uploads\/2019\/08\/00523_1_690x448t0_ic-32x21.jpg 32w, https:\/\/vasasbasket.hu\/wp-content\/uploads\/2019\/08\/00523_1_690x448t0_ic-98x63.jpg 98w\" sizes=\"auto, (max-width: 600px) 100vw, 600px\" \/><figcaption id=\"caption-attachment-5834\" class=\"wp-caption-text\"><span style=\"color: #999999;\">Forr\u00e1s: MOB\/Szalm\u00e1s P\u00e9ter<\/span><\/figcaption><\/figure>\n<p><em>&#8222;K\u00f6zel voltunk itt is a meglepet\u00e9shez, \u00e1m v\u00e9g\u00fcl nem mi \u00f6r\u00fclhett\u00fcnk. Nagyon sikeres volt ez a torna nek\u00fcnk, \u00e9s b\u00fcszk\u00e9k vagyunk arra, ahogy a csapat m\u0171k\u00f6d\u00f6tt. Baku egy nagyon \u00e9rdekes v\u00e1ros, a szervez\u00e9s nem \u00e9pp olyan volt, amilyet megszoktunk egy-egy Eb-n, de sikeresen t\u00fal vagyunk rajta. Ki kell azonban hangs\u00falyozni, hogy mindenki nagyon kedves \u00e9s seg\u00edt\u0151k\u00e9sz volt. Egy pozit\u00edv eml\u00e9kk\u00e9nt marad meg benn\u00fcnk ez a torna, amely sokat seg\u00edtett abban, hogy a csapatj\u00e1t\u00e9kunk fejl\u0151dj\u00f6n. Egy r\u00f6vid pihen\u0151 ut\u00e1n, augusztus 4.-\u00e9n ism\u00e9t Sz\u00e9kesfeh\u00e9rv\u00e1rra k\u00f6lt\u00f6z\u00fcnk, ahol folytat\u00f3dik a felk\u00e9sz\u00fcl\u00e9s az Eb-re, r\u00e1ad\u00e1sul k\u00e9t felk\u00e9sz\u00fcl\u00e9si meccs is v\u00e1r minket Czehorsz\u00e1g ellen&#8221;<\/em> &#8211; mondta Igor Skocovski, az U16-os v\u00e1logatott sz\u00f6vets\u00e9gi kapit\u00e1nya, valamint a Vasas Akad\u00e9mia edz\u0151je.<\/p>\n","protected":false},"excerpt":{"rendered":"<p>J\u00falius 21-27 k\u00f6z\u00f6tt rendezt\u00e9k Bakuban a 15. ny\u00e1ri Eur\u00f3pai Ifj\u00fas\u00e1gi Olimpiai Fesztiv\u00e1lt, amelyen az U16-os n\u0151i kos\u00e1rlabda v\u00e1logatott ez\u00fcst\u00e9rmet szerzett. A Vasas Akad\u00e9mia t\u00f6bb fronton is k\u00e9pviselte mag\u00e1t a magyar csapatban. Kuncz Petra, Sitku Zsuzsanna \u00e9s D\u00fal Terka a p\u00e1ly\u00e1n j\u00e1t\u00e9kosk\u00e9nt, Igor Skocovski, a Vasas Akad\u00e9mia edz\u0151je pedig a v\u00e1logatott sz\u00f6vets\u00e9gi kapit\u00e1nyak\u00e9nt volt jelen az&#8230;<\/p>\n","protected":false},"author":1,"featured_media":5836,"comment_status":"closed","ping_status":"open","sticky":false,"template":"","format":"standard","meta":{"footnotes":""},"categories":[91,92],"tags":[],"class_list":["post-5832","post","type-post","status-publish","format-standard","has-post-thumbnail","hentry","category-vasas","category-hirek"],"yoast_head":"<!-- This site is optimized with the Yoast SEO plugin v26.0 - https:\/\/yoast.com\/wordpress\/plugins\/seo\/ -->\n<title>EYOF ez\u00fcst\u00e9rmes lett az U16 n\u0151i v\u00e1logatott - h\u00e1rom Vasas j\u00e1t\u00e9kos a csapatban - Vasas n\u0151i kos\u00e1rlabda<\/title>\n<meta name=\"robots\" content=\"index, follow, max-snippet:-1, max-image-preview:large, max-video-preview:-1\" \/>\n<link rel=\"canonical\" href=\"https:\/\/vasasbasket.hu\/index.php\/eyof-ezustermes-lett-az-u16-noi-valogatott-harom-vasas-jatekos-a-csapatban\/\" \/>\n<meta property=\"og:locale\" content=\"hu_HU\" \/>\n<meta property=\"og:type\" content=\"article\" \/>\n<meta property=\"og:title\" content=\"EYOF ez\u00fcst\u00e9rmes lett az U16 n\u0151i v\u00e1logatott - h\u00e1rom Vasas j\u00e1t\u00e9kos a csapatban - Vasas n\u0151i kos\u00e1rlabda\" \/>\n<meta property=\"og:description\" content=\"J\u00falius 21-27 k\u00f6z\u00f6tt rendezt\u00e9k Bakuban a 15. ny\u00e1ri Eur\u00f3pai Ifj\u00fas\u00e1gi Olimpiai Fesztiv\u00e1lt, amelyen az U16-os n\u0151i kos\u00e1rlabda v\u00e1logatott ez\u00fcst\u00e9rmet szerzett. A Vasas Akad\u00e9mia t\u00f6bb fronton is k\u00e9pviselte mag\u00e1t a magyar csapatban. Kuncz Petra, Sitku Zsuzsanna \u00e9s D\u00fal Terka a p\u00e1ly\u00e1n j\u00e1t\u00e9kosk\u00e9nt, Igor Skocovski, a Vasas Akad\u00e9mia edz\u0151je pedig a v\u00e1logatott sz\u00f6vets\u00e9gi kapit\u00e1nyak\u00e9nt volt jelen az...\" \/>\n<meta property=\"og:url\" content=\"https:\/\/vasasbasket.hu\/index.php\/eyof-ezustermes-lett-az-u16-noi-valogatott-harom-vasas-jatekos-a-csapatban\/\" \/>\n<meta property=\"og:site_name\" content=\"Vasas n\u0151i kos\u00e1rlabda\" \/>\n<meta property=\"article:publisher\" content=\"https:\/\/www.facebook.com\/vasaswbasket\/\" \/>\n<meta property=\"article:published_time\" content=\"2019-08-01T15:09:09+00:00\" \/>\n<meta property=\"og:image\" content=\"https:\/\/vasasbasket.hu\/wp-content\/uploads\/2019\/08\/MOB-Szalm\u00e1s-P\u00e9ter.jpg\" \/>\n\t<meta property=\"og:image:width\" content=\"1765\" \/>\n\t<meta property=\"og:image:height\" content=\"1173\" \/>\n\t<meta property=\"og:image:type\" content=\"image\/jpeg\" \/>\n<meta name=\"author\" content=\"admin\" \/>\n<meta name=\"twitter:card\" content=\"summary_large_image\" \/>\n<meta name=\"twitter:label1\" content=\"Szerz\u0151:\" \/>\n\t<meta name=\"twitter:data1\" content=\"admin\" \/>\n\t<meta name=\"twitter:label2\" content=\"Becs\u00fclt olvas\u00e1si id\u0151\" \/>\n\t<meta name=\"twitter:data2\" content=\"2 perc\" \/>\n<script type=\"application\/ld+json\" class=\"yoast-schema-graph\">{\"@context\":\"https:\/\/schema.org\",\"@graph\":[{\"@type\":\"Article\",\"@id\":\"https:\/\/vasasbasket.hu\/index.php\/eyof-ezustermes-lett-az-u16-noi-valogatott-harom-vasas-jatekos-a-csapatban\/#article\",\"isPartOf\":{\"@id\":\"https:\/\/vasasbasket.hu\/index.php\/eyof-ezustermes-lett-az-u16-noi-valogatott-harom-vasas-jatekos-a-csapatban\/\"},\"author\":{\"name\":\"admin\",\"@id\":\"https:\/\/vasasbasket.hu\/#\/schema\/person\/f1085f4d2c6582d8d0f977e92de2edee\"},\"headline\":\"EYOF ez\u00fcst\u00e9rmes lett az U16 n\u0151i v\u00e1logatott &#8211; h\u00e1rom Vasas j\u00e1t\u00e9kos a csapatban\",\"datePublished\":\"2019-08-01T15:09:09+00:00\",\"mainEntityOfPage\":{\"@id\":\"https:\/\/vasasbasket.hu\/index.php\/eyof-ezustermes-lett-az-u16-noi-valogatott-harom-vasas-jatekos-a-csapatban\/\"},\"wordCount\":466,\"publisher\":{\"@id\":\"https:\/\/vasasbasket.hu\/#organization\"},\"image\":{\"@id\":\"https:\/\/vasasbasket.hu\/index.php\/eyof-ezustermes-lett-az-u16-noi-valogatott-harom-vasas-jatekos-a-csapatban\/#primaryimage\"},\"thumbnailUrl\":\"https:\/\/vasasbasket.hu\/wp-content\/uploads\/2019\/08\/MOB-Szalm\u00e1s-P\u00e9ter.jpg\",\"articleSection\":[\"V\u00e1logatott H\u00edrek\",\"\u00d6sszes H\u00edr\"],\"inLanguage\":\"hu\"},{\"@type\":\"WebPage\",\"@id\":\"https:\/\/vasasbasket.hu\/index.php\/eyof-ezustermes-lett-az-u16-noi-valogatott-harom-vasas-jatekos-a-csapatban\/\",\"url\":\"https:\/\/vasasbasket.hu\/index.php\/eyof-ezustermes-lett-az-u16-noi-valogatott-harom-vasas-jatekos-a-csapatban\/\",\"name\":\"EYOF ez\u00fcst\u00e9rmes lett az U16 n\u0151i v\u00e1logatott - h\u00e1rom Vasas j\u00e1t\u00e9kos a csapatban - Vasas n\u0151i kos\u00e1rlabda\",\"isPartOf\":{\"@id\":\"https:\/\/vasasbasket.hu\/#website\"},\"primaryImageOfPage\":{\"@id\":\"https:\/\/vasasbasket.hu\/index.php\/eyof-ezustermes-lett-az-u16-noi-valogatott-harom-vasas-jatekos-a-csapatban\/#primaryimage\"},\"image\":{\"@id\":\"https:\/\/vasasbasket.hu\/index.php\/eyof-ezustermes-lett-az-u16-noi-valogatott-harom-vasas-jatekos-a-csapatban\/#primaryimage\"},\"thumbnailUrl\":\"https:\/\/vasasbasket.hu\/wp-content\/uploads\/2019\/08\/MOB-Szalm\u00e1s-P\u00e9ter.jpg\",\"datePublished\":\"2019-08-01T15:09:09+00:00\",\"breadcrumb\":{\"@id\":\"https:\/\/vasasbasket.hu\/index.php\/eyof-ezustermes-lett-az-u16-noi-valogatott-harom-vasas-jatekos-a-csapatban\/#breadcrumb\"},\"inLanguage\":\"hu\",\"potentialAction\":[{\"@type\":\"ReadAction\",\"target\":[\"https:\/\/vasasbasket.hu\/index.php\/eyof-ezustermes-lett-az-u16-noi-valogatott-harom-vasas-jatekos-a-csapatban\/\"]}]},{\"@type\":\"ImageObject\",\"inLanguage\":\"hu\",\"@id\":\"https:\/\/vasasbasket.hu\/index.php\/eyof-ezustermes-lett-az-u16-noi-valogatott-harom-vasas-jatekos-a-csapatban\/#primaryimage\",\"url\":\"https:\/\/vasasbasket.hu\/wp-content\/uploads\/2019\/08\/MOB-Szalm\u00e1s-P\u00e9ter.jpg\",\"contentUrl\":\"https:\/\/vasasbasket.hu\/wp-content\/uploads\/2019\/08\/MOB-Szalm\u00e1s-P\u00e9ter.jpg\",\"width\":1765,\"height\":1173,\"caption\":\"Forr\u00e1s: MOB\/Szalm\u00e1s P\u00e9ter\"},{\"@type\":\"BreadcrumbList\",\"@id\":\"https:\/\/vasasbasket.hu\/index.php\/eyof-ezustermes-lett-az-u16-noi-valogatott-harom-vasas-jatekos-a-csapatban\/#breadcrumb\",\"itemListElement\":[{\"@type\":\"ListItem\",\"position\":1,\"name\":\"Kezd\u0151lap\",\"item\":\"https:\/\/vasasbasket.hu\/\"},{\"@type\":\"ListItem\",\"position\":2,\"name\":\"EYOF ez\u00fcst\u00e9rmes lett az U16 n\u0151i v\u00e1logatott &#8211; h\u00e1rom Vasas j\u00e1t\u00e9kos a csapatban\"}]},{\"@type\":\"WebSite\",\"@id\":\"https:\/\/vasasbasket.hu\/#website\",\"url\":\"https:\/\/vasasbasket.hu\/\",\"name\":\"Vasas n\u0151i kos\u00e1rlabda\",\"description\":\"Vasas Basket N\u0151i\",\"publisher\":{\"@id\":\"https:\/\/vasasbasket.hu\/#organization\"},\"potentialAction\":[{\"@type\":\"SearchAction\",\"target\":{\"@type\":\"EntryPoint\",\"urlTemplate\":\"https:\/\/vasasbasket.hu\/?s={search_term_string}\"},\"query-input\":{\"@type\":\"PropertyValueSpecification\",\"valueRequired\":true,\"valueName\":\"search_term_string\"}}],\"inLanguage\":\"hu\"},{\"@type\":\"Organization\",\"@id\":\"https:\/\/vasasbasket.hu\/#organization\",\"name\":\"Vasas n\u0151i kos\u00e1rlabda\",\"url\":\"https:\/\/vasasbasket.hu\/\",\"logo\":{\"@type\":\"ImageObject\",\"inLanguage\":\"hu\",\"@id\":\"https:\/\/vasasbasket.hu\/#\/schema\/logo\/image\/\",\"url\":\"https:\/\/vasasbasket.hu\/wp-content\/uploads\/2017\/03\/vasas_cimer_1200.jpg\",\"contentUrl\":\"https:\/\/vasasbasket.hu\/wp-content\/uploads\/2017\/03\/vasas_cimer_1200.jpg\",\"width\":1200,\"height\":1200,\"caption\":\"Vasas n\u0151i kos\u00e1rlabda\"},\"image\":{\"@id\":\"https:\/\/vasasbasket.hu\/#\/schema\/logo\/image\/\"},\"sameAs\":[\"https:\/\/www.facebook.com\/vasaswbasket\/\"]},{\"@type\":\"Person\",\"@id\":\"https:\/\/vasasbasket.hu\/#\/schema\/person\/f1085f4d2c6582d8d0f977e92de2edee\",\"name\":\"admin\",\"image\":{\"@type\":\"ImageObject\",\"inLanguage\":\"hu\",\"@id\":\"https:\/\/vasasbasket.hu\/#\/schema\/person\/image\/\",\"url\":\"https:\/\/secure.gravatar.com\/avatar\/645c92f7d9cfe02bd93ce2d1cfa11cd3a268bdfe65486552ff04b193cea07634?s=96&d=mm&r=g\",\"contentUrl\":\"https:\/\/secure.gravatar.com\/avatar\/645c92f7d9cfe02bd93ce2d1cfa11cd3a268bdfe65486552ff04b193cea07634?s=96&d=mm&r=g\",\"caption\":\"admin\"},\"url\":\"https:\/\/vasasbasket.hu\/index.php\/author\/admin\/\"}]}<\/script>\n<!-- \/ Yoast SEO plugin. -->","yoast_head_json":{"title":"EYOF ez\u00fcst\u00e9rmes lett az U16 n\u0151i v\u00e1logatott - h\u00e1rom Vasas j\u00e1t\u00e9kos a csapatban - Vasas n\u0151i kos\u00e1rlabda","robots":{"index":"index","follow":"follow","max-snippet":"max-snippet:-1","max-image-preview":"max-image-preview:large","max-video-preview":"max-video-preview:-1"},"canonical":"https:\/\/vasasbasket.hu\/index.php\/eyof-ezustermes-lett-az-u16-noi-valogatott-harom-vasas-jatekos-a-csapatban\/","og_locale":"hu_HU","og_type":"article","og_title":"EYOF ez\u00fcst\u00e9rmes lett az U16 n\u0151i v\u00e1logatott - h\u00e1rom Vasas j\u00e1t\u00e9kos a csapatban - Vasas n\u0151i kos\u00e1rlabda","og_description":"J\u00falius 21-27 k\u00f6z\u00f6tt rendezt\u00e9k Bakuban a 15. ny\u00e1ri Eur\u00f3pai Ifj\u00fas\u00e1gi Olimpiai Fesztiv\u00e1lt, amelyen az U16-os n\u0151i kos\u00e1rlabda v\u00e1logatott ez\u00fcst\u00e9rmet szerzett. A Vasas Akad\u00e9mia t\u00f6bb fronton is k\u00e9pviselte mag\u00e1t a magyar csapatban. Kuncz Petra, Sitku Zsuzsanna \u00e9s D\u00fal Terka a p\u00e1ly\u00e1n j\u00e1t\u00e9kosk\u00e9nt, Igor Skocovski, a Vasas Akad\u00e9mia edz\u0151je pedig a v\u00e1logatott sz\u00f6vets\u00e9gi kapit\u00e1nyak\u00e9nt volt jelen az...","og_url":"https:\/\/vasasbasket.hu\/index.php\/eyof-ezustermes-lett-az-u16-noi-valogatott-harom-vasas-jatekos-a-csapatban\/","og_site_name":"Vasas n\u0151i kos\u00e1rlabda","article_publisher":"https:\/\/www.facebook.com\/vasaswbasket\/","article_published_time":"2019-08-01T15:09:09+00:00","og_image":[{"width":1765,"height":1173,"url":"https:\/\/vasasbasket.hu\/wp-content\/uploads\/2019\/08\/MOB-Szalm\u00e1s-P\u00e9ter.jpg","type":"image\/jpeg"}],"author":"admin","twitter_card":"summary_large_image","twitter_misc":{"Szerz\u0151:":"admin","Becs\u00fclt olvas\u00e1si id\u0151":"2 perc"},"schema":{"@context":"https:\/\/schema.org","@graph":[{"@type":"Article","@id":"https:\/\/vasasbasket.hu\/index.php\/eyof-ezustermes-lett-az-u16-noi-valogatott-harom-vasas-jatekos-a-csapatban\/#article","isPartOf":{"@id":"https:\/\/vasasbasket.hu\/index.php\/eyof-ezustermes-lett-az-u16-noi-valogatott-harom-vasas-jatekos-a-csapatban\/"},"author":{"name":"admin","@id":"https:\/\/vasasbasket.hu\/#\/schema\/person\/f1085f4d2c6582d8d0f977e92de2edee"},"headline":"EYOF ez\u00fcst\u00e9rmes lett az U16 n\u0151i v\u00e1logatott &#8211; h\u00e1rom Vasas j\u00e1t\u00e9kos a csapatban","datePublished":"2019-08-01T15:09:09+00:00","mainEntityOfPage":{"@id":"https:\/\/vasasbasket.hu\/index.php\/eyof-ezustermes-lett-az-u16-noi-valogatott-harom-vasas-jatekos-a-csapatban\/"},"wordCount":466,"publisher":{"@id":"https:\/\/vasasbasket.hu\/#organization"},"image":{"@id":"https:\/\/vasasbasket.hu\/index.php\/eyof-ezustermes-lett-az-u16-noi-valogatott-harom-vasas-jatekos-a-csapatban\/#primaryimage"},"thumbnailUrl":"https:\/\/vasasbasket.hu\/wp-content\/uploads\/2019\/08\/MOB-Szalm\u00e1s-P\u00e9ter.jpg","articleSection":["V\u00e1logatott H\u00edrek","\u00d6sszes H\u00edr"],"inLanguage":"hu"},{"@type":"WebPage","@id":"https:\/\/vasasbasket.hu\/index.php\/eyof-ezustermes-lett-az-u16-noi-valogatott-harom-vasas-jatekos-a-csapatban\/","url":"https:\/\/vasasbasket.hu\/index.php\/eyof-ezustermes-lett-az-u16-noi-valogatott-harom-vasas-jatekos-a-csapatban\/","name":"EYOF ez\u00fcst\u00e9rmes lett az U16 n\u0151i v\u00e1logatott - h\u00e1rom Vasas j\u00e1t\u00e9kos a csapatban - Vasas n\u0151i kos\u00e1rlabda","isPartOf":{"@id":"https:\/\/vasasbasket.hu\/#website"},"primaryImageOfPage":{"@id":"https:\/\/vasasbasket.hu\/index.php\/eyof-ezustermes-lett-az-u16-noi-valogatott-harom-vasas-jatekos-a-csapatban\/#primaryimage"},"image":{"@id":"https:\/\/vasasbasket.hu\/index.php\/eyof-ezustermes-lett-az-u16-noi-valogatott-harom-vasas-jatekos-a-csapatban\/#primaryimage"},"thumbnailUrl":"https:\/\/vasasbasket.hu\/wp-content\/uploads\/2019\/08\/MOB-Szalm\u00e1s-P\u00e9ter.jpg","datePublished":"2019-08-01T15:09:09+00:00","breadcrumb":{"@id":"https:\/\/vasasbasket.hu\/index.php\/eyof-ezustermes-lett-az-u16-noi-valogatott-harom-vasas-jatekos-a-csapatban\/#breadcrumb"},"inLanguage":"hu","potentialAction":[{"@type":"ReadAction","target":["https:\/\/vasasbasket.hu\/index.php\/eyof-ezustermes-lett-az-u16-noi-valogatott-harom-vasas-jatekos-a-csapatban\/"]}]},{"@type":"ImageObject","inLanguage":"hu","@id":"https:\/\/vasasbasket.hu\/index.php\/eyof-ezustermes-lett-az-u16-noi-valogatott-harom-vasas-jatekos-a-csapatban\/#primaryimage","url":"https:\/\/vasasbasket.hu\/wp-content\/uploads\/2019\/08\/MOB-Szalm\u00e1s-P\u00e9ter.jpg","contentUrl":"https:\/\/vasasbasket.hu\/wp-content\/uploads\/2019\/08\/MOB-Szalm\u00e1s-P\u00e9ter.jpg","width":1765,"height":1173,"caption":"Forr\u00e1s: MOB\/Szalm\u00e1s P\u00e9ter"},{"@type":"BreadcrumbList","@id":"https:\/\/vasasbasket.hu\/index.php\/eyof-ezustermes-lett-az-u16-noi-valogatott-harom-vasas-jatekos-a-csapatban\/#breadcrumb","itemListElement":[{"@type":"ListItem","position":1,"name":"Kezd\u0151lap","item":"https:\/\/vasasbasket.hu\/"},{"@type":"ListItem","position":2,"name":"EYOF ez\u00fcst\u00e9rmes lett az U16 n\u0151i v\u00e1logatott &#8211; h\u00e1rom Vasas j\u00e1t\u00e9kos a csapatban"}]},{"@type":"WebSite","@id":"https:\/\/vasasbasket.hu\/#website","url":"https:\/\/vasasbasket.hu\/","name":"Vasas n\u0151i kos\u00e1rlabda","description":"Vasas Basket N\u0151i","publisher":{"@id":"https:\/\/vasasbasket.hu\/#organization"},"potentialAction":[{"@type":"SearchAction","target":{"@type":"EntryPoint","urlTemplate":"https:\/\/vasasbasket.hu\/?s={search_term_string}"},"query-input":{"@type":"PropertyValueSpecification","valueRequired":true,"valueName":"search_term_string"}}],"inLanguage":"hu"},{"@type":"Organization","@id":"https:\/\/vasasbasket.hu\/#organization","name":"Vasas n\u0151i kos\u00e1rlabda","url":"https:\/\/vasasbasket.hu\/","logo":{"@type":"ImageObject","inLanguage":"hu","@id":"https:\/\/vasasbasket.hu\/#\/schema\/logo\/image\/","url":"https:\/\/vasasbasket.hu\/wp-content\/uploads\/2017\/03\/vasas_cimer_1200.jpg","contentUrl":"https:\/\/vasasbasket.hu\/wp-content\/uploads\/2017\/03\/vasas_cimer_1200.jpg","width":1200,"height":1200,"caption":"Vasas n\u0151i kos\u00e1rlabda"},"image":{"@id":"https:\/\/vasasbasket.hu\/#\/schema\/logo\/image\/"},"sameAs":["https:\/\/www.facebook.com\/vasaswbasket\/"]},{"@type":"Person","@id":"https:\/\/vasasbasket.hu\/#\/schema\/person\/f1085f4d2c6582d8d0f977e92de2edee","name":"admin","image":{"@type":"ImageObject","inLanguage":"hu","@id":"https:\/\/vasasbasket.hu\/#\/schema\/person\/image\/","url":"https:\/\/secure.gravatar.com\/avatar\/645c92f7d9cfe02bd93ce2d1cfa11cd3a268bdfe65486552ff04b193cea07634?s=96&d=mm&r=g","contentUrl":"https:\/\/secure.gravatar.com\/avatar\/645c92f7d9cfe02bd93ce2d1cfa11cd3a268bdfe65486552ff04b193cea07634?s=96&d=mm&r=g","caption":"admin"},"url":"https:\/\/vasasbasket.hu\/index.php\/author\/admin\/"}]}},"_links":{"self":[{"href":"https:\/\/vasasbasket.hu\/index.php\/wp-json\/wp\/v2\/posts\/5832","targetHints":{"allow":["GET"]}}],"collection":[{"href":"https:\/\/vasasbasket.hu\/index.php\/wp-json\/wp\/v2\/posts"}],"about":[{"href":"https:\/\/vasasbasket.hu\/index.php\/wp-json\/wp\/v2\/types\/post"}],"author":[{"embeddable":true,"href":"https:\/\/vasasbasket.hu\/index.php\/wp-json\/wp\/v2\/users\/1"}],"replies":[{"embeddable":true,"href":"https:\/\/vasasbasket.hu\/index.php\/wp-json\/wp\/v2\/comments?post=5832"}],"version-history":[{"count":1,"href":"https:\/\/vasasbasket.hu\/index.php\/wp-json\/wp\/v2\/posts\/5832\/revisions"}],"predecessor-version":[{"id":5837,"href":"https:\/\/vasasbasket.hu\/index.php\/wp-json\/wp\/v2\/posts\/5832\/revisions\/5837"}],"wp:featuredmedia":[{"embeddable":true,"href":"https:\/\/vasasbasket.hu\/index.php\/wp-json\/wp\/v2\/media\/5836"}],"wp:attachment":[{"href":"https:\/\/vasasbasket.hu\/index.php\/wp-json\/wp\/v2\/media?parent=5832"}],"wp:term":[{"taxonomy":"category","embeddable":true,"href":"https:\/\/vasasbasket.hu\/index.php\/wp-json\/wp\/v2\/categories?post=5832"},{"taxonomy":"post_tag","embeddable":true,"href":"https:\/\/vasasbasket.hu\/index.php\/wp-json\/wp\/v2\/tags?post=5832"}],"curies":[{"name":"wp","href":"https:\/\/api.w.org\/{rel}","templated":true}]}}