{"id":5751,"date":"2019-05-26T10:19:23","date_gmt":"2019-05-26T10:19:23","guid":{"rendered":"http:\/\/vasasbasket.hu\/?p=5751"},"modified":"2019-05-26T10:20:06","modified_gmt":"2019-05-26T10:20:06","slug":"utra-kelt-az-u18-as-3x3-valogatott-hamarosan-irany-mongolia","status":"publish","type":"post","link":"https:\/\/vasasbasket.hu\/index.php\/utra-kelt-az-u18-as-3x3-valogatott-hamarosan-irany-mongolia\/","title":{"rendered":"\u00datra kelt az U18-as 3&#215;3 v\u00e1logatott, hamarosan ir\u00e1ny Mong\u00f3lia"},"content":{"rendered":"<p><strong>Vil\u00e1gbajnoks\u00e1gra k\u00e9sz\u00fcl az U18-as 3&#215;3 n\u0151i v\u00e1logatott, a lengyelorsz\u00e1gi felk\u00e9sz\u00fcl\u00e9si torna alatt F\u00f6ldi Attil\u00e1val, a v\u00e1logatott mester\u00e9vel besz\u00e9lgett\u00fcnk a kil\u00e1t\u00e1sokr\u00f3l, valamint a Vasas Akad\u00e9mia helyzet\u00e9r\u0151l a 3&#215;3 v\u00e1logatottakban.<\/strong><\/p>\n<p>Az U18-as 3&#215;3 b\u0151 keretben h\u00e1rom Vasas Akad\u00e9mia j\u00e1t\u00e9kos is szerepet kapott, akik a felk\u00e9sz\u00fcl\u00e9s sor\u00e1n fontos emberei voltak a v\u00e1logatottnak. A vb-re utaz\u00f3 keret m\u00e1r Lengyelorsz\u00e1gban van, ahol felk\u00e9sz\u00fcl\u00e9si torn\u00e1t j\u00e1tszanak a mong\u00f3liai utaz\u00e1s el\u0151tt.<\/p>\n<p><em>\u201eLengyelorsz\u00e1gban vagyunk felk\u00e9sz\u00fcl\u00e9si torn\u00e1n, ahol a vb egyik csoportriv\u00e1lis\u00e1val, Lengyelorsz\u00e1ggal, \u00e9s m\u00e1s nemzetekkel j\u00e1tszunk egy torn\u00e1t a hamarosan indul\u00f3 vb el\u0151tt. \u00c9v k\u00f6zben rengeteg v\u00e1ltoz\u00e1s volt a keretben, szinte az utols\u00f3 pillanatban is volt v\u00e1ltoz\u00e1s a kerettel kapcsolatban, \u00e1m a h\u00e1rom Vasas Akad\u00e9mia j\u00e1t\u00e9kos, Altmann Anna, Mudra Viola, Szerencs\u00e9s Tamara v\u00e9gig meghat\u00e1roz\u00f3 szerepl\u0151je volt a b\u0151 keretnek. Igyeksz\u00fcnk minden j\u00e1t\u00e9kosunk fel\u00e9 minden akad\u00e1lyt elg\u00f6rgetni a v\u00e1logatott szerepl\u00e9s \u00e9rdek\u00e9ben, hiszen b\u00fcszk\u00e9k vagyunk azokra, akik eljutnak a legmagasabb szintre. A h\u00e1rom Vasasos k\u00f6z\u00fcl Szerencs\u00e9s Tamara az, aki beker\u00fclt az utaz\u00f3 keretbe Varga Eszter, D\u00e9nes Anna \u00e9s Schl\u00e9gl Odett mellett, \u00e1m lesz m\u00e9g Eb selejtez\u0151 \u00e9s maga az Eur\u00f3pa-bajnoks\u00e1g, \u00edgy azoknak is adott m\u00e9g a lehet\u0151s\u00e9g, akik jelenleg nem f\u00e9rtek bele a n\u00e9gy f\u0151s csapatba. B\u00fcszk\u00e9k lehet\u00fcnk azonban arra is, hogy nemcsak U18-ban k\u00e9pviselj\u00fck magunkat a 3&#215;3-as v\u00e1logatottban, hiszen az U23-ban Bach Bogl\u00e1rka \u00e9s T\u00f3th Orsolya, feln\u0151tbben pedig B\u00f6r\u00f6ndy Vivien is szerepet kapott. Volt szerencs\u00e9m megn\u00e9zni ezen keretek edz\u00e9seit, b\u00fcszk\u00e9n mondhatom, hogy l\u00e1nyink annyira j\u00f3l teljes\u00edtenek, hogy a feln\u0151tt v\u00e1logatottban is szerepet \u00e9rdemeln\u00e9nek\u201d &#8211; <\/em>mondta F\u00f6ldi Attila.<\/p>\n<p><strong>Hamarosan itt a vil\u00e1gbajnoks\u00e1g, \u00edgy adott a k\u00e9rd\u00e9s, mit v\u00e1rsz v\u00e1logatottunkt\u00f3l a vb-n?<\/strong><\/p>\n<p><em>\u201eSpekul\u00e1lni az\u00e9rt nagyon neh\u00e9z, mert nem ismerj\u00fck ellenfeleinket. Tudjuk, hogy kik a j\u00e1t\u00e9kosok, azonban nem l\u00e1ttuk \u0151ket j\u00e1tszani 3&#215;3-ban, mert nem is nagyon j\u00e1tszottak m\u00e9g egy\u00fctt, \u00edgy nincs komolyabb k\u00e9p\u00fcnk arr\u00f3l, hogy val\u00f3j\u00e1ban milyenek is az ellenfelek. Ennek ellen\u00e9re, amikor egy Amerikai Egyes\u00fclt \u00c1llamokkal \u00e9s egy Oroszorsz\u00e1ggal vagyunk egy csoportban, az nem aj\u00e1nd\u00e9k, hiszen ezek a csapatok soha nem j\u00f6nnek gyenge kerettel, emellett ott vannak a lengyelek, akiket nem lehet lebecs\u00fclni, valamint \u00daj-Z\u00e9land, aki szint\u00e9n mutatott m\u00e1r korrekt teljes\u00edtm\u00e9nyt ezeken a versenyeken, f\u0151leg f\u00e9rfi vonalon, de \u00e9ppens\u00e9ggel el\u0151fordulhat olyan is, hogy most a l\u00e1ny v\u00e1logatottjuk lesz kiemelked\u0151. Az biztos, hogy a mi\u00e9nk a \u201ehal\u00e1lcsoport\u201d, az is biztos, hogy alacsony szerkezettel utazunk, hiszen nem volt olyan magasember, akit magunkkal tudtunk volna vinni, hiszen mindenki 5-5 v\u00e1logatottban van. Megpr\u00f3b\u00e1ljuk odatenni magunkat, az biztos, hogy harcolni fogunk, \u00e9s megl\u00e1tjuk, hogy ez mire lesz el\u00e9g\u201d &#8211;\u00a0<\/em>mondta F\u00f6ldi Attila.<\/p>\n<p style=\"text-align: right;\"><span style=\"color: #808080;\"><em>Fot\u00f3: Facebook.com\/koszkadrapl<\/em><\/span><\/p>\n","protected":false},"excerpt":{"rendered":"<p>Vil\u00e1gbajnoks\u00e1gra k\u00e9sz\u00fcl az U18-as 3&#215;3 n\u0151i v\u00e1logatott, a lengyelorsz\u00e1gi felk\u00e9sz\u00fcl\u00e9si torna alatt F\u00f6ldi Attil\u00e1val, a v\u00e1logatott mester\u00e9vel besz\u00e9lgett\u00fcnk a kil\u00e1t\u00e1sokr\u00f3l, valamint a Vasas Akad\u00e9mia helyzet\u00e9r\u0151l a 3&#215;3 v\u00e1logatottakban. Az U18-as 3&#215;3 b\u0151 keretben h\u00e1rom Vasas Akad\u00e9mia j\u00e1t\u00e9kos is szerepet kapott, akik a felk\u00e9sz\u00fcl\u00e9s sor\u00e1n fontos emberei voltak a v\u00e1logatottnak. A vb-re utaz\u00f3 keret m\u00e1r Lengyelorsz\u00e1gban&#8230;<\/p>\n","protected":false},"author":1,"featured_media":5752,"comment_status":"closed","ping_status":"open","sticky":false,"template":"","format":"standard","meta":{"footnotes":""},"categories":[91,92],"tags":[],"class_list":["post-5751","post","type-post","status-publish","format-standard","has-post-thumbnail","hentry","category-vasas","category-hirek"],"yoast_head":"<!-- This site is optimized with the Yoast SEO plugin v26.0 - https:\/\/yoast.com\/wordpress\/plugins\/seo\/ -->\n<title>\u00datra kelt az U18-as 3x3 v\u00e1logatott, hamarosan ir\u00e1ny Mong\u00f3lia - Vasas n\u0151i kos\u00e1rlabda<\/title>\n<meta name=\"robots\" content=\"index, follow, max-snippet:-1, max-image-preview:large, max-video-preview:-1\" \/>\n<link rel=\"canonical\" href=\"https:\/\/vasasbasket.hu\/index.php\/utra-kelt-az-u18-as-3x3-valogatott-hamarosan-irany-mongolia\/\" \/>\n<meta property=\"og:locale\" content=\"hu_HU\" \/>\n<meta property=\"og:type\" content=\"article\" \/>\n<meta property=\"og:title\" content=\"\u00datra kelt az U18-as 3x3 v\u00e1logatott, hamarosan ir\u00e1ny Mong\u00f3lia - Vasas n\u0151i kos\u00e1rlabda\" \/>\n<meta property=\"og:description\" content=\"Vil\u00e1gbajnoks\u00e1gra k\u00e9sz\u00fcl az U18-as 3&#215;3 n\u0151i v\u00e1logatott, a lengyelorsz\u00e1gi felk\u00e9sz\u00fcl\u00e9si torna alatt F\u00f6ldi Attil\u00e1val, a v\u00e1logatott mester\u00e9vel besz\u00e9lgett\u00fcnk a kil\u00e1t\u00e1sokr\u00f3l, valamint a Vasas Akad\u00e9mia helyzet\u00e9r\u0151l a 3&#215;3 v\u00e1logatottakban. Az U18-as 3&#215;3 b\u0151 keretben h\u00e1rom Vasas Akad\u00e9mia j\u00e1t\u00e9kos is szerepet kapott, akik a felk\u00e9sz\u00fcl\u00e9s sor\u00e1n fontos emberei voltak a v\u00e1logatottnak. A vb-re utaz\u00f3 keret m\u00e1r Lengyelorsz\u00e1gban...\" \/>\n<meta property=\"og:url\" content=\"https:\/\/vasasbasket.hu\/index.php\/utra-kelt-az-u18-as-3x3-valogatott-hamarosan-irany-mongolia\/\" \/>\n<meta property=\"og:site_name\" content=\"Vasas n\u0151i kos\u00e1rlabda\" \/>\n<meta property=\"article:publisher\" content=\"https:\/\/www.facebook.com\/vasaswbasket\/\" \/>\n<meta property=\"article:published_time\" content=\"2019-05-26T10:19:23+00:00\" \/>\n<meta property=\"article:modified_time\" content=\"2019-05-26T10:20:06+00:00\" \/>\n<meta property=\"og:image\" content=\"https:\/\/vasasbasket.hu\/wp-content\/uploads\/2019\/05\/60828717_1871599802940289_2375327677323149312_o_1_690x530t0_ic.jpg\" \/>\n\t<meta property=\"og:image:width\" content=\"690\" \/>\n\t<meta property=\"og:image:height\" content=\"529\" \/>\n\t<meta property=\"og:image:type\" content=\"image\/jpeg\" \/>\n<meta name=\"author\" content=\"admin\" \/>\n<meta name=\"twitter:card\" content=\"summary_large_image\" \/>\n<meta name=\"twitter:label1\" content=\"Szerz\u0151:\" \/>\n\t<meta name=\"twitter:data1\" content=\"admin\" \/>\n\t<meta name=\"twitter:label2\" content=\"Becs\u00fclt olvas\u00e1si id\u0151\" \/>\n\t<meta name=\"twitter:data2\" content=\"3 perc\" \/>\n<script type=\"application\/ld+json\" class=\"yoast-schema-graph\">{\"@context\":\"https:\/\/schema.org\",\"@graph\":[{\"@type\":\"Article\",\"@id\":\"https:\/\/vasasbasket.hu\/index.php\/utra-kelt-az-u18-as-3x3-valogatott-hamarosan-irany-mongolia\/#article\",\"isPartOf\":{\"@id\":\"https:\/\/vasasbasket.hu\/index.php\/utra-kelt-az-u18-as-3x3-valogatott-hamarosan-irany-mongolia\/\"},\"author\":{\"name\":\"admin\",\"@id\":\"https:\/\/vasasbasket.hu\/#\/schema\/person\/f1085f4d2c6582d8d0f977e92de2edee\"},\"headline\":\"\u00datra kelt az U18-as 3&#215;3 v\u00e1logatott, hamarosan ir\u00e1ny Mong\u00f3lia\",\"datePublished\":\"2019-05-26T10:19:23+00:00\",\"dateModified\":\"2019-05-26T10:20:06+00:00\",\"mainEntityOfPage\":{\"@id\":\"https:\/\/vasasbasket.hu\/index.php\/utra-kelt-az-u18-as-3x3-valogatott-hamarosan-irany-mongolia\/\"},\"wordCount\":584,\"publisher\":{\"@id\":\"https:\/\/vasasbasket.hu\/#organization\"},\"image\":{\"@id\":\"https:\/\/vasasbasket.hu\/index.php\/utra-kelt-az-u18-as-3x3-valogatott-hamarosan-irany-mongolia\/#primaryimage\"},\"thumbnailUrl\":\"https:\/\/vasasbasket.hu\/wp-content\/uploads\/2019\/05\/60828717_1871599802940289_2375327677323149312_o_1_690x530t0_ic.jpg\",\"articleSection\":[\"V\u00e1logatott H\u00edrek\",\"\u00d6sszes H\u00edr\"],\"inLanguage\":\"hu\"},{\"@type\":\"WebPage\",\"@id\":\"https:\/\/vasasbasket.hu\/index.php\/utra-kelt-az-u18-as-3x3-valogatott-hamarosan-irany-mongolia\/\",\"url\":\"https:\/\/vasasbasket.hu\/index.php\/utra-kelt-az-u18-as-3x3-valogatott-hamarosan-irany-mongolia\/\",\"name\":\"\u00datra kelt az U18-as 3x3 v\u00e1logatott, hamarosan ir\u00e1ny Mong\u00f3lia - Vasas n\u0151i kos\u00e1rlabda\",\"isPartOf\":{\"@id\":\"https:\/\/vasasbasket.hu\/#website\"},\"primaryImageOfPage\":{\"@id\":\"https:\/\/vasasbasket.hu\/index.php\/utra-kelt-az-u18-as-3x3-valogatott-hamarosan-irany-mongolia\/#primaryimage\"},\"image\":{\"@id\":\"https:\/\/vasasbasket.hu\/index.php\/utra-kelt-az-u18-as-3x3-valogatott-hamarosan-irany-mongolia\/#primaryimage\"},\"thumbnailUrl\":\"https:\/\/vasasbasket.hu\/wp-content\/uploads\/2019\/05\/60828717_1871599802940289_2375327677323149312_o_1_690x530t0_ic.jpg\",\"datePublished\":\"2019-05-26T10:19:23+00:00\",\"dateModified\":\"2019-05-26T10:20:06+00:00\",\"breadcrumb\":{\"@id\":\"https:\/\/vasasbasket.hu\/index.php\/utra-kelt-az-u18-as-3x3-valogatott-hamarosan-irany-mongolia\/#breadcrumb\"},\"inLanguage\":\"hu\",\"potentialAction\":[{\"@type\":\"ReadAction\",\"target\":[\"https:\/\/vasasbasket.hu\/index.php\/utra-kelt-az-u18-as-3x3-valogatott-hamarosan-irany-mongolia\/\"]}]},{\"@type\":\"ImageObject\",\"inLanguage\":\"hu\",\"@id\":\"https:\/\/vasasbasket.hu\/index.php\/utra-kelt-az-u18-as-3x3-valogatott-hamarosan-irany-mongolia\/#primaryimage\",\"url\":\"https:\/\/vasasbasket.hu\/wp-content\/uploads\/2019\/05\/60828717_1871599802940289_2375327677323149312_o_1_690x530t0_ic.jpg\",\"contentUrl\":\"https:\/\/vasasbasket.hu\/wp-content\/uploads\/2019\/05\/60828717_1871599802940289_2375327677323149312_o_1_690x530t0_ic.jpg\",\"width\":690,\"height\":529},{\"@type\":\"BreadcrumbList\",\"@id\":\"https:\/\/vasasbasket.hu\/index.php\/utra-kelt-az-u18-as-3x3-valogatott-hamarosan-irany-mongolia\/#breadcrumb\",\"itemListElement\":[{\"@type\":\"ListItem\",\"position\":1,\"name\":\"Kezd\u0151lap\",\"item\":\"https:\/\/vasasbasket.hu\/\"},{\"@type\":\"ListItem\",\"position\":2,\"name\":\"\u00datra kelt az U18-as 3&#215;3 v\u00e1logatott, hamarosan ir\u00e1ny Mong\u00f3lia\"}]},{\"@type\":\"WebSite\",\"@id\":\"https:\/\/vasasbasket.hu\/#website\",\"url\":\"https:\/\/vasasbasket.hu\/\",\"name\":\"Vasas n\u0151i kos\u00e1rlabda\",\"description\":\"Vasas Basket N\u0151i\",\"publisher\":{\"@id\":\"https:\/\/vasasbasket.hu\/#organization\"},\"potentialAction\":[{\"@type\":\"SearchAction\",\"target\":{\"@type\":\"EntryPoint\",\"urlTemplate\":\"https:\/\/vasasbasket.hu\/?s={search_term_string}\"},\"query-input\":{\"@type\":\"PropertyValueSpecification\",\"valueRequired\":true,\"valueName\":\"search_term_string\"}}],\"inLanguage\":\"hu\"},{\"@type\":\"Organization\",\"@id\":\"https:\/\/vasasbasket.hu\/#organization\",\"name\":\"Vasas n\u0151i kos\u00e1rlabda\",\"url\":\"https:\/\/vasasbasket.hu\/\",\"logo\":{\"@type\":\"ImageObject\",\"inLanguage\":\"hu\",\"@id\":\"https:\/\/vasasbasket.hu\/#\/schema\/logo\/image\/\",\"url\":\"https:\/\/vasasbasket.hu\/wp-content\/uploads\/2017\/03\/vasas_cimer_1200.jpg\",\"contentUrl\":\"https:\/\/vasasbasket.hu\/wp-content\/uploads\/2017\/03\/vasas_cimer_1200.jpg\",\"width\":1200,\"height\":1200,\"caption\":\"Vasas n\u0151i kos\u00e1rlabda\"},\"image\":{\"@id\":\"https:\/\/vasasbasket.hu\/#\/schema\/logo\/image\/\"},\"sameAs\":[\"https:\/\/www.facebook.com\/vasaswbasket\/\"]},{\"@type\":\"Person\",\"@id\":\"https:\/\/vasasbasket.hu\/#\/schema\/person\/f1085f4d2c6582d8d0f977e92de2edee\",\"name\":\"admin\",\"image\":{\"@type\":\"ImageObject\",\"inLanguage\":\"hu\",\"@id\":\"https:\/\/vasasbasket.hu\/#\/schema\/person\/image\/\",\"url\":\"https:\/\/secure.gravatar.com\/avatar\/645c92f7d9cfe02bd93ce2d1cfa11cd3a268bdfe65486552ff04b193cea07634?s=96&d=mm&r=g\",\"contentUrl\":\"https:\/\/secure.gravatar.com\/avatar\/645c92f7d9cfe02bd93ce2d1cfa11cd3a268bdfe65486552ff04b193cea07634?s=96&d=mm&r=g\",\"caption\":\"admin\"},\"url\":\"https:\/\/vasasbasket.hu\/index.php\/author\/admin\/\"}]}<\/script>\n<!-- \/ Yoast SEO plugin. -->","yoast_head_json":{"title":"\u00datra kelt az U18-as 3x3 v\u00e1logatott, hamarosan ir\u00e1ny Mong\u00f3lia - Vasas n\u0151i kos\u00e1rlabda","robots":{"index":"index","follow":"follow","max-snippet":"max-snippet:-1","max-image-preview":"max-image-preview:large","max-video-preview":"max-video-preview:-1"},"canonical":"https:\/\/vasasbasket.hu\/index.php\/utra-kelt-az-u18-as-3x3-valogatott-hamarosan-irany-mongolia\/","og_locale":"hu_HU","og_type":"article","og_title":"\u00datra kelt az U18-as 3x3 v\u00e1logatott, hamarosan ir\u00e1ny Mong\u00f3lia - Vasas n\u0151i kos\u00e1rlabda","og_description":"Vil\u00e1gbajnoks\u00e1gra k\u00e9sz\u00fcl az U18-as 3&#215;3 n\u0151i v\u00e1logatott, a lengyelorsz\u00e1gi felk\u00e9sz\u00fcl\u00e9si torna alatt F\u00f6ldi Attil\u00e1val, a v\u00e1logatott mester\u00e9vel besz\u00e9lgett\u00fcnk a kil\u00e1t\u00e1sokr\u00f3l, valamint a Vasas Akad\u00e9mia helyzet\u00e9r\u0151l a 3&#215;3 v\u00e1logatottakban. Az U18-as 3&#215;3 b\u0151 keretben h\u00e1rom Vasas Akad\u00e9mia j\u00e1t\u00e9kos is szerepet kapott, akik a felk\u00e9sz\u00fcl\u00e9s sor\u00e1n fontos emberei voltak a v\u00e1logatottnak. A vb-re utaz\u00f3 keret m\u00e1r Lengyelorsz\u00e1gban...","og_url":"https:\/\/vasasbasket.hu\/index.php\/utra-kelt-az-u18-as-3x3-valogatott-hamarosan-irany-mongolia\/","og_site_name":"Vasas n\u0151i kos\u00e1rlabda","article_publisher":"https:\/\/www.facebook.com\/vasaswbasket\/","article_published_time":"2019-05-26T10:19:23+00:00","article_modified_time":"2019-05-26T10:20:06+00:00","og_image":[{"width":690,"height":529,"url":"https:\/\/vasasbasket.hu\/wp-content\/uploads\/2019\/05\/60828717_1871599802940289_2375327677323149312_o_1_690x530t0_ic.jpg","type":"image\/jpeg"}],"author":"admin","twitter_card":"summary_large_image","twitter_misc":{"Szerz\u0151:":"admin","Becs\u00fclt olvas\u00e1si id\u0151":"3 perc"},"schema":{"@context":"https:\/\/schema.org","@graph":[{"@type":"Article","@id":"https:\/\/vasasbasket.hu\/index.php\/utra-kelt-az-u18-as-3x3-valogatott-hamarosan-irany-mongolia\/#article","isPartOf":{"@id":"https:\/\/vasasbasket.hu\/index.php\/utra-kelt-az-u18-as-3x3-valogatott-hamarosan-irany-mongolia\/"},"author":{"name":"admin","@id":"https:\/\/vasasbasket.hu\/#\/schema\/person\/f1085f4d2c6582d8d0f977e92de2edee"},"headline":"\u00datra kelt az U18-as 3&#215;3 v\u00e1logatott, hamarosan ir\u00e1ny Mong\u00f3lia","datePublished":"2019-05-26T10:19:23+00:00","dateModified":"2019-05-26T10:20:06+00:00","mainEntityOfPage":{"@id":"https:\/\/vasasbasket.hu\/index.php\/utra-kelt-az-u18-as-3x3-valogatott-hamarosan-irany-mongolia\/"},"wordCount":584,"publisher":{"@id":"https:\/\/vasasbasket.hu\/#organization"},"image":{"@id":"https:\/\/vasasbasket.hu\/index.php\/utra-kelt-az-u18-as-3x3-valogatott-hamarosan-irany-mongolia\/#primaryimage"},"thumbnailUrl":"https:\/\/vasasbasket.hu\/wp-content\/uploads\/2019\/05\/60828717_1871599802940289_2375327677323149312_o_1_690x530t0_ic.jpg","articleSection":["V\u00e1logatott H\u00edrek","\u00d6sszes H\u00edr"],"inLanguage":"hu"},{"@type":"WebPage","@id":"https:\/\/vasasbasket.hu\/index.php\/utra-kelt-az-u18-as-3x3-valogatott-hamarosan-irany-mongolia\/","url":"https:\/\/vasasbasket.hu\/index.php\/utra-kelt-az-u18-as-3x3-valogatott-hamarosan-irany-mongolia\/","name":"\u00datra kelt az U18-as 3x3 v\u00e1logatott, hamarosan ir\u00e1ny Mong\u00f3lia - Vasas n\u0151i kos\u00e1rlabda","isPartOf":{"@id":"https:\/\/vasasbasket.hu\/#website"},"primaryImageOfPage":{"@id":"https:\/\/vasasbasket.hu\/index.php\/utra-kelt-az-u18-as-3x3-valogatott-hamarosan-irany-mongolia\/#primaryimage"},"image":{"@id":"https:\/\/vasasbasket.hu\/index.php\/utra-kelt-az-u18-as-3x3-valogatott-hamarosan-irany-mongolia\/#primaryimage"},"thumbnailUrl":"https:\/\/vasasbasket.hu\/wp-content\/uploads\/2019\/05\/60828717_1871599802940289_2375327677323149312_o_1_690x530t0_ic.jpg","datePublished":"2019-05-26T10:19:23+00:00","dateModified":"2019-05-26T10:20:06+00:00","breadcrumb":{"@id":"https:\/\/vasasbasket.hu\/index.php\/utra-kelt-az-u18-as-3x3-valogatott-hamarosan-irany-mongolia\/#breadcrumb"},"inLanguage":"hu","potentialAction":[{"@type":"ReadAction","target":["https:\/\/vasasbasket.hu\/index.php\/utra-kelt-az-u18-as-3x3-valogatott-hamarosan-irany-mongolia\/"]}]},{"@type":"ImageObject","inLanguage":"hu","@id":"https:\/\/vasasbasket.hu\/index.php\/utra-kelt-az-u18-as-3x3-valogatott-hamarosan-irany-mongolia\/#primaryimage","url":"https:\/\/vasasbasket.hu\/wp-content\/uploads\/2019\/05\/60828717_1871599802940289_2375327677323149312_o_1_690x530t0_ic.jpg","contentUrl":"https:\/\/vasasbasket.hu\/wp-content\/uploads\/2019\/05\/60828717_1871599802940289_2375327677323149312_o_1_690x530t0_ic.jpg","width":690,"height":529},{"@type":"BreadcrumbList","@id":"https:\/\/vasasbasket.hu\/index.php\/utra-kelt-az-u18-as-3x3-valogatott-hamarosan-irany-mongolia\/#breadcrumb","itemListElement":[{"@type":"ListItem","position":1,"name":"Kezd\u0151lap","item":"https:\/\/vasasbasket.hu\/"},{"@type":"ListItem","position":2,"name":"\u00datra kelt az U18-as 3&#215;3 v\u00e1logatott, hamarosan ir\u00e1ny Mong\u00f3lia"}]},{"@type":"WebSite","@id":"https:\/\/vasasbasket.hu\/#website","url":"https:\/\/vasasbasket.hu\/","name":"Vasas n\u0151i kos\u00e1rlabda","description":"Vasas Basket N\u0151i","publisher":{"@id":"https:\/\/vasasbasket.hu\/#organization"},"potentialAction":[{"@type":"SearchAction","target":{"@type":"EntryPoint","urlTemplate":"https:\/\/vasasbasket.hu\/?s={search_term_string}"},"query-input":{"@type":"PropertyValueSpecification","valueRequired":true,"valueName":"search_term_string"}}],"inLanguage":"hu"},{"@type":"Organization","@id":"https:\/\/vasasbasket.hu\/#organization","name":"Vasas n\u0151i kos\u00e1rlabda","url":"https:\/\/vasasbasket.hu\/","logo":{"@type":"ImageObject","inLanguage":"hu","@id":"https:\/\/vasasbasket.hu\/#\/schema\/logo\/image\/","url":"https:\/\/vasasbasket.hu\/wp-content\/uploads\/2017\/03\/vasas_cimer_1200.jpg","contentUrl":"https:\/\/vasasbasket.hu\/wp-content\/uploads\/2017\/03\/vasas_cimer_1200.jpg","width":1200,"height":1200,"caption":"Vasas n\u0151i kos\u00e1rlabda"},"image":{"@id":"https:\/\/vasasbasket.hu\/#\/schema\/logo\/image\/"},"sameAs":["https:\/\/www.facebook.com\/vasaswbasket\/"]},{"@type":"Person","@id":"https:\/\/vasasbasket.hu\/#\/schema\/person\/f1085f4d2c6582d8d0f977e92de2edee","name":"admin","image":{"@type":"ImageObject","inLanguage":"hu","@id":"https:\/\/vasasbasket.hu\/#\/schema\/person\/image\/","url":"https:\/\/secure.gravatar.com\/avatar\/645c92f7d9cfe02bd93ce2d1cfa11cd3a268bdfe65486552ff04b193cea07634?s=96&d=mm&r=g","contentUrl":"https:\/\/secure.gravatar.com\/avatar\/645c92f7d9cfe02bd93ce2d1cfa11cd3a268bdfe65486552ff04b193cea07634?s=96&d=mm&r=g","caption":"admin"},"url":"https:\/\/vasasbasket.hu\/index.php\/author\/admin\/"}]}},"_links":{"self":[{"href":"https:\/\/vasasbasket.hu\/index.php\/wp-json\/wp\/v2\/posts\/5751","targetHints":{"allow":["GET"]}}],"collection":[{"href":"https:\/\/vasasbasket.hu\/index.php\/wp-json\/wp\/v2\/posts"}],"about":[{"href":"https:\/\/vasasbasket.hu\/index.php\/wp-json\/wp\/v2\/types\/post"}],"author":[{"embeddable":true,"href":"https:\/\/vasasbasket.hu\/index.php\/wp-json\/wp\/v2\/users\/1"}],"replies":[{"embeddable":true,"href":"https:\/\/vasasbasket.hu\/index.php\/wp-json\/wp\/v2\/comments?post=5751"}],"version-history":[{"count":2,"href":"https:\/\/vasasbasket.hu\/index.php\/wp-json\/wp\/v2\/posts\/5751\/revisions"}],"predecessor-version":[{"id":5754,"href":"https:\/\/vasasbasket.hu\/index.php\/wp-json\/wp\/v2\/posts\/5751\/revisions\/5754"}],"wp:featuredmedia":[{"embeddable":true,"href":"https:\/\/vasasbasket.hu\/index.php\/wp-json\/wp\/v2\/media\/5752"}],"wp:attachment":[{"href":"https:\/\/vasasbasket.hu\/index.php\/wp-json\/wp\/v2\/media?parent=5751"}],"wp:term":[{"taxonomy":"category","embeddable":true,"href":"https:\/\/vasasbasket.hu\/index.php\/wp-json\/wp\/v2\/categories?post=5751"},{"taxonomy":"post_tag","embeddable":true,"href":"https:\/\/vasasbasket.hu\/index.php\/wp-json\/wp\/v2\/tags?post=5751"}],"curies":[{"name":"wp","href":"https:\/\/api.w.org\/{rel}","templated":true}]}}