{"id":5740,"date":"2019-05-23T15:00:38","date_gmt":"2019-05-23T15:00:38","guid":{"rendered":"http:\/\/vasasbasket.hu\/?p=5740"},"modified":"2019-05-23T15:00:38","modified_gmt":"2019-05-23T15:00:38","slug":"1-1-megvan-a-serdulok-elso-gyozelme-a-donton","status":"publish","type":"post","link":"https:\/\/vasasbasket.hu\/index.php\/1-1-megvan-a-serdulok-elso-gyozelme-a-donton\/","title":{"rendered":"1\/1 &#8211; megvan a serd\u00fcl\u0151k els\u0151 gy\u0151zelme a D\u00f6nt\u0151n"},"content":{"rendered":"<p><strong>A Vasas Akad\u00e9mia U14-es csapat\u00e1nak megsz\u00fcletett az els\u0151 gy\u0151zelme a Nemzeti Le\u00e1ny Serd\u00fcl\u0151 Bajnoks\u00e1g D\u00f6nt\u0151j\u00e9n.<\/strong><\/p>\n<p>Neh\u00e9z ellenf\u00e9lnek bizonyult a Debrecen, folyamatosan ott volt a nyakunkon, \u00e9s sz\u00e9p megold\u00e1sokkal tette \u00e9rdekess\u00e9 a m\u00e9rk\u0151z\u00e9st. L\u00e1nyaink ennek ellen\u00e9re k\u00e9zben tartott\u00e1k a m\u00e9rk\u0151z\u00e9st, \u00e9s \u00f6nbizalomn\u00f6vel\u0151 gy\u0151zelmet arattak.<\/p>\n<p><em>\u201cRengeteg kihagyott ziccerrel \u00e9s rossz d\u00f6nt\u00e9sekkel kezdt\u00fck a serd\u00fcl\u0151 d\u00f6nt\u0151t. Hiszem, hogy tudunk mi enn\u00e9l jobban is j\u00e1tszani&#8221;<\/em> &#8211; mondta a csapat edz\u0151je, E\u00f6rd\u00f6gh Edit.<\/p>\n<p><strong>Vasas Akad\u00e9mia &#8211;<\/strong> Debreceni KA <strong>61-52<\/strong> (19-15, 14-8, 15-11, 13-18)<br \/>\n<em>Pontszerz\u0151k:<\/em><br \/>\n<strong>Vasas Akad\u00e9mia:<\/strong> Aho T. 9\/3, L\u00e1ng-Miticzky B. 4, Szil\u00e1gyi \u00c1. 17, \u00d6rsi K. 10, Ulrich Z. 2, Istenes Zs. 2, Koh\u00e1n P. 2, K\u00e1lm\u00e1n L. 6, R\u00e1tkai E. 5, Rubint \u00c1. 4, L\u00e1szl\u00f3 B., Masier S.<\/p>\n<p>Folytat\u00e1s ma 18:45-kor, a l\u00e1nyok ellenfele a Kecskem\u00e9ti KA lesz. A m\u00e9rk\u0151z\u00e9st \u00e9l\u0151ben lehet n\u00e9zni az esem\u00e9ny <a href=\"https:\/\/www.youtube.com\/channel\/UCXmpN5d9UVEYFQPbxS94dHw\/featured\">Youtube csatorn\u00e1j\u00e1n<\/a>.<\/p>\n<p><img loading=\"lazy\" decoding=\"async\" class=\" wp-image-5741 aligncenter\" src=\"http:\/\/vasasbasket.hu\/wp-content\/uploads\/2019\/05\/61168889_432473794218051_5720647377413472256_o-1024x768.jpg\" alt=\"\" width=\"659\" height=\"494\" srcset=\"https:\/\/vasasbasket.hu\/wp-content\/uploads\/2019\/05\/61168889_432473794218051_5720647377413472256_o-1024x768.jpg 1024w, https:\/\/vasasbasket.hu\/wp-content\/uploads\/2019\/05\/61168889_432473794218051_5720647377413472256_o-570x428.jpg 570w, https:\/\/vasasbasket.hu\/wp-content\/uploads\/2019\/05\/61168889_432473794218051_5720647377413472256_o-440x330.jpg 440w, https:\/\/vasasbasket.hu\/wp-content\/uploads\/2019\/05\/61168889_432473794218051_5720647377413472256_o-300x225.jpg 300w, https:\/\/vasasbasket.hu\/wp-content\/uploads\/2019\/05\/61168889_432473794218051_5720647377413472256_o-768x576.jpg 768w, https:\/\/vasasbasket.hu\/wp-content\/uploads\/2019\/05\/61168889_432473794218051_5720647377413472256_o-128x96.jpg 128w, https:\/\/vasasbasket.hu\/wp-content\/uploads\/2019\/05\/61168889_432473794218051_5720647377413472256_o-32x24.jpg 32w, https:\/\/vasasbasket.hu\/wp-content\/uploads\/2019\/05\/61168889_432473794218051_5720647377413472256_o-98x74.jpg 98w, https:\/\/vasasbasket.hu\/wp-content\/uploads\/2019\/05\/61168889_432473794218051_5720647377413472256_o.jpg 2048w\" sizes=\"auto, (max-width: 659px) 100vw, 659px\" \/><\/p>\n","protected":false},"excerpt":{"rendered":"<p>A Vasas Akad\u00e9mia U14-es csapat\u00e1nak megsz\u00fcletett az els\u0151 gy\u0151zelme a Nemzeti Le\u00e1ny Serd\u00fcl\u0151 Bajnoks\u00e1g D\u00f6nt\u0151j\u00e9n. Neh\u00e9z ellenf\u00e9lnek bizonyult a Debrecen, folyamatosan ott volt a nyakunkon, \u00e9s sz\u00e9p megold\u00e1sokkal tette \u00e9rdekess\u00e9 a m\u00e9rk\u0151z\u00e9st. L\u00e1nyaink ennek ellen\u00e9re k\u00e9zben tartott\u00e1k a m\u00e9rk\u0151z\u00e9st, \u00e9s \u00f6nbizalomn\u00f6vel\u0151 gy\u0151zelmet arattak. \u201cRengeteg kihagyott ziccerrel \u00e9s rossz d\u00f6nt\u00e9sekkel kezdt\u00fck a serd\u00fcl\u0151 d\u00f6nt\u0151t. Hiszem, hogy&#8230;<\/p>\n","protected":false},"author":1,"featured_media":5742,"comment_status":"closed","ping_status":"open","sticky":false,"template":"","format":"standard","meta":{"footnotes":""},"categories":[52,92],"tags":[],"class_list":["post-5740","post","type-post","status-publish","format-standard","has-post-thumbnail","hentry","category-serdulo","category-hirek"],"yoast_head":"<!-- This site is optimized with the Yoast SEO plugin v26.0 - https:\/\/yoast.com\/wordpress\/plugins\/seo\/ -->\n<title>1\/1 - megvan a serd\u00fcl\u0151k els\u0151 gy\u0151zelme a D\u00f6nt\u0151n - Vasas n\u0151i kos\u00e1rlabda<\/title>\n<meta name=\"robots\" content=\"index, follow, max-snippet:-1, max-image-preview:large, max-video-preview:-1\" \/>\n<link rel=\"canonical\" href=\"https:\/\/vasasbasket.hu\/index.php\/1-1-megvan-a-serdulok-elso-gyozelme-a-donton\/\" \/>\n<meta property=\"og:locale\" content=\"hu_HU\" \/>\n<meta property=\"og:type\" content=\"article\" \/>\n<meta property=\"og:title\" content=\"1\/1 - megvan a serd\u00fcl\u0151k els\u0151 gy\u0151zelme a D\u00f6nt\u0151n - Vasas n\u0151i kos\u00e1rlabda\" \/>\n<meta property=\"og:description\" content=\"A Vasas Akad\u00e9mia U14-es csapat\u00e1nak megsz\u00fcletett az els\u0151 gy\u0151zelme a Nemzeti Le\u00e1ny Serd\u00fcl\u0151 Bajnoks\u00e1g D\u00f6nt\u0151j\u00e9n. Neh\u00e9z ellenf\u00e9lnek bizonyult a Debrecen, folyamatosan ott volt a nyakunkon, \u00e9s sz\u00e9p megold\u00e1sokkal tette \u00e9rdekess\u00e9 a m\u00e9rk\u0151z\u00e9st. L\u00e1nyaink ennek ellen\u00e9re k\u00e9zben tartott\u00e1k a m\u00e9rk\u0151z\u00e9st, \u00e9s \u00f6nbizalomn\u00f6vel\u0151 gy\u0151zelmet arattak. \u201cRengeteg kihagyott ziccerrel \u00e9s rossz d\u00f6nt\u00e9sekkel kezdt\u00fck a serd\u00fcl\u0151 d\u00f6nt\u0151t. Hiszem, hogy...\" \/>\n<meta property=\"og:url\" content=\"https:\/\/vasasbasket.hu\/index.php\/1-1-megvan-a-serdulok-elso-gyozelme-a-donton\/\" \/>\n<meta property=\"og:site_name\" content=\"Vasas n\u0151i kos\u00e1rlabda\" \/>\n<meta property=\"article:publisher\" content=\"https:\/\/www.facebook.com\/vasaswbasket\/\" \/>\n<meta property=\"article:published_time\" content=\"2019-05-23T15:00:38+00:00\" \/>\n<meta property=\"og:image\" content=\"https:\/\/vasasbasket.hu\/wp-content\/uploads\/2019\/05\/61114573_432475404217890_7926251815648100352_o.jpg\" \/>\n\t<meta property=\"og:image:width\" content=\"2048\" \/>\n\t<meta property=\"og:image:height\" content=\"1536\" \/>\n\t<meta property=\"og:image:type\" content=\"image\/jpeg\" \/>\n<meta name=\"author\" content=\"admin\" \/>\n<meta name=\"twitter:card\" content=\"summary_large_image\" \/>\n<meta name=\"twitter:label1\" content=\"Szerz\u0151:\" \/>\n\t<meta name=\"twitter:data1\" content=\"admin\" \/>\n\t<meta name=\"twitter:label2\" content=\"Becs\u00fclt olvas\u00e1si id\u0151\" \/>\n\t<meta name=\"twitter:data2\" content=\"1 perc\" \/>\n<script type=\"application\/ld+json\" class=\"yoast-schema-graph\">{\"@context\":\"https:\/\/schema.org\",\"@graph\":[{\"@type\":\"Article\",\"@id\":\"https:\/\/vasasbasket.hu\/index.php\/1-1-megvan-a-serdulok-elso-gyozelme-a-donton\/#article\",\"isPartOf\":{\"@id\":\"https:\/\/vasasbasket.hu\/index.php\/1-1-megvan-a-serdulok-elso-gyozelme-a-donton\/\"},\"author\":{\"name\":\"admin\",\"@id\":\"https:\/\/vasasbasket.hu\/#\/schema\/person\/f1085f4d2c6582d8d0f977e92de2edee\"},\"headline\":\"1\/1 &#8211; megvan a serd\u00fcl\u0151k els\u0151 gy\u0151zelme a D\u00f6nt\u0151n\",\"datePublished\":\"2019-05-23T15:00:38+00:00\",\"mainEntityOfPage\":{\"@id\":\"https:\/\/vasasbasket.hu\/index.php\/1-1-megvan-a-serdulok-elso-gyozelme-a-donton\/\"},\"wordCount\":194,\"publisher\":{\"@id\":\"https:\/\/vasasbasket.hu\/#organization\"},\"image\":{\"@id\":\"https:\/\/vasasbasket.hu\/index.php\/1-1-megvan-a-serdulok-elso-gyozelme-a-donton\/#primaryimage\"},\"thumbnailUrl\":\"https:\/\/vasasbasket.hu\/wp-content\/uploads\/2019\/05\/61114573_432475404217890_7926251815648100352_o.jpg\",\"articleSection\":[\"Serd\u00fcl\u0151\",\"\u00d6sszes H\u00edr\"],\"inLanguage\":\"hu\"},{\"@type\":\"WebPage\",\"@id\":\"https:\/\/vasasbasket.hu\/index.php\/1-1-megvan-a-serdulok-elso-gyozelme-a-donton\/\",\"url\":\"https:\/\/vasasbasket.hu\/index.php\/1-1-megvan-a-serdulok-elso-gyozelme-a-donton\/\",\"name\":\"1\/1 - megvan a serd\u00fcl\u0151k els\u0151 gy\u0151zelme a D\u00f6nt\u0151n - Vasas n\u0151i kos\u00e1rlabda\",\"isPartOf\":{\"@id\":\"https:\/\/vasasbasket.hu\/#website\"},\"primaryImageOfPage\":{\"@id\":\"https:\/\/vasasbasket.hu\/index.php\/1-1-megvan-a-serdulok-elso-gyozelme-a-donton\/#primaryimage\"},\"image\":{\"@id\":\"https:\/\/vasasbasket.hu\/index.php\/1-1-megvan-a-serdulok-elso-gyozelme-a-donton\/#primaryimage\"},\"thumbnailUrl\":\"https:\/\/vasasbasket.hu\/wp-content\/uploads\/2019\/05\/61114573_432475404217890_7926251815648100352_o.jpg\",\"datePublished\":\"2019-05-23T15:00:38+00:00\",\"breadcrumb\":{\"@id\":\"https:\/\/vasasbasket.hu\/index.php\/1-1-megvan-a-serdulok-elso-gyozelme-a-donton\/#breadcrumb\"},\"inLanguage\":\"hu\",\"potentialAction\":[{\"@type\":\"ReadAction\",\"target\":[\"https:\/\/vasasbasket.hu\/index.php\/1-1-megvan-a-serdulok-elso-gyozelme-a-donton\/\"]}]},{\"@type\":\"ImageObject\",\"inLanguage\":\"hu\",\"@id\":\"https:\/\/vasasbasket.hu\/index.php\/1-1-megvan-a-serdulok-elso-gyozelme-a-donton\/#primaryimage\",\"url\":\"https:\/\/vasasbasket.hu\/wp-content\/uploads\/2019\/05\/61114573_432475404217890_7926251815648100352_o.jpg\",\"contentUrl\":\"https:\/\/vasasbasket.hu\/wp-content\/uploads\/2019\/05\/61114573_432475404217890_7926251815648100352_o.jpg\",\"width\":2048,\"height\":1536},{\"@type\":\"BreadcrumbList\",\"@id\":\"https:\/\/vasasbasket.hu\/index.php\/1-1-megvan-a-serdulok-elso-gyozelme-a-donton\/#breadcrumb\",\"itemListElement\":[{\"@type\":\"ListItem\",\"position\":1,\"name\":\"Kezd\u0151lap\",\"item\":\"https:\/\/vasasbasket.hu\/\"},{\"@type\":\"ListItem\",\"position\":2,\"name\":\"1\/1 &#8211; megvan a serd\u00fcl\u0151k els\u0151 gy\u0151zelme a D\u00f6nt\u0151n\"}]},{\"@type\":\"WebSite\",\"@id\":\"https:\/\/vasasbasket.hu\/#website\",\"url\":\"https:\/\/vasasbasket.hu\/\",\"name\":\"Vasas n\u0151i kos\u00e1rlabda\",\"description\":\"Vasas Basket N\u0151i\",\"publisher\":{\"@id\":\"https:\/\/vasasbasket.hu\/#organization\"},\"potentialAction\":[{\"@type\":\"SearchAction\",\"target\":{\"@type\":\"EntryPoint\",\"urlTemplate\":\"https:\/\/vasasbasket.hu\/?s={search_term_string}\"},\"query-input\":{\"@type\":\"PropertyValueSpecification\",\"valueRequired\":true,\"valueName\":\"search_term_string\"}}],\"inLanguage\":\"hu\"},{\"@type\":\"Organization\",\"@id\":\"https:\/\/vasasbasket.hu\/#organization\",\"name\":\"Vasas n\u0151i kos\u00e1rlabda\",\"url\":\"https:\/\/vasasbasket.hu\/\",\"logo\":{\"@type\":\"ImageObject\",\"inLanguage\":\"hu\",\"@id\":\"https:\/\/vasasbasket.hu\/#\/schema\/logo\/image\/\",\"url\":\"https:\/\/vasasbasket.hu\/wp-content\/uploads\/2017\/03\/vasas_cimer_1200.jpg\",\"contentUrl\":\"https:\/\/vasasbasket.hu\/wp-content\/uploads\/2017\/03\/vasas_cimer_1200.jpg\",\"width\":1200,\"height\":1200,\"caption\":\"Vasas n\u0151i kos\u00e1rlabda\"},\"image\":{\"@id\":\"https:\/\/vasasbasket.hu\/#\/schema\/logo\/image\/\"},\"sameAs\":[\"https:\/\/www.facebook.com\/vasaswbasket\/\"]},{\"@type\":\"Person\",\"@id\":\"https:\/\/vasasbasket.hu\/#\/schema\/person\/f1085f4d2c6582d8d0f977e92de2edee\",\"name\":\"admin\",\"image\":{\"@type\":\"ImageObject\",\"inLanguage\":\"hu\",\"@id\":\"https:\/\/vasasbasket.hu\/#\/schema\/person\/image\/\",\"url\":\"https:\/\/secure.gravatar.com\/avatar\/645c92f7d9cfe02bd93ce2d1cfa11cd3a268bdfe65486552ff04b193cea07634?s=96&d=mm&r=g\",\"contentUrl\":\"https:\/\/secure.gravatar.com\/avatar\/645c92f7d9cfe02bd93ce2d1cfa11cd3a268bdfe65486552ff04b193cea07634?s=96&d=mm&r=g\",\"caption\":\"admin\"},\"url\":\"https:\/\/vasasbasket.hu\/index.php\/author\/admin\/\"}]}<\/script>\n<!-- \/ Yoast SEO plugin. -->","yoast_head_json":{"title":"1\/1 - megvan a serd\u00fcl\u0151k els\u0151 gy\u0151zelme a D\u00f6nt\u0151n - Vasas n\u0151i kos\u00e1rlabda","robots":{"index":"index","follow":"follow","max-snippet":"max-snippet:-1","max-image-preview":"max-image-preview:large","max-video-preview":"max-video-preview:-1"},"canonical":"https:\/\/vasasbasket.hu\/index.php\/1-1-megvan-a-serdulok-elso-gyozelme-a-donton\/","og_locale":"hu_HU","og_type":"article","og_title":"1\/1 - megvan a serd\u00fcl\u0151k els\u0151 gy\u0151zelme a D\u00f6nt\u0151n - Vasas n\u0151i kos\u00e1rlabda","og_description":"A Vasas Akad\u00e9mia U14-es csapat\u00e1nak megsz\u00fcletett az els\u0151 gy\u0151zelme a Nemzeti Le\u00e1ny Serd\u00fcl\u0151 Bajnoks\u00e1g D\u00f6nt\u0151j\u00e9n. Neh\u00e9z ellenf\u00e9lnek bizonyult a Debrecen, folyamatosan ott volt a nyakunkon, \u00e9s sz\u00e9p megold\u00e1sokkal tette \u00e9rdekess\u00e9 a m\u00e9rk\u0151z\u00e9st. L\u00e1nyaink ennek ellen\u00e9re k\u00e9zben tartott\u00e1k a m\u00e9rk\u0151z\u00e9st, \u00e9s \u00f6nbizalomn\u00f6vel\u0151 gy\u0151zelmet arattak. \u201cRengeteg kihagyott ziccerrel \u00e9s rossz d\u00f6nt\u00e9sekkel kezdt\u00fck a serd\u00fcl\u0151 d\u00f6nt\u0151t. Hiszem, hogy...","og_url":"https:\/\/vasasbasket.hu\/index.php\/1-1-megvan-a-serdulok-elso-gyozelme-a-donton\/","og_site_name":"Vasas n\u0151i kos\u00e1rlabda","article_publisher":"https:\/\/www.facebook.com\/vasaswbasket\/","article_published_time":"2019-05-23T15:00:38+00:00","og_image":[{"width":2048,"height":1536,"url":"https:\/\/vasasbasket.hu\/wp-content\/uploads\/2019\/05\/61114573_432475404217890_7926251815648100352_o.jpg","type":"image\/jpeg"}],"author":"admin","twitter_card":"summary_large_image","twitter_misc":{"Szerz\u0151:":"admin","Becs\u00fclt olvas\u00e1si id\u0151":"1 perc"},"schema":{"@context":"https:\/\/schema.org","@graph":[{"@type":"Article","@id":"https:\/\/vasasbasket.hu\/index.php\/1-1-megvan-a-serdulok-elso-gyozelme-a-donton\/#article","isPartOf":{"@id":"https:\/\/vasasbasket.hu\/index.php\/1-1-megvan-a-serdulok-elso-gyozelme-a-donton\/"},"author":{"name":"admin","@id":"https:\/\/vasasbasket.hu\/#\/schema\/person\/f1085f4d2c6582d8d0f977e92de2edee"},"headline":"1\/1 &#8211; megvan a serd\u00fcl\u0151k els\u0151 gy\u0151zelme a D\u00f6nt\u0151n","datePublished":"2019-05-23T15:00:38+00:00","mainEntityOfPage":{"@id":"https:\/\/vasasbasket.hu\/index.php\/1-1-megvan-a-serdulok-elso-gyozelme-a-donton\/"},"wordCount":194,"publisher":{"@id":"https:\/\/vasasbasket.hu\/#organization"},"image":{"@id":"https:\/\/vasasbasket.hu\/index.php\/1-1-megvan-a-serdulok-elso-gyozelme-a-donton\/#primaryimage"},"thumbnailUrl":"https:\/\/vasasbasket.hu\/wp-content\/uploads\/2019\/05\/61114573_432475404217890_7926251815648100352_o.jpg","articleSection":["Serd\u00fcl\u0151","\u00d6sszes H\u00edr"],"inLanguage":"hu"},{"@type":"WebPage","@id":"https:\/\/vasasbasket.hu\/index.php\/1-1-megvan-a-serdulok-elso-gyozelme-a-donton\/","url":"https:\/\/vasasbasket.hu\/index.php\/1-1-megvan-a-serdulok-elso-gyozelme-a-donton\/","name":"1\/1 - megvan a serd\u00fcl\u0151k els\u0151 gy\u0151zelme a D\u00f6nt\u0151n - Vasas n\u0151i kos\u00e1rlabda","isPartOf":{"@id":"https:\/\/vasasbasket.hu\/#website"},"primaryImageOfPage":{"@id":"https:\/\/vasasbasket.hu\/index.php\/1-1-megvan-a-serdulok-elso-gyozelme-a-donton\/#primaryimage"},"image":{"@id":"https:\/\/vasasbasket.hu\/index.php\/1-1-megvan-a-serdulok-elso-gyozelme-a-donton\/#primaryimage"},"thumbnailUrl":"https:\/\/vasasbasket.hu\/wp-content\/uploads\/2019\/05\/61114573_432475404217890_7926251815648100352_o.jpg","datePublished":"2019-05-23T15:00:38+00:00","breadcrumb":{"@id":"https:\/\/vasasbasket.hu\/index.php\/1-1-megvan-a-serdulok-elso-gyozelme-a-donton\/#breadcrumb"},"inLanguage":"hu","potentialAction":[{"@type":"ReadAction","target":["https:\/\/vasasbasket.hu\/index.php\/1-1-megvan-a-serdulok-elso-gyozelme-a-donton\/"]}]},{"@type":"ImageObject","inLanguage":"hu","@id":"https:\/\/vasasbasket.hu\/index.php\/1-1-megvan-a-serdulok-elso-gyozelme-a-donton\/#primaryimage","url":"https:\/\/vasasbasket.hu\/wp-content\/uploads\/2019\/05\/61114573_432475404217890_7926251815648100352_o.jpg","contentUrl":"https:\/\/vasasbasket.hu\/wp-content\/uploads\/2019\/05\/61114573_432475404217890_7926251815648100352_o.jpg","width":2048,"height":1536},{"@type":"BreadcrumbList","@id":"https:\/\/vasasbasket.hu\/index.php\/1-1-megvan-a-serdulok-elso-gyozelme-a-donton\/#breadcrumb","itemListElement":[{"@type":"ListItem","position":1,"name":"Kezd\u0151lap","item":"https:\/\/vasasbasket.hu\/"},{"@type":"ListItem","position":2,"name":"1\/1 &#8211; megvan a serd\u00fcl\u0151k els\u0151 gy\u0151zelme a D\u00f6nt\u0151n"}]},{"@type":"WebSite","@id":"https:\/\/vasasbasket.hu\/#website","url":"https:\/\/vasasbasket.hu\/","name":"Vasas n\u0151i kos\u00e1rlabda","description":"Vasas Basket N\u0151i","publisher":{"@id":"https:\/\/vasasbasket.hu\/#organization"},"potentialAction":[{"@type":"SearchAction","target":{"@type":"EntryPoint","urlTemplate":"https:\/\/vasasbasket.hu\/?s={search_term_string}"},"query-input":{"@type":"PropertyValueSpecification","valueRequired":true,"valueName":"search_term_string"}}],"inLanguage":"hu"},{"@type":"Organization","@id":"https:\/\/vasasbasket.hu\/#organization","name":"Vasas n\u0151i kos\u00e1rlabda","url":"https:\/\/vasasbasket.hu\/","logo":{"@type":"ImageObject","inLanguage":"hu","@id":"https:\/\/vasasbasket.hu\/#\/schema\/logo\/image\/","url":"https:\/\/vasasbasket.hu\/wp-content\/uploads\/2017\/03\/vasas_cimer_1200.jpg","contentUrl":"https:\/\/vasasbasket.hu\/wp-content\/uploads\/2017\/03\/vasas_cimer_1200.jpg","width":1200,"height":1200,"caption":"Vasas n\u0151i kos\u00e1rlabda"},"image":{"@id":"https:\/\/vasasbasket.hu\/#\/schema\/logo\/image\/"},"sameAs":["https:\/\/www.facebook.com\/vasaswbasket\/"]},{"@type":"Person","@id":"https:\/\/vasasbasket.hu\/#\/schema\/person\/f1085f4d2c6582d8d0f977e92de2edee","name":"admin","image":{"@type":"ImageObject","inLanguage":"hu","@id":"https:\/\/vasasbasket.hu\/#\/schema\/person\/image\/","url":"https:\/\/secure.gravatar.com\/avatar\/645c92f7d9cfe02bd93ce2d1cfa11cd3a268bdfe65486552ff04b193cea07634?s=96&d=mm&r=g","contentUrl":"https:\/\/secure.gravatar.com\/avatar\/645c92f7d9cfe02bd93ce2d1cfa11cd3a268bdfe65486552ff04b193cea07634?s=96&d=mm&r=g","caption":"admin"},"url":"https:\/\/vasasbasket.hu\/index.php\/author\/admin\/"}]}},"_links":{"self":[{"href":"https:\/\/vasasbasket.hu\/index.php\/wp-json\/wp\/v2\/posts\/5740","targetHints":{"allow":["GET"]}}],"collection":[{"href":"https:\/\/vasasbasket.hu\/index.php\/wp-json\/wp\/v2\/posts"}],"about":[{"href":"https:\/\/vasasbasket.hu\/index.php\/wp-json\/wp\/v2\/types\/post"}],"author":[{"embeddable":true,"href":"https:\/\/vasasbasket.hu\/index.php\/wp-json\/wp\/v2\/users\/1"}],"replies":[{"embeddable":true,"href":"https:\/\/vasasbasket.hu\/index.php\/wp-json\/wp\/v2\/comments?post=5740"}],"version-history":[{"count":1,"href":"https:\/\/vasasbasket.hu\/index.php\/wp-json\/wp\/v2\/posts\/5740\/revisions"}],"predecessor-version":[{"id":5743,"href":"https:\/\/vasasbasket.hu\/index.php\/wp-json\/wp\/v2\/posts\/5740\/revisions\/5743"}],"wp:featuredmedia":[{"embeddable":true,"href":"https:\/\/vasasbasket.hu\/index.php\/wp-json\/wp\/v2\/media\/5742"}],"wp:attachment":[{"href":"https:\/\/vasasbasket.hu\/index.php\/wp-json\/wp\/v2\/media?parent=5740"}],"wp:term":[{"taxonomy":"category","embeddable":true,"href":"https:\/\/vasasbasket.hu\/index.php\/wp-json\/wp\/v2\/categories?post=5740"},{"taxonomy":"post_tag","embeddable":true,"href":"https:\/\/vasasbasket.hu\/index.php\/wp-json\/wp\/v2\/tags?post=5740"}],"curies":[{"name":"wp","href":"https:\/\/api.w.org\/{rel}","templated":true}]}}