{"id":5723,"date":"2019-05-23T12:45:07","date_gmt":"2019-05-23T12:45:07","guid":{"rendered":"http:\/\/vasasbasket.hu\/?p=5723"},"modified":"2019-05-23T12:50:43","modified_gmt":"2019-05-23T12:50:43","slug":"amerikabol-jottem-interju-aho-ninaval","status":"publish","type":"post","link":"https:\/\/vasasbasket.hu\/index.php\/amerikabol-jottem-interju-aho-ninaval\/","title":{"rendered":"Amerik\u00e1b\u00f3l j\u00f6ttem &#8211; interj\u00fa Aho Nin\u00e1val"},"content":{"rendered":"<p><strong>A pittsburghi Duquesne University hallgat\u00f3ja, valamint az egyetemi csapat j\u00e1t\u00e9kosa, Aho Nina minden ny\u00e1ron hazal\u00e1togat, amikor a v\u00e1logatott k\u00f6teless\u00e9gek mellet a Vasas Akad\u00e9mia csarnok\u00e1ba is rendszeresen ell\u00e1togat. Az Universiad\u00e9ra k\u00e9sz\u00fcl\u0151 j\u00e1t\u00e9kost \u00e9ppen egy Pasar\u00e9ten t\u00f6lt\u00f6tt egy\u00e9ni edz\u00e9st k\u00f6vet\u0151en cs\u00edpt\u00fcnk el, hogy besz\u00e9lj\u00fcnk egy kicsit a m\u00faltr\u00f3l, jelenr\u0151l, j\u00f6v\u0151r\u0151l.<\/strong><\/p>\n<p><strong>Kezdj\u00fck az elej\u00e9n. Mikor kezd\u0151d\u00f6tt az amerikai \u00e1lom, \u00e9s hogy \u00e9rzed magad kint?<\/strong><\/p>\n<p>H\u00e1rom \u00e9ve mentem ki egyetemre, nagyon j\u00f3l \u00e9rzem magam, b\u00e1r k\u00e9t \u00e9ve nem j\u00e1tszom a s\u00e9r\u00fcl\u00e9sek miatt, ami egy kicsit megnehez\u00edti a dolgokat. Emellett emberileg is nagyon sokat tanultam, az egyetemen is olyan szakra j\u00e1rok, ami nagyon \u00e9rdekel, \u00edgy a kos\u00e1rlabda mellett m\u00e1s ter\u00fcleteken is igyekszem fejl\u0151dni.<\/p>\n<figure id=\"attachment_5724\" aria-describedby=\"caption-attachment-5724\" style=\"width: 304px\" class=\"wp-caption alignright\"><img loading=\"lazy\" decoding=\"async\" class=\" wp-image-5724\" src=\"http:\/\/vasasbasket.hu\/wp-content\/uploads\/2019\/05\/22688821_1672874156065669_2351826093930957129_n-e1558614935972.jpg\" alt=\"Forr\u00e1s: facebook\" width=\"304\" height=\"389\" srcset=\"https:\/\/vasasbasket.hu\/wp-content\/uploads\/2019\/05\/22688821_1672874156065669_2351826093930957129_n-e1558614935972.jpg 600w, https:\/\/vasasbasket.hu\/wp-content\/uploads\/2019\/05\/22688821_1672874156065669_2351826093930957129_n-e1558614935972-570x730.jpg 570w, https:\/\/vasasbasket.hu\/wp-content\/uploads\/2019\/05\/22688821_1672874156065669_2351826093930957129_n-e1558614935972-440x563.jpg 440w, https:\/\/vasasbasket.hu\/wp-content\/uploads\/2019\/05\/22688821_1672874156065669_2351826093930957129_n-e1558614935972-234x300.jpg 234w, https:\/\/vasasbasket.hu\/wp-content\/uploads\/2019\/05\/22688821_1672874156065669_2351826093930957129_n-e1558614935972-100x128.jpg 100w, https:\/\/vasasbasket.hu\/wp-content\/uploads\/2019\/05\/22688821_1672874156065669_2351826093930957129_n-e1558614935972-25x32.jpg 25w, https:\/\/vasasbasket.hu\/wp-content\/uploads\/2019\/05\/22688821_1672874156065669_2351826093930957129_n-e1558614935972-77x98.jpg 77w\" sizes=\"auto, (max-width: 304px) 100vw, 304px\" \/><figcaption id=\"caption-attachment-5724\" class=\"wp-caption-text\"><span style=\"color: #808080;\"><em>Forr\u00e1s: facebook<\/em><\/span><\/figcaption><\/figure>\n<p><strong>Mennyire volt neh\u00e9z megszokni az \u00faj l\u00e9gk\u00f6rt, hogyan ment a beilleszked\u00e9s a kezdetekben?<\/strong><\/p>\n<p>Nyilv\u00e1n sosem egyszer\u0171 egy ilyen dolog, hiszen t\u00e1vol mindenkit\u0151l, csal\u00e1dt\u00f3l, bar\u00e1tokt\u00f3l az \u00e9let hoz olyan dolgokat, amivel az ember nem tal\u00e1lkozott m\u00e9g \u201ehazai p\u00e1ly\u00e1n\u201d. Szerencs\u00e9re nem voltam egyed\u00fcli magyar, hiszen Kuttor Enik\u0151 \u00e9s Szamosi Amadea is t\u00e1rt karokkal v\u00e1rtak, r\u00e1ad\u00e1sul a vezet\u0151edz\u0151 feles\u00e9ge is magyar, teh\u00e1t nem \u00e9reztem magam egyed\u00fcl. Legink\u00e1bb a kultur\u00e1lis k\u00fcl\u00f6nbs\u00e9gek okoztak fejt\u00f6r\u00e9st az elej\u00e9n, de \u00fagy \u00e9rzem el\u00e9g hamar siker\u00fclt beilleszkednem. A kultur\u00e1lis k\u00fcl\u00f6nbs\u00e9gek a kos\u00e1rlabda p\u00e1ly\u00e1n is l\u00e1that\u00f3ak, hiszen itt az egy\u00e9ni j\u00e1t\u00e9k kap f\u0151szerepet, amit egy Eur\u00f3p\u00e1b\u00f3l \u00e9rkez\u0151 j\u00e1t\u00e9kos nehezen tud megszokni. Nekem, mint els\u0151 sz\u00e1m\u00fa passzol\u00f3 is nehezen tudtam \u00e1tvenni ezt a st\u00edlust. Az els\u0151 \u00e9vben volt is konfliktus abb\u00f3l, hogy mi\u00e9rt nem keresem \u00e1lland\u00f3an a gy\u0171r\u0171t, de m\u00e1ra \u00fagy \u00e9rzem, siker\u00fclt megtal\u00e1lni az arany k\u00f6z\u00e9putat a csapatj\u00e1t\u00e9k \u00e9s az itteni mentalit\u00e1s k\u00f6z\u00f6tt.<\/p>\n<p><strong>Miben k\u00fcl\u00f6nb\u00f6zik a kinti kos\u00e1rlabda az itthonit\u00f3l?<\/strong><\/p>\n<p>A kinti rendszerben az els\u0151 h\u00f3nap csak er\u0151nl\u00e9ti edz\u00e9sb\u0151l \u00e1ll, ilyenkor alig fogunk labd\u00e1t. Azonban \u00e1ltal\u00e1noss\u00e1gban is elmondhat\u00f3, hogy maga a sport\u00e1g is sokkal fizik\u00e1lisabb, dinamikusabb, \u00e9ppen ez\u00e9rt az edz\u00e9sek sz\u00e1ma is t\u00f6bb. Egy edz\u00e9s legal\u00e1bb k\u00e9t \u00f3ra, m\u00e9g szezon k\u00f6zben is, \u00e9s ritk\u00e1n vagy ink\u00e1bb soha nem fordul el\u0151, hogy sz\u00e1raz marad a trik\u00f3nk a v\u00e9g\u00e9re.<\/p>\n<p><strong>Nem volt egyszer\u0171 dolgod, hiszen s\u00e9r\u00fcl\u00e9sek is nehez\u00edtett\u00e9k a p\u00e1lyafut\u00e1sodat, mi t\u00f6rt\u00e9nt pontosan?<\/strong><\/p>\n<p>Miel\u0151tt kimentem, volt egy keresztszalag szakad\u00e1som m\u00e9g itthon, \u00edgy a szerencs\u00e9tlens\u00e9gek sorozata nem kint kezd\u0151d\u00f6tt. A gy\u00f3gytorna mellett m\u00e1r elkezdtem kosarazni, ami \u00edgy ut\u00f3lag nem volt a legokosabb d\u00f6nt\u00e9s. Hazaj\u00f6ttem, j\u00e1tszottam a v\u00e1logatottal egy U20-as Eur\u00f3pa-bajnoks\u00e1got, ahol j\u00f3nak \u00e9reztem a t\u00e9rdem, majd amikor visszamentem Amerik\u00e1ba, az alapoz\u00e1s alatt az egyik fut\u00f3 edz\u00e9sen elszakadt a meniscusom. A m\u0171t\u00e9tet k\u00f6vet\u0151en n\u00e9gy-\u00f6t h\u00f3nap rehabilit\u00e1ci\u00f3 j\u00f6tt, \u00edgy nyilv\u00e1n a kinti szezon hamar befejez\u0151d\u00f6tt sz\u00e1momra, majd tavaly ism\u00e9t hazaj\u00f6ttem feln\u0151tt v\u00e1logatott \u00f6sszetart\u00e1sra, ahol nem b\u00edrtam a t\u00f6bbiekkel edzeni, annyira f\u00e1jt a t\u00e9rdem. J\u00faniusban ism\u00e9t visszamentem, ahol azt mondt\u00e1k, hogy laza a keresztszalagom, amit vagy megm\u0171tenek, vagy kapok egy t\u00e9rdg\u00e9pet, amiben edzhetek. Nyilv\u00e1n a m\u00e1sodik opci\u00f3t v\u00e1lasztottam, \u00e9s rendesen tudtam v\u00e9gezni a munk\u00e1t eg\u00e9szen novemberig. Az \u00f6t\u00f6dik meccs ut\u00e1n ugyanis csin\u00e1ltak egy CT-t, mert nem kaptam rendesen leveg\u0151t. Kider\u00fclt, hogy van egy v\u00e9rr\u00f6g a jobb t\u00fcd\u0151mben, \u00edgy hat h\u00f3napos v\u00e9rh\u00edg\u00edt\u00f3 k\u00far\u00e1t kaptam, ami \u00e9pp most fejez\u0151d\u00f6tt be.<\/p>\n<figure id=\"attachment_5725\" aria-describedby=\"caption-attachment-5725\" style=\"width: 293px\" class=\"wp-caption alignright\"><img loading=\"lazy\" decoding=\"async\" class=\" wp-image-5725\" src=\"http:\/\/vasasbasket.hu\/wp-content\/uploads\/2019\/05\/28424586_1816764698343280_5581227345098954523_o-1024x683.jpg\" alt=\"Forr\u00e1s: facebook\" width=\"293\" height=\"196\" \/><figcaption id=\"caption-attachment-5725\" class=\"wp-caption-text\"><em><span style=\"color: #808080;\">Forr\u00e1s: facebook<\/span><\/em><\/figcaption><\/figure>\n<p><strong>Lelkileg mennyire viselt meg ez az eg\u00e9sz?<\/strong><\/p>\n<p>Nyilv\u00e1n nem volt egyszer\u0171 a dolog, hiszen az elm\u00falt n\u00e9gy szezonb\u00f3l mind\u00f6ssze egyet j\u00e1tszottam. A legrosszabb tal\u00e1n az volt, hogy nem tudtam seg\u00edteni a csapatt\u00e1rsaimnak a p\u00e1ly\u00e1n. Voltak olyan id\u0151szakok, amikor nem ment annyira a szek\u00e9r, \u00e9s elgondolkoztam azon, milyen j\u00f3 lenne most mezt h\u00fazni, \u00e9s k\u00f6z\u00f6sen kim\u00e1szni a g\u00f6d\u00f6rb\u0151l, de sajnos csak a p\u00e1ly\u00e1n k\u00edv\u00fcl tudtam t\u00e1mogatni a l\u00e1nyokat.<\/p>\n<p>&nbsp;<\/p>\n<p><strong><br \/>\nA ny\u00e1r Magyarorsz\u00e1gr\u00f3l sz\u00f3l, \u00e9s a v\u00e1logatott mellett rendszeresen l\u00e1togatsz Pasar\u00e9tre is, ahol szint\u00e9n a munk\u00e1\u00e9 a f\u0151szerep.\u00a0<\/strong><\/p>\n<p>Igen, a pasar\u00e9ti l\u00e1togat\u00e1s minden ny\u00e1ron megism\u00e9tl\u0151dik a v\u00e1logatott\u00f3l f\u00fcggetlen\u00fcl. Amikor hazaj\u00f6v\u00f6k, F\u00f6ldi Attila az els\u0151k k\u00f6z\u00f6tt van, akit h\u00edvok, hogy j\u00f6hetek e edzeni, \u00edgy nem otthon \u00fclve v\u00e1rom a v\u00e1logatottal kapcsolatos teend\u0151ket. Jelenleg az Universiad\u00e9ra k\u00e9sz\u00fcl\u00fcnk, lassan kezd s\u0171r\u0171s\u00f6dni a program a j\u00faliusi torna el\u0151tt.<\/p>\n<p><strong>Mennyire k\u00f6veted az itthoni esem\u00e9nyeket?<\/strong><\/p>\n<p>Meccseket nem tudok n\u00e9zni, hiszen abban az id\u0151ben az iskolapadban \u00fcl\u00f6k. N\u00e9ha morgok is magamban, hogy megint lemaradok egy-egy m\u00e9rk\u0151z\u00e9sr\u0151l, de az eredm\u00e9nyeket term\u00e9szetesen figyelemmel k\u00f6vetem. Igyekszem szemmel tartani a koroszt\u00e1lyomban szerepl\u0151 j\u00e1t\u00e9kosok, bar\u00e1tok teljes\u00edtm\u00e9ny\u00e9t, valamint a h\u00fagom meccseit, arr\u00f3l azonban els\u0151 k\u00e9zb\u0151l van inform\u00e1ci\u00f3m, hiszen el\u00e9g gyakran besz\u00e9l\u00fcnk.<\/p>\n<p><strong>Mik a tov\u00e1bbi tervek, sz\u00e1m\u00edthatunk e arra, hogy \u00fajra itthon fogsz j\u00e1tszani?<\/strong><\/p>\n<p>Kicsi korom \u00f3ta az az \u00e1lmom, hogy a feln\u0151tt v\u00e1logatottnak meghat\u00e1roz\u00f3 szerepl\u0151je legyek, \u00e9s Eb-re, vb-re, valamint olimpi\u00e1ra utazzak c\u00edmeres mezben, ez\u00e9rt dolgozok \u00e9s k\u00fczd\u00f6k. Klubszinten egy \u00e9vet m\u00e9g biztosan Amerik\u00e1ban t\u00f6lt\u00f6k, ahol szeretn\u00e9k min\u00e9l t\u00f6bbet j\u00e1tszani, hiszen a s\u00e9r\u00fcl\u00e9sek miatt a padon m\u00e1r \u00fcltem eleget. Sok f\u00fcgg majd ett\u0151l a szezont\u00f3l, \u00edgy jelenleg nem is nagyon gondolkozok, hogy mi lesz ut\u00e1na. J\u00e1tszani akarok sokat, azt\u00e1n hogy mit hoz a j\u00f6v\u0151, megl\u00e1tjuk.<\/p>\n<figure id=\"attachment_5728\" aria-describedby=\"caption-attachment-5728\" style=\"width: 724px\" class=\"wp-caption aligncenter\"><img loading=\"lazy\" decoding=\"async\" class=\" wp-image-5728\" src=\"http:\/\/vasasbasket.hu\/wp-content\/uploads\/2019\/05\/60837110_2299982983373619_619809741257834496_o-e1558615429492-1024x458.jpg\" alt=\"Forr\u00e1s: wbasket.hu\" width=\"724\" height=\"324\" srcset=\"https:\/\/vasasbasket.hu\/wp-content\/uploads\/2019\/05\/60837110_2299982983373619_619809741257834496_o-e1558615429492-1024x458.jpg 1024w, https:\/\/vasasbasket.hu\/wp-content\/uploads\/2019\/05\/60837110_2299982983373619_619809741257834496_o-e1558615429492-570x255.jpg 570w, https:\/\/vasasbasket.hu\/wp-content\/uploads\/2019\/05\/60837110_2299982983373619_619809741257834496_o-e1558615429492-440x197.jpg 440w, https:\/\/vasasbasket.hu\/wp-content\/uploads\/2019\/05\/60837110_2299982983373619_619809741257834496_o-e1558615429492-300x134.jpg 300w, https:\/\/vasasbasket.hu\/wp-content\/uploads\/2019\/05\/60837110_2299982983373619_619809741257834496_o-e1558615429492-768x344.jpg 768w, https:\/\/vasasbasket.hu\/wp-content\/uploads\/2019\/05\/60837110_2299982983373619_619809741257834496_o-e1558615429492-128x57.jpg 128w, https:\/\/vasasbasket.hu\/wp-content\/uploads\/2019\/05\/60837110_2299982983373619_619809741257834496_o-e1558615429492-32x14.jpg 32w, https:\/\/vasasbasket.hu\/wp-content\/uploads\/2019\/05\/60837110_2299982983373619_619809741257834496_o-e1558615429492-98x44.jpg 98w, https:\/\/vasasbasket.hu\/wp-content\/uploads\/2019\/05\/60837110_2299982983373619_619809741257834496_o-e1558615429492.jpg 2016w\" sizes=\"auto, (max-width: 724px) 100vw, 724px\" \/><figcaption id=\"caption-attachment-5728\" class=\"wp-caption-text\"><span style=\"color: #808080;\"><em>Forr\u00e1s: wbasket.hu<\/em><\/span><\/figcaption><\/figure>\n","protected":false},"excerpt":{"rendered":"<p>A pittsburghi Duquesne University hallgat\u00f3ja, valamint az egyetemi csapat j\u00e1t\u00e9kosa, Aho Nina minden ny\u00e1ron hazal\u00e1togat, amikor a v\u00e1logatott k\u00f6teless\u00e9gek mellet a Vasas Akad\u00e9mia csarnok\u00e1ba is rendszeresen ell\u00e1togat. Az Universiad\u00e9ra k\u00e9sz\u00fcl\u0151 j\u00e1t\u00e9kost \u00e9ppen egy Pasar\u00e9ten t\u00f6lt\u00f6tt egy\u00e9ni edz\u00e9st k\u00f6vet\u0151en cs\u00edpt\u00fcnk el, hogy besz\u00e9lj\u00fcnk egy kicsit a m\u00faltr\u00f3l, jelenr\u0151l, j\u00f6v\u0151r\u0151l. Kezdj\u00fck az elej\u00e9n. Mikor kezd\u0151d\u00f6tt az amerikai&#8230;<\/p>\n","protected":false},"author":1,"featured_media":5726,"comment_status":"closed","ping_status":"open","sticky":false,"template":"","format":"standard","meta":{"footnotes":""},"categories":[91,92],"tags":[],"class_list":["post-5723","post","type-post","status-publish","format-standard","has-post-thumbnail","hentry","category-vasas","category-hirek"],"yoast_head":"<!-- This site is optimized with the Yoast SEO plugin v26.0 - https:\/\/yoast.com\/wordpress\/plugins\/seo\/ -->\n<title>Amerik\u00e1b\u00f3l j\u00f6ttem - interj\u00fa Aho Nin\u00e1val - Vasas n\u0151i kos\u00e1rlabda<\/title>\n<meta name=\"robots\" content=\"index, follow, max-snippet:-1, max-image-preview:large, max-video-preview:-1\" \/>\n<link rel=\"canonical\" href=\"https:\/\/vasasbasket.hu\/index.php\/amerikabol-jottem-interju-aho-ninaval\/\" \/>\n<meta property=\"og:locale\" content=\"hu_HU\" \/>\n<meta property=\"og:type\" content=\"article\" \/>\n<meta property=\"og:title\" content=\"Amerik\u00e1b\u00f3l j\u00f6ttem - interj\u00fa Aho Nin\u00e1val - Vasas n\u0151i kos\u00e1rlabda\" \/>\n<meta property=\"og:description\" content=\"A pittsburghi Duquesne University hallgat\u00f3ja, valamint az egyetemi csapat j\u00e1t\u00e9kosa, Aho Nina minden ny\u00e1ron hazal\u00e1togat, amikor a v\u00e1logatott k\u00f6teless\u00e9gek mellet a Vasas Akad\u00e9mia csarnok\u00e1ba is rendszeresen ell\u00e1togat. Az Universiad\u00e9ra k\u00e9sz\u00fcl\u0151 j\u00e1t\u00e9kost \u00e9ppen egy Pasar\u00e9ten t\u00f6lt\u00f6tt egy\u00e9ni edz\u00e9st k\u00f6vet\u0151en cs\u00edpt\u00fcnk el, hogy besz\u00e9lj\u00fcnk egy kicsit a m\u00faltr\u00f3l, jelenr\u0151l, j\u00f6v\u0151r\u0151l. Kezdj\u00fck az elej\u00e9n. Mikor kezd\u0151d\u00f6tt az amerikai...\" \/>\n<meta property=\"og:url\" content=\"https:\/\/vasasbasket.hu\/index.php\/amerikabol-jottem-interju-aho-ninaval\/\" \/>\n<meta property=\"og:site_name\" content=\"Vasas n\u0151i kos\u00e1rlabda\" \/>\n<meta property=\"article:publisher\" content=\"https:\/\/www.facebook.com\/vasaswbasket\/\" \/>\n<meta property=\"article:published_time\" content=\"2019-05-23T12:45:07+00:00\" \/>\n<meta property=\"article:modified_time\" content=\"2019-05-23T12:50:43+00:00\" \/>\n<meta property=\"og:image\" content=\"https:\/\/vasasbasket.hu\/wp-content\/uploads\/2019\/05\/Sv8MoRy0_400x400-e1558614466327.jpg\" \/>\n\t<meta property=\"og:image:width\" content=\"400\" \/>\n\t<meta property=\"og:image:height\" content=\"308\" \/>\n\t<meta property=\"og:image:type\" content=\"image\/jpeg\" \/>\n<meta name=\"author\" content=\"admin\" \/>\n<meta name=\"twitter:card\" content=\"summary_large_image\" \/>\n<meta name=\"twitter:label1\" content=\"Szerz\u0151:\" \/>\n\t<meta name=\"twitter:data1\" content=\"admin\" \/>\n\t<meta name=\"twitter:label2\" content=\"Becs\u00fclt olvas\u00e1si id\u0151\" \/>\n\t<meta name=\"twitter:data2\" content=\"6 perc\" \/>\n<script type=\"application\/ld+json\" class=\"yoast-schema-graph\">{\"@context\":\"https:\/\/schema.org\",\"@graph\":[{\"@type\":\"Article\",\"@id\":\"https:\/\/vasasbasket.hu\/index.php\/amerikabol-jottem-interju-aho-ninaval\/#article\",\"isPartOf\":{\"@id\":\"https:\/\/vasasbasket.hu\/index.php\/amerikabol-jottem-interju-aho-ninaval\/\"},\"author\":{\"name\":\"admin\",\"@id\":\"https:\/\/vasasbasket.hu\/#\/schema\/person\/f1085f4d2c6582d8d0f977e92de2edee\"},\"headline\":\"Amerik\u00e1b\u00f3l j\u00f6ttem &#8211; interj\u00fa Aho Nin\u00e1val\",\"datePublished\":\"2019-05-23T12:45:07+00:00\",\"dateModified\":\"2019-05-23T12:50:43+00:00\",\"mainEntityOfPage\":{\"@id\":\"https:\/\/vasasbasket.hu\/index.php\/amerikabol-jottem-interju-aho-ninaval\/\"},\"wordCount\":1153,\"publisher\":{\"@id\":\"https:\/\/vasasbasket.hu\/#organization\"},\"image\":{\"@id\":\"https:\/\/vasasbasket.hu\/index.php\/amerikabol-jottem-interju-aho-ninaval\/#primaryimage\"},\"thumbnailUrl\":\"https:\/\/vasasbasket.hu\/wp-content\/uploads\/2019\/05\/Sv8MoRy0_400x400-e1558614466327.jpg\",\"articleSection\":[\"V\u00e1logatott H\u00edrek\",\"\u00d6sszes H\u00edr\"],\"inLanguage\":\"hu\"},{\"@type\":\"WebPage\",\"@id\":\"https:\/\/vasasbasket.hu\/index.php\/amerikabol-jottem-interju-aho-ninaval\/\",\"url\":\"https:\/\/vasasbasket.hu\/index.php\/amerikabol-jottem-interju-aho-ninaval\/\",\"name\":\"Amerik\u00e1b\u00f3l j\u00f6ttem - interj\u00fa Aho Nin\u00e1val - Vasas n\u0151i kos\u00e1rlabda\",\"isPartOf\":{\"@id\":\"https:\/\/vasasbasket.hu\/#website\"},\"primaryImageOfPage\":{\"@id\":\"https:\/\/vasasbasket.hu\/index.php\/amerikabol-jottem-interju-aho-ninaval\/#primaryimage\"},\"image\":{\"@id\":\"https:\/\/vasasbasket.hu\/index.php\/amerikabol-jottem-interju-aho-ninaval\/#primaryimage\"},\"thumbnailUrl\":\"https:\/\/vasasbasket.hu\/wp-content\/uploads\/2019\/05\/Sv8MoRy0_400x400-e1558614466327.jpg\",\"datePublished\":\"2019-05-23T12:45:07+00:00\",\"dateModified\":\"2019-05-23T12:50:43+00:00\",\"breadcrumb\":{\"@id\":\"https:\/\/vasasbasket.hu\/index.php\/amerikabol-jottem-interju-aho-ninaval\/#breadcrumb\"},\"inLanguage\":\"hu\",\"potentialAction\":[{\"@type\":\"ReadAction\",\"target\":[\"https:\/\/vasasbasket.hu\/index.php\/amerikabol-jottem-interju-aho-ninaval\/\"]}]},{\"@type\":\"ImageObject\",\"inLanguage\":\"hu\",\"@id\":\"https:\/\/vasasbasket.hu\/index.php\/amerikabol-jottem-interju-aho-ninaval\/#primaryimage\",\"url\":\"https:\/\/vasasbasket.hu\/wp-content\/uploads\/2019\/05\/Sv8MoRy0_400x400-e1558614466327.jpg\",\"contentUrl\":\"https:\/\/vasasbasket.hu\/wp-content\/uploads\/2019\/05\/Sv8MoRy0_400x400-e1558614466327.jpg\",\"width\":400,\"height\":308},{\"@type\":\"BreadcrumbList\",\"@id\":\"https:\/\/vasasbasket.hu\/index.php\/amerikabol-jottem-interju-aho-ninaval\/#breadcrumb\",\"itemListElement\":[{\"@type\":\"ListItem\",\"position\":1,\"name\":\"Kezd\u0151lap\",\"item\":\"https:\/\/vasasbasket.hu\/\"},{\"@type\":\"ListItem\",\"position\":2,\"name\":\"Amerik\u00e1b\u00f3l j\u00f6ttem &#8211; interj\u00fa Aho Nin\u00e1val\"}]},{\"@type\":\"WebSite\",\"@id\":\"https:\/\/vasasbasket.hu\/#website\",\"url\":\"https:\/\/vasasbasket.hu\/\",\"name\":\"Vasas n\u0151i kos\u00e1rlabda\",\"description\":\"Vasas Basket N\u0151i\",\"publisher\":{\"@id\":\"https:\/\/vasasbasket.hu\/#organization\"},\"potentialAction\":[{\"@type\":\"SearchAction\",\"target\":{\"@type\":\"EntryPoint\",\"urlTemplate\":\"https:\/\/vasasbasket.hu\/?s={search_term_string}\"},\"query-input\":{\"@type\":\"PropertyValueSpecification\",\"valueRequired\":true,\"valueName\":\"search_term_string\"}}],\"inLanguage\":\"hu\"},{\"@type\":\"Organization\",\"@id\":\"https:\/\/vasasbasket.hu\/#organization\",\"name\":\"Vasas n\u0151i kos\u00e1rlabda\",\"url\":\"https:\/\/vasasbasket.hu\/\",\"logo\":{\"@type\":\"ImageObject\",\"inLanguage\":\"hu\",\"@id\":\"https:\/\/vasasbasket.hu\/#\/schema\/logo\/image\/\",\"url\":\"https:\/\/vasasbasket.hu\/wp-content\/uploads\/2017\/03\/vasas_cimer_1200.jpg\",\"contentUrl\":\"https:\/\/vasasbasket.hu\/wp-content\/uploads\/2017\/03\/vasas_cimer_1200.jpg\",\"width\":1200,\"height\":1200,\"caption\":\"Vasas n\u0151i kos\u00e1rlabda\"},\"image\":{\"@id\":\"https:\/\/vasasbasket.hu\/#\/schema\/logo\/image\/\"},\"sameAs\":[\"https:\/\/www.facebook.com\/vasaswbasket\/\"]},{\"@type\":\"Person\",\"@id\":\"https:\/\/vasasbasket.hu\/#\/schema\/person\/f1085f4d2c6582d8d0f977e92de2edee\",\"name\":\"admin\",\"image\":{\"@type\":\"ImageObject\",\"inLanguage\":\"hu\",\"@id\":\"https:\/\/vasasbasket.hu\/#\/schema\/person\/image\/\",\"url\":\"https:\/\/secure.gravatar.com\/avatar\/645c92f7d9cfe02bd93ce2d1cfa11cd3a268bdfe65486552ff04b193cea07634?s=96&d=mm&r=g\",\"contentUrl\":\"https:\/\/secure.gravatar.com\/avatar\/645c92f7d9cfe02bd93ce2d1cfa11cd3a268bdfe65486552ff04b193cea07634?s=96&d=mm&r=g\",\"caption\":\"admin\"},\"url\":\"https:\/\/vasasbasket.hu\/index.php\/author\/admin\/\"}]}<\/script>\n<!-- \/ Yoast SEO plugin. -->","yoast_head_json":{"title":"Amerik\u00e1b\u00f3l j\u00f6ttem - interj\u00fa Aho Nin\u00e1val - Vasas n\u0151i kos\u00e1rlabda","robots":{"index":"index","follow":"follow","max-snippet":"max-snippet:-1","max-image-preview":"max-image-preview:large","max-video-preview":"max-video-preview:-1"},"canonical":"https:\/\/vasasbasket.hu\/index.php\/amerikabol-jottem-interju-aho-ninaval\/","og_locale":"hu_HU","og_type":"article","og_title":"Amerik\u00e1b\u00f3l j\u00f6ttem - interj\u00fa Aho Nin\u00e1val - Vasas n\u0151i kos\u00e1rlabda","og_description":"A pittsburghi Duquesne University hallgat\u00f3ja, valamint az egyetemi csapat j\u00e1t\u00e9kosa, Aho Nina minden ny\u00e1ron hazal\u00e1togat, amikor a v\u00e1logatott k\u00f6teless\u00e9gek mellet a Vasas Akad\u00e9mia csarnok\u00e1ba is rendszeresen ell\u00e1togat. Az Universiad\u00e9ra k\u00e9sz\u00fcl\u0151 j\u00e1t\u00e9kost \u00e9ppen egy Pasar\u00e9ten t\u00f6lt\u00f6tt egy\u00e9ni edz\u00e9st k\u00f6vet\u0151en cs\u00edpt\u00fcnk el, hogy besz\u00e9lj\u00fcnk egy kicsit a m\u00faltr\u00f3l, jelenr\u0151l, j\u00f6v\u0151r\u0151l. Kezdj\u00fck az elej\u00e9n. Mikor kezd\u0151d\u00f6tt az amerikai...","og_url":"https:\/\/vasasbasket.hu\/index.php\/amerikabol-jottem-interju-aho-ninaval\/","og_site_name":"Vasas n\u0151i kos\u00e1rlabda","article_publisher":"https:\/\/www.facebook.com\/vasaswbasket\/","article_published_time":"2019-05-23T12:45:07+00:00","article_modified_time":"2019-05-23T12:50:43+00:00","og_image":[{"width":400,"height":308,"url":"https:\/\/vasasbasket.hu\/wp-content\/uploads\/2019\/05\/Sv8MoRy0_400x400-e1558614466327.jpg","type":"image\/jpeg"}],"author":"admin","twitter_card":"summary_large_image","twitter_misc":{"Szerz\u0151:":"admin","Becs\u00fclt olvas\u00e1si id\u0151":"6 perc"},"schema":{"@context":"https:\/\/schema.org","@graph":[{"@type":"Article","@id":"https:\/\/vasasbasket.hu\/index.php\/amerikabol-jottem-interju-aho-ninaval\/#article","isPartOf":{"@id":"https:\/\/vasasbasket.hu\/index.php\/amerikabol-jottem-interju-aho-ninaval\/"},"author":{"name":"admin","@id":"https:\/\/vasasbasket.hu\/#\/schema\/person\/f1085f4d2c6582d8d0f977e92de2edee"},"headline":"Amerik\u00e1b\u00f3l j\u00f6ttem &#8211; interj\u00fa Aho Nin\u00e1val","datePublished":"2019-05-23T12:45:07+00:00","dateModified":"2019-05-23T12:50:43+00:00","mainEntityOfPage":{"@id":"https:\/\/vasasbasket.hu\/index.php\/amerikabol-jottem-interju-aho-ninaval\/"},"wordCount":1153,"publisher":{"@id":"https:\/\/vasasbasket.hu\/#organization"},"image":{"@id":"https:\/\/vasasbasket.hu\/index.php\/amerikabol-jottem-interju-aho-ninaval\/#primaryimage"},"thumbnailUrl":"https:\/\/vasasbasket.hu\/wp-content\/uploads\/2019\/05\/Sv8MoRy0_400x400-e1558614466327.jpg","articleSection":["V\u00e1logatott H\u00edrek","\u00d6sszes H\u00edr"],"inLanguage":"hu"},{"@type":"WebPage","@id":"https:\/\/vasasbasket.hu\/index.php\/amerikabol-jottem-interju-aho-ninaval\/","url":"https:\/\/vasasbasket.hu\/index.php\/amerikabol-jottem-interju-aho-ninaval\/","name":"Amerik\u00e1b\u00f3l j\u00f6ttem - interj\u00fa Aho Nin\u00e1val - Vasas n\u0151i kos\u00e1rlabda","isPartOf":{"@id":"https:\/\/vasasbasket.hu\/#website"},"primaryImageOfPage":{"@id":"https:\/\/vasasbasket.hu\/index.php\/amerikabol-jottem-interju-aho-ninaval\/#primaryimage"},"image":{"@id":"https:\/\/vasasbasket.hu\/index.php\/amerikabol-jottem-interju-aho-ninaval\/#primaryimage"},"thumbnailUrl":"https:\/\/vasasbasket.hu\/wp-content\/uploads\/2019\/05\/Sv8MoRy0_400x400-e1558614466327.jpg","datePublished":"2019-05-23T12:45:07+00:00","dateModified":"2019-05-23T12:50:43+00:00","breadcrumb":{"@id":"https:\/\/vasasbasket.hu\/index.php\/amerikabol-jottem-interju-aho-ninaval\/#breadcrumb"},"inLanguage":"hu","potentialAction":[{"@type":"ReadAction","target":["https:\/\/vasasbasket.hu\/index.php\/amerikabol-jottem-interju-aho-ninaval\/"]}]},{"@type":"ImageObject","inLanguage":"hu","@id":"https:\/\/vasasbasket.hu\/index.php\/amerikabol-jottem-interju-aho-ninaval\/#primaryimage","url":"https:\/\/vasasbasket.hu\/wp-content\/uploads\/2019\/05\/Sv8MoRy0_400x400-e1558614466327.jpg","contentUrl":"https:\/\/vasasbasket.hu\/wp-content\/uploads\/2019\/05\/Sv8MoRy0_400x400-e1558614466327.jpg","width":400,"height":308},{"@type":"BreadcrumbList","@id":"https:\/\/vasasbasket.hu\/index.php\/amerikabol-jottem-interju-aho-ninaval\/#breadcrumb","itemListElement":[{"@type":"ListItem","position":1,"name":"Kezd\u0151lap","item":"https:\/\/vasasbasket.hu\/"},{"@type":"ListItem","position":2,"name":"Amerik\u00e1b\u00f3l j\u00f6ttem &#8211; interj\u00fa Aho Nin\u00e1val"}]},{"@type":"WebSite","@id":"https:\/\/vasasbasket.hu\/#website","url":"https:\/\/vasasbasket.hu\/","name":"Vasas n\u0151i kos\u00e1rlabda","description":"Vasas Basket N\u0151i","publisher":{"@id":"https:\/\/vasasbasket.hu\/#organization"},"potentialAction":[{"@type":"SearchAction","target":{"@type":"EntryPoint","urlTemplate":"https:\/\/vasasbasket.hu\/?s={search_term_string}"},"query-input":{"@type":"PropertyValueSpecification","valueRequired":true,"valueName":"search_term_string"}}],"inLanguage":"hu"},{"@type":"Organization","@id":"https:\/\/vasasbasket.hu\/#organization","name":"Vasas n\u0151i kos\u00e1rlabda","url":"https:\/\/vasasbasket.hu\/","logo":{"@type":"ImageObject","inLanguage":"hu","@id":"https:\/\/vasasbasket.hu\/#\/schema\/logo\/image\/","url":"https:\/\/vasasbasket.hu\/wp-content\/uploads\/2017\/03\/vasas_cimer_1200.jpg","contentUrl":"https:\/\/vasasbasket.hu\/wp-content\/uploads\/2017\/03\/vasas_cimer_1200.jpg","width":1200,"height":1200,"caption":"Vasas n\u0151i kos\u00e1rlabda"},"image":{"@id":"https:\/\/vasasbasket.hu\/#\/schema\/logo\/image\/"},"sameAs":["https:\/\/www.facebook.com\/vasaswbasket\/"]},{"@type":"Person","@id":"https:\/\/vasasbasket.hu\/#\/schema\/person\/f1085f4d2c6582d8d0f977e92de2edee","name":"admin","image":{"@type":"ImageObject","inLanguage":"hu","@id":"https:\/\/vasasbasket.hu\/#\/schema\/person\/image\/","url":"https:\/\/secure.gravatar.com\/avatar\/645c92f7d9cfe02bd93ce2d1cfa11cd3a268bdfe65486552ff04b193cea07634?s=96&d=mm&r=g","contentUrl":"https:\/\/secure.gravatar.com\/avatar\/645c92f7d9cfe02bd93ce2d1cfa11cd3a268bdfe65486552ff04b193cea07634?s=96&d=mm&r=g","caption":"admin"},"url":"https:\/\/vasasbasket.hu\/index.php\/author\/admin\/"}]}},"_links":{"self":[{"href":"https:\/\/vasasbasket.hu\/index.php\/wp-json\/wp\/v2\/posts\/5723","targetHints":{"allow":["GET"]}}],"collection":[{"href":"https:\/\/vasasbasket.hu\/index.php\/wp-json\/wp\/v2\/posts"}],"about":[{"href":"https:\/\/vasasbasket.hu\/index.php\/wp-json\/wp\/v2\/types\/post"}],"author":[{"embeddable":true,"href":"https:\/\/vasasbasket.hu\/index.php\/wp-json\/wp\/v2\/users\/1"}],"replies":[{"embeddable":true,"href":"https:\/\/vasasbasket.hu\/index.php\/wp-json\/wp\/v2\/comments?post=5723"}],"version-history":[{"count":6,"href":"https:\/\/vasasbasket.hu\/index.php\/wp-json\/wp\/v2\/posts\/5723\/revisions"}],"predecessor-version":[{"id":5735,"href":"https:\/\/vasasbasket.hu\/index.php\/wp-json\/wp\/v2\/posts\/5723\/revisions\/5735"}],"wp:featuredmedia":[{"embeddable":true,"href":"https:\/\/vasasbasket.hu\/index.php\/wp-json\/wp\/v2\/media\/5726"}],"wp:attachment":[{"href":"https:\/\/vasasbasket.hu\/index.php\/wp-json\/wp\/v2\/media?parent=5723"}],"wp:term":[{"taxonomy":"category","embeddable":true,"href":"https:\/\/vasasbasket.hu\/index.php\/wp-json\/wp\/v2\/categories?post=5723"},{"taxonomy":"post_tag","embeddable":true,"href":"https:\/\/vasasbasket.hu\/index.php\/wp-json\/wp\/v2\/tags?post=5723"}],"curies":[{"name":"wp","href":"https:\/\/api.w.org\/{rel}","templated":true}]}}