{"id":5701,"date":"2019-05-15T11:24:35","date_gmt":"2019-05-15T11:24:35","guid":{"rendered":"http:\/\/vasasbasket.hu\/?p=5701"},"modified":"2019-05-15T11:24:35","modified_gmt":"2019-05-15T11:24:35","slug":"dramai-vegjatekban-gyozelemmel-zartak-a-szezont-az-u12-esek","status":"publish","type":"post","link":"https:\/\/vasasbasket.hu\/index.php\/dramai-vegjatekban-gyozelemmel-zartak-a-szezont-az-u12-esek\/","title":{"rendered":"Dr\u00e1mai v\u00e9gj\u00e1t\u00e9kban, gy\u0151zelemmel z\u00e1rt\u00e1k a szezont az U12-esek"},"content":{"rendered":"<p><strong>A Budapest Bajnoks\u00e1g utols\u00f3 fordul\u00f3j\u00e1val v\u00e9get \u00e9rt a szezon az U12-es csapat sz\u00e1m\u00e1ra.<\/strong><\/p>\n<p><em>&#8222;A mai meccs m\u00e9lt\u00f3 lez\u00e1r\u00e1sa volt a szezonnak. Az els\u0151 h\u00e1rom negyedben csapnival\u00f3 j\u00e1t\u00e9kot mutatott a csapat, sorban eladott labd\u00e1k, kihagyott ziccerek, ki nem k\u00e9nyszer\u00edtett hib\u00e1k, k\u00f6nnyelm\u0171 v\u00e9dekez\u00e9sek. A harmadik j\u00e1t\u00e9kr\u00e9sz v\u00e9g\u00e9re \u00fagy t\u0171nt, siker\u00fclt megtal\u00e1lnom azt az \u00f6t\u00f6st, aki a 22-39-es eredm\u00e9nyen tud csiszolni. A k\u00e9t negyed k\u00f6zti sz\u00fcnetben elhangzott utas\u00edt\u00e1sok \u00e9s kem\u00e9ny szavak eredm\u00e9nyt sz\u00fcltek, a negyedik negyedre sokkal harcosabban mentek ki a l\u00e1nyok. Egy szinttel feljebb kapcsoltak, sorban vitt\u00e9k el a labd\u00e1kat, amikb\u0151l sorra kosarat siker\u00fclt szerezn\u00fcnk. Sz\u00e9p labdaszerz\u00e9sek, lepattan\u00f3k ut\u00e1n az utols\u00f3 percben m\u00e1r csak k\u00e9t pont volt a h\u00e1tr\u00e1nyunk. T\u00edz m\u00e1sodperccel a v\u00e9ge el\u0151tt F\u00e1bi\u00e1n Szofi k\u00f6vetkezett k\u00e9t b\u00fcntet\u0151vel, melyekb\u0151l az els\u0151t kihagyta, majd saj\u00e1t lepattan\u00f3j\u00e1t visszaszedve ism\u00e9t r\u00e1dobhatott, azonban dob\u00e1s k\u00f6zben m\u00e9g egyszer faultolt\u00e1k. M\u00e1sodszorra nem hib\u00e1zott, 2\/2-t \u00e9rt\u00e9kes\u00edtve egy pontra n\u00f6velte el\u0151ny\u00fcnket. A marad\u00e9k p\u00e1r m\u00e1sodpercben m\u00e9g siker\u00fclt \u00e1tjutnia a T\u00f6rekv\u00e9s j\u00e1t\u00e9kos\u00e1nak a t\u00e1mad\u00f3 t\u00e9rf\u00e9lre, ahol egy elk\u00e9sett \u00f6sszez\u00e1r\u00e1st k\u00f6vet\u0151en a dudasz\u00f3 pillanat\u00e1ban v\u00e9d\u0151hib\u00e1t \u00edt\u00e9lt a j\u00e1t\u00e9kvezet\u0151, amit az \u00f6t\u00f6dik csapathiba miatt k\u00e9t id\u0151n t\u00fali b\u00fcntet\u0151 k\u00f6vetett. Egyik b\u00fcntet\u0151 sem tal\u00e1lt gy\u0171r\u0171be, \u00edgy egy ponttal siker\u00fclt nyern\u00fcnk. F\u00e1bi\u00e1n Szofi remek\u00fcl j\u00e1tszott, mellette Lengyel Luca ny\u00fajtott sz\u00e9p teljes\u00edtm\u00e9nyt, rengeteg lepattan\u00f3j\u00e1val \u00e9s kiemelked\u0151 v\u00e9dekez\u00e9s\u00e9vel nagyban hozz\u00e1j\u00e1rult a mai sikerhez&#8221;<\/em> &#8211; mondta a csapat edz\u0151je, Kiss M\u00e1t\u00e9.<\/p>\n<p><strong>Vasas Akad\u00e9mia &#8211;<\/strong> T\u00f6r\u00f6k Fl\u00f3ris T\u00f6rekv\u00e9s <strong>42-41<\/strong> (8-7, 4-15, 10-17, 20-2)<br \/>\n<em>Pontszerz\u0151k:<\/em><br \/>\n<strong>Vasas Akad\u00e9mia:<\/strong> F\u00e1bi\u00e1n Sz. 26, Lengyel L. 6, Kasz\u00e1s L. 4, Csercsa E. 2, Kiss K. 2, Kiss Z. 2<br \/>\n<strong>T\u00f6r\u00f6k Fl\u00f3ris T\u00f6rekv\u00e9s:<\/strong> K\u00e1lm\u00e1n H.: 9, Hargitai V. 2, Magyari B. 3, Szikszai F. 6, Maczk\u00f3 R. 5, Szalai L. 2, Berkli D. 4, K\u00e1lm\u00e1n V. 8, Soml\u00f3si-Geri. 2<\/p>\n","protected":false},"excerpt":{"rendered":"<p>A Budapest Bajnoks\u00e1g utols\u00f3 fordul\u00f3j\u00e1val v\u00e9get \u00e9rt a szezon az U12-es csapat sz\u00e1m\u00e1ra. &#8222;A mai meccs m\u00e9lt\u00f3 lez\u00e1r\u00e1sa volt a szezonnak. Az els\u0151 h\u00e1rom negyedben csapnival\u00f3 j\u00e1t\u00e9kot mutatott a csapat, sorban eladott labd\u00e1k, kihagyott ziccerek, ki nem k\u00e9nyszer\u00edtett hib\u00e1k, k\u00f6nnyelm\u0171 v\u00e9dekez\u00e9sek. A harmadik j\u00e1t\u00e9kr\u00e9sz v\u00e9g\u00e9re \u00fagy t\u0171nt, siker\u00fclt megtal\u00e1lnom azt az \u00f6t\u00f6st, aki a 22-39-es&#8230;<\/p>\n","protected":false},"author":1,"featured_media":5702,"comment_status":"closed","ping_status":"open","sticky":false,"template":"","format":"standard","meta":{"footnotes":""},"categories":[73,92],"tags":[],"class_list":["post-5701","post","type-post","status-publish","format-standard","has-post-thumbnail","hentry","category-gyerek","category-hirek"],"yoast_head":"<!-- This site is optimized with the Yoast SEO plugin v26.0 - https:\/\/yoast.com\/wordpress\/plugins\/seo\/ -->\n<title>Dr\u00e1mai v\u00e9gj\u00e1t\u00e9kban, gy\u0151zelemmel z\u00e1rt\u00e1k a szezont az U12-esek - Vasas n\u0151i kos\u00e1rlabda<\/title>\n<meta name=\"robots\" content=\"index, follow, max-snippet:-1, max-image-preview:large, max-video-preview:-1\" \/>\n<link rel=\"canonical\" href=\"https:\/\/vasasbasket.hu\/index.php\/dramai-vegjatekban-gyozelemmel-zartak-a-szezont-az-u12-esek\/\" \/>\n<meta property=\"og:locale\" content=\"hu_HU\" \/>\n<meta property=\"og:type\" content=\"article\" \/>\n<meta property=\"og:title\" content=\"Dr\u00e1mai v\u00e9gj\u00e1t\u00e9kban, gy\u0151zelemmel z\u00e1rt\u00e1k a szezont az U12-esek - Vasas n\u0151i kos\u00e1rlabda\" \/>\n<meta property=\"og:description\" content=\"A Budapest Bajnoks\u00e1g utols\u00f3 fordul\u00f3j\u00e1val v\u00e9get \u00e9rt a szezon az U12-es csapat sz\u00e1m\u00e1ra. &#8222;A mai meccs m\u00e9lt\u00f3 lez\u00e1r\u00e1sa volt a szezonnak. Az els\u0151 h\u00e1rom negyedben csapnival\u00f3 j\u00e1t\u00e9kot mutatott a csapat, sorban eladott labd\u00e1k, kihagyott ziccerek, ki nem k\u00e9nyszer\u00edtett hib\u00e1k, k\u00f6nnyelm\u0171 v\u00e9dekez\u00e9sek. A harmadik j\u00e1t\u00e9kr\u00e9sz v\u00e9g\u00e9re \u00fagy t\u0171nt, siker\u00fclt megtal\u00e1lnom azt az \u00f6t\u00f6st, aki a 22-39-es...\" \/>\n<meta property=\"og:url\" content=\"https:\/\/vasasbasket.hu\/index.php\/dramai-vegjatekban-gyozelemmel-zartak-a-szezont-az-u12-esek\/\" \/>\n<meta property=\"og:site_name\" content=\"Vasas n\u0151i kos\u00e1rlabda\" \/>\n<meta property=\"article:publisher\" content=\"https:\/\/www.facebook.com\/vasaswbasket\/\" \/>\n<meta property=\"article:published_time\" content=\"2019-05-15T11:24:35+00:00\" \/>\n<meta property=\"og:image\" content=\"https:\/\/vasasbasket.hu\/wp-content\/uploads\/2019\/05\/IMG_0280-e1557919404409.jpg\" \/>\n\t<meta property=\"og:image:width\" content=\"1481\" \/>\n\t<meta property=\"og:image:height\" content=\"1088\" \/>\n\t<meta property=\"og:image:type\" content=\"image\/jpeg\" \/>\n<meta name=\"author\" content=\"admin\" \/>\n<meta name=\"twitter:card\" content=\"summary_large_image\" \/>\n<meta name=\"twitter:label1\" content=\"Szerz\u0151:\" \/>\n\t<meta name=\"twitter:data1\" content=\"admin\" \/>\n\t<meta name=\"twitter:label2\" content=\"Becs\u00fclt olvas\u00e1si id\u0151\" \/>\n\t<meta name=\"twitter:data2\" content=\"2 perc\" \/>\n<script type=\"application\/ld+json\" class=\"yoast-schema-graph\">{\"@context\":\"https:\/\/schema.org\",\"@graph\":[{\"@type\":\"Article\",\"@id\":\"https:\/\/vasasbasket.hu\/index.php\/dramai-vegjatekban-gyozelemmel-zartak-a-szezont-az-u12-esek\/#article\",\"isPartOf\":{\"@id\":\"https:\/\/vasasbasket.hu\/index.php\/dramai-vegjatekban-gyozelemmel-zartak-a-szezont-az-u12-esek\/\"},\"author\":{\"name\":\"admin\",\"@id\":\"https:\/\/vasasbasket.hu\/#\/schema\/person\/f1085f4d2c6582d8d0f977e92de2edee\"},\"headline\":\"Dr\u00e1mai v\u00e9gj\u00e1t\u00e9kban, gy\u0151zelemmel z\u00e1rt\u00e1k a szezont az U12-esek\",\"datePublished\":\"2019-05-15T11:24:35+00:00\",\"mainEntityOfPage\":{\"@id\":\"https:\/\/vasasbasket.hu\/index.php\/dramai-vegjatekban-gyozelemmel-zartak-a-szezont-az-u12-esek\/\"},\"wordCount\":432,\"publisher\":{\"@id\":\"https:\/\/vasasbasket.hu\/#organization\"},\"image\":{\"@id\":\"https:\/\/vasasbasket.hu\/index.php\/dramai-vegjatekban-gyozelemmel-zartak-a-szezont-az-u12-esek\/#primaryimage\"},\"thumbnailUrl\":\"https:\/\/vasasbasket.hu\/wp-content\/uploads\/2019\/05\/IMG_0280-e1557919404409.jpg\",\"articleSection\":[\"Gyerek\",\"\u00d6sszes H\u00edr\"],\"inLanguage\":\"hu\"},{\"@type\":\"WebPage\",\"@id\":\"https:\/\/vasasbasket.hu\/index.php\/dramai-vegjatekban-gyozelemmel-zartak-a-szezont-az-u12-esek\/\",\"url\":\"https:\/\/vasasbasket.hu\/index.php\/dramai-vegjatekban-gyozelemmel-zartak-a-szezont-az-u12-esek\/\",\"name\":\"Dr\u00e1mai v\u00e9gj\u00e1t\u00e9kban, gy\u0151zelemmel z\u00e1rt\u00e1k a szezont az U12-esek - Vasas n\u0151i kos\u00e1rlabda\",\"isPartOf\":{\"@id\":\"https:\/\/vasasbasket.hu\/#website\"},\"primaryImageOfPage\":{\"@id\":\"https:\/\/vasasbasket.hu\/index.php\/dramai-vegjatekban-gyozelemmel-zartak-a-szezont-az-u12-esek\/#primaryimage\"},\"image\":{\"@id\":\"https:\/\/vasasbasket.hu\/index.php\/dramai-vegjatekban-gyozelemmel-zartak-a-szezont-az-u12-esek\/#primaryimage\"},\"thumbnailUrl\":\"https:\/\/vasasbasket.hu\/wp-content\/uploads\/2019\/05\/IMG_0280-e1557919404409.jpg\",\"datePublished\":\"2019-05-15T11:24:35+00:00\",\"breadcrumb\":{\"@id\":\"https:\/\/vasasbasket.hu\/index.php\/dramai-vegjatekban-gyozelemmel-zartak-a-szezont-az-u12-esek\/#breadcrumb\"},\"inLanguage\":\"hu\",\"potentialAction\":[{\"@type\":\"ReadAction\",\"target\":[\"https:\/\/vasasbasket.hu\/index.php\/dramai-vegjatekban-gyozelemmel-zartak-a-szezont-az-u12-esek\/\"]}]},{\"@type\":\"ImageObject\",\"inLanguage\":\"hu\",\"@id\":\"https:\/\/vasasbasket.hu\/index.php\/dramai-vegjatekban-gyozelemmel-zartak-a-szezont-az-u12-esek\/#primaryimage\",\"url\":\"https:\/\/vasasbasket.hu\/wp-content\/uploads\/2019\/05\/IMG_0280-e1557919404409.jpg\",\"contentUrl\":\"https:\/\/vasasbasket.hu\/wp-content\/uploads\/2019\/05\/IMG_0280-e1557919404409.jpg\",\"width\":1481,\"height\":1088},{\"@type\":\"BreadcrumbList\",\"@id\":\"https:\/\/vasasbasket.hu\/index.php\/dramai-vegjatekban-gyozelemmel-zartak-a-szezont-az-u12-esek\/#breadcrumb\",\"itemListElement\":[{\"@type\":\"ListItem\",\"position\":1,\"name\":\"Kezd\u0151lap\",\"item\":\"https:\/\/vasasbasket.hu\/\"},{\"@type\":\"ListItem\",\"position\":2,\"name\":\"Dr\u00e1mai v\u00e9gj\u00e1t\u00e9kban, gy\u0151zelemmel z\u00e1rt\u00e1k a szezont az U12-esek\"}]},{\"@type\":\"WebSite\",\"@id\":\"https:\/\/vasasbasket.hu\/#website\",\"url\":\"https:\/\/vasasbasket.hu\/\",\"name\":\"Vasas n\u0151i kos\u00e1rlabda\",\"description\":\"Vasas Basket N\u0151i\",\"publisher\":{\"@id\":\"https:\/\/vasasbasket.hu\/#organization\"},\"potentialAction\":[{\"@type\":\"SearchAction\",\"target\":{\"@type\":\"EntryPoint\",\"urlTemplate\":\"https:\/\/vasasbasket.hu\/?s={search_term_string}\"},\"query-input\":{\"@type\":\"PropertyValueSpecification\",\"valueRequired\":true,\"valueName\":\"search_term_string\"}}],\"inLanguage\":\"hu\"},{\"@type\":\"Organization\",\"@id\":\"https:\/\/vasasbasket.hu\/#organization\",\"name\":\"Vasas n\u0151i kos\u00e1rlabda\",\"url\":\"https:\/\/vasasbasket.hu\/\",\"logo\":{\"@type\":\"ImageObject\",\"inLanguage\":\"hu\",\"@id\":\"https:\/\/vasasbasket.hu\/#\/schema\/logo\/image\/\",\"url\":\"https:\/\/vasasbasket.hu\/wp-content\/uploads\/2017\/03\/vasas_cimer_1200.jpg\",\"contentUrl\":\"https:\/\/vasasbasket.hu\/wp-content\/uploads\/2017\/03\/vasas_cimer_1200.jpg\",\"width\":1200,\"height\":1200,\"caption\":\"Vasas n\u0151i kos\u00e1rlabda\"},\"image\":{\"@id\":\"https:\/\/vasasbasket.hu\/#\/schema\/logo\/image\/\"},\"sameAs\":[\"https:\/\/www.facebook.com\/vasaswbasket\/\"]},{\"@type\":\"Person\",\"@id\":\"https:\/\/vasasbasket.hu\/#\/schema\/person\/f1085f4d2c6582d8d0f977e92de2edee\",\"name\":\"admin\",\"image\":{\"@type\":\"ImageObject\",\"inLanguage\":\"hu\",\"@id\":\"https:\/\/vasasbasket.hu\/#\/schema\/person\/image\/\",\"url\":\"https:\/\/secure.gravatar.com\/avatar\/645c92f7d9cfe02bd93ce2d1cfa11cd3a268bdfe65486552ff04b193cea07634?s=96&d=mm&r=g\",\"contentUrl\":\"https:\/\/secure.gravatar.com\/avatar\/645c92f7d9cfe02bd93ce2d1cfa11cd3a268bdfe65486552ff04b193cea07634?s=96&d=mm&r=g\",\"caption\":\"admin\"},\"url\":\"https:\/\/vasasbasket.hu\/index.php\/author\/admin\/\"}]}<\/script>\n<!-- \/ Yoast SEO plugin. -->","yoast_head_json":{"title":"Dr\u00e1mai v\u00e9gj\u00e1t\u00e9kban, gy\u0151zelemmel z\u00e1rt\u00e1k a szezont az U12-esek - Vasas n\u0151i kos\u00e1rlabda","robots":{"index":"index","follow":"follow","max-snippet":"max-snippet:-1","max-image-preview":"max-image-preview:large","max-video-preview":"max-video-preview:-1"},"canonical":"https:\/\/vasasbasket.hu\/index.php\/dramai-vegjatekban-gyozelemmel-zartak-a-szezont-az-u12-esek\/","og_locale":"hu_HU","og_type":"article","og_title":"Dr\u00e1mai v\u00e9gj\u00e1t\u00e9kban, gy\u0151zelemmel z\u00e1rt\u00e1k a szezont az U12-esek - Vasas n\u0151i kos\u00e1rlabda","og_description":"A Budapest Bajnoks\u00e1g utols\u00f3 fordul\u00f3j\u00e1val v\u00e9get \u00e9rt a szezon az U12-es csapat sz\u00e1m\u00e1ra. &#8222;A mai meccs m\u00e9lt\u00f3 lez\u00e1r\u00e1sa volt a szezonnak. Az els\u0151 h\u00e1rom negyedben csapnival\u00f3 j\u00e1t\u00e9kot mutatott a csapat, sorban eladott labd\u00e1k, kihagyott ziccerek, ki nem k\u00e9nyszer\u00edtett hib\u00e1k, k\u00f6nnyelm\u0171 v\u00e9dekez\u00e9sek. A harmadik j\u00e1t\u00e9kr\u00e9sz v\u00e9g\u00e9re \u00fagy t\u0171nt, siker\u00fclt megtal\u00e1lnom azt az \u00f6t\u00f6st, aki a 22-39-es...","og_url":"https:\/\/vasasbasket.hu\/index.php\/dramai-vegjatekban-gyozelemmel-zartak-a-szezont-az-u12-esek\/","og_site_name":"Vasas n\u0151i kos\u00e1rlabda","article_publisher":"https:\/\/www.facebook.com\/vasaswbasket\/","article_published_time":"2019-05-15T11:24:35+00:00","og_image":[{"width":1481,"height":1088,"url":"https:\/\/vasasbasket.hu\/wp-content\/uploads\/2019\/05\/IMG_0280-e1557919404409.jpg","type":"image\/jpeg"}],"author":"admin","twitter_card":"summary_large_image","twitter_misc":{"Szerz\u0151:":"admin","Becs\u00fclt olvas\u00e1si id\u0151":"2 perc"},"schema":{"@context":"https:\/\/schema.org","@graph":[{"@type":"Article","@id":"https:\/\/vasasbasket.hu\/index.php\/dramai-vegjatekban-gyozelemmel-zartak-a-szezont-az-u12-esek\/#article","isPartOf":{"@id":"https:\/\/vasasbasket.hu\/index.php\/dramai-vegjatekban-gyozelemmel-zartak-a-szezont-az-u12-esek\/"},"author":{"name":"admin","@id":"https:\/\/vasasbasket.hu\/#\/schema\/person\/f1085f4d2c6582d8d0f977e92de2edee"},"headline":"Dr\u00e1mai v\u00e9gj\u00e1t\u00e9kban, gy\u0151zelemmel z\u00e1rt\u00e1k a szezont az U12-esek","datePublished":"2019-05-15T11:24:35+00:00","mainEntityOfPage":{"@id":"https:\/\/vasasbasket.hu\/index.php\/dramai-vegjatekban-gyozelemmel-zartak-a-szezont-az-u12-esek\/"},"wordCount":432,"publisher":{"@id":"https:\/\/vasasbasket.hu\/#organization"},"image":{"@id":"https:\/\/vasasbasket.hu\/index.php\/dramai-vegjatekban-gyozelemmel-zartak-a-szezont-az-u12-esek\/#primaryimage"},"thumbnailUrl":"https:\/\/vasasbasket.hu\/wp-content\/uploads\/2019\/05\/IMG_0280-e1557919404409.jpg","articleSection":["Gyerek","\u00d6sszes H\u00edr"],"inLanguage":"hu"},{"@type":"WebPage","@id":"https:\/\/vasasbasket.hu\/index.php\/dramai-vegjatekban-gyozelemmel-zartak-a-szezont-az-u12-esek\/","url":"https:\/\/vasasbasket.hu\/index.php\/dramai-vegjatekban-gyozelemmel-zartak-a-szezont-az-u12-esek\/","name":"Dr\u00e1mai v\u00e9gj\u00e1t\u00e9kban, gy\u0151zelemmel z\u00e1rt\u00e1k a szezont az U12-esek - Vasas n\u0151i kos\u00e1rlabda","isPartOf":{"@id":"https:\/\/vasasbasket.hu\/#website"},"primaryImageOfPage":{"@id":"https:\/\/vasasbasket.hu\/index.php\/dramai-vegjatekban-gyozelemmel-zartak-a-szezont-az-u12-esek\/#primaryimage"},"image":{"@id":"https:\/\/vasasbasket.hu\/index.php\/dramai-vegjatekban-gyozelemmel-zartak-a-szezont-az-u12-esek\/#primaryimage"},"thumbnailUrl":"https:\/\/vasasbasket.hu\/wp-content\/uploads\/2019\/05\/IMG_0280-e1557919404409.jpg","datePublished":"2019-05-15T11:24:35+00:00","breadcrumb":{"@id":"https:\/\/vasasbasket.hu\/index.php\/dramai-vegjatekban-gyozelemmel-zartak-a-szezont-az-u12-esek\/#breadcrumb"},"inLanguage":"hu","potentialAction":[{"@type":"ReadAction","target":["https:\/\/vasasbasket.hu\/index.php\/dramai-vegjatekban-gyozelemmel-zartak-a-szezont-az-u12-esek\/"]}]},{"@type":"ImageObject","inLanguage":"hu","@id":"https:\/\/vasasbasket.hu\/index.php\/dramai-vegjatekban-gyozelemmel-zartak-a-szezont-az-u12-esek\/#primaryimage","url":"https:\/\/vasasbasket.hu\/wp-content\/uploads\/2019\/05\/IMG_0280-e1557919404409.jpg","contentUrl":"https:\/\/vasasbasket.hu\/wp-content\/uploads\/2019\/05\/IMG_0280-e1557919404409.jpg","width":1481,"height":1088},{"@type":"BreadcrumbList","@id":"https:\/\/vasasbasket.hu\/index.php\/dramai-vegjatekban-gyozelemmel-zartak-a-szezont-az-u12-esek\/#breadcrumb","itemListElement":[{"@type":"ListItem","position":1,"name":"Kezd\u0151lap","item":"https:\/\/vasasbasket.hu\/"},{"@type":"ListItem","position":2,"name":"Dr\u00e1mai v\u00e9gj\u00e1t\u00e9kban, gy\u0151zelemmel z\u00e1rt\u00e1k a szezont az U12-esek"}]},{"@type":"WebSite","@id":"https:\/\/vasasbasket.hu\/#website","url":"https:\/\/vasasbasket.hu\/","name":"Vasas n\u0151i kos\u00e1rlabda","description":"Vasas Basket N\u0151i","publisher":{"@id":"https:\/\/vasasbasket.hu\/#organization"},"potentialAction":[{"@type":"SearchAction","target":{"@type":"EntryPoint","urlTemplate":"https:\/\/vasasbasket.hu\/?s={search_term_string}"},"query-input":{"@type":"PropertyValueSpecification","valueRequired":true,"valueName":"search_term_string"}}],"inLanguage":"hu"},{"@type":"Organization","@id":"https:\/\/vasasbasket.hu\/#organization","name":"Vasas n\u0151i kos\u00e1rlabda","url":"https:\/\/vasasbasket.hu\/","logo":{"@type":"ImageObject","inLanguage":"hu","@id":"https:\/\/vasasbasket.hu\/#\/schema\/logo\/image\/","url":"https:\/\/vasasbasket.hu\/wp-content\/uploads\/2017\/03\/vasas_cimer_1200.jpg","contentUrl":"https:\/\/vasasbasket.hu\/wp-content\/uploads\/2017\/03\/vasas_cimer_1200.jpg","width":1200,"height":1200,"caption":"Vasas n\u0151i kos\u00e1rlabda"},"image":{"@id":"https:\/\/vasasbasket.hu\/#\/schema\/logo\/image\/"},"sameAs":["https:\/\/www.facebook.com\/vasaswbasket\/"]},{"@type":"Person","@id":"https:\/\/vasasbasket.hu\/#\/schema\/person\/f1085f4d2c6582d8d0f977e92de2edee","name":"admin","image":{"@type":"ImageObject","inLanguage":"hu","@id":"https:\/\/vasasbasket.hu\/#\/schema\/person\/image\/","url":"https:\/\/secure.gravatar.com\/avatar\/645c92f7d9cfe02bd93ce2d1cfa11cd3a268bdfe65486552ff04b193cea07634?s=96&d=mm&r=g","contentUrl":"https:\/\/secure.gravatar.com\/avatar\/645c92f7d9cfe02bd93ce2d1cfa11cd3a268bdfe65486552ff04b193cea07634?s=96&d=mm&r=g","caption":"admin"},"url":"https:\/\/vasasbasket.hu\/index.php\/author\/admin\/"}]}},"_links":{"self":[{"href":"https:\/\/vasasbasket.hu\/index.php\/wp-json\/wp\/v2\/posts\/5701","targetHints":{"allow":["GET"]}}],"collection":[{"href":"https:\/\/vasasbasket.hu\/index.php\/wp-json\/wp\/v2\/posts"}],"about":[{"href":"https:\/\/vasasbasket.hu\/index.php\/wp-json\/wp\/v2\/types\/post"}],"author":[{"embeddable":true,"href":"https:\/\/vasasbasket.hu\/index.php\/wp-json\/wp\/v2\/users\/1"}],"replies":[{"embeddable":true,"href":"https:\/\/vasasbasket.hu\/index.php\/wp-json\/wp\/v2\/comments?post=5701"}],"version-history":[{"count":1,"href":"https:\/\/vasasbasket.hu\/index.php\/wp-json\/wp\/v2\/posts\/5701\/revisions"}],"predecessor-version":[{"id":5703,"href":"https:\/\/vasasbasket.hu\/index.php\/wp-json\/wp\/v2\/posts\/5701\/revisions\/5703"}],"wp:featuredmedia":[{"embeddable":true,"href":"https:\/\/vasasbasket.hu\/index.php\/wp-json\/wp\/v2\/media\/5702"}],"wp:attachment":[{"href":"https:\/\/vasasbasket.hu\/index.php\/wp-json\/wp\/v2\/media?parent=5701"}],"wp:term":[{"taxonomy":"category","embeddable":true,"href":"https:\/\/vasasbasket.hu\/index.php\/wp-json\/wp\/v2\/categories?post=5701"},{"taxonomy":"post_tag","embeddable":true,"href":"https:\/\/vasasbasket.hu\/index.php\/wp-json\/wp\/v2\/tags?post=5701"}],"curies":[{"name":"wp","href":"https:\/\/api.w.org\/{rel}","templated":true}]}}