{"id":5620,"date":"2019-05-06T16:12:24","date_gmt":"2019-05-06T16:12:24","guid":{"rendered":"http:\/\/vasasbasket.hu\/?p=5620"},"modified":"2019-05-06T16:12:24","modified_gmt":"2019-05-06T16:12:24","slug":"unnepelhettek-az-u14-b-sek","status":"publish","type":"post","link":"https:\/\/vasasbasket.hu\/index.php\/unnepelhettek-az-u14-b-sek\/","title":{"rendered":"\u00dcnnepelhettek az U14\/B-sek"},"content":{"rendered":"<p><strong>A h\u00e9tv\u00e9g\u00e9n k\u00e9t m\u00e9rk\u0151z\u00e9st is j\u00e1tszott a Vasas Akad\u00e9mia serd\u00fcl\u0151 B csapata a Region\u00e1lis Bajnoks\u00e1gban. A k\u00e9t gy\u0151zelmet k\u00f6vet\u0151en Kert\u00e9sz D\u00e1vid l\u00e1nyai megszerezt\u00e9k a r\u00e9gi\u00f3s bajnoki c\u00edmet, \u00edgy tov\u00e1bbjutottak a r\u00e9gi\u00f3s bajnokok d\u00f6nt\u0151j\u00e9re.<\/strong><\/p>\n<p><em>&#8222;Hetek \u00f3ta egyre gyeng\u00e9bben j\u00e1tszunk a m\u00e9rk\u0151z\u00e9seken, de tal\u00e1n ez a meccs volt a m\u00e9lypont. Kev\u00e9s pozit\u00edvumot tudn\u00e9k mondani, \u00edgy csak gratul\u00e1lok a gy\u0151zelemhez&#8221;<\/em> &#8211; mondta a csapat edz\u0151je, Kert\u00e9sz D\u00e1vid.<\/p>\n<p><strong>Vasas Akad\u00e9mia\/B \u2013<\/strong> Radobasket <strong>45-43<\/strong> (9-6,6-12,18-8,12-17)<br \/>\n<em>Pontszerz\u0151k:<\/em><strong><br \/>\nVasas Akad\u00e9mia\/B:<\/strong> Fogarasi K. 15, Herzog B., Starosta T. 4, Ilcsik B., Hruby L. 6, \u00c9des L. 2, Benyovszki P. 3, Igaz E. 4, Hal\u00e1sz L. 2, Masier S. 8, Szab\u00f3 F. 1<\/p>\n<p><em>&#8222;\u00c1tszakadt egy g\u00e1t ezen a m\u00e9rk\u0151z\u00e9sen, \u00edgy felszabadultan \u00e9s kev\u00e9s hib\u00e1val tudtak j\u00e1tszani a l\u00e1nyok, melynek eredm\u00e9nye egy k\u00f6nnyed gy\u0151zelem mellett tov\u00e1bbjut\u00e1s volt a r\u00e9gi\u00f3s bajnokok d\u00f6nt\u0151j\u00e9re. Gratul\u00e1lok a l\u00e1nyoknak&#8221;<\/em> &#8211; mondta Kert\u00e9sz D\u00e1vid.<\/p>\n<p><strong>Vasas Akad\u00e9mia\/B \u2013<\/strong> BEAC\/B <strong>74-30<\/strong> (28-4,18-10,18-6,10-10)<br \/>\n<em>Pontszerz\u0151k:<\/em><strong><br \/>\nVasas Akad\u00e9mia\/B:<\/strong> Fogarasi K. 8, Herzog B. 4, Starosta T. 4, Ilcsik B. 2, Hruby L. 4, \u00c9des L. 4, Benyovszki P. 16, Igaz E. 6, Hal\u00e1sz L. 12, Szab\u00f3 F. 10, L\u00e1szl\u00f3 R. 4<\/p>\n","protected":false},"excerpt":{"rendered":"<p>A h\u00e9tv\u00e9g\u00e9n k\u00e9t m\u00e9rk\u0151z\u00e9st is j\u00e1tszott a Vasas Akad\u00e9mia serd\u00fcl\u0151 B csapata a Region\u00e1lis Bajnoks\u00e1gban. A k\u00e9t gy\u0151zelmet k\u00f6vet\u0151en Kert\u00e9sz D\u00e1vid l\u00e1nyai megszerezt\u00e9k a r\u00e9gi\u00f3s bajnoki c\u00edmet, \u00edgy tov\u00e1bbjutottak a r\u00e9gi\u00f3s bajnokok d\u00f6nt\u0151j\u00e9re. &#8222;Hetek \u00f3ta egyre gyeng\u00e9bben j\u00e1tszunk a m\u00e9rk\u0151z\u00e9seken, de tal\u00e1n ez a meccs volt a m\u00e9lypont. Kev\u00e9s pozit\u00edvumot tudn\u00e9k mondani, \u00edgy csak gratul\u00e1lok&#8230;<\/p>\n","protected":false},"author":1,"featured_media":5621,"comment_status":"closed","ping_status":"open","sticky":false,"template":"","format":"standard","meta":{"footnotes":""},"categories":[52,92],"tags":[],"class_list":["post-5620","post","type-post","status-publish","format-standard","has-post-thumbnail","hentry","category-serdulo","category-hirek"],"yoast_head":"<!-- This site is optimized with the Yoast SEO plugin v26.0 - https:\/\/yoast.com\/wordpress\/plugins\/seo\/ -->\n<title>\u00dcnnepelhettek az U14\/B-sek - Vasas n\u0151i kos\u00e1rlabda<\/title>\n<meta name=\"robots\" content=\"index, follow, max-snippet:-1, max-image-preview:large, max-video-preview:-1\" \/>\n<link rel=\"canonical\" href=\"https:\/\/vasasbasket.hu\/index.php\/unnepelhettek-az-u14-b-sek\/\" \/>\n<meta property=\"og:locale\" content=\"hu_HU\" \/>\n<meta property=\"og:type\" content=\"article\" \/>\n<meta property=\"og:title\" content=\"\u00dcnnepelhettek az U14\/B-sek - Vasas n\u0151i kos\u00e1rlabda\" \/>\n<meta property=\"og:description\" content=\"A h\u00e9tv\u00e9g\u00e9n k\u00e9t m\u00e9rk\u0151z\u00e9st is j\u00e1tszott a Vasas Akad\u00e9mia serd\u00fcl\u0151 B csapata a Region\u00e1lis Bajnoks\u00e1gban. A k\u00e9t gy\u0151zelmet k\u00f6vet\u0151en Kert\u00e9sz D\u00e1vid l\u00e1nyai megszerezt\u00e9k a r\u00e9gi\u00f3s bajnoki c\u00edmet, \u00edgy tov\u00e1bbjutottak a r\u00e9gi\u00f3s bajnokok d\u00f6nt\u0151j\u00e9re. &#8222;Hetek \u00f3ta egyre gyeng\u00e9bben j\u00e1tszunk a m\u00e9rk\u0151z\u00e9seken, de tal\u00e1n ez a meccs volt a m\u00e9lypont. Kev\u00e9s pozit\u00edvumot tudn\u00e9k mondani, \u00edgy csak gratul\u00e1lok...\" \/>\n<meta property=\"og:url\" content=\"https:\/\/vasasbasket.hu\/index.php\/unnepelhettek-az-u14-b-sek\/\" \/>\n<meta property=\"og:site_name\" content=\"Vasas n\u0151i kos\u00e1rlabda\" \/>\n<meta property=\"article:publisher\" content=\"https:\/\/www.facebook.com\/vasaswbasket\/\" \/>\n<meta property=\"article:published_time\" content=\"2019-05-06T16:12:24+00:00\" \/>\n<meta property=\"og:image\" content=\"https:\/\/vasasbasket.hu\/wp-content\/uploads\/2019\/05\/58831527_423295615129342_6527336729177751552_n-e1557159131225-scaled.jpg\" \/>\n\t<meta property=\"og:image:width\" content=\"2560\" \/>\n\t<meta property=\"og:image:height\" content=\"1569\" \/>\n\t<meta property=\"og:image:type\" content=\"image\/jpeg\" \/>\n<meta name=\"author\" content=\"admin\" \/>\n<meta name=\"twitter:card\" content=\"summary_large_image\" \/>\n<meta name=\"twitter:label1\" content=\"Szerz\u0151:\" \/>\n\t<meta name=\"twitter:data1\" content=\"admin\" \/>\n\t<meta name=\"twitter:label2\" content=\"Becs\u00fclt olvas\u00e1si id\u0151\" \/>\n\t<meta name=\"twitter:data2\" content=\"1 perc\" \/>\n<script type=\"application\/ld+json\" class=\"yoast-schema-graph\">{\"@context\":\"https:\/\/schema.org\",\"@graph\":[{\"@type\":\"Article\",\"@id\":\"https:\/\/vasasbasket.hu\/index.php\/unnepelhettek-az-u14-b-sek\/#article\",\"isPartOf\":{\"@id\":\"https:\/\/vasasbasket.hu\/index.php\/unnepelhettek-az-u14-b-sek\/\"},\"author\":{\"name\":\"admin\",\"@id\":\"https:\/\/vasasbasket.hu\/#\/schema\/person\/f1085f4d2c6582d8d0f977e92de2edee\"},\"headline\":\"\u00dcnnepelhettek az U14\/B-sek\",\"datePublished\":\"2019-05-06T16:12:24+00:00\",\"mainEntityOfPage\":{\"@id\":\"https:\/\/vasasbasket.hu\/index.php\/unnepelhettek-az-u14-b-sek\/\"},\"wordCount\":248,\"publisher\":{\"@id\":\"https:\/\/vasasbasket.hu\/#organization\"},\"image\":{\"@id\":\"https:\/\/vasasbasket.hu\/index.php\/unnepelhettek-az-u14-b-sek\/#primaryimage\"},\"thumbnailUrl\":\"https:\/\/vasasbasket.hu\/wp-content\/uploads\/2019\/05\/58831527_423295615129342_6527336729177751552_n-e1557159131225-scaled.jpg\",\"articleSection\":[\"Serd\u00fcl\u0151\",\"\u00d6sszes H\u00edr\"],\"inLanguage\":\"hu\"},{\"@type\":\"WebPage\",\"@id\":\"https:\/\/vasasbasket.hu\/index.php\/unnepelhettek-az-u14-b-sek\/\",\"url\":\"https:\/\/vasasbasket.hu\/index.php\/unnepelhettek-az-u14-b-sek\/\",\"name\":\"\u00dcnnepelhettek az U14\/B-sek - Vasas n\u0151i kos\u00e1rlabda\",\"isPartOf\":{\"@id\":\"https:\/\/vasasbasket.hu\/#website\"},\"primaryImageOfPage\":{\"@id\":\"https:\/\/vasasbasket.hu\/index.php\/unnepelhettek-az-u14-b-sek\/#primaryimage\"},\"image\":{\"@id\":\"https:\/\/vasasbasket.hu\/index.php\/unnepelhettek-az-u14-b-sek\/#primaryimage\"},\"thumbnailUrl\":\"https:\/\/vasasbasket.hu\/wp-content\/uploads\/2019\/05\/58831527_423295615129342_6527336729177751552_n-e1557159131225-scaled.jpg\",\"datePublished\":\"2019-05-06T16:12:24+00:00\",\"breadcrumb\":{\"@id\":\"https:\/\/vasasbasket.hu\/index.php\/unnepelhettek-az-u14-b-sek\/#breadcrumb\"},\"inLanguage\":\"hu\",\"potentialAction\":[{\"@type\":\"ReadAction\",\"target\":[\"https:\/\/vasasbasket.hu\/index.php\/unnepelhettek-az-u14-b-sek\/\"]}]},{\"@type\":\"ImageObject\",\"inLanguage\":\"hu\",\"@id\":\"https:\/\/vasasbasket.hu\/index.php\/unnepelhettek-az-u14-b-sek\/#primaryimage\",\"url\":\"https:\/\/vasasbasket.hu\/wp-content\/uploads\/2019\/05\/58831527_423295615129342_6527336729177751552_n-e1557159131225-scaled.jpg\",\"contentUrl\":\"https:\/\/vasasbasket.hu\/wp-content\/uploads\/2019\/05\/58831527_423295615129342_6527336729177751552_n-e1557159131225-scaled.jpg\",\"width\":2560,\"height\":1569},{\"@type\":\"BreadcrumbList\",\"@id\":\"https:\/\/vasasbasket.hu\/index.php\/unnepelhettek-az-u14-b-sek\/#breadcrumb\",\"itemListElement\":[{\"@type\":\"ListItem\",\"position\":1,\"name\":\"Kezd\u0151lap\",\"item\":\"https:\/\/vasasbasket.hu\/\"},{\"@type\":\"ListItem\",\"position\":2,\"name\":\"\u00dcnnepelhettek az U14\/B-sek\"}]},{\"@type\":\"WebSite\",\"@id\":\"https:\/\/vasasbasket.hu\/#website\",\"url\":\"https:\/\/vasasbasket.hu\/\",\"name\":\"Vasas n\u0151i kos\u00e1rlabda\",\"description\":\"Vasas Basket N\u0151i\",\"publisher\":{\"@id\":\"https:\/\/vasasbasket.hu\/#organization\"},\"potentialAction\":[{\"@type\":\"SearchAction\",\"target\":{\"@type\":\"EntryPoint\",\"urlTemplate\":\"https:\/\/vasasbasket.hu\/?s={search_term_string}\"},\"query-input\":{\"@type\":\"PropertyValueSpecification\",\"valueRequired\":true,\"valueName\":\"search_term_string\"}}],\"inLanguage\":\"hu\"},{\"@type\":\"Organization\",\"@id\":\"https:\/\/vasasbasket.hu\/#organization\",\"name\":\"Vasas n\u0151i kos\u00e1rlabda\",\"url\":\"https:\/\/vasasbasket.hu\/\",\"logo\":{\"@type\":\"ImageObject\",\"inLanguage\":\"hu\",\"@id\":\"https:\/\/vasasbasket.hu\/#\/schema\/logo\/image\/\",\"url\":\"https:\/\/vasasbasket.hu\/wp-content\/uploads\/2017\/03\/vasas_cimer_1200.jpg\",\"contentUrl\":\"https:\/\/vasasbasket.hu\/wp-content\/uploads\/2017\/03\/vasas_cimer_1200.jpg\",\"width\":1200,\"height\":1200,\"caption\":\"Vasas n\u0151i kos\u00e1rlabda\"},\"image\":{\"@id\":\"https:\/\/vasasbasket.hu\/#\/schema\/logo\/image\/\"},\"sameAs\":[\"https:\/\/www.facebook.com\/vasaswbasket\/\"]},{\"@type\":\"Person\",\"@id\":\"https:\/\/vasasbasket.hu\/#\/schema\/person\/f1085f4d2c6582d8d0f977e92de2edee\",\"name\":\"admin\",\"image\":{\"@type\":\"ImageObject\",\"inLanguage\":\"hu\",\"@id\":\"https:\/\/vasasbasket.hu\/#\/schema\/person\/image\/\",\"url\":\"https:\/\/secure.gravatar.com\/avatar\/645c92f7d9cfe02bd93ce2d1cfa11cd3a268bdfe65486552ff04b193cea07634?s=96&d=mm&r=g\",\"contentUrl\":\"https:\/\/secure.gravatar.com\/avatar\/645c92f7d9cfe02bd93ce2d1cfa11cd3a268bdfe65486552ff04b193cea07634?s=96&d=mm&r=g\",\"caption\":\"admin\"},\"url\":\"https:\/\/vasasbasket.hu\/index.php\/author\/admin\/\"}]}<\/script>\n<!-- \/ Yoast SEO plugin. -->","yoast_head_json":{"title":"\u00dcnnepelhettek az U14\/B-sek - Vasas n\u0151i kos\u00e1rlabda","robots":{"index":"index","follow":"follow","max-snippet":"max-snippet:-1","max-image-preview":"max-image-preview:large","max-video-preview":"max-video-preview:-1"},"canonical":"https:\/\/vasasbasket.hu\/index.php\/unnepelhettek-az-u14-b-sek\/","og_locale":"hu_HU","og_type":"article","og_title":"\u00dcnnepelhettek az U14\/B-sek - Vasas n\u0151i kos\u00e1rlabda","og_description":"A h\u00e9tv\u00e9g\u00e9n k\u00e9t m\u00e9rk\u0151z\u00e9st is j\u00e1tszott a Vasas Akad\u00e9mia serd\u00fcl\u0151 B csapata a Region\u00e1lis Bajnoks\u00e1gban. A k\u00e9t gy\u0151zelmet k\u00f6vet\u0151en Kert\u00e9sz D\u00e1vid l\u00e1nyai megszerezt\u00e9k a r\u00e9gi\u00f3s bajnoki c\u00edmet, \u00edgy tov\u00e1bbjutottak a r\u00e9gi\u00f3s bajnokok d\u00f6nt\u0151j\u00e9re. &#8222;Hetek \u00f3ta egyre gyeng\u00e9bben j\u00e1tszunk a m\u00e9rk\u0151z\u00e9seken, de tal\u00e1n ez a meccs volt a m\u00e9lypont. Kev\u00e9s pozit\u00edvumot tudn\u00e9k mondani, \u00edgy csak gratul\u00e1lok...","og_url":"https:\/\/vasasbasket.hu\/index.php\/unnepelhettek-az-u14-b-sek\/","og_site_name":"Vasas n\u0151i kos\u00e1rlabda","article_publisher":"https:\/\/www.facebook.com\/vasaswbasket\/","article_published_time":"2019-05-06T16:12:24+00:00","og_image":[{"width":2560,"height":1569,"url":"https:\/\/vasasbasket.hu\/wp-content\/uploads\/2019\/05\/58831527_423295615129342_6527336729177751552_n-e1557159131225-scaled.jpg","type":"image\/jpeg"}],"author":"admin","twitter_card":"summary_large_image","twitter_misc":{"Szerz\u0151:":"admin","Becs\u00fclt olvas\u00e1si id\u0151":"1 perc"},"schema":{"@context":"https:\/\/schema.org","@graph":[{"@type":"Article","@id":"https:\/\/vasasbasket.hu\/index.php\/unnepelhettek-az-u14-b-sek\/#article","isPartOf":{"@id":"https:\/\/vasasbasket.hu\/index.php\/unnepelhettek-az-u14-b-sek\/"},"author":{"name":"admin","@id":"https:\/\/vasasbasket.hu\/#\/schema\/person\/f1085f4d2c6582d8d0f977e92de2edee"},"headline":"\u00dcnnepelhettek az U14\/B-sek","datePublished":"2019-05-06T16:12:24+00:00","mainEntityOfPage":{"@id":"https:\/\/vasasbasket.hu\/index.php\/unnepelhettek-az-u14-b-sek\/"},"wordCount":248,"publisher":{"@id":"https:\/\/vasasbasket.hu\/#organization"},"image":{"@id":"https:\/\/vasasbasket.hu\/index.php\/unnepelhettek-az-u14-b-sek\/#primaryimage"},"thumbnailUrl":"https:\/\/vasasbasket.hu\/wp-content\/uploads\/2019\/05\/58831527_423295615129342_6527336729177751552_n-e1557159131225-scaled.jpg","articleSection":["Serd\u00fcl\u0151","\u00d6sszes H\u00edr"],"inLanguage":"hu"},{"@type":"WebPage","@id":"https:\/\/vasasbasket.hu\/index.php\/unnepelhettek-az-u14-b-sek\/","url":"https:\/\/vasasbasket.hu\/index.php\/unnepelhettek-az-u14-b-sek\/","name":"\u00dcnnepelhettek az U14\/B-sek - Vasas n\u0151i kos\u00e1rlabda","isPartOf":{"@id":"https:\/\/vasasbasket.hu\/#website"},"primaryImageOfPage":{"@id":"https:\/\/vasasbasket.hu\/index.php\/unnepelhettek-az-u14-b-sek\/#primaryimage"},"image":{"@id":"https:\/\/vasasbasket.hu\/index.php\/unnepelhettek-az-u14-b-sek\/#primaryimage"},"thumbnailUrl":"https:\/\/vasasbasket.hu\/wp-content\/uploads\/2019\/05\/58831527_423295615129342_6527336729177751552_n-e1557159131225-scaled.jpg","datePublished":"2019-05-06T16:12:24+00:00","breadcrumb":{"@id":"https:\/\/vasasbasket.hu\/index.php\/unnepelhettek-az-u14-b-sek\/#breadcrumb"},"inLanguage":"hu","potentialAction":[{"@type":"ReadAction","target":["https:\/\/vasasbasket.hu\/index.php\/unnepelhettek-az-u14-b-sek\/"]}]},{"@type":"ImageObject","inLanguage":"hu","@id":"https:\/\/vasasbasket.hu\/index.php\/unnepelhettek-az-u14-b-sek\/#primaryimage","url":"https:\/\/vasasbasket.hu\/wp-content\/uploads\/2019\/05\/58831527_423295615129342_6527336729177751552_n-e1557159131225-scaled.jpg","contentUrl":"https:\/\/vasasbasket.hu\/wp-content\/uploads\/2019\/05\/58831527_423295615129342_6527336729177751552_n-e1557159131225-scaled.jpg","width":2560,"height":1569},{"@type":"BreadcrumbList","@id":"https:\/\/vasasbasket.hu\/index.php\/unnepelhettek-az-u14-b-sek\/#breadcrumb","itemListElement":[{"@type":"ListItem","position":1,"name":"Kezd\u0151lap","item":"https:\/\/vasasbasket.hu\/"},{"@type":"ListItem","position":2,"name":"\u00dcnnepelhettek az U14\/B-sek"}]},{"@type":"WebSite","@id":"https:\/\/vasasbasket.hu\/#website","url":"https:\/\/vasasbasket.hu\/","name":"Vasas n\u0151i kos\u00e1rlabda","description":"Vasas Basket N\u0151i","publisher":{"@id":"https:\/\/vasasbasket.hu\/#organization"},"potentialAction":[{"@type":"SearchAction","target":{"@type":"EntryPoint","urlTemplate":"https:\/\/vasasbasket.hu\/?s={search_term_string}"},"query-input":{"@type":"PropertyValueSpecification","valueRequired":true,"valueName":"search_term_string"}}],"inLanguage":"hu"},{"@type":"Organization","@id":"https:\/\/vasasbasket.hu\/#organization","name":"Vasas n\u0151i kos\u00e1rlabda","url":"https:\/\/vasasbasket.hu\/","logo":{"@type":"ImageObject","inLanguage":"hu","@id":"https:\/\/vasasbasket.hu\/#\/schema\/logo\/image\/","url":"https:\/\/vasasbasket.hu\/wp-content\/uploads\/2017\/03\/vasas_cimer_1200.jpg","contentUrl":"https:\/\/vasasbasket.hu\/wp-content\/uploads\/2017\/03\/vasas_cimer_1200.jpg","width":1200,"height":1200,"caption":"Vasas n\u0151i kos\u00e1rlabda"},"image":{"@id":"https:\/\/vasasbasket.hu\/#\/schema\/logo\/image\/"},"sameAs":["https:\/\/www.facebook.com\/vasaswbasket\/"]},{"@type":"Person","@id":"https:\/\/vasasbasket.hu\/#\/schema\/person\/f1085f4d2c6582d8d0f977e92de2edee","name":"admin","image":{"@type":"ImageObject","inLanguage":"hu","@id":"https:\/\/vasasbasket.hu\/#\/schema\/person\/image\/","url":"https:\/\/secure.gravatar.com\/avatar\/645c92f7d9cfe02bd93ce2d1cfa11cd3a268bdfe65486552ff04b193cea07634?s=96&d=mm&r=g","contentUrl":"https:\/\/secure.gravatar.com\/avatar\/645c92f7d9cfe02bd93ce2d1cfa11cd3a268bdfe65486552ff04b193cea07634?s=96&d=mm&r=g","caption":"admin"},"url":"https:\/\/vasasbasket.hu\/index.php\/author\/admin\/"}]}},"_links":{"self":[{"href":"https:\/\/vasasbasket.hu\/index.php\/wp-json\/wp\/v2\/posts\/5620","targetHints":{"allow":["GET"]}}],"collection":[{"href":"https:\/\/vasasbasket.hu\/index.php\/wp-json\/wp\/v2\/posts"}],"about":[{"href":"https:\/\/vasasbasket.hu\/index.php\/wp-json\/wp\/v2\/types\/post"}],"author":[{"embeddable":true,"href":"https:\/\/vasasbasket.hu\/index.php\/wp-json\/wp\/v2\/users\/1"}],"replies":[{"embeddable":true,"href":"https:\/\/vasasbasket.hu\/index.php\/wp-json\/wp\/v2\/comments?post=5620"}],"version-history":[{"count":1,"href":"https:\/\/vasasbasket.hu\/index.php\/wp-json\/wp\/v2\/posts\/5620\/revisions"}],"predecessor-version":[{"id":5622,"href":"https:\/\/vasasbasket.hu\/index.php\/wp-json\/wp\/v2\/posts\/5620\/revisions\/5622"}],"wp:featuredmedia":[{"embeddable":true,"href":"https:\/\/vasasbasket.hu\/index.php\/wp-json\/wp\/v2\/media\/5621"}],"wp:attachment":[{"href":"https:\/\/vasasbasket.hu\/index.php\/wp-json\/wp\/v2\/media?parent=5620"}],"wp:term":[{"taxonomy":"category","embeddable":true,"href":"https:\/\/vasasbasket.hu\/index.php\/wp-json\/wp\/v2\/categories?post=5620"},{"taxonomy":"post_tag","embeddable":true,"href":"https:\/\/vasasbasket.hu\/index.php\/wp-json\/wp\/v2\/tags?post=5620"}],"curies":[{"name":"wp","href":"https:\/\/api.w.org\/{rel}","templated":true}]}}