{"id":5598,"date":"2019-04-29T16:11:45","date_gmt":"2019-04-29T16:11:45","guid":{"rendered":"http:\/\/vasasbasket.hu\/?p=5598"},"modified":"2019-05-02T09:37:53","modified_gmt":"2019-05-02T09:37:53","slug":"negybol-harmat-nyertek-az-u12-esek","status":"publish","type":"post","link":"https:\/\/vasasbasket.hu\/index.php\/negybol-harmat-nyertek-az-u12-esek\/","title":{"rendered":"N\u00e9gyb\u0151l h\u00e1rmat nyertek az U12-esek"},"content":{"rendered":"<p><strong>Az U12-es Orsz\u00e1gos Bajnoks\u00e1g nyolcadik fordul\u00f3j\u00e1t 4\/3-as mutat\u00f3val z\u00e1rta a Vasas Akad\u00e9mia k\u00e9t gyerekcsapata.<\/strong><\/p>\n<p><em>&#8222;K\u00e9t hi\u00e1nyz\u00f3val v\u00e1gtunk neki ennek a h\u00e9tv\u00e9g\u00e9nek, r\u00e1ad\u00e1sul a Bolh\u00e1k csapat\u00e1ban is voltak hi\u00e1nyz\u00f3k b\u0151ven, \u00edgy Sz\u00edj-Kris\u00e1nszky Zo\u00e9nak, Tam\u00e1s Petr\u00e1nak, Pusk\u00e1s Lilinek \u00e9s Bori Liz\u00e1nak \u00f6sszesen n\u00e9gy m\u00e9rk\u0151z\u00e9s jutott erre a szombatra, de nagyon derekasan helyt \u00e1lltak. A K\u00f6l\u00f6k\u00f6s Fi\u00fak ellen egyb\u0151l egy 18-8-as kezd\u00e9ssel ind\u00edtottunk, ez\u00fattal sebess\u00e9gben \u00e9s akaratban is fel tudtuk venni a versenyt. T\u00e1mad\u00e1sban sz\u00e9pen m\u0171k\u00f6dtek az egy-egyek \u00e9s a m\u00f6g\u00e9fut\u00e1sok, melyek v\u00e9g\u00e9n \u00e1ltal\u00e1ban Szofi, Emma \u00e9s Fanni voltak a befejez\u0151k. A labda n\u00e9lk\u00fcli elmozdul\u00e1sok m\u00e1r rendre megvoltak, \u00e9s a lerohan\u00e1sok is sz\u00e9pen alakulnak. 31-b\u0151l 18 b\u00fcntet\u0151t \u00e9rt\u00e9kes\u00edtett\u00fcnk, ami sz\u00e9p sz\u00e1m. A sz\u00e1mtalan kihagyott ziccer, ami eddig a meccseinket jellemezte, sz\u00e9pen lecs\u00f6kkent, viszont a labd\u00e1t m\u00e9g mindig gyakran nem becs\u00fclj\u00fck meg el\u00e9gg\u00e9, ebben fejl\u0151dn\u00fcnk kell. V\u00e9dekez\u00e9sben csapatk\u00e9nt m\u0171k\u00f6dt\u00fcnk, rengeteg labd\u00e1t siker\u00fclt szerezn\u00fcnk, az egy-egy v\u00e9dekez\u00e9sek a hely\u00e9n voltak, viszont legnagyobb fejl\u0151d\u00e9st a labda n\u00e9lk\u00fcli helyezked\u00e9sn\u00e9l \u00e9s a befut\u00e1sok lev\u00e9d\u00e9s\u00e9ben l\u00e1ttam a l\u00e1nyokon&#8221;<\/em> &#8211; mondta a csapat edz\u0151je, Kiss M\u00e1t\u00e9.<\/p>\n<p><strong>Vasas Amazonok &#8211;<\/strong> K\u00f6l\u00f6k\u00f6s Fi\u00fak <strong>54-39<\/strong> (18-8, 6+8 &#8211; 8+1, 10-11, 12-11)<br \/>\n<em>Pontszerz\u0151k:<\/em><br \/>\n<strong>Vasas Amazonok: <\/strong>F\u00e1bi\u00e1n Szofi 17, Harmati Emma 12, D\u00fal Fanni 6, Szab\u00f3 Em\u00edlia 5, Kiss Kamilla 4, Kasz\u00e1s Lili 3, Schannen Zo\u00e9 3, Sz\u00edj-Kris\u00e1nszky Zo\u00e9 1, Bori Liza 1, Csercsa Eszter 1, Kiss Z\u00f3ra 1, Tam\u00e1s Petra<\/p>\n<p><em>&#8222;K\u00f6zvetlen\u00fcl a K\u00f6l\u00f6k\u00f6s Fi\u00fak ut\u00e1n j\u00e1tszottuk m\u00e1sodik meccs\u00fcnket a BEAC\/B csapat\u00e1val. \u00c9rz\u0151d\u00f6tt a kev\u00e9s sz\u00fcnet a l\u00e1nyokon, m\u00e1r nem voltak annyira frissek a l\u00e1bak \u00e9s a fejek, s\u0151t Csercsa Eszternek r\u00f6gt\u00f6n az els\u0151 negyedben kiment a bok\u00e1ja, \u00e9s nem is tudott m\u00e1r p\u00e1ly\u00e1ra l\u00e9pni a folytat\u00e1sban. Ennek ellen\u00e9re a f\u00e9lid\u0151ig sz\u00e9pen tartottuk a l\u00e9p\u00e9st, a harmadik negyedet azonban kicsit lassan kezdt\u00fck. Egy hat\u00e1rozott id\u0151k\u00e9r\u00e9st k\u00f6vet\u0151en azonban siker\u00fclt egy 12-2-t futni, amivel 32-30-ra z\u00e1rk\u00f3ztunk, a folytat\u00e1sra azonban megt\u00f6rt a lend\u00fclet, \u00e9s elfogytunk a v\u00e9g\u00e9re. Nagyon nagy pozit\u00edvum, hogy most m\u00e1r sokadik alkalommal hat kenguru koroszt\u00e1lyos j\u00e1t\u00e9kossal \u00e1lltunk ki, \u00e9s mindig sz\u00e9pen dolgozva tudnak helyt \u00e1llni&#8221;<\/em> &#8211; mondta Kiss M\u00e1t\u00e9.<\/p>\n<p>BEAC \u00dajbuda KA\/B<strong> &#8211; Vasas Amazonok 43-36<\/strong> (8-5, 11+7 &#8211; 4+4, 10-17, 7-6)<br \/>\n<em>Pontszerz\u0151k:<\/em><br \/>\n<strong>Vasas Amazonok: <\/strong>F\u00e1bi\u00e1n Szofi 13, Sz\u00edj-Kris\u00e1nszky Zo\u00e9 8, Kiss Kamilla 4, D\u00fal Fanni 4, Harmati Emma 2, Bori Liza 1, Kiss Z\u00f3ra 1, Szab\u00f3 Em\u00edlia 1, Csercsa Eszter 1, Kasz\u00e1s Lili 1, Pusk\u00e1s Lili, Schannen Zo\u00e9<\/p>\n<p><em>&#8222;Nagyon kor\u00e1n reggel l\u00e9pt\u00fcnk p\u00e1ly\u00e1ra szombaton K\u0151b\u00e1ny\u00e1n. F\u00e9ltem, nehezen tudnak majd emiatt felp\u00f6r\u00f6gni a l\u00e1nyok, \u00e9s erre megpr\u00f3b\u00e1ltam felk\u00e9sz\u00edteni \u0151ket. Szerencs\u00e9re siker\u00fclt m\u00e1r a bemeleg\u00edt\u00e9s sor\u00e1n felp\u00f6r\u00f6gni, \u00e9s r\u00f6gt\u00f6n az el\u0151 perct\u0151l uraltuk a m\u00e9rk\u0151z\u00e9st. Nagyon sok labd\u00e1t szerezt\u00fcnk, sok k\u00f6nny\u0171 kosarat tudtunk dobni. V\u00e9gig j\u00f3l v\u00e9dekezve, j\u00f3 sz\u00e1zal\u00e9kkal siker\u00fclt \u00e9rt\u00e9kes\u00edteni a dob\u00e1sainkat. Hozz\u00e1teszem egy el\u00e9g gyenge csapat ellen j\u00e1tszottunk, \u00e9s nagy ar\u00e1ny\u00fa gy\u0151zelmet is arattunk. Tudtuk a m\u00e1sodik meccsen sokkal nehezebb dolgunk lesz&#8221;<\/em> &#8211; mondta a csapat edz\u0151je, Kaluha-Guti Alexandra.<\/p>\n<p>K\u0151b\u00e1nyai Dar\u00e1zsl\u00e1nyok B <strong>&#8211; Vasas Bolh\u00e1k 17-71<\/strong> ( 0-20, 2+5-18+3, 1-14, 9-16 )<br \/>\n<em>Pontszerz\u0151k:<\/em><br \/>\n<strong>Vasas Bolh\u00e1k: <\/strong>Galavits Lili 12, K\u00e1rp\u00e1thegyi L\u00e9da 5, Fodor J\u00e1zmin 2, Tam\u00e1s Petra 8, Mayr Lara 1, Sz\u00edj-K. Zo\u00e9 13, Bori Liza 6, Pusk\u00e1s Lili 6, K\u00fcsm\u00f6di Eszter 14, Vezselovszki Hanna 4<\/p>\n<p><em>&#8222;A KKS-sel m\u00e1r k\u00e9tszer tal\u00e1lkoztunk a bajnoks\u00e1g sor\u00e1n \u00e9s 1-1-es m\u00e9rleggel \u00e1lltunk vel\u00fck szemben a m\u00e9rk\u0151z\u00e9s el\u0151tt. Nem kezdt\u00fcnk rosszul, de j\u00f3l sem. T\u00f6bb volt a hiba \u00e9s a pontatlans\u00e1g, de a v\u00e9dekez\u00e9s\u00fcnk szerencs\u00e9re nagyr\u00e9szt a hely\u00e9n volt. T\u00e1mad\u00e1sban kev\u00e9s volt a j\u00f3 megold\u00e1s fel\u00e1llt v\u00e9delem ellen, nagyr\u00e9szt ind\u00edt\u00e1sb\u00f3l szerezt\u00fck a kosarainkat. A m\u00e1sodik negyedben a v\u00e9dekez\u00e9s v\u00e9gre sz\u00e1z sz\u00e1zal\u00e9kos volt, agressz\u00edv, pontos, ami a csapat er\u0151ss\u00e9ge. Miut\u00e1n siker\u00fclt a t\u00e1mad\u00e1st is helyretenni, nagyon sz\u00e9p megold\u00e1sokat, sok passzt-befut\u00e1st l\u00e1thatott a k\u00f6z\u00f6ns\u00e9g. Nagyon sz\u00e9pen ment a labda v\u00e9gig a m\u00e1sodik negyedben, a v\u00e9g\u00e9n megtal\u00e1lva az \u00fcres embereket. Sajnos a m\u00e1sodik f\u00e9lid\u0151ben ezeknek a halv\u00e1ny eml\u00e9k\u00e9t tudtuk maximum felid\u00e9zni. Tan\u00e1cstalans\u00e1g mind t\u00e1mad\u00e1sban, mind v\u00e9dekez\u00e9sben. J\u00f6tt a szok\u00e1sos hull\u00e1mv\u00f6lgy, \u00e9s a harmadik negyedben kaptunk egy 8-0-\u00e1t. Szerencs\u00e9re a harmadik negyed v\u00e9g\u00e9n egy dudasz\u00f3s kos\u00e1r ut\u00e1n \u00e1tlend\u00fclt a csapat, \u00e9s visszatal\u00e1ltak a j\u00f3 \u00fatra, \u00edgy v\u00e9g\u00fcl siker\u00fclt 12 ponttal nyerni. \u00cdgy az utols\u00f3 fordul\u00f3 ut\u00e1n, nagyon meg kell hogy dics\u00e9rjem a csapatot. Nagyon sokat fejl\u0151d\u00f6tt mindenki \u00e9s mondhatjuk hogy, a csapat ism\u00e9rve lett a k\u00fczdeni akar\u00e1s, a lelkesed\u00e9s, a hajt\u00e1s \u00e9s az agresszivit\u00e1s v\u00e9dekez\u00e9sben, amihez k\u00fcl\u00f6n gratul\u00e1lok, hiszen ezek azok a dolgok amiket megtan\u00edtani nagyon neh\u00e9z&#8221;<\/em> &#8211; mondta Kaluha-Guti Alexandra.<\/p>\n<p><strong>Vasas Bolh\u00e1k &#8211;<\/strong> KKS <strong>43-31<\/strong> ( 11-6, 14+6-1+8, 6-10, 6-6)<br \/>\n<em>Pontszerz\u0151k:<\/em><br \/>\n<strong>Vasas Bolh\u00e1k: <\/strong>Galavits Lili 6, Koll\u00e1r Kata 1, K\u00e1rp\u00e1thegyi L\u00e9da 5, Fodor J\u00e1zmin 5, Tam\u00e1s Petra 4, Mayr Lara 2, Sz\u00edj-K. Zo\u00e9 4, Bori Liza 7, Pusk\u00e1s Lili 5, K\u00fcsm\u00f6di Eszter 3<\/p>\n<p>&nbsp;<\/p>\n","protected":false},"excerpt":{"rendered":"<p>Az U12-es Orsz\u00e1gos Bajnoks\u00e1g nyolcadik fordul\u00f3j\u00e1t 4\/3-as mutat\u00f3val z\u00e1rta a Vasas Akad\u00e9mia k\u00e9t gyerekcsapata. &#8222;K\u00e9t hi\u00e1nyz\u00f3val v\u00e1gtunk neki ennek a h\u00e9tv\u00e9g\u00e9nek, r\u00e1ad\u00e1sul a Bolh\u00e1k csapat\u00e1ban is voltak hi\u00e1nyz\u00f3k b\u0151ven, \u00edgy Sz\u00edj-Kris\u00e1nszky Zo\u00e9nak, Tam\u00e1s Petr\u00e1nak, Pusk\u00e1s Lilinek \u00e9s Bori Liz\u00e1nak \u00f6sszesen n\u00e9gy m\u00e9rk\u0151z\u00e9s jutott erre a szombatra, de nagyon derekasan helyt \u00e1lltak. A K\u00f6l\u00f6k\u00f6s Fi\u00fak ellen&#8230;<\/p>\n","protected":false},"author":1,"featured_media":4290,"comment_status":"closed","ping_status":"open","sticky":false,"template":"","format":"standard","meta":{"footnotes":""},"categories":[73,92],"tags":[],"class_list":["post-5598","post","type-post","status-publish","format-standard","has-post-thumbnail","hentry","category-gyerek","category-hirek"],"yoast_head":"<!-- This site is optimized with the Yoast SEO plugin v26.0 - https:\/\/yoast.com\/wordpress\/plugins\/seo\/ -->\n<title>N\u00e9gyb\u0151l h\u00e1rmat nyertek az U12-esek - Vasas n\u0151i kos\u00e1rlabda<\/title>\n<meta name=\"robots\" content=\"index, follow, max-snippet:-1, max-image-preview:large, max-video-preview:-1\" \/>\n<link rel=\"canonical\" href=\"https:\/\/vasasbasket.hu\/index.php\/negybol-harmat-nyertek-az-u12-esek\/\" \/>\n<meta property=\"og:locale\" content=\"hu_HU\" \/>\n<meta property=\"og:type\" content=\"article\" \/>\n<meta property=\"og:title\" content=\"N\u00e9gyb\u0151l h\u00e1rmat nyertek az U12-esek - Vasas n\u0151i kos\u00e1rlabda\" \/>\n<meta property=\"og:description\" content=\"Az U12-es Orsz\u00e1gos Bajnoks\u00e1g nyolcadik fordul\u00f3j\u00e1t 4\/3-as mutat\u00f3val z\u00e1rta a Vasas Akad\u00e9mia k\u00e9t gyerekcsapata. &#8222;K\u00e9t hi\u00e1nyz\u00f3val v\u00e1gtunk neki ennek a h\u00e9tv\u00e9g\u00e9nek, r\u00e1ad\u00e1sul a Bolh\u00e1k csapat\u00e1ban is voltak hi\u00e1nyz\u00f3k b\u0151ven, \u00edgy Sz\u00edj-Kris\u00e1nszky Zo\u00e9nak, Tam\u00e1s Petr\u00e1nak, Pusk\u00e1s Lilinek \u00e9s Bori Liz\u00e1nak \u00f6sszesen n\u00e9gy m\u00e9rk\u0151z\u00e9s jutott erre a szombatra, de nagyon derekasan helyt \u00e1lltak. A K\u00f6l\u00f6k\u00f6s Fi\u00fak ellen...\" \/>\n<meta property=\"og:url\" content=\"https:\/\/vasasbasket.hu\/index.php\/negybol-harmat-nyertek-az-u12-esek\/\" \/>\n<meta property=\"og:site_name\" content=\"Vasas n\u0151i kos\u00e1rlabda\" \/>\n<meta property=\"article:publisher\" content=\"https:\/\/www.facebook.com\/vasaswbasket\/\" \/>\n<meta property=\"article:published_time\" content=\"2019-04-29T16:11:45+00:00\" \/>\n<meta property=\"article:modified_time\" content=\"2019-05-02T09:37:53+00:00\" \/>\n<meta property=\"og:image\" content=\"https:\/\/vasasbasket.hu\/wp-content\/uploads\/2018\/09\/Vasas-Akad\u00e9mia-U12-2.jpg\" \/>\n\t<meta property=\"og:image:width\" content=\"2000\" \/>\n\t<meta property=\"og:image:height\" content=\"1333\" \/>\n\t<meta property=\"og:image:type\" content=\"image\/jpeg\" \/>\n<meta name=\"author\" content=\"admin\" \/>\n<meta name=\"twitter:card\" content=\"summary_large_image\" \/>\n<meta name=\"twitter:label1\" content=\"Szerz\u0151:\" \/>\n\t<meta name=\"twitter:data1\" content=\"admin\" \/>\n\t<meta name=\"twitter:label2\" content=\"Becs\u00fclt olvas\u00e1si id\u0151\" \/>\n\t<meta name=\"twitter:data2\" content=\"5 perc\" \/>\n<script type=\"application\/ld+json\" class=\"yoast-schema-graph\">{\"@context\":\"https:\/\/schema.org\",\"@graph\":[{\"@type\":\"Article\",\"@id\":\"https:\/\/vasasbasket.hu\/index.php\/negybol-harmat-nyertek-az-u12-esek\/#article\",\"isPartOf\":{\"@id\":\"https:\/\/vasasbasket.hu\/index.php\/negybol-harmat-nyertek-az-u12-esek\/\"},\"author\":{\"name\":\"admin\",\"@id\":\"https:\/\/vasasbasket.hu\/#\/schema\/person\/f1085f4d2c6582d8d0f977e92de2edee\"},\"headline\":\"N\u00e9gyb\u0151l h\u00e1rmat nyertek az U12-esek\",\"datePublished\":\"2019-04-29T16:11:45+00:00\",\"dateModified\":\"2019-05-02T09:37:53+00:00\",\"mainEntityOfPage\":{\"@id\":\"https:\/\/vasasbasket.hu\/index.php\/negybol-harmat-nyertek-az-u12-esek\/\"},\"wordCount\":1074,\"publisher\":{\"@id\":\"https:\/\/vasasbasket.hu\/#organization\"},\"image\":{\"@id\":\"https:\/\/vasasbasket.hu\/index.php\/negybol-harmat-nyertek-az-u12-esek\/#primaryimage\"},\"thumbnailUrl\":\"https:\/\/vasasbasket.hu\/wp-content\/uploads\/2018\/09\/Vasas-Akad\u00e9mia-U12-2.jpg\",\"articleSection\":[\"Gyerek\",\"\u00d6sszes H\u00edr\"],\"inLanguage\":\"hu\"},{\"@type\":\"WebPage\",\"@id\":\"https:\/\/vasasbasket.hu\/index.php\/negybol-harmat-nyertek-az-u12-esek\/\",\"url\":\"https:\/\/vasasbasket.hu\/index.php\/negybol-harmat-nyertek-az-u12-esek\/\",\"name\":\"N\u00e9gyb\u0151l h\u00e1rmat nyertek az U12-esek - Vasas n\u0151i kos\u00e1rlabda\",\"isPartOf\":{\"@id\":\"https:\/\/vasasbasket.hu\/#website\"},\"primaryImageOfPage\":{\"@id\":\"https:\/\/vasasbasket.hu\/index.php\/negybol-harmat-nyertek-az-u12-esek\/#primaryimage\"},\"image\":{\"@id\":\"https:\/\/vasasbasket.hu\/index.php\/negybol-harmat-nyertek-az-u12-esek\/#primaryimage\"},\"thumbnailUrl\":\"https:\/\/vasasbasket.hu\/wp-content\/uploads\/2018\/09\/Vasas-Akad\u00e9mia-U12-2.jpg\",\"datePublished\":\"2019-04-29T16:11:45+00:00\",\"dateModified\":\"2019-05-02T09:37:53+00:00\",\"breadcrumb\":{\"@id\":\"https:\/\/vasasbasket.hu\/index.php\/negybol-harmat-nyertek-az-u12-esek\/#breadcrumb\"},\"inLanguage\":\"hu\",\"potentialAction\":[{\"@type\":\"ReadAction\",\"target\":[\"https:\/\/vasasbasket.hu\/index.php\/negybol-harmat-nyertek-az-u12-esek\/\"]}]},{\"@type\":\"ImageObject\",\"inLanguage\":\"hu\",\"@id\":\"https:\/\/vasasbasket.hu\/index.php\/negybol-harmat-nyertek-az-u12-esek\/#primaryimage\",\"url\":\"https:\/\/vasasbasket.hu\/wp-content\/uploads\/2018\/09\/Vasas-Akad\u00e9mia-U12-2.jpg\",\"contentUrl\":\"https:\/\/vasasbasket.hu\/wp-content\/uploads\/2018\/09\/Vasas-Akad\u00e9mia-U12-2.jpg\",\"width\":2000,\"height\":1333},{\"@type\":\"BreadcrumbList\",\"@id\":\"https:\/\/vasasbasket.hu\/index.php\/negybol-harmat-nyertek-az-u12-esek\/#breadcrumb\",\"itemListElement\":[{\"@type\":\"ListItem\",\"position\":1,\"name\":\"Kezd\u0151lap\",\"item\":\"https:\/\/vasasbasket.hu\/\"},{\"@type\":\"ListItem\",\"position\":2,\"name\":\"N\u00e9gyb\u0151l h\u00e1rmat nyertek az U12-esek\"}]},{\"@type\":\"WebSite\",\"@id\":\"https:\/\/vasasbasket.hu\/#website\",\"url\":\"https:\/\/vasasbasket.hu\/\",\"name\":\"Vasas n\u0151i kos\u00e1rlabda\",\"description\":\"Vasas Basket N\u0151i\",\"publisher\":{\"@id\":\"https:\/\/vasasbasket.hu\/#organization\"},\"potentialAction\":[{\"@type\":\"SearchAction\",\"target\":{\"@type\":\"EntryPoint\",\"urlTemplate\":\"https:\/\/vasasbasket.hu\/?s={search_term_string}\"},\"query-input\":{\"@type\":\"PropertyValueSpecification\",\"valueRequired\":true,\"valueName\":\"search_term_string\"}}],\"inLanguage\":\"hu\"},{\"@type\":\"Organization\",\"@id\":\"https:\/\/vasasbasket.hu\/#organization\",\"name\":\"Vasas n\u0151i kos\u00e1rlabda\",\"url\":\"https:\/\/vasasbasket.hu\/\",\"logo\":{\"@type\":\"ImageObject\",\"inLanguage\":\"hu\",\"@id\":\"https:\/\/vasasbasket.hu\/#\/schema\/logo\/image\/\",\"url\":\"https:\/\/vasasbasket.hu\/wp-content\/uploads\/2017\/03\/vasas_cimer_1200.jpg\",\"contentUrl\":\"https:\/\/vasasbasket.hu\/wp-content\/uploads\/2017\/03\/vasas_cimer_1200.jpg\",\"width\":1200,\"height\":1200,\"caption\":\"Vasas n\u0151i kos\u00e1rlabda\"},\"image\":{\"@id\":\"https:\/\/vasasbasket.hu\/#\/schema\/logo\/image\/\"},\"sameAs\":[\"https:\/\/www.facebook.com\/vasaswbasket\/\"]},{\"@type\":\"Person\",\"@id\":\"https:\/\/vasasbasket.hu\/#\/schema\/person\/f1085f4d2c6582d8d0f977e92de2edee\",\"name\":\"admin\",\"image\":{\"@type\":\"ImageObject\",\"inLanguage\":\"hu\",\"@id\":\"https:\/\/vasasbasket.hu\/#\/schema\/person\/image\/\",\"url\":\"https:\/\/secure.gravatar.com\/avatar\/645c92f7d9cfe02bd93ce2d1cfa11cd3a268bdfe65486552ff04b193cea07634?s=96&d=mm&r=g\",\"contentUrl\":\"https:\/\/secure.gravatar.com\/avatar\/645c92f7d9cfe02bd93ce2d1cfa11cd3a268bdfe65486552ff04b193cea07634?s=96&d=mm&r=g\",\"caption\":\"admin\"},\"url\":\"https:\/\/vasasbasket.hu\/index.php\/author\/admin\/\"}]}<\/script>\n<!-- \/ Yoast SEO plugin. -->","yoast_head_json":{"title":"N\u00e9gyb\u0151l h\u00e1rmat nyertek az U12-esek - Vasas n\u0151i kos\u00e1rlabda","robots":{"index":"index","follow":"follow","max-snippet":"max-snippet:-1","max-image-preview":"max-image-preview:large","max-video-preview":"max-video-preview:-1"},"canonical":"https:\/\/vasasbasket.hu\/index.php\/negybol-harmat-nyertek-az-u12-esek\/","og_locale":"hu_HU","og_type":"article","og_title":"N\u00e9gyb\u0151l h\u00e1rmat nyertek az U12-esek - Vasas n\u0151i kos\u00e1rlabda","og_description":"Az U12-es Orsz\u00e1gos Bajnoks\u00e1g nyolcadik fordul\u00f3j\u00e1t 4\/3-as mutat\u00f3val z\u00e1rta a Vasas Akad\u00e9mia k\u00e9t gyerekcsapata. &#8222;K\u00e9t hi\u00e1nyz\u00f3val v\u00e1gtunk neki ennek a h\u00e9tv\u00e9g\u00e9nek, r\u00e1ad\u00e1sul a Bolh\u00e1k csapat\u00e1ban is voltak hi\u00e1nyz\u00f3k b\u0151ven, \u00edgy Sz\u00edj-Kris\u00e1nszky Zo\u00e9nak, Tam\u00e1s Petr\u00e1nak, Pusk\u00e1s Lilinek \u00e9s Bori Liz\u00e1nak \u00f6sszesen n\u00e9gy m\u00e9rk\u0151z\u00e9s jutott erre a szombatra, de nagyon derekasan helyt \u00e1lltak. A K\u00f6l\u00f6k\u00f6s Fi\u00fak ellen...","og_url":"https:\/\/vasasbasket.hu\/index.php\/negybol-harmat-nyertek-az-u12-esek\/","og_site_name":"Vasas n\u0151i kos\u00e1rlabda","article_publisher":"https:\/\/www.facebook.com\/vasaswbasket\/","article_published_time":"2019-04-29T16:11:45+00:00","article_modified_time":"2019-05-02T09:37:53+00:00","og_image":[{"width":2000,"height":1333,"url":"https:\/\/vasasbasket.hu\/wp-content\/uploads\/2018\/09\/Vasas-Akad\u00e9mia-U12-2.jpg","type":"image\/jpeg"}],"author":"admin","twitter_card":"summary_large_image","twitter_misc":{"Szerz\u0151:":"admin","Becs\u00fclt olvas\u00e1si id\u0151":"5 perc"},"schema":{"@context":"https:\/\/schema.org","@graph":[{"@type":"Article","@id":"https:\/\/vasasbasket.hu\/index.php\/negybol-harmat-nyertek-az-u12-esek\/#article","isPartOf":{"@id":"https:\/\/vasasbasket.hu\/index.php\/negybol-harmat-nyertek-az-u12-esek\/"},"author":{"name":"admin","@id":"https:\/\/vasasbasket.hu\/#\/schema\/person\/f1085f4d2c6582d8d0f977e92de2edee"},"headline":"N\u00e9gyb\u0151l h\u00e1rmat nyertek az U12-esek","datePublished":"2019-04-29T16:11:45+00:00","dateModified":"2019-05-02T09:37:53+00:00","mainEntityOfPage":{"@id":"https:\/\/vasasbasket.hu\/index.php\/negybol-harmat-nyertek-az-u12-esek\/"},"wordCount":1074,"publisher":{"@id":"https:\/\/vasasbasket.hu\/#organization"},"image":{"@id":"https:\/\/vasasbasket.hu\/index.php\/negybol-harmat-nyertek-az-u12-esek\/#primaryimage"},"thumbnailUrl":"https:\/\/vasasbasket.hu\/wp-content\/uploads\/2018\/09\/Vasas-Akad\u00e9mia-U12-2.jpg","articleSection":["Gyerek","\u00d6sszes H\u00edr"],"inLanguage":"hu"},{"@type":"WebPage","@id":"https:\/\/vasasbasket.hu\/index.php\/negybol-harmat-nyertek-az-u12-esek\/","url":"https:\/\/vasasbasket.hu\/index.php\/negybol-harmat-nyertek-az-u12-esek\/","name":"N\u00e9gyb\u0151l h\u00e1rmat nyertek az U12-esek - Vasas n\u0151i kos\u00e1rlabda","isPartOf":{"@id":"https:\/\/vasasbasket.hu\/#website"},"primaryImageOfPage":{"@id":"https:\/\/vasasbasket.hu\/index.php\/negybol-harmat-nyertek-az-u12-esek\/#primaryimage"},"image":{"@id":"https:\/\/vasasbasket.hu\/index.php\/negybol-harmat-nyertek-az-u12-esek\/#primaryimage"},"thumbnailUrl":"https:\/\/vasasbasket.hu\/wp-content\/uploads\/2018\/09\/Vasas-Akad\u00e9mia-U12-2.jpg","datePublished":"2019-04-29T16:11:45+00:00","dateModified":"2019-05-02T09:37:53+00:00","breadcrumb":{"@id":"https:\/\/vasasbasket.hu\/index.php\/negybol-harmat-nyertek-az-u12-esek\/#breadcrumb"},"inLanguage":"hu","potentialAction":[{"@type":"ReadAction","target":["https:\/\/vasasbasket.hu\/index.php\/negybol-harmat-nyertek-az-u12-esek\/"]}]},{"@type":"ImageObject","inLanguage":"hu","@id":"https:\/\/vasasbasket.hu\/index.php\/negybol-harmat-nyertek-az-u12-esek\/#primaryimage","url":"https:\/\/vasasbasket.hu\/wp-content\/uploads\/2018\/09\/Vasas-Akad\u00e9mia-U12-2.jpg","contentUrl":"https:\/\/vasasbasket.hu\/wp-content\/uploads\/2018\/09\/Vasas-Akad\u00e9mia-U12-2.jpg","width":2000,"height":1333},{"@type":"BreadcrumbList","@id":"https:\/\/vasasbasket.hu\/index.php\/negybol-harmat-nyertek-az-u12-esek\/#breadcrumb","itemListElement":[{"@type":"ListItem","position":1,"name":"Kezd\u0151lap","item":"https:\/\/vasasbasket.hu\/"},{"@type":"ListItem","position":2,"name":"N\u00e9gyb\u0151l h\u00e1rmat nyertek az U12-esek"}]},{"@type":"WebSite","@id":"https:\/\/vasasbasket.hu\/#website","url":"https:\/\/vasasbasket.hu\/","name":"Vasas n\u0151i kos\u00e1rlabda","description":"Vasas Basket N\u0151i","publisher":{"@id":"https:\/\/vasasbasket.hu\/#organization"},"potentialAction":[{"@type":"SearchAction","target":{"@type":"EntryPoint","urlTemplate":"https:\/\/vasasbasket.hu\/?s={search_term_string}"},"query-input":{"@type":"PropertyValueSpecification","valueRequired":true,"valueName":"search_term_string"}}],"inLanguage":"hu"},{"@type":"Organization","@id":"https:\/\/vasasbasket.hu\/#organization","name":"Vasas n\u0151i kos\u00e1rlabda","url":"https:\/\/vasasbasket.hu\/","logo":{"@type":"ImageObject","inLanguage":"hu","@id":"https:\/\/vasasbasket.hu\/#\/schema\/logo\/image\/","url":"https:\/\/vasasbasket.hu\/wp-content\/uploads\/2017\/03\/vasas_cimer_1200.jpg","contentUrl":"https:\/\/vasasbasket.hu\/wp-content\/uploads\/2017\/03\/vasas_cimer_1200.jpg","width":1200,"height":1200,"caption":"Vasas n\u0151i kos\u00e1rlabda"},"image":{"@id":"https:\/\/vasasbasket.hu\/#\/schema\/logo\/image\/"},"sameAs":["https:\/\/www.facebook.com\/vasaswbasket\/"]},{"@type":"Person","@id":"https:\/\/vasasbasket.hu\/#\/schema\/person\/f1085f4d2c6582d8d0f977e92de2edee","name":"admin","image":{"@type":"ImageObject","inLanguage":"hu","@id":"https:\/\/vasasbasket.hu\/#\/schema\/person\/image\/","url":"https:\/\/secure.gravatar.com\/avatar\/645c92f7d9cfe02bd93ce2d1cfa11cd3a268bdfe65486552ff04b193cea07634?s=96&d=mm&r=g","contentUrl":"https:\/\/secure.gravatar.com\/avatar\/645c92f7d9cfe02bd93ce2d1cfa11cd3a268bdfe65486552ff04b193cea07634?s=96&d=mm&r=g","caption":"admin"},"url":"https:\/\/vasasbasket.hu\/index.php\/author\/admin\/"}]}},"_links":{"self":[{"href":"https:\/\/vasasbasket.hu\/index.php\/wp-json\/wp\/v2\/posts\/5598","targetHints":{"allow":["GET"]}}],"collection":[{"href":"https:\/\/vasasbasket.hu\/index.php\/wp-json\/wp\/v2\/posts"}],"about":[{"href":"https:\/\/vasasbasket.hu\/index.php\/wp-json\/wp\/v2\/types\/post"}],"author":[{"embeddable":true,"href":"https:\/\/vasasbasket.hu\/index.php\/wp-json\/wp\/v2\/users\/1"}],"replies":[{"embeddable":true,"href":"https:\/\/vasasbasket.hu\/index.php\/wp-json\/wp\/v2\/comments?post=5598"}],"version-history":[{"count":2,"href":"https:\/\/vasasbasket.hu\/index.php\/wp-json\/wp\/v2\/posts\/5598\/revisions"}],"predecessor-version":[{"id":5610,"href":"https:\/\/vasasbasket.hu\/index.php\/wp-json\/wp\/v2\/posts\/5598\/revisions\/5610"}],"wp:featuredmedia":[{"embeddable":true,"href":"https:\/\/vasasbasket.hu\/index.php\/wp-json\/wp\/v2\/media\/4290"}],"wp:attachment":[{"href":"https:\/\/vasasbasket.hu\/index.php\/wp-json\/wp\/v2\/media?parent=5598"}],"wp:term":[{"taxonomy":"category","embeddable":true,"href":"https:\/\/vasasbasket.hu\/index.php\/wp-json\/wp\/v2\/categories?post=5598"},{"taxonomy":"post_tag","embeddable":true,"href":"https:\/\/vasasbasket.hu\/index.php\/wp-json\/wp\/v2\/tags?post=5598"}],"curies":[{"name":"wp","href":"https:\/\/api.w.org\/{rel}","templated":true}]}}