{"id":5567,"date":"2019-04-24T09:07:42","date_gmt":"2019-04-24T09:07:42","guid":{"rendered":"http:\/\/vasasbasket.hu\/?p=5567"},"modified":"2019-04-24T09:10:10","modified_gmt":"2019-04-24T09:10:10","slug":"u14-es-tornagyozelem-olaszorszagban","status":"publish","type":"post","link":"https:\/\/vasasbasket.hu\/index.php\/u14-es-tornagyozelem-olaszorszagban\/","title":{"rendered":"U14-es tornagy\u0151zelem Olaszorsz\u00e1gban"},"content":{"rendered":"<p><strong>Tizenkilencedik alkalommal rendezt\u00e9k Velenc\u00e9ben a Nemzetk\u00f6zi U14-es H\u00fasv\u00e9ti torn\u00e1t, melyen \u00f6t orsz\u00e1g vett r\u00e9szt. A nyolc csapat k\u00f6z\u00fcl a Vasas Akad\u00e9mia vihette haza a kup\u00e1t.<\/strong><\/p>\n<p><em>&#8222;Els\u0151 m\u00e9rk\u0151z\u00e9s\u00fcnket kilenc \u00f3r\u00e1s buszos utaz\u00e1s ut\u00e1n meglep\u0151en frissen \u00e9s gyorsan mozogtak a l\u00e1nyok az els\u0151 meccsen, kem\u00e9nyen \u00e9s agressz\u00edven v\u00e9dekeztek a feh\u00e9rorosz ellenfel\u00fck ellen, \u00e9s lepattan\u00f3 vagy szerzett labda ut\u00e1n pontos ind\u00edt\u00e1sokkal hamar tetemes el\u0151nyre tett\u00fcnk szert. \u00d6r\u00fcl\u00f6k, hogy mindenki j\u00f3 ritmusban j\u00e1tszott, \u00e9s pontokkal is hozz\u00e1j\u00e1rult a gy\u0151zelm\u00fcnkh\u00f6z&#8221;<\/em> &#8211; mondta a csapat edz\u0151je, E\u00f6rd\u00f6gh Edit.<\/p>\n<figure id=\"attachment_5569\" aria-describedby=\"caption-attachment-5569\" style=\"width: 565px\" class=\"wp-caption aligncenter\"><img loading=\"lazy\" decoding=\"async\" class=\"wp-image-5569\" src=\"http:\/\/vasasbasket.hu\/wp-content\/uploads\/2019\/04\/IMG_0971-1024x768.jpg\" alt=\"Forr\u00e1s: www.reyer.it\" width=\"565\" height=\"424\" srcset=\"https:\/\/vasasbasket.hu\/wp-content\/uploads\/2019\/04\/IMG_0971-1024x768.jpg 1024w, https:\/\/vasasbasket.hu\/wp-content\/uploads\/2019\/04\/IMG_0971-570x428.jpg 570w, https:\/\/vasasbasket.hu\/wp-content\/uploads\/2019\/04\/IMG_0971-440x330.jpg 440w, https:\/\/vasasbasket.hu\/wp-content\/uploads\/2019\/04\/IMG_0971-300x225.jpg 300w, https:\/\/vasasbasket.hu\/wp-content\/uploads\/2019\/04\/IMG_0971-768x576.jpg 768w, https:\/\/vasasbasket.hu\/wp-content\/uploads\/2019\/04\/IMG_0971-128x96.jpg 128w, https:\/\/vasasbasket.hu\/wp-content\/uploads\/2019\/04\/IMG_0971-32x24.jpg 32w, https:\/\/vasasbasket.hu\/wp-content\/uploads\/2019\/04\/IMG_0971-98x74.jpg 98w, https:\/\/vasasbasket.hu\/wp-content\/uploads\/2019\/04\/IMG_0971.jpg 1280w\" sizes=\"auto, (max-width: 565px) 100vw, 565px\" \/><figcaption id=\"caption-attachment-5569\" class=\"wp-caption-text\"><span style=\"color: #999999;\"><em>Forr\u00e1s: www.reyer.it<\/em><\/span><\/figcaption><\/figure>\n<p><strong>Vasas Akad\u00e9mia &#8211;<\/strong> TSMOKI Minsk <strong>90-38<\/strong> ( 19-11, 22-12, 28-10, 21-5)<br \/>\n<em>Pontszerz\u0151k:<\/em><br \/>\n<strong>Vasas Akad\u00e9mia:<\/strong> R\u00e1tkai Eszter 16\/6, Szil\u00e1gyi \u00c1gnes 11, Aho Tyra 10, K\u00e1lm\u00e1n Liza 10, \u00d6rsi Kata 10, Ulrich Zo\u00e9 9, Rubint \u00c1gnes 6, L\u00e1szl\u00f3 R\u00e9ka 5\/3, Koh\u00e1n Patr\u00edcia 5, Istenes Zsuzska 4, Z\u00e1boji Tita 3, L\u00e1ng-Miticzky Blanka 2<\/p>\n<p><em>&#8222;A hazai csapattal m\u00e9rk\u0151zt\u00fcnk p\u00e9ntek reggel, fizik\u00e1lisan \u00e9s tud\u00e1sban is er\u0151sebbek voltak a minszki csapatn\u00e1l. Ezen a m\u00e9rk\u0151z\u00e9sen az egy-egy elleni v\u00e9dekez\u00e9sen t\u00fal, m\u00e1r \u00fcres \u00e9s labd\u00e1s elz\u00e1r\u00e1sok v\u00e9d\u00e9s\u00e9t is tudtuk gyakorolni, valamint az eg\u00e9sz p\u00e1ly\u00e1s let\u00e1mad\u00e1s ellen a gyors, r\u00f6vid passzos labdafelhozatalokat. Igaz, hogy nagyar\u00e1ny\u00fa gy\u0151zelem lett a v\u00e9ge, de egy pillanatig sem engedhett\u00fcnk ki, rengeteget \u00fctk\u00f6ztek, vet\u0151dtek, harcoltak a l\u00e1nyok, amihez nagyszer\u0171 dob\u00f3forma p\u00e1rosult&#8221;<\/em> &#8211; mondta E\u00f6rd\u00f6gh Edit.<\/p>\n<figure id=\"attachment_5573\" aria-describedby=\"caption-attachment-5573\" style=\"width: 565px\" class=\"wp-caption aligncenter\"><img loading=\"lazy\" decoding=\"async\" class=\"wp-image-5573\" src=\"http:\/\/vasasbasket.hu\/wp-content\/uploads\/2019\/04\/IMG_0954.jpg\" alt=\"Forr\u00e1s: www.reyer.it\" width=\"565\" height=\"367\" srcset=\"https:\/\/vasasbasket.hu\/wp-content\/uploads\/2019\/04\/IMG_0954.jpg 880w, https:\/\/vasasbasket.hu\/wp-content\/uploads\/2019\/04\/IMG_0954-570x371.jpg 570w, https:\/\/vasasbasket.hu\/wp-content\/uploads\/2019\/04\/IMG_0954-440x286.jpg 440w, https:\/\/vasasbasket.hu\/wp-content\/uploads\/2019\/04\/IMG_0954-300x195.jpg 300w, https:\/\/vasasbasket.hu\/wp-content\/uploads\/2019\/04\/IMG_0954-768x499.jpg 768w, https:\/\/vasasbasket.hu\/wp-content\/uploads\/2019\/04\/IMG_0954-128x83.jpg 128w, https:\/\/vasasbasket.hu\/wp-content\/uploads\/2019\/04\/IMG_0954-32x21.jpg 32w, https:\/\/vasasbasket.hu\/wp-content\/uploads\/2019\/04\/IMG_0954-98x64.jpg 98w\" sizes=\"auto, (max-width: 565px) 100vw, 565px\" \/><figcaption id=\"caption-attachment-5573\" class=\"wp-caption-text\"><em><span style=\"color: #999999;\">Forr\u00e1s: www.reyer.it<\/span><\/em><\/figcaption><\/figure>\n<p>UMANA Reyer Venezia <strong>&#8211; Vasas Akad\u00e9mia 78-95<\/strong> ( 17-27, 24-23, 22-18, 15-27)<br \/>\n<em>Pontszerz\u0151k:<\/em><br \/>\n<strong>Vasas Akad\u00e9mia:<\/strong> Szil\u00e1gyi \u00c1gnes 23\/3, R\u00e1tkai Eszter 20\/3, \u00d6rsi Kata 16, Aho Tyra 11, Rubint \u00c1gnes 10, Lang-Miticzky Blanka 7, Istenes Zsuzska 4, K\u00e1lm\u00e1n Liza 4, Koh\u00e1n Patr\u00edcia, Ulrich Zo\u00e9, Z\u00e1boji Tita, L\u00e1szl\u00f3 R\u00e9ka<\/p>\n<figure id=\"attachment_5572\" aria-describedby=\"caption-attachment-5572\" style=\"width: 311px\" class=\"wp-caption alignright\"><img loading=\"lazy\" decoding=\"async\" class=\"wp-image-5572\" src=\"http:\/\/vasasbasket.hu\/wp-content\/uploads\/2019\/04\/IMG_0955.jpg\" alt=\"Forr\u00e1s: www.reyer.it\" width=\"311\" height=\"479\" srcset=\"https:\/\/vasasbasket.hu\/wp-content\/uploads\/2019\/04\/IMG_0955.jpg 572w, https:\/\/vasasbasket.hu\/wp-content\/uploads\/2019\/04\/IMG_0955-570x877.jpg 570w, https:\/\/vasasbasket.hu\/wp-content\/uploads\/2019\/04\/IMG_0955-440x677.jpg 440w, https:\/\/vasasbasket.hu\/wp-content\/uploads\/2019\/04\/IMG_0955-195x300.jpg 195w, https:\/\/vasasbasket.hu\/wp-content\/uploads\/2019\/04\/IMG_0955-83x128.jpg 83w, https:\/\/vasasbasket.hu\/wp-content\/uploads\/2019\/04\/IMG_0955-21x32.jpg 21w, https:\/\/vasasbasket.hu\/wp-content\/uploads\/2019\/04\/IMG_0955-64x98.jpg 64w\" sizes=\"auto, (max-width: 311px) 100vw, 311px\" \/><figcaption id=\"caption-attachment-5572\" class=\"wp-caption-text\"><span style=\"color: #999999;\"><em>Forr\u00e1s: www.reyer.it<\/em><\/span><\/figcaption><\/figure>\n<p><em>&#8222;A d\u00e9lut\u00e1ni meccsen a csoportels\u0151s\u00e9g volt a t\u00e9t, ennek f\u00e9ny\u00e9ben nagyszer\u0171 v\u00e9dekez\u00e9ssel, valamint \u00f6tletes \u00e9s kreat\u00edv t\u00e1mad\u00e1sokkal f\u00e9lid\u0151re m\u00e1r tizennyolc ponttal vezett\u00fcnk. Akik a d\u00e9lel\u0151tti meccsen t\u00f6bbet j\u00e1tszottak ( \u00d6rsi Kata, Aho Tyra, R\u00e1tkai Eszti), \u0151k p\u00e1ly\u00e1ra sem l\u00e9ptek, nagyon \u00f6r\u00fcl\u00f6k, hogy \u00edgy is voltak vez\u00e9rei a csapatnak, akik b\u00e1tran elv\u00e1llalt\u00e1k \u00e9s felv\u00e1llalt\u00e1k az ir\u00e1ny\u00edt\u00e1st, a kos\u00e1rszerz\u00e9st&#8221;<\/em> &#8211; mondta E\u00f6rd\u00f6gh Edit.<\/p>\n<p>Selezione Friuli 2006 <strong>&#8211; Vasas Akad\u00e9mia 44-81<\/strong> ( 11-24, 14-19, 9-12, 10-26)<br \/>\n<em>Pontszerz\u0151k:<\/em><br \/>\n<strong>Vasas Akad\u00e9mia:<\/strong> Ulrich Zo\u00e9 16, Koh\u00e1n Patr\u00edcia 15, K\u00e1lm\u00e1n Liza 12, Rubint \u00c1gnes 11, L\u00e1ng-Miticzky Blanka 10, Z\u00e1boji Tita 9\/3, Istenes Zsuzska 5, Szil\u00e1gyi \u00c1gnes 2, L\u00e1szl\u00f3 R\u00e9ka<\/p>\n<p><em>&#8222;Fiatalabb, 2006-os velencei v\u00e1logatottal j\u00e1tszottunk az el\u0151d\u00f6nt\u0151ben szombaton, de itt is remek\u00fcl tudtuk gyakorolni az egy-egy elleni eg\u00e9sz, illetve f\u00e9lp\u00e1ly\u00e1s v\u00e9dekez\u00e9st, a passzs\u00e1v v\u00e9d\u00e9seket, \u00e9s a labda n\u00e9lk\u00fcli befut\u00e1sok v\u00e9d\u00e9s\u00e9t. Negyedenk\u00e9nt k\u00fcl\u00f6n feladatokat kapott a csapat, melyeket pontosan megoldott, gratul\u00e1lok a l\u00e1nyoknak a remek j\u00e1t\u00e9k\u00e1hoz \u00e9s a d\u00f6nt\u0151be ker\u00fcl\u00e9shez&#8221;<\/em> &#8211; mondta E\u00f6rd\u00f6gh Edit.<\/p>\n<p><strong>Vasas Akad\u00e9mia &#8211;<\/strong> Selezione Veneto 2006 <strong>67-38<\/strong> ( 27-8, 19-10, 13-13, 8-7)<br \/>\n<em>Pontszerz\u0151k:<\/em><br \/>\n<strong>Vasas Akad\u00e9mia:<\/strong> \u00d6rsi Kata 14, Aho Tyra 12, Ulrich Zo\u00e9 7, R\u00e1tkai Eszter 6, K\u00e1lm\u00e1n Liza 6, Rubint \u00c1gnes 5, L\u00e1szl\u00f3 R\u00e9ka 4, Szil\u00e1gyi \u00c1gnes 4, Z\u00e1boji Tita 3, Istenes Zsuzska 2, L\u00e1ng-Miticzky Blanka 2, Koh\u00e1n Patr\u00edcia 2<\/p>\n<p><em>&#8222;A d\u00f6nt\u0151ben az a z\u00e1gr\u00e1bi v\u00e1logatott v\u00e1rt r\u00e1nk, akikkel a soproni nemzetk\u00f6zi torn\u00e1n id\u00e9n janu\u00e1rban megm\u00e9rk\u0151zt\u00fcnk a d\u00f6nt\u0151ben, de ott sajnos \u00f6t ponttal kikaptunk. A Reyer Venezia feln\u0151tt csapat\u00e1nak \u00f3ri\u00e1si csarnok\u00e1ban j\u00e1tszottunk, nagyszer\u0171 hangulatban kezdt\u00fck a meccset, igyekezt\u00fcnk kiz\u00e1rni a j\u00e1t\u00e9kb\u00f3l a horv\u00e1tok 187 cm magas \u00e9s er\u0151s center\u00e9t, illetve rajta j\u00e1tszani t\u00e1mad\u00e1sban a labd\u00e1s elz\u00e1r\u00e1sokat. Ennek eredm\u00e9nyek\u00e9ppen a nyolcadik percben megkapta harmadik szem\u00e9lyi hib\u00e1j\u00e1t, lecser\u00e9lt\u00e9k, \u00e9s v\u00e9gre bejutottunk a trap\u00e9zon bel\u00fclre, ziccerekb\u0151l is tudtunk kosarat szerezni. Rengeteget \u00fctk\u00f6ztek \u00e9s harcoltak a l\u00e1nyok a magasabb \u00e9s er\u0151sebb horv\u00e1tok ellen, de okosan \u00e9s t\u00fcrelmesen j\u00e1tszottak t\u00e1mad\u00e1sban, nagyon sz\u00e9pen bontott\u00e1k egy-egyben az ellenf\u00e9l v\u00e9delm\u00e9t, \u00edgy a f\u00e9lid\u0151t n\u00e9gy pontos el\u0151nnyel z\u00e1rtuk. A harmadik negyedben j\u00f6tt egy kisebb hull\u00e1mv\u00f6lgy, nem tal\u00e1ltuk a j\u00f3 dob\u00f3helyzeteket, kapkodtunk t\u00e1mad\u00e1sban, ind\u00edt\u00e1sb\u00f3l pedig k\u00f6nny\u0171 kosarakkal nyolc ponttal ell\u00e9pett ellenfel\u00fcnk. Az id\u0151k\u00e9r\u00e9s j\u00f3t tett a l\u00e1nyoknak, megnyugodtak, nem siettett\u00e9k a t\u00e1mad\u00e1sok befejez\u00e9s\u00e9t, ism\u00e9t b\u00e1trabban t\u00e1madt\u00e1k a gy\u0171r\u0171t. Pontos b\u00fcntet\u0151kkel, valamint t\u00e1voli dob\u00e1sokkal h\u00e1rom pontra z\u00e1rk\u00f3ztunk. Az utols\u00f3 t\u00edz perc ism\u00e9t r\u00f3lunk sz\u00f3lt, csapatk\u00e9nt v\u00e9dekezt\u00fcnk \u00e9s t\u00e1madtunk, a kispad egy\u00fctt \u00e9lt a p\u00e1ly\u00e1n l\u00e9v\u0151kkel, \u00e9s a v\u00e9gj\u00e1t\u00e9kban is hely\u00e9n volt a csapata sz\u00edve. Hatalmas k\u00fczdelemben, igazi csapatk\u00e9nt, \u00f3ri\u00e1sit harcolva megnyert\u00fck a torn\u00e1t. Gratul\u00e1lok a l\u00e1nyoknak a h\u00e1rom nap alatt mutatott koncentr\u00e1lt \u00e9s motiv\u00e1lt j\u00e1t\u00e9k\u00e1hoz, nagyon b\u00fcszke vagyok r\u00e1tok&#8221;<\/em> &#8211; \u00f6sszegezte E\u00f6rd\u00f6gh Edit.<\/p>\n<p><strong>Vasas Akad\u00e9mia &#8211;<\/strong> ZKK Zagreb <strong>58-57<\/strong> ( 19-16, 16-15, 10-17, 13-9)<br \/>\n<em>Pontszerz\u0151k:<\/em><br \/>\n<strong>Vasas Akad\u00e9mia:<\/strong> R\u00e1tkai Eszter 15\/6, Aho Tyra 12, Szil\u00e1gyi \u00c1gnes 11, K\u00e1lm\u00e1n Liza 6, Rubint \u00c1gnes 6, \u00d6rsi Kata 5, L\u00e1ng-Miticzky Blanka 3, Ulrich Zo\u00e9, Koh\u00e1n Part\u00edcia, Z\u00e1boji Tita, L\u00e1szl\u00f3 R\u00e9ka<\/p>\n<figure id=\"attachment_5574\" aria-describedby=\"caption-attachment-5574\" style=\"width: 565px\" class=\"wp-caption alignleft\"><img loading=\"lazy\" decoding=\"async\" class=\"wp-image-5574\" src=\"http:\/\/vasasbasket.hu\/wp-content\/uploads\/2019\/04\/DDD1078.jpg\" alt=\"Forr\u00e1s: www.reyer.it\" width=\"565\" height=\"367\" srcset=\"https:\/\/vasasbasket.hu\/wp-content\/uploads\/2019\/04\/DDD1078.jpg 880w, https:\/\/vasasbasket.hu\/wp-content\/uploads\/2019\/04\/DDD1078-570x371.jpg 570w, https:\/\/vasasbasket.hu\/wp-content\/uploads\/2019\/04\/DDD1078-440x286.jpg 440w, https:\/\/vasasbasket.hu\/wp-content\/uploads\/2019\/04\/DDD1078-300x195.jpg 300w, https:\/\/vasasbasket.hu\/wp-content\/uploads\/2019\/04\/DDD1078-768x499.jpg 768w, https:\/\/vasasbasket.hu\/wp-content\/uploads\/2019\/04\/DDD1078-128x83.jpg 128w, https:\/\/vasasbasket.hu\/wp-content\/uploads\/2019\/04\/DDD1078-32x21.jpg 32w, https:\/\/vasasbasket.hu\/wp-content\/uploads\/2019\/04\/DDD1078-98x64.jpg 98w\" sizes=\"auto, (max-width: 565px) 100vw, 565px\" \/><figcaption id=\"caption-attachment-5574\" class=\"wp-caption-text\"><span style=\"color: #999999;\"><em>Forr\u00e1s: www.reyer.it<\/em><\/span><\/figcaption><\/figure>\n<p>A torna v\u00e9geredm\u00e9nye:<br \/>\n<strong>1. Vasas Akad\u00e9mia<\/strong><br \/>\n2. ZKK Zagreb<br \/>\n3. UMANA Reyer Venezia<br \/>\n4. Selezione Veneto<br \/>\n5. TSMOKI Minsk<br \/>\n6. TTP Riga<br \/>\n7. Selezione Friuli 2006<br \/>\n8. Soproni Darazsak Akad\u00e9mia\/B<\/p>\n<p>K\u00fcl\u00f6nd\u00edjak:<br \/>\nA d\u00f6nt\u0151 m\u00e9rk\u0151z\u00e9sen a legt\u00f6bb pontot szerz\u0151 j\u00e1t\u00e9kos: Tihana Pavicic (ZKK Zagreb)<br \/>\nA torna pontkir\u00e1lyn\u0151je: Marta Buranella (UMANA REYER Venezia)<br \/>\n<strong>A torna MVP j\u00e1t\u00e9kosa : R\u00e1tkai Eszter (Vasas Akad\u00e9mia)<\/strong><\/p>\n<figure id=\"attachment_5571\" aria-describedby=\"caption-attachment-5571\" style=\"width: 565px\" class=\"wp-caption aligncenter\"><img loading=\"lazy\" decoding=\"async\" class=\"wp-image-5571\" src=\"http:\/\/vasasbasket.hu\/wp-content\/uploads\/2019\/04\/IMG_0961.jpg\" alt=\"Forr\u00e1s: www.reyer.it\" width=\"565\" height=\"367\" srcset=\"https:\/\/vasasbasket.hu\/wp-content\/uploads\/2019\/04\/IMG_0961.jpg 880w, https:\/\/vasasbasket.hu\/wp-content\/uploads\/2019\/04\/IMG_0961-570x371.jpg 570w, https:\/\/vasasbasket.hu\/wp-content\/uploads\/2019\/04\/IMG_0961-440x286.jpg 440w, https:\/\/vasasbasket.hu\/wp-content\/uploads\/2019\/04\/IMG_0961-300x195.jpg 300w, https:\/\/vasasbasket.hu\/wp-content\/uploads\/2019\/04\/IMG_0961-768x499.jpg 768w, https:\/\/vasasbasket.hu\/wp-content\/uploads\/2019\/04\/IMG_0961-128x83.jpg 128w, https:\/\/vasasbasket.hu\/wp-content\/uploads\/2019\/04\/IMG_0961-32x21.jpg 32w, https:\/\/vasasbasket.hu\/wp-content\/uploads\/2019\/04\/IMG_0961-98x64.jpg 98w\" sizes=\"auto, (max-width: 565px) 100vw, 565px\" \/><figcaption id=\"caption-attachment-5571\" class=\"wp-caption-text\"><span style=\"color: #999999;\"><em>Forr\u00e1s: www.reyer.it<\/em><\/span><\/figcaption><\/figure>\n","protected":false},"excerpt":{"rendered":"<p>Tizenkilencedik alkalommal rendezt\u00e9k Velenc\u00e9ben a Nemzetk\u00f6zi U14-es H\u00fasv\u00e9ti torn\u00e1t, melyen \u00f6t orsz\u00e1g vett r\u00e9szt. A nyolc csapat k\u00f6z\u00fcl a Vasas Akad\u00e9mia vihette haza a kup\u00e1t. &#8222;Els\u0151 m\u00e9rk\u0151z\u00e9s\u00fcnket kilenc \u00f3r\u00e1s buszos utaz\u00e1s ut\u00e1n meglep\u0151en frissen \u00e9s gyorsan mozogtak a l\u00e1nyok az els\u0151 meccsen, kem\u00e9nyen \u00e9s agressz\u00edven v\u00e9dekeztek a feh\u00e9rorosz ellenfel\u00fck ellen, \u00e9s lepattan\u00f3 vagy szerzett labda&#8230;<\/p>\n","protected":false},"author":1,"featured_media":5568,"comment_status":"closed","ping_status":"open","sticky":false,"template":"","format":"standard","meta":{"footnotes":""},"categories":[52,92],"tags":[],"class_list":["post-5567","post","type-post","status-publish","format-standard","has-post-thumbnail","hentry","category-serdulo","category-hirek"],"yoast_head":"<!-- This site is optimized with the Yoast SEO plugin v26.0 - https:\/\/yoast.com\/wordpress\/plugins\/seo\/ -->\n<title>U14-es tornagy\u0151zelem Olaszorsz\u00e1gban - Vasas n\u0151i kos\u00e1rlabda<\/title>\n<meta name=\"robots\" content=\"index, follow, max-snippet:-1, max-image-preview:large, max-video-preview:-1\" \/>\n<link rel=\"canonical\" href=\"https:\/\/vasasbasket.hu\/index.php\/u14-es-tornagyozelem-olaszorszagban\/\" \/>\n<meta property=\"og:locale\" content=\"hu_HU\" \/>\n<meta property=\"og:type\" content=\"article\" \/>\n<meta property=\"og:title\" content=\"U14-es tornagy\u0151zelem Olaszorsz\u00e1gban - Vasas n\u0151i kos\u00e1rlabda\" \/>\n<meta property=\"og:description\" content=\"Tizenkilencedik alkalommal rendezt\u00e9k Velenc\u00e9ben a Nemzetk\u00f6zi U14-es H\u00fasv\u00e9ti torn\u00e1t, melyen \u00f6t orsz\u00e1g vett r\u00e9szt. A nyolc csapat k\u00f6z\u00fcl a Vasas Akad\u00e9mia vihette haza a kup\u00e1t. &#8222;Els\u0151 m\u00e9rk\u0151z\u00e9s\u00fcnket kilenc \u00f3r\u00e1s buszos utaz\u00e1s ut\u00e1n meglep\u0151en frissen \u00e9s gyorsan mozogtak a l\u00e1nyok az els\u0151 meccsen, kem\u00e9nyen \u00e9s agressz\u00edven v\u00e9dekeztek a feh\u00e9rorosz ellenfel\u00fck ellen, \u00e9s lepattan\u00f3 vagy szerzett labda...\" \/>\n<meta property=\"og:url\" content=\"https:\/\/vasasbasket.hu\/index.php\/u14-es-tornagyozelem-olaszorszagban\/\" \/>\n<meta property=\"og:site_name\" content=\"Vasas n\u0151i kos\u00e1rlabda\" \/>\n<meta property=\"article:publisher\" content=\"https:\/\/www.facebook.com\/vasaswbasket\/\" \/>\n<meta property=\"article:published_time\" content=\"2019-04-24T09:07:42+00:00\" \/>\n<meta property=\"article:modified_time\" content=\"2019-04-24T09:10:10+00:00\" \/>\n<meta property=\"og:image\" content=\"https:\/\/vasasbasket.hu\/wp-content\/uploads\/2019\/04\/IMG_0972-e1556096095975.jpg\" \/>\n\t<meta property=\"og:image:width\" content=\"1053\" \/>\n\t<meta property=\"og:image:height\" content=\"639\" \/>\n\t<meta property=\"og:image:type\" content=\"image\/jpeg\" \/>\n<meta name=\"author\" content=\"admin\" \/>\n<meta name=\"twitter:card\" content=\"summary_large_image\" \/>\n<meta name=\"twitter:label1\" content=\"Szerz\u0151:\" \/>\n\t<meta name=\"twitter:data1\" content=\"admin\" \/>\n\t<meta name=\"twitter:label2\" content=\"Becs\u00fclt olvas\u00e1si id\u0151\" \/>\n\t<meta name=\"twitter:data2\" content=\"6 perc\" \/>\n<script type=\"application\/ld+json\" class=\"yoast-schema-graph\">{\"@context\":\"https:\/\/schema.org\",\"@graph\":[{\"@type\":\"Article\",\"@id\":\"https:\/\/vasasbasket.hu\/index.php\/u14-es-tornagyozelem-olaszorszagban\/#article\",\"isPartOf\":{\"@id\":\"https:\/\/vasasbasket.hu\/index.php\/u14-es-tornagyozelem-olaszorszagban\/\"},\"author\":{\"name\":\"admin\",\"@id\":\"https:\/\/vasasbasket.hu\/#\/schema\/person\/f1085f4d2c6582d8d0f977e92de2edee\"},\"headline\":\"U14-es tornagy\u0151zelem Olaszorsz\u00e1gban\",\"datePublished\":\"2019-04-24T09:07:42+00:00\",\"dateModified\":\"2019-04-24T09:10:10+00:00\",\"mainEntityOfPage\":{\"@id\":\"https:\/\/vasasbasket.hu\/index.php\/u14-es-tornagyozelem-olaszorszagban\/\"},\"wordCount\":1145,\"publisher\":{\"@id\":\"https:\/\/vasasbasket.hu\/#organization\"},\"image\":{\"@id\":\"https:\/\/vasasbasket.hu\/index.php\/u14-es-tornagyozelem-olaszorszagban\/#primaryimage\"},\"thumbnailUrl\":\"https:\/\/vasasbasket.hu\/wp-content\/uploads\/2019\/04\/IMG_0972-e1556096095975.jpg\",\"articleSection\":[\"Serd\u00fcl\u0151\",\"\u00d6sszes H\u00edr\"],\"inLanguage\":\"hu\"},{\"@type\":\"WebPage\",\"@id\":\"https:\/\/vasasbasket.hu\/index.php\/u14-es-tornagyozelem-olaszorszagban\/\",\"url\":\"https:\/\/vasasbasket.hu\/index.php\/u14-es-tornagyozelem-olaszorszagban\/\",\"name\":\"U14-es tornagy\u0151zelem Olaszorsz\u00e1gban - Vasas n\u0151i kos\u00e1rlabda\",\"isPartOf\":{\"@id\":\"https:\/\/vasasbasket.hu\/#website\"},\"primaryImageOfPage\":{\"@id\":\"https:\/\/vasasbasket.hu\/index.php\/u14-es-tornagyozelem-olaszorszagban\/#primaryimage\"},\"image\":{\"@id\":\"https:\/\/vasasbasket.hu\/index.php\/u14-es-tornagyozelem-olaszorszagban\/#primaryimage\"},\"thumbnailUrl\":\"https:\/\/vasasbasket.hu\/wp-content\/uploads\/2019\/04\/IMG_0972-e1556096095975.jpg\",\"datePublished\":\"2019-04-24T09:07:42+00:00\",\"dateModified\":\"2019-04-24T09:10:10+00:00\",\"breadcrumb\":{\"@id\":\"https:\/\/vasasbasket.hu\/index.php\/u14-es-tornagyozelem-olaszorszagban\/#breadcrumb\"},\"inLanguage\":\"hu\",\"potentialAction\":[{\"@type\":\"ReadAction\",\"target\":[\"https:\/\/vasasbasket.hu\/index.php\/u14-es-tornagyozelem-olaszorszagban\/\"]}]},{\"@type\":\"ImageObject\",\"inLanguage\":\"hu\",\"@id\":\"https:\/\/vasasbasket.hu\/index.php\/u14-es-tornagyozelem-olaszorszagban\/#primaryimage\",\"url\":\"https:\/\/vasasbasket.hu\/wp-content\/uploads\/2019\/04\/IMG_0972-e1556096095975.jpg\",\"contentUrl\":\"https:\/\/vasasbasket.hu\/wp-content\/uploads\/2019\/04\/IMG_0972-e1556096095975.jpg\",\"width\":1053,\"height\":639},{\"@type\":\"BreadcrumbList\",\"@id\":\"https:\/\/vasasbasket.hu\/index.php\/u14-es-tornagyozelem-olaszorszagban\/#breadcrumb\",\"itemListElement\":[{\"@type\":\"ListItem\",\"position\":1,\"name\":\"Kezd\u0151lap\",\"item\":\"https:\/\/vasasbasket.hu\/\"},{\"@type\":\"ListItem\",\"position\":2,\"name\":\"U14-es tornagy\u0151zelem Olaszorsz\u00e1gban\"}]},{\"@type\":\"WebSite\",\"@id\":\"https:\/\/vasasbasket.hu\/#website\",\"url\":\"https:\/\/vasasbasket.hu\/\",\"name\":\"Vasas n\u0151i kos\u00e1rlabda\",\"description\":\"Vasas Basket N\u0151i\",\"publisher\":{\"@id\":\"https:\/\/vasasbasket.hu\/#organization\"},\"potentialAction\":[{\"@type\":\"SearchAction\",\"target\":{\"@type\":\"EntryPoint\",\"urlTemplate\":\"https:\/\/vasasbasket.hu\/?s={search_term_string}\"},\"query-input\":{\"@type\":\"PropertyValueSpecification\",\"valueRequired\":true,\"valueName\":\"search_term_string\"}}],\"inLanguage\":\"hu\"},{\"@type\":\"Organization\",\"@id\":\"https:\/\/vasasbasket.hu\/#organization\",\"name\":\"Vasas n\u0151i kos\u00e1rlabda\",\"url\":\"https:\/\/vasasbasket.hu\/\",\"logo\":{\"@type\":\"ImageObject\",\"inLanguage\":\"hu\",\"@id\":\"https:\/\/vasasbasket.hu\/#\/schema\/logo\/image\/\",\"url\":\"https:\/\/vasasbasket.hu\/wp-content\/uploads\/2017\/03\/vasas_cimer_1200.jpg\",\"contentUrl\":\"https:\/\/vasasbasket.hu\/wp-content\/uploads\/2017\/03\/vasas_cimer_1200.jpg\",\"width\":1200,\"height\":1200,\"caption\":\"Vasas n\u0151i kos\u00e1rlabda\"},\"image\":{\"@id\":\"https:\/\/vasasbasket.hu\/#\/schema\/logo\/image\/\"},\"sameAs\":[\"https:\/\/www.facebook.com\/vasaswbasket\/\"]},{\"@type\":\"Person\",\"@id\":\"https:\/\/vasasbasket.hu\/#\/schema\/person\/f1085f4d2c6582d8d0f977e92de2edee\",\"name\":\"admin\",\"image\":{\"@type\":\"ImageObject\",\"inLanguage\":\"hu\",\"@id\":\"https:\/\/vasasbasket.hu\/#\/schema\/person\/image\/\",\"url\":\"https:\/\/secure.gravatar.com\/avatar\/645c92f7d9cfe02bd93ce2d1cfa11cd3a268bdfe65486552ff04b193cea07634?s=96&d=mm&r=g\",\"contentUrl\":\"https:\/\/secure.gravatar.com\/avatar\/645c92f7d9cfe02bd93ce2d1cfa11cd3a268bdfe65486552ff04b193cea07634?s=96&d=mm&r=g\",\"caption\":\"admin\"},\"url\":\"https:\/\/vasasbasket.hu\/index.php\/author\/admin\/\"}]}<\/script>\n<!-- \/ Yoast SEO plugin. -->","yoast_head_json":{"title":"U14-es tornagy\u0151zelem Olaszorsz\u00e1gban - Vasas n\u0151i kos\u00e1rlabda","robots":{"index":"index","follow":"follow","max-snippet":"max-snippet:-1","max-image-preview":"max-image-preview:large","max-video-preview":"max-video-preview:-1"},"canonical":"https:\/\/vasasbasket.hu\/index.php\/u14-es-tornagyozelem-olaszorszagban\/","og_locale":"hu_HU","og_type":"article","og_title":"U14-es tornagy\u0151zelem Olaszorsz\u00e1gban - Vasas n\u0151i kos\u00e1rlabda","og_description":"Tizenkilencedik alkalommal rendezt\u00e9k Velenc\u00e9ben a Nemzetk\u00f6zi U14-es H\u00fasv\u00e9ti torn\u00e1t, melyen \u00f6t orsz\u00e1g vett r\u00e9szt. A nyolc csapat k\u00f6z\u00fcl a Vasas Akad\u00e9mia vihette haza a kup\u00e1t. &#8222;Els\u0151 m\u00e9rk\u0151z\u00e9s\u00fcnket kilenc \u00f3r\u00e1s buszos utaz\u00e1s ut\u00e1n meglep\u0151en frissen \u00e9s gyorsan mozogtak a l\u00e1nyok az els\u0151 meccsen, kem\u00e9nyen \u00e9s agressz\u00edven v\u00e9dekeztek a feh\u00e9rorosz ellenfel\u00fck ellen, \u00e9s lepattan\u00f3 vagy szerzett labda...","og_url":"https:\/\/vasasbasket.hu\/index.php\/u14-es-tornagyozelem-olaszorszagban\/","og_site_name":"Vasas n\u0151i kos\u00e1rlabda","article_publisher":"https:\/\/www.facebook.com\/vasaswbasket\/","article_published_time":"2019-04-24T09:07:42+00:00","article_modified_time":"2019-04-24T09:10:10+00:00","og_image":[{"width":1053,"height":639,"url":"https:\/\/vasasbasket.hu\/wp-content\/uploads\/2019\/04\/IMG_0972-e1556096095975.jpg","type":"image\/jpeg"}],"author":"admin","twitter_card":"summary_large_image","twitter_misc":{"Szerz\u0151:":"admin","Becs\u00fclt olvas\u00e1si id\u0151":"6 perc"},"schema":{"@context":"https:\/\/schema.org","@graph":[{"@type":"Article","@id":"https:\/\/vasasbasket.hu\/index.php\/u14-es-tornagyozelem-olaszorszagban\/#article","isPartOf":{"@id":"https:\/\/vasasbasket.hu\/index.php\/u14-es-tornagyozelem-olaszorszagban\/"},"author":{"name":"admin","@id":"https:\/\/vasasbasket.hu\/#\/schema\/person\/f1085f4d2c6582d8d0f977e92de2edee"},"headline":"U14-es tornagy\u0151zelem Olaszorsz\u00e1gban","datePublished":"2019-04-24T09:07:42+00:00","dateModified":"2019-04-24T09:10:10+00:00","mainEntityOfPage":{"@id":"https:\/\/vasasbasket.hu\/index.php\/u14-es-tornagyozelem-olaszorszagban\/"},"wordCount":1145,"publisher":{"@id":"https:\/\/vasasbasket.hu\/#organization"},"image":{"@id":"https:\/\/vasasbasket.hu\/index.php\/u14-es-tornagyozelem-olaszorszagban\/#primaryimage"},"thumbnailUrl":"https:\/\/vasasbasket.hu\/wp-content\/uploads\/2019\/04\/IMG_0972-e1556096095975.jpg","articleSection":["Serd\u00fcl\u0151","\u00d6sszes H\u00edr"],"inLanguage":"hu"},{"@type":"WebPage","@id":"https:\/\/vasasbasket.hu\/index.php\/u14-es-tornagyozelem-olaszorszagban\/","url":"https:\/\/vasasbasket.hu\/index.php\/u14-es-tornagyozelem-olaszorszagban\/","name":"U14-es tornagy\u0151zelem Olaszorsz\u00e1gban - Vasas n\u0151i kos\u00e1rlabda","isPartOf":{"@id":"https:\/\/vasasbasket.hu\/#website"},"primaryImageOfPage":{"@id":"https:\/\/vasasbasket.hu\/index.php\/u14-es-tornagyozelem-olaszorszagban\/#primaryimage"},"image":{"@id":"https:\/\/vasasbasket.hu\/index.php\/u14-es-tornagyozelem-olaszorszagban\/#primaryimage"},"thumbnailUrl":"https:\/\/vasasbasket.hu\/wp-content\/uploads\/2019\/04\/IMG_0972-e1556096095975.jpg","datePublished":"2019-04-24T09:07:42+00:00","dateModified":"2019-04-24T09:10:10+00:00","breadcrumb":{"@id":"https:\/\/vasasbasket.hu\/index.php\/u14-es-tornagyozelem-olaszorszagban\/#breadcrumb"},"inLanguage":"hu","potentialAction":[{"@type":"ReadAction","target":["https:\/\/vasasbasket.hu\/index.php\/u14-es-tornagyozelem-olaszorszagban\/"]}]},{"@type":"ImageObject","inLanguage":"hu","@id":"https:\/\/vasasbasket.hu\/index.php\/u14-es-tornagyozelem-olaszorszagban\/#primaryimage","url":"https:\/\/vasasbasket.hu\/wp-content\/uploads\/2019\/04\/IMG_0972-e1556096095975.jpg","contentUrl":"https:\/\/vasasbasket.hu\/wp-content\/uploads\/2019\/04\/IMG_0972-e1556096095975.jpg","width":1053,"height":639},{"@type":"BreadcrumbList","@id":"https:\/\/vasasbasket.hu\/index.php\/u14-es-tornagyozelem-olaszorszagban\/#breadcrumb","itemListElement":[{"@type":"ListItem","position":1,"name":"Kezd\u0151lap","item":"https:\/\/vasasbasket.hu\/"},{"@type":"ListItem","position":2,"name":"U14-es tornagy\u0151zelem Olaszorsz\u00e1gban"}]},{"@type":"WebSite","@id":"https:\/\/vasasbasket.hu\/#website","url":"https:\/\/vasasbasket.hu\/","name":"Vasas n\u0151i kos\u00e1rlabda","description":"Vasas Basket N\u0151i","publisher":{"@id":"https:\/\/vasasbasket.hu\/#organization"},"potentialAction":[{"@type":"SearchAction","target":{"@type":"EntryPoint","urlTemplate":"https:\/\/vasasbasket.hu\/?s={search_term_string}"},"query-input":{"@type":"PropertyValueSpecification","valueRequired":true,"valueName":"search_term_string"}}],"inLanguage":"hu"},{"@type":"Organization","@id":"https:\/\/vasasbasket.hu\/#organization","name":"Vasas n\u0151i kos\u00e1rlabda","url":"https:\/\/vasasbasket.hu\/","logo":{"@type":"ImageObject","inLanguage":"hu","@id":"https:\/\/vasasbasket.hu\/#\/schema\/logo\/image\/","url":"https:\/\/vasasbasket.hu\/wp-content\/uploads\/2017\/03\/vasas_cimer_1200.jpg","contentUrl":"https:\/\/vasasbasket.hu\/wp-content\/uploads\/2017\/03\/vasas_cimer_1200.jpg","width":1200,"height":1200,"caption":"Vasas n\u0151i kos\u00e1rlabda"},"image":{"@id":"https:\/\/vasasbasket.hu\/#\/schema\/logo\/image\/"},"sameAs":["https:\/\/www.facebook.com\/vasaswbasket\/"]},{"@type":"Person","@id":"https:\/\/vasasbasket.hu\/#\/schema\/person\/f1085f4d2c6582d8d0f977e92de2edee","name":"admin","image":{"@type":"ImageObject","inLanguage":"hu","@id":"https:\/\/vasasbasket.hu\/#\/schema\/person\/image\/","url":"https:\/\/secure.gravatar.com\/avatar\/645c92f7d9cfe02bd93ce2d1cfa11cd3a268bdfe65486552ff04b193cea07634?s=96&d=mm&r=g","contentUrl":"https:\/\/secure.gravatar.com\/avatar\/645c92f7d9cfe02bd93ce2d1cfa11cd3a268bdfe65486552ff04b193cea07634?s=96&d=mm&r=g","caption":"admin"},"url":"https:\/\/vasasbasket.hu\/index.php\/author\/admin\/"}]}},"_links":{"self":[{"href":"https:\/\/vasasbasket.hu\/index.php\/wp-json\/wp\/v2\/posts\/5567","targetHints":{"allow":["GET"]}}],"collection":[{"href":"https:\/\/vasasbasket.hu\/index.php\/wp-json\/wp\/v2\/posts"}],"about":[{"href":"https:\/\/vasasbasket.hu\/index.php\/wp-json\/wp\/v2\/types\/post"}],"author":[{"embeddable":true,"href":"https:\/\/vasasbasket.hu\/index.php\/wp-json\/wp\/v2\/users\/1"}],"replies":[{"embeddable":true,"href":"https:\/\/vasasbasket.hu\/index.php\/wp-json\/wp\/v2\/comments?post=5567"}],"version-history":[{"count":2,"href":"https:\/\/vasasbasket.hu\/index.php\/wp-json\/wp\/v2\/posts\/5567\/revisions"}],"predecessor-version":[{"id":5578,"href":"https:\/\/vasasbasket.hu\/index.php\/wp-json\/wp\/v2\/posts\/5567\/revisions\/5578"}],"wp:featuredmedia":[{"embeddable":true,"href":"https:\/\/vasasbasket.hu\/index.php\/wp-json\/wp\/v2\/media\/5568"}],"wp:attachment":[{"href":"https:\/\/vasasbasket.hu\/index.php\/wp-json\/wp\/v2\/media?parent=5567"}],"wp:term":[{"taxonomy":"category","embeddable":true,"href":"https:\/\/vasasbasket.hu\/index.php\/wp-json\/wp\/v2\/categories?post=5567"},{"taxonomy":"post_tag","embeddable":true,"href":"https:\/\/vasasbasket.hu\/index.php\/wp-json\/wp\/v2\/tags?post=5567"}],"curies":[{"name":"wp","href":"https:\/\/api.w.org\/{rel}","templated":true}]}}