{"id":5535,"date":"2019-04-18T13:08:43","date_gmt":"2019-04-18T13:08:43","guid":{"rendered":"http:\/\/vasasbasket.hu\/?p=5535"},"modified":"2019-04-18T13:08:43","modified_gmt":"2019-04-18T13:08:43","slug":"3-2-az-u14-a-csapat-hetvegi-merlege","status":"publish","type":"post","link":"https:\/\/vasasbasket.hu\/index.php\/3-2-az-u14-a-csapat-hetvegi-merlege\/","title":{"rendered":"3\/2 az U14\/A csapat h\u00e9tv\u00e9gi m\u00e9rlege"},"content":{"rendered":"<p><strong>A h\u00e9tv\u00e9g\u00e9n hazai p\u00e1ly\u00e1n lej\u00e1tszottuk a serd\u00fcl\u0151 f\u0151t\u00e1bla m\u00e1sodik fordul\u00f3j\u00e1t. Egy csoportba ker\u00fclt\u00fcnk a BEAC-\u00dajbuda KA, a Bajai NKK, valamint a Debreceni KA csapataival.<\/strong><\/p>\n<p><em>&#8222;Sajnos n\u00e9gy j\u00e1t\u00e9kosom is s\u00e9r\u00fcl\u00e9ssel bajl\u00f3dott eg\u00e9sz h\u00e9ten, \u00e9s csak cs\u00fct\u00f6rt\u00f6k\u00f6n tudtunk teljes l\u00e9tsz\u00e1mban edzeni. Ez meg is l\u00e1tszott a csapat teljes\u00edtm\u00e9ny\u00e9n, lassan \u00e9s k\u00f6r\u00fclm\u00e9nyesen j\u00e1tszottunk. Az els\u0151 negyed enerv\u00e1lt j\u00e1t\u00e9ka az eg\u00e9sz m\u00e9rk\u0151z\u00e9sre r\u00e1nyomta a b\u00e9lyeg\u00e9t. Futottunk az eredm\u00e9ny ut\u00e1n, ami rengeteget energi\u00e1t kivett a csapatb\u00f3l. Ezen a m\u00e9rk\u0151z\u00e9sen k\u00e9t j\u00e1t\u00e9kos tudott 10 IBM pont f\u00f6l\u00e9 ker\u00fclni, \u00d6rsi Kata ( 13 pont \u00e9s 11 lepattan\u00f3, 16 IBM pont) \u00e9s R\u00e1tkai Eszter ( 15 pont, 7 kiharcolt fault, 3 szerzett labda \u00e9s 4 assziszt, 12 IBM pont). A t\u00f6bbiek b\u0151ven tud\u00e1suk alatt teljes\u00edtettek, de ez semmit nem von le a BEAC lend\u00fcletes, harcos gy\u0151zelm\u00e9b\u0151l, melyhez gratul\u00e1lok&#8221;<\/em> &#8211; mondta a csapat edz\u0151je, E\u00f6rd\u00f6gh Edit.<\/p>\n<p><strong>Vasas Akad\u00e9mia\/A &#8211;<\/strong> BEAC-\u00dajbuda KA\/A <strong>58-70<\/strong> ( 9-21, 16-18, 19-19, 14-12)<br \/>\n<em>Pontszerz\u0151k:<\/em><br \/>\n<strong>Vasas Akad\u00e9mia\/A:<\/strong> R\u00e1tkai Eszter 15\/6, \u00d6rsi Kata 13, Rubint \u00c1gnes 10, L\u00e1ng-Miticzky Blanka 8\/3, Aho Tyra 4, K\u00e1lm\u00e1n L. 2, Z\u00e1boji Tita 2, Ulrich Zo\u00e9 2, Szil\u00e1gyi \u00c1gnes, Istenes Zsuzska, Koh\u00e1n Patr\u00edcia, L\u00e1szl\u00f3 R\u00e9ka<\/p>\n<p><em>&#8222;A m\u00e1sik k\u00e9t m\u00e9rk\u0151z\u00e9sen sem tal\u00e1ltuk igaz\u00e1n a ritmust, v\u00e9dekez\u00e9sben sokszor lemaradtuk, buta faultokat \u00fct\u00f6tt\u00fcnk. A Debrecen 32, a Baja 19 b\u00fcntet\u0151t dobhatott. T\u00e1mad\u00e1sban m\u00e1r voltak \u00f6tletes \u00e9s gyors ind\u00edt\u00e1saink, de a h\u00e9tv\u00e9gi 30%-os dob\u00f3teljes\u00edtm\u00e9nyen mindenk\u00e9ppen jav\u00edtani kell. Ezzel a k\u00e9t gy\u0151zelemmel biztosan n\u00e9gy k\u00f6z\u00f6tt vagyunk az orsz\u00e1gos serd\u00fcl\u0151 bajnoks\u00e1g nyolcas d\u00f6nt\u0151j\u00e9ben, ahhoz hogy az \u00e9v elej\u00e9n kit\u0171z\u00f6tt c\u00e9ljainkat el is tudjuk \u00e9rni, enn\u00e9l harcosabb, motiv\u00e1ltabb \u00e9s koncentr\u00e1ltabb j\u00e1t\u00e9kra lesz sz\u00fcks\u00e9g&#8221;<\/em> &#8211; mondta E\u00f6rd\u00f6gh Edit.<\/p>\n<p>Debreceni KA <strong>&#8211; Vasas Akad\u00e9mia\/A 51-68<\/strong> ( 9-23, 13-20, 12-17, 17-8)<br \/>\n<em>Pontszerz\u0151k:<\/em><br \/>\n<strong>Vasas Akad\u00e9mia\/A:<\/strong> R\u00e1tkai Eszter 14\/3, Aho Tyra 13, Istenes Zsuzska 12, L\u00e1ng-Miticzky Blanka 8, Z\u00e1boji Tita 6, \u00d6rsi Kata 5\/3, K\u00e1lm\u00e1n Liza 4, Koh\u00e1n Patr\u00edcia 4, Szil\u00e1gyi \u00c1gnes 2, Ulrich Zo\u00e9, L\u00e1szl\u00f3 R\u00e9ka, Masier Sophia<\/p>\n<p><strong>Vasas Akad\u00e9mia\/A &#8211;<\/strong> Bajai NKK <strong>59-40<\/strong> ( 14-10, 11-12, 13-9, 21-9)<br \/>\n<em>Pontszerz\u0151k:<\/em><br \/>\n<strong>Vasas Akad\u00e9mia\/A:<\/strong> Aho Tyra 9\/3, \u00d6rsi Kata 9, Istenes Zsuzska 8, Szil\u00e1gyi \u00c1gnes 8, R\u00e1tkai Eszter 7\/3, L\u00e1ng-Miticzky Blanka 7\/3, Z\u00e1boji Tita 4, K\u00e1lm\u00e1n Liza 4, Masier Sophia 2, Koh\u00e1n Patr\u00edcia 1, Ulrich Zo\u00e9, L\u00e1szl\u00f3 R\u00e9ka<\/p>\n","protected":false},"excerpt":{"rendered":"<p>A h\u00e9tv\u00e9g\u00e9n hazai p\u00e1ly\u00e1n lej\u00e1tszottuk a serd\u00fcl\u0151 f\u0151t\u00e1bla m\u00e1sodik fordul\u00f3j\u00e1t. Egy csoportba ker\u00fclt\u00fcnk a BEAC-\u00dajbuda KA, a Bajai NKK, valamint a Debreceni KA csapataival. &#8222;Sajnos n\u00e9gy j\u00e1t\u00e9kosom is s\u00e9r\u00fcl\u00e9ssel bajl\u00f3dott eg\u00e9sz h\u00e9ten, \u00e9s csak cs\u00fct\u00f6rt\u00f6k\u00f6n tudtunk teljes l\u00e9tsz\u00e1mban edzeni. Ez meg is l\u00e1tszott a csapat teljes\u00edtm\u00e9ny\u00e9n, lassan \u00e9s k\u00f6r\u00fclm\u00e9nyesen j\u00e1tszottunk. Az els\u0151 negyed enerv\u00e1lt j\u00e1t\u00e9ka&#8230;<\/p>\n","protected":false},"author":1,"featured_media":4287,"comment_status":"closed","ping_status":"open","sticky":false,"template":"","format":"standard","meta":{"footnotes":""},"categories":[52,92],"tags":[],"class_list":["post-5535","post","type-post","status-publish","format-standard","has-post-thumbnail","hentry","category-serdulo","category-hirek"],"yoast_head":"<!-- This site is optimized with the Yoast SEO plugin v26.0 - https:\/\/yoast.com\/wordpress\/plugins\/seo\/ -->\n<title>3\/2 az U14\/A csapat h\u00e9tv\u00e9gi m\u00e9rlege - Vasas n\u0151i kos\u00e1rlabda<\/title>\n<meta name=\"robots\" content=\"index, follow, max-snippet:-1, max-image-preview:large, max-video-preview:-1\" \/>\n<link rel=\"canonical\" href=\"https:\/\/vasasbasket.hu\/index.php\/3-2-az-u14-a-csapat-hetvegi-merlege\/\" \/>\n<meta property=\"og:locale\" content=\"hu_HU\" \/>\n<meta property=\"og:type\" content=\"article\" \/>\n<meta property=\"og:title\" content=\"3\/2 az U14\/A csapat h\u00e9tv\u00e9gi m\u00e9rlege - Vasas n\u0151i kos\u00e1rlabda\" \/>\n<meta property=\"og:description\" content=\"A h\u00e9tv\u00e9g\u00e9n hazai p\u00e1ly\u00e1n lej\u00e1tszottuk a serd\u00fcl\u0151 f\u0151t\u00e1bla m\u00e1sodik fordul\u00f3j\u00e1t. Egy csoportba ker\u00fclt\u00fcnk a BEAC-\u00dajbuda KA, a Bajai NKK, valamint a Debreceni KA csapataival. &#8222;Sajnos n\u00e9gy j\u00e1t\u00e9kosom is s\u00e9r\u00fcl\u00e9ssel bajl\u00f3dott eg\u00e9sz h\u00e9ten, \u00e9s csak cs\u00fct\u00f6rt\u00f6k\u00f6n tudtunk teljes l\u00e9tsz\u00e1mban edzeni. Ez meg is l\u00e1tszott a csapat teljes\u00edtm\u00e9ny\u00e9n, lassan \u00e9s k\u00f6r\u00fclm\u00e9nyesen j\u00e1tszottunk. Az els\u0151 negyed enerv\u00e1lt j\u00e1t\u00e9ka...\" \/>\n<meta property=\"og:url\" content=\"https:\/\/vasasbasket.hu\/index.php\/3-2-az-u14-a-csapat-hetvegi-merlege\/\" \/>\n<meta property=\"og:site_name\" content=\"Vasas n\u0151i kos\u00e1rlabda\" \/>\n<meta property=\"article:publisher\" content=\"https:\/\/www.facebook.com\/vasaswbasket\/\" \/>\n<meta property=\"article:published_time\" content=\"2019-04-18T13:08:43+00:00\" \/>\n<meta property=\"og:image\" content=\"https:\/\/vasasbasket.hu\/wp-content\/uploads\/2018\/09\/Vasas-Akad\u00e9mia-U14A.jpg\" \/>\n\t<meta property=\"og:image:width\" content=\"2000\" \/>\n\t<meta property=\"og:image:height\" content=\"1333\" \/>\n\t<meta property=\"og:image:type\" content=\"image\/jpeg\" \/>\n<meta name=\"author\" content=\"admin\" \/>\n<meta name=\"twitter:card\" content=\"summary_large_image\" \/>\n<meta name=\"twitter:label1\" content=\"Szerz\u0151:\" \/>\n\t<meta name=\"twitter:data1\" content=\"admin\" \/>\n\t<meta name=\"twitter:label2\" content=\"Becs\u00fclt olvas\u00e1si id\u0151\" \/>\n\t<meta name=\"twitter:data2\" content=\"2 perc\" \/>\n<script type=\"application\/ld+json\" class=\"yoast-schema-graph\">{\"@context\":\"https:\/\/schema.org\",\"@graph\":[{\"@type\":\"Article\",\"@id\":\"https:\/\/vasasbasket.hu\/index.php\/3-2-az-u14-a-csapat-hetvegi-merlege\/#article\",\"isPartOf\":{\"@id\":\"https:\/\/vasasbasket.hu\/index.php\/3-2-az-u14-a-csapat-hetvegi-merlege\/\"},\"author\":{\"name\":\"admin\",\"@id\":\"https:\/\/vasasbasket.hu\/#\/schema\/person\/f1085f4d2c6582d8d0f977e92de2edee\"},\"headline\":\"3\/2 az U14\/A csapat h\u00e9tv\u00e9gi m\u00e9rlege\",\"datePublished\":\"2019-04-18T13:08:43+00:00\",\"mainEntityOfPage\":{\"@id\":\"https:\/\/vasasbasket.hu\/index.php\/3-2-az-u14-a-csapat-hetvegi-merlege\/\"},\"wordCount\":488,\"publisher\":{\"@id\":\"https:\/\/vasasbasket.hu\/#organization\"},\"image\":{\"@id\":\"https:\/\/vasasbasket.hu\/index.php\/3-2-az-u14-a-csapat-hetvegi-merlege\/#primaryimage\"},\"thumbnailUrl\":\"https:\/\/vasasbasket.hu\/wp-content\/uploads\/2018\/09\/Vasas-Akad\u00e9mia-U14A.jpg\",\"articleSection\":[\"Serd\u00fcl\u0151\",\"\u00d6sszes H\u00edr\"],\"inLanguage\":\"hu\"},{\"@type\":\"WebPage\",\"@id\":\"https:\/\/vasasbasket.hu\/index.php\/3-2-az-u14-a-csapat-hetvegi-merlege\/\",\"url\":\"https:\/\/vasasbasket.hu\/index.php\/3-2-az-u14-a-csapat-hetvegi-merlege\/\",\"name\":\"3\/2 az U14\/A csapat h\u00e9tv\u00e9gi m\u00e9rlege - Vasas n\u0151i kos\u00e1rlabda\",\"isPartOf\":{\"@id\":\"https:\/\/vasasbasket.hu\/#website\"},\"primaryImageOfPage\":{\"@id\":\"https:\/\/vasasbasket.hu\/index.php\/3-2-az-u14-a-csapat-hetvegi-merlege\/#primaryimage\"},\"image\":{\"@id\":\"https:\/\/vasasbasket.hu\/index.php\/3-2-az-u14-a-csapat-hetvegi-merlege\/#primaryimage\"},\"thumbnailUrl\":\"https:\/\/vasasbasket.hu\/wp-content\/uploads\/2018\/09\/Vasas-Akad\u00e9mia-U14A.jpg\",\"datePublished\":\"2019-04-18T13:08:43+00:00\",\"breadcrumb\":{\"@id\":\"https:\/\/vasasbasket.hu\/index.php\/3-2-az-u14-a-csapat-hetvegi-merlege\/#breadcrumb\"},\"inLanguage\":\"hu\",\"potentialAction\":[{\"@type\":\"ReadAction\",\"target\":[\"https:\/\/vasasbasket.hu\/index.php\/3-2-az-u14-a-csapat-hetvegi-merlege\/\"]}]},{\"@type\":\"ImageObject\",\"inLanguage\":\"hu\",\"@id\":\"https:\/\/vasasbasket.hu\/index.php\/3-2-az-u14-a-csapat-hetvegi-merlege\/#primaryimage\",\"url\":\"https:\/\/vasasbasket.hu\/wp-content\/uploads\/2018\/09\/Vasas-Akad\u00e9mia-U14A.jpg\",\"contentUrl\":\"https:\/\/vasasbasket.hu\/wp-content\/uploads\/2018\/09\/Vasas-Akad\u00e9mia-U14A.jpg\",\"width\":2000,\"height\":1333},{\"@type\":\"BreadcrumbList\",\"@id\":\"https:\/\/vasasbasket.hu\/index.php\/3-2-az-u14-a-csapat-hetvegi-merlege\/#breadcrumb\",\"itemListElement\":[{\"@type\":\"ListItem\",\"position\":1,\"name\":\"Kezd\u0151lap\",\"item\":\"https:\/\/vasasbasket.hu\/\"},{\"@type\":\"ListItem\",\"position\":2,\"name\":\"3\/2 az U14\/A csapat h\u00e9tv\u00e9gi m\u00e9rlege\"}]},{\"@type\":\"WebSite\",\"@id\":\"https:\/\/vasasbasket.hu\/#website\",\"url\":\"https:\/\/vasasbasket.hu\/\",\"name\":\"Vasas n\u0151i kos\u00e1rlabda\",\"description\":\"Vasas Basket N\u0151i\",\"publisher\":{\"@id\":\"https:\/\/vasasbasket.hu\/#organization\"},\"potentialAction\":[{\"@type\":\"SearchAction\",\"target\":{\"@type\":\"EntryPoint\",\"urlTemplate\":\"https:\/\/vasasbasket.hu\/?s={search_term_string}\"},\"query-input\":{\"@type\":\"PropertyValueSpecification\",\"valueRequired\":true,\"valueName\":\"search_term_string\"}}],\"inLanguage\":\"hu\"},{\"@type\":\"Organization\",\"@id\":\"https:\/\/vasasbasket.hu\/#organization\",\"name\":\"Vasas n\u0151i kos\u00e1rlabda\",\"url\":\"https:\/\/vasasbasket.hu\/\",\"logo\":{\"@type\":\"ImageObject\",\"inLanguage\":\"hu\",\"@id\":\"https:\/\/vasasbasket.hu\/#\/schema\/logo\/image\/\",\"url\":\"https:\/\/vasasbasket.hu\/wp-content\/uploads\/2017\/03\/vasas_cimer_1200.jpg\",\"contentUrl\":\"https:\/\/vasasbasket.hu\/wp-content\/uploads\/2017\/03\/vasas_cimer_1200.jpg\",\"width\":1200,\"height\":1200,\"caption\":\"Vasas n\u0151i kos\u00e1rlabda\"},\"image\":{\"@id\":\"https:\/\/vasasbasket.hu\/#\/schema\/logo\/image\/\"},\"sameAs\":[\"https:\/\/www.facebook.com\/vasaswbasket\/\"]},{\"@type\":\"Person\",\"@id\":\"https:\/\/vasasbasket.hu\/#\/schema\/person\/f1085f4d2c6582d8d0f977e92de2edee\",\"name\":\"admin\",\"image\":{\"@type\":\"ImageObject\",\"inLanguage\":\"hu\",\"@id\":\"https:\/\/vasasbasket.hu\/#\/schema\/person\/image\/\",\"url\":\"https:\/\/secure.gravatar.com\/avatar\/645c92f7d9cfe02bd93ce2d1cfa11cd3a268bdfe65486552ff04b193cea07634?s=96&d=mm&r=g\",\"contentUrl\":\"https:\/\/secure.gravatar.com\/avatar\/645c92f7d9cfe02bd93ce2d1cfa11cd3a268bdfe65486552ff04b193cea07634?s=96&d=mm&r=g\",\"caption\":\"admin\"},\"url\":\"https:\/\/vasasbasket.hu\/index.php\/author\/admin\/\"}]}<\/script>\n<!-- \/ Yoast SEO plugin. -->","yoast_head_json":{"title":"3\/2 az U14\/A csapat h\u00e9tv\u00e9gi m\u00e9rlege - Vasas n\u0151i kos\u00e1rlabda","robots":{"index":"index","follow":"follow","max-snippet":"max-snippet:-1","max-image-preview":"max-image-preview:large","max-video-preview":"max-video-preview:-1"},"canonical":"https:\/\/vasasbasket.hu\/index.php\/3-2-az-u14-a-csapat-hetvegi-merlege\/","og_locale":"hu_HU","og_type":"article","og_title":"3\/2 az U14\/A csapat h\u00e9tv\u00e9gi m\u00e9rlege - Vasas n\u0151i kos\u00e1rlabda","og_description":"A h\u00e9tv\u00e9g\u00e9n hazai p\u00e1ly\u00e1n lej\u00e1tszottuk a serd\u00fcl\u0151 f\u0151t\u00e1bla m\u00e1sodik fordul\u00f3j\u00e1t. Egy csoportba ker\u00fclt\u00fcnk a BEAC-\u00dajbuda KA, a Bajai NKK, valamint a Debreceni KA csapataival. &#8222;Sajnos n\u00e9gy j\u00e1t\u00e9kosom is s\u00e9r\u00fcl\u00e9ssel bajl\u00f3dott eg\u00e9sz h\u00e9ten, \u00e9s csak cs\u00fct\u00f6rt\u00f6k\u00f6n tudtunk teljes l\u00e9tsz\u00e1mban edzeni. Ez meg is l\u00e1tszott a csapat teljes\u00edtm\u00e9ny\u00e9n, lassan \u00e9s k\u00f6r\u00fclm\u00e9nyesen j\u00e1tszottunk. Az els\u0151 negyed enerv\u00e1lt j\u00e1t\u00e9ka...","og_url":"https:\/\/vasasbasket.hu\/index.php\/3-2-az-u14-a-csapat-hetvegi-merlege\/","og_site_name":"Vasas n\u0151i kos\u00e1rlabda","article_publisher":"https:\/\/www.facebook.com\/vasaswbasket\/","article_published_time":"2019-04-18T13:08:43+00:00","og_image":[{"width":2000,"height":1333,"url":"https:\/\/vasasbasket.hu\/wp-content\/uploads\/2018\/09\/Vasas-Akad\u00e9mia-U14A.jpg","type":"image\/jpeg"}],"author":"admin","twitter_card":"summary_large_image","twitter_misc":{"Szerz\u0151:":"admin","Becs\u00fclt olvas\u00e1si id\u0151":"2 perc"},"schema":{"@context":"https:\/\/schema.org","@graph":[{"@type":"Article","@id":"https:\/\/vasasbasket.hu\/index.php\/3-2-az-u14-a-csapat-hetvegi-merlege\/#article","isPartOf":{"@id":"https:\/\/vasasbasket.hu\/index.php\/3-2-az-u14-a-csapat-hetvegi-merlege\/"},"author":{"name":"admin","@id":"https:\/\/vasasbasket.hu\/#\/schema\/person\/f1085f4d2c6582d8d0f977e92de2edee"},"headline":"3\/2 az U14\/A csapat h\u00e9tv\u00e9gi m\u00e9rlege","datePublished":"2019-04-18T13:08:43+00:00","mainEntityOfPage":{"@id":"https:\/\/vasasbasket.hu\/index.php\/3-2-az-u14-a-csapat-hetvegi-merlege\/"},"wordCount":488,"publisher":{"@id":"https:\/\/vasasbasket.hu\/#organization"},"image":{"@id":"https:\/\/vasasbasket.hu\/index.php\/3-2-az-u14-a-csapat-hetvegi-merlege\/#primaryimage"},"thumbnailUrl":"https:\/\/vasasbasket.hu\/wp-content\/uploads\/2018\/09\/Vasas-Akad\u00e9mia-U14A.jpg","articleSection":["Serd\u00fcl\u0151","\u00d6sszes H\u00edr"],"inLanguage":"hu"},{"@type":"WebPage","@id":"https:\/\/vasasbasket.hu\/index.php\/3-2-az-u14-a-csapat-hetvegi-merlege\/","url":"https:\/\/vasasbasket.hu\/index.php\/3-2-az-u14-a-csapat-hetvegi-merlege\/","name":"3\/2 az U14\/A csapat h\u00e9tv\u00e9gi m\u00e9rlege - Vasas n\u0151i kos\u00e1rlabda","isPartOf":{"@id":"https:\/\/vasasbasket.hu\/#website"},"primaryImageOfPage":{"@id":"https:\/\/vasasbasket.hu\/index.php\/3-2-az-u14-a-csapat-hetvegi-merlege\/#primaryimage"},"image":{"@id":"https:\/\/vasasbasket.hu\/index.php\/3-2-az-u14-a-csapat-hetvegi-merlege\/#primaryimage"},"thumbnailUrl":"https:\/\/vasasbasket.hu\/wp-content\/uploads\/2018\/09\/Vasas-Akad\u00e9mia-U14A.jpg","datePublished":"2019-04-18T13:08:43+00:00","breadcrumb":{"@id":"https:\/\/vasasbasket.hu\/index.php\/3-2-az-u14-a-csapat-hetvegi-merlege\/#breadcrumb"},"inLanguage":"hu","potentialAction":[{"@type":"ReadAction","target":["https:\/\/vasasbasket.hu\/index.php\/3-2-az-u14-a-csapat-hetvegi-merlege\/"]}]},{"@type":"ImageObject","inLanguage":"hu","@id":"https:\/\/vasasbasket.hu\/index.php\/3-2-az-u14-a-csapat-hetvegi-merlege\/#primaryimage","url":"https:\/\/vasasbasket.hu\/wp-content\/uploads\/2018\/09\/Vasas-Akad\u00e9mia-U14A.jpg","contentUrl":"https:\/\/vasasbasket.hu\/wp-content\/uploads\/2018\/09\/Vasas-Akad\u00e9mia-U14A.jpg","width":2000,"height":1333},{"@type":"BreadcrumbList","@id":"https:\/\/vasasbasket.hu\/index.php\/3-2-az-u14-a-csapat-hetvegi-merlege\/#breadcrumb","itemListElement":[{"@type":"ListItem","position":1,"name":"Kezd\u0151lap","item":"https:\/\/vasasbasket.hu\/"},{"@type":"ListItem","position":2,"name":"3\/2 az U14\/A csapat h\u00e9tv\u00e9gi m\u00e9rlege"}]},{"@type":"WebSite","@id":"https:\/\/vasasbasket.hu\/#website","url":"https:\/\/vasasbasket.hu\/","name":"Vasas n\u0151i kos\u00e1rlabda","description":"Vasas Basket N\u0151i","publisher":{"@id":"https:\/\/vasasbasket.hu\/#organization"},"potentialAction":[{"@type":"SearchAction","target":{"@type":"EntryPoint","urlTemplate":"https:\/\/vasasbasket.hu\/?s={search_term_string}"},"query-input":{"@type":"PropertyValueSpecification","valueRequired":true,"valueName":"search_term_string"}}],"inLanguage":"hu"},{"@type":"Organization","@id":"https:\/\/vasasbasket.hu\/#organization","name":"Vasas n\u0151i kos\u00e1rlabda","url":"https:\/\/vasasbasket.hu\/","logo":{"@type":"ImageObject","inLanguage":"hu","@id":"https:\/\/vasasbasket.hu\/#\/schema\/logo\/image\/","url":"https:\/\/vasasbasket.hu\/wp-content\/uploads\/2017\/03\/vasas_cimer_1200.jpg","contentUrl":"https:\/\/vasasbasket.hu\/wp-content\/uploads\/2017\/03\/vasas_cimer_1200.jpg","width":1200,"height":1200,"caption":"Vasas n\u0151i kos\u00e1rlabda"},"image":{"@id":"https:\/\/vasasbasket.hu\/#\/schema\/logo\/image\/"},"sameAs":["https:\/\/www.facebook.com\/vasaswbasket\/"]},{"@type":"Person","@id":"https:\/\/vasasbasket.hu\/#\/schema\/person\/f1085f4d2c6582d8d0f977e92de2edee","name":"admin","image":{"@type":"ImageObject","inLanguage":"hu","@id":"https:\/\/vasasbasket.hu\/#\/schema\/person\/image\/","url":"https:\/\/secure.gravatar.com\/avatar\/645c92f7d9cfe02bd93ce2d1cfa11cd3a268bdfe65486552ff04b193cea07634?s=96&d=mm&r=g","contentUrl":"https:\/\/secure.gravatar.com\/avatar\/645c92f7d9cfe02bd93ce2d1cfa11cd3a268bdfe65486552ff04b193cea07634?s=96&d=mm&r=g","caption":"admin"},"url":"https:\/\/vasasbasket.hu\/index.php\/author\/admin\/"}]}},"_links":{"self":[{"href":"https:\/\/vasasbasket.hu\/index.php\/wp-json\/wp\/v2\/posts\/5535","targetHints":{"allow":["GET"]}}],"collection":[{"href":"https:\/\/vasasbasket.hu\/index.php\/wp-json\/wp\/v2\/posts"}],"about":[{"href":"https:\/\/vasasbasket.hu\/index.php\/wp-json\/wp\/v2\/types\/post"}],"author":[{"embeddable":true,"href":"https:\/\/vasasbasket.hu\/index.php\/wp-json\/wp\/v2\/users\/1"}],"replies":[{"embeddable":true,"href":"https:\/\/vasasbasket.hu\/index.php\/wp-json\/wp\/v2\/comments?post=5535"}],"version-history":[{"count":1,"href":"https:\/\/vasasbasket.hu\/index.php\/wp-json\/wp\/v2\/posts\/5535\/revisions"}],"predecessor-version":[{"id":5536,"href":"https:\/\/vasasbasket.hu\/index.php\/wp-json\/wp\/v2\/posts\/5535\/revisions\/5536"}],"wp:featuredmedia":[{"embeddable":true,"href":"https:\/\/vasasbasket.hu\/index.php\/wp-json\/wp\/v2\/media\/4287"}],"wp:attachment":[{"href":"https:\/\/vasasbasket.hu\/index.php\/wp-json\/wp\/v2\/media?parent=5535"}],"wp:term":[{"taxonomy":"category","embeddable":true,"href":"https:\/\/vasasbasket.hu\/index.php\/wp-json\/wp\/v2\/categories?post=5535"},{"taxonomy":"post_tag","embeddable":true,"href":"https:\/\/vasasbasket.hu\/index.php\/wp-json\/wp\/v2\/tags?post=5535"}],"curies":[{"name":"wp","href":"https:\/\/api.w.org\/{rel}","templated":true}]}}